{"id":207292,"date":"2023-07-17T10:47:00","date_gmt":"2023-07-17T10:47:00","guid":{"rendered":"https:\/\/www.webdo.tn\/fr\/blog\/470c-attendus-dans-les-prochains-jours-a-tunis\/207292\/"},"modified":"2025-05-20T22:42:23","modified_gmt":"2025-05-20T22:42:23","slug":"470c-attendus-dans-les-prochains-jours-a-tunis","status":"publish","type":"post","link":"https:\/\/www.webdo.tn\/fr\/actualite\/national\/470c-attendus-dans-les-prochains-jours-a-tunis\/207292\/","title":{"rendered":"47\u00b0C attendus dans les prochains jours \u00e0 Tunis !"},"content":{"rendered":"<p>La Tunisie, y compris sa capitale Tunis, est durement touch\u00e9e par une vague de chaleur \u00e9touffante au cours de l&rsquo;\u00e9t\u00e9 de cette ann\u00e9e. La canicule intense a mis \u00e0 l&rsquo;\u00e9preuve les habitants, les infrastructures urbaines et les autorit\u00e9s locales.<\/p>\n<p>\t\t\t\t\t\t\t\t\t\u00a0<\/p>\n<p>Ces derniers jours les temp\u00e9ratures ont atteint des pics notamment \u00e0 Tunis, d\u00e9passant souvent les 45 degr\u00e9s. Cette chaleur extr\u00eame a eu des cons\u00e9quences n\u00e9fastes sur la sant\u00e9 des habitants, provoquant une augmentation des cas de d\u00e9shydratation et des coups de chaleur. De plus, la canicule a \u00e9galement impact\u00e9 l&rsquo;agriculture et les r\u00e9serves en eau.\u00a0<\/p>\n<p>Sauf que selon l\u2019institut national de la m\u00e9t\u00e9orologie le pire reste \u00e0 venir. En effet, Kaouthar Saafi responsable \u00e0 l\u2019INM explique \u00e0 cet effet que de nouveaux records sont attendus en Tunisie dans les jours \u00e0 venir et que le pays est coinc\u00e9 sous un d\u00f4me de chaleur.\u00a0<\/p>\n<p>En effet, pour lundi prochain, on s\u2019attend d\u2019ailleurs \u00e0 47\u00b0 \u00e0 la capitale Tunis, 48\u00b0 \u00e0 Kairouan, K\u00e9bili, Jendouba\u2026\u00a0<\/p>\n<p>La canicule sans pr\u00e9c\u00e9dent \u00e0 Tunis a mis en \u00e9vidence les d\u00e9fis imm\u00e9diats et \u00e0 long terme pos\u00e9s par le changement climatique. Les temp\u00e9ratures record ont montr\u00e9 l&rsquo;urgence d&rsquo;adopter des mesures d&rsquo;adaptation efficaces et de renforcer la r\u00e9silience des infrastructures urbaines et des populations vuln\u00e9rables.<\/p>\n","protected":false},"excerpt":{"rendered":"<p>La Tunisie, y compris sa capitale Tunis, est durement touch\u00e9e par une vague de chaleur \u00e9touffante au cours de l&rsquo;\u00e9t\u00e9 de cette ann\u00e9e. La canicule intense a mis \u00e0&#8230;<\/p>\n","protected":false},"author":3175,"featured_media":249751,"comment_status":"open","ping_status":"closed","sticky":false,"template":"","format":"standard","meta":{"footnotes":""},"categories":[44],"tags":[5930,3319,2608],"class_list":["post-207292","post","type-post","status-publish","format-standard","has-post-thumbnail","hentry","category-national","tag-canicule","tag-chaleur","tag-tunisie"],"yoast_head":"<!-- This site is optimized with the Yoast SEO Premium plugin v27.4 (Yoast SEO v27.5) - https:\/\/yoast.com\/product\/yoast-seo-premium-wordpress\/ -->\n<title>47\u00b0C attendus dans les prochains jours \u00e0 Tunis !<\/title>\n<meta name=\"description\" content=\"La Tunisie, y compris sa capitale Tunis, est durement touch\u00e9e par une vague de chaleur \u00e9touffante au cours de l&#039;\u00e9t\u00e9 de cette ann\u00e9e. La canicule intense a mis \u00e0...\" \/>\n<link rel=\"canonical\" href=\"https:\/\/www.webdo.tn\/fr\/actualite\/national\/470c-attendus-dans-les-prochains-jours-a-tunis\/207292\/\" \/>\n<meta property=\"og:locale\" content=\"fr_FR\" \/>\n<meta property=\"og:type\" content=\"article\" \/>\n<meta property=\"og:title\" content=\"47\u00b0C attendus dans les prochains jours \u00e0 Tunis !\" \/>\n<meta property=\"og:description\" content=\"La Tunisie, y compris sa capitale Tunis, est durement touch\u00e9e par une vague de chaleur \u00e9touffante au cours de l&#039;\u00e9t\u00e9 de cette ann\u00e9e. La canicule intense a mis \u00e0...\" \/>\n<meta property=\"og:url\" content=\"https:\/\/www.webdo.tn\/fr\/actualite\/national\/470c-attendus-dans-les-prochains-jours-a-tunis\/207292\/\" \/>\n<meta property=\"og:site_name\" content=\"webdo\" \/>\n<meta property=\"article:publisher\" content=\"https:\/\/www.facebook.com\/webdotn\" \/>\n<meta property=\"article:published_time\" content=\"2023-07-17T10:47:00+00:00\" \/>\n<meta property=\"article:modified_time\" content=\"2025-05-20T22:42:23+00:00\" \/>\n<meta property=\"og:image\" content=\"https:\/\/www.webdo.tn\/fr\/wp-content\/uploads\/2023\/07\/67bc3bc6eceb84790122434c49c02e77.jpg\" \/>\n\t<meta property=\"og:image:width\" content=\"750\" \/>\n\t<meta property=\"og:image:height\" content=\"400\" \/>\n\t<meta property=\"og:image:type\" content=\"image\/jpeg\" \/>\n<meta name=\"author\" content=\"CL\" \/>\n<meta name=\"twitter:card\" content=\"summary_large_image\" \/>\n<meta name=\"twitter:creator\" content=\"@webdo_tn\" \/>\n<meta name=\"twitter:site\" content=\"@webdo_tn\" \/>\n<meta name=\"twitter:label1\" content=\"\u00c9crit par\" \/>\n\t<meta name=\"twitter:data1\" content=\"CL\" \/>\n\t<meta name=\"twitter:label2\" content=\"Dur\u00e9e de lecture estim\u00e9e\" \/>\n\t<meta name=\"twitter:data2\" content=\"1 minute\" \/>\n<script type=\"application\/ld+json\" class=\"yoast-schema-graph\">{\"@context\":\"https:\\\/\\\/schema.org\",\"@graph\":[{\"@type\":\"NewsArticle\",\"@id\":\"https:\\\/\\\/www.webdo.tn\\\/fr\\\/actualite\\\/national\\\/470c-attendus-dans-les-prochains-jours-a-tunis\\\/207292\\\/#article\",\"isPartOf\":{\"@id\":\"https:\\\/\\\/www.webdo.tn\\\/fr\\\/actualite\\\/national\\\/470c-attendus-dans-les-prochains-jours-a-tunis\\\/207292\\\/\"},\"author\":{\"name\":\"CL\",\"@id\":\"https:\\\/\\\/www.webdo.tn\\\/fr\\\/#\\\/schema\\\/person\\\/f35b42a42c5e2511bbd282959d6385cc\"},\"headline\":\"47\u00b0C attendus dans les prochains jours \u00e0 Tunis !\",\"datePublished\":\"2023-07-17T10:47:00+00:00\",\"dateModified\":\"2025-05-20T22:42:23+00:00\",\"mainEntityOfPage\":{\"@id\":\"https:\\\/\\\/www.webdo.tn\\\/fr\\\/actualite\\\/national\\\/470c-attendus-dans-les-prochains-jours-a-tunis\\\/207292\\\/\"},\"wordCount\":232,\"commentCount\":0,\"publisher\":{\"@id\":\"https:\\\/\\\/www.webdo.tn\\\/fr\\\/#organization\"},\"image\":{\"@id\":\"https:\\\/\\\/www.webdo.tn\\\/fr\\\/actualite\\\/national\\\/470c-attendus-dans-les-prochains-jours-a-tunis\\\/207292\\\/#primaryimage\"},\"thumbnailUrl\":\"https:\\\/\\\/www.webdo.tn\\\/fr\\\/wp-content\\\/uploads\\\/2023\\\/07\\\/67bc3bc6eceb84790122434c49c02e77.jpg\",\"keywords\":[\"Canicule\",\"chaleur\",\"Tunisie\"],\"articleSection\":[\"National\"],\"inLanguage\":\"fr-FR\"},{\"@type\":\"WebPage\",\"@id\":\"https:\\\/\\\/www.webdo.tn\\\/fr\\\/actualite\\\/national\\\/470c-attendus-dans-les-prochains-jours-a-tunis\\\/207292\\\/\",\"url\":\"https:\\\/\\\/www.webdo.tn\\\/fr\\\/actualite\\\/national\\\/470c-attendus-dans-les-prochains-jours-a-tunis\\\/207292\\\/\",\"name\":\"47\u00b0C attendus dans les prochains jours \u00e0 Tunis !\",\"isPartOf\":{\"@id\":\"https:\\\/\\\/www.webdo.tn\\\/fr\\\/#website\"},\"primaryImageOfPage\":{\"@id\":\"https:\\\/\\\/www.webdo.tn\\\/fr\\\/actualite\\\/national\\\/470c-attendus-dans-les-prochains-jours-a-tunis\\\/207292\\\/#primaryimage\"},\"image\":{\"@id\":\"https:\\\/\\\/www.webdo.tn\\\/fr\\\/actualite\\\/national\\\/470c-attendus-dans-les-prochains-jours-a-tunis\\\/207292\\\/#primaryimage\"},\"thumbnailUrl\":\"https:\\\/\\\/www.webdo.tn\\\/fr\\\/wp-content\\\/uploads\\\/2023\\\/07\\\/67bc3bc6eceb84790122434c49c02e77.jpg\",\"datePublished\":\"2023-07-17T10:47:00+00:00\",\"dateModified\":\"2025-05-20T22:42:23+00:00\",\"description\":\"La Tunisie, y compris sa capitale Tunis, est durement touch\u00e9e par une vague de chaleur \u00e9touffante au cours de l'\u00e9t\u00e9 de cette ann\u00e9e. La canicule intense a mis \u00e0...\",\"breadcrumb\":{\"@id\":\"https:\\\/\\\/www.webdo.tn\\\/fr\\\/actualite\\\/national\\\/470c-attendus-dans-les-prochains-jours-a-tunis\\\/207292\\\/#breadcrumb\"},\"inLanguage\":\"fr-FR\",\"potentialAction\":[{\"@type\":\"ReadAction\",\"target\":[\"https:\\\/\\\/www.webdo.tn\\\/fr\\\/actualite\\\/national\\\/470c-attendus-dans-les-prochains-jours-a-tunis\\\/207292\\\/\"]}]},{\"@type\":\"ImageObject\",\"inLanguage\":\"fr-FR\",\"@id\":\"https:\\\/\\\/www.webdo.tn\\\/fr\\\/actualite\\\/national\\\/470c-attendus-dans-les-prochains-jours-a-tunis\\\/207292\\\/#primaryimage\",\"url\":\"https:\\\/\\\/www.webdo.tn\\\/fr\\\/wp-content\\\/uploads\\\/2023\\\/07\\\/67bc3bc6eceb84790122434c49c02e77.jpg\",\"contentUrl\":\"https:\\\/\\\/www.webdo.tn\\\/fr\\\/wp-content\\\/uploads\\\/2023\\\/07\\\/67bc3bc6eceb84790122434c49c02e77.jpg\",\"width\":750,\"height\":400,\"caption\":\"47\u00b0C attendus dans les prochains jours \u00e0 Tunis !\"},{\"@type\":\"BreadcrumbList\",\"@id\":\"https:\\\/\\\/www.webdo.tn\\\/fr\\\/actualite\\\/national\\\/470c-attendus-dans-les-prochains-jours-a-tunis\\\/207292\\\/#breadcrumb\",\"itemListElement\":[{\"@type\":\"ListItem\",\"position\":1,\"name\":\"Accueil\",\"item\":\"https:\\\/\\\/www.webdo.tn\\\/fr\\\/\"},{\"@type\":\"ListItem\",\"position\":2,\"name\":\"47\u00b0C attendus dans les prochains jours \u00e0 Tunis !\"}]},{\"@type\":\"WebSite\",\"@id\":\"https:\\\/\\\/www.webdo.tn\\\/fr\\\/#website\",\"url\":\"https:\\\/\\\/www.webdo.tn\\\/fr\\\/\",\"name\":\"webdo\",\"description\":\"Tunisie - News en Tunisie et \u00e0 l&#039;international sur Webdo.tn\",\"publisher\":{\"@id\":\"https:\\\/\\\/www.webdo.tn\\\/fr\\\/#organization\"},\"potentialAction\":[{\"@type\":\"SearchAction\",\"target\":{\"@type\":\"EntryPoint\",\"urlTemplate\":\"https:\\\/\\\/www.webdo.tn\\\/fr\\\/?s={search_term_string}\"},\"query-input\":{\"@type\":\"PropertyValueSpecification\",\"valueRequired\":true,\"valueName\":\"search_term_string\"}}],\"inLanguage\":\"fr-FR\"},{\"@type\":\"Organization\",\"@id\":\"https:\\\/\\\/www.webdo.tn\\\/fr\\\/#organization\",\"name\":\"Webdo\",\"alternateName\":\"Webdo.tn\",\"url\":\"https:\\\/\\\/www.webdo.tn\\\/fr\\\/\",\"logo\":{\"@type\":\"ImageObject\",\"inLanguage\":\"fr-FR\",\"@id\":\"https:\\\/\\\/www.webdo.tn\\\/fr\\\/#\\\/schema\\\/logo\\\/image\\\/\",\"url\":\"https:\\\/\\\/www.webdo.tn\\\/fr\\\/wp-content\\\/uploads\\\/2025\\\/06\\\/Webdo-Tunisie_168377.jpg\",\"contentUrl\":\"https:\\\/\\\/www.webdo.tn\\\/fr\\\/wp-content\\\/uploads\\\/2025\\\/06\\\/Webdo-Tunisie_168377.jpg\",\"width\":301,\"height\":301,\"caption\":\"Webdo\"},\"image\":{\"@id\":\"https:\\\/\\\/www.webdo.tn\\\/fr\\\/#\\\/schema\\\/logo\\\/image\\\/\"},\"sameAs\":[\"https:\\\/\\\/www.facebook.com\\\/webdotn\",\"https:\\\/\\\/x.com\\\/webdo_tn\"],\"description\":\"Webdo est un m\u00e9dia num\u00e9rique tunisien fond\u00e9 en 2010, sp\u00e9cialis\u00e9 dans l\u2019actualit\u00e9 nationale et internationale, l\u2019\u00e9conomie, la soci\u00e9t\u00e9 et les analyses politiques. Le site s\u2019adresse \u00e0 un large public francophone et couvre l\u2019information tunisienne en temps r\u00e9el.\",\"email\":\"redac@webdo.tn\",\"legalName\":\"YNJ SARL\",\"foundingDate\":\"2010-09-06\",\"numberOfEmployees\":{\"@type\":\"QuantitativeValue\",\"minValue\":\"11\",\"maxValue\":\"50\"}},{\"@type\":\"Person\",\"@id\":\"https:\\\/\\\/www.webdo.tn\\\/fr\\\/#\\\/schema\\\/person\\\/f35b42a42c5e2511bbd282959d6385cc\",\"name\":\"CL\",\"image\":{\"@type\":\"ImageObject\",\"inLanguage\":\"fr-FR\",\"@id\":\"https:\\\/\\\/secure.gravatar.com\\\/avatar\\\/1447a49909b67aa657c488aec6512e1dd6143a480c1ecfee9b5b5cd74eb3b59e?s=96&d=mm&r=g\",\"url\":\"https:\\\/\\\/secure.gravatar.com\\\/avatar\\\/1447a49909b67aa657c488aec6512e1dd6143a480c1ecfee9b5b5cd74eb3b59e?s=96&d=mm&r=g\",\"contentUrl\":\"https:\\\/\\\/secure.gravatar.com\\\/avatar\\\/1447a49909b67aa657c488aec6512e1dd6143a480c1ecfee9b5b5cd74eb3b59e?s=96&d=mm&r=g\",\"caption\":\"CL\"},\"url\":\"https:\\\/\\\/www.webdo.tn\\\/fr\\\/actualite\\\/author\\\/cl\\\/\"}]}<\/script>\n<!-- \/ Yoast SEO Premium plugin. -->","yoast_head_json":{"title":"47\u00b0C attendus dans les prochains jours \u00e0 Tunis !","description":"La Tunisie, y compris sa capitale Tunis, est durement touch\u00e9e par une vague de chaleur \u00e9touffante au cours de l'\u00e9t\u00e9 de cette ann\u00e9e. La canicule intense a mis \u00e0...","canonical":"https:\/\/www.webdo.tn\/fr\/actualite\/national\/470c-attendus-dans-les-prochains-jours-a-tunis\/207292\/","og_locale":"fr_FR","og_type":"article","og_title":"47\u00b0C attendus dans les prochains jours \u00e0 Tunis !","og_description":"La Tunisie, y compris sa capitale Tunis, est durement touch\u00e9e par une vague de chaleur \u00e9touffante au cours de l'\u00e9t\u00e9 de cette ann\u00e9e. La canicule intense a mis \u00e0...","og_url":"https:\/\/www.webdo.tn\/fr\/actualite\/national\/470c-attendus-dans-les-prochains-jours-a-tunis\/207292\/","og_site_name":"webdo","article_publisher":"https:\/\/www.facebook.com\/webdotn","article_published_time":"2023-07-17T10:47:00+00:00","article_modified_time":"2025-05-20T22:42:23+00:00","og_image":[{"width":750,"height":400,"url":"https:\/\/www.webdo.tn\/fr\/wp-content\/uploads\/2023\/07\/67bc3bc6eceb84790122434c49c02e77.jpg","type":"image\/jpeg"}],"author":"CL","twitter_card":"summary_large_image","twitter_creator":"@webdo_tn","twitter_site":"@webdo_tn","twitter_misc":{"\u00c9crit par":"CL","Dur\u00e9e de lecture estim\u00e9e":"1 minute"},"schema":{"@context":"https:\/\/schema.org","@graph":[{"@type":"NewsArticle","@id":"https:\/\/www.webdo.tn\/fr\/actualite\/national\/470c-attendus-dans-les-prochains-jours-a-tunis\/207292\/#article","isPartOf":{"@id":"https:\/\/www.webdo.tn\/fr\/actualite\/national\/470c-attendus-dans-les-prochains-jours-a-tunis\/207292\/"},"author":{"name":"CL","@id":"https:\/\/www.webdo.tn\/fr\/#\/schema\/person\/f35b42a42c5e2511bbd282959d6385cc"},"headline":"47\u00b0C attendus dans les prochains jours \u00e0 Tunis !","datePublished":"2023-07-17T10:47:00+00:00","dateModified":"2025-05-20T22:42:23+00:00","mainEntityOfPage":{"@id":"https:\/\/www.webdo.tn\/fr\/actualite\/national\/470c-attendus-dans-les-prochains-jours-a-tunis\/207292\/"},"wordCount":232,"commentCount":0,"publisher":{"@id":"https:\/\/www.webdo.tn\/fr\/#organization"},"image":{"@id":"https:\/\/www.webdo.tn\/fr\/actualite\/national\/470c-attendus-dans-les-prochains-jours-a-tunis\/207292\/#primaryimage"},"thumbnailUrl":"https:\/\/www.webdo.tn\/fr\/wp-content\/uploads\/2023\/07\/67bc3bc6eceb84790122434c49c02e77.jpg","keywords":["Canicule","chaleur","Tunisie"],"articleSection":["National"],"inLanguage":"fr-FR"},{"@type":"WebPage","@id":"https:\/\/www.webdo.tn\/fr\/actualite\/national\/470c-attendus-dans-les-prochains-jours-a-tunis\/207292\/","url":"https:\/\/www.webdo.tn\/fr\/actualite\/national\/470c-attendus-dans-les-prochains-jours-a-tunis\/207292\/","name":"47\u00b0C attendus dans les prochains jours \u00e0 Tunis !","isPartOf":{"@id":"https:\/\/www.webdo.tn\/fr\/#website"},"primaryImageOfPage":{"@id":"https:\/\/www.webdo.tn\/fr\/actualite\/national\/470c-attendus-dans-les-prochains-jours-a-tunis\/207292\/#primaryimage"},"image":{"@id":"https:\/\/www.webdo.tn\/fr\/actualite\/national\/470c-attendus-dans-les-prochains-jours-a-tunis\/207292\/#primaryimage"},"thumbnailUrl":"https:\/\/www.webdo.tn\/fr\/wp-content\/uploads\/2023\/07\/67bc3bc6eceb84790122434c49c02e77.jpg","datePublished":"2023-07-17T10:47:00+00:00","dateModified":"2025-05-20T22:42:23+00:00","description":"La Tunisie, y compris sa capitale Tunis, est durement touch\u00e9e par une vague de chaleur \u00e9touffante au cours de l'\u00e9t\u00e9 de cette ann\u00e9e. La canicule intense a mis \u00e0...","breadcrumb":{"@id":"https:\/\/www.webdo.tn\/fr\/actualite\/national\/470c-attendus-dans-les-prochains-jours-a-tunis\/207292\/#breadcrumb"},"inLanguage":"fr-FR","potentialAction":[{"@type":"ReadAction","target":["https:\/\/www.webdo.tn\/fr\/actualite\/national\/470c-attendus-dans-les-prochains-jours-a-tunis\/207292\/"]}]},{"@type":"ImageObject","inLanguage":"fr-FR","@id":"https:\/\/www.webdo.tn\/fr\/actualite\/national\/470c-attendus-dans-les-prochains-jours-a-tunis\/207292\/#primaryimage","url":"https:\/\/www.webdo.tn\/fr\/wp-content\/uploads\/2023\/07\/67bc3bc6eceb84790122434c49c02e77.jpg","contentUrl":"https:\/\/www.webdo.tn\/fr\/wp-content\/uploads\/2023\/07\/67bc3bc6eceb84790122434c49c02e77.jpg","width":750,"height":400,"caption":"47\u00b0C attendus dans les prochains jours \u00e0 Tunis !"},{"@type":"BreadcrumbList","@id":"https:\/\/www.webdo.tn\/fr\/actualite\/national\/470c-attendus-dans-les-prochains-jours-a-tunis\/207292\/#breadcrumb","itemListElement":[{"@type":"ListItem","position":1,"name":"Accueil","item":"https:\/\/www.webdo.tn\/fr\/"},{"@type":"ListItem","position":2,"name":"47\u00b0C attendus dans les prochains jours \u00e0 Tunis !"}]},{"@type":"WebSite","@id":"https:\/\/www.webdo.tn\/fr\/#website","url":"https:\/\/www.webdo.tn\/fr\/","name":"webdo","description":"Tunisie - News en Tunisie et \u00e0 l&#039;international sur Webdo.tn","publisher":{"@id":"https:\/\/www.webdo.tn\/fr\/#organization"},"potentialAction":[{"@type":"SearchAction","target":{"@type":"EntryPoint","urlTemplate":"https:\/\/www.webdo.tn\/fr\/?s={search_term_string}"},"query-input":{"@type":"PropertyValueSpecification","valueRequired":true,"valueName":"search_term_string"}}],"inLanguage":"fr-FR"},{"@type":"Organization","@id":"https:\/\/www.webdo.tn\/fr\/#organization","name":"Webdo","alternateName":"Webdo.tn","url":"https:\/\/www.webdo.tn\/fr\/","logo":{"@type":"ImageObject","inLanguage":"fr-FR","@id":"https:\/\/www.webdo.tn\/fr\/#\/schema\/logo\/image\/","url":"https:\/\/www.webdo.tn\/fr\/wp-content\/uploads\/2025\/06\/Webdo-Tunisie_168377.jpg","contentUrl":"https:\/\/www.webdo.tn\/fr\/wp-content\/uploads\/2025\/06\/Webdo-Tunisie_168377.jpg","width":301,"height":301,"caption":"Webdo"},"image":{"@id":"https:\/\/www.webdo.tn\/fr\/#\/schema\/logo\/image\/"},"sameAs":["https:\/\/www.facebook.com\/webdotn","https:\/\/x.com\/webdo_tn"],"description":"Webdo est un m\u00e9dia num\u00e9rique tunisien fond\u00e9 en 2010, sp\u00e9cialis\u00e9 dans l\u2019actualit\u00e9 nationale et internationale, l\u2019\u00e9conomie, la soci\u00e9t\u00e9 et les analyses politiques. Le site s\u2019adresse \u00e0 un large public francophone et couvre l\u2019information tunisienne en temps r\u00e9el.","email":"redac@webdo.tn","legalName":"YNJ SARL","foundingDate":"2010-09-06","numberOfEmployees":{"@type":"QuantitativeValue","minValue":"11","maxValue":"50"}},{"@type":"Person","@id":"https:\/\/www.webdo.tn\/fr\/#\/schema\/person\/f35b42a42c5e2511bbd282959d6385cc","name":"CL","image":{"@type":"ImageObject","inLanguage":"fr-FR","@id":"https:\/\/secure.gravatar.com\/avatar\/1447a49909b67aa657c488aec6512e1dd6143a480c1ecfee9b5b5cd74eb3b59e?s=96&d=mm&r=g","url":"https:\/\/secure.gravatar.com\/avatar\/1447a49909b67aa657c488aec6512e1dd6143a480c1ecfee9b5b5cd74eb3b59e?s=96&d=mm&r=g","contentUrl":"https:\/\/secure.gravatar.com\/avatar\/1447a49909b67aa657c488aec6512e1dd6143a480c1ecfee9b5b5cd74eb3b59e?s=96&d=mm&r=g","caption":"CL"},"url":"https:\/\/www.webdo.tn\/fr\/actualite\/author\/cl\/"}]}},"_links":{"self":[{"href":"https:\/\/www.webdo.tn\/fr\/wp-json\/wp\/v2\/posts\/207292","targetHints":{"allow":["GET"]}}],"collection":[{"href":"https:\/\/www.webdo.tn\/fr\/wp-json\/wp\/v2\/posts"}],"about":[{"href":"https:\/\/www.webdo.tn\/fr\/wp-json\/wp\/v2\/types\/post"}],"author":[{"embeddable":true,"href":"https:\/\/www.webdo.tn\/fr\/wp-json\/wp\/v2\/users\/3175"}],"replies":[{"embeddable":true,"href":"https:\/\/www.webdo.tn\/fr\/wp-json\/wp\/v2\/comments?post=207292"}],"version-history":[{"count":0,"href":"https:\/\/www.webdo.tn\/fr\/wp-json\/wp\/v2\/posts\/207292\/revisions"}],"wp:featuredmedia":[{"embeddable":true,"href":"https:\/\/www.webdo.tn\/fr\/wp-json\/wp\/v2\/media\/249751"}],"wp:attachment":[{"href":"https:\/\/www.webdo.tn\/fr\/wp-json\/wp\/v2\/media?parent=207292"}],"wp:term":[{"taxonomy":"category","embeddable":true,"href":"https:\/\/www.webdo.tn\/fr\/wp-json\/wp\/v2\/categories?post=207292"},{"taxonomy":"post_tag","embeddable":true,"href":"https:\/\/www.webdo.tn\/fr\/wp-json\/wp\/v2\/tags?post=207292"}],"curies":[{"name":"wp","href":"https:\/\/api.w.org\/{rel}","templated":true}]}}