{"id":207286,"date":"2023-07-17T07:37:00","date_gmt":"2023-07-17T07:37:00","guid":{"rendered":"https:\/\/www.webdo.tn\/fr\/blog\/migration-meloni-confirme-la-participation-de-saied-a-la-reunion-de-rome\/207286\/"},"modified":"2025-05-20T22:42:22","modified_gmt":"2025-05-20T22:42:22","slug":"migration-meloni-confirme-la-participation-de-saied-a-la-reunion-de-rome","status":"publish","type":"post","link":"https:\/\/www.webdo.tn\/fr\/actualite\/national\/migration-meloni-confirme-la-participation-de-saied-a-la-reunion-de-rome\/207286\/","title":{"rendered":"Migration : Meloni confirme la participation de Saied \u00e0 la r\u00e9union de Rome"},"content":{"rendered":"<p>La pr\u00e9sidente du Conseil italien, Giorgia Meloni a qualifi\u00e9, dimanche, le m\u00e9morandum d&rsquo;entente sur le partenariat strat\u00e9gique et global entre la Tunisie et l&rsquo;Union europ\u00e9enne (UE), sign\u00e9 au Palais de Carthage, d&rsquo;\u00e9tape importante vers la mise en place d&rsquo;un partenariat effectif entre la Tunisie et l&rsquo;UE pour faire face de mani\u00e8re globale et int\u00e9gr\u00e9e \u00e0 la crise migratoire en M\u00e9diterran\u00e9en \u00ab\u00a0.<\/p>\n<p>\t\t\t\t\t\t\t\t\t\u00a0\u00bb Ce m\u00e9morandum est l&rsquo;aboutissement d&rsquo;un grand travail diplomatique \u00ab\u00a0, a-t-elle pr\u00e9cis\u00e9. Meloni a soulign\u00e9 la n\u00e9cessit\u00e9 de poursuivre le travail pour favoriser la mise en \u0153uvre des piliers du m\u00e9morandum convenus dans le cadre de la d\u00e9claration commune conclue, en juin 2023, en Tunisie.<\/p>\n<p>La responsable italienne a exprim\u00e9 la disposition de son pays \u00e0 \u00a0\u00bb apporter un gros de soutien pour mettre en oeuvre le m\u00e9morandum \u00ab\u00a0.<\/p>\n<p>Elle a salu\u00e9 par ailleurs les efforts diplomatiques de son pays, de la Commission europ\u00e9enne et de la Tunisie pour sceller ce partenariat.<\/p>\n<p>Meloni a fait savoir que l&rsquo;Italie accueillera, dimanche prochain, une r\u00e9union sur la migration et le d\u00e9veloppement avec la participation du pr\u00e9sident de la R\u00e9publique, Ka\u00efs Sa\u00efed et plusieurs pr\u00e9sidents et chefs de gouvernements de pays africains.<\/p>\n","protected":false},"excerpt":{"rendered":"<p>La pr\u00e9sidente du Conseil italien, Giorgia Meloni a qualifi\u00e9, dimanche, le m\u00e9morandum d&rsquo;entente sur le partenariat strat\u00e9gique et global entre la Tunisie et l&rsquo;Un&#8230;<\/p>\n","protected":false},"author":3175,"featured_media":249749,"comment_status":"open","ping_status":"closed","sticky":false,"template":"","format":"standard","meta":{"footnotes":""},"categories":[44],"tags":[6672,2606,2608],"class_list":["post-207286","post","type-post","status-publish","format-standard","has-post-thumbnail","hentry","category-national","tag-meloni","tag-rome","tag-tunisie"],"yoast_head":"<!-- This site is optimized with the Yoast SEO Premium plugin v27.5 (Yoast SEO v27.5) - https:\/\/yoast.com\/product\/yoast-seo-premium-wordpress\/ -->\n<title>Migration : Meloni confirme la participation de Saied \u00e0 la r\u00e9union de Rome<\/title>\n<meta name=\"description\" content=\"La pr\u00e9sidente du Conseil italien, Giorgia Meloni a qualifi\u00e9, dimanche, le m\u00e9morandum d&#039;entente sur le partenariat strat\u00e9gique et global entre la Tunisie et l&#039;Un...\" \/>\n<link rel=\"canonical\" href=\"https:\/\/www.webdo.tn\/fr\/actualite\/national\/migration-meloni-confirme-la-participation-de-saied-a-la-reunion-de-rome\/207286\/\" \/>\n<meta property=\"og:locale\" content=\"fr_FR\" \/>\n<meta property=\"og:type\" content=\"article\" \/>\n<meta property=\"og:title\" content=\"Migration : Meloni confirme la participation de Saied \u00e0 la r\u00e9union de Rome\" \/>\n<meta property=\"og:description\" content=\"La pr\u00e9sidente du Conseil italien, Giorgia Meloni a qualifi\u00e9, dimanche, le m\u00e9morandum d&#039;entente sur le partenariat strat\u00e9gique et global entre la Tunisie et l&#039;Un...\" \/>\n<meta property=\"og:url\" content=\"https:\/\/www.webdo.tn\/fr\/actualite\/national\/migration-meloni-confirme-la-participation-de-saied-a-la-reunion-de-rome\/207286\/\" \/>\n<meta property=\"og:site_name\" content=\"webdo\" \/>\n<meta property=\"article:publisher\" content=\"https:\/\/www.facebook.com\/webdotn\" \/>\n<meta property=\"article:published_time\" content=\"2023-07-17T07:37:00+00:00\" \/>\n<meta property=\"article:modified_time\" content=\"2025-05-20T22:42:22+00:00\" \/>\n<meta property=\"og:image\" content=\"https:\/\/www.webdo.tn\/fr\/wp-content\/uploads\/2023\/07\/96aa8935524e3c20583f749b4019dac0.jpg\" \/>\n\t<meta property=\"og:image:width\" content=\"750\" \/>\n\t<meta property=\"og:image:height\" content=\"400\" \/>\n\t<meta property=\"og:image:type\" content=\"image\/jpeg\" \/>\n<meta name=\"author\" content=\"CL\" \/>\n<meta name=\"twitter:card\" content=\"summary_large_image\" \/>\n<meta name=\"twitter:creator\" content=\"@webdo_tn\" \/>\n<meta name=\"twitter:site\" content=\"@webdo_tn\" \/>\n<meta name=\"twitter:label1\" content=\"\u00c9crit par\" \/>\n\t<meta name=\"twitter:data1\" content=\"CL\" \/>\n\t<meta name=\"twitter:label2\" content=\"Dur\u00e9e de lecture estim\u00e9e\" \/>\n\t<meta name=\"twitter:data2\" content=\"1 minute\" \/>\n<script type=\"application\/ld+json\" class=\"yoast-schema-graph\">{\"@context\":\"https:\\\/\\\/schema.org\",\"@graph\":[{\"@type\":\"NewsArticle\",\"@id\":\"https:\\\/\\\/www.webdo.tn\\\/fr\\\/actualite\\\/national\\\/migration-meloni-confirme-la-participation-de-saied-a-la-reunion-de-rome\\\/207286\\\/#article\",\"isPartOf\":{\"@id\":\"https:\\\/\\\/www.webdo.tn\\\/fr\\\/actualite\\\/national\\\/migration-meloni-confirme-la-participation-de-saied-a-la-reunion-de-rome\\\/207286\\\/\"},\"author\":{\"name\":\"CL\",\"@id\":\"https:\\\/\\\/www.webdo.tn\\\/fr\\\/#\\\/schema\\\/person\\\/f35b42a42c5e2511bbd282959d6385cc\"},\"headline\":\"Migration : Meloni confirme la participation de Saied \u00e0 la r\u00e9union de Rome\",\"datePublished\":\"2023-07-17T07:37:00+00:00\",\"dateModified\":\"2025-05-20T22:42:22+00:00\",\"mainEntityOfPage\":{\"@id\":\"https:\\\/\\\/www.webdo.tn\\\/fr\\\/actualite\\\/national\\\/migration-meloni-confirme-la-participation-de-saied-a-la-reunion-de-rome\\\/207286\\\/\"},\"wordCount\":225,\"commentCount\":0,\"publisher\":{\"@id\":\"https:\\\/\\\/www.webdo.tn\\\/fr\\\/#organization\"},\"image\":{\"@id\":\"https:\\\/\\\/www.webdo.tn\\\/fr\\\/actualite\\\/national\\\/migration-meloni-confirme-la-participation-de-saied-a-la-reunion-de-rome\\\/207286\\\/#primaryimage\"},\"thumbnailUrl\":\"https:\\\/\\\/www.webdo.tn\\\/fr\\\/wp-content\\\/uploads\\\/2023\\\/07\\\/96aa8935524e3c20583f749b4019dac0.jpg\",\"keywords\":[\"Meloni\",\"rome\",\"Tunisie\"],\"articleSection\":[\"National\"],\"inLanguage\":\"fr-FR\"},{\"@type\":\"WebPage\",\"@id\":\"https:\\\/\\\/www.webdo.tn\\\/fr\\\/actualite\\\/national\\\/migration-meloni-confirme-la-participation-de-saied-a-la-reunion-de-rome\\\/207286\\\/\",\"url\":\"https:\\\/\\\/www.webdo.tn\\\/fr\\\/actualite\\\/national\\\/migration-meloni-confirme-la-participation-de-saied-a-la-reunion-de-rome\\\/207286\\\/\",\"name\":\"Migration : Meloni confirme la participation de Saied \u00e0 la r\u00e9union de Rome\",\"isPartOf\":{\"@id\":\"https:\\\/\\\/www.webdo.tn\\\/fr\\\/#website\"},\"primaryImageOfPage\":{\"@id\":\"https:\\\/\\\/www.webdo.tn\\\/fr\\\/actualite\\\/national\\\/migration-meloni-confirme-la-participation-de-saied-a-la-reunion-de-rome\\\/207286\\\/#primaryimage\"},\"image\":{\"@id\":\"https:\\\/\\\/www.webdo.tn\\\/fr\\\/actualite\\\/national\\\/migration-meloni-confirme-la-participation-de-saied-a-la-reunion-de-rome\\\/207286\\\/#primaryimage\"},\"thumbnailUrl\":\"https:\\\/\\\/www.webdo.tn\\\/fr\\\/wp-content\\\/uploads\\\/2023\\\/07\\\/96aa8935524e3c20583f749b4019dac0.jpg\",\"datePublished\":\"2023-07-17T07:37:00+00:00\",\"dateModified\":\"2025-05-20T22:42:22+00:00\",\"description\":\"La pr\u00e9sidente du Conseil italien, Giorgia Meloni a qualifi\u00e9, dimanche, le m\u00e9morandum d'entente sur le partenariat strat\u00e9gique et global entre la Tunisie et l'Un...\",\"breadcrumb\":{\"@id\":\"https:\\\/\\\/www.webdo.tn\\\/fr\\\/actualite\\\/national\\\/migration-meloni-confirme-la-participation-de-saied-a-la-reunion-de-rome\\\/207286\\\/#breadcrumb\"},\"inLanguage\":\"fr-FR\",\"potentialAction\":[{\"@type\":\"ReadAction\",\"target\":[\"https:\\\/\\\/www.webdo.tn\\\/fr\\\/actualite\\\/national\\\/migration-meloni-confirme-la-participation-de-saied-a-la-reunion-de-rome\\\/207286\\\/\"]}]},{\"@type\":\"ImageObject\",\"inLanguage\":\"fr-FR\",\"@id\":\"https:\\\/\\\/www.webdo.tn\\\/fr\\\/actualite\\\/national\\\/migration-meloni-confirme-la-participation-de-saied-a-la-reunion-de-rome\\\/207286\\\/#primaryimage\",\"url\":\"https:\\\/\\\/www.webdo.tn\\\/fr\\\/wp-content\\\/uploads\\\/2023\\\/07\\\/96aa8935524e3c20583f749b4019dac0.jpg\",\"contentUrl\":\"https:\\\/\\\/www.webdo.tn\\\/fr\\\/wp-content\\\/uploads\\\/2023\\\/07\\\/96aa8935524e3c20583f749b4019dac0.jpg\",\"width\":750,\"height\":400,\"caption\":\"Migration : Meloni confirme la participation de Saied \u00e0 la r\u00e9union de Rome\"},{\"@type\":\"BreadcrumbList\",\"@id\":\"https:\\\/\\\/www.webdo.tn\\\/fr\\\/actualite\\\/national\\\/migration-meloni-confirme-la-participation-de-saied-a-la-reunion-de-rome\\\/207286\\\/#breadcrumb\",\"itemListElement\":[{\"@type\":\"ListItem\",\"position\":1,\"name\":\"Accueil\",\"item\":\"https:\\\/\\\/www.webdo.tn\\\/fr\\\/\"},{\"@type\":\"ListItem\",\"position\":2,\"name\":\"Migration : Meloni confirme la participation de Saied \u00e0 la r\u00e9union de Rome\"}]},{\"@type\":\"WebSite\",\"@id\":\"https:\\\/\\\/www.webdo.tn\\\/fr\\\/#website\",\"url\":\"https:\\\/\\\/www.webdo.tn\\\/fr\\\/\",\"name\":\"webdo\",\"description\":\"Tunisie - News en Tunisie et \u00e0 l&#039;international sur Webdo.tn\",\"publisher\":{\"@id\":\"https:\\\/\\\/www.webdo.tn\\\/fr\\\/#organization\"},\"potentialAction\":[{\"@type\":\"SearchAction\",\"target\":{\"@type\":\"EntryPoint\",\"urlTemplate\":\"https:\\\/\\\/www.webdo.tn\\\/fr\\\/?s={search_term_string}\"},\"query-input\":{\"@type\":\"PropertyValueSpecification\",\"valueRequired\":true,\"valueName\":\"search_term_string\"}}],\"inLanguage\":\"fr-FR\"},{\"@type\":\"Organization\",\"@id\":\"https:\\\/\\\/www.webdo.tn\\\/fr\\\/#organization\",\"name\":\"Webdo\",\"alternateName\":\"Webdo.tn\",\"url\":\"https:\\\/\\\/www.webdo.tn\\\/fr\\\/\",\"logo\":{\"@type\":\"ImageObject\",\"inLanguage\":\"fr-FR\",\"@id\":\"https:\\\/\\\/www.webdo.tn\\\/fr\\\/#\\\/schema\\\/logo\\\/image\\\/\",\"url\":\"https:\\\/\\\/www.webdo.tn\\\/fr\\\/wp-content\\\/uploads\\\/2025\\\/06\\\/Webdo-Tunisie_168377.jpg\",\"contentUrl\":\"https:\\\/\\\/www.webdo.tn\\\/fr\\\/wp-content\\\/uploads\\\/2025\\\/06\\\/Webdo-Tunisie_168377.jpg\",\"width\":301,\"height\":301,\"caption\":\"Webdo\"},\"image\":{\"@id\":\"https:\\\/\\\/www.webdo.tn\\\/fr\\\/#\\\/schema\\\/logo\\\/image\\\/\"},\"sameAs\":[\"https:\\\/\\\/www.facebook.com\\\/webdotn\",\"https:\\\/\\\/x.com\\\/webdo_tn\"],\"description\":\"Webdo est un m\u00e9dia num\u00e9rique tunisien fond\u00e9 en 2010, sp\u00e9cialis\u00e9 dans l\u2019actualit\u00e9 nationale et internationale, l\u2019\u00e9conomie, la soci\u00e9t\u00e9 et les analyses politiques. Le site s\u2019adresse \u00e0 un large public francophone et couvre l\u2019information tunisienne en temps r\u00e9el.\",\"email\":\"redac@webdo.tn\",\"legalName\":\"YNJ SARL\",\"foundingDate\":\"2010-09-06\",\"numberOfEmployees\":{\"@type\":\"QuantitativeValue\",\"minValue\":\"11\",\"maxValue\":\"50\"}},{\"@type\":\"Person\",\"@id\":\"https:\\\/\\\/www.webdo.tn\\\/fr\\\/#\\\/schema\\\/person\\\/f35b42a42c5e2511bbd282959d6385cc\",\"name\":\"CL\",\"image\":{\"@type\":\"ImageObject\",\"inLanguage\":\"fr-FR\",\"@id\":\"https:\\\/\\\/secure.gravatar.com\\\/avatar\\\/1447a49909b67aa657c488aec6512e1dd6143a480c1ecfee9b5b5cd74eb3b59e?s=96&d=mm&r=g\",\"url\":\"https:\\\/\\\/secure.gravatar.com\\\/avatar\\\/1447a49909b67aa657c488aec6512e1dd6143a480c1ecfee9b5b5cd74eb3b59e?s=96&d=mm&r=g\",\"contentUrl\":\"https:\\\/\\\/secure.gravatar.com\\\/avatar\\\/1447a49909b67aa657c488aec6512e1dd6143a480c1ecfee9b5b5cd74eb3b59e?s=96&d=mm&r=g\",\"caption\":\"CL\"},\"url\":\"https:\\\/\\\/www.webdo.tn\\\/fr\\\/actualite\\\/author\\\/cl\\\/\"}]}<\/script>\n<!-- \/ Yoast SEO Premium plugin. -->","yoast_head_json":{"title":"Migration : Meloni confirme la participation de Saied \u00e0 la r\u00e9union de Rome","description":"La pr\u00e9sidente du Conseil italien, Giorgia Meloni a qualifi\u00e9, dimanche, le m\u00e9morandum d'entente sur le partenariat strat\u00e9gique et global entre la Tunisie et l'Un...","canonical":"https:\/\/www.webdo.tn\/fr\/actualite\/national\/migration-meloni-confirme-la-participation-de-saied-a-la-reunion-de-rome\/207286\/","og_locale":"fr_FR","og_type":"article","og_title":"Migration : Meloni confirme la participation de Saied \u00e0 la r\u00e9union de Rome","og_description":"La pr\u00e9sidente du Conseil italien, Giorgia Meloni a qualifi\u00e9, dimanche, le m\u00e9morandum d'entente sur le partenariat strat\u00e9gique et global entre la Tunisie et l'Un...","og_url":"https:\/\/www.webdo.tn\/fr\/actualite\/national\/migration-meloni-confirme-la-participation-de-saied-a-la-reunion-de-rome\/207286\/","og_site_name":"webdo","article_publisher":"https:\/\/www.facebook.com\/webdotn","article_published_time":"2023-07-17T07:37:00+00:00","article_modified_time":"2025-05-20T22:42:22+00:00","og_image":[{"width":750,"height":400,"url":"https:\/\/www.webdo.tn\/fr\/wp-content\/uploads\/2023\/07\/96aa8935524e3c20583f749b4019dac0.jpg","type":"image\/jpeg"}],"author":"CL","twitter_card":"summary_large_image","twitter_creator":"@webdo_tn","twitter_site":"@webdo_tn","twitter_misc":{"\u00c9crit par":"CL","Dur\u00e9e de lecture estim\u00e9e":"1 minute"},"schema":{"@context":"https:\/\/schema.org","@graph":[{"@type":"NewsArticle","@id":"https:\/\/www.webdo.tn\/fr\/actualite\/national\/migration-meloni-confirme-la-participation-de-saied-a-la-reunion-de-rome\/207286\/#article","isPartOf":{"@id":"https:\/\/www.webdo.tn\/fr\/actualite\/national\/migration-meloni-confirme-la-participation-de-saied-a-la-reunion-de-rome\/207286\/"},"author":{"name":"CL","@id":"https:\/\/www.webdo.tn\/fr\/#\/schema\/person\/f35b42a42c5e2511bbd282959d6385cc"},"headline":"Migration : Meloni confirme la participation de Saied \u00e0 la r\u00e9union de Rome","datePublished":"2023-07-17T07:37:00+00:00","dateModified":"2025-05-20T22:42:22+00:00","mainEntityOfPage":{"@id":"https:\/\/www.webdo.tn\/fr\/actualite\/national\/migration-meloni-confirme-la-participation-de-saied-a-la-reunion-de-rome\/207286\/"},"wordCount":225,"commentCount":0,"publisher":{"@id":"https:\/\/www.webdo.tn\/fr\/#organization"},"image":{"@id":"https:\/\/www.webdo.tn\/fr\/actualite\/national\/migration-meloni-confirme-la-participation-de-saied-a-la-reunion-de-rome\/207286\/#primaryimage"},"thumbnailUrl":"https:\/\/www.webdo.tn\/fr\/wp-content\/uploads\/2023\/07\/96aa8935524e3c20583f749b4019dac0.jpg","keywords":["Meloni","rome","Tunisie"],"articleSection":["National"],"inLanguage":"fr-FR"},{"@type":"WebPage","@id":"https:\/\/www.webdo.tn\/fr\/actualite\/national\/migration-meloni-confirme-la-participation-de-saied-a-la-reunion-de-rome\/207286\/","url":"https:\/\/www.webdo.tn\/fr\/actualite\/national\/migration-meloni-confirme-la-participation-de-saied-a-la-reunion-de-rome\/207286\/","name":"Migration : Meloni confirme la participation de Saied \u00e0 la r\u00e9union de Rome","isPartOf":{"@id":"https:\/\/www.webdo.tn\/fr\/#website"},"primaryImageOfPage":{"@id":"https:\/\/www.webdo.tn\/fr\/actualite\/national\/migration-meloni-confirme-la-participation-de-saied-a-la-reunion-de-rome\/207286\/#primaryimage"},"image":{"@id":"https:\/\/www.webdo.tn\/fr\/actualite\/national\/migration-meloni-confirme-la-participation-de-saied-a-la-reunion-de-rome\/207286\/#primaryimage"},"thumbnailUrl":"https:\/\/www.webdo.tn\/fr\/wp-content\/uploads\/2023\/07\/96aa8935524e3c20583f749b4019dac0.jpg","datePublished":"2023-07-17T07:37:00+00:00","dateModified":"2025-05-20T22:42:22+00:00","description":"La pr\u00e9sidente du Conseil italien, Giorgia Meloni a qualifi\u00e9, dimanche, le m\u00e9morandum d'entente sur le partenariat strat\u00e9gique et global entre la Tunisie et l'Un...","breadcrumb":{"@id":"https:\/\/www.webdo.tn\/fr\/actualite\/national\/migration-meloni-confirme-la-participation-de-saied-a-la-reunion-de-rome\/207286\/#breadcrumb"},"inLanguage":"fr-FR","potentialAction":[{"@type":"ReadAction","target":["https:\/\/www.webdo.tn\/fr\/actualite\/national\/migration-meloni-confirme-la-participation-de-saied-a-la-reunion-de-rome\/207286\/"]}]},{"@type":"ImageObject","inLanguage":"fr-FR","@id":"https:\/\/www.webdo.tn\/fr\/actualite\/national\/migration-meloni-confirme-la-participation-de-saied-a-la-reunion-de-rome\/207286\/#primaryimage","url":"https:\/\/www.webdo.tn\/fr\/wp-content\/uploads\/2023\/07\/96aa8935524e3c20583f749b4019dac0.jpg","contentUrl":"https:\/\/www.webdo.tn\/fr\/wp-content\/uploads\/2023\/07\/96aa8935524e3c20583f749b4019dac0.jpg","width":750,"height":400,"caption":"Migration : Meloni confirme la participation de Saied \u00e0 la r\u00e9union de Rome"},{"@type":"BreadcrumbList","@id":"https:\/\/www.webdo.tn\/fr\/actualite\/national\/migration-meloni-confirme-la-participation-de-saied-a-la-reunion-de-rome\/207286\/#breadcrumb","itemListElement":[{"@type":"ListItem","position":1,"name":"Accueil","item":"https:\/\/www.webdo.tn\/fr\/"},{"@type":"ListItem","position":2,"name":"Migration : Meloni confirme la participation de Saied \u00e0 la r\u00e9union de Rome"}]},{"@type":"WebSite","@id":"https:\/\/www.webdo.tn\/fr\/#website","url":"https:\/\/www.webdo.tn\/fr\/","name":"webdo","description":"Tunisie - News en Tunisie et \u00e0 l&#039;international sur Webdo.tn","publisher":{"@id":"https:\/\/www.webdo.tn\/fr\/#organization"},"potentialAction":[{"@type":"SearchAction","target":{"@type":"EntryPoint","urlTemplate":"https:\/\/www.webdo.tn\/fr\/?s={search_term_string}"},"query-input":{"@type":"PropertyValueSpecification","valueRequired":true,"valueName":"search_term_string"}}],"inLanguage":"fr-FR"},{"@type":"Organization","@id":"https:\/\/www.webdo.tn\/fr\/#organization","name":"Webdo","alternateName":"Webdo.tn","url":"https:\/\/www.webdo.tn\/fr\/","logo":{"@type":"ImageObject","inLanguage":"fr-FR","@id":"https:\/\/www.webdo.tn\/fr\/#\/schema\/logo\/image\/","url":"https:\/\/www.webdo.tn\/fr\/wp-content\/uploads\/2025\/06\/Webdo-Tunisie_168377.jpg","contentUrl":"https:\/\/www.webdo.tn\/fr\/wp-content\/uploads\/2025\/06\/Webdo-Tunisie_168377.jpg","width":301,"height":301,"caption":"Webdo"},"image":{"@id":"https:\/\/www.webdo.tn\/fr\/#\/schema\/logo\/image\/"},"sameAs":["https:\/\/www.facebook.com\/webdotn","https:\/\/x.com\/webdo_tn"],"description":"Webdo est un m\u00e9dia num\u00e9rique tunisien fond\u00e9 en 2010, sp\u00e9cialis\u00e9 dans l\u2019actualit\u00e9 nationale et internationale, l\u2019\u00e9conomie, la soci\u00e9t\u00e9 et les analyses politiques. Le site s\u2019adresse \u00e0 un large public francophone et couvre l\u2019information tunisienne en temps r\u00e9el.","email":"redac@webdo.tn","legalName":"YNJ SARL","foundingDate":"2010-09-06","numberOfEmployees":{"@type":"QuantitativeValue","minValue":"11","maxValue":"50"}},{"@type":"Person","@id":"https:\/\/www.webdo.tn\/fr\/#\/schema\/person\/f35b42a42c5e2511bbd282959d6385cc","name":"CL","image":{"@type":"ImageObject","inLanguage":"fr-FR","@id":"https:\/\/secure.gravatar.com\/avatar\/1447a49909b67aa657c488aec6512e1dd6143a480c1ecfee9b5b5cd74eb3b59e?s=96&d=mm&r=g","url":"https:\/\/secure.gravatar.com\/avatar\/1447a49909b67aa657c488aec6512e1dd6143a480c1ecfee9b5b5cd74eb3b59e?s=96&d=mm&r=g","contentUrl":"https:\/\/secure.gravatar.com\/avatar\/1447a49909b67aa657c488aec6512e1dd6143a480c1ecfee9b5b5cd74eb3b59e?s=96&d=mm&r=g","caption":"CL"},"url":"https:\/\/www.webdo.tn\/fr\/actualite\/author\/cl\/"}]}},"_links":{"self":[{"href":"https:\/\/www.webdo.tn\/fr\/wp-json\/wp\/v2\/posts\/207286","targetHints":{"allow":["GET"]}}],"collection":[{"href":"https:\/\/www.webdo.tn\/fr\/wp-json\/wp\/v2\/posts"}],"about":[{"href":"https:\/\/www.webdo.tn\/fr\/wp-json\/wp\/v2\/types\/post"}],"author":[{"embeddable":true,"href":"https:\/\/www.webdo.tn\/fr\/wp-json\/wp\/v2\/users\/3175"}],"replies":[{"embeddable":true,"href":"https:\/\/www.webdo.tn\/fr\/wp-json\/wp\/v2\/comments?post=207286"}],"version-history":[{"count":0,"href":"https:\/\/www.webdo.tn\/fr\/wp-json\/wp\/v2\/posts\/207286\/revisions"}],"wp:featuredmedia":[{"embeddable":true,"href":"https:\/\/www.webdo.tn\/fr\/wp-json\/wp\/v2\/media\/249749"}],"wp:attachment":[{"href":"https:\/\/www.webdo.tn\/fr\/wp-json\/wp\/v2\/media?parent=207286"}],"wp:term":[{"taxonomy":"category","embeddable":true,"href":"https:\/\/www.webdo.tn\/fr\/wp-json\/wp\/v2\/categories?post=207286"},{"taxonomy":"post_tag","embeddable":true,"href":"https:\/\/www.webdo.tn\/fr\/wp-json\/wp\/v2\/tags?post=207286"}],"curies":[{"name":"wp","href":"https:\/\/api.w.org\/{rel}","templated":true}]}}