{"id":207271,"date":"2023-07-16T11:48:00","date_gmt":"2023-07-16T11:48:00","guid":{"rendered":"https:\/\/www.webdo.tn\/fr\/blog\/le-front-du-salut-prepare-une-marche-a-l-occasion-du-25-juillet\/207271\/"},"modified":"2025-05-20T22:50:56","modified_gmt":"2025-05-20T22:50:56","slug":"le-front-du-salut-prepare-une-marche-a-l-occasion-du-25-juillet","status":"publish","type":"post","link":"https:\/\/www.webdo.tn\/fr\/actualite\/national\/le-front-du-salut-prepare-une-marche-a-l-occasion-du-25-juillet\/207271\/","title":{"rendered":"Le Front du Salut pr\u00e9pare une marche \u00e0 l\u2019occasion du 25 juillet"},"content":{"rendered":"<p>Le Front populaire poursuit son opposition au pr\u00e9sident de la R\u00e9publique Kais Saied au c\u0153ur d\u2019un climat politique de plus en plus tendu.<\/p>\n<p>\t\t\t\t\t\t\t\t\tCe dimanche 16 juillet 2023, son leader Ahmed Nejib Chebbi annonce qu\u2019une marche protestataire anti \u2013 Kais Saied est pr\u00e9vue pour le 25 juillet prochain.\u00a0<\/p>\n<p>S\u2019exprimant sur les ondes de Mosa\u00efque FM, il a expliqu\u00e9 que cette marche intervient dans la continuit\u00e9 des efforts visant \u00e0 mettre fin au r\u00e9gime de Kais Saied.\u00a0<\/p>\n<p>S\u2019agissant des prochaines \u00e9ch\u00e9ances \u00e9lectorales, Ahmed Nejib Chebbi a indiqu\u00e9 que le Front du salut appelle \u00e0 des l\u00e9gislatives et \u00e0 une pr\u00e9sidentielle qui r\u00e9pondent aux normes de l\u2019impartialit\u00e9 et de la concurrence loyale.<\/p>\n","protected":false},"excerpt":{"rendered":"<p>Le Front populaire poursuit son opposition au pr\u00e9sident de la R\u00e9publique Kais Saied au c\u0153ur d\u2019un climat politique de plus en plus tendu.<\/p>\n","protected":false},"author":3175,"featured_media":278531,"comment_status":"open","ping_status":"closed","sticky":false,"template":"","format":"standard","meta":{"footnotes":""},"categories":[44],"tags":[9631,2614,3094,2608],"class_list":["post-207271","post","type-post","status-publish","format-standard","has-post-thumbnail","hentry","category-national","tag-front-populaire","tag-kais-saied","tag-marche","tag-tunisie"],"yoast_head":"<!-- This site is optimized with the Yoast SEO Premium plugin v27.4 (Yoast SEO v27.5) - https:\/\/yoast.com\/product\/yoast-seo-premium-wordpress\/ -->\n<title>Le Front du Salut pr\u00e9pare une marche \u00e0 l\u2019occasion du 25 juillet<\/title>\n<meta name=\"description\" content=\"Le Front populaire poursuit son opposition au pr\u00e9sident de la R\u00e9publique Kais Saied au c\u0153ur d\u2019un climat politique de plus en plus tendu.\" \/>\n<link rel=\"canonical\" href=\"https:\/\/www.webdo.tn\/fr\/actualite\/national\/le-front-du-salut-prepare-une-marche-a-l-occasion-du-25-juillet\/207271\/\" \/>\n<meta property=\"og:locale\" content=\"fr_FR\" \/>\n<meta property=\"og:type\" content=\"article\" \/>\n<meta property=\"og:title\" content=\"Le Front du Salut pr\u00e9pare une marche \u00e0 l\u2019occasion du 25 juillet\" \/>\n<meta property=\"og:description\" content=\"Le Front populaire poursuit son opposition au pr\u00e9sident de la R\u00e9publique Kais Saied au c\u0153ur d\u2019un climat politique de plus en plus tendu.\" \/>\n<meta property=\"og:url\" content=\"https:\/\/www.webdo.tn\/fr\/actualite\/national\/le-front-du-salut-prepare-une-marche-a-l-occasion-du-25-juillet\/207271\/\" \/>\n<meta property=\"og:site_name\" content=\"webdo\" \/>\n<meta property=\"article:publisher\" content=\"https:\/\/www.facebook.com\/webdotn\" \/>\n<meta property=\"article:published_time\" content=\"2023-07-16T11:48:00+00:00\" \/>\n<meta property=\"article:modified_time\" content=\"2025-05-20T22:50:56+00:00\" \/>\n<meta property=\"og:image\" content=\"https:\/\/www.webdo.tn\/fr\/wp-content\/uploads\/2023\/07\/cd1221cdbd659a0d8ce4af45cdb787ac.jpg\" \/>\n\t<meta property=\"og:image:width\" content=\"750\" \/>\n\t<meta property=\"og:image:height\" content=\"400\" \/>\n\t<meta property=\"og:image:type\" content=\"image\/jpeg\" \/>\n<meta name=\"author\" content=\"CL\" \/>\n<meta name=\"twitter:card\" content=\"summary_large_image\" \/>\n<meta name=\"twitter:creator\" content=\"@webdo_tn\" \/>\n<meta name=\"twitter:site\" content=\"@webdo_tn\" \/>\n<meta name=\"twitter:label1\" content=\"\u00c9crit par\" \/>\n\t<meta name=\"twitter:data1\" content=\"CL\" \/>\n\t<meta name=\"twitter:label2\" content=\"Dur\u00e9e de lecture estim\u00e9e\" \/>\n\t<meta name=\"twitter:data2\" content=\"1 minute\" \/>\n<script type=\"application\/ld+json\" class=\"yoast-schema-graph\">{\"@context\":\"https:\\\/\\\/schema.org\",\"@graph\":[{\"@type\":\"NewsArticle\",\"@id\":\"https:\\\/\\\/www.webdo.tn\\\/fr\\\/actualite\\\/national\\\/le-front-du-salut-prepare-une-marche-a-l-occasion-du-25-juillet\\\/207271\\\/#article\",\"isPartOf\":{\"@id\":\"https:\\\/\\\/www.webdo.tn\\\/fr\\\/actualite\\\/national\\\/le-front-du-salut-prepare-une-marche-a-l-occasion-du-25-juillet\\\/207271\\\/\"},\"author\":{\"name\":\"CL\",\"@id\":\"https:\\\/\\\/www.webdo.tn\\\/fr\\\/#\\\/schema\\\/person\\\/f35b42a42c5e2511bbd282959d6385cc\"},\"headline\":\"Le Front du Salut pr\u00e9pare une marche \u00e0 l\u2019occasion du 25 juillet\",\"datePublished\":\"2023-07-16T11:48:00+00:00\",\"dateModified\":\"2025-05-20T22:50:56+00:00\",\"mainEntityOfPage\":{\"@id\":\"https:\\\/\\\/www.webdo.tn\\\/fr\\\/actualite\\\/national\\\/le-front-du-salut-prepare-une-marche-a-l-occasion-du-25-juillet\\\/207271\\\/\"},\"wordCount\":130,\"commentCount\":0,\"publisher\":{\"@id\":\"https:\\\/\\\/www.webdo.tn\\\/fr\\\/#organization\"},\"image\":{\"@id\":\"https:\\\/\\\/www.webdo.tn\\\/fr\\\/actualite\\\/national\\\/le-front-du-salut-prepare-une-marche-a-l-occasion-du-25-juillet\\\/207271\\\/#primaryimage\"},\"thumbnailUrl\":\"https:\\\/\\\/www.webdo.tn\\\/fr\\\/wp-content\\\/uploads\\\/2023\\\/07\\\/cd1221cdbd659a0d8ce4af45cdb787ac.jpg\",\"keywords\":[\"Front populaire\",\"Kais Saied\",\"marche\",\"Tunisie\"],\"articleSection\":[\"National\"],\"inLanguage\":\"fr-FR\"},{\"@type\":\"WebPage\",\"@id\":\"https:\\\/\\\/www.webdo.tn\\\/fr\\\/actualite\\\/national\\\/le-front-du-salut-prepare-une-marche-a-l-occasion-du-25-juillet\\\/207271\\\/\",\"url\":\"https:\\\/\\\/www.webdo.tn\\\/fr\\\/actualite\\\/national\\\/le-front-du-salut-prepare-une-marche-a-l-occasion-du-25-juillet\\\/207271\\\/\",\"name\":\"Le Front du Salut pr\u00e9pare une marche \u00e0 l\u2019occasion du 25 juillet\",\"isPartOf\":{\"@id\":\"https:\\\/\\\/www.webdo.tn\\\/fr\\\/#website\"},\"primaryImageOfPage\":{\"@id\":\"https:\\\/\\\/www.webdo.tn\\\/fr\\\/actualite\\\/national\\\/le-front-du-salut-prepare-une-marche-a-l-occasion-du-25-juillet\\\/207271\\\/#primaryimage\"},\"image\":{\"@id\":\"https:\\\/\\\/www.webdo.tn\\\/fr\\\/actualite\\\/national\\\/le-front-du-salut-prepare-une-marche-a-l-occasion-du-25-juillet\\\/207271\\\/#primaryimage\"},\"thumbnailUrl\":\"https:\\\/\\\/www.webdo.tn\\\/fr\\\/wp-content\\\/uploads\\\/2023\\\/07\\\/cd1221cdbd659a0d8ce4af45cdb787ac.jpg\",\"datePublished\":\"2023-07-16T11:48:00+00:00\",\"dateModified\":\"2025-05-20T22:50:56+00:00\",\"description\":\"Le Front populaire poursuit son opposition au pr\u00e9sident de la R\u00e9publique Kais Saied au c\u0153ur d\u2019un climat politique de plus en plus tendu.\",\"breadcrumb\":{\"@id\":\"https:\\\/\\\/www.webdo.tn\\\/fr\\\/actualite\\\/national\\\/le-front-du-salut-prepare-une-marche-a-l-occasion-du-25-juillet\\\/207271\\\/#breadcrumb\"},\"inLanguage\":\"fr-FR\",\"potentialAction\":[{\"@type\":\"ReadAction\",\"target\":[\"https:\\\/\\\/www.webdo.tn\\\/fr\\\/actualite\\\/national\\\/le-front-du-salut-prepare-une-marche-a-l-occasion-du-25-juillet\\\/207271\\\/\"]}]},{\"@type\":\"ImageObject\",\"inLanguage\":\"fr-FR\",\"@id\":\"https:\\\/\\\/www.webdo.tn\\\/fr\\\/actualite\\\/national\\\/le-front-du-salut-prepare-une-marche-a-l-occasion-du-25-juillet\\\/207271\\\/#primaryimage\",\"url\":\"https:\\\/\\\/www.webdo.tn\\\/fr\\\/wp-content\\\/uploads\\\/2023\\\/07\\\/cd1221cdbd659a0d8ce4af45cdb787ac.jpg\",\"contentUrl\":\"https:\\\/\\\/www.webdo.tn\\\/fr\\\/wp-content\\\/uploads\\\/2023\\\/07\\\/cd1221cdbd659a0d8ce4af45cdb787ac.jpg\",\"width\":750,\"height\":400,\"caption\":\"Le Front du Salut pr\u00e9pare une marche \u00e0 l\u2019occasion du 25 juillet\"},{\"@type\":\"BreadcrumbList\",\"@id\":\"https:\\\/\\\/www.webdo.tn\\\/fr\\\/actualite\\\/national\\\/le-front-du-salut-prepare-une-marche-a-l-occasion-du-25-juillet\\\/207271\\\/#breadcrumb\",\"itemListElement\":[{\"@type\":\"ListItem\",\"position\":1,\"name\":\"Accueil\",\"item\":\"https:\\\/\\\/www.webdo.tn\\\/fr\\\/\"},{\"@type\":\"ListItem\",\"position\":2,\"name\":\"Le Front du Salut pr\u00e9pare une marche \u00e0 l\u2019occasion du 25 juillet\"}]},{\"@type\":\"WebSite\",\"@id\":\"https:\\\/\\\/www.webdo.tn\\\/fr\\\/#website\",\"url\":\"https:\\\/\\\/www.webdo.tn\\\/fr\\\/\",\"name\":\"webdo\",\"description\":\"Tunisie - News en Tunisie et \u00e0 l&#039;international sur Webdo.tn\",\"publisher\":{\"@id\":\"https:\\\/\\\/www.webdo.tn\\\/fr\\\/#organization\"},\"potentialAction\":[{\"@type\":\"SearchAction\",\"target\":{\"@type\":\"EntryPoint\",\"urlTemplate\":\"https:\\\/\\\/www.webdo.tn\\\/fr\\\/?s={search_term_string}\"},\"query-input\":{\"@type\":\"PropertyValueSpecification\",\"valueRequired\":true,\"valueName\":\"search_term_string\"}}],\"inLanguage\":\"fr-FR\"},{\"@type\":\"Organization\",\"@id\":\"https:\\\/\\\/www.webdo.tn\\\/fr\\\/#organization\",\"name\":\"Webdo\",\"alternateName\":\"Webdo.tn\",\"url\":\"https:\\\/\\\/www.webdo.tn\\\/fr\\\/\",\"logo\":{\"@type\":\"ImageObject\",\"inLanguage\":\"fr-FR\",\"@id\":\"https:\\\/\\\/www.webdo.tn\\\/fr\\\/#\\\/schema\\\/logo\\\/image\\\/\",\"url\":\"https:\\\/\\\/www.webdo.tn\\\/fr\\\/wp-content\\\/uploads\\\/2025\\\/06\\\/Webdo-Tunisie_168377.jpg\",\"contentUrl\":\"https:\\\/\\\/www.webdo.tn\\\/fr\\\/wp-content\\\/uploads\\\/2025\\\/06\\\/Webdo-Tunisie_168377.jpg\",\"width\":301,\"height\":301,\"caption\":\"Webdo\"},\"image\":{\"@id\":\"https:\\\/\\\/www.webdo.tn\\\/fr\\\/#\\\/schema\\\/logo\\\/image\\\/\"},\"sameAs\":[\"https:\\\/\\\/www.facebook.com\\\/webdotn\",\"https:\\\/\\\/x.com\\\/webdo_tn\"],\"description\":\"Webdo est un m\u00e9dia num\u00e9rique tunisien fond\u00e9 en 2010, sp\u00e9cialis\u00e9 dans l\u2019actualit\u00e9 nationale et internationale, l\u2019\u00e9conomie, la soci\u00e9t\u00e9 et les analyses politiques. Le site s\u2019adresse \u00e0 un large public francophone et couvre l\u2019information tunisienne en temps r\u00e9el.\",\"email\":\"redac@webdo.tn\",\"legalName\":\"YNJ SARL\",\"foundingDate\":\"2010-09-06\",\"numberOfEmployees\":{\"@type\":\"QuantitativeValue\",\"minValue\":\"11\",\"maxValue\":\"50\"}},{\"@type\":\"Person\",\"@id\":\"https:\\\/\\\/www.webdo.tn\\\/fr\\\/#\\\/schema\\\/person\\\/f35b42a42c5e2511bbd282959d6385cc\",\"name\":\"CL\",\"image\":{\"@type\":\"ImageObject\",\"inLanguage\":\"fr-FR\",\"@id\":\"https:\\\/\\\/secure.gravatar.com\\\/avatar\\\/1447a49909b67aa657c488aec6512e1dd6143a480c1ecfee9b5b5cd74eb3b59e?s=96&d=mm&r=g\",\"url\":\"https:\\\/\\\/secure.gravatar.com\\\/avatar\\\/1447a49909b67aa657c488aec6512e1dd6143a480c1ecfee9b5b5cd74eb3b59e?s=96&d=mm&r=g\",\"contentUrl\":\"https:\\\/\\\/secure.gravatar.com\\\/avatar\\\/1447a49909b67aa657c488aec6512e1dd6143a480c1ecfee9b5b5cd74eb3b59e?s=96&d=mm&r=g\",\"caption\":\"CL\"},\"url\":\"https:\\\/\\\/www.webdo.tn\\\/fr\\\/actualite\\\/author\\\/cl\\\/\"}]}<\/script>\n<!-- \/ Yoast SEO Premium plugin. -->","yoast_head_json":{"title":"Le Front du Salut pr\u00e9pare une marche \u00e0 l\u2019occasion du 25 juillet","description":"Le Front populaire poursuit son opposition au pr\u00e9sident de la R\u00e9publique Kais Saied au c\u0153ur d\u2019un climat politique de plus en plus tendu.","canonical":"https:\/\/www.webdo.tn\/fr\/actualite\/national\/le-front-du-salut-prepare-une-marche-a-l-occasion-du-25-juillet\/207271\/","og_locale":"fr_FR","og_type":"article","og_title":"Le Front du Salut pr\u00e9pare une marche \u00e0 l\u2019occasion du 25 juillet","og_description":"Le Front populaire poursuit son opposition au pr\u00e9sident de la R\u00e9publique Kais Saied au c\u0153ur d\u2019un climat politique de plus en plus tendu.","og_url":"https:\/\/www.webdo.tn\/fr\/actualite\/national\/le-front-du-salut-prepare-une-marche-a-l-occasion-du-25-juillet\/207271\/","og_site_name":"webdo","article_publisher":"https:\/\/www.facebook.com\/webdotn","article_published_time":"2023-07-16T11:48:00+00:00","article_modified_time":"2025-05-20T22:50:56+00:00","og_image":[{"width":750,"height":400,"url":"https:\/\/www.webdo.tn\/fr\/wp-content\/uploads\/2023\/07\/cd1221cdbd659a0d8ce4af45cdb787ac.jpg","type":"image\/jpeg"}],"author":"CL","twitter_card":"summary_large_image","twitter_creator":"@webdo_tn","twitter_site":"@webdo_tn","twitter_misc":{"\u00c9crit par":"CL","Dur\u00e9e de lecture estim\u00e9e":"1 minute"},"schema":{"@context":"https:\/\/schema.org","@graph":[{"@type":"NewsArticle","@id":"https:\/\/www.webdo.tn\/fr\/actualite\/national\/le-front-du-salut-prepare-une-marche-a-l-occasion-du-25-juillet\/207271\/#article","isPartOf":{"@id":"https:\/\/www.webdo.tn\/fr\/actualite\/national\/le-front-du-salut-prepare-une-marche-a-l-occasion-du-25-juillet\/207271\/"},"author":{"name":"CL","@id":"https:\/\/www.webdo.tn\/fr\/#\/schema\/person\/f35b42a42c5e2511bbd282959d6385cc"},"headline":"Le Front du Salut pr\u00e9pare une marche \u00e0 l\u2019occasion du 25 juillet","datePublished":"2023-07-16T11:48:00+00:00","dateModified":"2025-05-20T22:50:56+00:00","mainEntityOfPage":{"@id":"https:\/\/www.webdo.tn\/fr\/actualite\/national\/le-front-du-salut-prepare-une-marche-a-l-occasion-du-25-juillet\/207271\/"},"wordCount":130,"commentCount":0,"publisher":{"@id":"https:\/\/www.webdo.tn\/fr\/#organization"},"image":{"@id":"https:\/\/www.webdo.tn\/fr\/actualite\/national\/le-front-du-salut-prepare-une-marche-a-l-occasion-du-25-juillet\/207271\/#primaryimage"},"thumbnailUrl":"https:\/\/www.webdo.tn\/fr\/wp-content\/uploads\/2023\/07\/cd1221cdbd659a0d8ce4af45cdb787ac.jpg","keywords":["Front populaire","Kais Saied","marche","Tunisie"],"articleSection":["National"],"inLanguage":"fr-FR"},{"@type":"WebPage","@id":"https:\/\/www.webdo.tn\/fr\/actualite\/national\/le-front-du-salut-prepare-une-marche-a-l-occasion-du-25-juillet\/207271\/","url":"https:\/\/www.webdo.tn\/fr\/actualite\/national\/le-front-du-salut-prepare-une-marche-a-l-occasion-du-25-juillet\/207271\/","name":"Le Front du Salut pr\u00e9pare une marche \u00e0 l\u2019occasion du 25 juillet","isPartOf":{"@id":"https:\/\/www.webdo.tn\/fr\/#website"},"primaryImageOfPage":{"@id":"https:\/\/www.webdo.tn\/fr\/actualite\/national\/le-front-du-salut-prepare-une-marche-a-l-occasion-du-25-juillet\/207271\/#primaryimage"},"image":{"@id":"https:\/\/www.webdo.tn\/fr\/actualite\/national\/le-front-du-salut-prepare-une-marche-a-l-occasion-du-25-juillet\/207271\/#primaryimage"},"thumbnailUrl":"https:\/\/www.webdo.tn\/fr\/wp-content\/uploads\/2023\/07\/cd1221cdbd659a0d8ce4af45cdb787ac.jpg","datePublished":"2023-07-16T11:48:00+00:00","dateModified":"2025-05-20T22:50:56+00:00","description":"Le Front populaire poursuit son opposition au pr\u00e9sident de la R\u00e9publique Kais Saied au c\u0153ur d\u2019un climat politique de plus en plus tendu.","breadcrumb":{"@id":"https:\/\/www.webdo.tn\/fr\/actualite\/national\/le-front-du-salut-prepare-une-marche-a-l-occasion-du-25-juillet\/207271\/#breadcrumb"},"inLanguage":"fr-FR","potentialAction":[{"@type":"ReadAction","target":["https:\/\/www.webdo.tn\/fr\/actualite\/national\/le-front-du-salut-prepare-une-marche-a-l-occasion-du-25-juillet\/207271\/"]}]},{"@type":"ImageObject","inLanguage":"fr-FR","@id":"https:\/\/www.webdo.tn\/fr\/actualite\/national\/le-front-du-salut-prepare-une-marche-a-l-occasion-du-25-juillet\/207271\/#primaryimage","url":"https:\/\/www.webdo.tn\/fr\/wp-content\/uploads\/2023\/07\/cd1221cdbd659a0d8ce4af45cdb787ac.jpg","contentUrl":"https:\/\/www.webdo.tn\/fr\/wp-content\/uploads\/2023\/07\/cd1221cdbd659a0d8ce4af45cdb787ac.jpg","width":750,"height":400,"caption":"Le Front du Salut pr\u00e9pare une marche \u00e0 l\u2019occasion du 25 juillet"},{"@type":"BreadcrumbList","@id":"https:\/\/www.webdo.tn\/fr\/actualite\/national\/le-front-du-salut-prepare-une-marche-a-l-occasion-du-25-juillet\/207271\/#breadcrumb","itemListElement":[{"@type":"ListItem","position":1,"name":"Accueil","item":"https:\/\/www.webdo.tn\/fr\/"},{"@type":"ListItem","position":2,"name":"Le Front du Salut pr\u00e9pare une marche \u00e0 l\u2019occasion du 25 juillet"}]},{"@type":"WebSite","@id":"https:\/\/www.webdo.tn\/fr\/#website","url":"https:\/\/www.webdo.tn\/fr\/","name":"webdo","description":"Tunisie - News en Tunisie et \u00e0 l&#039;international sur Webdo.tn","publisher":{"@id":"https:\/\/www.webdo.tn\/fr\/#organization"},"potentialAction":[{"@type":"SearchAction","target":{"@type":"EntryPoint","urlTemplate":"https:\/\/www.webdo.tn\/fr\/?s={search_term_string}"},"query-input":{"@type":"PropertyValueSpecification","valueRequired":true,"valueName":"search_term_string"}}],"inLanguage":"fr-FR"},{"@type":"Organization","@id":"https:\/\/www.webdo.tn\/fr\/#organization","name":"Webdo","alternateName":"Webdo.tn","url":"https:\/\/www.webdo.tn\/fr\/","logo":{"@type":"ImageObject","inLanguage":"fr-FR","@id":"https:\/\/www.webdo.tn\/fr\/#\/schema\/logo\/image\/","url":"https:\/\/www.webdo.tn\/fr\/wp-content\/uploads\/2025\/06\/Webdo-Tunisie_168377.jpg","contentUrl":"https:\/\/www.webdo.tn\/fr\/wp-content\/uploads\/2025\/06\/Webdo-Tunisie_168377.jpg","width":301,"height":301,"caption":"Webdo"},"image":{"@id":"https:\/\/www.webdo.tn\/fr\/#\/schema\/logo\/image\/"},"sameAs":["https:\/\/www.facebook.com\/webdotn","https:\/\/x.com\/webdo_tn"],"description":"Webdo est un m\u00e9dia num\u00e9rique tunisien fond\u00e9 en 2010, sp\u00e9cialis\u00e9 dans l\u2019actualit\u00e9 nationale et internationale, l\u2019\u00e9conomie, la soci\u00e9t\u00e9 et les analyses politiques. Le site s\u2019adresse \u00e0 un large public francophone et couvre l\u2019information tunisienne en temps r\u00e9el.","email":"redac@webdo.tn","legalName":"YNJ SARL","foundingDate":"2010-09-06","numberOfEmployees":{"@type":"QuantitativeValue","minValue":"11","maxValue":"50"}},{"@type":"Person","@id":"https:\/\/www.webdo.tn\/fr\/#\/schema\/person\/f35b42a42c5e2511bbd282959d6385cc","name":"CL","image":{"@type":"ImageObject","inLanguage":"fr-FR","@id":"https:\/\/secure.gravatar.com\/avatar\/1447a49909b67aa657c488aec6512e1dd6143a480c1ecfee9b5b5cd74eb3b59e?s=96&d=mm&r=g","url":"https:\/\/secure.gravatar.com\/avatar\/1447a49909b67aa657c488aec6512e1dd6143a480c1ecfee9b5b5cd74eb3b59e?s=96&d=mm&r=g","contentUrl":"https:\/\/secure.gravatar.com\/avatar\/1447a49909b67aa657c488aec6512e1dd6143a480c1ecfee9b5b5cd74eb3b59e?s=96&d=mm&r=g","caption":"CL"},"url":"https:\/\/www.webdo.tn\/fr\/actualite\/author\/cl\/"}]}},"_links":{"self":[{"href":"https:\/\/www.webdo.tn\/fr\/wp-json\/wp\/v2\/posts\/207271","targetHints":{"allow":["GET"]}}],"collection":[{"href":"https:\/\/www.webdo.tn\/fr\/wp-json\/wp\/v2\/posts"}],"about":[{"href":"https:\/\/www.webdo.tn\/fr\/wp-json\/wp\/v2\/types\/post"}],"author":[{"embeddable":true,"href":"https:\/\/www.webdo.tn\/fr\/wp-json\/wp\/v2\/users\/3175"}],"replies":[{"embeddable":true,"href":"https:\/\/www.webdo.tn\/fr\/wp-json\/wp\/v2\/comments?post=207271"}],"version-history":[{"count":0,"href":"https:\/\/www.webdo.tn\/fr\/wp-json\/wp\/v2\/posts\/207271\/revisions"}],"wp:featuredmedia":[{"embeddable":true,"href":"https:\/\/www.webdo.tn\/fr\/wp-json\/wp\/v2\/media\/278531"}],"wp:attachment":[{"href":"https:\/\/www.webdo.tn\/fr\/wp-json\/wp\/v2\/media?parent=207271"}],"wp:term":[{"taxonomy":"category","embeddable":true,"href":"https:\/\/www.webdo.tn\/fr\/wp-json\/wp\/v2\/categories?post=207271"},{"taxonomy":"post_tag","embeddable":true,"href":"https:\/\/www.webdo.tn\/fr\/wp-json\/wp\/v2\/tags?post=207271"}],"curies":[{"name":"wp","href":"https:\/\/api.w.org\/{rel}","templated":true}]}}