{"id":207269,"date":"2023-07-16T09:58:00","date_gmt":"2023-07-16T09:58:00","guid":{"rendered":"https:\/\/www.webdo.tn\/fr\/blog\/le-bresil-aspire-a-reprendre-l-importation-du-phosphate-tunisien\/207269\/"},"modified":"2025-05-20T22:50:55","modified_gmt":"2025-05-20T22:50:55","slug":"le-bresil-aspire-a-reprendre-l-importation-du-phosphate-tunisien","status":"publish","type":"post","link":"https:\/\/www.webdo.tn\/fr\/actualite\/national\/le-bresil-aspire-a-reprendre-l-importation-du-phosphate-tunisien\/207269\/","title":{"rendered":"Le Br\u00e9sil aspire \u00e0 reprendre l&rsquo;importation du phosphate tunisien"},"content":{"rendered":"<p>Le march\u00e9 br\u00e9silien aspire \u00e0 reprendre l&rsquo;importation du phosphate tunisien, a indiqu\u00e9 le secr\u00e9taire G\u00e9n\u00e9ral de la Chambre de Commerce Arabo-Br\u00e9silienne, Tamer Mansour.<\/p>\n<p>\t\t\t\t\t\t\t\t\tMansour s&rsquo;exprimait lors d&rsquo;une rencontre tenue, vendredi, avec le pr\u00e9sident directeur g\u00e9n\u00e9ral du Centre de Promotion des Exportations (Cepex), Mourand Ben Hassine, au si\u00e8ge du Cepex, en pr\u00e9sence du charg\u00e9 d&rsquo;affaires de l&rsquo;ambassade de Br\u00e9sil en Tunisie, Kaiser Araujo et le repr\u00e9sentant du minist\u00e8re des Affaires \u00e9trang\u00e8res, Hamadi Louati.<br \/>\nLe responsable a soulign\u00e9 la pr\u00e9disposition de la chambre \u00e0 coordonner avec le centre et les diff\u00e9rentes parties prenantes tunisiennes, afin d&rsquo;organiser une mission en Tunisie, au profit des coop\u00e9rations agricoles br\u00e9siliennes.<br \/>\nL&rsquo;objectif \u00e9tant d&rsquo;explorer les opportunit\u00e9s de coop\u00e9ration bilat\u00e9rale, notamment, dans le secteur des engrais et produits d\u00e9riv\u00e9s du phosphate qui conna\u00eet une demande croissante au Br\u00e9sil.<\/p>\n<p>Mansour a, par ailleurs, renouvel\u00e9 la disposition de la Chambre de Commerce arabo-Br\u00e9silienne \u00e0 abriter une repr\u00e9sentation du Cepex au sein de son si\u00e8ge dans la ville de Sao Paulo.Et d&rsquo;ajouter que sa chambre entend ouvrir \u00e9galement, un bureau en Tunisie.<\/p>\n<p>Lors de cette rencontre, Tamer Mansour a soulign\u00e9 que la chambre compte aider les entreprises tunisiennes exportatrices \u00e0 conqu\u00e9rir le march\u00e9 br\u00e9silien qui compte 215 millions de consommateurs et \u00e0 les aider \u00e0 assurer leur participation aux diff\u00e9rentes manifestations \u00e9conomiques organis\u00e9es par le Br\u00e9sil.<\/p>\n<p>De son c\u00f4t\u00e9, le PDG du Cepex, Mourad Ben Hassine a mis l&rsquo;accent sur l&rsquo;importance de renforcer la coop\u00e9ration commerciale entre les deux pays.<\/p>\n<p>En 2022, le volume des \u00e9changes entre la Tunisie et le Br\u00e9sil ont d\u00e9pass\u00e9 1395 millions de dinars r\u00e9partis entre des importations s&rsquo;\u00e9levant \u00e0 1145 millions de dinars et des exportations de l&rsquo;ordre de 250 millions de dinars, selon le Cepex.<\/p>\n","protected":false},"excerpt":{"rendered":"<p>Le march\u00e9 br\u00e9silien aspire \u00e0 reprendre l&rsquo;importation du phosphate tunisien, a indiqu\u00e9 le secr\u00e9taire G\u00e9n\u00e9ral de la Chambre de Commerce Arabo-Br\u00e9silienne, Tamer M&#8230;<\/p>\n","protected":false},"author":3175,"featured_media":278527,"comment_status":"open","ping_status":"closed","sticky":false,"template":"","format":"standard","meta":{"footnotes":""},"categories":[44],"tags":[4949,3366,2608],"class_list":["post-207269","post","type-post","status-publish","format-standard","has-post-thumbnail","hentry","category-national","tag-bresil","tag-phosphates","tag-tunisie"],"yoast_head":"<!-- This site is optimized with the Yoast SEO Premium plugin v27.5 (Yoast SEO v27.5) - https:\/\/yoast.com\/product\/yoast-seo-premium-wordpress\/ -->\n<title>Le Br\u00e9sil aspire \u00e0 reprendre l&#039;importation du phosphate tunisien<\/title>\n<meta name=\"description\" content=\"Le march\u00e9 br\u00e9silien aspire \u00e0 reprendre l&#039;importation du phosphate tunisien, a indiqu\u00e9 le secr\u00e9taire G\u00e9n\u00e9ral de la Chambre de Commerce Arabo-Br\u00e9silienne, Tamer M...\" \/>\n<link rel=\"canonical\" href=\"https:\/\/www.webdo.tn\/fr\/actualite\/national\/le-bresil-aspire-a-reprendre-l-importation-du-phosphate-tunisien\/207269\/\" \/>\n<meta property=\"og:locale\" content=\"fr_FR\" \/>\n<meta property=\"og:type\" content=\"article\" \/>\n<meta property=\"og:title\" content=\"Le Br\u00e9sil aspire \u00e0 reprendre l&#039;importation du phosphate tunisien\" \/>\n<meta property=\"og:description\" content=\"Le march\u00e9 br\u00e9silien aspire \u00e0 reprendre l&#039;importation du phosphate tunisien, a indiqu\u00e9 le secr\u00e9taire G\u00e9n\u00e9ral de la Chambre de Commerce Arabo-Br\u00e9silienne, Tamer M...\" \/>\n<meta property=\"og:url\" content=\"https:\/\/www.webdo.tn\/fr\/actualite\/national\/le-bresil-aspire-a-reprendre-l-importation-du-phosphate-tunisien\/207269\/\" \/>\n<meta property=\"og:site_name\" content=\"webdo\" \/>\n<meta property=\"article:publisher\" content=\"https:\/\/www.facebook.com\/webdotn\" \/>\n<meta property=\"article:published_time\" content=\"2023-07-16T09:58:00+00:00\" \/>\n<meta property=\"article:modified_time\" content=\"2025-05-20T22:50:55+00:00\" \/>\n<meta property=\"og:image\" content=\"https:\/\/www.webdo.tn\/fr\/wp-content\/uploads\/2023\/07\/8923ec573398fcccfe1f5a6cb021f416.jpg\" \/>\n\t<meta property=\"og:image:width\" content=\"750\" \/>\n\t<meta property=\"og:image:height\" content=\"400\" \/>\n\t<meta property=\"og:image:type\" content=\"image\/jpeg\" \/>\n<meta name=\"author\" content=\"CL\" \/>\n<meta name=\"twitter:card\" content=\"summary_large_image\" \/>\n<meta name=\"twitter:creator\" content=\"@webdo_tn\" \/>\n<meta name=\"twitter:site\" content=\"@webdo_tn\" \/>\n<meta name=\"twitter:label1\" content=\"\u00c9crit par\" \/>\n\t<meta name=\"twitter:data1\" content=\"CL\" \/>\n\t<meta name=\"twitter:label2\" content=\"Dur\u00e9e de lecture estim\u00e9e\" \/>\n\t<meta name=\"twitter:data2\" content=\"2 minutes\" \/>\n<script type=\"application\/ld+json\" class=\"yoast-schema-graph\">{\"@context\":\"https:\\\/\\\/schema.org\",\"@graph\":[{\"@type\":\"NewsArticle\",\"@id\":\"https:\\\/\\\/www.webdo.tn\\\/fr\\\/actualite\\\/national\\\/le-bresil-aspire-a-reprendre-l-importation-du-phosphate-tunisien\\\/207269\\\/#article\",\"isPartOf\":{\"@id\":\"https:\\\/\\\/www.webdo.tn\\\/fr\\\/actualite\\\/national\\\/le-bresil-aspire-a-reprendre-l-importation-du-phosphate-tunisien\\\/207269\\\/\"},\"author\":{\"name\":\"CL\",\"@id\":\"https:\\\/\\\/www.webdo.tn\\\/fr\\\/#\\\/schema\\\/person\\\/f35b42a42c5e2511bbd282959d6385cc\"},\"headline\":\"Le Br\u00e9sil aspire \u00e0 reprendre l&rsquo;importation du phosphate tunisien\",\"datePublished\":\"2023-07-16T09:58:00+00:00\",\"dateModified\":\"2025-05-20T22:50:55+00:00\",\"mainEntityOfPage\":{\"@id\":\"https:\\\/\\\/www.webdo.tn\\\/fr\\\/actualite\\\/national\\\/le-bresil-aspire-a-reprendre-l-importation-du-phosphate-tunisien\\\/207269\\\/\"},\"wordCount\":330,\"commentCount\":0,\"publisher\":{\"@id\":\"https:\\\/\\\/www.webdo.tn\\\/fr\\\/#organization\"},\"image\":{\"@id\":\"https:\\\/\\\/www.webdo.tn\\\/fr\\\/actualite\\\/national\\\/le-bresil-aspire-a-reprendre-l-importation-du-phosphate-tunisien\\\/207269\\\/#primaryimage\"},\"thumbnailUrl\":\"https:\\\/\\\/www.webdo.tn\\\/fr\\\/wp-content\\\/uploads\\\/2023\\\/07\\\/8923ec573398fcccfe1f5a6cb021f416.jpg\",\"keywords\":[\"Br\u00e9sil\",\"Phosphates\",\"Tunisie\"],\"articleSection\":[\"National\"],\"inLanguage\":\"fr-FR\"},{\"@type\":\"WebPage\",\"@id\":\"https:\\\/\\\/www.webdo.tn\\\/fr\\\/actualite\\\/national\\\/le-bresil-aspire-a-reprendre-l-importation-du-phosphate-tunisien\\\/207269\\\/\",\"url\":\"https:\\\/\\\/www.webdo.tn\\\/fr\\\/actualite\\\/national\\\/le-bresil-aspire-a-reprendre-l-importation-du-phosphate-tunisien\\\/207269\\\/\",\"name\":\"Le Br\u00e9sil aspire \u00e0 reprendre l'importation du phosphate tunisien\",\"isPartOf\":{\"@id\":\"https:\\\/\\\/www.webdo.tn\\\/fr\\\/#website\"},\"primaryImageOfPage\":{\"@id\":\"https:\\\/\\\/www.webdo.tn\\\/fr\\\/actualite\\\/national\\\/le-bresil-aspire-a-reprendre-l-importation-du-phosphate-tunisien\\\/207269\\\/#primaryimage\"},\"image\":{\"@id\":\"https:\\\/\\\/www.webdo.tn\\\/fr\\\/actualite\\\/national\\\/le-bresil-aspire-a-reprendre-l-importation-du-phosphate-tunisien\\\/207269\\\/#primaryimage\"},\"thumbnailUrl\":\"https:\\\/\\\/www.webdo.tn\\\/fr\\\/wp-content\\\/uploads\\\/2023\\\/07\\\/8923ec573398fcccfe1f5a6cb021f416.jpg\",\"datePublished\":\"2023-07-16T09:58:00+00:00\",\"dateModified\":\"2025-05-20T22:50:55+00:00\",\"description\":\"Le march\u00e9 br\u00e9silien aspire \u00e0 reprendre l'importation du phosphate tunisien, a indiqu\u00e9 le secr\u00e9taire G\u00e9n\u00e9ral de la Chambre de Commerce Arabo-Br\u00e9silienne, Tamer M...\",\"breadcrumb\":{\"@id\":\"https:\\\/\\\/www.webdo.tn\\\/fr\\\/actualite\\\/national\\\/le-bresil-aspire-a-reprendre-l-importation-du-phosphate-tunisien\\\/207269\\\/#breadcrumb\"},\"inLanguage\":\"fr-FR\",\"potentialAction\":[{\"@type\":\"ReadAction\",\"target\":[\"https:\\\/\\\/www.webdo.tn\\\/fr\\\/actualite\\\/national\\\/le-bresil-aspire-a-reprendre-l-importation-du-phosphate-tunisien\\\/207269\\\/\"]}]},{\"@type\":\"ImageObject\",\"inLanguage\":\"fr-FR\",\"@id\":\"https:\\\/\\\/www.webdo.tn\\\/fr\\\/actualite\\\/national\\\/le-bresil-aspire-a-reprendre-l-importation-du-phosphate-tunisien\\\/207269\\\/#primaryimage\",\"url\":\"https:\\\/\\\/www.webdo.tn\\\/fr\\\/wp-content\\\/uploads\\\/2023\\\/07\\\/8923ec573398fcccfe1f5a6cb021f416.jpg\",\"contentUrl\":\"https:\\\/\\\/www.webdo.tn\\\/fr\\\/wp-content\\\/uploads\\\/2023\\\/07\\\/8923ec573398fcccfe1f5a6cb021f416.jpg\",\"width\":750,\"height\":400,\"caption\":\"Le Br\u00e9sil aspire \u00e0 reprendre l'importation du phosphate tunisien\"},{\"@type\":\"BreadcrumbList\",\"@id\":\"https:\\\/\\\/www.webdo.tn\\\/fr\\\/actualite\\\/national\\\/le-bresil-aspire-a-reprendre-l-importation-du-phosphate-tunisien\\\/207269\\\/#breadcrumb\",\"itemListElement\":[{\"@type\":\"ListItem\",\"position\":1,\"name\":\"Accueil\",\"item\":\"https:\\\/\\\/www.webdo.tn\\\/fr\\\/\"},{\"@type\":\"ListItem\",\"position\":2,\"name\":\"Le Br\u00e9sil aspire \u00e0 reprendre l&rsquo;importation du phosphate tunisien\"}]},{\"@type\":\"WebSite\",\"@id\":\"https:\\\/\\\/www.webdo.tn\\\/fr\\\/#website\",\"url\":\"https:\\\/\\\/www.webdo.tn\\\/fr\\\/\",\"name\":\"webdo\",\"description\":\"Tunisie - News en Tunisie et \u00e0 l&#039;international sur Webdo.tn\",\"publisher\":{\"@id\":\"https:\\\/\\\/www.webdo.tn\\\/fr\\\/#organization\"},\"potentialAction\":[{\"@type\":\"SearchAction\",\"target\":{\"@type\":\"EntryPoint\",\"urlTemplate\":\"https:\\\/\\\/www.webdo.tn\\\/fr\\\/?s={search_term_string}\"},\"query-input\":{\"@type\":\"PropertyValueSpecification\",\"valueRequired\":true,\"valueName\":\"search_term_string\"}}],\"inLanguage\":\"fr-FR\"},{\"@type\":\"Organization\",\"@id\":\"https:\\\/\\\/www.webdo.tn\\\/fr\\\/#organization\",\"name\":\"Webdo\",\"alternateName\":\"Webdo.tn\",\"url\":\"https:\\\/\\\/www.webdo.tn\\\/fr\\\/\",\"logo\":{\"@type\":\"ImageObject\",\"inLanguage\":\"fr-FR\",\"@id\":\"https:\\\/\\\/www.webdo.tn\\\/fr\\\/#\\\/schema\\\/logo\\\/image\\\/\",\"url\":\"https:\\\/\\\/www.webdo.tn\\\/fr\\\/wp-content\\\/uploads\\\/2025\\\/06\\\/Webdo-Tunisie_168377.jpg\",\"contentUrl\":\"https:\\\/\\\/www.webdo.tn\\\/fr\\\/wp-content\\\/uploads\\\/2025\\\/06\\\/Webdo-Tunisie_168377.jpg\",\"width\":301,\"height\":301,\"caption\":\"Webdo\"},\"image\":{\"@id\":\"https:\\\/\\\/www.webdo.tn\\\/fr\\\/#\\\/schema\\\/logo\\\/image\\\/\"},\"sameAs\":[\"https:\\\/\\\/www.facebook.com\\\/webdotn\",\"https:\\\/\\\/x.com\\\/webdo_tn\"],\"description\":\"Webdo est un m\u00e9dia num\u00e9rique tunisien fond\u00e9 en 2010, sp\u00e9cialis\u00e9 dans l\u2019actualit\u00e9 nationale et internationale, l\u2019\u00e9conomie, la soci\u00e9t\u00e9 et les analyses politiques. Le site s\u2019adresse \u00e0 un large public francophone et couvre l\u2019information tunisienne en temps r\u00e9el.\",\"email\":\"redac@webdo.tn\",\"legalName\":\"YNJ SARL\",\"foundingDate\":\"2010-09-06\",\"numberOfEmployees\":{\"@type\":\"QuantitativeValue\",\"minValue\":\"11\",\"maxValue\":\"50\"}},{\"@type\":\"Person\",\"@id\":\"https:\\\/\\\/www.webdo.tn\\\/fr\\\/#\\\/schema\\\/person\\\/f35b42a42c5e2511bbd282959d6385cc\",\"name\":\"CL\",\"image\":{\"@type\":\"ImageObject\",\"inLanguage\":\"fr-FR\",\"@id\":\"https:\\\/\\\/secure.gravatar.com\\\/avatar\\\/1447a49909b67aa657c488aec6512e1dd6143a480c1ecfee9b5b5cd74eb3b59e?s=96&d=mm&r=g\",\"url\":\"https:\\\/\\\/secure.gravatar.com\\\/avatar\\\/1447a49909b67aa657c488aec6512e1dd6143a480c1ecfee9b5b5cd74eb3b59e?s=96&d=mm&r=g\",\"contentUrl\":\"https:\\\/\\\/secure.gravatar.com\\\/avatar\\\/1447a49909b67aa657c488aec6512e1dd6143a480c1ecfee9b5b5cd74eb3b59e?s=96&d=mm&r=g\",\"caption\":\"CL\"},\"url\":\"https:\\\/\\\/www.webdo.tn\\\/fr\\\/actualite\\\/author\\\/cl\\\/\"}]}<\/script>\n<!-- \/ Yoast SEO Premium plugin. -->","yoast_head_json":{"title":"Le Br\u00e9sil aspire \u00e0 reprendre l'importation du phosphate tunisien","description":"Le march\u00e9 br\u00e9silien aspire \u00e0 reprendre l'importation du phosphate tunisien, a indiqu\u00e9 le secr\u00e9taire G\u00e9n\u00e9ral de la Chambre de Commerce Arabo-Br\u00e9silienne, Tamer M...","canonical":"https:\/\/www.webdo.tn\/fr\/actualite\/national\/le-bresil-aspire-a-reprendre-l-importation-du-phosphate-tunisien\/207269\/","og_locale":"fr_FR","og_type":"article","og_title":"Le Br\u00e9sil aspire \u00e0 reprendre l'importation du phosphate tunisien","og_description":"Le march\u00e9 br\u00e9silien aspire \u00e0 reprendre l'importation du phosphate tunisien, a indiqu\u00e9 le secr\u00e9taire G\u00e9n\u00e9ral de la Chambre de Commerce Arabo-Br\u00e9silienne, Tamer M...","og_url":"https:\/\/www.webdo.tn\/fr\/actualite\/national\/le-bresil-aspire-a-reprendre-l-importation-du-phosphate-tunisien\/207269\/","og_site_name":"webdo","article_publisher":"https:\/\/www.facebook.com\/webdotn","article_published_time":"2023-07-16T09:58:00+00:00","article_modified_time":"2025-05-20T22:50:55+00:00","og_image":[{"width":750,"height":400,"url":"https:\/\/www.webdo.tn\/fr\/wp-content\/uploads\/2023\/07\/8923ec573398fcccfe1f5a6cb021f416.jpg","type":"image\/jpeg"}],"author":"CL","twitter_card":"summary_large_image","twitter_creator":"@webdo_tn","twitter_site":"@webdo_tn","twitter_misc":{"\u00c9crit par":"CL","Dur\u00e9e de lecture estim\u00e9e":"2 minutes"},"schema":{"@context":"https:\/\/schema.org","@graph":[{"@type":"NewsArticle","@id":"https:\/\/www.webdo.tn\/fr\/actualite\/national\/le-bresil-aspire-a-reprendre-l-importation-du-phosphate-tunisien\/207269\/#article","isPartOf":{"@id":"https:\/\/www.webdo.tn\/fr\/actualite\/national\/le-bresil-aspire-a-reprendre-l-importation-du-phosphate-tunisien\/207269\/"},"author":{"name":"CL","@id":"https:\/\/www.webdo.tn\/fr\/#\/schema\/person\/f35b42a42c5e2511bbd282959d6385cc"},"headline":"Le Br\u00e9sil aspire \u00e0 reprendre l&rsquo;importation du phosphate tunisien","datePublished":"2023-07-16T09:58:00+00:00","dateModified":"2025-05-20T22:50:55+00:00","mainEntityOfPage":{"@id":"https:\/\/www.webdo.tn\/fr\/actualite\/national\/le-bresil-aspire-a-reprendre-l-importation-du-phosphate-tunisien\/207269\/"},"wordCount":330,"commentCount":0,"publisher":{"@id":"https:\/\/www.webdo.tn\/fr\/#organization"},"image":{"@id":"https:\/\/www.webdo.tn\/fr\/actualite\/national\/le-bresil-aspire-a-reprendre-l-importation-du-phosphate-tunisien\/207269\/#primaryimage"},"thumbnailUrl":"https:\/\/www.webdo.tn\/fr\/wp-content\/uploads\/2023\/07\/8923ec573398fcccfe1f5a6cb021f416.jpg","keywords":["Br\u00e9sil","Phosphates","Tunisie"],"articleSection":["National"],"inLanguage":"fr-FR"},{"@type":"WebPage","@id":"https:\/\/www.webdo.tn\/fr\/actualite\/national\/le-bresil-aspire-a-reprendre-l-importation-du-phosphate-tunisien\/207269\/","url":"https:\/\/www.webdo.tn\/fr\/actualite\/national\/le-bresil-aspire-a-reprendre-l-importation-du-phosphate-tunisien\/207269\/","name":"Le Br\u00e9sil aspire \u00e0 reprendre l'importation du phosphate tunisien","isPartOf":{"@id":"https:\/\/www.webdo.tn\/fr\/#website"},"primaryImageOfPage":{"@id":"https:\/\/www.webdo.tn\/fr\/actualite\/national\/le-bresil-aspire-a-reprendre-l-importation-du-phosphate-tunisien\/207269\/#primaryimage"},"image":{"@id":"https:\/\/www.webdo.tn\/fr\/actualite\/national\/le-bresil-aspire-a-reprendre-l-importation-du-phosphate-tunisien\/207269\/#primaryimage"},"thumbnailUrl":"https:\/\/www.webdo.tn\/fr\/wp-content\/uploads\/2023\/07\/8923ec573398fcccfe1f5a6cb021f416.jpg","datePublished":"2023-07-16T09:58:00+00:00","dateModified":"2025-05-20T22:50:55+00:00","description":"Le march\u00e9 br\u00e9silien aspire \u00e0 reprendre l'importation du phosphate tunisien, a indiqu\u00e9 le secr\u00e9taire G\u00e9n\u00e9ral de la Chambre de Commerce Arabo-Br\u00e9silienne, Tamer M...","breadcrumb":{"@id":"https:\/\/www.webdo.tn\/fr\/actualite\/national\/le-bresil-aspire-a-reprendre-l-importation-du-phosphate-tunisien\/207269\/#breadcrumb"},"inLanguage":"fr-FR","potentialAction":[{"@type":"ReadAction","target":["https:\/\/www.webdo.tn\/fr\/actualite\/national\/le-bresil-aspire-a-reprendre-l-importation-du-phosphate-tunisien\/207269\/"]}]},{"@type":"ImageObject","inLanguage":"fr-FR","@id":"https:\/\/www.webdo.tn\/fr\/actualite\/national\/le-bresil-aspire-a-reprendre-l-importation-du-phosphate-tunisien\/207269\/#primaryimage","url":"https:\/\/www.webdo.tn\/fr\/wp-content\/uploads\/2023\/07\/8923ec573398fcccfe1f5a6cb021f416.jpg","contentUrl":"https:\/\/www.webdo.tn\/fr\/wp-content\/uploads\/2023\/07\/8923ec573398fcccfe1f5a6cb021f416.jpg","width":750,"height":400,"caption":"Le Br\u00e9sil aspire \u00e0 reprendre l'importation du phosphate tunisien"},{"@type":"BreadcrumbList","@id":"https:\/\/www.webdo.tn\/fr\/actualite\/national\/le-bresil-aspire-a-reprendre-l-importation-du-phosphate-tunisien\/207269\/#breadcrumb","itemListElement":[{"@type":"ListItem","position":1,"name":"Accueil","item":"https:\/\/www.webdo.tn\/fr\/"},{"@type":"ListItem","position":2,"name":"Le Br\u00e9sil aspire \u00e0 reprendre l&rsquo;importation du phosphate tunisien"}]},{"@type":"WebSite","@id":"https:\/\/www.webdo.tn\/fr\/#website","url":"https:\/\/www.webdo.tn\/fr\/","name":"webdo","description":"Tunisie - News en Tunisie et \u00e0 l&#039;international sur Webdo.tn","publisher":{"@id":"https:\/\/www.webdo.tn\/fr\/#organization"},"potentialAction":[{"@type":"SearchAction","target":{"@type":"EntryPoint","urlTemplate":"https:\/\/www.webdo.tn\/fr\/?s={search_term_string}"},"query-input":{"@type":"PropertyValueSpecification","valueRequired":true,"valueName":"search_term_string"}}],"inLanguage":"fr-FR"},{"@type":"Organization","@id":"https:\/\/www.webdo.tn\/fr\/#organization","name":"Webdo","alternateName":"Webdo.tn","url":"https:\/\/www.webdo.tn\/fr\/","logo":{"@type":"ImageObject","inLanguage":"fr-FR","@id":"https:\/\/www.webdo.tn\/fr\/#\/schema\/logo\/image\/","url":"https:\/\/www.webdo.tn\/fr\/wp-content\/uploads\/2025\/06\/Webdo-Tunisie_168377.jpg","contentUrl":"https:\/\/www.webdo.tn\/fr\/wp-content\/uploads\/2025\/06\/Webdo-Tunisie_168377.jpg","width":301,"height":301,"caption":"Webdo"},"image":{"@id":"https:\/\/www.webdo.tn\/fr\/#\/schema\/logo\/image\/"},"sameAs":["https:\/\/www.facebook.com\/webdotn","https:\/\/x.com\/webdo_tn"],"description":"Webdo est un m\u00e9dia num\u00e9rique tunisien fond\u00e9 en 2010, sp\u00e9cialis\u00e9 dans l\u2019actualit\u00e9 nationale et internationale, l\u2019\u00e9conomie, la soci\u00e9t\u00e9 et les analyses politiques. Le site s\u2019adresse \u00e0 un large public francophone et couvre l\u2019information tunisienne en temps r\u00e9el.","email":"redac@webdo.tn","legalName":"YNJ SARL","foundingDate":"2010-09-06","numberOfEmployees":{"@type":"QuantitativeValue","minValue":"11","maxValue":"50"}},{"@type":"Person","@id":"https:\/\/www.webdo.tn\/fr\/#\/schema\/person\/f35b42a42c5e2511bbd282959d6385cc","name":"CL","image":{"@type":"ImageObject","inLanguage":"fr-FR","@id":"https:\/\/secure.gravatar.com\/avatar\/1447a49909b67aa657c488aec6512e1dd6143a480c1ecfee9b5b5cd74eb3b59e?s=96&d=mm&r=g","url":"https:\/\/secure.gravatar.com\/avatar\/1447a49909b67aa657c488aec6512e1dd6143a480c1ecfee9b5b5cd74eb3b59e?s=96&d=mm&r=g","contentUrl":"https:\/\/secure.gravatar.com\/avatar\/1447a49909b67aa657c488aec6512e1dd6143a480c1ecfee9b5b5cd74eb3b59e?s=96&d=mm&r=g","caption":"CL"},"url":"https:\/\/www.webdo.tn\/fr\/actualite\/author\/cl\/"}]}},"_links":{"self":[{"href":"https:\/\/www.webdo.tn\/fr\/wp-json\/wp\/v2\/posts\/207269","targetHints":{"allow":["GET"]}}],"collection":[{"href":"https:\/\/www.webdo.tn\/fr\/wp-json\/wp\/v2\/posts"}],"about":[{"href":"https:\/\/www.webdo.tn\/fr\/wp-json\/wp\/v2\/types\/post"}],"author":[{"embeddable":true,"href":"https:\/\/www.webdo.tn\/fr\/wp-json\/wp\/v2\/users\/3175"}],"replies":[{"embeddable":true,"href":"https:\/\/www.webdo.tn\/fr\/wp-json\/wp\/v2\/comments?post=207269"}],"version-history":[{"count":0,"href":"https:\/\/www.webdo.tn\/fr\/wp-json\/wp\/v2\/posts\/207269\/revisions"}],"wp:featuredmedia":[{"embeddable":true,"href":"https:\/\/www.webdo.tn\/fr\/wp-json\/wp\/v2\/media\/278527"}],"wp:attachment":[{"href":"https:\/\/www.webdo.tn\/fr\/wp-json\/wp\/v2\/media?parent=207269"}],"wp:term":[{"taxonomy":"category","embeddable":true,"href":"https:\/\/www.webdo.tn\/fr\/wp-json\/wp\/v2\/categories?post=207269"},{"taxonomy":"post_tag","embeddable":true,"href":"https:\/\/www.webdo.tn\/fr\/wp-json\/wp\/v2\/tags?post=207269"}],"curies":[{"name":"wp","href":"https:\/\/api.w.org\/{rel}","templated":true}]}}