{"id":207256,"date":"2023-07-15T09:11:00","date_gmt":"2023-07-15T09:11:00","guid":{"rendered":"https:\/\/www.webdo.tn\/fr\/blog\/des-temperatures-comprises-entre-39-et-47-degres-ce-samedi\/207256\/"},"modified":"2025-05-20T21:58:23","modified_gmt":"2025-05-20T21:58:23","slug":"des-temperatures-comprises-entre-39-et-47-degres-ce-samedi","status":"publish","type":"post","link":"https:\/\/www.webdo.tn\/fr\/actualite\/national\/des-temperatures-comprises-entre-39-et-47-degres-ce-samedi\/207256\/","title":{"rendered":"Des temp\u00e9ratures comprises entre 39 et 47 degr\u00e9s, ce samedi"},"content":{"rendered":"<p>Une hausse du thermom\u00e8tre est attendue, ce samedi 15 juillet avec des temp\u00e9ratures qui atteindront jusqu\u2019\u00e0 47 degr\u00e9s.<\/p>\n<p>\t\t\t\t\t\t\t\t\tLes maximales seront comprises entre 39 et 47 degr\u00e9s avec des vents de Sirocco, selon les pr\u00e9visions de l&rsquo;Institut National de la M\u00e9t\u00e9orologie (INM).<\/p>\n<p>Ces pr\u00e9visions sont confirm\u00e9es par l&rsquo;Organisation m\u00e9t\u00e9orologique mondiale (OMM), qui a alert\u00e9, vendredi 14 juillet, sur le fait que les temp\u00e9ratures seront sup\u00e9rieures \u00e0 la normale au cours des deux prochaines semaines en Afrique du nord avec une augmentation du mercure de plus de cinq degr\u00e9s.<\/p>\n<p>Selon l&rsquo;OMM, le mois de juin a connu la temp\u00e9rature moyenne mondiale la plus chaude jamais enregistr\u00e9e et les vagues de chaleur ont persist\u00e9 jusqu&rsquo;au d\u00e9but juillet.<\/p>\n","protected":false},"excerpt":{"rendered":"<p>Une hausse du thermom\u00e8tre est attendue, ce samedi 15 juillet avec des temp\u00e9ratures qui atteindront jusqu\u2019\u00e0 47 degr\u00e9s.<\/p>\n","protected":false},"author":3162,"featured_media":249766,"comment_status":"open","ping_status":"closed","sticky":false,"template":"","format":"standard","meta":{"footnotes":""},"categories":[44],"tags":[5930,3319,2670,2672,2608],"class_list":["post-207256","post","type-post","status-publish","format-standard","has-post-thumbnail","hentry","category-national","tag-canicule","tag-chaleur","tag-meteo","tag-temperatures","tag-tunisie"],"yoast_head":"<!-- This site is optimized with the Yoast SEO Premium plugin v27.4 (Yoast SEO v27.5) - https:\/\/yoast.com\/product\/yoast-seo-premium-wordpress\/ -->\n<title>Des temp\u00e9ratures comprises entre 39 et 47 degr\u00e9s, ce samedi<\/title>\n<meta name=\"description\" content=\"Une hausse du thermom\u00e8tre est attendue, ce samedi 15 juillet avec des temp\u00e9ratures qui atteindront jusqu\u2019\u00e0 47 degr\u00e9s.\" \/>\n<link rel=\"canonical\" href=\"https:\/\/www.webdo.tn\/fr\/actualite\/national\/des-temperatures-comprises-entre-39-et-47-degres-ce-samedi\/207256\/\" \/>\n<meta property=\"og:locale\" content=\"fr_FR\" \/>\n<meta property=\"og:type\" content=\"article\" \/>\n<meta property=\"og:title\" content=\"Des temp\u00e9ratures comprises entre 39 et 47 degr\u00e9s, ce samedi\" \/>\n<meta property=\"og:description\" content=\"Une hausse du thermom\u00e8tre est attendue, ce samedi 15 juillet avec des temp\u00e9ratures qui atteindront jusqu\u2019\u00e0 47 degr\u00e9s.\" \/>\n<meta property=\"og:url\" content=\"https:\/\/www.webdo.tn\/fr\/actualite\/national\/des-temperatures-comprises-entre-39-et-47-degres-ce-samedi\/207256\/\" \/>\n<meta property=\"og:site_name\" content=\"webdo\" \/>\n<meta property=\"article:publisher\" content=\"https:\/\/www.facebook.com\/webdotn\" \/>\n<meta property=\"article:published_time\" content=\"2023-07-15T09:11:00+00:00\" \/>\n<meta property=\"article:modified_time\" content=\"2025-05-20T21:58:23+00:00\" \/>\n<meta property=\"og:image\" content=\"https:\/\/www.webdo.tn\/fr\/wp-content\/uploads\/2023\/07\/e841d0e5aa0a72961f8f9e26f77f9502.jpg\" \/>\n\t<meta property=\"og:image:width\" content=\"750\" \/>\n\t<meta property=\"og:image:height\" content=\"400\" \/>\n\t<meta property=\"og:image:type\" content=\"image\/jpeg\" \/>\n<meta name=\"author\" content=\"MC\" \/>\n<meta name=\"twitter:card\" content=\"summary_large_image\" \/>\n<meta name=\"twitter:creator\" content=\"@webdo_tn\" \/>\n<meta name=\"twitter:site\" content=\"@webdo_tn\" \/>\n<meta name=\"twitter:label1\" content=\"\u00c9crit par\" \/>\n\t<meta name=\"twitter:data1\" content=\"MC\" \/>\n\t<meta name=\"twitter:label2\" content=\"Dur\u00e9e de lecture estim\u00e9e\" \/>\n\t<meta name=\"twitter:data2\" content=\"1 minute\" \/>\n<script type=\"application\/ld+json\" class=\"yoast-schema-graph\">{\"@context\":\"https:\\\/\\\/schema.org\",\"@graph\":[{\"@type\":\"NewsArticle\",\"@id\":\"https:\\\/\\\/www.webdo.tn\\\/fr\\\/actualite\\\/national\\\/des-temperatures-comprises-entre-39-et-47-degres-ce-samedi\\\/207256\\\/#article\",\"isPartOf\":{\"@id\":\"https:\\\/\\\/www.webdo.tn\\\/fr\\\/actualite\\\/national\\\/des-temperatures-comprises-entre-39-et-47-degres-ce-samedi\\\/207256\\\/\"},\"author\":{\"name\":\"MC\",\"@id\":\"https:\\\/\\\/www.webdo.tn\\\/fr\\\/#\\\/schema\\\/person\\\/2c4929cbf5a809e3bd38617c6ce150f6\"},\"headline\":\"Des temp\u00e9ratures comprises entre 39 et 47 degr\u00e9s, ce samedi\",\"datePublished\":\"2023-07-15T09:11:00+00:00\",\"dateModified\":\"2025-05-20T21:58:23+00:00\",\"mainEntityOfPage\":{\"@id\":\"https:\\\/\\\/www.webdo.tn\\\/fr\\\/actualite\\\/national\\\/des-temperatures-comprises-entre-39-et-47-degres-ce-samedi\\\/207256\\\/\"},\"wordCount\":140,\"commentCount\":0,\"publisher\":{\"@id\":\"https:\\\/\\\/www.webdo.tn\\\/fr\\\/#organization\"},\"image\":{\"@id\":\"https:\\\/\\\/www.webdo.tn\\\/fr\\\/actualite\\\/national\\\/des-temperatures-comprises-entre-39-et-47-degres-ce-samedi\\\/207256\\\/#primaryimage\"},\"thumbnailUrl\":\"https:\\\/\\\/www.webdo.tn\\\/fr\\\/wp-content\\\/uploads\\\/2023\\\/07\\\/e841d0e5aa0a72961f8f9e26f77f9502.jpg\",\"keywords\":[\"Canicule\",\"chaleur\",\"m\u00e9t\u00e9o\",\"temp\u00e9ratures\",\"Tunisie\"],\"articleSection\":[\"National\"],\"inLanguage\":\"fr-FR\"},{\"@type\":\"WebPage\",\"@id\":\"https:\\\/\\\/www.webdo.tn\\\/fr\\\/actualite\\\/national\\\/des-temperatures-comprises-entre-39-et-47-degres-ce-samedi\\\/207256\\\/\",\"url\":\"https:\\\/\\\/www.webdo.tn\\\/fr\\\/actualite\\\/national\\\/des-temperatures-comprises-entre-39-et-47-degres-ce-samedi\\\/207256\\\/\",\"name\":\"Des temp\u00e9ratures comprises entre 39 et 47 degr\u00e9s, ce samedi\",\"isPartOf\":{\"@id\":\"https:\\\/\\\/www.webdo.tn\\\/fr\\\/#website\"},\"primaryImageOfPage\":{\"@id\":\"https:\\\/\\\/www.webdo.tn\\\/fr\\\/actualite\\\/national\\\/des-temperatures-comprises-entre-39-et-47-degres-ce-samedi\\\/207256\\\/#primaryimage\"},\"image\":{\"@id\":\"https:\\\/\\\/www.webdo.tn\\\/fr\\\/actualite\\\/national\\\/des-temperatures-comprises-entre-39-et-47-degres-ce-samedi\\\/207256\\\/#primaryimage\"},\"thumbnailUrl\":\"https:\\\/\\\/www.webdo.tn\\\/fr\\\/wp-content\\\/uploads\\\/2023\\\/07\\\/e841d0e5aa0a72961f8f9e26f77f9502.jpg\",\"datePublished\":\"2023-07-15T09:11:00+00:00\",\"dateModified\":\"2025-05-20T21:58:23+00:00\",\"description\":\"Une hausse du thermom\u00e8tre est attendue, ce samedi 15 juillet avec des temp\u00e9ratures qui atteindront jusqu\u2019\u00e0 47 degr\u00e9s.\",\"breadcrumb\":{\"@id\":\"https:\\\/\\\/www.webdo.tn\\\/fr\\\/actualite\\\/national\\\/des-temperatures-comprises-entre-39-et-47-degres-ce-samedi\\\/207256\\\/#breadcrumb\"},\"inLanguage\":\"fr-FR\",\"potentialAction\":[{\"@type\":\"ReadAction\",\"target\":[\"https:\\\/\\\/www.webdo.tn\\\/fr\\\/actualite\\\/national\\\/des-temperatures-comprises-entre-39-et-47-degres-ce-samedi\\\/207256\\\/\"]}]},{\"@type\":\"ImageObject\",\"inLanguage\":\"fr-FR\",\"@id\":\"https:\\\/\\\/www.webdo.tn\\\/fr\\\/actualite\\\/national\\\/des-temperatures-comprises-entre-39-et-47-degres-ce-samedi\\\/207256\\\/#primaryimage\",\"url\":\"https:\\\/\\\/www.webdo.tn\\\/fr\\\/wp-content\\\/uploads\\\/2023\\\/07\\\/e841d0e5aa0a72961f8f9e26f77f9502.jpg\",\"contentUrl\":\"https:\\\/\\\/www.webdo.tn\\\/fr\\\/wp-content\\\/uploads\\\/2023\\\/07\\\/e841d0e5aa0a72961f8f9e26f77f9502.jpg\",\"width\":750,\"height\":400,\"caption\":\"Des temp\u00e9ratures comprises entre 39 et 47 degr\u00e9s, ce samedi\"},{\"@type\":\"BreadcrumbList\",\"@id\":\"https:\\\/\\\/www.webdo.tn\\\/fr\\\/actualite\\\/national\\\/des-temperatures-comprises-entre-39-et-47-degres-ce-samedi\\\/207256\\\/#breadcrumb\",\"itemListElement\":[{\"@type\":\"ListItem\",\"position\":1,\"name\":\"Accueil\",\"item\":\"https:\\\/\\\/www.webdo.tn\\\/fr\\\/\"},{\"@type\":\"ListItem\",\"position\":2,\"name\":\"Des temp\u00e9ratures comprises entre 39 et 47 degr\u00e9s, ce samedi\"}]},{\"@type\":\"WebSite\",\"@id\":\"https:\\\/\\\/www.webdo.tn\\\/fr\\\/#website\",\"url\":\"https:\\\/\\\/www.webdo.tn\\\/fr\\\/\",\"name\":\"webdo\",\"description\":\"Tunisie - News en Tunisie et \u00e0 l&#039;international sur Webdo.tn\",\"publisher\":{\"@id\":\"https:\\\/\\\/www.webdo.tn\\\/fr\\\/#organization\"},\"potentialAction\":[{\"@type\":\"SearchAction\",\"target\":{\"@type\":\"EntryPoint\",\"urlTemplate\":\"https:\\\/\\\/www.webdo.tn\\\/fr\\\/?s={search_term_string}\"},\"query-input\":{\"@type\":\"PropertyValueSpecification\",\"valueRequired\":true,\"valueName\":\"search_term_string\"}}],\"inLanguage\":\"fr-FR\"},{\"@type\":\"Organization\",\"@id\":\"https:\\\/\\\/www.webdo.tn\\\/fr\\\/#organization\",\"name\":\"Webdo\",\"alternateName\":\"Webdo.tn\",\"url\":\"https:\\\/\\\/www.webdo.tn\\\/fr\\\/\",\"logo\":{\"@type\":\"ImageObject\",\"inLanguage\":\"fr-FR\",\"@id\":\"https:\\\/\\\/www.webdo.tn\\\/fr\\\/#\\\/schema\\\/logo\\\/image\\\/\",\"url\":\"https:\\\/\\\/www.webdo.tn\\\/fr\\\/wp-content\\\/uploads\\\/2025\\\/06\\\/Webdo-Tunisie_168377.jpg\",\"contentUrl\":\"https:\\\/\\\/www.webdo.tn\\\/fr\\\/wp-content\\\/uploads\\\/2025\\\/06\\\/Webdo-Tunisie_168377.jpg\",\"width\":301,\"height\":301,\"caption\":\"Webdo\"},\"image\":{\"@id\":\"https:\\\/\\\/www.webdo.tn\\\/fr\\\/#\\\/schema\\\/logo\\\/image\\\/\"},\"sameAs\":[\"https:\\\/\\\/www.facebook.com\\\/webdotn\",\"https:\\\/\\\/x.com\\\/webdo_tn\"],\"description\":\"Webdo est un m\u00e9dia num\u00e9rique tunisien fond\u00e9 en 2010, sp\u00e9cialis\u00e9 dans l\u2019actualit\u00e9 nationale et internationale, l\u2019\u00e9conomie, la soci\u00e9t\u00e9 et les analyses politiques. Le site s\u2019adresse \u00e0 un large public francophone et couvre l\u2019information tunisienne en temps r\u00e9el.\",\"email\":\"redac@webdo.tn\",\"legalName\":\"YNJ SARL\",\"foundingDate\":\"2010-09-06\",\"numberOfEmployees\":{\"@type\":\"QuantitativeValue\",\"minValue\":\"11\",\"maxValue\":\"50\"}},{\"@type\":\"Person\",\"@id\":\"https:\\\/\\\/www.webdo.tn\\\/fr\\\/#\\\/schema\\\/person\\\/2c4929cbf5a809e3bd38617c6ce150f6\",\"name\":\"MC\",\"image\":{\"@type\":\"ImageObject\",\"inLanguage\":\"fr-FR\",\"@id\":\"https:\\\/\\\/secure.gravatar.com\\\/avatar\\\/a545bbb6f84efdd5553dbbc2895e3ca8f1d12c5215e00a041c9670b54aa9b18a?s=96&d=mm&r=g\",\"url\":\"https:\\\/\\\/secure.gravatar.com\\\/avatar\\\/a545bbb6f84efdd5553dbbc2895e3ca8f1d12c5215e00a041c9670b54aa9b18a?s=96&d=mm&r=g\",\"contentUrl\":\"https:\\\/\\\/secure.gravatar.com\\\/avatar\\\/a545bbb6f84efdd5553dbbc2895e3ca8f1d12c5215e00a041c9670b54aa9b18a?s=96&d=mm&r=g\",\"caption\":\"MC\"},\"url\":\"https:\\\/\\\/www.webdo.tn\\\/fr\\\/actualite\\\/author\\\/mc\\\/\"}]}<\/script>\n<!-- \/ Yoast SEO Premium plugin. -->","yoast_head_json":{"title":"Des temp\u00e9ratures comprises entre 39 et 47 degr\u00e9s, ce samedi","description":"Une hausse du thermom\u00e8tre est attendue, ce samedi 15 juillet avec des temp\u00e9ratures qui atteindront jusqu\u2019\u00e0 47 degr\u00e9s.","canonical":"https:\/\/www.webdo.tn\/fr\/actualite\/national\/des-temperatures-comprises-entre-39-et-47-degres-ce-samedi\/207256\/","og_locale":"fr_FR","og_type":"article","og_title":"Des temp\u00e9ratures comprises entre 39 et 47 degr\u00e9s, ce samedi","og_description":"Une hausse du thermom\u00e8tre est attendue, ce samedi 15 juillet avec des temp\u00e9ratures qui atteindront jusqu\u2019\u00e0 47 degr\u00e9s.","og_url":"https:\/\/www.webdo.tn\/fr\/actualite\/national\/des-temperatures-comprises-entre-39-et-47-degres-ce-samedi\/207256\/","og_site_name":"webdo","article_publisher":"https:\/\/www.facebook.com\/webdotn","article_published_time":"2023-07-15T09:11:00+00:00","article_modified_time":"2025-05-20T21:58:23+00:00","og_image":[{"width":750,"height":400,"url":"https:\/\/www.webdo.tn\/fr\/wp-content\/uploads\/2023\/07\/e841d0e5aa0a72961f8f9e26f77f9502.jpg","type":"image\/jpeg"}],"author":"MC","twitter_card":"summary_large_image","twitter_creator":"@webdo_tn","twitter_site":"@webdo_tn","twitter_misc":{"\u00c9crit par":"MC","Dur\u00e9e de lecture estim\u00e9e":"1 minute"},"schema":{"@context":"https:\/\/schema.org","@graph":[{"@type":"NewsArticle","@id":"https:\/\/www.webdo.tn\/fr\/actualite\/national\/des-temperatures-comprises-entre-39-et-47-degres-ce-samedi\/207256\/#article","isPartOf":{"@id":"https:\/\/www.webdo.tn\/fr\/actualite\/national\/des-temperatures-comprises-entre-39-et-47-degres-ce-samedi\/207256\/"},"author":{"name":"MC","@id":"https:\/\/www.webdo.tn\/fr\/#\/schema\/person\/2c4929cbf5a809e3bd38617c6ce150f6"},"headline":"Des temp\u00e9ratures comprises entre 39 et 47 degr\u00e9s, ce samedi","datePublished":"2023-07-15T09:11:00+00:00","dateModified":"2025-05-20T21:58:23+00:00","mainEntityOfPage":{"@id":"https:\/\/www.webdo.tn\/fr\/actualite\/national\/des-temperatures-comprises-entre-39-et-47-degres-ce-samedi\/207256\/"},"wordCount":140,"commentCount":0,"publisher":{"@id":"https:\/\/www.webdo.tn\/fr\/#organization"},"image":{"@id":"https:\/\/www.webdo.tn\/fr\/actualite\/national\/des-temperatures-comprises-entre-39-et-47-degres-ce-samedi\/207256\/#primaryimage"},"thumbnailUrl":"https:\/\/www.webdo.tn\/fr\/wp-content\/uploads\/2023\/07\/e841d0e5aa0a72961f8f9e26f77f9502.jpg","keywords":["Canicule","chaleur","m\u00e9t\u00e9o","temp\u00e9ratures","Tunisie"],"articleSection":["National"],"inLanguage":"fr-FR"},{"@type":"WebPage","@id":"https:\/\/www.webdo.tn\/fr\/actualite\/national\/des-temperatures-comprises-entre-39-et-47-degres-ce-samedi\/207256\/","url":"https:\/\/www.webdo.tn\/fr\/actualite\/national\/des-temperatures-comprises-entre-39-et-47-degres-ce-samedi\/207256\/","name":"Des temp\u00e9ratures comprises entre 39 et 47 degr\u00e9s, ce samedi","isPartOf":{"@id":"https:\/\/www.webdo.tn\/fr\/#website"},"primaryImageOfPage":{"@id":"https:\/\/www.webdo.tn\/fr\/actualite\/national\/des-temperatures-comprises-entre-39-et-47-degres-ce-samedi\/207256\/#primaryimage"},"image":{"@id":"https:\/\/www.webdo.tn\/fr\/actualite\/national\/des-temperatures-comprises-entre-39-et-47-degres-ce-samedi\/207256\/#primaryimage"},"thumbnailUrl":"https:\/\/www.webdo.tn\/fr\/wp-content\/uploads\/2023\/07\/e841d0e5aa0a72961f8f9e26f77f9502.jpg","datePublished":"2023-07-15T09:11:00+00:00","dateModified":"2025-05-20T21:58:23+00:00","description":"Une hausse du thermom\u00e8tre est attendue, ce samedi 15 juillet avec des temp\u00e9ratures qui atteindront jusqu\u2019\u00e0 47 degr\u00e9s.","breadcrumb":{"@id":"https:\/\/www.webdo.tn\/fr\/actualite\/national\/des-temperatures-comprises-entre-39-et-47-degres-ce-samedi\/207256\/#breadcrumb"},"inLanguage":"fr-FR","potentialAction":[{"@type":"ReadAction","target":["https:\/\/www.webdo.tn\/fr\/actualite\/national\/des-temperatures-comprises-entre-39-et-47-degres-ce-samedi\/207256\/"]}]},{"@type":"ImageObject","inLanguage":"fr-FR","@id":"https:\/\/www.webdo.tn\/fr\/actualite\/national\/des-temperatures-comprises-entre-39-et-47-degres-ce-samedi\/207256\/#primaryimage","url":"https:\/\/www.webdo.tn\/fr\/wp-content\/uploads\/2023\/07\/e841d0e5aa0a72961f8f9e26f77f9502.jpg","contentUrl":"https:\/\/www.webdo.tn\/fr\/wp-content\/uploads\/2023\/07\/e841d0e5aa0a72961f8f9e26f77f9502.jpg","width":750,"height":400,"caption":"Des temp\u00e9ratures comprises entre 39 et 47 degr\u00e9s, ce samedi"},{"@type":"BreadcrumbList","@id":"https:\/\/www.webdo.tn\/fr\/actualite\/national\/des-temperatures-comprises-entre-39-et-47-degres-ce-samedi\/207256\/#breadcrumb","itemListElement":[{"@type":"ListItem","position":1,"name":"Accueil","item":"https:\/\/www.webdo.tn\/fr\/"},{"@type":"ListItem","position":2,"name":"Des temp\u00e9ratures comprises entre 39 et 47 degr\u00e9s, ce samedi"}]},{"@type":"WebSite","@id":"https:\/\/www.webdo.tn\/fr\/#website","url":"https:\/\/www.webdo.tn\/fr\/","name":"webdo","description":"Tunisie - News en Tunisie et \u00e0 l&#039;international sur Webdo.tn","publisher":{"@id":"https:\/\/www.webdo.tn\/fr\/#organization"},"potentialAction":[{"@type":"SearchAction","target":{"@type":"EntryPoint","urlTemplate":"https:\/\/www.webdo.tn\/fr\/?s={search_term_string}"},"query-input":{"@type":"PropertyValueSpecification","valueRequired":true,"valueName":"search_term_string"}}],"inLanguage":"fr-FR"},{"@type":"Organization","@id":"https:\/\/www.webdo.tn\/fr\/#organization","name":"Webdo","alternateName":"Webdo.tn","url":"https:\/\/www.webdo.tn\/fr\/","logo":{"@type":"ImageObject","inLanguage":"fr-FR","@id":"https:\/\/www.webdo.tn\/fr\/#\/schema\/logo\/image\/","url":"https:\/\/www.webdo.tn\/fr\/wp-content\/uploads\/2025\/06\/Webdo-Tunisie_168377.jpg","contentUrl":"https:\/\/www.webdo.tn\/fr\/wp-content\/uploads\/2025\/06\/Webdo-Tunisie_168377.jpg","width":301,"height":301,"caption":"Webdo"},"image":{"@id":"https:\/\/www.webdo.tn\/fr\/#\/schema\/logo\/image\/"},"sameAs":["https:\/\/www.facebook.com\/webdotn","https:\/\/x.com\/webdo_tn"],"description":"Webdo est un m\u00e9dia num\u00e9rique tunisien fond\u00e9 en 2010, sp\u00e9cialis\u00e9 dans l\u2019actualit\u00e9 nationale et internationale, l\u2019\u00e9conomie, la soci\u00e9t\u00e9 et les analyses politiques. Le site s\u2019adresse \u00e0 un large public francophone et couvre l\u2019information tunisienne en temps r\u00e9el.","email":"redac@webdo.tn","legalName":"YNJ SARL","foundingDate":"2010-09-06","numberOfEmployees":{"@type":"QuantitativeValue","minValue":"11","maxValue":"50"}},{"@type":"Person","@id":"https:\/\/www.webdo.tn\/fr\/#\/schema\/person\/2c4929cbf5a809e3bd38617c6ce150f6","name":"MC","image":{"@type":"ImageObject","inLanguage":"fr-FR","@id":"https:\/\/secure.gravatar.com\/avatar\/a545bbb6f84efdd5553dbbc2895e3ca8f1d12c5215e00a041c9670b54aa9b18a?s=96&d=mm&r=g","url":"https:\/\/secure.gravatar.com\/avatar\/a545bbb6f84efdd5553dbbc2895e3ca8f1d12c5215e00a041c9670b54aa9b18a?s=96&d=mm&r=g","contentUrl":"https:\/\/secure.gravatar.com\/avatar\/a545bbb6f84efdd5553dbbc2895e3ca8f1d12c5215e00a041c9670b54aa9b18a?s=96&d=mm&r=g","caption":"MC"},"url":"https:\/\/www.webdo.tn\/fr\/actualite\/author\/mc\/"}]}},"_links":{"self":[{"href":"https:\/\/www.webdo.tn\/fr\/wp-json\/wp\/v2\/posts\/207256","targetHints":{"allow":["GET"]}}],"collection":[{"href":"https:\/\/www.webdo.tn\/fr\/wp-json\/wp\/v2\/posts"}],"about":[{"href":"https:\/\/www.webdo.tn\/fr\/wp-json\/wp\/v2\/types\/post"}],"author":[{"embeddable":true,"href":"https:\/\/www.webdo.tn\/fr\/wp-json\/wp\/v2\/users\/3162"}],"replies":[{"embeddable":true,"href":"https:\/\/www.webdo.tn\/fr\/wp-json\/wp\/v2\/comments?post=207256"}],"version-history":[{"count":0,"href":"https:\/\/www.webdo.tn\/fr\/wp-json\/wp\/v2\/posts\/207256\/revisions"}],"wp:featuredmedia":[{"embeddable":true,"href":"https:\/\/www.webdo.tn\/fr\/wp-json\/wp\/v2\/media\/249766"}],"wp:attachment":[{"href":"https:\/\/www.webdo.tn\/fr\/wp-json\/wp\/v2\/media?parent=207256"}],"wp:term":[{"taxonomy":"category","embeddable":true,"href":"https:\/\/www.webdo.tn\/fr\/wp-json\/wp\/v2\/categories?post=207256"},{"taxonomy":"post_tag","embeddable":true,"href":"https:\/\/www.webdo.tn\/fr\/wp-json\/wp\/v2\/tags?post=207256"}],"curies":[{"name":"wp","href":"https:\/\/api.w.org\/{rel}","templated":true}]}}