{"id":207240,"date":"2023-07-14T15:43:00","date_gmt":"2023-07-14T15:43:00","guid":{"rendered":"https:\/\/www.webdo.tn\/fr\/blog\/ooredoo-organise-une-ceremonie-a-l-honneur-des-sept-laureats-du-bac\/207240\/"},"modified":"2025-05-20T22:32:46","modified_gmt":"2025-05-20T22:32:46","slug":"ooredoo-organise-une-ceremonie-a-l-honneur-des-sept-laureats-du-bac","status":"publish","type":"post","link":"https:\/\/www.webdo.tn\/fr\/actualite\/national\/ooredoo-organise-une-ceremonie-a-l-honneur-des-sept-laureats-du-bac\/207240\/","title":{"rendered":"Ooredoo organise une c\u00e9r\u00e9monie \u00e0 l\u2019honneur des sept laur\u00e9ats du Bac"},"content":{"rendered":"<p>Apr\u00e8s leur brillante r\u00e9ussite aux examens du baccalaur\u00e9at de l&rsquo;ann\u00e9e scolaire 2022\/2023, Ooredoo Tunisie a organis\u00e9 une c\u00e9r\u00e9monie de distinction \u00e0 l\u2019honneur de 7 \u00e9l\u00e8ves qui se sont distingu\u00e9s durant cette \u00e9preuve au niveau national, une c\u00e9r\u00e9monie qui a eu lieu au sein du si\u00e8ge Ooredoo au Lac 2 de Tunis, en pr\u00e9sence de leurs parents, familles et amis, et en pr\u00e9sence de M. Mansoor Rashid Al Khater, directeur g\u00e9n\u00e9ral d&rsquo;Ooredoo, et de plusieurs responsables de la soci\u00e9t\u00e9.<\/p>\n<p>\t\t\t\t\t\t\t\t\tLe secteur de l&rsquo;\u00e9ducation repr\u00e9sente l&rsquo;un des fondements et piliers les plus importants sur lesquels repose le programme de responsabilit\u00e9 soci\u00e9tale des entreprises d&rsquo;Ooredoo, \u00ab\u00a0Tounes t3ich\u00a0\u00bb, et honore tous les contributeurs de pr\u00e8s ou de loin au progr\u00e8s et au d\u00e9veloppement de l&rsquo;\u00e9ducation et \u00e0 sa promotion vers un avenir radieux.<\/p>\n<p>Encourager les jeunes laur\u00e9ats \u00e0 croire encore plus en eux, en leurs talent et moyens, d\u00e9coule de la conviction irr\u00e9vocable d\u2019Ooredoo qu&rsquo;ils repr\u00e9sentent l&rsquo;avenir d\u2019un monde meilleur, et investir dans les esprits est la base du progr\u00e8s et du d\u00e9veloppement durable.<\/p>\n<p>Cet \u00e9v\u00e9nement a \u00e9t\u00e9 une occasion de c\u00e9l\u00e9brer l&rsquo;accomplissement extraordinaire de ces jeunes qui repr\u00e9sentent les diff\u00e9rents gouvernorats tunisiens, mais aussi l\u2019occasion de rendre hommage \u00e0 l&rsquo;\u00e9cole publique tunisienne, qui ne cesse depuis de tr\u00e8s longues ann\u00e9es de nous \u00e9pater avec des \u00e9l\u00e8ves exceptionnels qui ont pu plus tard, avec cet enseignement 100%\u00a0 tunisien, occuper les postes les plus prestigieux et\u00a0 importants, non seulement en Tunisie, mais aussi \u00e0 l\u2019international et au sein des meilleures entreprises et organisations.<\/p>\n<p>\u00ab Nous sommes tr\u00e8s fiers aujourd&rsquo;hui de recevoir ces \u00e9l\u00e8ves exceptionnels dans ce centre. Je voudrais \u00e9galement exprimer, au nom de toute la famille Ooredoo, notre profonde gratitude \u00e0 tout le cadre \u00e9ducatif et aux familles des \u00e9l\u00e8ves, en particulier leurs parents qui ont grandement contribu\u00e9 \u00e0 cette r\u00e9ussite, non seulement sur le plan estudiantin, mais aussi sur le chemin de la r\u00e9ussite personnelle et sociale.<\/p>\n<p>Notre foi est in\u00e9branlable chez Ooredoo du fait qu\u2019un avenir radieux vous attend certainement o\u00f9 que vous alliez, et j&rsquo;ai h\u00e2te de voir vos pr\u00e9cieuses contributions futures dans la soci\u00e9t\u00e9. \u00bb, a affirm\u00e9 M. Mansoor Rashid Al Khater, Directeur G\u00e9n\u00e9ral d&rsquo;Ooredoo, en marge de cette c\u00e9r\u00e9monie.<\/p>\n","protected":false},"excerpt":{"rendered":"<p>Apr\u00e8s leur brillante r\u00e9ussite aux examens du baccalaur\u00e9at de l&rsquo;ann\u00e9e scolaire 2022\/2023, Ooredoo Tunisie a organis\u00e9 une c\u00e9r\u00e9monie de distinction \u00e0 l\u2019honneur de&#8230;<\/p>\n","protected":false},"author":3169,"featured_media":249761,"comment_status":"open","ping_status":"closed","sticky":false,"template":"","format":"standard","meta":{"footnotes":""},"categories":[44],"tags":[8197,2785,4258],"class_list":["post-207240","post","type-post","status-publish","format-standard","has-post-thumbnail","hentry","category-national","tag-bac-2023","tag-baccalaureat","tag-ooredoo"],"yoast_head":"<!-- This site is optimized with the Yoast SEO Premium plugin v27.4 (Yoast SEO v27.5) - https:\/\/yoast.com\/product\/yoast-seo-premium-wordpress\/ -->\n<title>Ooredoo organise une c\u00e9r\u00e9monie \u00e0 l\u2019honneur des sept laur\u00e9ats du Bac<\/title>\n<meta name=\"description\" content=\"Apr\u00e8s leur brillante r\u00e9ussite aux examens du baccalaur\u00e9at de l&#039;ann\u00e9e scolaire 2022\/2023, Ooredoo Tunisie a organis\u00e9 une c\u00e9r\u00e9monie de distinction \u00e0 l\u2019honneur de...\" \/>\n<link rel=\"canonical\" href=\"https:\/\/www.webdo.tn\/fr\/actualite\/national\/ooredoo-organise-une-ceremonie-a-l-honneur-des-sept-laureats-du-bac\/207240\/\" \/>\n<meta property=\"og:locale\" content=\"fr_FR\" \/>\n<meta property=\"og:type\" content=\"article\" \/>\n<meta property=\"og:title\" content=\"Ooredoo organise une c\u00e9r\u00e9monie \u00e0 l\u2019honneur des sept laur\u00e9ats du Bac\" \/>\n<meta property=\"og:description\" content=\"Apr\u00e8s leur brillante r\u00e9ussite aux examens du baccalaur\u00e9at de l&#039;ann\u00e9e scolaire 2022\/2023, Ooredoo Tunisie a organis\u00e9 une c\u00e9r\u00e9monie de distinction \u00e0 l\u2019honneur de...\" \/>\n<meta property=\"og:url\" content=\"https:\/\/www.webdo.tn\/fr\/actualite\/national\/ooredoo-organise-une-ceremonie-a-l-honneur-des-sept-laureats-du-bac\/207240\/\" \/>\n<meta property=\"og:site_name\" content=\"webdo\" \/>\n<meta property=\"article:publisher\" content=\"https:\/\/www.facebook.com\/webdotn\" \/>\n<meta property=\"article:published_time\" content=\"2023-07-14T15:43:00+00:00\" \/>\n<meta property=\"article:modified_time\" content=\"2025-05-20T22:32:46+00:00\" \/>\n<meta property=\"og:image\" content=\"https:\/\/www.webdo.tn\/fr\/wp-content\/uploads\/2023\/07\/7615d96b6a362d6f53125abb67c4564f.jpg\" \/>\n\t<meta property=\"og:image:width\" content=\"750\" \/>\n\t<meta property=\"og:image:height\" content=\"400\" \/>\n\t<meta property=\"og:image:type\" content=\"image\/jpeg\" \/>\n<meta name=\"author\" content=\"Webdo\" \/>\n<meta name=\"twitter:card\" content=\"summary_large_image\" \/>\n<meta name=\"twitter:creator\" content=\"@webdo_tn\" \/>\n<meta name=\"twitter:site\" content=\"@webdo_tn\" \/>\n<meta name=\"twitter:label1\" content=\"\u00c9crit par\" \/>\n\t<meta name=\"twitter:data1\" content=\"Webdo\" \/>\n\t<meta name=\"twitter:label2\" content=\"Dur\u00e9e de lecture estim\u00e9e\" \/>\n\t<meta name=\"twitter:data2\" content=\"2 minutes\" \/>\n<script type=\"application\/ld+json\" class=\"yoast-schema-graph\">{\"@context\":\"https:\\\/\\\/schema.org\",\"@graph\":[{\"@type\":\"NewsArticle\",\"@id\":\"https:\\\/\\\/www.webdo.tn\\\/fr\\\/actualite\\\/national\\\/ooredoo-organise-une-ceremonie-a-l-honneur-des-sept-laureats-du-bac\\\/207240\\\/#article\",\"isPartOf\":{\"@id\":\"https:\\\/\\\/www.webdo.tn\\\/fr\\\/actualite\\\/national\\\/ooredoo-organise-une-ceremonie-a-l-honneur-des-sept-laureats-du-bac\\\/207240\\\/\"},\"author\":{\"name\":\"Webdo\",\"@id\":\"https:\\\/\\\/www.webdo.tn\\\/fr\\\/#\\\/schema\\\/person\\\/1f4e491e0907b413d61089e8eb573acc\"},\"headline\":\"Ooredoo organise une c\u00e9r\u00e9monie \u00e0 l\u2019honneur des sept laur\u00e9ats du Bac\",\"datePublished\":\"2023-07-14T15:43:00+00:00\",\"dateModified\":\"2025-05-20T22:32:46+00:00\",\"mainEntityOfPage\":{\"@id\":\"https:\\\/\\\/www.webdo.tn\\\/fr\\\/actualite\\\/national\\\/ooredoo-organise-une-ceremonie-a-l-honneur-des-sept-laureats-du-bac\\\/207240\\\/\"},\"wordCount\":429,\"commentCount\":0,\"publisher\":{\"@id\":\"https:\\\/\\\/www.webdo.tn\\\/fr\\\/#organization\"},\"image\":{\"@id\":\"https:\\\/\\\/www.webdo.tn\\\/fr\\\/actualite\\\/national\\\/ooredoo-organise-une-ceremonie-a-l-honneur-des-sept-laureats-du-bac\\\/207240\\\/#primaryimage\"},\"thumbnailUrl\":\"https:\\\/\\\/www.webdo.tn\\\/fr\\\/wp-content\\\/uploads\\\/2023\\\/07\\\/7615d96b6a362d6f53125abb67c4564f.jpg\",\"keywords\":[\"Bac 2023\",\"baccalaur\u00e9at\",\"ooredoo\"],\"articleSection\":[\"National\"],\"inLanguage\":\"fr-FR\"},{\"@type\":\"WebPage\",\"@id\":\"https:\\\/\\\/www.webdo.tn\\\/fr\\\/actualite\\\/national\\\/ooredoo-organise-une-ceremonie-a-l-honneur-des-sept-laureats-du-bac\\\/207240\\\/\",\"url\":\"https:\\\/\\\/www.webdo.tn\\\/fr\\\/actualite\\\/national\\\/ooredoo-organise-une-ceremonie-a-l-honneur-des-sept-laureats-du-bac\\\/207240\\\/\",\"name\":\"Ooredoo organise une c\u00e9r\u00e9monie \u00e0 l\u2019honneur des sept laur\u00e9ats du Bac\",\"isPartOf\":{\"@id\":\"https:\\\/\\\/www.webdo.tn\\\/fr\\\/#website\"},\"primaryImageOfPage\":{\"@id\":\"https:\\\/\\\/www.webdo.tn\\\/fr\\\/actualite\\\/national\\\/ooredoo-organise-une-ceremonie-a-l-honneur-des-sept-laureats-du-bac\\\/207240\\\/#primaryimage\"},\"image\":{\"@id\":\"https:\\\/\\\/www.webdo.tn\\\/fr\\\/actualite\\\/national\\\/ooredoo-organise-une-ceremonie-a-l-honneur-des-sept-laureats-du-bac\\\/207240\\\/#primaryimage\"},\"thumbnailUrl\":\"https:\\\/\\\/www.webdo.tn\\\/fr\\\/wp-content\\\/uploads\\\/2023\\\/07\\\/7615d96b6a362d6f53125abb67c4564f.jpg\",\"datePublished\":\"2023-07-14T15:43:00+00:00\",\"dateModified\":\"2025-05-20T22:32:46+00:00\",\"description\":\"Apr\u00e8s leur brillante r\u00e9ussite aux examens du baccalaur\u00e9at de l'ann\u00e9e scolaire 2022\\\/2023, Ooredoo Tunisie a organis\u00e9 une c\u00e9r\u00e9monie de distinction \u00e0 l\u2019honneur de...\",\"breadcrumb\":{\"@id\":\"https:\\\/\\\/www.webdo.tn\\\/fr\\\/actualite\\\/national\\\/ooredoo-organise-une-ceremonie-a-l-honneur-des-sept-laureats-du-bac\\\/207240\\\/#breadcrumb\"},\"inLanguage\":\"fr-FR\",\"potentialAction\":[{\"@type\":\"ReadAction\",\"target\":[\"https:\\\/\\\/www.webdo.tn\\\/fr\\\/actualite\\\/national\\\/ooredoo-organise-une-ceremonie-a-l-honneur-des-sept-laureats-du-bac\\\/207240\\\/\"]}]},{\"@type\":\"ImageObject\",\"inLanguage\":\"fr-FR\",\"@id\":\"https:\\\/\\\/www.webdo.tn\\\/fr\\\/actualite\\\/national\\\/ooredoo-organise-une-ceremonie-a-l-honneur-des-sept-laureats-du-bac\\\/207240\\\/#primaryimage\",\"url\":\"https:\\\/\\\/www.webdo.tn\\\/fr\\\/wp-content\\\/uploads\\\/2023\\\/07\\\/7615d96b6a362d6f53125abb67c4564f.jpg\",\"contentUrl\":\"https:\\\/\\\/www.webdo.tn\\\/fr\\\/wp-content\\\/uploads\\\/2023\\\/07\\\/7615d96b6a362d6f53125abb67c4564f.jpg\",\"width\":750,\"height\":400,\"caption\":\"Ooredoo organise une c\u00e9r\u00e9monie \u00e0 l\u2019honneur des sept laur\u00e9ats du Bac\"},{\"@type\":\"BreadcrumbList\",\"@id\":\"https:\\\/\\\/www.webdo.tn\\\/fr\\\/actualite\\\/national\\\/ooredoo-organise-une-ceremonie-a-l-honneur-des-sept-laureats-du-bac\\\/207240\\\/#breadcrumb\",\"itemListElement\":[{\"@type\":\"ListItem\",\"position\":1,\"name\":\"Accueil\",\"item\":\"https:\\\/\\\/www.webdo.tn\\\/fr\\\/\"},{\"@type\":\"ListItem\",\"position\":2,\"name\":\"Ooredoo organise une c\u00e9r\u00e9monie \u00e0 l\u2019honneur des sept laur\u00e9ats du Bac\"}]},{\"@type\":\"WebSite\",\"@id\":\"https:\\\/\\\/www.webdo.tn\\\/fr\\\/#website\",\"url\":\"https:\\\/\\\/www.webdo.tn\\\/fr\\\/\",\"name\":\"webdo\",\"description\":\"Tunisie - News en Tunisie et \u00e0 l&#039;international sur Webdo.tn\",\"publisher\":{\"@id\":\"https:\\\/\\\/www.webdo.tn\\\/fr\\\/#organization\"},\"potentialAction\":[{\"@type\":\"SearchAction\",\"target\":{\"@type\":\"EntryPoint\",\"urlTemplate\":\"https:\\\/\\\/www.webdo.tn\\\/fr\\\/?s={search_term_string}\"},\"query-input\":{\"@type\":\"PropertyValueSpecification\",\"valueRequired\":true,\"valueName\":\"search_term_string\"}}],\"inLanguage\":\"fr-FR\"},{\"@type\":\"Organization\",\"@id\":\"https:\\\/\\\/www.webdo.tn\\\/fr\\\/#organization\",\"name\":\"Webdo\",\"alternateName\":\"Webdo.tn\",\"url\":\"https:\\\/\\\/www.webdo.tn\\\/fr\\\/\",\"logo\":{\"@type\":\"ImageObject\",\"inLanguage\":\"fr-FR\",\"@id\":\"https:\\\/\\\/www.webdo.tn\\\/fr\\\/#\\\/schema\\\/logo\\\/image\\\/\",\"url\":\"https:\\\/\\\/www.webdo.tn\\\/fr\\\/wp-content\\\/uploads\\\/2025\\\/06\\\/Webdo-Tunisie_168377.jpg\",\"contentUrl\":\"https:\\\/\\\/www.webdo.tn\\\/fr\\\/wp-content\\\/uploads\\\/2025\\\/06\\\/Webdo-Tunisie_168377.jpg\",\"width\":301,\"height\":301,\"caption\":\"Webdo\"},\"image\":{\"@id\":\"https:\\\/\\\/www.webdo.tn\\\/fr\\\/#\\\/schema\\\/logo\\\/image\\\/\"},\"sameAs\":[\"https:\\\/\\\/www.facebook.com\\\/webdotn\",\"https:\\\/\\\/x.com\\\/webdo_tn\"],\"description\":\"Webdo est un m\u00e9dia num\u00e9rique tunisien fond\u00e9 en 2010, sp\u00e9cialis\u00e9 dans l\u2019actualit\u00e9 nationale et internationale, l\u2019\u00e9conomie, la soci\u00e9t\u00e9 et les analyses politiques. Le site s\u2019adresse \u00e0 un large public francophone et couvre l\u2019information tunisienne en temps r\u00e9el.\",\"email\":\"redac@webdo.tn\",\"legalName\":\"YNJ SARL\",\"foundingDate\":\"2010-09-06\",\"numberOfEmployees\":{\"@type\":\"QuantitativeValue\",\"minValue\":\"11\",\"maxValue\":\"50\"}},{\"@type\":\"Person\",\"@id\":\"https:\\\/\\\/www.webdo.tn\\\/fr\\\/#\\\/schema\\\/person\\\/1f4e491e0907b413d61089e8eb573acc\",\"name\":\"Webdo\",\"image\":{\"@type\":\"ImageObject\",\"inLanguage\":\"fr-FR\",\"@id\":\"https:\\\/\\\/secure.gravatar.com\\\/avatar\\\/de97aeec1bb80978a9dbb127e47dfc88aaacb2f3c29aac907d8d3222e3495d49?s=96&d=mm&r=g\",\"url\":\"https:\\\/\\\/secure.gravatar.com\\\/avatar\\\/de97aeec1bb80978a9dbb127e47dfc88aaacb2f3c29aac907d8d3222e3495d49?s=96&d=mm&r=g\",\"contentUrl\":\"https:\\\/\\\/secure.gravatar.com\\\/avatar\\\/de97aeec1bb80978a9dbb127e47dfc88aaacb2f3c29aac907d8d3222e3495d49?s=96&d=mm&r=g\",\"caption\":\"Webdo\"},\"url\":\"https:\\\/\\\/www.webdo.tn\\\/fr\\\/actualite\\\/author\\\/webdo\\\/\"}]}<\/script>\n<!-- \/ Yoast SEO Premium plugin. -->","yoast_head_json":{"title":"Ooredoo organise une c\u00e9r\u00e9monie \u00e0 l\u2019honneur des sept laur\u00e9ats du Bac","description":"Apr\u00e8s leur brillante r\u00e9ussite aux examens du baccalaur\u00e9at de l'ann\u00e9e scolaire 2022\/2023, Ooredoo Tunisie a organis\u00e9 une c\u00e9r\u00e9monie de distinction \u00e0 l\u2019honneur de...","canonical":"https:\/\/www.webdo.tn\/fr\/actualite\/national\/ooredoo-organise-une-ceremonie-a-l-honneur-des-sept-laureats-du-bac\/207240\/","og_locale":"fr_FR","og_type":"article","og_title":"Ooredoo organise une c\u00e9r\u00e9monie \u00e0 l\u2019honneur des sept laur\u00e9ats du Bac","og_description":"Apr\u00e8s leur brillante r\u00e9ussite aux examens du baccalaur\u00e9at de l'ann\u00e9e scolaire 2022\/2023, Ooredoo Tunisie a organis\u00e9 une c\u00e9r\u00e9monie de distinction \u00e0 l\u2019honneur de...","og_url":"https:\/\/www.webdo.tn\/fr\/actualite\/national\/ooredoo-organise-une-ceremonie-a-l-honneur-des-sept-laureats-du-bac\/207240\/","og_site_name":"webdo","article_publisher":"https:\/\/www.facebook.com\/webdotn","article_published_time":"2023-07-14T15:43:00+00:00","article_modified_time":"2025-05-20T22:32:46+00:00","og_image":[{"width":750,"height":400,"url":"https:\/\/www.webdo.tn\/fr\/wp-content\/uploads\/2023\/07\/7615d96b6a362d6f53125abb67c4564f.jpg","type":"image\/jpeg"}],"author":"Webdo","twitter_card":"summary_large_image","twitter_creator":"@webdo_tn","twitter_site":"@webdo_tn","twitter_misc":{"\u00c9crit par":"Webdo","Dur\u00e9e de lecture estim\u00e9e":"2 minutes"},"schema":{"@context":"https:\/\/schema.org","@graph":[{"@type":"NewsArticle","@id":"https:\/\/www.webdo.tn\/fr\/actualite\/national\/ooredoo-organise-une-ceremonie-a-l-honneur-des-sept-laureats-du-bac\/207240\/#article","isPartOf":{"@id":"https:\/\/www.webdo.tn\/fr\/actualite\/national\/ooredoo-organise-une-ceremonie-a-l-honneur-des-sept-laureats-du-bac\/207240\/"},"author":{"name":"Webdo","@id":"https:\/\/www.webdo.tn\/fr\/#\/schema\/person\/1f4e491e0907b413d61089e8eb573acc"},"headline":"Ooredoo organise une c\u00e9r\u00e9monie \u00e0 l\u2019honneur des sept laur\u00e9ats du Bac","datePublished":"2023-07-14T15:43:00+00:00","dateModified":"2025-05-20T22:32:46+00:00","mainEntityOfPage":{"@id":"https:\/\/www.webdo.tn\/fr\/actualite\/national\/ooredoo-organise-une-ceremonie-a-l-honneur-des-sept-laureats-du-bac\/207240\/"},"wordCount":429,"commentCount":0,"publisher":{"@id":"https:\/\/www.webdo.tn\/fr\/#organization"},"image":{"@id":"https:\/\/www.webdo.tn\/fr\/actualite\/national\/ooredoo-organise-une-ceremonie-a-l-honneur-des-sept-laureats-du-bac\/207240\/#primaryimage"},"thumbnailUrl":"https:\/\/www.webdo.tn\/fr\/wp-content\/uploads\/2023\/07\/7615d96b6a362d6f53125abb67c4564f.jpg","keywords":["Bac 2023","baccalaur\u00e9at","ooredoo"],"articleSection":["National"],"inLanguage":"fr-FR"},{"@type":"WebPage","@id":"https:\/\/www.webdo.tn\/fr\/actualite\/national\/ooredoo-organise-une-ceremonie-a-l-honneur-des-sept-laureats-du-bac\/207240\/","url":"https:\/\/www.webdo.tn\/fr\/actualite\/national\/ooredoo-organise-une-ceremonie-a-l-honneur-des-sept-laureats-du-bac\/207240\/","name":"Ooredoo organise une c\u00e9r\u00e9monie \u00e0 l\u2019honneur des sept laur\u00e9ats du Bac","isPartOf":{"@id":"https:\/\/www.webdo.tn\/fr\/#website"},"primaryImageOfPage":{"@id":"https:\/\/www.webdo.tn\/fr\/actualite\/national\/ooredoo-organise-une-ceremonie-a-l-honneur-des-sept-laureats-du-bac\/207240\/#primaryimage"},"image":{"@id":"https:\/\/www.webdo.tn\/fr\/actualite\/national\/ooredoo-organise-une-ceremonie-a-l-honneur-des-sept-laureats-du-bac\/207240\/#primaryimage"},"thumbnailUrl":"https:\/\/www.webdo.tn\/fr\/wp-content\/uploads\/2023\/07\/7615d96b6a362d6f53125abb67c4564f.jpg","datePublished":"2023-07-14T15:43:00+00:00","dateModified":"2025-05-20T22:32:46+00:00","description":"Apr\u00e8s leur brillante r\u00e9ussite aux examens du baccalaur\u00e9at de l'ann\u00e9e scolaire 2022\/2023, Ooredoo Tunisie a organis\u00e9 une c\u00e9r\u00e9monie de distinction \u00e0 l\u2019honneur de...","breadcrumb":{"@id":"https:\/\/www.webdo.tn\/fr\/actualite\/national\/ooredoo-organise-une-ceremonie-a-l-honneur-des-sept-laureats-du-bac\/207240\/#breadcrumb"},"inLanguage":"fr-FR","potentialAction":[{"@type":"ReadAction","target":["https:\/\/www.webdo.tn\/fr\/actualite\/national\/ooredoo-organise-une-ceremonie-a-l-honneur-des-sept-laureats-du-bac\/207240\/"]}]},{"@type":"ImageObject","inLanguage":"fr-FR","@id":"https:\/\/www.webdo.tn\/fr\/actualite\/national\/ooredoo-organise-une-ceremonie-a-l-honneur-des-sept-laureats-du-bac\/207240\/#primaryimage","url":"https:\/\/www.webdo.tn\/fr\/wp-content\/uploads\/2023\/07\/7615d96b6a362d6f53125abb67c4564f.jpg","contentUrl":"https:\/\/www.webdo.tn\/fr\/wp-content\/uploads\/2023\/07\/7615d96b6a362d6f53125abb67c4564f.jpg","width":750,"height":400,"caption":"Ooredoo organise une c\u00e9r\u00e9monie \u00e0 l\u2019honneur des sept laur\u00e9ats du Bac"},{"@type":"BreadcrumbList","@id":"https:\/\/www.webdo.tn\/fr\/actualite\/national\/ooredoo-organise-une-ceremonie-a-l-honneur-des-sept-laureats-du-bac\/207240\/#breadcrumb","itemListElement":[{"@type":"ListItem","position":1,"name":"Accueil","item":"https:\/\/www.webdo.tn\/fr\/"},{"@type":"ListItem","position":2,"name":"Ooredoo organise une c\u00e9r\u00e9monie \u00e0 l\u2019honneur des sept laur\u00e9ats du Bac"}]},{"@type":"WebSite","@id":"https:\/\/www.webdo.tn\/fr\/#website","url":"https:\/\/www.webdo.tn\/fr\/","name":"webdo","description":"Tunisie - News en Tunisie et \u00e0 l&#039;international sur Webdo.tn","publisher":{"@id":"https:\/\/www.webdo.tn\/fr\/#organization"},"potentialAction":[{"@type":"SearchAction","target":{"@type":"EntryPoint","urlTemplate":"https:\/\/www.webdo.tn\/fr\/?s={search_term_string}"},"query-input":{"@type":"PropertyValueSpecification","valueRequired":true,"valueName":"search_term_string"}}],"inLanguage":"fr-FR"},{"@type":"Organization","@id":"https:\/\/www.webdo.tn\/fr\/#organization","name":"Webdo","alternateName":"Webdo.tn","url":"https:\/\/www.webdo.tn\/fr\/","logo":{"@type":"ImageObject","inLanguage":"fr-FR","@id":"https:\/\/www.webdo.tn\/fr\/#\/schema\/logo\/image\/","url":"https:\/\/www.webdo.tn\/fr\/wp-content\/uploads\/2025\/06\/Webdo-Tunisie_168377.jpg","contentUrl":"https:\/\/www.webdo.tn\/fr\/wp-content\/uploads\/2025\/06\/Webdo-Tunisie_168377.jpg","width":301,"height":301,"caption":"Webdo"},"image":{"@id":"https:\/\/www.webdo.tn\/fr\/#\/schema\/logo\/image\/"},"sameAs":["https:\/\/www.facebook.com\/webdotn","https:\/\/x.com\/webdo_tn"],"description":"Webdo est un m\u00e9dia num\u00e9rique tunisien fond\u00e9 en 2010, sp\u00e9cialis\u00e9 dans l\u2019actualit\u00e9 nationale et internationale, l\u2019\u00e9conomie, la soci\u00e9t\u00e9 et les analyses politiques. Le site s\u2019adresse \u00e0 un large public francophone et couvre l\u2019information tunisienne en temps r\u00e9el.","email":"redac@webdo.tn","legalName":"YNJ SARL","foundingDate":"2010-09-06","numberOfEmployees":{"@type":"QuantitativeValue","minValue":"11","maxValue":"50"}},{"@type":"Person","@id":"https:\/\/www.webdo.tn\/fr\/#\/schema\/person\/1f4e491e0907b413d61089e8eb573acc","name":"Webdo","image":{"@type":"ImageObject","inLanguage":"fr-FR","@id":"https:\/\/secure.gravatar.com\/avatar\/de97aeec1bb80978a9dbb127e47dfc88aaacb2f3c29aac907d8d3222e3495d49?s=96&d=mm&r=g","url":"https:\/\/secure.gravatar.com\/avatar\/de97aeec1bb80978a9dbb127e47dfc88aaacb2f3c29aac907d8d3222e3495d49?s=96&d=mm&r=g","contentUrl":"https:\/\/secure.gravatar.com\/avatar\/de97aeec1bb80978a9dbb127e47dfc88aaacb2f3c29aac907d8d3222e3495d49?s=96&d=mm&r=g","caption":"Webdo"},"url":"https:\/\/www.webdo.tn\/fr\/actualite\/author\/webdo\/"}]}},"_links":{"self":[{"href":"https:\/\/www.webdo.tn\/fr\/wp-json\/wp\/v2\/posts\/207240","targetHints":{"allow":["GET"]}}],"collection":[{"href":"https:\/\/www.webdo.tn\/fr\/wp-json\/wp\/v2\/posts"}],"about":[{"href":"https:\/\/www.webdo.tn\/fr\/wp-json\/wp\/v2\/types\/post"}],"author":[{"embeddable":true,"href":"https:\/\/www.webdo.tn\/fr\/wp-json\/wp\/v2\/users\/3169"}],"replies":[{"embeddable":true,"href":"https:\/\/www.webdo.tn\/fr\/wp-json\/wp\/v2\/comments?post=207240"}],"version-history":[{"count":0,"href":"https:\/\/www.webdo.tn\/fr\/wp-json\/wp\/v2\/posts\/207240\/revisions"}],"wp:featuredmedia":[{"embeddable":true,"href":"https:\/\/www.webdo.tn\/fr\/wp-json\/wp\/v2\/media\/249761"}],"wp:attachment":[{"href":"https:\/\/www.webdo.tn\/fr\/wp-json\/wp\/v2\/media?parent=207240"}],"wp:term":[{"taxonomy":"category","embeddable":true,"href":"https:\/\/www.webdo.tn\/fr\/wp-json\/wp\/v2\/categories?post=207240"},{"taxonomy":"post_tag","embeddable":true,"href":"https:\/\/www.webdo.tn\/fr\/wp-json\/wp\/v2\/tags?post=207240"}],"curies":[{"name":"wp","href":"https:\/\/api.w.org\/{rel}","templated":true}]}}