{"id":207219,"date":"2023-07-13T19:17:00","date_gmt":"2023-07-13T19:17:00","guid":{"rendered":"https:\/\/www.webdo.tn\/fr\/blog\/adoption-d-une-serie-de-projets-de-loi-et-de-decret-a-caractere-economique-et-social\/207219\/"},"modified":"2023-07-13T19:17:00","modified_gmt":"2023-07-13T19:17:00","slug":"adoption-d-une-serie-de-projets-de-loi-et-de-decret-a-caractere-economique-et-social","status":"publish","type":"post","link":"https:\/\/www.webdo.tn\/fr\/actualite\/national\/adoption-d-une-serie-de-projets-de-loi-et-de-decret-a-caractere-economique-et-social\/207219\/","title":{"rendered":"Adoption d&rsquo;une s\u00e9rie de projets de loi et de d\u00e9cret \u00e0 caract\u00e8re \u00e9conomique et social"},"content":{"rendered":"<p>Le conseil minist\u00e9riel tenu, ce jeudi 13 juillet 2023, au palais du gouvernement de la Kasbah, et pr\u00e9sid\u00e9 par la cheffe du gouvernement, Najla Bouden a adopt\u00e9 plusieurs projets de loi et de d\u00e9crets \u00e0 caract\u00e8re \u00e9conomique et social.<\/p>\n<p>\t\t\t\t\t\t\t\t\tAinsi, le conseil a adopt\u00e9 le projet de loi organique portant approbation d\u2019un protocole d\u2019accord entre le gouvernement de la R\u00e9publique tunisienne et le gouvernement de la R\u00e9publique Populaire de Chine relatif \u00e0 l&rsquo;envoi d&rsquo;\u00e9quipes m\u00e9dicales Chinoises En Tunisie durant la p\u00e9riode 2021-2026.<\/p>\n<p>Les autres projets adopt\u00e9s sont :<\/p>\n<p>&#8211; Projet de d\u00e9cret portant reconnaissance d&rsquo;une calamite naturelle concern\u00e9e par l\u2019intervention du fonds d\u2019indemnisation des d\u00e9gats agricoles caus\u00e9s par les catastrophes naturelles (FIDAC)<br \/>\n&#8211; Projet de d\u00e9cret fixant le prix et les modalit\u00e9s de paiement, de stockage et de r\u00e9trocession des c\u00e9r\u00e9ales pour la campagne 2023-2024.<br \/>\n&#8211; Projet de d\u00e9cret relatif \u00e0 la d\u00e9termination du bar\u00e8me d&rsquo;agr\u00e9age exceptionnel du bl\u00e9 dur et du bl\u00e9 tendre \u00e0 la vente et \u00e0 l&rsquo;achat destin\u00e9s \u00e0 la consommation humaine, durant la campagne 2023\/2024.<br \/>\n&#8211; Projet de d\u00e9cret relatif \u00e0 la fixation des conditions et modalit\u00e9s pour b\u00e9n\u00e9ficier de la mesure relative \u00e0 la prise en charge par l&rsquo;Etat de la diff\u00e9rence entre le taux d&rsquo;int\u00e9r\u00eat appliqu\u00e9 aux cr\u00e9dits saisonniers r\u00e9serv\u00e9s aux grandes cultures et le TMM dans la limite de trois points, et ce, pour les cr\u00e9dits octroy\u00e9s par les banques au profit des petits agriculteurs exer\u00e7ants dans la grande culture.<br \/>\n&#8211; Projet de d\u00e9cret portant amendement du d\u00e9cret pr\u00e9sidentiel n\u00b0536 de 2022 du 7 juin 2022 fixant les conditions et les proc\u00e9dures pour b\u00e9n\u00e9ficier de l&rsquo;avantage de la prise en charge par l&rsquo;Etat de la diff\u00e9rence entre le taux appliqu\u00e9 aux cr\u00e9dits et aux financements d\u2019investissement et le taux moyen du march\u00e9 mon\u00e9taire au profit des petites et moyennes entreprises.Projet de d\u00e9cret fixant l\u2019organigramme du Centre National des Sciences et des Technologies nucl\u00e9aires.<\/p>\n","protected":false},"excerpt":{"rendered":"<p>Le conseil minist\u00e9riel tenu, ce jeudi 13 juillet 2023, au palais du gouvernement de la Kasbah, et pr\u00e9sid\u00e9 par la cheffe du gouvernement, Najla Bouden a adopt\u00e9 p&#8230;<\/p>\n","protected":false},"author":3169,"featured_media":249783,"comment_status":"open","ping_status":"closed","sticky":false,"template":"","format":"standard","meta":{"footnotes":""},"categories":[44],"tags":[4819,3766,2651,2608],"class_list":["post-207219","post","type-post","status-publish","format-standard","has-post-thumbnail","hentry","category-national","tag-adoption","tag-decret","tag-gouvernement","tag-tunisie"],"yoast_head":"<!-- This site is optimized with the Yoast SEO Premium plugin v27.5 (Yoast SEO v27.5) - https:\/\/yoast.com\/product\/yoast-seo-premium-wordpress\/ -->\n<title>Adoption d&#039;une s\u00e9rie de projets de loi et de d\u00e9cret \u00e0 caract\u00e8re \u00e9conomique et social<\/title>\n<meta name=\"description\" content=\"Le conseil minist\u00e9riel tenu, ce jeudi 13 juillet 2023, au palais du gouvernement de la Kasbah, et pr\u00e9sid\u00e9 par la cheffe du gouvernement, Najla Bouden a adopt\u00e9 p...\" \/>\n<link rel=\"canonical\" href=\"https:\/\/www.webdo.tn\/fr\/actualite\/national\/adoption-d-une-serie-de-projets-de-loi-et-de-decret-a-caractere-economique-et-social\/207219\/\" \/>\n<meta property=\"og:locale\" content=\"fr_FR\" \/>\n<meta property=\"og:type\" content=\"article\" \/>\n<meta property=\"og:title\" content=\"Adoption d&#039;une s\u00e9rie de projets de loi et de d\u00e9cret \u00e0 caract\u00e8re \u00e9conomique et social\" \/>\n<meta property=\"og:description\" content=\"Le conseil minist\u00e9riel tenu, ce jeudi 13 juillet 2023, au palais du gouvernement de la Kasbah, et pr\u00e9sid\u00e9 par la cheffe du gouvernement, Najla Bouden a adopt\u00e9 p...\" \/>\n<meta property=\"og:url\" content=\"https:\/\/www.webdo.tn\/fr\/actualite\/national\/adoption-d-une-serie-de-projets-de-loi-et-de-decret-a-caractere-economique-et-social\/207219\/\" \/>\n<meta property=\"og:site_name\" content=\"webdo\" \/>\n<meta property=\"article:publisher\" content=\"https:\/\/www.facebook.com\/webdotn\" \/>\n<meta property=\"article:published_time\" content=\"2023-07-13T19:17:00+00:00\" \/>\n<meta property=\"og:image\" content=\"https:\/\/www.webdo.tn\/fr\/wp-content\/uploads\/2023\/07\/4312a0501e55ca72a575e9a8b4b8d60e.jpg\" \/>\n\t<meta property=\"og:image:width\" content=\"750\" \/>\n\t<meta property=\"og:image:height\" content=\"400\" \/>\n\t<meta property=\"og:image:type\" content=\"image\/jpeg\" \/>\n<meta name=\"author\" content=\"Webdo\" \/>\n<meta name=\"twitter:card\" content=\"summary_large_image\" \/>\n<meta name=\"twitter:creator\" content=\"@webdo_tn\" \/>\n<meta name=\"twitter:site\" content=\"@webdo_tn\" \/>\n<meta name=\"twitter:label1\" content=\"\u00c9crit par\" \/>\n\t<meta name=\"twitter:data1\" content=\"Webdo\" \/>\n\t<meta name=\"twitter:label2\" content=\"Dur\u00e9e de lecture estim\u00e9e\" \/>\n\t<meta name=\"twitter:data2\" content=\"2 minutes\" \/>\n<script type=\"application\/ld+json\" class=\"yoast-schema-graph\">{\"@context\":\"https:\\\/\\\/schema.org\",\"@graph\":[{\"@type\":\"NewsArticle\",\"@id\":\"https:\\\/\\\/www.webdo.tn\\\/fr\\\/actualite\\\/national\\\/adoption-d-une-serie-de-projets-de-loi-et-de-decret-a-caractere-economique-et-social\\\/207219\\\/#article\",\"isPartOf\":{\"@id\":\"https:\\\/\\\/www.webdo.tn\\\/fr\\\/actualite\\\/national\\\/adoption-d-une-serie-de-projets-de-loi-et-de-decret-a-caractere-economique-et-social\\\/207219\\\/\"},\"author\":{\"name\":\"Webdo\",\"@id\":\"https:\\\/\\\/www.webdo.tn\\\/fr\\\/#\\\/schema\\\/person\\\/1f4e491e0907b413d61089e8eb573acc\"},\"headline\":\"Adoption d&rsquo;une s\u00e9rie de projets de loi et de d\u00e9cret \u00e0 caract\u00e8re \u00e9conomique et social\",\"datePublished\":\"2023-07-13T19:17:00+00:00\",\"mainEntityOfPage\":{\"@id\":\"https:\\\/\\\/www.webdo.tn\\\/fr\\\/actualite\\\/national\\\/adoption-d-une-serie-de-projets-de-loi-et-de-decret-a-caractere-economique-et-social\\\/207219\\\/\"},\"wordCount\":376,\"commentCount\":0,\"publisher\":{\"@id\":\"https:\\\/\\\/www.webdo.tn\\\/fr\\\/#organization\"},\"image\":{\"@id\":\"https:\\\/\\\/www.webdo.tn\\\/fr\\\/actualite\\\/national\\\/adoption-d-une-serie-de-projets-de-loi-et-de-decret-a-caractere-economique-et-social\\\/207219\\\/#primaryimage\"},\"thumbnailUrl\":\"https:\\\/\\\/www.webdo.tn\\\/fr\\\/wp-content\\\/uploads\\\/2023\\\/07\\\/4312a0501e55ca72a575e9a8b4b8d60e.jpg\",\"keywords\":[\"adoption\",\"D\u00e9cret\",\"gouvernement\",\"Tunisie\"],\"articleSection\":[\"National\"],\"inLanguage\":\"fr-FR\"},{\"@type\":\"WebPage\",\"@id\":\"https:\\\/\\\/www.webdo.tn\\\/fr\\\/actualite\\\/national\\\/adoption-d-une-serie-de-projets-de-loi-et-de-decret-a-caractere-economique-et-social\\\/207219\\\/\",\"url\":\"https:\\\/\\\/www.webdo.tn\\\/fr\\\/actualite\\\/national\\\/adoption-d-une-serie-de-projets-de-loi-et-de-decret-a-caractere-economique-et-social\\\/207219\\\/\",\"name\":\"Adoption d'une s\u00e9rie de projets de loi et de d\u00e9cret \u00e0 caract\u00e8re \u00e9conomique et social\",\"isPartOf\":{\"@id\":\"https:\\\/\\\/www.webdo.tn\\\/fr\\\/#website\"},\"primaryImageOfPage\":{\"@id\":\"https:\\\/\\\/www.webdo.tn\\\/fr\\\/actualite\\\/national\\\/adoption-d-une-serie-de-projets-de-loi-et-de-decret-a-caractere-economique-et-social\\\/207219\\\/#primaryimage\"},\"image\":{\"@id\":\"https:\\\/\\\/www.webdo.tn\\\/fr\\\/actualite\\\/national\\\/adoption-d-une-serie-de-projets-de-loi-et-de-decret-a-caractere-economique-et-social\\\/207219\\\/#primaryimage\"},\"thumbnailUrl\":\"https:\\\/\\\/www.webdo.tn\\\/fr\\\/wp-content\\\/uploads\\\/2023\\\/07\\\/4312a0501e55ca72a575e9a8b4b8d60e.jpg\",\"datePublished\":\"2023-07-13T19:17:00+00:00\",\"description\":\"Le conseil minist\u00e9riel tenu, ce jeudi 13 juillet 2023, au palais du gouvernement de la Kasbah, et pr\u00e9sid\u00e9 par la cheffe du gouvernement, Najla Bouden a adopt\u00e9 p...\",\"breadcrumb\":{\"@id\":\"https:\\\/\\\/www.webdo.tn\\\/fr\\\/actualite\\\/national\\\/adoption-d-une-serie-de-projets-de-loi-et-de-decret-a-caractere-economique-et-social\\\/207219\\\/#breadcrumb\"},\"inLanguage\":\"fr-FR\",\"potentialAction\":[{\"@type\":\"ReadAction\",\"target\":[\"https:\\\/\\\/www.webdo.tn\\\/fr\\\/actualite\\\/national\\\/adoption-d-une-serie-de-projets-de-loi-et-de-decret-a-caractere-economique-et-social\\\/207219\\\/\"]}]},{\"@type\":\"ImageObject\",\"inLanguage\":\"fr-FR\",\"@id\":\"https:\\\/\\\/www.webdo.tn\\\/fr\\\/actualite\\\/national\\\/adoption-d-une-serie-de-projets-de-loi-et-de-decret-a-caractere-economique-et-social\\\/207219\\\/#primaryimage\",\"url\":\"https:\\\/\\\/www.webdo.tn\\\/fr\\\/wp-content\\\/uploads\\\/2023\\\/07\\\/4312a0501e55ca72a575e9a8b4b8d60e.jpg\",\"contentUrl\":\"https:\\\/\\\/www.webdo.tn\\\/fr\\\/wp-content\\\/uploads\\\/2023\\\/07\\\/4312a0501e55ca72a575e9a8b4b8d60e.jpg\",\"width\":750,\"height\":400,\"caption\":\"Adoption d'une s\u00e9rie de projets de loi et de d\u00e9cret \u00e0 caract\u00e8re \u00e9conomique et social\"},{\"@type\":\"BreadcrumbList\",\"@id\":\"https:\\\/\\\/www.webdo.tn\\\/fr\\\/actualite\\\/national\\\/adoption-d-une-serie-de-projets-de-loi-et-de-decret-a-caractere-economique-et-social\\\/207219\\\/#breadcrumb\",\"itemListElement\":[{\"@type\":\"ListItem\",\"position\":1,\"name\":\"Accueil\",\"item\":\"https:\\\/\\\/www.webdo.tn\\\/fr\\\/\"},{\"@type\":\"ListItem\",\"position\":2,\"name\":\"Adoption d&#8217;une s\u00e9rie de projets de loi et de d\u00e9cret \u00e0 caract\u00e8re \u00e9conomique et social\"}]},{\"@type\":\"WebSite\",\"@id\":\"https:\\\/\\\/www.webdo.tn\\\/fr\\\/#website\",\"url\":\"https:\\\/\\\/www.webdo.tn\\\/fr\\\/\",\"name\":\"webdo\",\"description\":\"Tunisie - News en Tunisie et \u00e0 l&#039;international sur Webdo.tn\",\"publisher\":{\"@id\":\"https:\\\/\\\/www.webdo.tn\\\/fr\\\/#organization\"},\"potentialAction\":[{\"@type\":\"SearchAction\",\"target\":{\"@type\":\"EntryPoint\",\"urlTemplate\":\"https:\\\/\\\/www.webdo.tn\\\/fr\\\/?s={search_term_string}\"},\"query-input\":{\"@type\":\"PropertyValueSpecification\",\"valueRequired\":true,\"valueName\":\"search_term_string\"}}],\"inLanguage\":\"fr-FR\"},{\"@type\":\"Organization\",\"@id\":\"https:\\\/\\\/www.webdo.tn\\\/fr\\\/#organization\",\"name\":\"Webdo\",\"alternateName\":\"Webdo.tn\",\"url\":\"https:\\\/\\\/www.webdo.tn\\\/fr\\\/\",\"logo\":{\"@type\":\"ImageObject\",\"inLanguage\":\"fr-FR\",\"@id\":\"https:\\\/\\\/www.webdo.tn\\\/fr\\\/#\\\/schema\\\/logo\\\/image\\\/\",\"url\":\"https:\\\/\\\/www.webdo.tn\\\/fr\\\/wp-content\\\/uploads\\\/2025\\\/06\\\/Webdo-Tunisie_168377.jpg\",\"contentUrl\":\"https:\\\/\\\/www.webdo.tn\\\/fr\\\/wp-content\\\/uploads\\\/2025\\\/06\\\/Webdo-Tunisie_168377.jpg\",\"width\":301,\"height\":301,\"caption\":\"Webdo\"},\"image\":{\"@id\":\"https:\\\/\\\/www.webdo.tn\\\/fr\\\/#\\\/schema\\\/logo\\\/image\\\/\"},\"sameAs\":[\"https:\\\/\\\/www.facebook.com\\\/webdotn\",\"https:\\\/\\\/x.com\\\/webdo_tn\"],\"description\":\"Webdo est un m\u00e9dia num\u00e9rique tunisien fond\u00e9 en 2010, sp\u00e9cialis\u00e9 dans l\u2019actualit\u00e9 nationale et internationale, l\u2019\u00e9conomie, la soci\u00e9t\u00e9 et les analyses politiques. Le site s\u2019adresse \u00e0 un large public francophone et couvre l\u2019information tunisienne en temps r\u00e9el.\",\"email\":\"redac@webdo.tn\",\"legalName\":\"YNJ SARL\",\"foundingDate\":\"2010-09-06\",\"numberOfEmployees\":{\"@type\":\"QuantitativeValue\",\"minValue\":\"11\",\"maxValue\":\"50\"}},{\"@type\":\"Person\",\"@id\":\"https:\\\/\\\/www.webdo.tn\\\/fr\\\/#\\\/schema\\\/person\\\/1f4e491e0907b413d61089e8eb573acc\",\"name\":\"Webdo\",\"image\":{\"@type\":\"ImageObject\",\"inLanguage\":\"fr-FR\",\"@id\":\"https:\\\/\\\/secure.gravatar.com\\\/avatar\\\/de97aeec1bb80978a9dbb127e47dfc88aaacb2f3c29aac907d8d3222e3495d49?s=96&d=mm&r=g\",\"url\":\"https:\\\/\\\/secure.gravatar.com\\\/avatar\\\/de97aeec1bb80978a9dbb127e47dfc88aaacb2f3c29aac907d8d3222e3495d49?s=96&d=mm&r=g\",\"contentUrl\":\"https:\\\/\\\/secure.gravatar.com\\\/avatar\\\/de97aeec1bb80978a9dbb127e47dfc88aaacb2f3c29aac907d8d3222e3495d49?s=96&d=mm&r=g\",\"caption\":\"Webdo\"},\"url\":\"https:\\\/\\\/www.webdo.tn\\\/fr\\\/actualite\\\/author\\\/webdo\\\/\"}]}<\/script>\n<!-- \/ Yoast SEO Premium plugin. -->","yoast_head_json":{"title":"Adoption d'une s\u00e9rie de projets de loi et de d\u00e9cret \u00e0 caract\u00e8re \u00e9conomique et social","description":"Le conseil minist\u00e9riel tenu, ce jeudi 13 juillet 2023, au palais du gouvernement de la Kasbah, et pr\u00e9sid\u00e9 par la cheffe du gouvernement, Najla Bouden a adopt\u00e9 p...","canonical":"https:\/\/www.webdo.tn\/fr\/actualite\/national\/adoption-d-une-serie-de-projets-de-loi-et-de-decret-a-caractere-economique-et-social\/207219\/","og_locale":"fr_FR","og_type":"article","og_title":"Adoption d'une s\u00e9rie de projets de loi et de d\u00e9cret \u00e0 caract\u00e8re \u00e9conomique et social","og_description":"Le conseil minist\u00e9riel tenu, ce jeudi 13 juillet 2023, au palais du gouvernement de la Kasbah, et pr\u00e9sid\u00e9 par la cheffe du gouvernement, Najla Bouden a adopt\u00e9 p...","og_url":"https:\/\/www.webdo.tn\/fr\/actualite\/national\/adoption-d-une-serie-de-projets-de-loi-et-de-decret-a-caractere-economique-et-social\/207219\/","og_site_name":"webdo","article_publisher":"https:\/\/www.facebook.com\/webdotn","article_published_time":"2023-07-13T19:17:00+00:00","og_image":[{"width":750,"height":400,"url":"https:\/\/www.webdo.tn\/fr\/wp-content\/uploads\/2023\/07\/4312a0501e55ca72a575e9a8b4b8d60e.jpg","type":"image\/jpeg"}],"author":"Webdo","twitter_card":"summary_large_image","twitter_creator":"@webdo_tn","twitter_site":"@webdo_tn","twitter_misc":{"\u00c9crit par":"Webdo","Dur\u00e9e de lecture estim\u00e9e":"2 minutes"},"schema":{"@context":"https:\/\/schema.org","@graph":[{"@type":"NewsArticle","@id":"https:\/\/www.webdo.tn\/fr\/actualite\/national\/adoption-d-une-serie-de-projets-de-loi-et-de-decret-a-caractere-economique-et-social\/207219\/#article","isPartOf":{"@id":"https:\/\/www.webdo.tn\/fr\/actualite\/national\/adoption-d-une-serie-de-projets-de-loi-et-de-decret-a-caractere-economique-et-social\/207219\/"},"author":{"name":"Webdo","@id":"https:\/\/www.webdo.tn\/fr\/#\/schema\/person\/1f4e491e0907b413d61089e8eb573acc"},"headline":"Adoption d&rsquo;une s\u00e9rie de projets de loi et de d\u00e9cret \u00e0 caract\u00e8re \u00e9conomique et social","datePublished":"2023-07-13T19:17:00+00:00","mainEntityOfPage":{"@id":"https:\/\/www.webdo.tn\/fr\/actualite\/national\/adoption-d-une-serie-de-projets-de-loi-et-de-decret-a-caractere-economique-et-social\/207219\/"},"wordCount":376,"commentCount":0,"publisher":{"@id":"https:\/\/www.webdo.tn\/fr\/#organization"},"image":{"@id":"https:\/\/www.webdo.tn\/fr\/actualite\/national\/adoption-d-une-serie-de-projets-de-loi-et-de-decret-a-caractere-economique-et-social\/207219\/#primaryimage"},"thumbnailUrl":"https:\/\/www.webdo.tn\/fr\/wp-content\/uploads\/2023\/07\/4312a0501e55ca72a575e9a8b4b8d60e.jpg","keywords":["adoption","D\u00e9cret","gouvernement","Tunisie"],"articleSection":["National"],"inLanguage":"fr-FR"},{"@type":"WebPage","@id":"https:\/\/www.webdo.tn\/fr\/actualite\/national\/adoption-d-une-serie-de-projets-de-loi-et-de-decret-a-caractere-economique-et-social\/207219\/","url":"https:\/\/www.webdo.tn\/fr\/actualite\/national\/adoption-d-une-serie-de-projets-de-loi-et-de-decret-a-caractere-economique-et-social\/207219\/","name":"Adoption d'une s\u00e9rie de projets de loi et de d\u00e9cret \u00e0 caract\u00e8re \u00e9conomique et social","isPartOf":{"@id":"https:\/\/www.webdo.tn\/fr\/#website"},"primaryImageOfPage":{"@id":"https:\/\/www.webdo.tn\/fr\/actualite\/national\/adoption-d-une-serie-de-projets-de-loi-et-de-decret-a-caractere-economique-et-social\/207219\/#primaryimage"},"image":{"@id":"https:\/\/www.webdo.tn\/fr\/actualite\/national\/adoption-d-une-serie-de-projets-de-loi-et-de-decret-a-caractere-economique-et-social\/207219\/#primaryimage"},"thumbnailUrl":"https:\/\/www.webdo.tn\/fr\/wp-content\/uploads\/2023\/07\/4312a0501e55ca72a575e9a8b4b8d60e.jpg","datePublished":"2023-07-13T19:17:00+00:00","description":"Le conseil minist\u00e9riel tenu, ce jeudi 13 juillet 2023, au palais du gouvernement de la Kasbah, et pr\u00e9sid\u00e9 par la cheffe du gouvernement, Najla Bouden a adopt\u00e9 p...","breadcrumb":{"@id":"https:\/\/www.webdo.tn\/fr\/actualite\/national\/adoption-d-une-serie-de-projets-de-loi-et-de-decret-a-caractere-economique-et-social\/207219\/#breadcrumb"},"inLanguage":"fr-FR","potentialAction":[{"@type":"ReadAction","target":["https:\/\/www.webdo.tn\/fr\/actualite\/national\/adoption-d-une-serie-de-projets-de-loi-et-de-decret-a-caractere-economique-et-social\/207219\/"]}]},{"@type":"ImageObject","inLanguage":"fr-FR","@id":"https:\/\/www.webdo.tn\/fr\/actualite\/national\/adoption-d-une-serie-de-projets-de-loi-et-de-decret-a-caractere-economique-et-social\/207219\/#primaryimage","url":"https:\/\/www.webdo.tn\/fr\/wp-content\/uploads\/2023\/07\/4312a0501e55ca72a575e9a8b4b8d60e.jpg","contentUrl":"https:\/\/www.webdo.tn\/fr\/wp-content\/uploads\/2023\/07\/4312a0501e55ca72a575e9a8b4b8d60e.jpg","width":750,"height":400,"caption":"Adoption d'une s\u00e9rie de projets de loi et de d\u00e9cret \u00e0 caract\u00e8re \u00e9conomique et social"},{"@type":"BreadcrumbList","@id":"https:\/\/www.webdo.tn\/fr\/actualite\/national\/adoption-d-une-serie-de-projets-de-loi-et-de-decret-a-caractere-economique-et-social\/207219\/#breadcrumb","itemListElement":[{"@type":"ListItem","position":1,"name":"Accueil","item":"https:\/\/www.webdo.tn\/fr\/"},{"@type":"ListItem","position":2,"name":"Adoption d&#8217;une s\u00e9rie de projets de loi et de d\u00e9cret \u00e0 caract\u00e8re \u00e9conomique et social"}]},{"@type":"WebSite","@id":"https:\/\/www.webdo.tn\/fr\/#website","url":"https:\/\/www.webdo.tn\/fr\/","name":"webdo","description":"Tunisie - News en Tunisie et \u00e0 l&#039;international sur Webdo.tn","publisher":{"@id":"https:\/\/www.webdo.tn\/fr\/#organization"},"potentialAction":[{"@type":"SearchAction","target":{"@type":"EntryPoint","urlTemplate":"https:\/\/www.webdo.tn\/fr\/?s={search_term_string}"},"query-input":{"@type":"PropertyValueSpecification","valueRequired":true,"valueName":"search_term_string"}}],"inLanguage":"fr-FR"},{"@type":"Organization","@id":"https:\/\/www.webdo.tn\/fr\/#organization","name":"Webdo","alternateName":"Webdo.tn","url":"https:\/\/www.webdo.tn\/fr\/","logo":{"@type":"ImageObject","inLanguage":"fr-FR","@id":"https:\/\/www.webdo.tn\/fr\/#\/schema\/logo\/image\/","url":"https:\/\/www.webdo.tn\/fr\/wp-content\/uploads\/2025\/06\/Webdo-Tunisie_168377.jpg","contentUrl":"https:\/\/www.webdo.tn\/fr\/wp-content\/uploads\/2025\/06\/Webdo-Tunisie_168377.jpg","width":301,"height":301,"caption":"Webdo"},"image":{"@id":"https:\/\/www.webdo.tn\/fr\/#\/schema\/logo\/image\/"},"sameAs":["https:\/\/www.facebook.com\/webdotn","https:\/\/x.com\/webdo_tn"],"description":"Webdo est un m\u00e9dia num\u00e9rique tunisien fond\u00e9 en 2010, sp\u00e9cialis\u00e9 dans l\u2019actualit\u00e9 nationale et internationale, l\u2019\u00e9conomie, la soci\u00e9t\u00e9 et les analyses politiques. Le site s\u2019adresse \u00e0 un large public francophone et couvre l\u2019information tunisienne en temps r\u00e9el.","email":"redac@webdo.tn","legalName":"YNJ SARL","foundingDate":"2010-09-06","numberOfEmployees":{"@type":"QuantitativeValue","minValue":"11","maxValue":"50"}},{"@type":"Person","@id":"https:\/\/www.webdo.tn\/fr\/#\/schema\/person\/1f4e491e0907b413d61089e8eb573acc","name":"Webdo","image":{"@type":"ImageObject","inLanguage":"fr-FR","@id":"https:\/\/secure.gravatar.com\/avatar\/de97aeec1bb80978a9dbb127e47dfc88aaacb2f3c29aac907d8d3222e3495d49?s=96&d=mm&r=g","url":"https:\/\/secure.gravatar.com\/avatar\/de97aeec1bb80978a9dbb127e47dfc88aaacb2f3c29aac907d8d3222e3495d49?s=96&d=mm&r=g","contentUrl":"https:\/\/secure.gravatar.com\/avatar\/de97aeec1bb80978a9dbb127e47dfc88aaacb2f3c29aac907d8d3222e3495d49?s=96&d=mm&r=g","caption":"Webdo"},"url":"https:\/\/www.webdo.tn\/fr\/actualite\/author\/webdo\/"}]}},"_links":{"self":[{"href":"https:\/\/www.webdo.tn\/fr\/wp-json\/wp\/v2\/posts\/207219","targetHints":{"allow":["GET"]}}],"collection":[{"href":"https:\/\/www.webdo.tn\/fr\/wp-json\/wp\/v2\/posts"}],"about":[{"href":"https:\/\/www.webdo.tn\/fr\/wp-json\/wp\/v2\/types\/post"}],"author":[{"embeddable":true,"href":"https:\/\/www.webdo.tn\/fr\/wp-json\/wp\/v2\/users\/3169"}],"replies":[{"embeddable":true,"href":"https:\/\/www.webdo.tn\/fr\/wp-json\/wp\/v2\/comments?post=207219"}],"version-history":[{"count":0,"href":"https:\/\/www.webdo.tn\/fr\/wp-json\/wp\/v2\/posts\/207219\/revisions"}],"wp:featuredmedia":[{"embeddable":true,"href":"https:\/\/www.webdo.tn\/fr\/wp-json\/wp\/v2\/media\/249783"}],"wp:attachment":[{"href":"https:\/\/www.webdo.tn\/fr\/wp-json\/wp\/v2\/media?parent=207219"}],"wp:term":[{"taxonomy":"category","embeddable":true,"href":"https:\/\/www.webdo.tn\/fr\/wp-json\/wp\/v2\/categories?post=207219"},{"taxonomy":"post_tag","embeddable":true,"href":"https:\/\/www.webdo.tn\/fr\/wp-json\/wp\/v2\/tags?post=207219"}],"curies":[{"name":"wp","href":"https:\/\/api.w.org\/{rel}","templated":true}]}}