{"id":207214,"date":"2023-07-13T12:24:00","date_gmt":"2023-07-13T12:24:00","guid":{"rendered":"https:\/\/www.webdo.tn\/fr\/blog\/mondiaux-de-para-athletisme-rouay-jebabli-decroche-l-or\/207214\/"},"modified":"2025-05-20T21:58:27","modified_gmt":"2025-05-20T21:58:27","slug":"mondiaux-de-para-athletisme-rouay-jebabli-decroche-l-or","status":"publish","type":"post","link":"https:\/\/www.webdo.tn\/fr\/actualite\/sport\/mondiaux-de-para-athletisme-rouay-jebabli-decroche-l-or\/207214\/","title":{"rendered":"Mondiaux de para-athl\u00e9tisme : Rouay Jebabli d\u00e9croche l\u2019or"},"content":{"rendered":"<p>Deuxi\u00e8me m\u00e9daille d\u2019or pour la Tunisie gr\u00e2ce \u00e0 Rouay Jebabli qui s\u2019impose aux 1500 m\u00e8tres.<\/p>\n<p>\t\t\t\t\t\t\t\t\tRouay Jebabli a d\u00e9croch\u00e9 la m\u00e9daille d\u2019or lors du 6e jour des Championnats du monde de para-athl\u00e9tisme, qui se d\u00e9roulent actuellement \u00e0 Paris.<\/p>\n<p>Il a remport\u00e9 l\u2019\u00e9preuve des 1500 m\u00e8tres dans la cat\u00e9gorie T13 apr\u00e8s avoir r\u00e9alis\u00e9 un chrono de 4 min 00 sec 23.<\/p>\n<p>Dimanche, Raoua Tlili (33 ans) a remport\u00e9, la m\u00e9daille d&rsquo;or de lancer du poids dans sa cat\u00e9gorie (T41), lors de ces Mondiaux au stade Charl\u00e9ty.<\/p>\n","protected":false},"excerpt":{"rendered":"<p>Deuxi\u00e8me m\u00e9daille d\u2019or pour la Tunisie gr\u00e2ce \u00e0 Rouay Jebabli qui s\u2019impose aux 1500 m\u00e8tres.<\/p>\n","protected":false},"author":3162,"featured_media":249778,"comment_status":"open","ping_status":"closed","sticky":false,"template":"","format":"standard","meta":{"footnotes":""},"categories":[2593],"tags":[6451,6478,8203],"class_list":["post-207214","post","type-post","status-publish","format-standard","has-post-thumbnail","hentry","category-sport","tag-championnats-du-monde","tag-para-athletisme","tag-rouay-jebabli"],"yoast_head":"<!-- This site is optimized with the Yoast SEO Premium plugin v27.4 (Yoast SEO v27.5) - https:\/\/yoast.com\/product\/yoast-seo-premium-wordpress\/ -->\n<title>Mondiaux de para-athl\u00e9tisme : Rouay Jebabli d\u00e9croche l\u2019or<\/title>\n<meta name=\"description\" content=\"Deuxi\u00e8me m\u00e9daille d\u2019or pour la Tunisie gr\u00e2ce \u00e0 Rouay Jebabli qui s\u2019impose aux 1500 m\u00e8tres.\" \/>\n<link rel=\"canonical\" href=\"https:\/\/www.webdo.tn\/fr\/actualite\/sport\/mondiaux-de-para-athletisme-rouay-jebabli-decroche-l-or\/207214\/\" \/>\n<meta property=\"og:locale\" content=\"fr_FR\" \/>\n<meta property=\"og:type\" content=\"article\" \/>\n<meta property=\"og:title\" content=\"Mondiaux de para-athl\u00e9tisme : Rouay Jebabli d\u00e9croche l\u2019or\" \/>\n<meta property=\"og:description\" content=\"Deuxi\u00e8me m\u00e9daille d\u2019or pour la Tunisie gr\u00e2ce \u00e0 Rouay Jebabli qui s\u2019impose aux 1500 m\u00e8tres.\" \/>\n<meta property=\"og:url\" content=\"https:\/\/www.webdo.tn\/fr\/actualite\/sport\/mondiaux-de-para-athletisme-rouay-jebabli-decroche-l-or\/207214\/\" \/>\n<meta property=\"og:site_name\" content=\"webdo\" \/>\n<meta property=\"article:publisher\" content=\"https:\/\/www.facebook.com\/webdotn\" \/>\n<meta property=\"article:published_time\" content=\"2023-07-13T12:24:00+00:00\" \/>\n<meta property=\"article:modified_time\" content=\"2025-05-20T21:58:27+00:00\" \/>\n<meta property=\"og:image\" content=\"https:\/\/www.webdo.tn\/fr\/wp-content\/uploads\/2023\/07\/7d4b4f5db11324c200d89ae9b12e5a87.jpg\" \/>\n\t<meta property=\"og:image:width\" content=\"650\" \/>\n\t<meta property=\"og:image:height\" content=\"347\" \/>\n\t<meta property=\"og:image:type\" content=\"image\/jpeg\" \/>\n<meta name=\"author\" content=\"MC\" \/>\n<meta name=\"twitter:card\" content=\"summary_large_image\" \/>\n<meta name=\"twitter:creator\" content=\"@webdo_tn\" \/>\n<meta name=\"twitter:site\" content=\"@webdo_tn\" \/>\n<meta name=\"twitter:label1\" content=\"\u00c9crit par\" \/>\n\t<meta name=\"twitter:data1\" content=\"MC\" \/>\n<script type=\"application\/ld+json\" class=\"yoast-schema-graph\">{\"@context\":\"https:\\\/\\\/schema.org\",\"@graph\":[{\"@type\":\"NewsArticle\",\"@id\":\"https:\\\/\\\/www.webdo.tn\\\/fr\\\/actualite\\\/sport\\\/mondiaux-de-para-athletisme-rouay-jebabli-decroche-l-or\\\/207214\\\/#article\",\"isPartOf\":{\"@id\":\"https:\\\/\\\/www.webdo.tn\\\/fr\\\/actualite\\\/sport\\\/mondiaux-de-para-athletisme-rouay-jebabli-decroche-l-or\\\/207214\\\/\"},\"author\":{\"name\":\"MC\",\"@id\":\"https:\\\/\\\/www.webdo.tn\\\/fr\\\/#\\\/schema\\\/person\\\/2c4929cbf5a809e3bd38617c6ce150f6\"},\"headline\":\"Mondiaux de para-athl\u00e9tisme : Rouay Jebabli d\u00e9croche l\u2019or\",\"datePublished\":\"2023-07-13T12:24:00+00:00\",\"dateModified\":\"2025-05-20T21:58:27+00:00\",\"mainEntityOfPage\":{\"@id\":\"https:\\\/\\\/www.webdo.tn\\\/fr\\\/actualite\\\/sport\\\/mondiaux-de-para-athletisme-rouay-jebabli-decroche-l-or\\\/207214\\\/\"},\"wordCount\":107,\"commentCount\":0,\"publisher\":{\"@id\":\"https:\\\/\\\/www.webdo.tn\\\/fr\\\/#organization\"},\"image\":{\"@id\":\"https:\\\/\\\/www.webdo.tn\\\/fr\\\/actualite\\\/sport\\\/mondiaux-de-para-athletisme-rouay-jebabli-decroche-l-or\\\/207214\\\/#primaryimage\"},\"thumbnailUrl\":\"https:\\\/\\\/www.webdo.tn\\\/fr\\\/wp-content\\\/uploads\\\/2023\\\/07\\\/7d4b4f5db11324c200d89ae9b12e5a87.jpg\",\"keywords\":[\"championnats du monde\",\"para-athl\u00e9tisme\",\"Rouay Jebabli\"],\"articleSection\":[\"Sport\"],\"inLanguage\":\"fr-FR\"},{\"@type\":\"WebPage\",\"@id\":\"https:\\\/\\\/www.webdo.tn\\\/fr\\\/actualite\\\/sport\\\/mondiaux-de-para-athletisme-rouay-jebabli-decroche-l-or\\\/207214\\\/\",\"url\":\"https:\\\/\\\/www.webdo.tn\\\/fr\\\/actualite\\\/sport\\\/mondiaux-de-para-athletisme-rouay-jebabli-decroche-l-or\\\/207214\\\/\",\"name\":\"Mondiaux de para-athl\u00e9tisme : Rouay Jebabli d\u00e9croche l\u2019or\",\"isPartOf\":{\"@id\":\"https:\\\/\\\/www.webdo.tn\\\/fr\\\/#website\"},\"primaryImageOfPage\":{\"@id\":\"https:\\\/\\\/www.webdo.tn\\\/fr\\\/actualite\\\/sport\\\/mondiaux-de-para-athletisme-rouay-jebabli-decroche-l-or\\\/207214\\\/#primaryimage\"},\"image\":{\"@id\":\"https:\\\/\\\/www.webdo.tn\\\/fr\\\/actualite\\\/sport\\\/mondiaux-de-para-athletisme-rouay-jebabli-decroche-l-or\\\/207214\\\/#primaryimage\"},\"thumbnailUrl\":\"https:\\\/\\\/www.webdo.tn\\\/fr\\\/wp-content\\\/uploads\\\/2023\\\/07\\\/7d4b4f5db11324c200d89ae9b12e5a87.jpg\",\"datePublished\":\"2023-07-13T12:24:00+00:00\",\"dateModified\":\"2025-05-20T21:58:27+00:00\",\"description\":\"Deuxi\u00e8me m\u00e9daille d\u2019or pour la Tunisie gr\u00e2ce \u00e0 Rouay Jebabli qui s\u2019impose aux 1500 m\u00e8tres.\",\"breadcrumb\":{\"@id\":\"https:\\\/\\\/www.webdo.tn\\\/fr\\\/actualite\\\/sport\\\/mondiaux-de-para-athletisme-rouay-jebabli-decroche-l-or\\\/207214\\\/#breadcrumb\"},\"inLanguage\":\"fr-FR\",\"potentialAction\":[{\"@type\":\"ReadAction\",\"target\":[\"https:\\\/\\\/www.webdo.tn\\\/fr\\\/actualite\\\/sport\\\/mondiaux-de-para-athletisme-rouay-jebabli-decroche-l-or\\\/207214\\\/\"]}]},{\"@type\":\"ImageObject\",\"inLanguage\":\"fr-FR\",\"@id\":\"https:\\\/\\\/www.webdo.tn\\\/fr\\\/actualite\\\/sport\\\/mondiaux-de-para-athletisme-rouay-jebabli-decroche-l-or\\\/207214\\\/#primaryimage\",\"url\":\"https:\\\/\\\/www.webdo.tn\\\/fr\\\/wp-content\\\/uploads\\\/2023\\\/07\\\/7d4b4f5db11324c200d89ae9b12e5a87.jpg\",\"contentUrl\":\"https:\\\/\\\/www.webdo.tn\\\/fr\\\/wp-content\\\/uploads\\\/2023\\\/07\\\/7d4b4f5db11324c200d89ae9b12e5a87.jpg\",\"width\":650,\"height\":347,\"caption\":\"Mondiaux de para-athl\u00e9tisme : Rouay Jebabli d\u00e9croche l\u2019or\"},{\"@type\":\"BreadcrumbList\",\"@id\":\"https:\\\/\\\/www.webdo.tn\\\/fr\\\/actualite\\\/sport\\\/mondiaux-de-para-athletisme-rouay-jebabli-decroche-l-or\\\/207214\\\/#breadcrumb\",\"itemListElement\":[{\"@type\":\"ListItem\",\"position\":1,\"name\":\"Accueil\",\"item\":\"https:\\\/\\\/www.webdo.tn\\\/fr\\\/\"},{\"@type\":\"ListItem\",\"position\":2,\"name\":\"Mondiaux de para-athl\u00e9tisme : Rouay Jebabli d\u00e9croche l\u2019or\"}]},{\"@type\":\"WebSite\",\"@id\":\"https:\\\/\\\/www.webdo.tn\\\/fr\\\/#website\",\"url\":\"https:\\\/\\\/www.webdo.tn\\\/fr\\\/\",\"name\":\"webdo\",\"description\":\"Tunisie - News en Tunisie et \u00e0 l&#039;international sur Webdo.tn\",\"publisher\":{\"@id\":\"https:\\\/\\\/www.webdo.tn\\\/fr\\\/#organization\"},\"potentialAction\":[{\"@type\":\"SearchAction\",\"target\":{\"@type\":\"EntryPoint\",\"urlTemplate\":\"https:\\\/\\\/www.webdo.tn\\\/fr\\\/?s={search_term_string}\"},\"query-input\":{\"@type\":\"PropertyValueSpecification\",\"valueRequired\":true,\"valueName\":\"search_term_string\"}}],\"inLanguage\":\"fr-FR\"},{\"@type\":\"Organization\",\"@id\":\"https:\\\/\\\/www.webdo.tn\\\/fr\\\/#organization\",\"name\":\"Webdo\",\"alternateName\":\"Webdo.tn\",\"url\":\"https:\\\/\\\/www.webdo.tn\\\/fr\\\/\",\"logo\":{\"@type\":\"ImageObject\",\"inLanguage\":\"fr-FR\",\"@id\":\"https:\\\/\\\/www.webdo.tn\\\/fr\\\/#\\\/schema\\\/logo\\\/image\\\/\",\"url\":\"https:\\\/\\\/www.webdo.tn\\\/fr\\\/wp-content\\\/uploads\\\/2025\\\/06\\\/Webdo-Tunisie_168377.jpg\",\"contentUrl\":\"https:\\\/\\\/www.webdo.tn\\\/fr\\\/wp-content\\\/uploads\\\/2025\\\/06\\\/Webdo-Tunisie_168377.jpg\",\"width\":301,\"height\":301,\"caption\":\"Webdo\"},\"image\":{\"@id\":\"https:\\\/\\\/www.webdo.tn\\\/fr\\\/#\\\/schema\\\/logo\\\/image\\\/\"},\"sameAs\":[\"https:\\\/\\\/www.facebook.com\\\/webdotn\",\"https:\\\/\\\/x.com\\\/webdo_tn\"],\"description\":\"Webdo est un m\u00e9dia num\u00e9rique tunisien fond\u00e9 en 2010, sp\u00e9cialis\u00e9 dans l\u2019actualit\u00e9 nationale et internationale, l\u2019\u00e9conomie, la soci\u00e9t\u00e9 et les analyses politiques. Le site s\u2019adresse \u00e0 un large public francophone et couvre l\u2019information tunisienne en temps r\u00e9el.\",\"email\":\"redac@webdo.tn\",\"legalName\":\"YNJ SARL\",\"foundingDate\":\"2010-09-06\",\"numberOfEmployees\":{\"@type\":\"QuantitativeValue\",\"minValue\":\"11\",\"maxValue\":\"50\"}},{\"@type\":\"Person\",\"@id\":\"https:\\\/\\\/www.webdo.tn\\\/fr\\\/#\\\/schema\\\/person\\\/2c4929cbf5a809e3bd38617c6ce150f6\",\"name\":\"MC\",\"image\":{\"@type\":\"ImageObject\",\"inLanguage\":\"fr-FR\",\"@id\":\"https:\\\/\\\/secure.gravatar.com\\\/avatar\\\/a545bbb6f84efdd5553dbbc2895e3ca8f1d12c5215e00a041c9670b54aa9b18a?s=96&d=mm&r=g\",\"url\":\"https:\\\/\\\/secure.gravatar.com\\\/avatar\\\/a545bbb6f84efdd5553dbbc2895e3ca8f1d12c5215e00a041c9670b54aa9b18a?s=96&d=mm&r=g\",\"contentUrl\":\"https:\\\/\\\/secure.gravatar.com\\\/avatar\\\/a545bbb6f84efdd5553dbbc2895e3ca8f1d12c5215e00a041c9670b54aa9b18a?s=96&d=mm&r=g\",\"caption\":\"MC\"},\"url\":\"https:\\\/\\\/www.webdo.tn\\\/fr\\\/actualite\\\/author\\\/mc\\\/\"}]}<\/script>\n<!-- \/ Yoast SEO Premium plugin. -->","yoast_head_json":{"title":"Mondiaux de para-athl\u00e9tisme : Rouay Jebabli d\u00e9croche l\u2019or","description":"Deuxi\u00e8me m\u00e9daille d\u2019or pour la Tunisie gr\u00e2ce \u00e0 Rouay Jebabli qui s\u2019impose aux 1500 m\u00e8tres.","canonical":"https:\/\/www.webdo.tn\/fr\/actualite\/sport\/mondiaux-de-para-athletisme-rouay-jebabli-decroche-l-or\/207214\/","og_locale":"fr_FR","og_type":"article","og_title":"Mondiaux de para-athl\u00e9tisme : Rouay Jebabli d\u00e9croche l\u2019or","og_description":"Deuxi\u00e8me m\u00e9daille d\u2019or pour la Tunisie gr\u00e2ce \u00e0 Rouay Jebabli qui s\u2019impose aux 1500 m\u00e8tres.","og_url":"https:\/\/www.webdo.tn\/fr\/actualite\/sport\/mondiaux-de-para-athletisme-rouay-jebabli-decroche-l-or\/207214\/","og_site_name":"webdo","article_publisher":"https:\/\/www.facebook.com\/webdotn","article_published_time":"2023-07-13T12:24:00+00:00","article_modified_time":"2025-05-20T21:58:27+00:00","og_image":[{"width":650,"height":347,"url":"https:\/\/www.webdo.tn\/fr\/wp-content\/uploads\/2023\/07\/7d4b4f5db11324c200d89ae9b12e5a87.jpg","type":"image\/jpeg"}],"author":"MC","twitter_card":"summary_large_image","twitter_creator":"@webdo_tn","twitter_site":"@webdo_tn","twitter_misc":{"\u00c9crit par":"MC"},"schema":{"@context":"https:\/\/schema.org","@graph":[{"@type":"NewsArticle","@id":"https:\/\/www.webdo.tn\/fr\/actualite\/sport\/mondiaux-de-para-athletisme-rouay-jebabli-decroche-l-or\/207214\/#article","isPartOf":{"@id":"https:\/\/www.webdo.tn\/fr\/actualite\/sport\/mondiaux-de-para-athletisme-rouay-jebabli-decroche-l-or\/207214\/"},"author":{"name":"MC","@id":"https:\/\/www.webdo.tn\/fr\/#\/schema\/person\/2c4929cbf5a809e3bd38617c6ce150f6"},"headline":"Mondiaux de para-athl\u00e9tisme : Rouay Jebabli d\u00e9croche l\u2019or","datePublished":"2023-07-13T12:24:00+00:00","dateModified":"2025-05-20T21:58:27+00:00","mainEntityOfPage":{"@id":"https:\/\/www.webdo.tn\/fr\/actualite\/sport\/mondiaux-de-para-athletisme-rouay-jebabli-decroche-l-or\/207214\/"},"wordCount":107,"commentCount":0,"publisher":{"@id":"https:\/\/www.webdo.tn\/fr\/#organization"},"image":{"@id":"https:\/\/www.webdo.tn\/fr\/actualite\/sport\/mondiaux-de-para-athletisme-rouay-jebabli-decroche-l-or\/207214\/#primaryimage"},"thumbnailUrl":"https:\/\/www.webdo.tn\/fr\/wp-content\/uploads\/2023\/07\/7d4b4f5db11324c200d89ae9b12e5a87.jpg","keywords":["championnats du monde","para-athl\u00e9tisme","Rouay Jebabli"],"articleSection":["Sport"],"inLanguage":"fr-FR"},{"@type":"WebPage","@id":"https:\/\/www.webdo.tn\/fr\/actualite\/sport\/mondiaux-de-para-athletisme-rouay-jebabli-decroche-l-or\/207214\/","url":"https:\/\/www.webdo.tn\/fr\/actualite\/sport\/mondiaux-de-para-athletisme-rouay-jebabli-decroche-l-or\/207214\/","name":"Mondiaux de para-athl\u00e9tisme : Rouay Jebabli d\u00e9croche l\u2019or","isPartOf":{"@id":"https:\/\/www.webdo.tn\/fr\/#website"},"primaryImageOfPage":{"@id":"https:\/\/www.webdo.tn\/fr\/actualite\/sport\/mondiaux-de-para-athletisme-rouay-jebabli-decroche-l-or\/207214\/#primaryimage"},"image":{"@id":"https:\/\/www.webdo.tn\/fr\/actualite\/sport\/mondiaux-de-para-athletisme-rouay-jebabli-decroche-l-or\/207214\/#primaryimage"},"thumbnailUrl":"https:\/\/www.webdo.tn\/fr\/wp-content\/uploads\/2023\/07\/7d4b4f5db11324c200d89ae9b12e5a87.jpg","datePublished":"2023-07-13T12:24:00+00:00","dateModified":"2025-05-20T21:58:27+00:00","description":"Deuxi\u00e8me m\u00e9daille d\u2019or pour la Tunisie gr\u00e2ce \u00e0 Rouay Jebabli qui s\u2019impose aux 1500 m\u00e8tres.","breadcrumb":{"@id":"https:\/\/www.webdo.tn\/fr\/actualite\/sport\/mondiaux-de-para-athletisme-rouay-jebabli-decroche-l-or\/207214\/#breadcrumb"},"inLanguage":"fr-FR","potentialAction":[{"@type":"ReadAction","target":["https:\/\/www.webdo.tn\/fr\/actualite\/sport\/mondiaux-de-para-athletisme-rouay-jebabli-decroche-l-or\/207214\/"]}]},{"@type":"ImageObject","inLanguage":"fr-FR","@id":"https:\/\/www.webdo.tn\/fr\/actualite\/sport\/mondiaux-de-para-athletisme-rouay-jebabli-decroche-l-or\/207214\/#primaryimage","url":"https:\/\/www.webdo.tn\/fr\/wp-content\/uploads\/2023\/07\/7d4b4f5db11324c200d89ae9b12e5a87.jpg","contentUrl":"https:\/\/www.webdo.tn\/fr\/wp-content\/uploads\/2023\/07\/7d4b4f5db11324c200d89ae9b12e5a87.jpg","width":650,"height":347,"caption":"Mondiaux de para-athl\u00e9tisme : Rouay Jebabli d\u00e9croche l\u2019or"},{"@type":"BreadcrumbList","@id":"https:\/\/www.webdo.tn\/fr\/actualite\/sport\/mondiaux-de-para-athletisme-rouay-jebabli-decroche-l-or\/207214\/#breadcrumb","itemListElement":[{"@type":"ListItem","position":1,"name":"Accueil","item":"https:\/\/www.webdo.tn\/fr\/"},{"@type":"ListItem","position":2,"name":"Mondiaux de para-athl\u00e9tisme : Rouay Jebabli d\u00e9croche l\u2019or"}]},{"@type":"WebSite","@id":"https:\/\/www.webdo.tn\/fr\/#website","url":"https:\/\/www.webdo.tn\/fr\/","name":"webdo","description":"Tunisie - News en Tunisie et \u00e0 l&#039;international sur Webdo.tn","publisher":{"@id":"https:\/\/www.webdo.tn\/fr\/#organization"},"potentialAction":[{"@type":"SearchAction","target":{"@type":"EntryPoint","urlTemplate":"https:\/\/www.webdo.tn\/fr\/?s={search_term_string}"},"query-input":{"@type":"PropertyValueSpecification","valueRequired":true,"valueName":"search_term_string"}}],"inLanguage":"fr-FR"},{"@type":"Organization","@id":"https:\/\/www.webdo.tn\/fr\/#organization","name":"Webdo","alternateName":"Webdo.tn","url":"https:\/\/www.webdo.tn\/fr\/","logo":{"@type":"ImageObject","inLanguage":"fr-FR","@id":"https:\/\/www.webdo.tn\/fr\/#\/schema\/logo\/image\/","url":"https:\/\/www.webdo.tn\/fr\/wp-content\/uploads\/2025\/06\/Webdo-Tunisie_168377.jpg","contentUrl":"https:\/\/www.webdo.tn\/fr\/wp-content\/uploads\/2025\/06\/Webdo-Tunisie_168377.jpg","width":301,"height":301,"caption":"Webdo"},"image":{"@id":"https:\/\/www.webdo.tn\/fr\/#\/schema\/logo\/image\/"},"sameAs":["https:\/\/www.facebook.com\/webdotn","https:\/\/x.com\/webdo_tn"],"description":"Webdo est un m\u00e9dia num\u00e9rique tunisien fond\u00e9 en 2010, sp\u00e9cialis\u00e9 dans l\u2019actualit\u00e9 nationale et internationale, l\u2019\u00e9conomie, la soci\u00e9t\u00e9 et les analyses politiques. Le site s\u2019adresse \u00e0 un large public francophone et couvre l\u2019information tunisienne en temps r\u00e9el.","email":"redac@webdo.tn","legalName":"YNJ SARL","foundingDate":"2010-09-06","numberOfEmployees":{"@type":"QuantitativeValue","minValue":"11","maxValue":"50"}},{"@type":"Person","@id":"https:\/\/www.webdo.tn\/fr\/#\/schema\/person\/2c4929cbf5a809e3bd38617c6ce150f6","name":"MC","image":{"@type":"ImageObject","inLanguage":"fr-FR","@id":"https:\/\/secure.gravatar.com\/avatar\/a545bbb6f84efdd5553dbbc2895e3ca8f1d12c5215e00a041c9670b54aa9b18a?s=96&d=mm&r=g","url":"https:\/\/secure.gravatar.com\/avatar\/a545bbb6f84efdd5553dbbc2895e3ca8f1d12c5215e00a041c9670b54aa9b18a?s=96&d=mm&r=g","contentUrl":"https:\/\/secure.gravatar.com\/avatar\/a545bbb6f84efdd5553dbbc2895e3ca8f1d12c5215e00a041c9670b54aa9b18a?s=96&d=mm&r=g","caption":"MC"},"url":"https:\/\/www.webdo.tn\/fr\/actualite\/author\/mc\/"}]}},"_links":{"self":[{"href":"https:\/\/www.webdo.tn\/fr\/wp-json\/wp\/v2\/posts\/207214","targetHints":{"allow":["GET"]}}],"collection":[{"href":"https:\/\/www.webdo.tn\/fr\/wp-json\/wp\/v2\/posts"}],"about":[{"href":"https:\/\/www.webdo.tn\/fr\/wp-json\/wp\/v2\/types\/post"}],"author":[{"embeddable":true,"href":"https:\/\/www.webdo.tn\/fr\/wp-json\/wp\/v2\/users\/3162"}],"replies":[{"embeddable":true,"href":"https:\/\/www.webdo.tn\/fr\/wp-json\/wp\/v2\/comments?post=207214"}],"version-history":[{"count":0,"href":"https:\/\/www.webdo.tn\/fr\/wp-json\/wp\/v2\/posts\/207214\/revisions"}],"wp:featuredmedia":[{"embeddable":true,"href":"https:\/\/www.webdo.tn\/fr\/wp-json\/wp\/v2\/media\/249778"}],"wp:attachment":[{"href":"https:\/\/www.webdo.tn\/fr\/wp-json\/wp\/v2\/media?parent=207214"}],"wp:term":[{"taxonomy":"category","embeddable":true,"href":"https:\/\/www.webdo.tn\/fr\/wp-json\/wp\/v2\/categories?post=207214"},{"taxonomy":"post_tag","embeddable":true,"href":"https:\/\/www.webdo.tn\/fr\/wp-json\/wp\/v2\/tags?post=207214"}],"curies":[{"name":"wp","href":"https:\/\/api.w.org\/{rel}","templated":true}]}}