{"id":207183,"date":"2023-07-11T21:56:00","date_gmt":"2023-07-11T21:56:00","guid":{"rendered":"https:\/\/www.webdo.tn\/fr\/blog\/phosphate-le-ministre-du-transport-appelle-a-davantage-de-cooperation-entre-la-cpg-et-la-sncft\/207183\/"},"modified":"2025-05-17T21:10:31","modified_gmt":"2025-05-17T21:10:31","slug":"phosphate-le-ministre-du-transport-appelle-a-davantage-de-cooperation-entre-la-cpg-et-la-sncft","status":"publish","type":"post","link":"https:\/\/www.webdo.tn\/fr\/actualite\/national\/phosphate-le-ministre-du-transport-appelle-a-davantage-de-cooperation-entre-la-cpg-et-la-sncft\/207183\/","title":{"rendered":"Phosphate : Le ministre du Transport appelle \u00e0 davantage de coop\u00e9ration entre la CPG et la SNCFT"},"content":{"rendered":"<p>Une s\u00e9ance de travail a \u00e9t\u00e9 tenue, sous la pr\u00e9sidence du ministre du Transport, Rabie Majidi, en pr\u00e9sence du PDG de la compagnie Phosphate Gafsa, Ridha Chalghoum, des repr\u00e9sentants de la Soci\u00e9t\u00e9 nationale des chemins de fer tunisiens (SNCFT), et de de la CPG, selon un communiqu\u00e9 publi\u00e9 par le minist\u00e8re du Transport.<\/p>\n<p>\t\t\t\t\t\t\t\t\tLadite s\u00e9ance a tourn\u00e9 autour de la probl\u00e9matique du transport du phosphate par les rails. En ce sens, les discussions ont port\u00e9 sur les solutions \u00e0 m\u00eame d\u2019augmenter la cadence de transport du phosphate par la voie ferr\u00e9e, afin de transporter les plus grandes quantit\u00e9s possibles de cette richesse nationale.<\/p>\n<p>Ainsi, le r\u00e8glement des probl\u00e8mes inh\u00e9rents \u00e0 ce secteur requiert l\u2019adh\u00e9sion des deux entreprises, la SNCFT et la CPG, \u00e0 travers la mobilisation de l\u2019ensemble de leurs moyens logistiques et humains, selon le principe de compl\u00e9mentarit\u00e9 afin d\u2019atteindre les objectifs escompt\u00e9s.<\/p>\n<p>Le ministre\u00a0a recommand\u00e9 l\u2019\u00e9laboration d\u2019un dossier complet, selon les besoins et les priorit\u00e9s, accompagn\u00e9 d\u2019un projet de programme de r\u00e9habilitation des wagons d\u00e9di\u00e9s au transport du phosphate, dans la perspective de leur remise en exploitation.<\/p>\n","protected":false},"excerpt":{"rendered":"<p>Une s\u00e9ance de travail a \u00e9t\u00e9 tenue, sous la pr\u00e9sidence du ministre du Transport, Rabie Majidi, en pr\u00e9sence du PDG de la compagnie Phosphate Gafsa, Ridha Chalghou&#8230;<\/p>\n","protected":false},"author":3169,"featured_media":278501,"comment_status":"open","ping_status":"closed","sticky":false,"template":"","format":"standard","meta":{"footnotes":""},"categories":[44],"tags":[2977,2979,4184,2818,2608],"class_list":["post-207183","post","type-post","status-publish","format-standard","has-post-thumbnail","hentry","category-national","tag-cpg","tag-phosphate","tag-sncft","tag-transport","tag-tunisie"],"yoast_head":"<!-- This site is optimized with the Yoast SEO Premium plugin v27.4 (Yoast SEO v27.5) - https:\/\/yoast.com\/product\/yoast-seo-premium-wordpress\/ -->\n<title>Phosphate : Le ministre du Transport appelle \u00e0 davantage de coop\u00e9ration entre la CPG et la SNCFT<\/title>\n<meta name=\"description\" content=\"Une s\u00e9ance de travail a \u00e9t\u00e9 tenue, sous la pr\u00e9sidence du ministre du Transport, Rabie Majidi, en pr\u00e9sence du PDG de la compagnie Phosphate Gafsa, Ridha Chalghou...\" \/>\n<link rel=\"canonical\" href=\"https:\/\/www.webdo.tn\/fr\/actualite\/national\/phosphate-le-ministre-du-transport-appelle-a-davantage-de-cooperation-entre-la-cpg-et-la-sncft\/207183\/\" \/>\n<meta property=\"og:locale\" content=\"fr_FR\" \/>\n<meta property=\"og:type\" content=\"article\" \/>\n<meta property=\"og:title\" content=\"Phosphate : Le ministre du Transport appelle \u00e0 davantage de coop\u00e9ration entre la CPG et la SNCFT\" \/>\n<meta property=\"og:description\" content=\"Une s\u00e9ance de travail a \u00e9t\u00e9 tenue, sous la pr\u00e9sidence du ministre du Transport, Rabie Majidi, en pr\u00e9sence du PDG de la compagnie Phosphate Gafsa, Ridha Chalghou...\" \/>\n<meta property=\"og:url\" content=\"https:\/\/www.webdo.tn\/fr\/actualite\/national\/phosphate-le-ministre-du-transport-appelle-a-davantage-de-cooperation-entre-la-cpg-et-la-sncft\/207183\/\" \/>\n<meta property=\"og:site_name\" content=\"webdo\" \/>\n<meta property=\"article:publisher\" content=\"https:\/\/www.facebook.com\/webdotn\" \/>\n<meta property=\"article:published_time\" content=\"2023-07-11T21:56:00+00:00\" \/>\n<meta property=\"article:modified_time\" content=\"2025-05-17T21:10:31+00:00\" \/>\n<meta property=\"og:image\" content=\"https:\/\/www.webdo.tn\/fr\/wp-content\/uploads\/2023\/07\/a06580f66f3f63faa6d9d498ac409ca9.jpg\" \/>\n\t<meta property=\"og:image:width\" content=\"750\" \/>\n\t<meta property=\"og:image:height\" content=\"400\" \/>\n\t<meta property=\"og:image:type\" content=\"image\/jpeg\" \/>\n<meta name=\"author\" content=\"Webdo\" \/>\n<meta name=\"twitter:card\" content=\"summary_large_image\" \/>\n<meta name=\"twitter:creator\" content=\"@webdo_tn\" \/>\n<meta name=\"twitter:site\" content=\"@webdo_tn\" \/>\n<meta name=\"twitter:label1\" content=\"\u00c9crit par\" \/>\n\t<meta name=\"twitter:data1\" content=\"Webdo\" \/>\n\t<meta name=\"twitter:label2\" content=\"Dur\u00e9e de lecture estim\u00e9e\" \/>\n\t<meta name=\"twitter:data2\" content=\"1 minute\" \/>\n<script type=\"application\/ld+json\" class=\"yoast-schema-graph\">{\"@context\":\"https:\\\/\\\/schema.org\",\"@graph\":[{\"@type\":\"NewsArticle\",\"@id\":\"https:\\\/\\\/www.webdo.tn\\\/fr\\\/actualite\\\/national\\\/phosphate-le-ministre-du-transport-appelle-a-davantage-de-cooperation-entre-la-cpg-et-la-sncft\\\/207183\\\/#article\",\"isPartOf\":{\"@id\":\"https:\\\/\\\/www.webdo.tn\\\/fr\\\/actualite\\\/national\\\/phosphate-le-ministre-du-transport-appelle-a-davantage-de-cooperation-entre-la-cpg-et-la-sncft\\\/207183\\\/\"},\"author\":{\"name\":\"Webdo\",\"@id\":\"https:\\\/\\\/www.webdo.tn\\\/fr\\\/#\\\/schema\\\/person\\\/1f4e491e0907b413d61089e8eb573acc\"},\"headline\":\"Phosphate : Le ministre du Transport appelle \u00e0 davantage de coop\u00e9ration entre la CPG et la SNCFT\",\"datePublished\":\"2023-07-11T21:56:00+00:00\",\"dateModified\":\"2025-05-17T21:10:31+00:00\",\"mainEntityOfPage\":{\"@id\":\"https:\\\/\\\/www.webdo.tn\\\/fr\\\/actualite\\\/national\\\/phosphate-le-ministre-du-transport-appelle-a-davantage-de-cooperation-entre-la-cpg-et-la-sncft\\\/207183\\\/\"},\"wordCount\":221,\"commentCount\":0,\"publisher\":{\"@id\":\"https:\\\/\\\/www.webdo.tn\\\/fr\\\/#organization\"},\"image\":{\"@id\":\"https:\\\/\\\/www.webdo.tn\\\/fr\\\/actualite\\\/national\\\/phosphate-le-ministre-du-transport-appelle-a-davantage-de-cooperation-entre-la-cpg-et-la-sncft\\\/207183\\\/#primaryimage\"},\"thumbnailUrl\":\"https:\\\/\\\/www.webdo.tn\\\/fr\\\/wp-content\\\/uploads\\\/2023\\\/07\\\/a06580f66f3f63faa6d9d498ac409ca9.jpg\",\"keywords\":[\"CPG\",\"phosphate\",\"SNCFT\",\"Transport\",\"Tunisie\"],\"articleSection\":[\"National\"],\"inLanguage\":\"fr-FR\"},{\"@type\":\"WebPage\",\"@id\":\"https:\\\/\\\/www.webdo.tn\\\/fr\\\/actualite\\\/national\\\/phosphate-le-ministre-du-transport-appelle-a-davantage-de-cooperation-entre-la-cpg-et-la-sncft\\\/207183\\\/\",\"url\":\"https:\\\/\\\/www.webdo.tn\\\/fr\\\/actualite\\\/national\\\/phosphate-le-ministre-du-transport-appelle-a-davantage-de-cooperation-entre-la-cpg-et-la-sncft\\\/207183\\\/\",\"name\":\"Phosphate : Le ministre du Transport appelle \u00e0 davantage de coop\u00e9ration entre la CPG et la SNCFT\",\"isPartOf\":{\"@id\":\"https:\\\/\\\/www.webdo.tn\\\/fr\\\/#website\"},\"primaryImageOfPage\":{\"@id\":\"https:\\\/\\\/www.webdo.tn\\\/fr\\\/actualite\\\/national\\\/phosphate-le-ministre-du-transport-appelle-a-davantage-de-cooperation-entre-la-cpg-et-la-sncft\\\/207183\\\/#primaryimage\"},\"image\":{\"@id\":\"https:\\\/\\\/www.webdo.tn\\\/fr\\\/actualite\\\/national\\\/phosphate-le-ministre-du-transport-appelle-a-davantage-de-cooperation-entre-la-cpg-et-la-sncft\\\/207183\\\/#primaryimage\"},\"thumbnailUrl\":\"https:\\\/\\\/www.webdo.tn\\\/fr\\\/wp-content\\\/uploads\\\/2023\\\/07\\\/a06580f66f3f63faa6d9d498ac409ca9.jpg\",\"datePublished\":\"2023-07-11T21:56:00+00:00\",\"dateModified\":\"2025-05-17T21:10:31+00:00\",\"description\":\"Une s\u00e9ance de travail a \u00e9t\u00e9 tenue, sous la pr\u00e9sidence du ministre du Transport, Rabie Majidi, en pr\u00e9sence du PDG de la compagnie Phosphate Gafsa, Ridha Chalghou...\",\"breadcrumb\":{\"@id\":\"https:\\\/\\\/www.webdo.tn\\\/fr\\\/actualite\\\/national\\\/phosphate-le-ministre-du-transport-appelle-a-davantage-de-cooperation-entre-la-cpg-et-la-sncft\\\/207183\\\/#breadcrumb\"},\"inLanguage\":\"fr-FR\",\"potentialAction\":[{\"@type\":\"ReadAction\",\"target\":[\"https:\\\/\\\/www.webdo.tn\\\/fr\\\/actualite\\\/national\\\/phosphate-le-ministre-du-transport-appelle-a-davantage-de-cooperation-entre-la-cpg-et-la-sncft\\\/207183\\\/\"]}]},{\"@type\":\"ImageObject\",\"inLanguage\":\"fr-FR\",\"@id\":\"https:\\\/\\\/www.webdo.tn\\\/fr\\\/actualite\\\/national\\\/phosphate-le-ministre-du-transport-appelle-a-davantage-de-cooperation-entre-la-cpg-et-la-sncft\\\/207183\\\/#primaryimage\",\"url\":\"https:\\\/\\\/www.webdo.tn\\\/fr\\\/wp-content\\\/uploads\\\/2023\\\/07\\\/a06580f66f3f63faa6d9d498ac409ca9.jpg\",\"contentUrl\":\"https:\\\/\\\/www.webdo.tn\\\/fr\\\/wp-content\\\/uploads\\\/2023\\\/07\\\/a06580f66f3f63faa6d9d498ac409ca9.jpg\",\"width\":750,\"height\":400,\"caption\":\"Phosphate : Le ministre du Transport appelle \u00e0 davantage de coop\u00e9ration entre la CPG et la SNCFT\"},{\"@type\":\"BreadcrumbList\",\"@id\":\"https:\\\/\\\/www.webdo.tn\\\/fr\\\/actualite\\\/national\\\/phosphate-le-ministre-du-transport-appelle-a-davantage-de-cooperation-entre-la-cpg-et-la-sncft\\\/207183\\\/#breadcrumb\",\"itemListElement\":[{\"@type\":\"ListItem\",\"position\":1,\"name\":\"Accueil\",\"item\":\"https:\\\/\\\/www.webdo.tn\\\/fr\\\/\"},{\"@type\":\"ListItem\",\"position\":2,\"name\":\"Phosphate : Le ministre du Transport appelle \u00e0 davantage de coop\u00e9ration entre la CPG et la SNCFT\"}]},{\"@type\":\"WebSite\",\"@id\":\"https:\\\/\\\/www.webdo.tn\\\/fr\\\/#website\",\"url\":\"https:\\\/\\\/www.webdo.tn\\\/fr\\\/\",\"name\":\"webdo\",\"description\":\"Tunisie - News en Tunisie et \u00e0 l&#039;international sur Webdo.tn\",\"publisher\":{\"@id\":\"https:\\\/\\\/www.webdo.tn\\\/fr\\\/#organization\"},\"potentialAction\":[{\"@type\":\"SearchAction\",\"target\":{\"@type\":\"EntryPoint\",\"urlTemplate\":\"https:\\\/\\\/www.webdo.tn\\\/fr\\\/?s={search_term_string}\"},\"query-input\":{\"@type\":\"PropertyValueSpecification\",\"valueRequired\":true,\"valueName\":\"search_term_string\"}}],\"inLanguage\":\"fr-FR\"},{\"@type\":\"Organization\",\"@id\":\"https:\\\/\\\/www.webdo.tn\\\/fr\\\/#organization\",\"name\":\"Webdo\",\"alternateName\":\"Webdo.tn\",\"url\":\"https:\\\/\\\/www.webdo.tn\\\/fr\\\/\",\"logo\":{\"@type\":\"ImageObject\",\"inLanguage\":\"fr-FR\",\"@id\":\"https:\\\/\\\/www.webdo.tn\\\/fr\\\/#\\\/schema\\\/logo\\\/image\\\/\",\"url\":\"https:\\\/\\\/www.webdo.tn\\\/fr\\\/wp-content\\\/uploads\\\/2025\\\/06\\\/Webdo-Tunisie_168377.jpg\",\"contentUrl\":\"https:\\\/\\\/www.webdo.tn\\\/fr\\\/wp-content\\\/uploads\\\/2025\\\/06\\\/Webdo-Tunisie_168377.jpg\",\"width\":301,\"height\":301,\"caption\":\"Webdo\"},\"image\":{\"@id\":\"https:\\\/\\\/www.webdo.tn\\\/fr\\\/#\\\/schema\\\/logo\\\/image\\\/\"},\"sameAs\":[\"https:\\\/\\\/www.facebook.com\\\/webdotn\",\"https:\\\/\\\/x.com\\\/webdo_tn\"],\"description\":\"Webdo est un m\u00e9dia num\u00e9rique tunisien fond\u00e9 en 2010, sp\u00e9cialis\u00e9 dans l\u2019actualit\u00e9 nationale et internationale, l\u2019\u00e9conomie, la soci\u00e9t\u00e9 et les analyses politiques. Le site s\u2019adresse \u00e0 un large public francophone et couvre l\u2019information tunisienne en temps r\u00e9el.\",\"email\":\"redac@webdo.tn\",\"legalName\":\"YNJ SARL\",\"foundingDate\":\"2010-09-06\",\"numberOfEmployees\":{\"@type\":\"QuantitativeValue\",\"minValue\":\"11\",\"maxValue\":\"50\"}},{\"@type\":\"Person\",\"@id\":\"https:\\\/\\\/www.webdo.tn\\\/fr\\\/#\\\/schema\\\/person\\\/1f4e491e0907b413d61089e8eb573acc\",\"name\":\"Webdo\",\"image\":{\"@type\":\"ImageObject\",\"inLanguage\":\"fr-FR\",\"@id\":\"https:\\\/\\\/secure.gravatar.com\\\/avatar\\\/de97aeec1bb80978a9dbb127e47dfc88aaacb2f3c29aac907d8d3222e3495d49?s=96&d=mm&r=g\",\"url\":\"https:\\\/\\\/secure.gravatar.com\\\/avatar\\\/de97aeec1bb80978a9dbb127e47dfc88aaacb2f3c29aac907d8d3222e3495d49?s=96&d=mm&r=g\",\"contentUrl\":\"https:\\\/\\\/secure.gravatar.com\\\/avatar\\\/de97aeec1bb80978a9dbb127e47dfc88aaacb2f3c29aac907d8d3222e3495d49?s=96&d=mm&r=g\",\"caption\":\"Webdo\"},\"url\":\"https:\\\/\\\/www.webdo.tn\\\/fr\\\/actualite\\\/author\\\/webdo\\\/\"}]}<\/script>\n<!-- \/ Yoast SEO Premium plugin. -->","yoast_head_json":{"title":"Phosphate : Le ministre du Transport appelle \u00e0 davantage de coop\u00e9ration entre la CPG et la SNCFT","description":"Une s\u00e9ance de travail a \u00e9t\u00e9 tenue, sous la pr\u00e9sidence du ministre du Transport, Rabie Majidi, en pr\u00e9sence du PDG de la compagnie Phosphate Gafsa, Ridha Chalghou...","canonical":"https:\/\/www.webdo.tn\/fr\/actualite\/national\/phosphate-le-ministre-du-transport-appelle-a-davantage-de-cooperation-entre-la-cpg-et-la-sncft\/207183\/","og_locale":"fr_FR","og_type":"article","og_title":"Phosphate : Le ministre du Transport appelle \u00e0 davantage de coop\u00e9ration entre la CPG et la SNCFT","og_description":"Une s\u00e9ance de travail a \u00e9t\u00e9 tenue, sous la pr\u00e9sidence du ministre du Transport, Rabie Majidi, en pr\u00e9sence du PDG de la compagnie Phosphate Gafsa, Ridha Chalghou...","og_url":"https:\/\/www.webdo.tn\/fr\/actualite\/national\/phosphate-le-ministre-du-transport-appelle-a-davantage-de-cooperation-entre-la-cpg-et-la-sncft\/207183\/","og_site_name":"webdo","article_publisher":"https:\/\/www.facebook.com\/webdotn","article_published_time":"2023-07-11T21:56:00+00:00","article_modified_time":"2025-05-17T21:10:31+00:00","og_image":[{"width":750,"height":400,"url":"https:\/\/www.webdo.tn\/fr\/wp-content\/uploads\/2023\/07\/a06580f66f3f63faa6d9d498ac409ca9.jpg","type":"image\/jpeg"}],"author":"Webdo","twitter_card":"summary_large_image","twitter_creator":"@webdo_tn","twitter_site":"@webdo_tn","twitter_misc":{"\u00c9crit par":"Webdo","Dur\u00e9e de lecture estim\u00e9e":"1 minute"},"schema":{"@context":"https:\/\/schema.org","@graph":[{"@type":"NewsArticle","@id":"https:\/\/www.webdo.tn\/fr\/actualite\/national\/phosphate-le-ministre-du-transport-appelle-a-davantage-de-cooperation-entre-la-cpg-et-la-sncft\/207183\/#article","isPartOf":{"@id":"https:\/\/www.webdo.tn\/fr\/actualite\/national\/phosphate-le-ministre-du-transport-appelle-a-davantage-de-cooperation-entre-la-cpg-et-la-sncft\/207183\/"},"author":{"name":"Webdo","@id":"https:\/\/www.webdo.tn\/fr\/#\/schema\/person\/1f4e491e0907b413d61089e8eb573acc"},"headline":"Phosphate : Le ministre du Transport appelle \u00e0 davantage de coop\u00e9ration entre la CPG et la SNCFT","datePublished":"2023-07-11T21:56:00+00:00","dateModified":"2025-05-17T21:10:31+00:00","mainEntityOfPage":{"@id":"https:\/\/www.webdo.tn\/fr\/actualite\/national\/phosphate-le-ministre-du-transport-appelle-a-davantage-de-cooperation-entre-la-cpg-et-la-sncft\/207183\/"},"wordCount":221,"commentCount":0,"publisher":{"@id":"https:\/\/www.webdo.tn\/fr\/#organization"},"image":{"@id":"https:\/\/www.webdo.tn\/fr\/actualite\/national\/phosphate-le-ministre-du-transport-appelle-a-davantage-de-cooperation-entre-la-cpg-et-la-sncft\/207183\/#primaryimage"},"thumbnailUrl":"https:\/\/www.webdo.tn\/fr\/wp-content\/uploads\/2023\/07\/a06580f66f3f63faa6d9d498ac409ca9.jpg","keywords":["CPG","phosphate","SNCFT","Transport","Tunisie"],"articleSection":["National"],"inLanguage":"fr-FR"},{"@type":"WebPage","@id":"https:\/\/www.webdo.tn\/fr\/actualite\/national\/phosphate-le-ministre-du-transport-appelle-a-davantage-de-cooperation-entre-la-cpg-et-la-sncft\/207183\/","url":"https:\/\/www.webdo.tn\/fr\/actualite\/national\/phosphate-le-ministre-du-transport-appelle-a-davantage-de-cooperation-entre-la-cpg-et-la-sncft\/207183\/","name":"Phosphate : Le ministre du Transport appelle \u00e0 davantage de coop\u00e9ration entre la CPG et la SNCFT","isPartOf":{"@id":"https:\/\/www.webdo.tn\/fr\/#website"},"primaryImageOfPage":{"@id":"https:\/\/www.webdo.tn\/fr\/actualite\/national\/phosphate-le-ministre-du-transport-appelle-a-davantage-de-cooperation-entre-la-cpg-et-la-sncft\/207183\/#primaryimage"},"image":{"@id":"https:\/\/www.webdo.tn\/fr\/actualite\/national\/phosphate-le-ministre-du-transport-appelle-a-davantage-de-cooperation-entre-la-cpg-et-la-sncft\/207183\/#primaryimage"},"thumbnailUrl":"https:\/\/www.webdo.tn\/fr\/wp-content\/uploads\/2023\/07\/a06580f66f3f63faa6d9d498ac409ca9.jpg","datePublished":"2023-07-11T21:56:00+00:00","dateModified":"2025-05-17T21:10:31+00:00","description":"Une s\u00e9ance de travail a \u00e9t\u00e9 tenue, sous la pr\u00e9sidence du ministre du Transport, Rabie Majidi, en pr\u00e9sence du PDG de la compagnie Phosphate Gafsa, Ridha Chalghou...","breadcrumb":{"@id":"https:\/\/www.webdo.tn\/fr\/actualite\/national\/phosphate-le-ministre-du-transport-appelle-a-davantage-de-cooperation-entre-la-cpg-et-la-sncft\/207183\/#breadcrumb"},"inLanguage":"fr-FR","potentialAction":[{"@type":"ReadAction","target":["https:\/\/www.webdo.tn\/fr\/actualite\/national\/phosphate-le-ministre-du-transport-appelle-a-davantage-de-cooperation-entre-la-cpg-et-la-sncft\/207183\/"]}]},{"@type":"ImageObject","inLanguage":"fr-FR","@id":"https:\/\/www.webdo.tn\/fr\/actualite\/national\/phosphate-le-ministre-du-transport-appelle-a-davantage-de-cooperation-entre-la-cpg-et-la-sncft\/207183\/#primaryimage","url":"https:\/\/www.webdo.tn\/fr\/wp-content\/uploads\/2023\/07\/a06580f66f3f63faa6d9d498ac409ca9.jpg","contentUrl":"https:\/\/www.webdo.tn\/fr\/wp-content\/uploads\/2023\/07\/a06580f66f3f63faa6d9d498ac409ca9.jpg","width":750,"height":400,"caption":"Phosphate : Le ministre du Transport appelle \u00e0 davantage de coop\u00e9ration entre la CPG et la SNCFT"},{"@type":"BreadcrumbList","@id":"https:\/\/www.webdo.tn\/fr\/actualite\/national\/phosphate-le-ministre-du-transport-appelle-a-davantage-de-cooperation-entre-la-cpg-et-la-sncft\/207183\/#breadcrumb","itemListElement":[{"@type":"ListItem","position":1,"name":"Accueil","item":"https:\/\/www.webdo.tn\/fr\/"},{"@type":"ListItem","position":2,"name":"Phosphate : Le ministre du Transport appelle \u00e0 davantage de coop\u00e9ration entre la CPG et la SNCFT"}]},{"@type":"WebSite","@id":"https:\/\/www.webdo.tn\/fr\/#website","url":"https:\/\/www.webdo.tn\/fr\/","name":"webdo","description":"Tunisie - News en Tunisie et \u00e0 l&#039;international sur Webdo.tn","publisher":{"@id":"https:\/\/www.webdo.tn\/fr\/#organization"},"potentialAction":[{"@type":"SearchAction","target":{"@type":"EntryPoint","urlTemplate":"https:\/\/www.webdo.tn\/fr\/?s={search_term_string}"},"query-input":{"@type":"PropertyValueSpecification","valueRequired":true,"valueName":"search_term_string"}}],"inLanguage":"fr-FR"},{"@type":"Organization","@id":"https:\/\/www.webdo.tn\/fr\/#organization","name":"Webdo","alternateName":"Webdo.tn","url":"https:\/\/www.webdo.tn\/fr\/","logo":{"@type":"ImageObject","inLanguage":"fr-FR","@id":"https:\/\/www.webdo.tn\/fr\/#\/schema\/logo\/image\/","url":"https:\/\/www.webdo.tn\/fr\/wp-content\/uploads\/2025\/06\/Webdo-Tunisie_168377.jpg","contentUrl":"https:\/\/www.webdo.tn\/fr\/wp-content\/uploads\/2025\/06\/Webdo-Tunisie_168377.jpg","width":301,"height":301,"caption":"Webdo"},"image":{"@id":"https:\/\/www.webdo.tn\/fr\/#\/schema\/logo\/image\/"},"sameAs":["https:\/\/www.facebook.com\/webdotn","https:\/\/x.com\/webdo_tn"],"description":"Webdo est un m\u00e9dia num\u00e9rique tunisien fond\u00e9 en 2010, sp\u00e9cialis\u00e9 dans l\u2019actualit\u00e9 nationale et internationale, l\u2019\u00e9conomie, la soci\u00e9t\u00e9 et les analyses politiques. Le site s\u2019adresse \u00e0 un large public francophone et couvre l\u2019information tunisienne en temps r\u00e9el.","email":"redac@webdo.tn","legalName":"YNJ SARL","foundingDate":"2010-09-06","numberOfEmployees":{"@type":"QuantitativeValue","minValue":"11","maxValue":"50"}},{"@type":"Person","@id":"https:\/\/www.webdo.tn\/fr\/#\/schema\/person\/1f4e491e0907b413d61089e8eb573acc","name":"Webdo","image":{"@type":"ImageObject","inLanguage":"fr-FR","@id":"https:\/\/secure.gravatar.com\/avatar\/de97aeec1bb80978a9dbb127e47dfc88aaacb2f3c29aac907d8d3222e3495d49?s=96&d=mm&r=g","url":"https:\/\/secure.gravatar.com\/avatar\/de97aeec1bb80978a9dbb127e47dfc88aaacb2f3c29aac907d8d3222e3495d49?s=96&d=mm&r=g","contentUrl":"https:\/\/secure.gravatar.com\/avatar\/de97aeec1bb80978a9dbb127e47dfc88aaacb2f3c29aac907d8d3222e3495d49?s=96&d=mm&r=g","caption":"Webdo"},"url":"https:\/\/www.webdo.tn\/fr\/actualite\/author\/webdo\/"}]}},"_links":{"self":[{"href":"https:\/\/www.webdo.tn\/fr\/wp-json\/wp\/v2\/posts\/207183","targetHints":{"allow":["GET"]}}],"collection":[{"href":"https:\/\/www.webdo.tn\/fr\/wp-json\/wp\/v2\/posts"}],"about":[{"href":"https:\/\/www.webdo.tn\/fr\/wp-json\/wp\/v2\/types\/post"}],"author":[{"embeddable":true,"href":"https:\/\/www.webdo.tn\/fr\/wp-json\/wp\/v2\/users\/3169"}],"replies":[{"embeddable":true,"href":"https:\/\/www.webdo.tn\/fr\/wp-json\/wp\/v2\/comments?post=207183"}],"version-history":[{"count":0,"href":"https:\/\/www.webdo.tn\/fr\/wp-json\/wp\/v2\/posts\/207183\/revisions"}],"wp:featuredmedia":[{"embeddable":true,"href":"https:\/\/www.webdo.tn\/fr\/wp-json\/wp\/v2\/media\/278501"}],"wp:attachment":[{"href":"https:\/\/www.webdo.tn\/fr\/wp-json\/wp\/v2\/media?parent=207183"}],"wp:term":[{"taxonomy":"category","embeddable":true,"href":"https:\/\/www.webdo.tn\/fr\/wp-json\/wp\/v2\/categories?post=207183"},{"taxonomy":"post_tag","embeddable":true,"href":"https:\/\/www.webdo.tn\/fr\/wp-json\/wp\/v2\/tags?post=207183"}],"curies":[{"name":"wp","href":"https:\/\/api.w.org\/{rel}","templated":true}]}}