{"id":207175,"date":"2023-07-11T19:06:00","date_gmt":"2023-07-11T19:06:00","guid":{"rendered":"https:\/\/www.webdo.tn\/fr\/blog\/affaire-instalingo-report-de-l-examen-du-dossier-d-instruction-au-20-juillet\/207175\/"},"modified":"2025-05-17T21:10:30","modified_gmt":"2025-05-17T21:10:30","slug":"affaire-instalingo-report-de-l-examen-du-dossier-d-instruction-au-20-juillet","status":"publish","type":"post","link":"https:\/\/www.webdo.tn\/fr\/actualite\/national\/affaire-instalingo-report-de-l-examen-du-dossier-d-instruction-au-20-juillet\/207175\/","title":{"rendered":"Affaire Instalingo : Report de l\u2019examen du dossier d\u2019instruction au 20 juillet"},"content":{"rendered":"<p>Le porte-parole officiel du tribunal de Sousse, H\u00e9di Khssib, a expliqu\u00e9, sur les ondes de Mosaique FM, que la chambre d\u2019accusation de la cour d\u2019appel \u00e0 Sousse, a d\u00e9cid\u00e9 de reporter l\u2019examen du dossier de l\u2019affaire \u00ab\u00a0Instalingo\u00a0\u00bb au 20 juillet prochain, sur requ\u00eate du parquet et des avocats des pr\u00e9venus.<\/p>\n<p>\t\t\t\t\t\t\t\t\tLe parquet et les avocats des accus\u00e9s ont fait appel \u00e0 la sentence du juge d\u2019instruction, qui avait class\u00e9 les charges contre 15 suspects et renvoy\u00e9 36 autres devant la chambre d\u2019accusation, en \u00e9tat de libert\u00e9 ou de d\u00e9tention.<\/p>\n<p>Il est \u00e0 rappeler qu&rsquo;en septembre 2021, le procureur de la R\u00e9publique avait ordonn\u00e9 l\u2019ouverture d\u2019une enqu\u00eate contre l\u2019entreprise sp\u00e9cialis\u00e9e dans le contenu num\u00e9rique \u00ab\u00a0Instalingo\u00a0\u00bb, pour tentative de changement de la forme du gouvernement, incitation des citoyens \u00e0 s\u2019entretuer, appel au d\u00e9sordre public, au meurtre et au pillage, conform\u00e9ment aux articles 67, 68 et 72 du Code p\u00e9nal.<\/p>\n","protected":false},"excerpt":{"rendered":"<p>Le porte-parole officiel du tribunal de Sousse, H\u00e9di Khssib, a expliqu\u00e9, sur les ondes de Mosaique FM, que la chambre d\u2019accusation de la cour d\u2019appel \u00e0 Sousse,&#8230;<\/p>\n","protected":false},"author":3169,"featured_media":278497,"comment_status":"open","ping_status":"closed","sticky":false,"template":"","format":"standard","meta":{"footnotes":""},"categories":[44],"tags":[4110,2619,3261,2608],"class_list":["post-207175","post","type-post","status-publish","format-standard","has-post-thumbnail","hentry","category-national","tag-instalingo","tag-justice","tag-proces","tag-tunisie"],"yoast_head":"<!-- This site is optimized with the Yoast SEO Premium plugin v27.4 (Yoast SEO v27.5) - https:\/\/yoast.com\/product\/yoast-seo-premium-wordpress\/ -->\n<title>Affaire Instalingo : Report de l\u2019examen du dossier d\u2019instruction au 20 juillet<\/title>\n<meta name=\"description\" content=\"Le porte-parole officiel du tribunal de Sousse, H\u00e9di Khssib, a expliqu\u00e9, sur les ondes de Mosaique FM, que la chambre d\u2019accusation de la cour d\u2019appel \u00e0 Sousse,...\" \/>\n<link rel=\"canonical\" href=\"https:\/\/www.webdo.tn\/fr\/actualite\/national\/affaire-instalingo-report-de-l-examen-du-dossier-d-instruction-au-20-juillet\/207175\/\" \/>\n<meta property=\"og:locale\" content=\"fr_FR\" \/>\n<meta property=\"og:type\" content=\"article\" \/>\n<meta property=\"og:title\" content=\"Affaire Instalingo : Report de l\u2019examen du dossier d\u2019instruction au 20 juillet\" \/>\n<meta property=\"og:description\" content=\"Le porte-parole officiel du tribunal de Sousse, H\u00e9di Khssib, a expliqu\u00e9, sur les ondes de Mosaique FM, que la chambre d\u2019accusation de la cour d\u2019appel \u00e0 Sousse,...\" \/>\n<meta property=\"og:url\" content=\"https:\/\/www.webdo.tn\/fr\/actualite\/national\/affaire-instalingo-report-de-l-examen-du-dossier-d-instruction-au-20-juillet\/207175\/\" \/>\n<meta property=\"og:site_name\" content=\"webdo\" \/>\n<meta property=\"article:publisher\" content=\"https:\/\/www.facebook.com\/webdotn\" \/>\n<meta property=\"article:published_time\" content=\"2023-07-11T19:06:00+00:00\" \/>\n<meta property=\"article:modified_time\" content=\"2025-05-17T21:10:30+00:00\" \/>\n<meta property=\"og:image\" content=\"https:\/\/www.webdo.tn\/fr\/wp-content\/uploads\/2023\/07\/0d57be4bb5d80967c7cc8c6aa885ff85.jpg\" \/>\n\t<meta property=\"og:image:width\" content=\"563\" \/>\n\t<meta property=\"og:image:height\" content=\"300\" \/>\n\t<meta property=\"og:image:type\" content=\"image\/jpeg\" \/>\n<meta name=\"author\" content=\"Webdo\" \/>\n<meta name=\"twitter:card\" content=\"summary_large_image\" \/>\n<meta name=\"twitter:creator\" content=\"@webdo_tn\" \/>\n<meta name=\"twitter:site\" content=\"@webdo_tn\" \/>\n<meta name=\"twitter:label1\" content=\"\u00c9crit par\" \/>\n\t<meta name=\"twitter:data1\" content=\"Webdo\" \/>\n\t<meta name=\"twitter:label2\" content=\"Dur\u00e9e de lecture estim\u00e9e\" \/>\n\t<meta name=\"twitter:data2\" content=\"1 minute\" \/>\n<script type=\"application\/ld+json\" class=\"yoast-schema-graph\">{\"@context\":\"https:\\\/\\\/schema.org\",\"@graph\":[{\"@type\":\"NewsArticle\",\"@id\":\"https:\\\/\\\/www.webdo.tn\\\/fr\\\/actualite\\\/national\\\/affaire-instalingo-report-de-l-examen-du-dossier-d-instruction-au-20-juillet\\\/207175\\\/#article\",\"isPartOf\":{\"@id\":\"https:\\\/\\\/www.webdo.tn\\\/fr\\\/actualite\\\/national\\\/affaire-instalingo-report-de-l-examen-du-dossier-d-instruction-au-20-juillet\\\/207175\\\/\"},\"author\":{\"name\":\"Webdo\",\"@id\":\"https:\\\/\\\/www.webdo.tn\\\/fr\\\/#\\\/schema\\\/person\\\/1f4e491e0907b413d61089e8eb573acc\"},\"headline\":\"Affaire Instalingo : Report de l\u2019examen du dossier d\u2019instruction au 20 juillet\",\"datePublished\":\"2023-07-11T19:06:00+00:00\",\"dateModified\":\"2025-05-17T21:10:30+00:00\",\"mainEntityOfPage\":{\"@id\":\"https:\\\/\\\/www.webdo.tn\\\/fr\\\/actualite\\\/national\\\/affaire-instalingo-report-de-l-examen-du-dossier-d-instruction-au-20-juillet\\\/207175\\\/\"},\"wordCount\":173,\"commentCount\":0,\"publisher\":{\"@id\":\"https:\\\/\\\/www.webdo.tn\\\/fr\\\/#organization\"},\"image\":{\"@id\":\"https:\\\/\\\/www.webdo.tn\\\/fr\\\/actualite\\\/national\\\/affaire-instalingo-report-de-l-examen-du-dossier-d-instruction-au-20-juillet\\\/207175\\\/#primaryimage\"},\"thumbnailUrl\":\"https:\\\/\\\/www.webdo.tn\\\/fr\\\/wp-content\\\/uploads\\\/2023\\\/07\\\/0d57be4bb5d80967c7cc8c6aa885ff85.jpg\",\"keywords\":[\"instalingo\",\"justice\",\"proc\u00e8s\",\"Tunisie\"],\"articleSection\":[\"National\"],\"inLanguage\":\"fr-FR\"},{\"@type\":\"WebPage\",\"@id\":\"https:\\\/\\\/www.webdo.tn\\\/fr\\\/actualite\\\/national\\\/affaire-instalingo-report-de-l-examen-du-dossier-d-instruction-au-20-juillet\\\/207175\\\/\",\"url\":\"https:\\\/\\\/www.webdo.tn\\\/fr\\\/actualite\\\/national\\\/affaire-instalingo-report-de-l-examen-du-dossier-d-instruction-au-20-juillet\\\/207175\\\/\",\"name\":\"Affaire Instalingo : Report de l\u2019examen du dossier d\u2019instruction au 20 juillet\",\"isPartOf\":{\"@id\":\"https:\\\/\\\/www.webdo.tn\\\/fr\\\/#website\"},\"primaryImageOfPage\":{\"@id\":\"https:\\\/\\\/www.webdo.tn\\\/fr\\\/actualite\\\/national\\\/affaire-instalingo-report-de-l-examen-du-dossier-d-instruction-au-20-juillet\\\/207175\\\/#primaryimage\"},\"image\":{\"@id\":\"https:\\\/\\\/www.webdo.tn\\\/fr\\\/actualite\\\/national\\\/affaire-instalingo-report-de-l-examen-du-dossier-d-instruction-au-20-juillet\\\/207175\\\/#primaryimage\"},\"thumbnailUrl\":\"https:\\\/\\\/www.webdo.tn\\\/fr\\\/wp-content\\\/uploads\\\/2023\\\/07\\\/0d57be4bb5d80967c7cc8c6aa885ff85.jpg\",\"datePublished\":\"2023-07-11T19:06:00+00:00\",\"dateModified\":\"2025-05-17T21:10:30+00:00\",\"description\":\"Le porte-parole officiel du tribunal de Sousse, H\u00e9di Khssib, a expliqu\u00e9, sur les ondes de Mosaique FM, que la chambre d\u2019accusation de la cour d\u2019appel \u00e0 Sousse,...\",\"breadcrumb\":{\"@id\":\"https:\\\/\\\/www.webdo.tn\\\/fr\\\/actualite\\\/national\\\/affaire-instalingo-report-de-l-examen-du-dossier-d-instruction-au-20-juillet\\\/207175\\\/#breadcrumb\"},\"inLanguage\":\"fr-FR\",\"potentialAction\":[{\"@type\":\"ReadAction\",\"target\":[\"https:\\\/\\\/www.webdo.tn\\\/fr\\\/actualite\\\/national\\\/affaire-instalingo-report-de-l-examen-du-dossier-d-instruction-au-20-juillet\\\/207175\\\/\"]}]},{\"@type\":\"ImageObject\",\"inLanguage\":\"fr-FR\",\"@id\":\"https:\\\/\\\/www.webdo.tn\\\/fr\\\/actualite\\\/national\\\/affaire-instalingo-report-de-l-examen-du-dossier-d-instruction-au-20-juillet\\\/207175\\\/#primaryimage\",\"url\":\"https:\\\/\\\/www.webdo.tn\\\/fr\\\/wp-content\\\/uploads\\\/2023\\\/07\\\/0d57be4bb5d80967c7cc8c6aa885ff85.jpg\",\"contentUrl\":\"https:\\\/\\\/www.webdo.tn\\\/fr\\\/wp-content\\\/uploads\\\/2023\\\/07\\\/0d57be4bb5d80967c7cc8c6aa885ff85.jpg\",\"width\":563,\"height\":300,\"caption\":\"Affaire Instalingo : Report de l\u2019examen du dossier d\u2019instruction au 20 juillet\"},{\"@type\":\"BreadcrumbList\",\"@id\":\"https:\\\/\\\/www.webdo.tn\\\/fr\\\/actualite\\\/national\\\/affaire-instalingo-report-de-l-examen-du-dossier-d-instruction-au-20-juillet\\\/207175\\\/#breadcrumb\",\"itemListElement\":[{\"@type\":\"ListItem\",\"position\":1,\"name\":\"Accueil\",\"item\":\"https:\\\/\\\/www.webdo.tn\\\/fr\\\/\"},{\"@type\":\"ListItem\",\"position\":2,\"name\":\"Affaire Instalingo : Report de l\u2019examen du dossier d\u2019instruction au 20 juillet\"}]},{\"@type\":\"WebSite\",\"@id\":\"https:\\\/\\\/www.webdo.tn\\\/fr\\\/#website\",\"url\":\"https:\\\/\\\/www.webdo.tn\\\/fr\\\/\",\"name\":\"webdo\",\"description\":\"Tunisie - News en Tunisie et \u00e0 l&#039;international sur Webdo.tn\",\"publisher\":{\"@id\":\"https:\\\/\\\/www.webdo.tn\\\/fr\\\/#organization\"},\"potentialAction\":[{\"@type\":\"SearchAction\",\"target\":{\"@type\":\"EntryPoint\",\"urlTemplate\":\"https:\\\/\\\/www.webdo.tn\\\/fr\\\/?s={search_term_string}\"},\"query-input\":{\"@type\":\"PropertyValueSpecification\",\"valueRequired\":true,\"valueName\":\"search_term_string\"}}],\"inLanguage\":\"fr-FR\"},{\"@type\":\"Organization\",\"@id\":\"https:\\\/\\\/www.webdo.tn\\\/fr\\\/#organization\",\"name\":\"Webdo\",\"alternateName\":\"Webdo.tn\",\"url\":\"https:\\\/\\\/www.webdo.tn\\\/fr\\\/\",\"logo\":{\"@type\":\"ImageObject\",\"inLanguage\":\"fr-FR\",\"@id\":\"https:\\\/\\\/www.webdo.tn\\\/fr\\\/#\\\/schema\\\/logo\\\/image\\\/\",\"url\":\"https:\\\/\\\/www.webdo.tn\\\/fr\\\/wp-content\\\/uploads\\\/2025\\\/06\\\/Webdo-Tunisie_168377.jpg\",\"contentUrl\":\"https:\\\/\\\/www.webdo.tn\\\/fr\\\/wp-content\\\/uploads\\\/2025\\\/06\\\/Webdo-Tunisie_168377.jpg\",\"width\":301,\"height\":301,\"caption\":\"Webdo\"},\"image\":{\"@id\":\"https:\\\/\\\/www.webdo.tn\\\/fr\\\/#\\\/schema\\\/logo\\\/image\\\/\"},\"sameAs\":[\"https:\\\/\\\/www.facebook.com\\\/webdotn\",\"https:\\\/\\\/x.com\\\/webdo_tn\"],\"description\":\"Webdo est un m\u00e9dia num\u00e9rique tunisien fond\u00e9 en 2010, sp\u00e9cialis\u00e9 dans l\u2019actualit\u00e9 nationale et internationale, l\u2019\u00e9conomie, la soci\u00e9t\u00e9 et les analyses politiques. Le site s\u2019adresse \u00e0 un large public francophone et couvre l\u2019information tunisienne en temps r\u00e9el.\",\"email\":\"redac@webdo.tn\",\"legalName\":\"YNJ SARL\",\"foundingDate\":\"2010-09-06\",\"numberOfEmployees\":{\"@type\":\"QuantitativeValue\",\"minValue\":\"11\",\"maxValue\":\"50\"}},{\"@type\":\"Person\",\"@id\":\"https:\\\/\\\/www.webdo.tn\\\/fr\\\/#\\\/schema\\\/person\\\/1f4e491e0907b413d61089e8eb573acc\",\"name\":\"Webdo\",\"image\":{\"@type\":\"ImageObject\",\"inLanguage\":\"fr-FR\",\"@id\":\"https:\\\/\\\/secure.gravatar.com\\\/avatar\\\/de97aeec1bb80978a9dbb127e47dfc88aaacb2f3c29aac907d8d3222e3495d49?s=96&d=mm&r=g\",\"url\":\"https:\\\/\\\/secure.gravatar.com\\\/avatar\\\/de97aeec1bb80978a9dbb127e47dfc88aaacb2f3c29aac907d8d3222e3495d49?s=96&d=mm&r=g\",\"contentUrl\":\"https:\\\/\\\/secure.gravatar.com\\\/avatar\\\/de97aeec1bb80978a9dbb127e47dfc88aaacb2f3c29aac907d8d3222e3495d49?s=96&d=mm&r=g\",\"caption\":\"Webdo\"},\"url\":\"https:\\\/\\\/www.webdo.tn\\\/fr\\\/actualite\\\/author\\\/webdo\\\/\"}]}<\/script>\n<!-- \/ Yoast SEO Premium plugin. -->","yoast_head_json":{"title":"Affaire Instalingo : Report de l\u2019examen du dossier d\u2019instruction au 20 juillet","description":"Le porte-parole officiel du tribunal de Sousse, H\u00e9di Khssib, a expliqu\u00e9, sur les ondes de Mosaique FM, que la chambre d\u2019accusation de la cour d\u2019appel \u00e0 Sousse,...","canonical":"https:\/\/www.webdo.tn\/fr\/actualite\/national\/affaire-instalingo-report-de-l-examen-du-dossier-d-instruction-au-20-juillet\/207175\/","og_locale":"fr_FR","og_type":"article","og_title":"Affaire Instalingo : Report de l\u2019examen du dossier d\u2019instruction au 20 juillet","og_description":"Le porte-parole officiel du tribunal de Sousse, H\u00e9di Khssib, a expliqu\u00e9, sur les ondes de Mosaique FM, que la chambre d\u2019accusation de la cour d\u2019appel \u00e0 Sousse,...","og_url":"https:\/\/www.webdo.tn\/fr\/actualite\/national\/affaire-instalingo-report-de-l-examen-du-dossier-d-instruction-au-20-juillet\/207175\/","og_site_name":"webdo","article_publisher":"https:\/\/www.facebook.com\/webdotn","article_published_time":"2023-07-11T19:06:00+00:00","article_modified_time":"2025-05-17T21:10:30+00:00","og_image":[{"width":563,"height":300,"url":"https:\/\/www.webdo.tn\/fr\/wp-content\/uploads\/2023\/07\/0d57be4bb5d80967c7cc8c6aa885ff85.jpg","type":"image\/jpeg"}],"author":"Webdo","twitter_card":"summary_large_image","twitter_creator":"@webdo_tn","twitter_site":"@webdo_tn","twitter_misc":{"\u00c9crit par":"Webdo","Dur\u00e9e de lecture estim\u00e9e":"1 minute"},"schema":{"@context":"https:\/\/schema.org","@graph":[{"@type":"NewsArticle","@id":"https:\/\/www.webdo.tn\/fr\/actualite\/national\/affaire-instalingo-report-de-l-examen-du-dossier-d-instruction-au-20-juillet\/207175\/#article","isPartOf":{"@id":"https:\/\/www.webdo.tn\/fr\/actualite\/national\/affaire-instalingo-report-de-l-examen-du-dossier-d-instruction-au-20-juillet\/207175\/"},"author":{"name":"Webdo","@id":"https:\/\/www.webdo.tn\/fr\/#\/schema\/person\/1f4e491e0907b413d61089e8eb573acc"},"headline":"Affaire Instalingo : Report de l\u2019examen du dossier d\u2019instruction au 20 juillet","datePublished":"2023-07-11T19:06:00+00:00","dateModified":"2025-05-17T21:10:30+00:00","mainEntityOfPage":{"@id":"https:\/\/www.webdo.tn\/fr\/actualite\/national\/affaire-instalingo-report-de-l-examen-du-dossier-d-instruction-au-20-juillet\/207175\/"},"wordCount":173,"commentCount":0,"publisher":{"@id":"https:\/\/www.webdo.tn\/fr\/#organization"},"image":{"@id":"https:\/\/www.webdo.tn\/fr\/actualite\/national\/affaire-instalingo-report-de-l-examen-du-dossier-d-instruction-au-20-juillet\/207175\/#primaryimage"},"thumbnailUrl":"https:\/\/www.webdo.tn\/fr\/wp-content\/uploads\/2023\/07\/0d57be4bb5d80967c7cc8c6aa885ff85.jpg","keywords":["instalingo","justice","proc\u00e8s","Tunisie"],"articleSection":["National"],"inLanguage":"fr-FR"},{"@type":"WebPage","@id":"https:\/\/www.webdo.tn\/fr\/actualite\/national\/affaire-instalingo-report-de-l-examen-du-dossier-d-instruction-au-20-juillet\/207175\/","url":"https:\/\/www.webdo.tn\/fr\/actualite\/national\/affaire-instalingo-report-de-l-examen-du-dossier-d-instruction-au-20-juillet\/207175\/","name":"Affaire Instalingo : Report de l\u2019examen du dossier d\u2019instruction au 20 juillet","isPartOf":{"@id":"https:\/\/www.webdo.tn\/fr\/#website"},"primaryImageOfPage":{"@id":"https:\/\/www.webdo.tn\/fr\/actualite\/national\/affaire-instalingo-report-de-l-examen-du-dossier-d-instruction-au-20-juillet\/207175\/#primaryimage"},"image":{"@id":"https:\/\/www.webdo.tn\/fr\/actualite\/national\/affaire-instalingo-report-de-l-examen-du-dossier-d-instruction-au-20-juillet\/207175\/#primaryimage"},"thumbnailUrl":"https:\/\/www.webdo.tn\/fr\/wp-content\/uploads\/2023\/07\/0d57be4bb5d80967c7cc8c6aa885ff85.jpg","datePublished":"2023-07-11T19:06:00+00:00","dateModified":"2025-05-17T21:10:30+00:00","description":"Le porte-parole officiel du tribunal de Sousse, H\u00e9di Khssib, a expliqu\u00e9, sur les ondes de Mosaique FM, que la chambre d\u2019accusation de la cour d\u2019appel \u00e0 Sousse,...","breadcrumb":{"@id":"https:\/\/www.webdo.tn\/fr\/actualite\/national\/affaire-instalingo-report-de-l-examen-du-dossier-d-instruction-au-20-juillet\/207175\/#breadcrumb"},"inLanguage":"fr-FR","potentialAction":[{"@type":"ReadAction","target":["https:\/\/www.webdo.tn\/fr\/actualite\/national\/affaire-instalingo-report-de-l-examen-du-dossier-d-instruction-au-20-juillet\/207175\/"]}]},{"@type":"ImageObject","inLanguage":"fr-FR","@id":"https:\/\/www.webdo.tn\/fr\/actualite\/national\/affaire-instalingo-report-de-l-examen-du-dossier-d-instruction-au-20-juillet\/207175\/#primaryimage","url":"https:\/\/www.webdo.tn\/fr\/wp-content\/uploads\/2023\/07\/0d57be4bb5d80967c7cc8c6aa885ff85.jpg","contentUrl":"https:\/\/www.webdo.tn\/fr\/wp-content\/uploads\/2023\/07\/0d57be4bb5d80967c7cc8c6aa885ff85.jpg","width":563,"height":300,"caption":"Affaire Instalingo : Report de l\u2019examen du dossier d\u2019instruction au 20 juillet"},{"@type":"BreadcrumbList","@id":"https:\/\/www.webdo.tn\/fr\/actualite\/national\/affaire-instalingo-report-de-l-examen-du-dossier-d-instruction-au-20-juillet\/207175\/#breadcrumb","itemListElement":[{"@type":"ListItem","position":1,"name":"Accueil","item":"https:\/\/www.webdo.tn\/fr\/"},{"@type":"ListItem","position":2,"name":"Affaire Instalingo : Report de l\u2019examen du dossier d\u2019instruction au 20 juillet"}]},{"@type":"WebSite","@id":"https:\/\/www.webdo.tn\/fr\/#website","url":"https:\/\/www.webdo.tn\/fr\/","name":"webdo","description":"Tunisie - News en Tunisie et \u00e0 l&#039;international sur Webdo.tn","publisher":{"@id":"https:\/\/www.webdo.tn\/fr\/#organization"},"potentialAction":[{"@type":"SearchAction","target":{"@type":"EntryPoint","urlTemplate":"https:\/\/www.webdo.tn\/fr\/?s={search_term_string}"},"query-input":{"@type":"PropertyValueSpecification","valueRequired":true,"valueName":"search_term_string"}}],"inLanguage":"fr-FR"},{"@type":"Organization","@id":"https:\/\/www.webdo.tn\/fr\/#organization","name":"Webdo","alternateName":"Webdo.tn","url":"https:\/\/www.webdo.tn\/fr\/","logo":{"@type":"ImageObject","inLanguage":"fr-FR","@id":"https:\/\/www.webdo.tn\/fr\/#\/schema\/logo\/image\/","url":"https:\/\/www.webdo.tn\/fr\/wp-content\/uploads\/2025\/06\/Webdo-Tunisie_168377.jpg","contentUrl":"https:\/\/www.webdo.tn\/fr\/wp-content\/uploads\/2025\/06\/Webdo-Tunisie_168377.jpg","width":301,"height":301,"caption":"Webdo"},"image":{"@id":"https:\/\/www.webdo.tn\/fr\/#\/schema\/logo\/image\/"},"sameAs":["https:\/\/www.facebook.com\/webdotn","https:\/\/x.com\/webdo_tn"],"description":"Webdo est un m\u00e9dia num\u00e9rique tunisien fond\u00e9 en 2010, sp\u00e9cialis\u00e9 dans l\u2019actualit\u00e9 nationale et internationale, l\u2019\u00e9conomie, la soci\u00e9t\u00e9 et les analyses politiques. Le site s\u2019adresse \u00e0 un large public francophone et couvre l\u2019information tunisienne en temps r\u00e9el.","email":"redac@webdo.tn","legalName":"YNJ SARL","foundingDate":"2010-09-06","numberOfEmployees":{"@type":"QuantitativeValue","minValue":"11","maxValue":"50"}},{"@type":"Person","@id":"https:\/\/www.webdo.tn\/fr\/#\/schema\/person\/1f4e491e0907b413d61089e8eb573acc","name":"Webdo","image":{"@type":"ImageObject","inLanguage":"fr-FR","@id":"https:\/\/secure.gravatar.com\/avatar\/de97aeec1bb80978a9dbb127e47dfc88aaacb2f3c29aac907d8d3222e3495d49?s=96&d=mm&r=g","url":"https:\/\/secure.gravatar.com\/avatar\/de97aeec1bb80978a9dbb127e47dfc88aaacb2f3c29aac907d8d3222e3495d49?s=96&d=mm&r=g","contentUrl":"https:\/\/secure.gravatar.com\/avatar\/de97aeec1bb80978a9dbb127e47dfc88aaacb2f3c29aac907d8d3222e3495d49?s=96&d=mm&r=g","caption":"Webdo"},"url":"https:\/\/www.webdo.tn\/fr\/actualite\/author\/webdo\/"}]}},"_links":{"self":[{"href":"https:\/\/www.webdo.tn\/fr\/wp-json\/wp\/v2\/posts\/207175","targetHints":{"allow":["GET"]}}],"collection":[{"href":"https:\/\/www.webdo.tn\/fr\/wp-json\/wp\/v2\/posts"}],"about":[{"href":"https:\/\/www.webdo.tn\/fr\/wp-json\/wp\/v2\/types\/post"}],"author":[{"embeddable":true,"href":"https:\/\/www.webdo.tn\/fr\/wp-json\/wp\/v2\/users\/3169"}],"replies":[{"embeddable":true,"href":"https:\/\/www.webdo.tn\/fr\/wp-json\/wp\/v2\/comments?post=207175"}],"version-history":[{"count":0,"href":"https:\/\/www.webdo.tn\/fr\/wp-json\/wp\/v2\/posts\/207175\/revisions"}],"wp:featuredmedia":[{"embeddable":true,"href":"https:\/\/www.webdo.tn\/fr\/wp-json\/wp\/v2\/media\/278497"}],"wp:attachment":[{"href":"https:\/\/www.webdo.tn\/fr\/wp-json\/wp\/v2\/media?parent=207175"}],"wp:term":[{"taxonomy":"category","embeddable":true,"href":"https:\/\/www.webdo.tn\/fr\/wp-json\/wp\/v2\/categories?post=207175"},{"taxonomy":"post_tag","embeddable":true,"href":"https:\/\/www.webdo.tn\/fr\/wp-json\/wp\/v2\/tags?post=207175"}],"curies":[{"name":"wp","href":"https:\/\/api.w.org\/{rel}","templated":true}]}}