{"id":207172,"date":"2023-07-11T13:47:00","date_gmt":"2023-07-11T13:47:00","guid":{"rendered":"https:\/\/www.webdo.tn\/fr\/blog\/une-famille-egorgee-le-tribunal-de-sfax-recuse-une-deuxieme-version-impliquant-des-migrants\/207172\/"},"modified":"2025-05-20T22:09:39","modified_gmt":"2025-05-20T22:09:39","slug":"une-famille-egorgee-le-tribunal-de-sfax-recuse-une-deuxieme-version-impliquant-des-migrants","status":"publish","type":"post","link":"https:\/\/www.webdo.tn\/fr\/actualite\/national\/une-famille-egorgee-le-tribunal-de-sfax-recuse-une-deuxieme-version-impliquant-des-migrants\/207172\/","title":{"rendered":"Une famille \u00e9gorg\u00e9e : Le tribunal de Sfax r\u00e9cuse une deuxi\u00e8me version impliquant des migrants"},"content":{"rendered":"<p>L\u2019affaire a fait couler beaucoup d\u2019encre au d\u00e9but du mois de juin, lorsqu\u2019une famille avait \u00e9t\u00e9 retrouv\u00e9e \u00e9gorg\u00e9e \u00e0 Sfax. Le  procureur de la R\u00e9publique du tribunal de premi\u00e8re instance de Sfax 2, a tenu \u00e0 apporter des \u00e9claircissements.<\/p>\n<p>\t\t\t\t\t\t\t\t\tDans la nuit de mercredi 7 au jeudi 8 juin, trois membres d\u2019une m\u00eame famille, dont une fillette de 10 ans, ont \u00e9t\u00e9 retrouv\u00e9s \u00e9gorg\u00e9s, dans un drame qui secou\u00e9 le gouvernorat de Sfax.<\/p>\n<p>C\u2019est \u00e0 l\u2019aube de jeudi 8 juin que cette famille a \u00e9t\u00e9 retrouv\u00e9e assassin\u00e9e. Les victimes ont \u00e9t\u00e9 poignard\u00e9es \u00e0 plusieurs reprises et \u00e9gorg\u00e9es. Elles ont ensuite \u00e9t\u00e9 d\u00e9couvertes par le fils, devenu par la suite le principal suspect.<\/p>\n<p>Les victimes de ce crime abominable, sont un p\u00e8re de famille, \u00e2g\u00e9 de 60 ans, ancien fonctionnaire de la STEG, derni\u00e8rement sorti \u00e0 la retraite ; son \u00e9pouse, \u00e2g\u00e9e de 52 ans, enseignante dans un coll\u00e8ge de la r\u00e9gion ; et leur fille \u00e2g\u00e9e de 10 ans.<\/p>\n<p>Le juge d\u2019instruction en charge du meurtre a \u00e9mis un mandat de d\u00e9p\u00f4t contre le fils des victimes et son ami. Ils sont accus\u00e9s d\u2019homicide volontaire, a fait savoir le procureur de la R\u00e9publique et porte-parole du Tribunal de premi\u00e8re instance Sfax 2, Hichem Ksibi.<\/p>\n<p>Ils ont comparu devant le juge d&rsquo;instruction pour \u00eatre auditionn\u00e9s, \u00e0 propos de ce crime sachant que des preuves ont permis de prononcer l&rsquo;accusation d&rsquo;homicide volontaire avec pr\u00e9m\u00e9ditation contre le fils et que l&rsquo;arme du crime a \u00e9t\u00e9 retrouv\u00e9e \u00e0 100 m\u00e8tres du domicile familial.<\/p>\n<p>Le procureur de la r\u00e9publique du tribunal de premi\u00e8re instance de Sfax 2, et son porte-parole, Hichem Kssibi, a r\u00e9cus\u00e9 les informations relay\u00e9es depuis peu selon lesquelles, les coupables seraient des migrants irr\u00e9guliers et non le fils des victimes, et son ami.<\/p>\n<p>Dans une d\u00e9claration \u00e0 la TAP, Hichem Kssibi, a exclu que la justice ait remis en libert\u00e9 les suspects, affirmant que les recherches sont en cours, sur la base des preuves r\u00e9unies aupr\u00e8s du juge d\u2019instruction, ayant ordonn\u00e9 un mandat de d\u00e9p\u00f4t contre les deux jeunes, plac\u00e9s en d\u00e9tention pr\u00e9ventive \u00e0 la disposition de cette affaire depuis le 12 juin dernier.<\/p>\n","protected":false},"excerpt":{"rendered":"<p>L\u2019affaire a fait couler beaucoup d\u2019encre au d\u00e9but du mois de juin, lorsqu\u2019une famille avait \u00e9t\u00e9 retrouv\u00e9e \u00e9gorg\u00e9e \u00e0 Sfax. Le  procureur de la R\u00e9publique du trib&#8230;<\/p>\n","protected":false},"author":3162,"featured_media":278491,"comment_status":"open","ping_status":"closed","sticky":false,"template":"","format":"standard","meta":{"footnotes":""},"categories":[44],"tags":[2698,9121,2894,2675],"class_list":["post-207172","post","type-post","status-publish","format-standard","has-post-thumbnail","hentry","category-national","tag-crime","tag-homicide","tag-migrants","tag-sfax"],"yoast_head":"<!-- This site is optimized with the Yoast SEO Premium plugin v27.5 (Yoast SEO v27.5) - https:\/\/yoast.com\/product\/yoast-seo-premium-wordpress\/ -->\n<title>Une famille \u00e9gorg\u00e9e : Le tribunal de Sfax r\u00e9cuse une deuxi\u00e8me version impliquant des migrants<\/title>\n<meta name=\"description\" content=\"L\u2019affaire a fait couler beaucoup d\u2019encre au d\u00e9but du mois de juin, lorsqu\u2019une famille avait \u00e9t\u00e9 retrouv\u00e9e \u00e9gorg\u00e9e \u00e0 Sfax. Le procureur de la R\u00e9publique du trib...\" \/>\n<link rel=\"canonical\" href=\"https:\/\/www.webdo.tn\/fr\/actualite\/national\/une-famille-egorgee-le-tribunal-de-sfax-recuse-une-deuxieme-version-impliquant-des-migrants\/207172\/\" \/>\n<meta property=\"og:locale\" content=\"fr_FR\" \/>\n<meta property=\"og:type\" content=\"article\" \/>\n<meta property=\"og:title\" content=\"Une famille \u00e9gorg\u00e9e : Le tribunal de Sfax r\u00e9cuse une deuxi\u00e8me version impliquant des migrants\" \/>\n<meta property=\"og:description\" content=\"L\u2019affaire a fait couler beaucoup d\u2019encre au d\u00e9but du mois de juin, lorsqu\u2019une famille avait \u00e9t\u00e9 retrouv\u00e9e \u00e9gorg\u00e9e \u00e0 Sfax. Le procureur de la R\u00e9publique du trib...\" \/>\n<meta property=\"og:url\" content=\"https:\/\/www.webdo.tn\/fr\/actualite\/national\/une-famille-egorgee-le-tribunal-de-sfax-recuse-une-deuxieme-version-impliquant-des-migrants\/207172\/\" \/>\n<meta property=\"og:site_name\" content=\"webdo\" \/>\n<meta property=\"article:publisher\" content=\"https:\/\/www.facebook.com\/webdotn\" \/>\n<meta property=\"article:published_time\" content=\"2023-07-11T13:47:00+00:00\" \/>\n<meta property=\"article:modified_time\" content=\"2025-05-20T22:09:39+00:00\" \/>\n<meta property=\"og:image\" content=\"https:\/\/www.webdo.tn\/fr\/wp-content\/uploads\/2023\/07\/d8115ad6c69b8da1223c4ab2078b8bd7.jpg\" \/>\n\t<meta property=\"og:image:width\" content=\"750\" \/>\n\t<meta property=\"og:image:height\" content=\"400\" \/>\n\t<meta property=\"og:image:type\" content=\"image\/jpeg\" \/>\n<meta name=\"author\" content=\"MC\" \/>\n<meta name=\"twitter:card\" content=\"summary_large_image\" \/>\n<meta name=\"twitter:creator\" content=\"@webdo_tn\" \/>\n<meta name=\"twitter:site\" content=\"@webdo_tn\" \/>\n<meta name=\"twitter:label1\" content=\"\u00c9crit par\" \/>\n\t<meta name=\"twitter:data1\" content=\"MC\" \/>\n\t<meta name=\"twitter:label2\" content=\"Dur\u00e9e de lecture estim\u00e9e\" \/>\n\t<meta name=\"twitter:data2\" content=\"2 minutes\" \/>\n<script type=\"application\/ld+json\" class=\"yoast-schema-graph\">{\"@context\":\"https:\\\/\\\/schema.org\",\"@graph\":[{\"@type\":\"NewsArticle\",\"@id\":\"https:\\\/\\\/www.webdo.tn\\\/fr\\\/actualite\\\/national\\\/une-famille-egorgee-le-tribunal-de-sfax-recuse-une-deuxieme-version-impliquant-des-migrants\\\/207172\\\/#article\",\"isPartOf\":{\"@id\":\"https:\\\/\\\/www.webdo.tn\\\/fr\\\/actualite\\\/national\\\/une-famille-egorgee-le-tribunal-de-sfax-recuse-une-deuxieme-version-impliquant-des-migrants\\\/207172\\\/\"},\"author\":{\"name\":\"MC\",\"@id\":\"https:\\\/\\\/www.webdo.tn\\\/fr\\\/#\\\/schema\\\/person\\\/2c4929cbf5a809e3bd38617c6ce150f6\"},\"headline\":\"Une famille \u00e9gorg\u00e9e : Le tribunal de Sfax r\u00e9cuse une deuxi\u00e8me version impliquant des migrants\",\"datePublished\":\"2023-07-11T13:47:00+00:00\",\"dateModified\":\"2025-05-20T22:09:39+00:00\",\"mainEntityOfPage\":{\"@id\":\"https:\\\/\\\/www.webdo.tn\\\/fr\\\/actualite\\\/national\\\/une-famille-egorgee-le-tribunal-de-sfax-recuse-une-deuxieme-version-impliquant-des-migrants\\\/207172\\\/\"},\"wordCount\":401,\"commentCount\":0,\"publisher\":{\"@id\":\"https:\\\/\\\/www.webdo.tn\\\/fr\\\/#organization\"},\"image\":{\"@id\":\"https:\\\/\\\/www.webdo.tn\\\/fr\\\/actualite\\\/national\\\/une-famille-egorgee-le-tribunal-de-sfax-recuse-une-deuxieme-version-impliquant-des-migrants\\\/207172\\\/#primaryimage\"},\"thumbnailUrl\":\"https:\\\/\\\/www.webdo.tn\\\/fr\\\/wp-content\\\/uploads\\\/2023\\\/07\\\/d8115ad6c69b8da1223c4ab2078b8bd7.jpg\",\"keywords\":[\"crime\",\"homicide\",\"migrants\",\"Sfax\"],\"articleSection\":[\"National\"],\"inLanguage\":\"fr-FR\"},{\"@type\":\"WebPage\",\"@id\":\"https:\\\/\\\/www.webdo.tn\\\/fr\\\/actualite\\\/national\\\/une-famille-egorgee-le-tribunal-de-sfax-recuse-une-deuxieme-version-impliquant-des-migrants\\\/207172\\\/\",\"url\":\"https:\\\/\\\/www.webdo.tn\\\/fr\\\/actualite\\\/national\\\/une-famille-egorgee-le-tribunal-de-sfax-recuse-une-deuxieme-version-impliquant-des-migrants\\\/207172\\\/\",\"name\":\"Une famille \u00e9gorg\u00e9e : Le tribunal de Sfax r\u00e9cuse une deuxi\u00e8me version impliquant des migrants\",\"isPartOf\":{\"@id\":\"https:\\\/\\\/www.webdo.tn\\\/fr\\\/#website\"},\"primaryImageOfPage\":{\"@id\":\"https:\\\/\\\/www.webdo.tn\\\/fr\\\/actualite\\\/national\\\/une-famille-egorgee-le-tribunal-de-sfax-recuse-une-deuxieme-version-impliquant-des-migrants\\\/207172\\\/#primaryimage\"},\"image\":{\"@id\":\"https:\\\/\\\/www.webdo.tn\\\/fr\\\/actualite\\\/national\\\/une-famille-egorgee-le-tribunal-de-sfax-recuse-une-deuxieme-version-impliquant-des-migrants\\\/207172\\\/#primaryimage\"},\"thumbnailUrl\":\"https:\\\/\\\/www.webdo.tn\\\/fr\\\/wp-content\\\/uploads\\\/2023\\\/07\\\/d8115ad6c69b8da1223c4ab2078b8bd7.jpg\",\"datePublished\":\"2023-07-11T13:47:00+00:00\",\"dateModified\":\"2025-05-20T22:09:39+00:00\",\"description\":\"L\u2019affaire a fait couler beaucoup d\u2019encre au d\u00e9but du mois de juin, lorsqu\u2019une famille avait \u00e9t\u00e9 retrouv\u00e9e \u00e9gorg\u00e9e \u00e0 Sfax. Le procureur de la R\u00e9publique du trib...\",\"breadcrumb\":{\"@id\":\"https:\\\/\\\/www.webdo.tn\\\/fr\\\/actualite\\\/national\\\/une-famille-egorgee-le-tribunal-de-sfax-recuse-une-deuxieme-version-impliquant-des-migrants\\\/207172\\\/#breadcrumb\"},\"inLanguage\":\"fr-FR\",\"potentialAction\":[{\"@type\":\"ReadAction\",\"target\":[\"https:\\\/\\\/www.webdo.tn\\\/fr\\\/actualite\\\/national\\\/une-famille-egorgee-le-tribunal-de-sfax-recuse-une-deuxieme-version-impliquant-des-migrants\\\/207172\\\/\"]}]},{\"@type\":\"ImageObject\",\"inLanguage\":\"fr-FR\",\"@id\":\"https:\\\/\\\/www.webdo.tn\\\/fr\\\/actualite\\\/national\\\/une-famille-egorgee-le-tribunal-de-sfax-recuse-une-deuxieme-version-impliquant-des-migrants\\\/207172\\\/#primaryimage\",\"url\":\"https:\\\/\\\/www.webdo.tn\\\/fr\\\/wp-content\\\/uploads\\\/2023\\\/07\\\/d8115ad6c69b8da1223c4ab2078b8bd7.jpg\",\"contentUrl\":\"https:\\\/\\\/www.webdo.tn\\\/fr\\\/wp-content\\\/uploads\\\/2023\\\/07\\\/d8115ad6c69b8da1223c4ab2078b8bd7.jpg\",\"width\":750,\"height\":400,\"caption\":\"Une famille \u00e9gorg\u00e9e : Le tribunal de Sfax r\u00e9cuse une deuxi\u00e8me version impliquant des migrants\"},{\"@type\":\"BreadcrumbList\",\"@id\":\"https:\\\/\\\/www.webdo.tn\\\/fr\\\/actualite\\\/national\\\/une-famille-egorgee-le-tribunal-de-sfax-recuse-une-deuxieme-version-impliquant-des-migrants\\\/207172\\\/#breadcrumb\",\"itemListElement\":[{\"@type\":\"ListItem\",\"position\":1,\"name\":\"Accueil\",\"item\":\"https:\\\/\\\/www.webdo.tn\\\/fr\\\/\"},{\"@type\":\"ListItem\",\"position\":2,\"name\":\"Une famille \u00e9gorg\u00e9e : Le tribunal de Sfax r\u00e9cuse une deuxi\u00e8me version impliquant des migrants\"}]},{\"@type\":\"WebSite\",\"@id\":\"https:\\\/\\\/www.webdo.tn\\\/fr\\\/#website\",\"url\":\"https:\\\/\\\/www.webdo.tn\\\/fr\\\/\",\"name\":\"webdo\",\"description\":\"Tunisie - News en Tunisie et \u00e0 l&#039;international sur Webdo.tn\",\"publisher\":{\"@id\":\"https:\\\/\\\/www.webdo.tn\\\/fr\\\/#organization\"},\"potentialAction\":[{\"@type\":\"SearchAction\",\"target\":{\"@type\":\"EntryPoint\",\"urlTemplate\":\"https:\\\/\\\/www.webdo.tn\\\/fr\\\/?s={search_term_string}\"},\"query-input\":{\"@type\":\"PropertyValueSpecification\",\"valueRequired\":true,\"valueName\":\"search_term_string\"}}],\"inLanguage\":\"fr-FR\"},{\"@type\":\"Organization\",\"@id\":\"https:\\\/\\\/www.webdo.tn\\\/fr\\\/#organization\",\"name\":\"Webdo\",\"alternateName\":\"Webdo.tn\",\"url\":\"https:\\\/\\\/www.webdo.tn\\\/fr\\\/\",\"logo\":{\"@type\":\"ImageObject\",\"inLanguage\":\"fr-FR\",\"@id\":\"https:\\\/\\\/www.webdo.tn\\\/fr\\\/#\\\/schema\\\/logo\\\/image\\\/\",\"url\":\"https:\\\/\\\/www.webdo.tn\\\/fr\\\/wp-content\\\/uploads\\\/2025\\\/06\\\/Webdo-Tunisie_168377.jpg\",\"contentUrl\":\"https:\\\/\\\/www.webdo.tn\\\/fr\\\/wp-content\\\/uploads\\\/2025\\\/06\\\/Webdo-Tunisie_168377.jpg\",\"width\":301,\"height\":301,\"caption\":\"Webdo\"},\"image\":{\"@id\":\"https:\\\/\\\/www.webdo.tn\\\/fr\\\/#\\\/schema\\\/logo\\\/image\\\/\"},\"sameAs\":[\"https:\\\/\\\/www.facebook.com\\\/webdotn\",\"https:\\\/\\\/x.com\\\/webdo_tn\"],\"description\":\"Webdo est un m\u00e9dia num\u00e9rique tunisien fond\u00e9 en 2010, sp\u00e9cialis\u00e9 dans l\u2019actualit\u00e9 nationale et internationale, l\u2019\u00e9conomie, la soci\u00e9t\u00e9 et les analyses politiques. Le site s\u2019adresse \u00e0 un large public francophone et couvre l\u2019information tunisienne en temps r\u00e9el.\",\"email\":\"redac@webdo.tn\",\"legalName\":\"YNJ SARL\",\"foundingDate\":\"2010-09-06\",\"numberOfEmployees\":{\"@type\":\"QuantitativeValue\",\"minValue\":\"11\",\"maxValue\":\"50\"}},{\"@type\":\"Person\",\"@id\":\"https:\\\/\\\/www.webdo.tn\\\/fr\\\/#\\\/schema\\\/person\\\/2c4929cbf5a809e3bd38617c6ce150f6\",\"name\":\"MC\",\"image\":{\"@type\":\"ImageObject\",\"inLanguage\":\"fr-FR\",\"@id\":\"https:\\\/\\\/secure.gravatar.com\\\/avatar\\\/a545bbb6f84efdd5553dbbc2895e3ca8f1d12c5215e00a041c9670b54aa9b18a?s=96&d=mm&r=g\",\"url\":\"https:\\\/\\\/secure.gravatar.com\\\/avatar\\\/a545bbb6f84efdd5553dbbc2895e3ca8f1d12c5215e00a041c9670b54aa9b18a?s=96&d=mm&r=g\",\"contentUrl\":\"https:\\\/\\\/secure.gravatar.com\\\/avatar\\\/a545bbb6f84efdd5553dbbc2895e3ca8f1d12c5215e00a041c9670b54aa9b18a?s=96&d=mm&r=g\",\"caption\":\"MC\"},\"url\":\"https:\\\/\\\/www.webdo.tn\\\/fr\\\/actualite\\\/author\\\/mc\\\/\"}]}<\/script>\n<!-- \/ Yoast SEO Premium plugin. -->","yoast_head_json":{"title":"Une famille \u00e9gorg\u00e9e : Le tribunal de Sfax r\u00e9cuse une deuxi\u00e8me version impliquant des migrants","description":"L\u2019affaire a fait couler beaucoup d\u2019encre au d\u00e9but du mois de juin, lorsqu\u2019une famille avait \u00e9t\u00e9 retrouv\u00e9e \u00e9gorg\u00e9e \u00e0 Sfax. Le procureur de la R\u00e9publique du trib...","canonical":"https:\/\/www.webdo.tn\/fr\/actualite\/national\/une-famille-egorgee-le-tribunal-de-sfax-recuse-une-deuxieme-version-impliquant-des-migrants\/207172\/","og_locale":"fr_FR","og_type":"article","og_title":"Une famille \u00e9gorg\u00e9e : Le tribunal de Sfax r\u00e9cuse une deuxi\u00e8me version impliquant des migrants","og_description":"L\u2019affaire a fait couler beaucoup d\u2019encre au d\u00e9but du mois de juin, lorsqu\u2019une famille avait \u00e9t\u00e9 retrouv\u00e9e \u00e9gorg\u00e9e \u00e0 Sfax. Le procureur de la R\u00e9publique du trib...","og_url":"https:\/\/www.webdo.tn\/fr\/actualite\/national\/une-famille-egorgee-le-tribunal-de-sfax-recuse-une-deuxieme-version-impliquant-des-migrants\/207172\/","og_site_name":"webdo","article_publisher":"https:\/\/www.facebook.com\/webdotn","article_published_time":"2023-07-11T13:47:00+00:00","article_modified_time":"2025-05-20T22:09:39+00:00","og_image":[{"width":750,"height":400,"url":"https:\/\/www.webdo.tn\/fr\/wp-content\/uploads\/2023\/07\/d8115ad6c69b8da1223c4ab2078b8bd7.jpg","type":"image\/jpeg"}],"author":"MC","twitter_card":"summary_large_image","twitter_creator":"@webdo_tn","twitter_site":"@webdo_tn","twitter_misc":{"\u00c9crit par":"MC","Dur\u00e9e de lecture estim\u00e9e":"2 minutes"},"schema":{"@context":"https:\/\/schema.org","@graph":[{"@type":"NewsArticle","@id":"https:\/\/www.webdo.tn\/fr\/actualite\/national\/une-famille-egorgee-le-tribunal-de-sfax-recuse-une-deuxieme-version-impliquant-des-migrants\/207172\/#article","isPartOf":{"@id":"https:\/\/www.webdo.tn\/fr\/actualite\/national\/une-famille-egorgee-le-tribunal-de-sfax-recuse-une-deuxieme-version-impliquant-des-migrants\/207172\/"},"author":{"name":"MC","@id":"https:\/\/www.webdo.tn\/fr\/#\/schema\/person\/2c4929cbf5a809e3bd38617c6ce150f6"},"headline":"Une famille \u00e9gorg\u00e9e : Le tribunal de Sfax r\u00e9cuse une deuxi\u00e8me version impliquant des migrants","datePublished":"2023-07-11T13:47:00+00:00","dateModified":"2025-05-20T22:09:39+00:00","mainEntityOfPage":{"@id":"https:\/\/www.webdo.tn\/fr\/actualite\/national\/une-famille-egorgee-le-tribunal-de-sfax-recuse-une-deuxieme-version-impliquant-des-migrants\/207172\/"},"wordCount":401,"commentCount":0,"publisher":{"@id":"https:\/\/www.webdo.tn\/fr\/#organization"},"image":{"@id":"https:\/\/www.webdo.tn\/fr\/actualite\/national\/une-famille-egorgee-le-tribunal-de-sfax-recuse-une-deuxieme-version-impliquant-des-migrants\/207172\/#primaryimage"},"thumbnailUrl":"https:\/\/www.webdo.tn\/fr\/wp-content\/uploads\/2023\/07\/d8115ad6c69b8da1223c4ab2078b8bd7.jpg","keywords":["crime","homicide","migrants","Sfax"],"articleSection":["National"],"inLanguage":"fr-FR"},{"@type":"WebPage","@id":"https:\/\/www.webdo.tn\/fr\/actualite\/national\/une-famille-egorgee-le-tribunal-de-sfax-recuse-une-deuxieme-version-impliquant-des-migrants\/207172\/","url":"https:\/\/www.webdo.tn\/fr\/actualite\/national\/une-famille-egorgee-le-tribunal-de-sfax-recuse-une-deuxieme-version-impliquant-des-migrants\/207172\/","name":"Une famille \u00e9gorg\u00e9e : Le tribunal de Sfax r\u00e9cuse une deuxi\u00e8me version impliquant des migrants","isPartOf":{"@id":"https:\/\/www.webdo.tn\/fr\/#website"},"primaryImageOfPage":{"@id":"https:\/\/www.webdo.tn\/fr\/actualite\/national\/une-famille-egorgee-le-tribunal-de-sfax-recuse-une-deuxieme-version-impliquant-des-migrants\/207172\/#primaryimage"},"image":{"@id":"https:\/\/www.webdo.tn\/fr\/actualite\/national\/une-famille-egorgee-le-tribunal-de-sfax-recuse-une-deuxieme-version-impliquant-des-migrants\/207172\/#primaryimage"},"thumbnailUrl":"https:\/\/www.webdo.tn\/fr\/wp-content\/uploads\/2023\/07\/d8115ad6c69b8da1223c4ab2078b8bd7.jpg","datePublished":"2023-07-11T13:47:00+00:00","dateModified":"2025-05-20T22:09:39+00:00","description":"L\u2019affaire a fait couler beaucoup d\u2019encre au d\u00e9but du mois de juin, lorsqu\u2019une famille avait \u00e9t\u00e9 retrouv\u00e9e \u00e9gorg\u00e9e \u00e0 Sfax. Le procureur de la R\u00e9publique du trib...","breadcrumb":{"@id":"https:\/\/www.webdo.tn\/fr\/actualite\/national\/une-famille-egorgee-le-tribunal-de-sfax-recuse-une-deuxieme-version-impliquant-des-migrants\/207172\/#breadcrumb"},"inLanguage":"fr-FR","potentialAction":[{"@type":"ReadAction","target":["https:\/\/www.webdo.tn\/fr\/actualite\/national\/une-famille-egorgee-le-tribunal-de-sfax-recuse-une-deuxieme-version-impliquant-des-migrants\/207172\/"]}]},{"@type":"ImageObject","inLanguage":"fr-FR","@id":"https:\/\/www.webdo.tn\/fr\/actualite\/national\/une-famille-egorgee-le-tribunal-de-sfax-recuse-une-deuxieme-version-impliquant-des-migrants\/207172\/#primaryimage","url":"https:\/\/www.webdo.tn\/fr\/wp-content\/uploads\/2023\/07\/d8115ad6c69b8da1223c4ab2078b8bd7.jpg","contentUrl":"https:\/\/www.webdo.tn\/fr\/wp-content\/uploads\/2023\/07\/d8115ad6c69b8da1223c4ab2078b8bd7.jpg","width":750,"height":400,"caption":"Une famille \u00e9gorg\u00e9e : Le tribunal de Sfax r\u00e9cuse une deuxi\u00e8me version impliquant des migrants"},{"@type":"BreadcrumbList","@id":"https:\/\/www.webdo.tn\/fr\/actualite\/national\/une-famille-egorgee-le-tribunal-de-sfax-recuse-une-deuxieme-version-impliquant-des-migrants\/207172\/#breadcrumb","itemListElement":[{"@type":"ListItem","position":1,"name":"Accueil","item":"https:\/\/www.webdo.tn\/fr\/"},{"@type":"ListItem","position":2,"name":"Une famille \u00e9gorg\u00e9e : Le tribunal de Sfax r\u00e9cuse une deuxi\u00e8me version impliquant des migrants"}]},{"@type":"WebSite","@id":"https:\/\/www.webdo.tn\/fr\/#website","url":"https:\/\/www.webdo.tn\/fr\/","name":"webdo","description":"Tunisie - News en Tunisie et \u00e0 l&#039;international sur Webdo.tn","publisher":{"@id":"https:\/\/www.webdo.tn\/fr\/#organization"},"potentialAction":[{"@type":"SearchAction","target":{"@type":"EntryPoint","urlTemplate":"https:\/\/www.webdo.tn\/fr\/?s={search_term_string}"},"query-input":{"@type":"PropertyValueSpecification","valueRequired":true,"valueName":"search_term_string"}}],"inLanguage":"fr-FR"},{"@type":"Organization","@id":"https:\/\/www.webdo.tn\/fr\/#organization","name":"Webdo","alternateName":"Webdo.tn","url":"https:\/\/www.webdo.tn\/fr\/","logo":{"@type":"ImageObject","inLanguage":"fr-FR","@id":"https:\/\/www.webdo.tn\/fr\/#\/schema\/logo\/image\/","url":"https:\/\/www.webdo.tn\/fr\/wp-content\/uploads\/2025\/06\/Webdo-Tunisie_168377.jpg","contentUrl":"https:\/\/www.webdo.tn\/fr\/wp-content\/uploads\/2025\/06\/Webdo-Tunisie_168377.jpg","width":301,"height":301,"caption":"Webdo"},"image":{"@id":"https:\/\/www.webdo.tn\/fr\/#\/schema\/logo\/image\/"},"sameAs":["https:\/\/www.facebook.com\/webdotn","https:\/\/x.com\/webdo_tn"],"description":"Webdo est un m\u00e9dia num\u00e9rique tunisien fond\u00e9 en 2010, sp\u00e9cialis\u00e9 dans l\u2019actualit\u00e9 nationale et internationale, l\u2019\u00e9conomie, la soci\u00e9t\u00e9 et les analyses politiques. Le site s\u2019adresse \u00e0 un large public francophone et couvre l\u2019information tunisienne en temps r\u00e9el.","email":"redac@webdo.tn","legalName":"YNJ SARL","foundingDate":"2010-09-06","numberOfEmployees":{"@type":"QuantitativeValue","minValue":"11","maxValue":"50"}},{"@type":"Person","@id":"https:\/\/www.webdo.tn\/fr\/#\/schema\/person\/2c4929cbf5a809e3bd38617c6ce150f6","name":"MC","image":{"@type":"ImageObject","inLanguage":"fr-FR","@id":"https:\/\/secure.gravatar.com\/avatar\/a545bbb6f84efdd5553dbbc2895e3ca8f1d12c5215e00a041c9670b54aa9b18a?s=96&d=mm&r=g","url":"https:\/\/secure.gravatar.com\/avatar\/a545bbb6f84efdd5553dbbc2895e3ca8f1d12c5215e00a041c9670b54aa9b18a?s=96&d=mm&r=g","contentUrl":"https:\/\/secure.gravatar.com\/avatar\/a545bbb6f84efdd5553dbbc2895e3ca8f1d12c5215e00a041c9670b54aa9b18a?s=96&d=mm&r=g","caption":"MC"},"url":"https:\/\/www.webdo.tn\/fr\/actualite\/author\/mc\/"}]}},"_links":{"self":[{"href":"https:\/\/www.webdo.tn\/fr\/wp-json\/wp\/v2\/posts\/207172","targetHints":{"allow":["GET"]}}],"collection":[{"href":"https:\/\/www.webdo.tn\/fr\/wp-json\/wp\/v2\/posts"}],"about":[{"href":"https:\/\/www.webdo.tn\/fr\/wp-json\/wp\/v2\/types\/post"}],"author":[{"embeddable":true,"href":"https:\/\/www.webdo.tn\/fr\/wp-json\/wp\/v2\/users\/3162"}],"replies":[{"embeddable":true,"href":"https:\/\/www.webdo.tn\/fr\/wp-json\/wp\/v2\/comments?post=207172"}],"version-history":[{"count":0,"href":"https:\/\/www.webdo.tn\/fr\/wp-json\/wp\/v2\/posts\/207172\/revisions"}],"wp:featuredmedia":[{"embeddable":true,"href":"https:\/\/www.webdo.tn\/fr\/wp-json\/wp\/v2\/media\/278491"}],"wp:attachment":[{"href":"https:\/\/www.webdo.tn\/fr\/wp-json\/wp\/v2\/media?parent=207172"}],"wp:term":[{"taxonomy":"category","embeddable":true,"href":"https:\/\/www.webdo.tn\/fr\/wp-json\/wp\/v2\/categories?post=207172"},{"taxonomy":"post_tag","embeddable":true,"href":"https:\/\/www.webdo.tn\/fr\/wp-json\/wp\/v2\/tags?post=207172"}],"curies":[{"name":"wp","href":"https:\/\/api.w.org\/{rel}","templated":true}]}}