{"id":207171,"date":"2023-07-11T12:28:00","date_gmt":"2023-07-11T12:28:00","guid":{"rendered":"https:\/\/www.webdo.tn\/fr\/blog\/rejet-de-visas-schengen-la-tunisie-dans-le-top-5-mondial\/207171\/"},"modified":"2025-05-20T22:58:01","modified_gmt":"2025-05-20T22:58:01","slug":"rejet-de-visas-schengen-la-tunisie-dans-le-top-5-mondial","status":"publish","type":"post","link":"https:\/\/www.webdo.tn\/fr\/actualite\/national\/rejet-de-visas-schengen-la-tunisie-dans-le-top-5-mondial\/207171\/","title":{"rendered":"Rejet de visas Schengen : la Tunisie dans le Top 5 mondial !"},"content":{"rendered":"<p>Selon les derni\u00e8res donn\u00e9es publi\u00e9es par schengenvisainfo.com, la Tunisie se classe \u00e0 la cinqui\u00e8me position du top 10 des pays affichant le nombre de refus de visa Schengen le plus \u00e9lev\u00e9 en 2022.<\/p>\n<p>\t\t\t\t\t\t\t\t\tAvec un total de 48.909 demandes rejet\u00e9es, soit un taux de 29,1%, la Tunisie vient en cinqui\u00e8me position derri\u00e8re le Maroc, l\u2019Inde, la Turquie et l\u2019Alg\u00e9rie.<\/p>\n<p>Avec un total de 179.409 visas non d\u00e9livr\u00e9s, l\u2019Alg\u00e9rie vient en t\u00eate avec un taux de refus de 45,8%. L\u2019Inde et la Turquie sont 2\u00e8me et 3\u00e8me avec, respectivement, 121.188 et 120.876 refus de visas. Toujours en 2022, 119.346 demandes de visas \u00e9manant de ressortissants marocains ont \u00e9t\u00e9 rejet\u00e9es.<\/p>\n<p>Derri\u00e8re la Tunisie (5\u00e8me), arrivent les \u00c9mirats arabes unis (42.105 rejets), le Nigeria (39.189 refus), l\u2019Iran (33.679) et l\u2019\u00c9gypte (31.271).<\/p>\n","protected":false},"excerpt":{"rendered":"<p>Selon les derni\u00e8res donn\u00e9es publi\u00e9es par schengenvisainfo.com, la Tunisie se classe \u00e0 la cinqui\u00e8me position du top 10 des pays affichant le nombre de refus de v&#8230;<\/p>\n","protected":false},"author":3188,"featured_media":249793,"comment_status":"open","ping_status":"closed","sticky":false,"template":"","format":"standard","meta":{"footnotes":""},"categories":[44],"tags":[8215,6378],"class_list":["post-207171","post","type-post","status-publish","format-standard","has-post-thumbnail","hentry","category-national","tag-refus","tag-visa-schengen"],"yoast_head":"<!-- This site is optimized with the Yoast SEO Premium plugin v27.4 (Yoast SEO v27.5) - https:\/\/yoast.com\/product\/yoast-seo-premium-wordpress\/ -->\n<title>Rejet de visas Schengen : la Tunisie dans le Top 5 mondial !<\/title>\n<meta name=\"description\" content=\"Selon les derni\u00e8res donn\u00e9es publi\u00e9es par schengenvisainfo.com, la Tunisie se classe \u00e0 la cinqui\u00e8me position du top 10 des pays affichant le nombre de refus de v...\" \/>\n<link rel=\"canonical\" href=\"https:\/\/www.webdo.tn\/fr\/actualite\/national\/rejet-de-visas-schengen-la-tunisie-dans-le-top-5-mondial\/207171\/\" \/>\n<meta property=\"og:locale\" content=\"fr_FR\" \/>\n<meta property=\"og:type\" content=\"article\" \/>\n<meta property=\"og:title\" content=\"Rejet de visas Schengen : la Tunisie dans le Top 5 mondial !\" \/>\n<meta property=\"og:description\" content=\"Selon les derni\u00e8res donn\u00e9es publi\u00e9es par schengenvisainfo.com, la Tunisie se classe \u00e0 la cinqui\u00e8me position du top 10 des pays affichant le nombre de refus de v...\" \/>\n<meta property=\"og:url\" content=\"https:\/\/www.webdo.tn\/fr\/actualite\/national\/rejet-de-visas-schengen-la-tunisie-dans-le-top-5-mondial\/207171\/\" \/>\n<meta property=\"og:site_name\" content=\"webdo\" \/>\n<meta property=\"article:publisher\" content=\"https:\/\/www.facebook.com\/webdotn\" \/>\n<meta property=\"article:published_time\" content=\"2023-07-11T12:28:00+00:00\" \/>\n<meta property=\"article:modified_time\" content=\"2025-05-20T22:58:01+00:00\" \/>\n<meta property=\"og:image\" content=\"https:\/\/www.webdo.tn\/fr\/wp-content\/uploads\/2023\/07\/365fb4e66d92a44fd5d249cc4727e7f8.jpg\" \/>\n\t<meta property=\"og:image:width\" content=\"750\" \/>\n\t<meta property=\"og:image:height\" content=\"400\" \/>\n\t<meta property=\"og:image:type\" content=\"image\/jpeg\" \/>\n<meta name=\"author\" content=\"Ramzi\" \/>\n<meta name=\"twitter:card\" content=\"summary_large_image\" \/>\n<meta name=\"twitter:creator\" content=\"@webdo_tn\" \/>\n<meta name=\"twitter:site\" content=\"@webdo_tn\" \/>\n<meta name=\"twitter:label1\" content=\"\u00c9crit par\" \/>\n\t<meta name=\"twitter:data1\" content=\"Ramzi\" \/>\n\t<meta name=\"twitter:label2\" content=\"Dur\u00e9e de lecture estim\u00e9e\" \/>\n\t<meta name=\"twitter:data2\" content=\"1 minute\" \/>\n<script type=\"application\/ld+json\" class=\"yoast-schema-graph\">{\"@context\":\"https:\\\/\\\/schema.org\",\"@graph\":[{\"@type\":\"NewsArticle\",\"@id\":\"https:\\\/\\\/www.webdo.tn\\\/fr\\\/actualite\\\/national\\\/rejet-de-visas-schengen-la-tunisie-dans-le-top-5-mondial\\\/207171\\\/#article\",\"isPartOf\":{\"@id\":\"https:\\\/\\\/www.webdo.tn\\\/fr\\\/actualite\\\/national\\\/rejet-de-visas-schengen-la-tunisie-dans-le-top-5-mondial\\\/207171\\\/\"},\"author\":{\"name\":\"Ramzi\",\"@id\":\"https:\\\/\\\/www.webdo.tn\\\/fr\\\/#\\\/schema\\\/person\\\/590cb5f81adcfde6385530fdbdf468e2\"},\"headline\":\"Rejet de visas Schengen : la Tunisie dans le Top 5 mondial !\",\"datePublished\":\"2023-07-11T12:28:00+00:00\",\"dateModified\":\"2025-05-20T22:58:01+00:00\",\"mainEntityOfPage\":{\"@id\":\"https:\\\/\\\/www.webdo.tn\\\/fr\\\/actualite\\\/national\\\/rejet-de-visas-schengen-la-tunisie-dans-le-top-5-mondial\\\/207171\\\/\"},\"wordCount\":144,\"commentCount\":0,\"publisher\":{\"@id\":\"https:\\\/\\\/www.webdo.tn\\\/fr\\\/#organization\"},\"image\":{\"@id\":\"https:\\\/\\\/www.webdo.tn\\\/fr\\\/actualite\\\/national\\\/rejet-de-visas-schengen-la-tunisie-dans-le-top-5-mondial\\\/207171\\\/#primaryimage\"},\"thumbnailUrl\":\"https:\\\/\\\/www.webdo.tn\\\/fr\\\/wp-content\\\/uploads\\\/2023\\\/07\\\/365fb4e66d92a44fd5d249cc4727e7f8.jpg\",\"keywords\":[\"refus\",\"visa Schengen\"],\"articleSection\":[\"National\"],\"inLanguage\":\"fr-FR\"},{\"@type\":\"WebPage\",\"@id\":\"https:\\\/\\\/www.webdo.tn\\\/fr\\\/actualite\\\/national\\\/rejet-de-visas-schengen-la-tunisie-dans-le-top-5-mondial\\\/207171\\\/\",\"url\":\"https:\\\/\\\/www.webdo.tn\\\/fr\\\/actualite\\\/national\\\/rejet-de-visas-schengen-la-tunisie-dans-le-top-5-mondial\\\/207171\\\/\",\"name\":\"Rejet de visas Schengen : la Tunisie dans le Top 5 mondial !\",\"isPartOf\":{\"@id\":\"https:\\\/\\\/www.webdo.tn\\\/fr\\\/#website\"},\"primaryImageOfPage\":{\"@id\":\"https:\\\/\\\/www.webdo.tn\\\/fr\\\/actualite\\\/national\\\/rejet-de-visas-schengen-la-tunisie-dans-le-top-5-mondial\\\/207171\\\/#primaryimage\"},\"image\":{\"@id\":\"https:\\\/\\\/www.webdo.tn\\\/fr\\\/actualite\\\/national\\\/rejet-de-visas-schengen-la-tunisie-dans-le-top-5-mondial\\\/207171\\\/#primaryimage\"},\"thumbnailUrl\":\"https:\\\/\\\/www.webdo.tn\\\/fr\\\/wp-content\\\/uploads\\\/2023\\\/07\\\/365fb4e66d92a44fd5d249cc4727e7f8.jpg\",\"datePublished\":\"2023-07-11T12:28:00+00:00\",\"dateModified\":\"2025-05-20T22:58:01+00:00\",\"description\":\"Selon les derni\u00e8res donn\u00e9es publi\u00e9es par schengenvisainfo.com, la Tunisie se classe \u00e0 la cinqui\u00e8me position du top 10 des pays affichant le nombre de refus de v...\",\"breadcrumb\":{\"@id\":\"https:\\\/\\\/www.webdo.tn\\\/fr\\\/actualite\\\/national\\\/rejet-de-visas-schengen-la-tunisie-dans-le-top-5-mondial\\\/207171\\\/#breadcrumb\"},\"inLanguage\":\"fr-FR\",\"potentialAction\":[{\"@type\":\"ReadAction\",\"target\":[\"https:\\\/\\\/www.webdo.tn\\\/fr\\\/actualite\\\/national\\\/rejet-de-visas-schengen-la-tunisie-dans-le-top-5-mondial\\\/207171\\\/\"]}]},{\"@type\":\"ImageObject\",\"inLanguage\":\"fr-FR\",\"@id\":\"https:\\\/\\\/www.webdo.tn\\\/fr\\\/actualite\\\/national\\\/rejet-de-visas-schengen-la-tunisie-dans-le-top-5-mondial\\\/207171\\\/#primaryimage\",\"url\":\"https:\\\/\\\/www.webdo.tn\\\/fr\\\/wp-content\\\/uploads\\\/2023\\\/07\\\/365fb4e66d92a44fd5d249cc4727e7f8.jpg\",\"contentUrl\":\"https:\\\/\\\/www.webdo.tn\\\/fr\\\/wp-content\\\/uploads\\\/2023\\\/07\\\/365fb4e66d92a44fd5d249cc4727e7f8.jpg\",\"width\":750,\"height\":400,\"caption\":\"Rejet de visas Schengen : la Tunisie dans le Top 5 mondial !\"},{\"@type\":\"BreadcrumbList\",\"@id\":\"https:\\\/\\\/www.webdo.tn\\\/fr\\\/actualite\\\/national\\\/rejet-de-visas-schengen-la-tunisie-dans-le-top-5-mondial\\\/207171\\\/#breadcrumb\",\"itemListElement\":[{\"@type\":\"ListItem\",\"position\":1,\"name\":\"Accueil\",\"item\":\"https:\\\/\\\/www.webdo.tn\\\/fr\\\/\"},{\"@type\":\"ListItem\",\"position\":2,\"name\":\"Rejet de visas Schengen : la Tunisie dans le Top 5 mondial !\"}]},{\"@type\":\"WebSite\",\"@id\":\"https:\\\/\\\/www.webdo.tn\\\/fr\\\/#website\",\"url\":\"https:\\\/\\\/www.webdo.tn\\\/fr\\\/\",\"name\":\"webdo\",\"description\":\"Tunisie - News en Tunisie et \u00e0 l&#039;international sur Webdo.tn\",\"publisher\":{\"@id\":\"https:\\\/\\\/www.webdo.tn\\\/fr\\\/#organization\"},\"potentialAction\":[{\"@type\":\"SearchAction\",\"target\":{\"@type\":\"EntryPoint\",\"urlTemplate\":\"https:\\\/\\\/www.webdo.tn\\\/fr\\\/?s={search_term_string}\"},\"query-input\":{\"@type\":\"PropertyValueSpecification\",\"valueRequired\":true,\"valueName\":\"search_term_string\"}}],\"inLanguage\":\"fr-FR\"},{\"@type\":\"Organization\",\"@id\":\"https:\\\/\\\/www.webdo.tn\\\/fr\\\/#organization\",\"name\":\"Webdo\",\"alternateName\":\"Webdo.tn\",\"url\":\"https:\\\/\\\/www.webdo.tn\\\/fr\\\/\",\"logo\":{\"@type\":\"ImageObject\",\"inLanguage\":\"fr-FR\",\"@id\":\"https:\\\/\\\/www.webdo.tn\\\/fr\\\/#\\\/schema\\\/logo\\\/image\\\/\",\"url\":\"https:\\\/\\\/www.webdo.tn\\\/fr\\\/wp-content\\\/uploads\\\/2025\\\/06\\\/Webdo-Tunisie_168377.jpg\",\"contentUrl\":\"https:\\\/\\\/www.webdo.tn\\\/fr\\\/wp-content\\\/uploads\\\/2025\\\/06\\\/Webdo-Tunisie_168377.jpg\",\"width\":301,\"height\":301,\"caption\":\"Webdo\"},\"image\":{\"@id\":\"https:\\\/\\\/www.webdo.tn\\\/fr\\\/#\\\/schema\\\/logo\\\/image\\\/\"},\"sameAs\":[\"https:\\\/\\\/www.facebook.com\\\/webdotn\",\"https:\\\/\\\/x.com\\\/webdo_tn\"],\"description\":\"Webdo est un m\u00e9dia num\u00e9rique tunisien fond\u00e9 en 2010, sp\u00e9cialis\u00e9 dans l\u2019actualit\u00e9 nationale et internationale, l\u2019\u00e9conomie, la soci\u00e9t\u00e9 et les analyses politiques. Le site s\u2019adresse \u00e0 un large public francophone et couvre l\u2019information tunisienne en temps r\u00e9el.\",\"email\":\"redac@webdo.tn\",\"legalName\":\"YNJ SARL\",\"foundingDate\":\"2010-09-06\",\"numberOfEmployees\":{\"@type\":\"QuantitativeValue\",\"minValue\":\"11\",\"maxValue\":\"50\"}},{\"@type\":\"Person\",\"@id\":\"https:\\\/\\\/www.webdo.tn\\\/fr\\\/#\\\/schema\\\/person\\\/590cb5f81adcfde6385530fdbdf468e2\",\"name\":\"Ramzi\",\"image\":{\"@type\":\"ImageObject\",\"inLanguage\":\"fr-FR\",\"@id\":\"https:\\\/\\\/secure.gravatar.com\\\/avatar\\\/48df7d18915e10cf866ba8e27604c81ff9243fd52704a1d210c3e387e1cb8d87?s=96&d=mm&r=g\",\"url\":\"https:\\\/\\\/secure.gravatar.com\\\/avatar\\\/48df7d18915e10cf866ba8e27604c81ff9243fd52704a1d210c3e387e1cb8d87?s=96&d=mm&r=g\",\"contentUrl\":\"https:\\\/\\\/secure.gravatar.com\\\/avatar\\\/48df7d18915e10cf866ba8e27604c81ff9243fd52704a1d210c3e387e1cb8d87?s=96&d=mm&r=g\",\"caption\":\"Ramzi\"},\"url\":\"https:\\\/\\\/www.webdo.tn\\\/fr\\\/actualite\\\/author\\\/ramzi\\\/\"}]}<\/script>\n<!-- \/ Yoast SEO Premium plugin. -->","yoast_head_json":{"title":"Rejet de visas Schengen : la Tunisie dans le Top 5 mondial !","description":"Selon les derni\u00e8res donn\u00e9es publi\u00e9es par schengenvisainfo.com, la Tunisie se classe \u00e0 la cinqui\u00e8me position du top 10 des pays affichant le nombre de refus de v...","canonical":"https:\/\/www.webdo.tn\/fr\/actualite\/national\/rejet-de-visas-schengen-la-tunisie-dans-le-top-5-mondial\/207171\/","og_locale":"fr_FR","og_type":"article","og_title":"Rejet de visas Schengen : la Tunisie dans le Top 5 mondial !","og_description":"Selon les derni\u00e8res donn\u00e9es publi\u00e9es par schengenvisainfo.com, la Tunisie se classe \u00e0 la cinqui\u00e8me position du top 10 des pays affichant le nombre de refus de v...","og_url":"https:\/\/www.webdo.tn\/fr\/actualite\/national\/rejet-de-visas-schengen-la-tunisie-dans-le-top-5-mondial\/207171\/","og_site_name":"webdo","article_publisher":"https:\/\/www.facebook.com\/webdotn","article_published_time":"2023-07-11T12:28:00+00:00","article_modified_time":"2025-05-20T22:58:01+00:00","og_image":[{"width":750,"height":400,"url":"https:\/\/www.webdo.tn\/fr\/wp-content\/uploads\/2023\/07\/365fb4e66d92a44fd5d249cc4727e7f8.jpg","type":"image\/jpeg"}],"author":"Ramzi","twitter_card":"summary_large_image","twitter_creator":"@webdo_tn","twitter_site":"@webdo_tn","twitter_misc":{"\u00c9crit par":"Ramzi","Dur\u00e9e de lecture estim\u00e9e":"1 minute"},"schema":{"@context":"https:\/\/schema.org","@graph":[{"@type":"NewsArticle","@id":"https:\/\/www.webdo.tn\/fr\/actualite\/national\/rejet-de-visas-schengen-la-tunisie-dans-le-top-5-mondial\/207171\/#article","isPartOf":{"@id":"https:\/\/www.webdo.tn\/fr\/actualite\/national\/rejet-de-visas-schengen-la-tunisie-dans-le-top-5-mondial\/207171\/"},"author":{"name":"Ramzi","@id":"https:\/\/www.webdo.tn\/fr\/#\/schema\/person\/590cb5f81adcfde6385530fdbdf468e2"},"headline":"Rejet de visas Schengen : la Tunisie dans le Top 5 mondial !","datePublished":"2023-07-11T12:28:00+00:00","dateModified":"2025-05-20T22:58:01+00:00","mainEntityOfPage":{"@id":"https:\/\/www.webdo.tn\/fr\/actualite\/national\/rejet-de-visas-schengen-la-tunisie-dans-le-top-5-mondial\/207171\/"},"wordCount":144,"commentCount":0,"publisher":{"@id":"https:\/\/www.webdo.tn\/fr\/#organization"},"image":{"@id":"https:\/\/www.webdo.tn\/fr\/actualite\/national\/rejet-de-visas-schengen-la-tunisie-dans-le-top-5-mondial\/207171\/#primaryimage"},"thumbnailUrl":"https:\/\/www.webdo.tn\/fr\/wp-content\/uploads\/2023\/07\/365fb4e66d92a44fd5d249cc4727e7f8.jpg","keywords":["refus","visa Schengen"],"articleSection":["National"],"inLanguage":"fr-FR"},{"@type":"WebPage","@id":"https:\/\/www.webdo.tn\/fr\/actualite\/national\/rejet-de-visas-schengen-la-tunisie-dans-le-top-5-mondial\/207171\/","url":"https:\/\/www.webdo.tn\/fr\/actualite\/national\/rejet-de-visas-schengen-la-tunisie-dans-le-top-5-mondial\/207171\/","name":"Rejet de visas Schengen : la Tunisie dans le Top 5 mondial !","isPartOf":{"@id":"https:\/\/www.webdo.tn\/fr\/#website"},"primaryImageOfPage":{"@id":"https:\/\/www.webdo.tn\/fr\/actualite\/national\/rejet-de-visas-schengen-la-tunisie-dans-le-top-5-mondial\/207171\/#primaryimage"},"image":{"@id":"https:\/\/www.webdo.tn\/fr\/actualite\/national\/rejet-de-visas-schengen-la-tunisie-dans-le-top-5-mondial\/207171\/#primaryimage"},"thumbnailUrl":"https:\/\/www.webdo.tn\/fr\/wp-content\/uploads\/2023\/07\/365fb4e66d92a44fd5d249cc4727e7f8.jpg","datePublished":"2023-07-11T12:28:00+00:00","dateModified":"2025-05-20T22:58:01+00:00","description":"Selon les derni\u00e8res donn\u00e9es publi\u00e9es par schengenvisainfo.com, la Tunisie se classe \u00e0 la cinqui\u00e8me position du top 10 des pays affichant le nombre de refus de v...","breadcrumb":{"@id":"https:\/\/www.webdo.tn\/fr\/actualite\/national\/rejet-de-visas-schengen-la-tunisie-dans-le-top-5-mondial\/207171\/#breadcrumb"},"inLanguage":"fr-FR","potentialAction":[{"@type":"ReadAction","target":["https:\/\/www.webdo.tn\/fr\/actualite\/national\/rejet-de-visas-schengen-la-tunisie-dans-le-top-5-mondial\/207171\/"]}]},{"@type":"ImageObject","inLanguage":"fr-FR","@id":"https:\/\/www.webdo.tn\/fr\/actualite\/national\/rejet-de-visas-schengen-la-tunisie-dans-le-top-5-mondial\/207171\/#primaryimage","url":"https:\/\/www.webdo.tn\/fr\/wp-content\/uploads\/2023\/07\/365fb4e66d92a44fd5d249cc4727e7f8.jpg","contentUrl":"https:\/\/www.webdo.tn\/fr\/wp-content\/uploads\/2023\/07\/365fb4e66d92a44fd5d249cc4727e7f8.jpg","width":750,"height":400,"caption":"Rejet de visas Schengen : la Tunisie dans le Top 5 mondial !"},{"@type":"BreadcrumbList","@id":"https:\/\/www.webdo.tn\/fr\/actualite\/national\/rejet-de-visas-schengen-la-tunisie-dans-le-top-5-mondial\/207171\/#breadcrumb","itemListElement":[{"@type":"ListItem","position":1,"name":"Accueil","item":"https:\/\/www.webdo.tn\/fr\/"},{"@type":"ListItem","position":2,"name":"Rejet de visas Schengen : la Tunisie dans le Top 5 mondial !"}]},{"@type":"WebSite","@id":"https:\/\/www.webdo.tn\/fr\/#website","url":"https:\/\/www.webdo.tn\/fr\/","name":"webdo","description":"Tunisie - News en Tunisie et \u00e0 l&#039;international sur Webdo.tn","publisher":{"@id":"https:\/\/www.webdo.tn\/fr\/#organization"},"potentialAction":[{"@type":"SearchAction","target":{"@type":"EntryPoint","urlTemplate":"https:\/\/www.webdo.tn\/fr\/?s={search_term_string}"},"query-input":{"@type":"PropertyValueSpecification","valueRequired":true,"valueName":"search_term_string"}}],"inLanguage":"fr-FR"},{"@type":"Organization","@id":"https:\/\/www.webdo.tn\/fr\/#organization","name":"Webdo","alternateName":"Webdo.tn","url":"https:\/\/www.webdo.tn\/fr\/","logo":{"@type":"ImageObject","inLanguage":"fr-FR","@id":"https:\/\/www.webdo.tn\/fr\/#\/schema\/logo\/image\/","url":"https:\/\/www.webdo.tn\/fr\/wp-content\/uploads\/2025\/06\/Webdo-Tunisie_168377.jpg","contentUrl":"https:\/\/www.webdo.tn\/fr\/wp-content\/uploads\/2025\/06\/Webdo-Tunisie_168377.jpg","width":301,"height":301,"caption":"Webdo"},"image":{"@id":"https:\/\/www.webdo.tn\/fr\/#\/schema\/logo\/image\/"},"sameAs":["https:\/\/www.facebook.com\/webdotn","https:\/\/x.com\/webdo_tn"],"description":"Webdo est un m\u00e9dia num\u00e9rique tunisien fond\u00e9 en 2010, sp\u00e9cialis\u00e9 dans l\u2019actualit\u00e9 nationale et internationale, l\u2019\u00e9conomie, la soci\u00e9t\u00e9 et les analyses politiques. Le site s\u2019adresse \u00e0 un large public francophone et couvre l\u2019information tunisienne en temps r\u00e9el.","email":"redac@webdo.tn","legalName":"YNJ SARL","foundingDate":"2010-09-06","numberOfEmployees":{"@type":"QuantitativeValue","minValue":"11","maxValue":"50"}},{"@type":"Person","@id":"https:\/\/www.webdo.tn\/fr\/#\/schema\/person\/590cb5f81adcfde6385530fdbdf468e2","name":"Ramzi","image":{"@type":"ImageObject","inLanguage":"fr-FR","@id":"https:\/\/secure.gravatar.com\/avatar\/48df7d18915e10cf866ba8e27604c81ff9243fd52704a1d210c3e387e1cb8d87?s=96&d=mm&r=g","url":"https:\/\/secure.gravatar.com\/avatar\/48df7d18915e10cf866ba8e27604c81ff9243fd52704a1d210c3e387e1cb8d87?s=96&d=mm&r=g","contentUrl":"https:\/\/secure.gravatar.com\/avatar\/48df7d18915e10cf866ba8e27604c81ff9243fd52704a1d210c3e387e1cb8d87?s=96&d=mm&r=g","caption":"Ramzi"},"url":"https:\/\/www.webdo.tn\/fr\/actualite\/author\/ramzi\/"}]}},"_links":{"self":[{"href":"https:\/\/www.webdo.tn\/fr\/wp-json\/wp\/v2\/posts\/207171","targetHints":{"allow":["GET"]}}],"collection":[{"href":"https:\/\/www.webdo.tn\/fr\/wp-json\/wp\/v2\/posts"}],"about":[{"href":"https:\/\/www.webdo.tn\/fr\/wp-json\/wp\/v2\/types\/post"}],"author":[{"embeddable":true,"href":"https:\/\/www.webdo.tn\/fr\/wp-json\/wp\/v2\/users\/3188"}],"replies":[{"embeddable":true,"href":"https:\/\/www.webdo.tn\/fr\/wp-json\/wp\/v2\/comments?post=207171"}],"version-history":[{"count":0,"href":"https:\/\/www.webdo.tn\/fr\/wp-json\/wp\/v2\/posts\/207171\/revisions"}],"wp:featuredmedia":[{"embeddable":true,"href":"https:\/\/www.webdo.tn\/fr\/wp-json\/wp\/v2\/media\/249793"}],"wp:attachment":[{"href":"https:\/\/www.webdo.tn\/fr\/wp-json\/wp\/v2\/media?parent=207171"}],"wp:term":[{"taxonomy":"category","embeddable":true,"href":"https:\/\/www.webdo.tn\/fr\/wp-json\/wp\/v2\/categories?post=207171"},{"taxonomy":"post_tag","embeddable":true,"href":"https:\/\/www.webdo.tn\/fr\/wp-json\/wp\/v2\/tags?post=207171"}],"curies":[{"name":"wp","href":"https:\/\/api.w.org\/{rel}","templated":true}]}}