{"id":207168,"date":"2023-07-11T11:47:00","date_gmt":"2023-07-11T11:47:00","guid":{"rendered":"https:\/\/www.webdo.tn\/fr\/blog\/orientation-universitaire-annonce-des-resultats-de-la-session-des-laureats-du-bac\/207168\/"},"modified":"2025-05-20T21:58:30","modified_gmt":"2025-05-20T21:58:30","slug":"orientation-universitaire-annonce-des-resultats-de-la-session-des-laureats-du-bac","status":"publish","type":"post","link":"https:\/\/www.webdo.tn\/fr\/actualite\/national\/orientation-universitaire-annonce-des-resultats-de-la-session-des-laureats-du-bac\/207168\/","title":{"rendered":"Orientation universitaire : Annonce des r\u00e9sultats de la session des laur\u00e9ats du bac"},"content":{"rendered":"<p>Les r\u00e9sultats de l&rsquo;orientation universitaire pour la session des laur\u00e9ats du baccalaur\u00e9at de 2023 seront annonc\u00e9s \u00e0 partir de ce mardi 11 juillet 2023 par SMS et sur le site www.orientation.tn.<\/p>\n<p>\t\t\t\t\t\t\t\t\tLe minist\u00e8re de l&rsquo;Enseignement sup\u00e9rieur et de la recherche scientifique annonce, dans un communiqu\u00e9 publi\u00e9 aujourd\u2019hui, que les candidats souhaitant poursuivre leurs \u00e9tudes sup\u00e9rieures \u00e0 l&rsquo;IPEST (institut pr\u00e9paratoire aux \u00e9tudes scientifiques et techniques) ou dans des universit\u00e9s allemandes et fran\u00e7aises, recevront les r\u00e9sultats par SMS sur leur t\u00e9l\u00e9phone.<\/p>\n<p>L&rsquo;inscription au service SMS a \u00e9t\u00e9 ouverte hier lundi \u00e0 travers le num\u00e9ro 85000 (or espace num\u00e9ro du baccalaur\u00e9at) et ce, pour les abonn\u00e9s des op\u00e9rateurs de t\u00e9l\u00e9phonie mobile Tunisie T\u00e9l\u00e9com, Ooredoo et Orange au co\u00fbt de 950 millimes par SMS.<\/p>\n","protected":false},"excerpt":{"rendered":"<p>Les r\u00e9sultats de l&rsquo;orientation universitaire pour la session des laur\u00e9ats du baccalaur\u00e9at de 2023 seront annonc\u00e9s \u00e0 partir de ce mardi 11 juillet 2023 par SMS e&#8230;<\/p>\n","protected":false},"author":3162,"featured_media":249790,"comment_status":"open","ping_status":"closed","sticky":false,"template":"","format":"standard","meta":{"footnotes":""},"categories":[44],"tags":[8197,5006,8198],"class_list":["post-207168","post","type-post","status-publish","format-standard","has-post-thumbnail","hentry","category-national","tag-bac-2023","tag-laureats","tag-orientation-universitaire"],"yoast_head":"<!-- This site is optimized with the Yoast SEO Premium plugin v27.4 (Yoast SEO v27.5) - https:\/\/yoast.com\/product\/yoast-seo-premium-wordpress\/ -->\n<title>Orientation universitaire : Annonce des r\u00e9sultats de la session des laur\u00e9ats du bac<\/title>\n<meta name=\"description\" content=\"Les r\u00e9sultats de l&#039;orientation universitaire pour la session des laur\u00e9ats du baccalaur\u00e9at de 2023 seront annonc\u00e9s \u00e0 partir de ce mardi 11 juillet 2023 par SMS e...\" \/>\n<link rel=\"canonical\" href=\"https:\/\/www.webdo.tn\/fr\/actualite\/national\/orientation-universitaire-annonce-des-resultats-de-la-session-des-laureats-du-bac\/207168\/\" \/>\n<meta property=\"og:locale\" content=\"fr_FR\" \/>\n<meta property=\"og:type\" content=\"article\" \/>\n<meta property=\"og:title\" content=\"Orientation universitaire : Annonce des r\u00e9sultats de la session des laur\u00e9ats du bac\" \/>\n<meta property=\"og:description\" content=\"Les r\u00e9sultats de l&#039;orientation universitaire pour la session des laur\u00e9ats du baccalaur\u00e9at de 2023 seront annonc\u00e9s \u00e0 partir de ce mardi 11 juillet 2023 par SMS e...\" \/>\n<meta property=\"og:url\" content=\"https:\/\/www.webdo.tn\/fr\/actualite\/national\/orientation-universitaire-annonce-des-resultats-de-la-session-des-laureats-du-bac\/207168\/\" \/>\n<meta property=\"og:site_name\" content=\"webdo\" \/>\n<meta property=\"article:publisher\" content=\"https:\/\/www.facebook.com\/webdotn\" \/>\n<meta property=\"article:published_time\" content=\"2023-07-11T11:47:00+00:00\" \/>\n<meta property=\"article:modified_time\" content=\"2025-05-20T21:58:30+00:00\" \/>\n<meta property=\"og:image\" content=\"https:\/\/www.webdo.tn\/fr\/wp-content\/uploads\/2023\/07\/a6bed6b5712bbb04a2c93392b4db0a76.jpg\" \/>\n\t<meta property=\"og:image:width\" content=\"680\" \/>\n\t<meta property=\"og:image:height\" content=\"363\" \/>\n\t<meta property=\"og:image:type\" content=\"image\/jpeg\" \/>\n<meta name=\"author\" content=\"MC\" \/>\n<meta name=\"twitter:card\" content=\"summary_large_image\" \/>\n<meta name=\"twitter:creator\" content=\"@webdo_tn\" \/>\n<meta name=\"twitter:site\" content=\"@webdo_tn\" \/>\n<meta name=\"twitter:label1\" content=\"\u00c9crit par\" \/>\n\t<meta name=\"twitter:data1\" content=\"MC\" \/>\n\t<meta name=\"twitter:label2\" content=\"Dur\u00e9e de lecture estim\u00e9e\" \/>\n\t<meta name=\"twitter:data2\" content=\"1 minute\" \/>\n<script type=\"application\/ld+json\" class=\"yoast-schema-graph\">{\"@context\":\"https:\\\/\\\/schema.org\",\"@graph\":[{\"@type\":\"NewsArticle\",\"@id\":\"https:\\\/\\\/www.webdo.tn\\\/fr\\\/actualite\\\/national\\\/orientation-universitaire-annonce-des-resultats-de-la-session-des-laureats-du-bac\\\/207168\\\/#article\",\"isPartOf\":{\"@id\":\"https:\\\/\\\/www.webdo.tn\\\/fr\\\/actualite\\\/national\\\/orientation-universitaire-annonce-des-resultats-de-la-session-des-laureats-du-bac\\\/207168\\\/\"},\"author\":{\"name\":\"MC\",\"@id\":\"https:\\\/\\\/www.webdo.tn\\\/fr\\\/#\\\/schema\\\/person\\\/2c4929cbf5a809e3bd38617c6ce150f6\"},\"headline\":\"Orientation universitaire : Annonce des r\u00e9sultats de la session des laur\u00e9ats du bac\",\"datePublished\":\"2023-07-11T11:47:00+00:00\",\"dateModified\":\"2025-05-20T21:58:30+00:00\",\"mainEntityOfPage\":{\"@id\":\"https:\\\/\\\/www.webdo.tn\\\/fr\\\/actualite\\\/national\\\/orientation-universitaire-annonce-des-resultats-de-la-session-des-laureats-du-bac\\\/207168\\\/\"},\"wordCount\":156,\"commentCount\":0,\"publisher\":{\"@id\":\"https:\\\/\\\/www.webdo.tn\\\/fr\\\/#organization\"},\"image\":{\"@id\":\"https:\\\/\\\/www.webdo.tn\\\/fr\\\/actualite\\\/national\\\/orientation-universitaire-annonce-des-resultats-de-la-session-des-laureats-du-bac\\\/207168\\\/#primaryimage\"},\"thumbnailUrl\":\"https:\\\/\\\/www.webdo.tn\\\/fr\\\/wp-content\\\/uploads\\\/2023\\\/07\\\/a6bed6b5712bbb04a2c93392b4db0a76.jpg\",\"keywords\":[\"Bac 2023\",\"laur\u00e9ats\",\"orientation universitaire\"],\"articleSection\":[\"National\"],\"inLanguage\":\"fr-FR\"},{\"@type\":\"WebPage\",\"@id\":\"https:\\\/\\\/www.webdo.tn\\\/fr\\\/actualite\\\/national\\\/orientation-universitaire-annonce-des-resultats-de-la-session-des-laureats-du-bac\\\/207168\\\/\",\"url\":\"https:\\\/\\\/www.webdo.tn\\\/fr\\\/actualite\\\/national\\\/orientation-universitaire-annonce-des-resultats-de-la-session-des-laureats-du-bac\\\/207168\\\/\",\"name\":\"Orientation universitaire : Annonce des r\u00e9sultats de la session des laur\u00e9ats du bac\",\"isPartOf\":{\"@id\":\"https:\\\/\\\/www.webdo.tn\\\/fr\\\/#website\"},\"primaryImageOfPage\":{\"@id\":\"https:\\\/\\\/www.webdo.tn\\\/fr\\\/actualite\\\/national\\\/orientation-universitaire-annonce-des-resultats-de-la-session-des-laureats-du-bac\\\/207168\\\/#primaryimage\"},\"image\":{\"@id\":\"https:\\\/\\\/www.webdo.tn\\\/fr\\\/actualite\\\/national\\\/orientation-universitaire-annonce-des-resultats-de-la-session-des-laureats-du-bac\\\/207168\\\/#primaryimage\"},\"thumbnailUrl\":\"https:\\\/\\\/www.webdo.tn\\\/fr\\\/wp-content\\\/uploads\\\/2023\\\/07\\\/a6bed6b5712bbb04a2c93392b4db0a76.jpg\",\"datePublished\":\"2023-07-11T11:47:00+00:00\",\"dateModified\":\"2025-05-20T21:58:30+00:00\",\"description\":\"Les r\u00e9sultats de l'orientation universitaire pour la session des laur\u00e9ats du baccalaur\u00e9at de 2023 seront annonc\u00e9s \u00e0 partir de ce mardi 11 juillet 2023 par SMS e...\",\"breadcrumb\":{\"@id\":\"https:\\\/\\\/www.webdo.tn\\\/fr\\\/actualite\\\/national\\\/orientation-universitaire-annonce-des-resultats-de-la-session-des-laureats-du-bac\\\/207168\\\/#breadcrumb\"},\"inLanguage\":\"fr-FR\",\"potentialAction\":[{\"@type\":\"ReadAction\",\"target\":[\"https:\\\/\\\/www.webdo.tn\\\/fr\\\/actualite\\\/national\\\/orientation-universitaire-annonce-des-resultats-de-la-session-des-laureats-du-bac\\\/207168\\\/\"]}]},{\"@type\":\"ImageObject\",\"inLanguage\":\"fr-FR\",\"@id\":\"https:\\\/\\\/www.webdo.tn\\\/fr\\\/actualite\\\/national\\\/orientation-universitaire-annonce-des-resultats-de-la-session-des-laureats-du-bac\\\/207168\\\/#primaryimage\",\"url\":\"https:\\\/\\\/www.webdo.tn\\\/fr\\\/wp-content\\\/uploads\\\/2023\\\/07\\\/a6bed6b5712bbb04a2c93392b4db0a76.jpg\",\"contentUrl\":\"https:\\\/\\\/www.webdo.tn\\\/fr\\\/wp-content\\\/uploads\\\/2023\\\/07\\\/a6bed6b5712bbb04a2c93392b4db0a76.jpg\",\"width\":680,\"height\":363,\"caption\":\"Orientation universitaire : Annonce des r\u00e9sultats de la session des laur\u00e9ats du bac\"},{\"@type\":\"BreadcrumbList\",\"@id\":\"https:\\\/\\\/www.webdo.tn\\\/fr\\\/actualite\\\/national\\\/orientation-universitaire-annonce-des-resultats-de-la-session-des-laureats-du-bac\\\/207168\\\/#breadcrumb\",\"itemListElement\":[{\"@type\":\"ListItem\",\"position\":1,\"name\":\"Accueil\",\"item\":\"https:\\\/\\\/www.webdo.tn\\\/fr\\\/\"},{\"@type\":\"ListItem\",\"position\":2,\"name\":\"Orientation universitaire : Annonce des r\u00e9sultats de la session des laur\u00e9ats du bac\"}]},{\"@type\":\"WebSite\",\"@id\":\"https:\\\/\\\/www.webdo.tn\\\/fr\\\/#website\",\"url\":\"https:\\\/\\\/www.webdo.tn\\\/fr\\\/\",\"name\":\"webdo\",\"description\":\"Tunisie - News en Tunisie et \u00e0 l&#039;international sur Webdo.tn\",\"publisher\":{\"@id\":\"https:\\\/\\\/www.webdo.tn\\\/fr\\\/#organization\"},\"potentialAction\":[{\"@type\":\"SearchAction\",\"target\":{\"@type\":\"EntryPoint\",\"urlTemplate\":\"https:\\\/\\\/www.webdo.tn\\\/fr\\\/?s={search_term_string}\"},\"query-input\":{\"@type\":\"PropertyValueSpecification\",\"valueRequired\":true,\"valueName\":\"search_term_string\"}}],\"inLanguage\":\"fr-FR\"},{\"@type\":\"Organization\",\"@id\":\"https:\\\/\\\/www.webdo.tn\\\/fr\\\/#organization\",\"name\":\"Webdo\",\"alternateName\":\"Webdo.tn\",\"url\":\"https:\\\/\\\/www.webdo.tn\\\/fr\\\/\",\"logo\":{\"@type\":\"ImageObject\",\"inLanguage\":\"fr-FR\",\"@id\":\"https:\\\/\\\/www.webdo.tn\\\/fr\\\/#\\\/schema\\\/logo\\\/image\\\/\",\"url\":\"https:\\\/\\\/www.webdo.tn\\\/fr\\\/wp-content\\\/uploads\\\/2025\\\/06\\\/Webdo-Tunisie_168377.jpg\",\"contentUrl\":\"https:\\\/\\\/www.webdo.tn\\\/fr\\\/wp-content\\\/uploads\\\/2025\\\/06\\\/Webdo-Tunisie_168377.jpg\",\"width\":301,\"height\":301,\"caption\":\"Webdo\"},\"image\":{\"@id\":\"https:\\\/\\\/www.webdo.tn\\\/fr\\\/#\\\/schema\\\/logo\\\/image\\\/\"},\"sameAs\":[\"https:\\\/\\\/www.facebook.com\\\/webdotn\",\"https:\\\/\\\/x.com\\\/webdo_tn\"],\"description\":\"Webdo est un m\u00e9dia num\u00e9rique tunisien fond\u00e9 en 2010, sp\u00e9cialis\u00e9 dans l\u2019actualit\u00e9 nationale et internationale, l\u2019\u00e9conomie, la soci\u00e9t\u00e9 et les analyses politiques. Le site s\u2019adresse \u00e0 un large public francophone et couvre l\u2019information tunisienne en temps r\u00e9el.\",\"email\":\"redac@webdo.tn\",\"legalName\":\"YNJ SARL\",\"foundingDate\":\"2010-09-06\",\"numberOfEmployees\":{\"@type\":\"QuantitativeValue\",\"minValue\":\"11\",\"maxValue\":\"50\"}},{\"@type\":\"Person\",\"@id\":\"https:\\\/\\\/www.webdo.tn\\\/fr\\\/#\\\/schema\\\/person\\\/2c4929cbf5a809e3bd38617c6ce150f6\",\"name\":\"MC\",\"image\":{\"@type\":\"ImageObject\",\"inLanguage\":\"fr-FR\",\"@id\":\"https:\\\/\\\/secure.gravatar.com\\\/avatar\\\/a545bbb6f84efdd5553dbbc2895e3ca8f1d12c5215e00a041c9670b54aa9b18a?s=96&d=mm&r=g\",\"url\":\"https:\\\/\\\/secure.gravatar.com\\\/avatar\\\/a545bbb6f84efdd5553dbbc2895e3ca8f1d12c5215e00a041c9670b54aa9b18a?s=96&d=mm&r=g\",\"contentUrl\":\"https:\\\/\\\/secure.gravatar.com\\\/avatar\\\/a545bbb6f84efdd5553dbbc2895e3ca8f1d12c5215e00a041c9670b54aa9b18a?s=96&d=mm&r=g\",\"caption\":\"MC\"},\"url\":\"https:\\\/\\\/www.webdo.tn\\\/fr\\\/actualite\\\/author\\\/mc\\\/\"}]}<\/script>\n<!-- \/ Yoast SEO Premium plugin. -->","yoast_head_json":{"title":"Orientation universitaire : Annonce des r\u00e9sultats de la session des laur\u00e9ats du bac","description":"Les r\u00e9sultats de l'orientation universitaire pour la session des laur\u00e9ats du baccalaur\u00e9at de 2023 seront annonc\u00e9s \u00e0 partir de ce mardi 11 juillet 2023 par SMS e...","canonical":"https:\/\/www.webdo.tn\/fr\/actualite\/national\/orientation-universitaire-annonce-des-resultats-de-la-session-des-laureats-du-bac\/207168\/","og_locale":"fr_FR","og_type":"article","og_title":"Orientation universitaire : Annonce des r\u00e9sultats de la session des laur\u00e9ats du bac","og_description":"Les r\u00e9sultats de l'orientation universitaire pour la session des laur\u00e9ats du baccalaur\u00e9at de 2023 seront annonc\u00e9s \u00e0 partir de ce mardi 11 juillet 2023 par SMS e...","og_url":"https:\/\/www.webdo.tn\/fr\/actualite\/national\/orientation-universitaire-annonce-des-resultats-de-la-session-des-laureats-du-bac\/207168\/","og_site_name":"webdo","article_publisher":"https:\/\/www.facebook.com\/webdotn","article_published_time":"2023-07-11T11:47:00+00:00","article_modified_time":"2025-05-20T21:58:30+00:00","og_image":[{"width":680,"height":363,"url":"https:\/\/www.webdo.tn\/fr\/wp-content\/uploads\/2023\/07\/a6bed6b5712bbb04a2c93392b4db0a76.jpg","type":"image\/jpeg"}],"author":"MC","twitter_card":"summary_large_image","twitter_creator":"@webdo_tn","twitter_site":"@webdo_tn","twitter_misc":{"\u00c9crit par":"MC","Dur\u00e9e de lecture estim\u00e9e":"1 minute"},"schema":{"@context":"https:\/\/schema.org","@graph":[{"@type":"NewsArticle","@id":"https:\/\/www.webdo.tn\/fr\/actualite\/national\/orientation-universitaire-annonce-des-resultats-de-la-session-des-laureats-du-bac\/207168\/#article","isPartOf":{"@id":"https:\/\/www.webdo.tn\/fr\/actualite\/national\/orientation-universitaire-annonce-des-resultats-de-la-session-des-laureats-du-bac\/207168\/"},"author":{"name":"MC","@id":"https:\/\/www.webdo.tn\/fr\/#\/schema\/person\/2c4929cbf5a809e3bd38617c6ce150f6"},"headline":"Orientation universitaire : Annonce des r\u00e9sultats de la session des laur\u00e9ats du bac","datePublished":"2023-07-11T11:47:00+00:00","dateModified":"2025-05-20T21:58:30+00:00","mainEntityOfPage":{"@id":"https:\/\/www.webdo.tn\/fr\/actualite\/national\/orientation-universitaire-annonce-des-resultats-de-la-session-des-laureats-du-bac\/207168\/"},"wordCount":156,"commentCount":0,"publisher":{"@id":"https:\/\/www.webdo.tn\/fr\/#organization"},"image":{"@id":"https:\/\/www.webdo.tn\/fr\/actualite\/national\/orientation-universitaire-annonce-des-resultats-de-la-session-des-laureats-du-bac\/207168\/#primaryimage"},"thumbnailUrl":"https:\/\/www.webdo.tn\/fr\/wp-content\/uploads\/2023\/07\/a6bed6b5712bbb04a2c93392b4db0a76.jpg","keywords":["Bac 2023","laur\u00e9ats","orientation universitaire"],"articleSection":["National"],"inLanguage":"fr-FR"},{"@type":"WebPage","@id":"https:\/\/www.webdo.tn\/fr\/actualite\/national\/orientation-universitaire-annonce-des-resultats-de-la-session-des-laureats-du-bac\/207168\/","url":"https:\/\/www.webdo.tn\/fr\/actualite\/national\/orientation-universitaire-annonce-des-resultats-de-la-session-des-laureats-du-bac\/207168\/","name":"Orientation universitaire : Annonce des r\u00e9sultats de la session des laur\u00e9ats du bac","isPartOf":{"@id":"https:\/\/www.webdo.tn\/fr\/#website"},"primaryImageOfPage":{"@id":"https:\/\/www.webdo.tn\/fr\/actualite\/national\/orientation-universitaire-annonce-des-resultats-de-la-session-des-laureats-du-bac\/207168\/#primaryimage"},"image":{"@id":"https:\/\/www.webdo.tn\/fr\/actualite\/national\/orientation-universitaire-annonce-des-resultats-de-la-session-des-laureats-du-bac\/207168\/#primaryimage"},"thumbnailUrl":"https:\/\/www.webdo.tn\/fr\/wp-content\/uploads\/2023\/07\/a6bed6b5712bbb04a2c93392b4db0a76.jpg","datePublished":"2023-07-11T11:47:00+00:00","dateModified":"2025-05-20T21:58:30+00:00","description":"Les r\u00e9sultats de l'orientation universitaire pour la session des laur\u00e9ats du baccalaur\u00e9at de 2023 seront annonc\u00e9s \u00e0 partir de ce mardi 11 juillet 2023 par SMS e...","breadcrumb":{"@id":"https:\/\/www.webdo.tn\/fr\/actualite\/national\/orientation-universitaire-annonce-des-resultats-de-la-session-des-laureats-du-bac\/207168\/#breadcrumb"},"inLanguage":"fr-FR","potentialAction":[{"@type":"ReadAction","target":["https:\/\/www.webdo.tn\/fr\/actualite\/national\/orientation-universitaire-annonce-des-resultats-de-la-session-des-laureats-du-bac\/207168\/"]}]},{"@type":"ImageObject","inLanguage":"fr-FR","@id":"https:\/\/www.webdo.tn\/fr\/actualite\/national\/orientation-universitaire-annonce-des-resultats-de-la-session-des-laureats-du-bac\/207168\/#primaryimage","url":"https:\/\/www.webdo.tn\/fr\/wp-content\/uploads\/2023\/07\/a6bed6b5712bbb04a2c93392b4db0a76.jpg","contentUrl":"https:\/\/www.webdo.tn\/fr\/wp-content\/uploads\/2023\/07\/a6bed6b5712bbb04a2c93392b4db0a76.jpg","width":680,"height":363,"caption":"Orientation universitaire : Annonce des r\u00e9sultats de la session des laur\u00e9ats du bac"},{"@type":"BreadcrumbList","@id":"https:\/\/www.webdo.tn\/fr\/actualite\/national\/orientation-universitaire-annonce-des-resultats-de-la-session-des-laureats-du-bac\/207168\/#breadcrumb","itemListElement":[{"@type":"ListItem","position":1,"name":"Accueil","item":"https:\/\/www.webdo.tn\/fr\/"},{"@type":"ListItem","position":2,"name":"Orientation universitaire : Annonce des r\u00e9sultats de la session des laur\u00e9ats du bac"}]},{"@type":"WebSite","@id":"https:\/\/www.webdo.tn\/fr\/#website","url":"https:\/\/www.webdo.tn\/fr\/","name":"webdo","description":"Tunisie - News en Tunisie et \u00e0 l&#039;international sur Webdo.tn","publisher":{"@id":"https:\/\/www.webdo.tn\/fr\/#organization"},"potentialAction":[{"@type":"SearchAction","target":{"@type":"EntryPoint","urlTemplate":"https:\/\/www.webdo.tn\/fr\/?s={search_term_string}"},"query-input":{"@type":"PropertyValueSpecification","valueRequired":true,"valueName":"search_term_string"}}],"inLanguage":"fr-FR"},{"@type":"Organization","@id":"https:\/\/www.webdo.tn\/fr\/#organization","name":"Webdo","alternateName":"Webdo.tn","url":"https:\/\/www.webdo.tn\/fr\/","logo":{"@type":"ImageObject","inLanguage":"fr-FR","@id":"https:\/\/www.webdo.tn\/fr\/#\/schema\/logo\/image\/","url":"https:\/\/www.webdo.tn\/fr\/wp-content\/uploads\/2025\/06\/Webdo-Tunisie_168377.jpg","contentUrl":"https:\/\/www.webdo.tn\/fr\/wp-content\/uploads\/2025\/06\/Webdo-Tunisie_168377.jpg","width":301,"height":301,"caption":"Webdo"},"image":{"@id":"https:\/\/www.webdo.tn\/fr\/#\/schema\/logo\/image\/"},"sameAs":["https:\/\/www.facebook.com\/webdotn","https:\/\/x.com\/webdo_tn"],"description":"Webdo est un m\u00e9dia num\u00e9rique tunisien fond\u00e9 en 2010, sp\u00e9cialis\u00e9 dans l\u2019actualit\u00e9 nationale et internationale, l\u2019\u00e9conomie, la soci\u00e9t\u00e9 et les analyses politiques. Le site s\u2019adresse \u00e0 un large public francophone et couvre l\u2019information tunisienne en temps r\u00e9el.","email":"redac@webdo.tn","legalName":"YNJ SARL","foundingDate":"2010-09-06","numberOfEmployees":{"@type":"QuantitativeValue","minValue":"11","maxValue":"50"}},{"@type":"Person","@id":"https:\/\/www.webdo.tn\/fr\/#\/schema\/person\/2c4929cbf5a809e3bd38617c6ce150f6","name":"MC","image":{"@type":"ImageObject","inLanguage":"fr-FR","@id":"https:\/\/secure.gravatar.com\/avatar\/a545bbb6f84efdd5553dbbc2895e3ca8f1d12c5215e00a041c9670b54aa9b18a?s=96&d=mm&r=g","url":"https:\/\/secure.gravatar.com\/avatar\/a545bbb6f84efdd5553dbbc2895e3ca8f1d12c5215e00a041c9670b54aa9b18a?s=96&d=mm&r=g","contentUrl":"https:\/\/secure.gravatar.com\/avatar\/a545bbb6f84efdd5553dbbc2895e3ca8f1d12c5215e00a041c9670b54aa9b18a?s=96&d=mm&r=g","caption":"MC"},"url":"https:\/\/www.webdo.tn\/fr\/actualite\/author\/mc\/"}]}},"_links":{"self":[{"href":"https:\/\/www.webdo.tn\/fr\/wp-json\/wp\/v2\/posts\/207168","targetHints":{"allow":["GET"]}}],"collection":[{"href":"https:\/\/www.webdo.tn\/fr\/wp-json\/wp\/v2\/posts"}],"about":[{"href":"https:\/\/www.webdo.tn\/fr\/wp-json\/wp\/v2\/types\/post"}],"author":[{"embeddable":true,"href":"https:\/\/www.webdo.tn\/fr\/wp-json\/wp\/v2\/users\/3162"}],"replies":[{"embeddable":true,"href":"https:\/\/www.webdo.tn\/fr\/wp-json\/wp\/v2\/comments?post=207168"}],"version-history":[{"count":0,"href":"https:\/\/www.webdo.tn\/fr\/wp-json\/wp\/v2\/posts\/207168\/revisions"}],"wp:featuredmedia":[{"embeddable":true,"href":"https:\/\/www.webdo.tn\/fr\/wp-json\/wp\/v2\/media\/249790"}],"wp:attachment":[{"href":"https:\/\/www.webdo.tn\/fr\/wp-json\/wp\/v2\/media?parent=207168"}],"wp:term":[{"taxonomy":"category","embeddable":true,"href":"https:\/\/www.webdo.tn\/fr\/wp-json\/wp\/v2\/categories?post=207168"},{"taxonomy":"post_tag","embeddable":true,"href":"https:\/\/www.webdo.tn\/fr\/wp-json\/wp\/v2\/tags?post=207168"}],"curies":[{"name":"wp","href":"https:\/\/api.w.org\/{rel}","templated":true}]}}