{"id":207162,"date":"2023-07-11T09:35:00","date_gmt":"2023-07-11T09:35:00","guid":{"rendered":"https:\/\/www.webdo.tn\/fr\/blog\/record-de-consommation-electrique-hier\/207162\/"},"modified":"2025-05-20T22:58:00","modified_gmt":"2025-05-20T22:58:00","slug":"record-de-consommation-electrique-hier","status":"publish","type":"post","link":"https:\/\/www.webdo.tn\/fr\/actualite\/national\/record-de-consommation-electrique-hier\/207162\/","title":{"rendered":"Record de consommation \u00e9lectrique, hier"},"content":{"rendered":"<p>Un record de consommation d\u2019\u00e9lectricit\u00e9 a \u00e9t\u00e9 enregistr\u00e9, hier, lundi, \u00e0 15H38, culminant \u00e0 4692 M\u00e9gawatts.<\/p>\n<p>\t\t\t\t\t\t\t\t\tMounir Gharbi, Directeur de la communication \u00e0 la STEG, a d\u00e9clar\u00e9 que ce nouveau pic d\u00e9passe l\u2019ancien record \u00e9tabli en septembre 2022, qui \u00e9tait de 4677 Megawatts.<\/p>\n<p>Il a assur\u00e9, au passage, que les services de la STEG ont r\u00e9ussi \u00e0 faire face \u00e0 cette demande record, appelant les citoyens \u00e0 mieux ma\u00eetriser leur consommation, surtout, pour la climatisation de l\u2019air, en cette p\u00e9riode de canicule qui est pr\u00e9vue pour durer assez longtemps.<\/p>\n<p>La Tunisie avait connu samedi, 8 juillet, vers 15h38, son premier pic de consommation \u00e9lectrique de l&rsquo;\u00e9t\u00e9 (4363 m\u00e9gawatts), en raison de l&rsquo;utilisation simultan\u00e9e des climatiseurs.<\/p>\n<p>Une demande d\u2019\u00e9lectricit\u00e9 qui risque de s\u2019intensifier dans les jours \u00e0 venir en raison de la vaque de chaleur qui pr\u00e9vaudra.<\/p>\n<p>Demain, le mercure affichera 42\u00b0C \u00e0 Tunis, 43\u00b0C \u00e0 Bizerte,\u00a0 44\u00b0C \u00e0 Manouba, 46\u00b0C \u00e0 B\u00e9ja. Le pic de chaleur sera enregistr\u00e9 \u00e0 Jendouba avec 47\u00b0C.<\/p>\n","protected":false},"excerpt":{"rendered":"<p>Un record de consommation d\u2019\u00e9lectricit\u00e9 a \u00e9t\u00e9 enregistr\u00e9, hier, lundi, \u00e0 15H38, culminant \u00e0 4692 M\u00e9gawatts.<\/p>\n","protected":false},"author":3188,"featured_media":249787,"comment_status":"open","ping_status":"closed","sticky":false,"template":"","format":"standard","meta":{"footnotes":""},"categories":[44],"tags":[3319,2719,3765,8188,6388,2742],"class_list":["post-207162","post","type-post","status-publish","format-standard","has-post-thumbnail","hentry","category-national","tag-chaleur","tag-consommation","tag-electricite","tag-pic","tag-record","tag-steg"],"yoast_head":"<!-- This site is optimized with the Yoast SEO Premium plugin v27.4 (Yoast SEO v27.5) - https:\/\/yoast.com\/product\/yoast-seo-premium-wordpress\/ -->\n<title>Record de consommation \u00e9lectrique, hier<\/title>\n<meta name=\"description\" content=\"Un record de consommation d\u2019\u00e9lectricit\u00e9 a \u00e9t\u00e9 enregistr\u00e9, hier, lundi, \u00e0 15H38, culminant \u00e0 4692 M\u00e9gawatts.\" \/>\n<link rel=\"canonical\" href=\"https:\/\/www.webdo.tn\/fr\/actualite\/national\/record-de-consommation-electrique-hier\/207162\/\" \/>\n<meta property=\"og:locale\" content=\"fr_FR\" \/>\n<meta property=\"og:type\" content=\"article\" \/>\n<meta property=\"og:title\" content=\"Record de consommation \u00e9lectrique, hier\" \/>\n<meta property=\"og:description\" content=\"Un record de consommation d\u2019\u00e9lectricit\u00e9 a \u00e9t\u00e9 enregistr\u00e9, hier, lundi, \u00e0 15H38, culminant \u00e0 4692 M\u00e9gawatts.\" \/>\n<meta property=\"og:url\" content=\"https:\/\/www.webdo.tn\/fr\/actualite\/national\/record-de-consommation-electrique-hier\/207162\/\" \/>\n<meta property=\"og:site_name\" content=\"webdo\" \/>\n<meta property=\"article:publisher\" content=\"https:\/\/www.facebook.com\/webdotn\" \/>\n<meta property=\"article:published_time\" content=\"2023-07-11T09:35:00+00:00\" \/>\n<meta property=\"article:modified_time\" content=\"2025-05-20T22:58:00+00:00\" \/>\n<meta property=\"og:image\" content=\"https:\/\/www.webdo.tn\/fr\/wp-content\/uploads\/2023\/07\/22ba5c02e00fb6142303b1af0dba93bb.jpeg\" \/>\n\t<meta property=\"og:image:width\" content=\"750\" \/>\n\t<meta property=\"og:image:height\" content=\"400\" \/>\n\t<meta property=\"og:image:type\" content=\"image\/jpeg\" \/>\n<meta name=\"author\" content=\"Ramzi\" \/>\n<meta name=\"twitter:card\" content=\"summary_large_image\" \/>\n<meta name=\"twitter:creator\" content=\"@webdo_tn\" \/>\n<meta name=\"twitter:site\" content=\"@webdo_tn\" \/>\n<meta name=\"twitter:label1\" content=\"\u00c9crit par\" \/>\n\t<meta name=\"twitter:data1\" content=\"Ramzi\" \/>\n\t<meta name=\"twitter:label2\" content=\"Dur\u00e9e de lecture estim\u00e9e\" \/>\n\t<meta name=\"twitter:data2\" content=\"1 minute\" \/>\n<script type=\"application\/ld+json\" class=\"yoast-schema-graph\">{\"@context\":\"https:\\\/\\\/schema.org\",\"@graph\":[{\"@type\":\"NewsArticle\",\"@id\":\"https:\\\/\\\/www.webdo.tn\\\/fr\\\/actualite\\\/national\\\/record-de-consommation-electrique-hier\\\/207162\\\/#article\",\"isPartOf\":{\"@id\":\"https:\\\/\\\/www.webdo.tn\\\/fr\\\/actualite\\\/national\\\/record-de-consommation-electrique-hier\\\/207162\\\/\"},\"author\":{\"name\":\"Ramzi\",\"@id\":\"https:\\\/\\\/www.webdo.tn\\\/fr\\\/#\\\/schema\\\/person\\\/590cb5f81adcfde6385530fdbdf468e2\"},\"headline\":\"Record de consommation \u00e9lectrique, hier\",\"datePublished\":\"2023-07-11T09:35:00+00:00\",\"dateModified\":\"2025-05-20T22:58:00+00:00\",\"mainEntityOfPage\":{\"@id\":\"https:\\\/\\\/www.webdo.tn\\\/fr\\\/actualite\\\/national\\\/record-de-consommation-electrique-hier\\\/207162\\\/\"},\"wordCount\":168,\"commentCount\":0,\"publisher\":{\"@id\":\"https:\\\/\\\/www.webdo.tn\\\/fr\\\/#organization\"},\"image\":{\"@id\":\"https:\\\/\\\/www.webdo.tn\\\/fr\\\/actualite\\\/national\\\/record-de-consommation-electrique-hier\\\/207162\\\/#primaryimage\"},\"thumbnailUrl\":\"https:\\\/\\\/www.webdo.tn\\\/fr\\\/wp-content\\\/uploads\\\/2023\\\/07\\\/22ba5c02e00fb6142303b1af0dba93bb.jpeg\",\"keywords\":[\"chaleur\",\"consommation\",\"\u00e9lectricit\u00e9\",\"Pic\",\"record\",\"steg\"],\"articleSection\":[\"National\"],\"inLanguage\":\"fr-FR\"},{\"@type\":\"WebPage\",\"@id\":\"https:\\\/\\\/www.webdo.tn\\\/fr\\\/actualite\\\/national\\\/record-de-consommation-electrique-hier\\\/207162\\\/\",\"url\":\"https:\\\/\\\/www.webdo.tn\\\/fr\\\/actualite\\\/national\\\/record-de-consommation-electrique-hier\\\/207162\\\/\",\"name\":\"Record de consommation \u00e9lectrique, hier\",\"isPartOf\":{\"@id\":\"https:\\\/\\\/www.webdo.tn\\\/fr\\\/#website\"},\"primaryImageOfPage\":{\"@id\":\"https:\\\/\\\/www.webdo.tn\\\/fr\\\/actualite\\\/national\\\/record-de-consommation-electrique-hier\\\/207162\\\/#primaryimage\"},\"image\":{\"@id\":\"https:\\\/\\\/www.webdo.tn\\\/fr\\\/actualite\\\/national\\\/record-de-consommation-electrique-hier\\\/207162\\\/#primaryimage\"},\"thumbnailUrl\":\"https:\\\/\\\/www.webdo.tn\\\/fr\\\/wp-content\\\/uploads\\\/2023\\\/07\\\/22ba5c02e00fb6142303b1af0dba93bb.jpeg\",\"datePublished\":\"2023-07-11T09:35:00+00:00\",\"dateModified\":\"2025-05-20T22:58:00+00:00\",\"description\":\"Un record de consommation d\u2019\u00e9lectricit\u00e9 a \u00e9t\u00e9 enregistr\u00e9, hier, lundi, \u00e0 15H38, culminant \u00e0 4692 M\u00e9gawatts.\",\"breadcrumb\":{\"@id\":\"https:\\\/\\\/www.webdo.tn\\\/fr\\\/actualite\\\/national\\\/record-de-consommation-electrique-hier\\\/207162\\\/#breadcrumb\"},\"inLanguage\":\"fr-FR\",\"potentialAction\":[{\"@type\":\"ReadAction\",\"target\":[\"https:\\\/\\\/www.webdo.tn\\\/fr\\\/actualite\\\/national\\\/record-de-consommation-electrique-hier\\\/207162\\\/\"]}]},{\"@type\":\"ImageObject\",\"inLanguage\":\"fr-FR\",\"@id\":\"https:\\\/\\\/www.webdo.tn\\\/fr\\\/actualite\\\/national\\\/record-de-consommation-electrique-hier\\\/207162\\\/#primaryimage\",\"url\":\"https:\\\/\\\/www.webdo.tn\\\/fr\\\/wp-content\\\/uploads\\\/2023\\\/07\\\/22ba5c02e00fb6142303b1af0dba93bb.jpeg\",\"contentUrl\":\"https:\\\/\\\/www.webdo.tn\\\/fr\\\/wp-content\\\/uploads\\\/2023\\\/07\\\/22ba5c02e00fb6142303b1af0dba93bb.jpeg\",\"width\":750,\"height\":400,\"caption\":\"Record de consommation \u00e9lectrique, hier\"},{\"@type\":\"BreadcrumbList\",\"@id\":\"https:\\\/\\\/www.webdo.tn\\\/fr\\\/actualite\\\/national\\\/record-de-consommation-electrique-hier\\\/207162\\\/#breadcrumb\",\"itemListElement\":[{\"@type\":\"ListItem\",\"position\":1,\"name\":\"Accueil\",\"item\":\"https:\\\/\\\/www.webdo.tn\\\/fr\\\/\"},{\"@type\":\"ListItem\",\"position\":2,\"name\":\"Record de consommation \u00e9lectrique, hier\"}]},{\"@type\":\"WebSite\",\"@id\":\"https:\\\/\\\/www.webdo.tn\\\/fr\\\/#website\",\"url\":\"https:\\\/\\\/www.webdo.tn\\\/fr\\\/\",\"name\":\"webdo\",\"description\":\"Tunisie - News en Tunisie et \u00e0 l&#039;international sur Webdo.tn\",\"publisher\":{\"@id\":\"https:\\\/\\\/www.webdo.tn\\\/fr\\\/#organization\"},\"potentialAction\":[{\"@type\":\"SearchAction\",\"target\":{\"@type\":\"EntryPoint\",\"urlTemplate\":\"https:\\\/\\\/www.webdo.tn\\\/fr\\\/?s={search_term_string}\"},\"query-input\":{\"@type\":\"PropertyValueSpecification\",\"valueRequired\":true,\"valueName\":\"search_term_string\"}}],\"inLanguage\":\"fr-FR\"},{\"@type\":\"Organization\",\"@id\":\"https:\\\/\\\/www.webdo.tn\\\/fr\\\/#organization\",\"name\":\"Webdo\",\"alternateName\":\"Webdo.tn\",\"url\":\"https:\\\/\\\/www.webdo.tn\\\/fr\\\/\",\"logo\":{\"@type\":\"ImageObject\",\"inLanguage\":\"fr-FR\",\"@id\":\"https:\\\/\\\/www.webdo.tn\\\/fr\\\/#\\\/schema\\\/logo\\\/image\\\/\",\"url\":\"https:\\\/\\\/www.webdo.tn\\\/fr\\\/wp-content\\\/uploads\\\/2025\\\/06\\\/Webdo-Tunisie_168377.jpg\",\"contentUrl\":\"https:\\\/\\\/www.webdo.tn\\\/fr\\\/wp-content\\\/uploads\\\/2025\\\/06\\\/Webdo-Tunisie_168377.jpg\",\"width\":301,\"height\":301,\"caption\":\"Webdo\"},\"image\":{\"@id\":\"https:\\\/\\\/www.webdo.tn\\\/fr\\\/#\\\/schema\\\/logo\\\/image\\\/\"},\"sameAs\":[\"https:\\\/\\\/www.facebook.com\\\/webdotn\",\"https:\\\/\\\/x.com\\\/webdo_tn\"],\"description\":\"Webdo est un m\u00e9dia num\u00e9rique tunisien fond\u00e9 en 2010, sp\u00e9cialis\u00e9 dans l\u2019actualit\u00e9 nationale et internationale, l\u2019\u00e9conomie, la soci\u00e9t\u00e9 et les analyses politiques. Le site s\u2019adresse \u00e0 un large public francophone et couvre l\u2019information tunisienne en temps r\u00e9el.\",\"email\":\"redac@webdo.tn\",\"legalName\":\"YNJ SARL\",\"foundingDate\":\"2010-09-06\",\"numberOfEmployees\":{\"@type\":\"QuantitativeValue\",\"minValue\":\"11\",\"maxValue\":\"50\"}},{\"@type\":\"Person\",\"@id\":\"https:\\\/\\\/www.webdo.tn\\\/fr\\\/#\\\/schema\\\/person\\\/590cb5f81adcfde6385530fdbdf468e2\",\"name\":\"Ramzi\",\"image\":{\"@type\":\"ImageObject\",\"inLanguage\":\"fr-FR\",\"@id\":\"https:\\\/\\\/secure.gravatar.com\\\/avatar\\\/48df7d18915e10cf866ba8e27604c81ff9243fd52704a1d210c3e387e1cb8d87?s=96&d=mm&r=g\",\"url\":\"https:\\\/\\\/secure.gravatar.com\\\/avatar\\\/48df7d18915e10cf866ba8e27604c81ff9243fd52704a1d210c3e387e1cb8d87?s=96&d=mm&r=g\",\"contentUrl\":\"https:\\\/\\\/secure.gravatar.com\\\/avatar\\\/48df7d18915e10cf866ba8e27604c81ff9243fd52704a1d210c3e387e1cb8d87?s=96&d=mm&r=g\",\"caption\":\"Ramzi\"},\"url\":\"https:\\\/\\\/www.webdo.tn\\\/fr\\\/actualite\\\/author\\\/ramzi\\\/\"}]}<\/script>\n<!-- \/ Yoast SEO Premium plugin. -->","yoast_head_json":{"title":"Record de consommation \u00e9lectrique, hier","description":"Un record de consommation d\u2019\u00e9lectricit\u00e9 a \u00e9t\u00e9 enregistr\u00e9, hier, lundi, \u00e0 15H38, culminant \u00e0 4692 M\u00e9gawatts.","canonical":"https:\/\/www.webdo.tn\/fr\/actualite\/national\/record-de-consommation-electrique-hier\/207162\/","og_locale":"fr_FR","og_type":"article","og_title":"Record de consommation \u00e9lectrique, hier","og_description":"Un record de consommation d\u2019\u00e9lectricit\u00e9 a \u00e9t\u00e9 enregistr\u00e9, hier, lundi, \u00e0 15H38, culminant \u00e0 4692 M\u00e9gawatts.","og_url":"https:\/\/www.webdo.tn\/fr\/actualite\/national\/record-de-consommation-electrique-hier\/207162\/","og_site_name":"webdo","article_publisher":"https:\/\/www.facebook.com\/webdotn","article_published_time":"2023-07-11T09:35:00+00:00","article_modified_time":"2025-05-20T22:58:00+00:00","og_image":[{"width":750,"height":400,"url":"https:\/\/www.webdo.tn\/fr\/wp-content\/uploads\/2023\/07\/22ba5c02e00fb6142303b1af0dba93bb.jpeg","type":"image\/jpeg"}],"author":"Ramzi","twitter_card":"summary_large_image","twitter_creator":"@webdo_tn","twitter_site":"@webdo_tn","twitter_misc":{"\u00c9crit par":"Ramzi","Dur\u00e9e de lecture estim\u00e9e":"1 minute"},"schema":{"@context":"https:\/\/schema.org","@graph":[{"@type":"NewsArticle","@id":"https:\/\/www.webdo.tn\/fr\/actualite\/national\/record-de-consommation-electrique-hier\/207162\/#article","isPartOf":{"@id":"https:\/\/www.webdo.tn\/fr\/actualite\/national\/record-de-consommation-electrique-hier\/207162\/"},"author":{"name":"Ramzi","@id":"https:\/\/www.webdo.tn\/fr\/#\/schema\/person\/590cb5f81adcfde6385530fdbdf468e2"},"headline":"Record de consommation \u00e9lectrique, hier","datePublished":"2023-07-11T09:35:00+00:00","dateModified":"2025-05-20T22:58:00+00:00","mainEntityOfPage":{"@id":"https:\/\/www.webdo.tn\/fr\/actualite\/national\/record-de-consommation-electrique-hier\/207162\/"},"wordCount":168,"commentCount":0,"publisher":{"@id":"https:\/\/www.webdo.tn\/fr\/#organization"},"image":{"@id":"https:\/\/www.webdo.tn\/fr\/actualite\/national\/record-de-consommation-electrique-hier\/207162\/#primaryimage"},"thumbnailUrl":"https:\/\/www.webdo.tn\/fr\/wp-content\/uploads\/2023\/07\/22ba5c02e00fb6142303b1af0dba93bb.jpeg","keywords":["chaleur","consommation","\u00e9lectricit\u00e9","Pic","record","steg"],"articleSection":["National"],"inLanguage":"fr-FR"},{"@type":"WebPage","@id":"https:\/\/www.webdo.tn\/fr\/actualite\/national\/record-de-consommation-electrique-hier\/207162\/","url":"https:\/\/www.webdo.tn\/fr\/actualite\/national\/record-de-consommation-electrique-hier\/207162\/","name":"Record de consommation \u00e9lectrique, hier","isPartOf":{"@id":"https:\/\/www.webdo.tn\/fr\/#website"},"primaryImageOfPage":{"@id":"https:\/\/www.webdo.tn\/fr\/actualite\/national\/record-de-consommation-electrique-hier\/207162\/#primaryimage"},"image":{"@id":"https:\/\/www.webdo.tn\/fr\/actualite\/national\/record-de-consommation-electrique-hier\/207162\/#primaryimage"},"thumbnailUrl":"https:\/\/www.webdo.tn\/fr\/wp-content\/uploads\/2023\/07\/22ba5c02e00fb6142303b1af0dba93bb.jpeg","datePublished":"2023-07-11T09:35:00+00:00","dateModified":"2025-05-20T22:58:00+00:00","description":"Un record de consommation d\u2019\u00e9lectricit\u00e9 a \u00e9t\u00e9 enregistr\u00e9, hier, lundi, \u00e0 15H38, culminant \u00e0 4692 M\u00e9gawatts.","breadcrumb":{"@id":"https:\/\/www.webdo.tn\/fr\/actualite\/national\/record-de-consommation-electrique-hier\/207162\/#breadcrumb"},"inLanguage":"fr-FR","potentialAction":[{"@type":"ReadAction","target":["https:\/\/www.webdo.tn\/fr\/actualite\/national\/record-de-consommation-electrique-hier\/207162\/"]}]},{"@type":"ImageObject","inLanguage":"fr-FR","@id":"https:\/\/www.webdo.tn\/fr\/actualite\/national\/record-de-consommation-electrique-hier\/207162\/#primaryimage","url":"https:\/\/www.webdo.tn\/fr\/wp-content\/uploads\/2023\/07\/22ba5c02e00fb6142303b1af0dba93bb.jpeg","contentUrl":"https:\/\/www.webdo.tn\/fr\/wp-content\/uploads\/2023\/07\/22ba5c02e00fb6142303b1af0dba93bb.jpeg","width":750,"height":400,"caption":"Record de consommation \u00e9lectrique, hier"},{"@type":"BreadcrumbList","@id":"https:\/\/www.webdo.tn\/fr\/actualite\/national\/record-de-consommation-electrique-hier\/207162\/#breadcrumb","itemListElement":[{"@type":"ListItem","position":1,"name":"Accueil","item":"https:\/\/www.webdo.tn\/fr\/"},{"@type":"ListItem","position":2,"name":"Record de consommation \u00e9lectrique, hier"}]},{"@type":"WebSite","@id":"https:\/\/www.webdo.tn\/fr\/#website","url":"https:\/\/www.webdo.tn\/fr\/","name":"webdo","description":"Tunisie - News en Tunisie et \u00e0 l&#039;international sur Webdo.tn","publisher":{"@id":"https:\/\/www.webdo.tn\/fr\/#organization"},"potentialAction":[{"@type":"SearchAction","target":{"@type":"EntryPoint","urlTemplate":"https:\/\/www.webdo.tn\/fr\/?s={search_term_string}"},"query-input":{"@type":"PropertyValueSpecification","valueRequired":true,"valueName":"search_term_string"}}],"inLanguage":"fr-FR"},{"@type":"Organization","@id":"https:\/\/www.webdo.tn\/fr\/#organization","name":"Webdo","alternateName":"Webdo.tn","url":"https:\/\/www.webdo.tn\/fr\/","logo":{"@type":"ImageObject","inLanguage":"fr-FR","@id":"https:\/\/www.webdo.tn\/fr\/#\/schema\/logo\/image\/","url":"https:\/\/www.webdo.tn\/fr\/wp-content\/uploads\/2025\/06\/Webdo-Tunisie_168377.jpg","contentUrl":"https:\/\/www.webdo.tn\/fr\/wp-content\/uploads\/2025\/06\/Webdo-Tunisie_168377.jpg","width":301,"height":301,"caption":"Webdo"},"image":{"@id":"https:\/\/www.webdo.tn\/fr\/#\/schema\/logo\/image\/"},"sameAs":["https:\/\/www.facebook.com\/webdotn","https:\/\/x.com\/webdo_tn"],"description":"Webdo est un m\u00e9dia num\u00e9rique tunisien fond\u00e9 en 2010, sp\u00e9cialis\u00e9 dans l\u2019actualit\u00e9 nationale et internationale, l\u2019\u00e9conomie, la soci\u00e9t\u00e9 et les analyses politiques. Le site s\u2019adresse \u00e0 un large public francophone et couvre l\u2019information tunisienne en temps r\u00e9el.","email":"redac@webdo.tn","legalName":"YNJ SARL","foundingDate":"2010-09-06","numberOfEmployees":{"@type":"QuantitativeValue","minValue":"11","maxValue":"50"}},{"@type":"Person","@id":"https:\/\/www.webdo.tn\/fr\/#\/schema\/person\/590cb5f81adcfde6385530fdbdf468e2","name":"Ramzi","image":{"@type":"ImageObject","inLanguage":"fr-FR","@id":"https:\/\/secure.gravatar.com\/avatar\/48df7d18915e10cf866ba8e27604c81ff9243fd52704a1d210c3e387e1cb8d87?s=96&d=mm&r=g","url":"https:\/\/secure.gravatar.com\/avatar\/48df7d18915e10cf866ba8e27604c81ff9243fd52704a1d210c3e387e1cb8d87?s=96&d=mm&r=g","contentUrl":"https:\/\/secure.gravatar.com\/avatar\/48df7d18915e10cf866ba8e27604c81ff9243fd52704a1d210c3e387e1cb8d87?s=96&d=mm&r=g","caption":"Ramzi"},"url":"https:\/\/www.webdo.tn\/fr\/actualite\/author\/ramzi\/"}]}},"_links":{"self":[{"href":"https:\/\/www.webdo.tn\/fr\/wp-json\/wp\/v2\/posts\/207162","targetHints":{"allow":["GET"]}}],"collection":[{"href":"https:\/\/www.webdo.tn\/fr\/wp-json\/wp\/v2\/posts"}],"about":[{"href":"https:\/\/www.webdo.tn\/fr\/wp-json\/wp\/v2\/types\/post"}],"author":[{"embeddable":true,"href":"https:\/\/www.webdo.tn\/fr\/wp-json\/wp\/v2\/users\/3188"}],"replies":[{"embeddable":true,"href":"https:\/\/www.webdo.tn\/fr\/wp-json\/wp\/v2\/comments?post=207162"}],"version-history":[{"count":0,"href":"https:\/\/www.webdo.tn\/fr\/wp-json\/wp\/v2\/posts\/207162\/revisions"}],"wp:featuredmedia":[{"embeddable":true,"href":"https:\/\/www.webdo.tn\/fr\/wp-json\/wp\/v2\/media\/249787"}],"wp:attachment":[{"href":"https:\/\/www.webdo.tn\/fr\/wp-json\/wp\/v2\/media?parent=207162"}],"wp:term":[{"taxonomy":"category","embeddable":true,"href":"https:\/\/www.webdo.tn\/fr\/wp-json\/wp\/v2\/categories?post=207162"},{"taxonomy":"post_tag","embeddable":true,"href":"https:\/\/www.webdo.tn\/fr\/wp-json\/wp\/v2\/tags?post=207162"}],"curies":[{"name":"wp","href":"https:\/\/api.w.org\/{rel}","templated":true}]}}