{"id":207161,"date":"2023-07-11T09:10:00","date_gmt":"2023-07-11T09:10:00","guid":{"rendered":"https:\/\/www.webdo.tn\/fr\/blog\/le-thermometre-a-frole-les-490c-a-tozeur\/207161\/"},"modified":"2025-05-20T21:58:29","modified_gmt":"2025-05-20T21:58:29","slug":"le-thermometre-a-frole-les-490c-a-tozeur","status":"publish","type":"post","link":"https:\/\/www.webdo.tn\/fr\/actualite\/national\/le-thermometre-a-frole-les-490c-a-tozeur\/207161\/","title":{"rendered":"Le thermom\u00e8tre a fr\u00f4l\u00e9 les 49\u00b0C \u00e0 Tozeur !"},"content":{"rendered":"<p>Les temp\u00e9ratures restent largement au-dessus des normales saisonni\u00e8res en ce d\u00e9but de mois de juillet. La hausse de celles-ci se poursuivra pour d\u00e9passer les normales, de 6 \u00e0 10 degr\u00e9s.<\/p>\n<p>\t\t\t\t\t\t\t\t\tLes temp\u00e9ratures restent \u00e9lev\u00e9es, ce mardi 11 juillet 2023 et les maximales varieront entre 40 et 47 \u00b0C. Elles seront relativement moins fortes dans les r\u00e9gions c\u00f4ti\u00e8res o\u00f9 les maximales varieront entre 32 et 38 \u00b0C.<\/p>\n<p>En cette canicule, les temp\u00e9ratures poursuivent toujours leur tendance haussi\u00e8re, d\u00e9passant les normales pour cette p\u00e9riode, de 6 \u00e0 10 degr\u00e9s, a indiqu\u00e9 lundi 10 juillet, \u00e0 l&rsquo;Agence TAP, Olfa Guesmi, responsable au service des pr\u00e9visions \u00e0 l&rsquo;Institut National de la M\u00e9t\u00e9orologie (INM).<\/p>\n<p>Elle a r\u00e9v\u00e9l\u00e9 que les temp\u00e9ratures les plus \u00e9lev\u00e9es au cours des deux derniers jours ont \u00e9t\u00e9 enregistr\u00e9es dans le Sud-Ouest.<\/p>\n<p>Le gouvernorat de Tozeur a ainsi enregistr\u00e9 la deuxi\u00e8me temp\u00e9rature la plus \u00e9lev\u00e9e dans le monde, dimanche 9 juillet, avec 48,9\u00b0C se rapprochant de l&rsquo;ancien record enregistr\u00e9 au cours de l&rsquo;ann\u00e9e 2018, \u00e0 savoir 49,\u00b0C.<\/p>\n<p>Il est suivi du gouvernorat de Sidi Bouzid, avec 46,9\u00b0C, d\u00e9passant le pr\u00e9c\u00e9dent record enregistr\u00e9 en 2018, atteignant 47,6\u00b0C, et le gouvernorat de Gafsa qui maintient le pr\u00e9c\u00e9dent record enregistr\u00e9 en 2022, qui s&rsquo;\u00e9levait \u00e0 46,\u00b0C.<\/p>\n<p>Les temp\u00e9ratures devraient baisser progressivement \u00e0 partir de demain, mercredi 12 juillet, mais cette baisse concernera seulement les r\u00e9gions du Sud, puisque la hausse des temp\u00e9ratures se poursuivra dans le reste des r\u00e9gions, surtout dans les r\u00e9gions du Nord.<\/p>\n","protected":false},"excerpt":{"rendered":"<p>Les temp\u00e9ratures restent largement au-dessus des normales saisonni\u00e8res en ce d\u00e9but de mois de juillet. La hausse de celles-ci se poursuivra pour d\u00e9passer les no&#8230;<\/p>\n","protected":false},"author":3162,"featured_media":249789,"comment_status":"open","ping_status":"closed","sticky":false,"template":"","format":"standard","meta":{"footnotes":""},"categories":[44],"tags":[5930,3319,2670,2672,4284],"class_list":["post-207161","post","type-post","status-publish","format-standard","has-post-thumbnail","hentry","category-national","tag-canicule","tag-chaleur","tag-meteo","tag-temperatures","tag-tozeur"],"yoast_head":"<!-- This site is optimized with the Yoast SEO Premium plugin v27.4 (Yoast SEO v27.5) - https:\/\/yoast.com\/product\/yoast-seo-premium-wordpress\/ -->\n<title>Le thermom\u00e8tre a fr\u00f4l\u00e9 les 49\u00b0C \u00e0 Tozeur !<\/title>\n<meta name=\"description\" content=\"Les temp\u00e9ratures restent largement au-dessus des normales saisonni\u00e8res en ce d\u00e9but de mois de juillet. La hausse de celles-ci se poursuivra pour d\u00e9passer les no...\" \/>\n<link rel=\"canonical\" href=\"https:\/\/www.webdo.tn\/fr\/actualite\/national\/le-thermometre-a-frole-les-490c-a-tozeur\/207161\/\" \/>\n<meta property=\"og:locale\" content=\"fr_FR\" \/>\n<meta property=\"og:type\" content=\"article\" \/>\n<meta property=\"og:title\" content=\"Le thermom\u00e8tre a fr\u00f4l\u00e9 les 49\u00b0C \u00e0 Tozeur !\" \/>\n<meta property=\"og:description\" content=\"Les temp\u00e9ratures restent largement au-dessus des normales saisonni\u00e8res en ce d\u00e9but de mois de juillet. La hausse de celles-ci se poursuivra pour d\u00e9passer les no...\" \/>\n<meta property=\"og:url\" content=\"https:\/\/www.webdo.tn\/fr\/actualite\/national\/le-thermometre-a-frole-les-490c-a-tozeur\/207161\/\" \/>\n<meta property=\"og:site_name\" content=\"webdo\" \/>\n<meta property=\"article:publisher\" content=\"https:\/\/www.facebook.com\/webdotn\" \/>\n<meta property=\"article:published_time\" content=\"2023-07-11T09:10:00+00:00\" \/>\n<meta property=\"article:modified_time\" content=\"2025-05-20T21:58:29+00:00\" \/>\n<meta property=\"og:image\" content=\"https:\/\/www.webdo.tn\/fr\/wp-content\/uploads\/2023\/07\/ce3255428d981817656cd84c43fb8d3d.jpg\" \/>\n\t<meta property=\"og:image:width\" content=\"750\" \/>\n\t<meta property=\"og:image:height\" content=\"400\" \/>\n\t<meta property=\"og:image:type\" content=\"image\/jpeg\" \/>\n<meta name=\"author\" content=\"MC\" \/>\n<meta name=\"twitter:card\" content=\"summary_large_image\" \/>\n<meta name=\"twitter:creator\" content=\"@webdo_tn\" \/>\n<meta name=\"twitter:site\" content=\"@webdo_tn\" \/>\n<meta name=\"twitter:label1\" content=\"\u00c9crit par\" \/>\n\t<meta name=\"twitter:data1\" content=\"MC\" \/>\n\t<meta name=\"twitter:label2\" content=\"Dur\u00e9e de lecture estim\u00e9e\" \/>\n\t<meta name=\"twitter:data2\" content=\"1 minute\" \/>\n<script type=\"application\/ld+json\" class=\"yoast-schema-graph\">{\"@context\":\"https:\\\/\\\/schema.org\",\"@graph\":[{\"@type\":\"NewsArticle\",\"@id\":\"https:\\\/\\\/www.webdo.tn\\\/fr\\\/actualite\\\/national\\\/le-thermometre-a-frole-les-490c-a-tozeur\\\/207161\\\/#article\",\"isPartOf\":{\"@id\":\"https:\\\/\\\/www.webdo.tn\\\/fr\\\/actualite\\\/national\\\/le-thermometre-a-frole-les-490c-a-tozeur\\\/207161\\\/\"},\"author\":{\"name\":\"MC\",\"@id\":\"https:\\\/\\\/www.webdo.tn\\\/fr\\\/#\\\/schema\\\/person\\\/2c4929cbf5a809e3bd38617c6ce150f6\"},\"headline\":\"Le thermom\u00e8tre a fr\u00f4l\u00e9 les 49\u00b0C \u00e0 Tozeur !\",\"datePublished\":\"2023-07-11T09:10:00+00:00\",\"dateModified\":\"2025-05-20T21:58:29+00:00\",\"mainEntityOfPage\":{\"@id\":\"https:\\\/\\\/www.webdo.tn\\\/fr\\\/actualite\\\/national\\\/le-thermometre-a-frole-les-490c-a-tozeur\\\/207161\\\/\"},\"wordCount\":268,\"commentCount\":0,\"publisher\":{\"@id\":\"https:\\\/\\\/www.webdo.tn\\\/fr\\\/#organization\"},\"image\":{\"@id\":\"https:\\\/\\\/www.webdo.tn\\\/fr\\\/actualite\\\/national\\\/le-thermometre-a-frole-les-490c-a-tozeur\\\/207161\\\/#primaryimage\"},\"thumbnailUrl\":\"https:\\\/\\\/www.webdo.tn\\\/fr\\\/wp-content\\\/uploads\\\/2023\\\/07\\\/ce3255428d981817656cd84c43fb8d3d.jpg\",\"keywords\":[\"Canicule\",\"chaleur\",\"m\u00e9t\u00e9o\",\"temp\u00e9ratures\",\"tozeur\"],\"articleSection\":[\"National\"],\"inLanguage\":\"fr-FR\"},{\"@type\":\"WebPage\",\"@id\":\"https:\\\/\\\/www.webdo.tn\\\/fr\\\/actualite\\\/national\\\/le-thermometre-a-frole-les-490c-a-tozeur\\\/207161\\\/\",\"url\":\"https:\\\/\\\/www.webdo.tn\\\/fr\\\/actualite\\\/national\\\/le-thermometre-a-frole-les-490c-a-tozeur\\\/207161\\\/\",\"name\":\"Le thermom\u00e8tre a fr\u00f4l\u00e9 les 49\u00b0C \u00e0 Tozeur !\",\"isPartOf\":{\"@id\":\"https:\\\/\\\/www.webdo.tn\\\/fr\\\/#website\"},\"primaryImageOfPage\":{\"@id\":\"https:\\\/\\\/www.webdo.tn\\\/fr\\\/actualite\\\/national\\\/le-thermometre-a-frole-les-490c-a-tozeur\\\/207161\\\/#primaryimage\"},\"image\":{\"@id\":\"https:\\\/\\\/www.webdo.tn\\\/fr\\\/actualite\\\/national\\\/le-thermometre-a-frole-les-490c-a-tozeur\\\/207161\\\/#primaryimage\"},\"thumbnailUrl\":\"https:\\\/\\\/www.webdo.tn\\\/fr\\\/wp-content\\\/uploads\\\/2023\\\/07\\\/ce3255428d981817656cd84c43fb8d3d.jpg\",\"datePublished\":\"2023-07-11T09:10:00+00:00\",\"dateModified\":\"2025-05-20T21:58:29+00:00\",\"description\":\"Les temp\u00e9ratures restent largement au-dessus des normales saisonni\u00e8res en ce d\u00e9but de mois de juillet. La hausse de celles-ci se poursuivra pour d\u00e9passer les no...\",\"breadcrumb\":{\"@id\":\"https:\\\/\\\/www.webdo.tn\\\/fr\\\/actualite\\\/national\\\/le-thermometre-a-frole-les-490c-a-tozeur\\\/207161\\\/#breadcrumb\"},\"inLanguage\":\"fr-FR\",\"potentialAction\":[{\"@type\":\"ReadAction\",\"target\":[\"https:\\\/\\\/www.webdo.tn\\\/fr\\\/actualite\\\/national\\\/le-thermometre-a-frole-les-490c-a-tozeur\\\/207161\\\/\"]}]},{\"@type\":\"ImageObject\",\"inLanguage\":\"fr-FR\",\"@id\":\"https:\\\/\\\/www.webdo.tn\\\/fr\\\/actualite\\\/national\\\/le-thermometre-a-frole-les-490c-a-tozeur\\\/207161\\\/#primaryimage\",\"url\":\"https:\\\/\\\/www.webdo.tn\\\/fr\\\/wp-content\\\/uploads\\\/2023\\\/07\\\/ce3255428d981817656cd84c43fb8d3d.jpg\",\"contentUrl\":\"https:\\\/\\\/www.webdo.tn\\\/fr\\\/wp-content\\\/uploads\\\/2023\\\/07\\\/ce3255428d981817656cd84c43fb8d3d.jpg\",\"width\":750,\"height\":400,\"caption\":\"Le thermom\u00e8tre a fr\u00f4l\u00e9 les 49\u00b0C \u00e0 Tozeur !\"},{\"@type\":\"BreadcrumbList\",\"@id\":\"https:\\\/\\\/www.webdo.tn\\\/fr\\\/actualite\\\/national\\\/le-thermometre-a-frole-les-490c-a-tozeur\\\/207161\\\/#breadcrumb\",\"itemListElement\":[{\"@type\":\"ListItem\",\"position\":1,\"name\":\"Accueil\",\"item\":\"https:\\\/\\\/www.webdo.tn\\\/fr\\\/\"},{\"@type\":\"ListItem\",\"position\":2,\"name\":\"Le thermom\u00e8tre a fr\u00f4l\u00e9 les 49\u00b0C \u00e0 Tozeur !\"}]},{\"@type\":\"WebSite\",\"@id\":\"https:\\\/\\\/www.webdo.tn\\\/fr\\\/#website\",\"url\":\"https:\\\/\\\/www.webdo.tn\\\/fr\\\/\",\"name\":\"webdo\",\"description\":\"Tunisie - News en Tunisie et \u00e0 l&#039;international sur Webdo.tn\",\"publisher\":{\"@id\":\"https:\\\/\\\/www.webdo.tn\\\/fr\\\/#organization\"},\"potentialAction\":[{\"@type\":\"SearchAction\",\"target\":{\"@type\":\"EntryPoint\",\"urlTemplate\":\"https:\\\/\\\/www.webdo.tn\\\/fr\\\/?s={search_term_string}\"},\"query-input\":{\"@type\":\"PropertyValueSpecification\",\"valueRequired\":true,\"valueName\":\"search_term_string\"}}],\"inLanguage\":\"fr-FR\"},{\"@type\":\"Organization\",\"@id\":\"https:\\\/\\\/www.webdo.tn\\\/fr\\\/#organization\",\"name\":\"Webdo\",\"alternateName\":\"Webdo.tn\",\"url\":\"https:\\\/\\\/www.webdo.tn\\\/fr\\\/\",\"logo\":{\"@type\":\"ImageObject\",\"inLanguage\":\"fr-FR\",\"@id\":\"https:\\\/\\\/www.webdo.tn\\\/fr\\\/#\\\/schema\\\/logo\\\/image\\\/\",\"url\":\"https:\\\/\\\/www.webdo.tn\\\/fr\\\/wp-content\\\/uploads\\\/2025\\\/06\\\/Webdo-Tunisie_168377.jpg\",\"contentUrl\":\"https:\\\/\\\/www.webdo.tn\\\/fr\\\/wp-content\\\/uploads\\\/2025\\\/06\\\/Webdo-Tunisie_168377.jpg\",\"width\":301,\"height\":301,\"caption\":\"Webdo\"},\"image\":{\"@id\":\"https:\\\/\\\/www.webdo.tn\\\/fr\\\/#\\\/schema\\\/logo\\\/image\\\/\"},\"sameAs\":[\"https:\\\/\\\/www.facebook.com\\\/webdotn\",\"https:\\\/\\\/x.com\\\/webdo_tn\"],\"description\":\"Webdo est un m\u00e9dia num\u00e9rique tunisien fond\u00e9 en 2010, sp\u00e9cialis\u00e9 dans l\u2019actualit\u00e9 nationale et internationale, l\u2019\u00e9conomie, la soci\u00e9t\u00e9 et les analyses politiques. Le site s\u2019adresse \u00e0 un large public francophone et couvre l\u2019information tunisienne en temps r\u00e9el.\",\"email\":\"redac@webdo.tn\",\"legalName\":\"YNJ SARL\",\"foundingDate\":\"2010-09-06\",\"numberOfEmployees\":{\"@type\":\"QuantitativeValue\",\"minValue\":\"11\",\"maxValue\":\"50\"}},{\"@type\":\"Person\",\"@id\":\"https:\\\/\\\/www.webdo.tn\\\/fr\\\/#\\\/schema\\\/person\\\/2c4929cbf5a809e3bd38617c6ce150f6\",\"name\":\"MC\",\"image\":{\"@type\":\"ImageObject\",\"inLanguage\":\"fr-FR\",\"@id\":\"https:\\\/\\\/secure.gravatar.com\\\/avatar\\\/a545bbb6f84efdd5553dbbc2895e3ca8f1d12c5215e00a041c9670b54aa9b18a?s=96&d=mm&r=g\",\"url\":\"https:\\\/\\\/secure.gravatar.com\\\/avatar\\\/a545bbb6f84efdd5553dbbc2895e3ca8f1d12c5215e00a041c9670b54aa9b18a?s=96&d=mm&r=g\",\"contentUrl\":\"https:\\\/\\\/secure.gravatar.com\\\/avatar\\\/a545bbb6f84efdd5553dbbc2895e3ca8f1d12c5215e00a041c9670b54aa9b18a?s=96&d=mm&r=g\",\"caption\":\"MC\"},\"url\":\"https:\\\/\\\/www.webdo.tn\\\/fr\\\/actualite\\\/author\\\/mc\\\/\"}]}<\/script>\n<!-- \/ Yoast SEO Premium plugin. -->","yoast_head_json":{"title":"Le thermom\u00e8tre a fr\u00f4l\u00e9 les 49\u00b0C \u00e0 Tozeur !","description":"Les temp\u00e9ratures restent largement au-dessus des normales saisonni\u00e8res en ce d\u00e9but de mois de juillet. La hausse de celles-ci se poursuivra pour d\u00e9passer les no...","canonical":"https:\/\/www.webdo.tn\/fr\/actualite\/national\/le-thermometre-a-frole-les-490c-a-tozeur\/207161\/","og_locale":"fr_FR","og_type":"article","og_title":"Le thermom\u00e8tre a fr\u00f4l\u00e9 les 49\u00b0C \u00e0 Tozeur !","og_description":"Les temp\u00e9ratures restent largement au-dessus des normales saisonni\u00e8res en ce d\u00e9but de mois de juillet. La hausse de celles-ci se poursuivra pour d\u00e9passer les no...","og_url":"https:\/\/www.webdo.tn\/fr\/actualite\/national\/le-thermometre-a-frole-les-490c-a-tozeur\/207161\/","og_site_name":"webdo","article_publisher":"https:\/\/www.facebook.com\/webdotn","article_published_time":"2023-07-11T09:10:00+00:00","article_modified_time":"2025-05-20T21:58:29+00:00","og_image":[{"width":750,"height":400,"url":"https:\/\/www.webdo.tn\/fr\/wp-content\/uploads\/2023\/07\/ce3255428d981817656cd84c43fb8d3d.jpg","type":"image\/jpeg"}],"author":"MC","twitter_card":"summary_large_image","twitter_creator":"@webdo_tn","twitter_site":"@webdo_tn","twitter_misc":{"\u00c9crit par":"MC","Dur\u00e9e de lecture estim\u00e9e":"1 minute"},"schema":{"@context":"https:\/\/schema.org","@graph":[{"@type":"NewsArticle","@id":"https:\/\/www.webdo.tn\/fr\/actualite\/national\/le-thermometre-a-frole-les-490c-a-tozeur\/207161\/#article","isPartOf":{"@id":"https:\/\/www.webdo.tn\/fr\/actualite\/national\/le-thermometre-a-frole-les-490c-a-tozeur\/207161\/"},"author":{"name":"MC","@id":"https:\/\/www.webdo.tn\/fr\/#\/schema\/person\/2c4929cbf5a809e3bd38617c6ce150f6"},"headline":"Le thermom\u00e8tre a fr\u00f4l\u00e9 les 49\u00b0C \u00e0 Tozeur !","datePublished":"2023-07-11T09:10:00+00:00","dateModified":"2025-05-20T21:58:29+00:00","mainEntityOfPage":{"@id":"https:\/\/www.webdo.tn\/fr\/actualite\/national\/le-thermometre-a-frole-les-490c-a-tozeur\/207161\/"},"wordCount":268,"commentCount":0,"publisher":{"@id":"https:\/\/www.webdo.tn\/fr\/#organization"},"image":{"@id":"https:\/\/www.webdo.tn\/fr\/actualite\/national\/le-thermometre-a-frole-les-490c-a-tozeur\/207161\/#primaryimage"},"thumbnailUrl":"https:\/\/www.webdo.tn\/fr\/wp-content\/uploads\/2023\/07\/ce3255428d981817656cd84c43fb8d3d.jpg","keywords":["Canicule","chaleur","m\u00e9t\u00e9o","temp\u00e9ratures","tozeur"],"articleSection":["National"],"inLanguage":"fr-FR"},{"@type":"WebPage","@id":"https:\/\/www.webdo.tn\/fr\/actualite\/national\/le-thermometre-a-frole-les-490c-a-tozeur\/207161\/","url":"https:\/\/www.webdo.tn\/fr\/actualite\/national\/le-thermometre-a-frole-les-490c-a-tozeur\/207161\/","name":"Le thermom\u00e8tre a fr\u00f4l\u00e9 les 49\u00b0C \u00e0 Tozeur !","isPartOf":{"@id":"https:\/\/www.webdo.tn\/fr\/#website"},"primaryImageOfPage":{"@id":"https:\/\/www.webdo.tn\/fr\/actualite\/national\/le-thermometre-a-frole-les-490c-a-tozeur\/207161\/#primaryimage"},"image":{"@id":"https:\/\/www.webdo.tn\/fr\/actualite\/national\/le-thermometre-a-frole-les-490c-a-tozeur\/207161\/#primaryimage"},"thumbnailUrl":"https:\/\/www.webdo.tn\/fr\/wp-content\/uploads\/2023\/07\/ce3255428d981817656cd84c43fb8d3d.jpg","datePublished":"2023-07-11T09:10:00+00:00","dateModified":"2025-05-20T21:58:29+00:00","description":"Les temp\u00e9ratures restent largement au-dessus des normales saisonni\u00e8res en ce d\u00e9but de mois de juillet. La hausse de celles-ci se poursuivra pour d\u00e9passer les no...","breadcrumb":{"@id":"https:\/\/www.webdo.tn\/fr\/actualite\/national\/le-thermometre-a-frole-les-490c-a-tozeur\/207161\/#breadcrumb"},"inLanguage":"fr-FR","potentialAction":[{"@type":"ReadAction","target":["https:\/\/www.webdo.tn\/fr\/actualite\/national\/le-thermometre-a-frole-les-490c-a-tozeur\/207161\/"]}]},{"@type":"ImageObject","inLanguage":"fr-FR","@id":"https:\/\/www.webdo.tn\/fr\/actualite\/national\/le-thermometre-a-frole-les-490c-a-tozeur\/207161\/#primaryimage","url":"https:\/\/www.webdo.tn\/fr\/wp-content\/uploads\/2023\/07\/ce3255428d981817656cd84c43fb8d3d.jpg","contentUrl":"https:\/\/www.webdo.tn\/fr\/wp-content\/uploads\/2023\/07\/ce3255428d981817656cd84c43fb8d3d.jpg","width":750,"height":400,"caption":"Le thermom\u00e8tre a fr\u00f4l\u00e9 les 49\u00b0C \u00e0 Tozeur !"},{"@type":"BreadcrumbList","@id":"https:\/\/www.webdo.tn\/fr\/actualite\/national\/le-thermometre-a-frole-les-490c-a-tozeur\/207161\/#breadcrumb","itemListElement":[{"@type":"ListItem","position":1,"name":"Accueil","item":"https:\/\/www.webdo.tn\/fr\/"},{"@type":"ListItem","position":2,"name":"Le thermom\u00e8tre a fr\u00f4l\u00e9 les 49\u00b0C \u00e0 Tozeur !"}]},{"@type":"WebSite","@id":"https:\/\/www.webdo.tn\/fr\/#website","url":"https:\/\/www.webdo.tn\/fr\/","name":"webdo","description":"Tunisie - News en Tunisie et \u00e0 l&#039;international sur Webdo.tn","publisher":{"@id":"https:\/\/www.webdo.tn\/fr\/#organization"},"potentialAction":[{"@type":"SearchAction","target":{"@type":"EntryPoint","urlTemplate":"https:\/\/www.webdo.tn\/fr\/?s={search_term_string}"},"query-input":{"@type":"PropertyValueSpecification","valueRequired":true,"valueName":"search_term_string"}}],"inLanguage":"fr-FR"},{"@type":"Organization","@id":"https:\/\/www.webdo.tn\/fr\/#organization","name":"Webdo","alternateName":"Webdo.tn","url":"https:\/\/www.webdo.tn\/fr\/","logo":{"@type":"ImageObject","inLanguage":"fr-FR","@id":"https:\/\/www.webdo.tn\/fr\/#\/schema\/logo\/image\/","url":"https:\/\/www.webdo.tn\/fr\/wp-content\/uploads\/2025\/06\/Webdo-Tunisie_168377.jpg","contentUrl":"https:\/\/www.webdo.tn\/fr\/wp-content\/uploads\/2025\/06\/Webdo-Tunisie_168377.jpg","width":301,"height":301,"caption":"Webdo"},"image":{"@id":"https:\/\/www.webdo.tn\/fr\/#\/schema\/logo\/image\/"},"sameAs":["https:\/\/www.facebook.com\/webdotn","https:\/\/x.com\/webdo_tn"],"description":"Webdo est un m\u00e9dia num\u00e9rique tunisien fond\u00e9 en 2010, sp\u00e9cialis\u00e9 dans l\u2019actualit\u00e9 nationale et internationale, l\u2019\u00e9conomie, la soci\u00e9t\u00e9 et les analyses politiques. Le site s\u2019adresse \u00e0 un large public francophone et couvre l\u2019information tunisienne en temps r\u00e9el.","email":"redac@webdo.tn","legalName":"YNJ SARL","foundingDate":"2010-09-06","numberOfEmployees":{"@type":"QuantitativeValue","minValue":"11","maxValue":"50"}},{"@type":"Person","@id":"https:\/\/www.webdo.tn\/fr\/#\/schema\/person\/2c4929cbf5a809e3bd38617c6ce150f6","name":"MC","image":{"@type":"ImageObject","inLanguage":"fr-FR","@id":"https:\/\/secure.gravatar.com\/avatar\/a545bbb6f84efdd5553dbbc2895e3ca8f1d12c5215e00a041c9670b54aa9b18a?s=96&d=mm&r=g","url":"https:\/\/secure.gravatar.com\/avatar\/a545bbb6f84efdd5553dbbc2895e3ca8f1d12c5215e00a041c9670b54aa9b18a?s=96&d=mm&r=g","contentUrl":"https:\/\/secure.gravatar.com\/avatar\/a545bbb6f84efdd5553dbbc2895e3ca8f1d12c5215e00a041c9670b54aa9b18a?s=96&d=mm&r=g","caption":"MC"},"url":"https:\/\/www.webdo.tn\/fr\/actualite\/author\/mc\/"}]}},"_links":{"self":[{"href":"https:\/\/www.webdo.tn\/fr\/wp-json\/wp\/v2\/posts\/207161","targetHints":{"allow":["GET"]}}],"collection":[{"href":"https:\/\/www.webdo.tn\/fr\/wp-json\/wp\/v2\/posts"}],"about":[{"href":"https:\/\/www.webdo.tn\/fr\/wp-json\/wp\/v2\/types\/post"}],"author":[{"embeddable":true,"href":"https:\/\/www.webdo.tn\/fr\/wp-json\/wp\/v2\/users\/3162"}],"replies":[{"embeddable":true,"href":"https:\/\/www.webdo.tn\/fr\/wp-json\/wp\/v2\/comments?post=207161"}],"version-history":[{"count":0,"href":"https:\/\/www.webdo.tn\/fr\/wp-json\/wp\/v2\/posts\/207161\/revisions"}],"wp:featuredmedia":[{"embeddable":true,"href":"https:\/\/www.webdo.tn\/fr\/wp-json\/wp\/v2\/media\/249789"}],"wp:attachment":[{"href":"https:\/\/www.webdo.tn\/fr\/wp-json\/wp\/v2\/media?parent=207161"}],"wp:term":[{"taxonomy":"category","embeddable":true,"href":"https:\/\/www.webdo.tn\/fr\/wp-json\/wp\/v2\/categories?post=207161"},{"taxonomy":"post_tag","embeddable":true,"href":"https:\/\/www.webdo.tn\/fr\/wp-json\/wp\/v2\/tags?post=207161"}],"curies":[{"name":"wp","href":"https:\/\/api.w.org\/{rel}","templated":true}]}}