{"id":207159,"date":"2023-07-11T08:43:00","date_gmt":"2023-07-11T08:43:00","guid":{"rendered":"https:\/\/www.webdo.tn\/fr\/blog\/le-president-kais-saied-se-penche-sur-le-mouvement-judiciaire\/207159\/"},"modified":"2025-05-20T21:58:28","modified_gmt":"2025-05-20T21:58:28","slug":"le-president-kais-saied-se-penche-sur-le-mouvement-judiciaire","status":"publish","type":"post","link":"https:\/\/www.webdo.tn\/fr\/actualite\/national\/le-president-kais-saied-se-penche-sur-le-mouvement-judiciaire\/207159\/","title":{"rendered":"Le pr\u00e9sident Kais Saied se penche sur le mouvement judiciaire"},"content":{"rendered":"<p>Le pr\u00e9sident de la R\u00e9publique, Kais Saied, a re\u00e7u, ce lundi 10 juillet 2023, au Palais de Carthage, le pr\u00e9sident du Conseil sup\u00e9rieur provisoire de la magistrature (CSM), Moncef Kchaou.<\/p>\n<p>\t\t\t\t\t\t\t\t\tLors de leur entrevue, la question du mouvement judiciaire de l&rsquo;ann\u00e9e prochaine a \u00e9t\u00e9 \u00e9voqu\u00e9e avec la n\u00e9cessit\u00e9 de l&rsquo;annoncer dans les plus brefs d\u00e9lais.<\/p>\n<p>Le chef de l&rsquo;Etat a, par ailleurs soulign\u00e9 le r\u00f4le crucial que joue la justice dans cette \u00e9preuve que conna\u00eet le pays actuellement, rapporte un communiqu\u00e9 de la Pr\u00e9sidence de la R\u00e9publique, soulignant que \u00ab\u00a0des parties cherchent \u00e0 raviver les tensions sociales, que ce soit par la voie de la sp\u00e9culation ou de la p\u00e9nurie des mati\u00e8res premi\u00e8res ou encore par les coupures d&rsquo;eaux potable \u00ab\u00a0sous pr\u00e9texte des op\u00e9rations r\u00e9guli\u00e8res de maintenance\u00a0\u00bb.<\/p>\n<p>Le pr\u00e9sident Sa\u00efed a, dans ce contexte, averti que ces derniers \u0153uvrent quotidiennement \u00e0 pers\u00e9cuter le peuple tunisien afin de semer le chaos pour pouvoir \u00e9chapper \u00e0 la justice et revenir au pouvoir.<\/p>\n","protected":false},"excerpt":{"rendered":"<p>Le pr\u00e9sident de la R\u00e9publique, Kais Saied, a re\u00e7u, ce lundi 10 juillet 2023, au Palais de Carthage, le pr\u00e9sident du Conseil sup\u00e9rieur provisoire de la magistrat&#8230;<\/p>\n","protected":false},"author":3162,"featured_media":249785,"comment_status":"open","ping_status":"closed","sticky":false,"template":"","format":"standard","meta":{"footnotes":""},"categories":[44],"tags":[8210,2619,2614,8048],"class_list":["post-207159","post","type-post","status-publish","format-standard","has-post-thumbnail","hentry","category-national","tag-csm","tag-justice","tag-kais-saied","tag-mouvement-judiciaire"],"yoast_head":"<!-- This site is optimized with the Yoast SEO Premium plugin v27.5 (Yoast SEO v27.5) - https:\/\/yoast.com\/product\/yoast-seo-premium-wordpress\/ -->\n<title>Le pr\u00e9sident Kais Saied se penche sur le mouvement judiciaire<\/title>\n<meta name=\"description\" content=\"Le pr\u00e9sident de la R\u00e9publique, Kais Saied, a re\u00e7u, ce lundi 10 juillet 2023, au Palais de Carthage, le pr\u00e9sident du Conseil sup\u00e9rieur provisoire de la magistrat...\" \/>\n<link rel=\"canonical\" href=\"https:\/\/www.webdo.tn\/fr\/actualite\/national\/le-president-kais-saied-se-penche-sur-le-mouvement-judiciaire\/207159\/\" \/>\n<meta property=\"og:locale\" content=\"fr_FR\" \/>\n<meta property=\"og:type\" content=\"article\" \/>\n<meta property=\"og:title\" content=\"Le pr\u00e9sident Kais Saied se penche sur le mouvement judiciaire\" \/>\n<meta property=\"og:description\" content=\"Le pr\u00e9sident de la R\u00e9publique, Kais Saied, a re\u00e7u, ce lundi 10 juillet 2023, au Palais de Carthage, le pr\u00e9sident du Conseil sup\u00e9rieur provisoire de la magistrat...\" \/>\n<meta property=\"og:url\" content=\"https:\/\/www.webdo.tn\/fr\/actualite\/national\/le-president-kais-saied-se-penche-sur-le-mouvement-judiciaire\/207159\/\" \/>\n<meta property=\"og:site_name\" content=\"webdo\" \/>\n<meta property=\"article:publisher\" content=\"https:\/\/www.facebook.com\/webdotn\" \/>\n<meta property=\"article:published_time\" content=\"2023-07-11T08:43:00+00:00\" \/>\n<meta property=\"article:modified_time\" content=\"2025-05-20T21:58:28+00:00\" \/>\n<meta property=\"og:image\" content=\"https:\/\/www.webdo.tn\/fr\/wp-content\/uploads\/2023\/07\/752e45cff7091ff22b51df516d571d31.jpg\" \/>\n\t<meta property=\"og:image:width\" content=\"750\" \/>\n\t<meta property=\"og:image:height\" content=\"400\" \/>\n\t<meta property=\"og:image:type\" content=\"image\/jpeg\" \/>\n<meta name=\"author\" content=\"MC\" \/>\n<meta name=\"twitter:card\" content=\"summary_large_image\" \/>\n<meta name=\"twitter:creator\" content=\"@webdo_tn\" \/>\n<meta name=\"twitter:site\" content=\"@webdo_tn\" \/>\n<meta name=\"twitter:label1\" content=\"\u00c9crit par\" \/>\n\t<meta name=\"twitter:data1\" content=\"MC\" \/>\n\t<meta name=\"twitter:label2\" content=\"Dur\u00e9e de lecture estim\u00e9e\" \/>\n\t<meta name=\"twitter:data2\" content=\"1 minute\" \/>\n<script type=\"application\/ld+json\" class=\"yoast-schema-graph\">{\"@context\":\"https:\\\/\\\/schema.org\",\"@graph\":[{\"@type\":\"NewsArticle\",\"@id\":\"https:\\\/\\\/www.webdo.tn\\\/fr\\\/actualite\\\/national\\\/le-president-kais-saied-se-penche-sur-le-mouvement-judiciaire\\\/207159\\\/#article\",\"isPartOf\":{\"@id\":\"https:\\\/\\\/www.webdo.tn\\\/fr\\\/actualite\\\/national\\\/le-president-kais-saied-se-penche-sur-le-mouvement-judiciaire\\\/207159\\\/\"},\"author\":{\"name\":\"MC\",\"@id\":\"https:\\\/\\\/www.webdo.tn\\\/fr\\\/#\\\/schema\\\/person\\\/2c4929cbf5a809e3bd38617c6ce150f6\"},\"headline\":\"Le pr\u00e9sident Kais Saied se penche sur le mouvement judiciaire\",\"datePublished\":\"2023-07-11T08:43:00+00:00\",\"dateModified\":\"2025-05-20T21:58:28+00:00\",\"mainEntityOfPage\":{\"@id\":\"https:\\\/\\\/www.webdo.tn\\\/fr\\\/actualite\\\/national\\\/le-president-kais-saied-se-penche-sur-le-mouvement-judiciaire\\\/207159\\\/\"},\"wordCount\":194,\"commentCount\":0,\"publisher\":{\"@id\":\"https:\\\/\\\/www.webdo.tn\\\/fr\\\/#organization\"},\"image\":{\"@id\":\"https:\\\/\\\/www.webdo.tn\\\/fr\\\/actualite\\\/national\\\/le-president-kais-saied-se-penche-sur-le-mouvement-judiciaire\\\/207159\\\/#primaryimage\"},\"thumbnailUrl\":\"https:\\\/\\\/www.webdo.tn\\\/fr\\\/wp-content\\\/uploads\\\/2023\\\/07\\\/752e45cff7091ff22b51df516d571d31.jpg\",\"keywords\":[\"CSM\",\"justice\",\"Kais Saied\",\"mouvement judiciaire\"],\"articleSection\":[\"National\"],\"inLanguage\":\"fr-FR\"},{\"@type\":\"WebPage\",\"@id\":\"https:\\\/\\\/www.webdo.tn\\\/fr\\\/actualite\\\/national\\\/le-president-kais-saied-se-penche-sur-le-mouvement-judiciaire\\\/207159\\\/\",\"url\":\"https:\\\/\\\/www.webdo.tn\\\/fr\\\/actualite\\\/national\\\/le-president-kais-saied-se-penche-sur-le-mouvement-judiciaire\\\/207159\\\/\",\"name\":\"Le pr\u00e9sident Kais Saied se penche sur le mouvement judiciaire\",\"isPartOf\":{\"@id\":\"https:\\\/\\\/www.webdo.tn\\\/fr\\\/#website\"},\"primaryImageOfPage\":{\"@id\":\"https:\\\/\\\/www.webdo.tn\\\/fr\\\/actualite\\\/national\\\/le-president-kais-saied-se-penche-sur-le-mouvement-judiciaire\\\/207159\\\/#primaryimage\"},\"image\":{\"@id\":\"https:\\\/\\\/www.webdo.tn\\\/fr\\\/actualite\\\/national\\\/le-president-kais-saied-se-penche-sur-le-mouvement-judiciaire\\\/207159\\\/#primaryimage\"},\"thumbnailUrl\":\"https:\\\/\\\/www.webdo.tn\\\/fr\\\/wp-content\\\/uploads\\\/2023\\\/07\\\/752e45cff7091ff22b51df516d571d31.jpg\",\"datePublished\":\"2023-07-11T08:43:00+00:00\",\"dateModified\":\"2025-05-20T21:58:28+00:00\",\"description\":\"Le pr\u00e9sident de la R\u00e9publique, Kais Saied, a re\u00e7u, ce lundi 10 juillet 2023, au Palais de Carthage, le pr\u00e9sident du Conseil sup\u00e9rieur provisoire de la magistrat...\",\"breadcrumb\":{\"@id\":\"https:\\\/\\\/www.webdo.tn\\\/fr\\\/actualite\\\/national\\\/le-president-kais-saied-se-penche-sur-le-mouvement-judiciaire\\\/207159\\\/#breadcrumb\"},\"inLanguage\":\"fr-FR\",\"potentialAction\":[{\"@type\":\"ReadAction\",\"target\":[\"https:\\\/\\\/www.webdo.tn\\\/fr\\\/actualite\\\/national\\\/le-president-kais-saied-se-penche-sur-le-mouvement-judiciaire\\\/207159\\\/\"]}]},{\"@type\":\"ImageObject\",\"inLanguage\":\"fr-FR\",\"@id\":\"https:\\\/\\\/www.webdo.tn\\\/fr\\\/actualite\\\/national\\\/le-president-kais-saied-se-penche-sur-le-mouvement-judiciaire\\\/207159\\\/#primaryimage\",\"url\":\"https:\\\/\\\/www.webdo.tn\\\/fr\\\/wp-content\\\/uploads\\\/2023\\\/07\\\/752e45cff7091ff22b51df516d571d31.jpg\",\"contentUrl\":\"https:\\\/\\\/www.webdo.tn\\\/fr\\\/wp-content\\\/uploads\\\/2023\\\/07\\\/752e45cff7091ff22b51df516d571d31.jpg\",\"width\":750,\"height\":400,\"caption\":\"Le pr\u00e9sident Kais Saied se penche sur le mouvement judiciaire\"},{\"@type\":\"BreadcrumbList\",\"@id\":\"https:\\\/\\\/www.webdo.tn\\\/fr\\\/actualite\\\/national\\\/le-president-kais-saied-se-penche-sur-le-mouvement-judiciaire\\\/207159\\\/#breadcrumb\",\"itemListElement\":[{\"@type\":\"ListItem\",\"position\":1,\"name\":\"Accueil\",\"item\":\"https:\\\/\\\/www.webdo.tn\\\/fr\\\/\"},{\"@type\":\"ListItem\",\"position\":2,\"name\":\"Le pr\u00e9sident Kais Saied se penche sur le mouvement judiciaire\"}]},{\"@type\":\"WebSite\",\"@id\":\"https:\\\/\\\/www.webdo.tn\\\/fr\\\/#website\",\"url\":\"https:\\\/\\\/www.webdo.tn\\\/fr\\\/\",\"name\":\"webdo\",\"description\":\"Tunisie - News en Tunisie et \u00e0 l&#039;international sur Webdo.tn\",\"publisher\":{\"@id\":\"https:\\\/\\\/www.webdo.tn\\\/fr\\\/#organization\"},\"potentialAction\":[{\"@type\":\"SearchAction\",\"target\":{\"@type\":\"EntryPoint\",\"urlTemplate\":\"https:\\\/\\\/www.webdo.tn\\\/fr\\\/?s={search_term_string}\"},\"query-input\":{\"@type\":\"PropertyValueSpecification\",\"valueRequired\":true,\"valueName\":\"search_term_string\"}}],\"inLanguage\":\"fr-FR\"},{\"@type\":\"Organization\",\"@id\":\"https:\\\/\\\/www.webdo.tn\\\/fr\\\/#organization\",\"name\":\"Webdo\",\"alternateName\":\"Webdo.tn\",\"url\":\"https:\\\/\\\/www.webdo.tn\\\/fr\\\/\",\"logo\":{\"@type\":\"ImageObject\",\"inLanguage\":\"fr-FR\",\"@id\":\"https:\\\/\\\/www.webdo.tn\\\/fr\\\/#\\\/schema\\\/logo\\\/image\\\/\",\"url\":\"https:\\\/\\\/www.webdo.tn\\\/fr\\\/wp-content\\\/uploads\\\/2025\\\/06\\\/Webdo-Tunisie_168377.jpg\",\"contentUrl\":\"https:\\\/\\\/www.webdo.tn\\\/fr\\\/wp-content\\\/uploads\\\/2025\\\/06\\\/Webdo-Tunisie_168377.jpg\",\"width\":301,\"height\":301,\"caption\":\"Webdo\"},\"image\":{\"@id\":\"https:\\\/\\\/www.webdo.tn\\\/fr\\\/#\\\/schema\\\/logo\\\/image\\\/\"},\"sameAs\":[\"https:\\\/\\\/www.facebook.com\\\/webdotn\",\"https:\\\/\\\/x.com\\\/webdo_tn\"],\"description\":\"Webdo est un m\u00e9dia num\u00e9rique tunisien fond\u00e9 en 2010, sp\u00e9cialis\u00e9 dans l\u2019actualit\u00e9 nationale et internationale, l\u2019\u00e9conomie, la soci\u00e9t\u00e9 et les analyses politiques. Le site s\u2019adresse \u00e0 un large public francophone et couvre l\u2019information tunisienne en temps r\u00e9el.\",\"email\":\"redac@webdo.tn\",\"legalName\":\"YNJ SARL\",\"foundingDate\":\"2010-09-06\",\"numberOfEmployees\":{\"@type\":\"QuantitativeValue\",\"minValue\":\"11\",\"maxValue\":\"50\"}},{\"@type\":\"Person\",\"@id\":\"https:\\\/\\\/www.webdo.tn\\\/fr\\\/#\\\/schema\\\/person\\\/2c4929cbf5a809e3bd38617c6ce150f6\",\"name\":\"MC\",\"image\":{\"@type\":\"ImageObject\",\"inLanguage\":\"fr-FR\",\"@id\":\"https:\\\/\\\/secure.gravatar.com\\\/avatar\\\/a545bbb6f84efdd5553dbbc2895e3ca8f1d12c5215e00a041c9670b54aa9b18a?s=96&d=mm&r=g\",\"url\":\"https:\\\/\\\/secure.gravatar.com\\\/avatar\\\/a545bbb6f84efdd5553dbbc2895e3ca8f1d12c5215e00a041c9670b54aa9b18a?s=96&d=mm&r=g\",\"contentUrl\":\"https:\\\/\\\/secure.gravatar.com\\\/avatar\\\/a545bbb6f84efdd5553dbbc2895e3ca8f1d12c5215e00a041c9670b54aa9b18a?s=96&d=mm&r=g\",\"caption\":\"MC\"},\"url\":\"https:\\\/\\\/www.webdo.tn\\\/fr\\\/actualite\\\/author\\\/mc\\\/\"}]}<\/script>\n<!-- \/ Yoast SEO Premium plugin. -->","yoast_head_json":{"title":"Le pr\u00e9sident Kais Saied se penche sur le mouvement judiciaire","description":"Le pr\u00e9sident de la R\u00e9publique, Kais Saied, a re\u00e7u, ce lundi 10 juillet 2023, au Palais de Carthage, le pr\u00e9sident du Conseil sup\u00e9rieur provisoire de la magistrat...","canonical":"https:\/\/www.webdo.tn\/fr\/actualite\/national\/le-president-kais-saied-se-penche-sur-le-mouvement-judiciaire\/207159\/","og_locale":"fr_FR","og_type":"article","og_title":"Le pr\u00e9sident Kais Saied se penche sur le mouvement judiciaire","og_description":"Le pr\u00e9sident de la R\u00e9publique, Kais Saied, a re\u00e7u, ce lundi 10 juillet 2023, au Palais de Carthage, le pr\u00e9sident du Conseil sup\u00e9rieur provisoire de la magistrat...","og_url":"https:\/\/www.webdo.tn\/fr\/actualite\/national\/le-president-kais-saied-se-penche-sur-le-mouvement-judiciaire\/207159\/","og_site_name":"webdo","article_publisher":"https:\/\/www.facebook.com\/webdotn","article_published_time":"2023-07-11T08:43:00+00:00","article_modified_time":"2025-05-20T21:58:28+00:00","og_image":[{"width":750,"height":400,"url":"https:\/\/www.webdo.tn\/fr\/wp-content\/uploads\/2023\/07\/752e45cff7091ff22b51df516d571d31.jpg","type":"image\/jpeg"}],"author":"MC","twitter_card":"summary_large_image","twitter_creator":"@webdo_tn","twitter_site":"@webdo_tn","twitter_misc":{"\u00c9crit par":"MC","Dur\u00e9e de lecture estim\u00e9e":"1 minute"},"schema":{"@context":"https:\/\/schema.org","@graph":[{"@type":"NewsArticle","@id":"https:\/\/www.webdo.tn\/fr\/actualite\/national\/le-president-kais-saied-se-penche-sur-le-mouvement-judiciaire\/207159\/#article","isPartOf":{"@id":"https:\/\/www.webdo.tn\/fr\/actualite\/national\/le-president-kais-saied-se-penche-sur-le-mouvement-judiciaire\/207159\/"},"author":{"name":"MC","@id":"https:\/\/www.webdo.tn\/fr\/#\/schema\/person\/2c4929cbf5a809e3bd38617c6ce150f6"},"headline":"Le pr\u00e9sident Kais Saied se penche sur le mouvement judiciaire","datePublished":"2023-07-11T08:43:00+00:00","dateModified":"2025-05-20T21:58:28+00:00","mainEntityOfPage":{"@id":"https:\/\/www.webdo.tn\/fr\/actualite\/national\/le-president-kais-saied-se-penche-sur-le-mouvement-judiciaire\/207159\/"},"wordCount":194,"commentCount":0,"publisher":{"@id":"https:\/\/www.webdo.tn\/fr\/#organization"},"image":{"@id":"https:\/\/www.webdo.tn\/fr\/actualite\/national\/le-president-kais-saied-se-penche-sur-le-mouvement-judiciaire\/207159\/#primaryimage"},"thumbnailUrl":"https:\/\/www.webdo.tn\/fr\/wp-content\/uploads\/2023\/07\/752e45cff7091ff22b51df516d571d31.jpg","keywords":["CSM","justice","Kais Saied","mouvement judiciaire"],"articleSection":["National"],"inLanguage":"fr-FR"},{"@type":"WebPage","@id":"https:\/\/www.webdo.tn\/fr\/actualite\/national\/le-president-kais-saied-se-penche-sur-le-mouvement-judiciaire\/207159\/","url":"https:\/\/www.webdo.tn\/fr\/actualite\/national\/le-president-kais-saied-se-penche-sur-le-mouvement-judiciaire\/207159\/","name":"Le pr\u00e9sident Kais Saied se penche sur le mouvement judiciaire","isPartOf":{"@id":"https:\/\/www.webdo.tn\/fr\/#website"},"primaryImageOfPage":{"@id":"https:\/\/www.webdo.tn\/fr\/actualite\/national\/le-president-kais-saied-se-penche-sur-le-mouvement-judiciaire\/207159\/#primaryimage"},"image":{"@id":"https:\/\/www.webdo.tn\/fr\/actualite\/national\/le-president-kais-saied-se-penche-sur-le-mouvement-judiciaire\/207159\/#primaryimage"},"thumbnailUrl":"https:\/\/www.webdo.tn\/fr\/wp-content\/uploads\/2023\/07\/752e45cff7091ff22b51df516d571d31.jpg","datePublished":"2023-07-11T08:43:00+00:00","dateModified":"2025-05-20T21:58:28+00:00","description":"Le pr\u00e9sident de la R\u00e9publique, Kais Saied, a re\u00e7u, ce lundi 10 juillet 2023, au Palais de Carthage, le pr\u00e9sident du Conseil sup\u00e9rieur provisoire de la magistrat...","breadcrumb":{"@id":"https:\/\/www.webdo.tn\/fr\/actualite\/national\/le-president-kais-saied-se-penche-sur-le-mouvement-judiciaire\/207159\/#breadcrumb"},"inLanguage":"fr-FR","potentialAction":[{"@type":"ReadAction","target":["https:\/\/www.webdo.tn\/fr\/actualite\/national\/le-president-kais-saied-se-penche-sur-le-mouvement-judiciaire\/207159\/"]}]},{"@type":"ImageObject","inLanguage":"fr-FR","@id":"https:\/\/www.webdo.tn\/fr\/actualite\/national\/le-president-kais-saied-se-penche-sur-le-mouvement-judiciaire\/207159\/#primaryimage","url":"https:\/\/www.webdo.tn\/fr\/wp-content\/uploads\/2023\/07\/752e45cff7091ff22b51df516d571d31.jpg","contentUrl":"https:\/\/www.webdo.tn\/fr\/wp-content\/uploads\/2023\/07\/752e45cff7091ff22b51df516d571d31.jpg","width":750,"height":400,"caption":"Le pr\u00e9sident Kais Saied se penche sur le mouvement judiciaire"},{"@type":"BreadcrumbList","@id":"https:\/\/www.webdo.tn\/fr\/actualite\/national\/le-president-kais-saied-se-penche-sur-le-mouvement-judiciaire\/207159\/#breadcrumb","itemListElement":[{"@type":"ListItem","position":1,"name":"Accueil","item":"https:\/\/www.webdo.tn\/fr\/"},{"@type":"ListItem","position":2,"name":"Le pr\u00e9sident Kais Saied se penche sur le mouvement judiciaire"}]},{"@type":"WebSite","@id":"https:\/\/www.webdo.tn\/fr\/#website","url":"https:\/\/www.webdo.tn\/fr\/","name":"webdo","description":"Tunisie - News en Tunisie et \u00e0 l&#039;international sur Webdo.tn","publisher":{"@id":"https:\/\/www.webdo.tn\/fr\/#organization"},"potentialAction":[{"@type":"SearchAction","target":{"@type":"EntryPoint","urlTemplate":"https:\/\/www.webdo.tn\/fr\/?s={search_term_string}"},"query-input":{"@type":"PropertyValueSpecification","valueRequired":true,"valueName":"search_term_string"}}],"inLanguage":"fr-FR"},{"@type":"Organization","@id":"https:\/\/www.webdo.tn\/fr\/#organization","name":"Webdo","alternateName":"Webdo.tn","url":"https:\/\/www.webdo.tn\/fr\/","logo":{"@type":"ImageObject","inLanguage":"fr-FR","@id":"https:\/\/www.webdo.tn\/fr\/#\/schema\/logo\/image\/","url":"https:\/\/www.webdo.tn\/fr\/wp-content\/uploads\/2025\/06\/Webdo-Tunisie_168377.jpg","contentUrl":"https:\/\/www.webdo.tn\/fr\/wp-content\/uploads\/2025\/06\/Webdo-Tunisie_168377.jpg","width":301,"height":301,"caption":"Webdo"},"image":{"@id":"https:\/\/www.webdo.tn\/fr\/#\/schema\/logo\/image\/"},"sameAs":["https:\/\/www.facebook.com\/webdotn","https:\/\/x.com\/webdo_tn"],"description":"Webdo est un m\u00e9dia num\u00e9rique tunisien fond\u00e9 en 2010, sp\u00e9cialis\u00e9 dans l\u2019actualit\u00e9 nationale et internationale, l\u2019\u00e9conomie, la soci\u00e9t\u00e9 et les analyses politiques. Le site s\u2019adresse \u00e0 un large public francophone et couvre l\u2019information tunisienne en temps r\u00e9el.","email":"redac@webdo.tn","legalName":"YNJ SARL","foundingDate":"2010-09-06","numberOfEmployees":{"@type":"QuantitativeValue","minValue":"11","maxValue":"50"}},{"@type":"Person","@id":"https:\/\/www.webdo.tn\/fr\/#\/schema\/person\/2c4929cbf5a809e3bd38617c6ce150f6","name":"MC","image":{"@type":"ImageObject","inLanguage":"fr-FR","@id":"https:\/\/secure.gravatar.com\/avatar\/a545bbb6f84efdd5553dbbc2895e3ca8f1d12c5215e00a041c9670b54aa9b18a?s=96&d=mm&r=g","url":"https:\/\/secure.gravatar.com\/avatar\/a545bbb6f84efdd5553dbbc2895e3ca8f1d12c5215e00a041c9670b54aa9b18a?s=96&d=mm&r=g","contentUrl":"https:\/\/secure.gravatar.com\/avatar\/a545bbb6f84efdd5553dbbc2895e3ca8f1d12c5215e00a041c9670b54aa9b18a?s=96&d=mm&r=g","caption":"MC"},"url":"https:\/\/www.webdo.tn\/fr\/actualite\/author\/mc\/"}]}},"_links":{"self":[{"href":"https:\/\/www.webdo.tn\/fr\/wp-json\/wp\/v2\/posts\/207159","targetHints":{"allow":["GET"]}}],"collection":[{"href":"https:\/\/www.webdo.tn\/fr\/wp-json\/wp\/v2\/posts"}],"about":[{"href":"https:\/\/www.webdo.tn\/fr\/wp-json\/wp\/v2\/types\/post"}],"author":[{"embeddable":true,"href":"https:\/\/www.webdo.tn\/fr\/wp-json\/wp\/v2\/users\/3162"}],"replies":[{"embeddable":true,"href":"https:\/\/www.webdo.tn\/fr\/wp-json\/wp\/v2\/comments?post=207159"}],"version-history":[{"count":0,"href":"https:\/\/www.webdo.tn\/fr\/wp-json\/wp\/v2\/posts\/207159\/revisions"}],"wp:featuredmedia":[{"embeddable":true,"href":"https:\/\/www.webdo.tn\/fr\/wp-json\/wp\/v2\/media\/249785"}],"wp:attachment":[{"href":"https:\/\/www.webdo.tn\/fr\/wp-json\/wp\/v2\/media?parent=207159"}],"wp:term":[{"taxonomy":"category","embeddable":true,"href":"https:\/\/www.webdo.tn\/fr\/wp-json\/wp\/v2\/categories?post=207159"},{"taxonomy":"post_tag","embeddable":true,"href":"https:\/\/www.webdo.tn\/fr\/wp-json\/wp\/v2\/tags?post=207159"}],"curies":[{"name":"wp","href":"https:\/\/api.w.org\/{rel}","templated":true}]}}