{"id":207143,"date":"2023-07-10T09:59:00","date_gmt":"2023-07-10T09:59:00","guid":{"rendered":"https:\/\/www.webdo.tn\/fr\/blog\/tunisie-canada-un-partenariat-pour-la-stabilite-et-la-prosperite\/207143\/"},"modified":"2023-07-10T09:59:00","modified_gmt":"2023-07-10T09:59:00","slug":"tunisie-canada-un-partenariat-pour-la-stabilite-et-la-prosperite","status":"publish","type":"post","link":"https:\/\/www.webdo.tn\/fr\/actualite\/national\/tunisie-canada-un-partenariat-pour-la-stabilite-et-la-prosperite\/207143\/","title":{"rendered":"Tunisie &#8211; Canada : Un partenariat pour la stabilit\u00e9 et la prosp\u00e9rit\u00e9"},"content":{"rendered":"<p>Prenant la parole lors de la f\u00eate nationale du Canada, c\u00e9l\u00e9br\u00e9e la semaine derni\u00e8re \u00e0 Tunis, Lorraine Diguer, ambassadrice du Canada en Tunisie, a d\u00e9clar\u00e9 \u00ab\u00a0Aujourd\u2019hui nous c\u00e9l\u00e9brons le Canada avec ses dix provinces et trois territoires et les valeurs quotidiennes qui nous sont tr\u00e8s ch\u00e8res : l\u2019\u00e9galit\u00e9, l\u2019inclusivit\u00e9, la diversit\u00e9 et la libert\u00e9\u00a0\u00bb.<\/p>\n<p>\t\t\t\t\t\t\t\t\tLa diplomate canadienne a mentionn\u00e9 la coop\u00e9ration avec plusieurs minist\u00e8res du gouvernement Bouden \u00ab\u00a0pour r\u00e9aliser des projets et des initiatives afin d\u2019atteindre nos objectifs communs : appuyer les Tunisiens et Tunisiennes vers une meilleure stabilit\u00e9 et prosp\u00e9rit\u00e9 sociale et \u00e9conomique\u00a0\u00bb.<\/p>\n<p>L\u2019ambassadrice Lorraine Diguer a \u00e9galement f\u00e9licit\u00e9 la Tunisie pour avoir organis\u00e9 un Sommet de la Francophonie r\u00e9ussi \u00e0 Djerba et assur\u00e9 que le Canada continuerait \u00e0 appuyer la pr\u00e9sidence tunisienne de la Francophonie multilat\u00e9rale. Cette pr\u00e9sidence se poursuit jusqu&rsquo;au mois de novembre 2024.<\/p>\n<p>Elle a \u00e9galement \u00e9voqu\u00e9 le succ\u00e8s du Forum \u00e9conomique et la participation dans ce cadre, d\u2019une mission de femmes d\u2019affaires canadiennes et entrepreneures tunisiennes. L\u2019ambassadrice a aussi soulign\u00e9 le soutien du Canada dans la signature de plusieurs ententes entre des universit\u00e9s et des coll\u00e8ges canado-tunisiens.<\/p>\n<p>Elle a mis en avant l\u2019augmentation de l\u2019implantation de Petites et moyennes entreprises canadiennes en Tunisie et \u00e9galement mentionn\u00e9 l\u2019initiative commerciale qui a eu lieu \u00e0 Toronto, en collaboration avec le CEPEX, et a enregistr\u00e9 la pr\u00e9sence de plus de 40.000 participants, dont plusieurs entreprises tunisiennes du secteur des technologies de l\u2019information.<\/p>\n<p>L\u2019ambassadrice du Canada en Tunisie a \u00e9num\u00e9r\u00e9 les diff\u00e9rents domaines de collaboration entre le Canada et la Tunisie tels que l\u2019enseignement sup\u00e9rieur, la gouvernance, la croissance inclusive, le leadership f\u00e9minin, la d\u00e9fense des droits des femmes, la paix et la s\u00e9curit\u00e9, l\u2019environnement et la lutte contre les changements climatiques avec toujours un focus particulier sur l\u2019autonomisation \u00e9conomique et sociale des femmes et l\u2019\u00e9galit\u00e9 des genres.<\/p>\n<p>L\u2019ambassadrice a \u00e9voqu\u00e9 la diplomatie culturelle dans l\u2019espace francophone, \u00ab\u00a0un espace o\u00f9 le Canada et la Tunisie auront toujours des liens tr\u00e8s \u00e9troits\u00a0\u00bb.<\/p>\n<p>Lorainne Diguer a enfin soulign\u00e9 que le Canada et la Tunisie ont c\u00e9l\u00e9br\u00e9 65 ans de relations diplomatiques en octobre 2022 et que la f\u00eate nationale du Canada est \u00e9galement l\u2019occasion de c\u00e9l\u00e9brer l\u2019amiti\u00e9 tuniso-canadienne.<\/p>\n","protected":false},"excerpt":{"rendered":"<p>Prenant la parole lors de la f\u00eate nationale du Canada, c\u00e9l\u00e9br\u00e9e la semaine derni\u00e8re \u00e0 Tunis, Lorraine Diguer, ambassadrice du Canada en Tunisie, a d\u00e9clar\u00e9  Aujo&#8230;<\/p>\n","protected":false},"author":3229,"featured_media":249806,"comment_status":"open","ping_status":"closed","sticky":false,"template":"","format":"standard","meta":{"footnotes":""},"categories":[44],"tags":[4598,2608],"class_list":["post-207143","post","type-post","status-publish","format-standard","has-post-thumbnail","hentry","category-national","tag-canada","tag-tunisie"],"yoast_head":"<!-- This site is optimized with the Yoast SEO Premium plugin v27.5 (Yoast SEO v27.5) - https:\/\/yoast.com\/product\/yoast-seo-premium-wordpress\/ -->\n<title>Tunisie - Canada : Un partenariat pour la stabilit\u00e9 et la prosp\u00e9rit\u00e9<\/title>\n<meta name=\"description\" content=\"Prenant la parole lors de la f\u00eate nationale du Canada, c\u00e9l\u00e9br\u00e9e la semaine derni\u00e8re \u00e0 Tunis, Lorraine Diguer, ambassadrice du Canada en Tunisie, a d\u00e9clar\u00e9 Aujo...\" \/>\n<link rel=\"canonical\" href=\"https:\/\/www.webdo.tn\/fr\/actualite\/national\/tunisie-canada-un-partenariat-pour-la-stabilite-et-la-prosperite\/207143\/\" \/>\n<meta property=\"og:locale\" content=\"fr_FR\" \/>\n<meta property=\"og:type\" content=\"article\" \/>\n<meta property=\"og:title\" content=\"Tunisie - Canada : Un partenariat pour la stabilit\u00e9 et la prosp\u00e9rit\u00e9\" \/>\n<meta property=\"og:description\" content=\"Prenant la parole lors de la f\u00eate nationale du Canada, c\u00e9l\u00e9br\u00e9e la semaine derni\u00e8re \u00e0 Tunis, Lorraine Diguer, ambassadrice du Canada en Tunisie, a d\u00e9clar\u00e9 Aujo...\" \/>\n<meta property=\"og:url\" content=\"https:\/\/www.webdo.tn\/fr\/actualite\/national\/tunisie-canada-un-partenariat-pour-la-stabilite-et-la-prosperite\/207143\/\" \/>\n<meta property=\"og:site_name\" content=\"webdo\" \/>\n<meta property=\"article:publisher\" content=\"https:\/\/www.facebook.com\/webdotn\" \/>\n<meta property=\"article:author\" content=\"https:\/\/www.facebook.com\/hatem.bourial.2025\" \/>\n<meta property=\"article:published_time\" content=\"2023-07-10T09:59:00+00:00\" \/>\n<meta property=\"og:image\" content=\"https:\/\/www.webdo.tn\/fr\/wp-content\/uploads\/2023\/07\/73ecd3c8392f2b8cee45cc53e9dc7f9e.jpg\" \/>\n\t<meta property=\"og:image:width\" content=\"600\" \/>\n\t<meta property=\"og:image:height\" content=\"320\" \/>\n\t<meta property=\"og:image:type\" content=\"image\/jpeg\" \/>\n<meta name=\"author\" content=\"Hatem Bourial\" \/>\n<meta name=\"twitter:card\" content=\"summary_large_image\" \/>\n<meta name=\"twitter:creator\" content=\"@webdo_tn\" \/>\n<meta name=\"twitter:site\" content=\"@webdo_tn\" \/>\n<meta name=\"twitter:label1\" content=\"\u00c9crit par\" \/>\n\t<meta name=\"twitter:data1\" content=\"Hatem Bourial\" \/>\n\t<meta name=\"twitter:label2\" content=\"Dur\u00e9e de lecture estim\u00e9e\" \/>\n\t<meta name=\"twitter:data2\" content=\"2 minutes\" \/>\n<script type=\"application\/ld+json\" class=\"yoast-schema-graph\">{\"@context\":\"https:\\\/\\\/schema.org\",\"@graph\":[{\"@type\":\"NewsArticle\",\"@id\":\"https:\\\/\\\/www.webdo.tn\\\/fr\\\/actualite\\\/national\\\/tunisie-canada-un-partenariat-pour-la-stabilite-et-la-prosperite\\\/207143\\\/#article\",\"isPartOf\":{\"@id\":\"https:\\\/\\\/www.webdo.tn\\\/fr\\\/actualite\\\/national\\\/tunisie-canada-un-partenariat-pour-la-stabilite-et-la-prosperite\\\/207143\\\/\"},\"author\":{\"name\":\"Hatem Bourial\",\"@id\":\"https:\\\/\\\/www.webdo.tn\\\/fr\\\/#\\\/schema\\\/person\\\/6bc0beba2cd23aec27cb5df85ca2554f\"},\"headline\":\"Tunisie &#8211; Canada : Un partenariat pour la stabilit\u00e9 et la prosp\u00e9rit\u00e9\",\"datePublished\":\"2023-07-10T09:59:00+00:00\",\"mainEntityOfPage\":{\"@id\":\"https:\\\/\\\/www.webdo.tn\\\/fr\\\/actualite\\\/national\\\/tunisie-canada-un-partenariat-pour-la-stabilite-et-la-prosperite\\\/207143\\\/\"},\"wordCount\":416,\"commentCount\":0,\"publisher\":{\"@id\":\"https:\\\/\\\/www.webdo.tn\\\/fr\\\/#organization\"},\"image\":{\"@id\":\"https:\\\/\\\/www.webdo.tn\\\/fr\\\/actualite\\\/national\\\/tunisie-canada-un-partenariat-pour-la-stabilite-et-la-prosperite\\\/207143\\\/#primaryimage\"},\"thumbnailUrl\":\"https:\\\/\\\/www.webdo.tn\\\/fr\\\/wp-content\\\/uploads\\\/2023\\\/07\\\/73ecd3c8392f2b8cee45cc53e9dc7f9e.jpg\",\"keywords\":[\"canada\",\"Tunisie\"],\"articleSection\":[\"National\"],\"inLanguage\":\"fr-FR\"},{\"@type\":\"WebPage\",\"@id\":\"https:\\\/\\\/www.webdo.tn\\\/fr\\\/actualite\\\/national\\\/tunisie-canada-un-partenariat-pour-la-stabilite-et-la-prosperite\\\/207143\\\/\",\"url\":\"https:\\\/\\\/www.webdo.tn\\\/fr\\\/actualite\\\/national\\\/tunisie-canada-un-partenariat-pour-la-stabilite-et-la-prosperite\\\/207143\\\/\",\"name\":\"Tunisie - Canada : Un partenariat pour la stabilit\u00e9 et la prosp\u00e9rit\u00e9\",\"isPartOf\":{\"@id\":\"https:\\\/\\\/www.webdo.tn\\\/fr\\\/#website\"},\"primaryImageOfPage\":{\"@id\":\"https:\\\/\\\/www.webdo.tn\\\/fr\\\/actualite\\\/national\\\/tunisie-canada-un-partenariat-pour-la-stabilite-et-la-prosperite\\\/207143\\\/#primaryimage\"},\"image\":{\"@id\":\"https:\\\/\\\/www.webdo.tn\\\/fr\\\/actualite\\\/national\\\/tunisie-canada-un-partenariat-pour-la-stabilite-et-la-prosperite\\\/207143\\\/#primaryimage\"},\"thumbnailUrl\":\"https:\\\/\\\/www.webdo.tn\\\/fr\\\/wp-content\\\/uploads\\\/2023\\\/07\\\/73ecd3c8392f2b8cee45cc53e9dc7f9e.jpg\",\"datePublished\":\"2023-07-10T09:59:00+00:00\",\"description\":\"Prenant la parole lors de la f\u00eate nationale du Canada, c\u00e9l\u00e9br\u00e9e la semaine derni\u00e8re \u00e0 Tunis, Lorraine Diguer, ambassadrice du Canada en Tunisie, a d\u00e9clar\u00e9 Aujo...\",\"breadcrumb\":{\"@id\":\"https:\\\/\\\/www.webdo.tn\\\/fr\\\/actualite\\\/national\\\/tunisie-canada-un-partenariat-pour-la-stabilite-et-la-prosperite\\\/207143\\\/#breadcrumb\"},\"inLanguage\":\"fr-FR\",\"potentialAction\":[{\"@type\":\"ReadAction\",\"target\":[\"https:\\\/\\\/www.webdo.tn\\\/fr\\\/actualite\\\/national\\\/tunisie-canada-un-partenariat-pour-la-stabilite-et-la-prosperite\\\/207143\\\/\"]}]},{\"@type\":\"ImageObject\",\"inLanguage\":\"fr-FR\",\"@id\":\"https:\\\/\\\/www.webdo.tn\\\/fr\\\/actualite\\\/national\\\/tunisie-canada-un-partenariat-pour-la-stabilite-et-la-prosperite\\\/207143\\\/#primaryimage\",\"url\":\"https:\\\/\\\/www.webdo.tn\\\/fr\\\/wp-content\\\/uploads\\\/2023\\\/07\\\/73ecd3c8392f2b8cee45cc53e9dc7f9e.jpg\",\"contentUrl\":\"https:\\\/\\\/www.webdo.tn\\\/fr\\\/wp-content\\\/uploads\\\/2023\\\/07\\\/73ecd3c8392f2b8cee45cc53e9dc7f9e.jpg\",\"width\":600,\"height\":320,\"caption\":\"Tunisie - Canada : Un partenariat pour la stabilit\u00e9 et la prosp\u00e9rit\u00e9\"},{\"@type\":\"BreadcrumbList\",\"@id\":\"https:\\\/\\\/www.webdo.tn\\\/fr\\\/actualite\\\/national\\\/tunisie-canada-un-partenariat-pour-la-stabilite-et-la-prosperite\\\/207143\\\/#breadcrumb\",\"itemListElement\":[{\"@type\":\"ListItem\",\"position\":1,\"name\":\"Accueil\",\"item\":\"https:\\\/\\\/www.webdo.tn\\\/fr\\\/\"},{\"@type\":\"ListItem\",\"position\":2,\"name\":\"Tunisie &#8211; Canada : Un partenariat pour la stabilit\u00e9 et la prosp\u00e9rit\u00e9\"}]},{\"@type\":\"WebSite\",\"@id\":\"https:\\\/\\\/www.webdo.tn\\\/fr\\\/#website\",\"url\":\"https:\\\/\\\/www.webdo.tn\\\/fr\\\/\",\"name\":\"webdo\",\"description\":\"Tunisie - News en Tunisie et \u00e0 l&#039;international sur Webdo.tn\",\"publisher\":{\"@id\":\"https:\\\/\\\/www.webdo.tn\\\/fr\\\/#organization\"},\"potentialAction\":[{\"@type\":\"SearchAction\",\"target\":{\"@type\":\"EntryPoint\",\"urlTemplate\":\"https:\\\/\\\/www.webdo.tn\\\/fr\\\/?s={search_term_string}\"},\"query-input\":{\"@type\":\"PropertyValueSpecification\",\"valueRequired\":true,\"valueName\":\"search_term_string\"}}],\"inLanguage\":\"fr-FR\"},{\"@type\":\"Organization\",\"@id\":\"https:\\\/\\\/www.webdo.tn\\\/fr\\\/#organization\",\"name\":\"Webdo\",\"alternateName\":\"Webdo.tn\",\"url\":\"https:\\\/\\\/www.webdo.tn\\\/fr\\\/\",\"logo\":{\"@type\":\"ImageObject\",\"inLanguage\":\"fr-FR\",\"@id\":\"https:\\\/\\\/www.webdo.tn\\\/fr\\\/#\\\/schema\\\/logo\\\/image\\\/\",\"url\":\"https:\\\/\\\/www.webdo.tn\\\/fr\\\/wp-content\\\/uploads\\\/2025\\\/06\\\/Webdo-Tunisie_168377.jpg\",\"contentUrl\":\"https:\\\/\\\/www.webdo.tn\\\/fr\\\/wp-content\\\/uploads\\\/2025\\\/06\\\/Webdo-Tunisie_168377.jpg\",\"width\":301,\"height\":301,\"caption\":\"Webdo\"},\"image\":{\"@id\":\"https:\\\/\\\/www.webdo.tn\\\/fr\\\/#\\\/schema\\\/logo\\\/image\\\/\"},\"sameAs\":[\"https:\\\/\\\/www.facebook.com\\\/webdotn\",\"https:\\\/\\\/x.com\\\/webdo_tn\"],\"description\":\"Webdo est un m\u00e9dia num\u00e9rique tunisien fond\u00e9 en 2010, sp\u00e9cialis\u00e9 dans l\u2019actualit\u00e9 nationale et internationale, l\u2019\u00e9conomie, la soci\u00e9t\u00e9 et les analyses politiques. Le site s\u2019adresse \u00e0 un large public francophone et couvre l\u2019information tunisienne en temps r\u00e9el.\",\"email\":\"redac@webdo.tn\",\"legalName\":\"YNJ SARL\",\"foundingDate\":\"2010-09-06\",\"numberOfEmployees\":{\"@type\":\"QuantitativeValue\",\"minValue\":\"11\",\"maxValue\":\"50\"}},{\"@type\":\"Person\",\"@id\":\"https:\\\/\\\/www.webdo.tn\\\/fr\\\/#\\\/schema\\\/person\\\/6bc0beba2cd23aec27cb5df85ca2554f\",\"name\":\"Hatem Bourial\",\"image\":{\"@type\":\"ImageObject\",\"inLanguage\":\"fr-FR\",\"@id\":\"https:\\\/\\\/www.webdo.tn\\\/fr\\\/wp-content\\\/uploads\\\/2026\\\/04\\\/hatem-bourial_avatar-96x96.jpg\",\"url\":\"https:\\\/\\\/www.webdo.tn\\\/fr\\\/wp-content\\\/uploads\\\/2026\\\/04\\\/hatem-bourial_avatar-96x96.jpg\",\"contentUrl\":\"https:\\\/\\\/www.webdo.tn\\\/fr\\\/wp-content\\\/uploads\\\/2026\\\/04\\\/hatem-bourial_avatar-96x96.jpg\",\"caption\":\"Hatem Bourial\"},\"description\":\"Hatem Bourial est journaliste, \u00e9crivain et chroniqueur tunisien. Actif depuis plusieurs d\u00e9cennies, il s\u2019est impos\u00e9 comme un observateur attentif de la soci\u00e9t\u00e9 tunisienne, m\u00ealant dans ses \u00e9crits m\u00e9moire, culture et analyse du quotidien. Auteur de nombreux ouvrages, il d\u00e9veloppe une \u0153uvre \u00e0 la crois\u00e9e du r\u00e9cit, de la po\u00e9sie et de l\u2019observation sociologique. Parall\u00e8lement \u00e0 ses contributions dans la presse, il intervient r\u00e9guli\u00e8rement \u00e0 la radio et dans des espaces culturels, o\u00f9 il explore les enjeux li\u00e9s au patrimoine, \u00e0 l\u2019identit\u00e9 et aux transformations du monde contemporain. \u00c0 travers ses chroniques, Hatem Bourial propose une lecture sensible et approfondie de l\u2019actualit\u00e9, nourrie par une exp\u00e9rience journalistique et litt\u00e9raire reconnue. \ud83d\udd17 Facebook : https:\\\/\\\/www.facebook.com\\\/hatem.bourial.2025\",\"sameAs\":[\"https:\\\/\\\/www.facebook.com\\\/hatem.bourial.2025\",\"https:\\\/\\\/fr.wikipedia.org\\\/wiki\\\/Fichier:Hatem_Bourial.jpg\"],\"knowsAbout\":[\"Culture & patrimoine tunisien\",\"Chronique soci\u00e9tale\",\"Litt\u00e9rature & m\u00e9moire\",\"Cin\u00e9ma & critique culturelle\",\"Identit\u00e9 & mutations sociales\"],\"knowsLanguage\":[\"Arabe\",\"Fran\u00e7ais\",\"Anglais\",\"Italien\",\"Polonais\"],\"jobTitle\":\"Journaliste, \u00e9crivain et chroniqueur culturel\",\"worksFor\":\"Webdo\",\"url\":\"https:\\\/\\\/www.webdo.tn\\\/fr\\\/actualite\\\/author\\\/hatem-bourial-2\\\/\"}]}<\/script>\n<!-- \/ Yoast SEO Premium plugin. -->","yoast_head_json":{"title":"Tunisie - Canada : Un partenariat pour la stabilit\u00e9 et la prosp\u00e9rit\u00e9","description":"Prenant la parole lors de la f\u00eate nationale du Canada, c\u00e9l\u00e9br\u00e9e la semaine derni\u00e8re \u00e0 Tunis, Lorraine Diguer, ambassadrice du Canada en Tunisie, a d\u00e9clar\u00e9 Aujo...","canonical":"https:\/\/www.webdo.tn\/fr\/actualite\/national\/tunisie-canada-un-partenariat-pour-la-stabilite-et-la-prosperite\/207143\/","og_locale":"fr_FR","og_type":"article","og_title":"Tunisie - Canada : Un partenariat pour la stabilit\u00e9 et la prosp\u00e9rit\u00e9","og_description":"Prenant la parole lors de la f\u00eate nationale du Canada, c\u00e9l\u00e9br\u00e9e la semaine derni\u00e8re \u00e0 Tunis, Lorraine Diguer, ambassadrice du Canada en Tunisie, a d\u00e9clar\u00e9 Aujo...","og_url":"https:\/\/www.webdo.tn\/fr\/actualite\/national\/tunisie-canada-un-partenariat-pour-la-stabilite-et-la-prosperite\/207143\/","og_site_name":"webdo","article_publisher":"https:\/\/www.facebook.com\/webdotn","article_author":"https:\/\/www.facebook.com\/hatem.bourial.2025","article_published_time":"2023-07-10T09:59:00+00:00","og_image":[{"width":600,"height":320,"url":"https:\/\/www.webdo.tn\/fr\/wp-content\/uploads\/2023\/07\/73ecd3c8392f2b8cee45cc53e9dc7f9e.jpg","type":"image\/jpeg"}],"author":"Hatem Bourial","twitter_card":"summary_large_image","twitter_creator":"@webdo_tn","twitter_site":"@webdo_tn","twitter_misc":{"\u00c9crit par":"Hatem Bourial","Dur\u00e9e de lecture estim\u00e9e":"2 minutes"},"schema":{"@context":"https:\/\/schema.org","@graph":[{"@type":"NewsArticle","@id":"https:\/\/www.webdo.tn\/fr\/actualite\/national\/tunisie-canada-un-partenariat-pour-la-stabilite-et-la-prosperite\/207143\/#article","isPartOf":{"@id":"https:\/\/www.webdo.tn\/fr\/actualite\/national\/tunisie-canada-un-partenariat-pour-la-stabilite-et-la-prosperite\/207143\/"},"author":{"name":"Hatem Bourial","@id":"https:\/\/www.webdo.tn\/fr\/#\/schema\/person\/6bc0beba2cd23aec27cb5df85ca2554f"},"headline":"Tunisie &#8211; Canada : Un partenariat pour la stabilit\u00e9 et la prosp\u00e9rit\u00e9","datePublished":"2023-07-10T09:59:00+00:00","mainEntityOfPage":{"@id":"https:\/\/www.webdo.tn\/fr\/actualite\/national\/tunisie-canada-un-partenariat-pour-la-stabilite-et-la-prosperite\/207143\/"},"wordCount":416,"commentCount":0,"publisher":{"@id":"https:\/\/www.webdo.tn\/fr\/#organization"},"image":{"@id":"https:\/\/www.webdo.tn\/fr\/actualite\/national\/tunisie-canada-un-partenariat-pour-la-stabilite-et-la-prosperite\/207143\/#primaryimage"},"thumbnailUrl":"https:\/\/www.webdo.tn\/fr\/wp-content\/uploads\/2023\/07\/73ecd3c8392f2b8cee45cc53e9dc7f9e.jpg","keywords":["canada","Tunisie"],"articleSection":["National"],"inLanguage":"fr-FR"},{"@type":"WebPage","@id":"https:\/\/www.webdo.tn\/fr\/actualite\/national\/tunisie-canada-un-partenariat-pour-la-stabilite-et-la-prosperite\/207143\/","url":"https:\/\/www.webdo.tn\/fr\/actualite\/national\/tunisie-canada-un-partenariat-pour-la-stabilite-et-la-prosperite\/207143\/","name":"Tunisie - Canada : Un partenariat pour la stabilit\u00e9 et la prosp\u00e9rit\u00e9","isPartOf":{"@id":"https:\/\/www.webdo.tn\/fr\/#website"},"primaryImageOfPage":{"@id":"https:\/\/www.webdo.tn\/fr\/actualite\/national\/tunisie-canada-un-partenariat-pour-la-stabilite-et-la-prosperite\/207143\/#primaryimage"},"image":{"@id":"https:\/\/www.webdo.tn\/fr\/actualite\/national\/tunisie-canada-un-partenariat-pour-la-stabilite-et-la-prosperite\/207143\/#primaryimage"},"thumbnailUrl":"https:\/\/www.webdo.tn\/fr\/wp-content\/uploads\/2023\/07\/73ecd3c8392f2b8cee45cc53e9dc7f9e.jpg","datePublished":"2023-07-10T09:59:00+00:00","description":"Prenant la parole lors de la f\u00eate nationale du Canada, c\u00e9l\u00e9br\u00e9e la semaine derni\u00e8re \u00e0 Tunis, Lorraine Diguer, ambassadrice du Canada en Tunisie, a d\u00e9clar\u00e9 Aujo...","breadcrumb":{"@id":"https:\/\/www.webdo.tn\/fr\/actualite\/national\/tunisie-canada-un-partenariat-pour-la-stabilite-et-la-prosperite\/207143\/#breadcrumb"},"inLanguage":"fr-FR","potentialAction":[{"@type":"ReadAction","target":["https:\/\/www.webdo.tn\/fr\/actualite\/national\/tunisie-canada-un-partenariat-pour-la-stabilite-et-la-prosperite\/207143\/"]}]},{"@type":"ImageObject","inLanguage":"fr-FR","@id":"https:\/\/www.webdo.tn\/fr\/actualite\/national\/tunisie-canada-un-partenariat-pour-la-stabilite-et-la-prosperite\/207143\/#primaryimage","url":"https:\/\/www.webdo.tn\/fr\/wp-content\/uploads\/2023\/07\/73ecd3c8392f2b8cee45cc53e9dc7f9e.jpg","contentUrl":"https:\/\/www.webdo.tn\/fr\/wp-content\/uploads\/2023\/07\/73ecd3c8392f2b8cee45cc53e9dc7f9e.jpg","width":600,"height":320,"caption":"Tunisie - Canada : Un partenariat pour la stabilit\u00e9 et la prosp\u00e9rit\u00e9"},{"@type":"BreadcrumbList","@id":"https:\/\/www.webdo.tn\/fr\/actualite\/national\/tunisie-canada-un-partenariat-pour-la-stabilite-et-la-prosperite\/207143\/#breadcrumb","itemListElement":[{"@type":"ListItem","position":1,"name":"Accueil","item":"https:\/\/www.webdo.tn\/fr\/"},{"@type":"ListItem","position":2,"name":"Tunisie &#8211; Canada : Un partenariat pour la stabilit\u00e9 et la prosp\u00e9rit\u00e9"}]},{"@type":"WebSite","@id":"https:\/\/www.webdo.tn\/fr\/#website","url":"https:\/\/www.webdo.tn\/fr\/","name":"webdo","description":"Tunisie - News en Tunisie et \u00e0 l&#039;international sur Webdo.tn","publisher":{"@id":"https:\/\/www.webdo.tn\/fr\/#organization"},"potentialAction":[{"@type":"SearchAction","target":{"@type":"EntryPoint","urlTemplate":"https:\/\/www.webdo.tn\/fr\/?s={search_term_string}"},"query-input":{"@type":"PropertyValueSpecification","valueRequired":true,"valueName":"search_term_string"}}],"inLanguage":"fr-FR"},{"@type":"Organization","@id":"https:\/\/www.webdo.tn\/fr\/#organization","name":"Webdo","alternateName":"Webdo.tn","url":"https:\/\/www.webdo.tn\/fr\/","logo":{"@type":"ImageObject","inLanguage":"fr-FR","@id":"https:\/\/www.webdo.tn\/fr\/#\/schema\/logo\/image\/","url":"https:\/\/www.webdo.tn\/fr\/wp-content\/uploads\/2025\/06\/Webdo-Tunisie_168377.jpg","contentUrl":"https:\/\/www.webdo.tn\/fr\/wp-content\/uploads\/2025\/06\/Webdo-Tunisie_168377.jpg","width":301,"height":301,"caption":"Webdo"},"image":{"@id":"https:\/\/www.webdo.tn\/fr\/#\/schema\/logo\/image\/"},"sameAs":["https:\/\/www.facebook.com\/webdotn","https:\/\/x.com\/webdo_tn"],"description":"Webdo est un m\u00e9dia num\u00e9rique tunisien fond\u00e9 en 2010, sp\u00e9cialis\u00e9 dans l\u2019actualit\u00e9 nationale et internationale, l\u2019\u00e9conomie, la soci\u00e9t\u00e9 et les analyses politiques. Le site s\u2019adresse \u00e0 un large public francophone et couvre l\u2019information tunisienne en temps r\u00e9el.","email":"redac@webdo.tn","legalName":"YNJ SARL","foundingDate":"2010-09-06","numberOfEmployees":{"@type":"QuantitativeValue","minValue":"11","maxValue":"50"}},{"@type":"Person","@id":"https:\/\/www.webdo.tn\/fr\/#\/schema\/person\/6bc0beba2cd23aec27cb5df85ca2554f","name":"Hatem Bourial","image":{"@type":"ImageObject","inLanguage":"fr-FR","@id":"https:\/\/www.webdo.tn\/fr\/wp-content\/uploads\/2026\/04\/hatem-bourial_avatar-96x96.jpg","url":"https:\/\/www.webdo.tn\/fr\/wp-content\/uploads\/2026\/04\/hatem-bourial_avatar-96x96.jpg","contentUrl":"https:\/\/www.webdo.tn\/fr\/wp-content\/uploads\/2026\/04\/hatem-bourial_avatar-96x96.jpg","caption":"Hatem Bourial"},"description":"Hatem Bourial est journaliste, \u00e9crivain et chroniqueur tunisien. Actif depuis plusieurs d\u00e9cennies, il s\u2019est impos\u00e9 comme un observateur attentif de la soci\u00e9t\u00e9 tunisienne, m\u00ealant dans ses \u00e9crits m\u00e9moire, culture et analyse du quotidien. Auteur de nombreux ouvrages, il d\u00e9veloppe une \u0153uvre \u00e0 la crois\u00e9e du r\u00e9cit, de la po\u00e9sie et de l\u2019observation sociologique. Parall\u00e8lement \u00e0 ses contributions dans la presse, il intervient r\u00e9guli\u00e8rement \u00e0 la radio et dans des espaces culturels, o\u00f9 il explore les enjeux li\u00e9s au patrimoine, \u00e0 l\u2019identit\u00e9 et aux transformations du monde contemporain. \u00c0 travers ses chroniques, Hatem Bourial propose une lecture sensible et approfondie de l\u2019actualit\u00e9, nourrie par une exp\u00e9rience journalistique et litt\u00e9raire reconnue. \ud83d\udd17 Facebook : https:\/\/www.facebook.com\/hatem.bourial.2025","sameAs":["https:\/\/www.facebook.com\/hatem.bourial.2025","https:\/\/fr.wikipedia.org\/wiki\/Fichier:Hatem_Bourial.jpg"],"knowsAbout":["Culture & patrimoine tunisien","Chronique soci\u00e9tale","Litt\u00e9rature & m\u00e9moire","Cin\u00e9ma & critique culturelle","Identit\u00e9 & mutations sociales"],"knowsLanguage":["Arabe","Fran\u00e7ais","Anglais","Italien","Polonais"],"jobTitle":"Journaliste, \u00e9crivain et chroniqueur culturel","worksFor":"Webdo","url":"https:\/\/www.webdo.tn\/fr\/actualite\/author\/hatem-bourial-2\/"}]}},"_links":{"self":[{"href":"https:\/\/www.webdo.tn\/fr\/wp-json\/wp\/v2\/posts\/207143","targetHints":{"allow":["GET"]}}],"collection":[{"href":"https:\/\/www.webdo.tn\/fr\/wp-json\/wp\/v2\/posts"}],"about":[{"href":"https:\/\/www.webdo.tn\/fr\/wp-json\/wp\/v2\/types\/post"}],"author":[{"embeddable":true,"href":"https:\/\/www.webdo.tn\/fr\/wp-json\/wp\/v2\/users\/3229"}],"replies":[{"embeddable":true,"href":"https:\/\/www.webdo.tn\/fr\/wp-json\/wp\/v2\/comments?post=207143"}],"version-history":[{"count":0,"href":"https:\/\/www.webdo.tn\/fr\/wp-json\/wp\/v2\/posts\/207143\/revisions"}],"wp:featuredmedia":[{"embeddable":true,"href":"https:\/\/www.webdo.tn\/fr\/wp-json\/wp\/v2\/media\/249806"}],"wp:attachment":[{"href":"https:\/\/www.webdo.tn\/fr\/wp-json\/wp\/v2\/media?parent=207143"}],"wp:term":[{"taxonomy":"category","embeddable":true,"href":"https:\/\/www.webdo.tn\/fr\/wp-json\/wp\/v2\/categories?post=207143"},{"taxonomy":"post_tag","embeddable":true,"href":"https:\/\/www.webdo.tn\/fr\/wp-json\/wp\/v2\/tags?post=207143"}],"curies":[{"name":"wp","href":"https:\/\/api.w.org\/{rel}","templated":true}]}}