{"id":207139,"date":"2023-07-10T08:57:00","date_gmt":"2023-07-10T08:57:00","guid":{"rendered":"https:\/\/www.webdo.tn\/fr\/blog\/les-temperatures-continuent-de-grimper\/207139\/"},"modified":"2025-05-20T21:58:32","modified_gmt":"2025-05-20T21:58:32","slug":"les-temperatures-continuent-de-grimper","status":"publish","type":"post","link":"https:\/\/www.webdo.tn\/fr\/actualite\/national\/les-temperatures-continuent-de-grimper\/207139\/","title":{"rendered":"Les Temp\u00e9ratures continuent de grimper !"},"content":{"rendered":"<p>Mauvaise nouvelle pour tous ceux qui esp\u00e9raient une petite accalmie, les temp\u00e9ratures sont toujours en hausse !<\/p>\n<p>\t\t\t\t\t\t\t\t\tApr\u00e8s quatre jours suffocants, beaucoup esp\u00e9raient voir le bout du tunnel. Il n\u2019en sera rien ! La vague de chaleur des derniers jours se poursuivra ce lundi 10 juillet. L&rsquo;Institut national de la m\u00e9t\u00e9orologie (INM) pr\u00e9voit m\u00eame des pics de chaleur l\u2019apr\u00e8s-midi pouvant atteindre les 47\u00b0.<\/p>\n<p>La hausse des temp\u00e9ratures se poursuivra donc ce lundi avec des maximales comprises entre 40 et 47 degr\u00e9s avec des vents de sirocco. Le thermom\u00e8tre oscillera entre 32 et 38 degr\u00e9s dans les r\u00e9gions c\u00f4ti\u00e8res.<\/p>\n<p>Hier, dimanche 9 juillet 2023, un nouveau record de chaleur a d\u2019ailleurs \u00e9t\u00e9 battu en Tunisie. C\u2019\u00e9tait \u00e0 Sidi Bouzid avec un mercure qui a affich\u00e9 46,9 degr\u00e9s. C\u2019est ce qu\u2019a annonc\u00e9 l\u2019ing\u00e9nieur et m\u00e9t\u00e9orologue Mehrez Ghannouchi hier soir.<\/p>\n<p>Mehrez Ghannouchi, a \u00e9galement annonc\u00e9, hier, que les temp\u00e9ratures caniculaires vont persister au moins jusqu\u2019au 20 juillet prochain, annon\u00e7ant par ailleurs qu\u2019\u00e0 Kairouan,\u00a0 le record de 48.3\u00b0 enregistr\u00e9 du 14 juillet 2018, a \u00e9t\u00e9 battu hier avec un thermom\u00e8tre qui a atteint 48.4\u00b0.<\/p>\n","protected":false},"excerpt":{"rendered":"<p>Mauvaise nouvelle pour tous ceux qui esp\u00e9raient une petite accalmie, les temp\u00e9ratures sont toujours en hausse !<\/p>\n","protected":false},"author":3162,"featured_media":249804,"comment_status":"open","ping_status":"closed","sticky":false,"template":"","format":"standard","meta":{"footnotes":""},"categories":[44],"tags":[5930,3319,2670,2672],"class_list":["post-207139","post","type-post","status-publish","format-standard","has-post-thumbnail","hentry","category-national","tag-canicule","tag-chaleur","tag-meteo","tag-temperatures"],"yoast_head":"<!-- This site is optimized with the Yoast SEO Premium plugin v27.4 (Yoast SEO v27.5) - https:\/\/yoast.com\/product\/yoast-seo-premium-wordpress\/ -->\n<title>Les Temp\u00e9ratures continuent de grimper !<\/title>\n<meta name=\"description\" content=\"Mauvaise nouvelle pour tous ceux qui esp\u00e9raient une petite accalmie, les temp\u00e9ratures sont toujours en hausse !\" \/>\n<link rel=\"canonical\" href=\"https:\/\/www.webdo.tn\/fr\/actualite\/national\/les-temperatures-continuent-de-grimper\/207139\/\" \/>\n<meta property=\"og:locale\" content=\"fr_FR\" \/>\n<meta property=\"og:type\" content=\"article\" \/>\n<meta property=\"og:title\" content=\"Les Temp\u00e9ratures continuent de grimper !\" \/>\n<meta property=\"og:description\" content=\"Mauvaise nouvelle pour tous ceux qui esp\u00e9raient une petite accalmie, les temp\u00e9ratures sont toujours en hausse !\" \/>\n<meta property=\"og:url\" content=\"https:\/\/www.webdo.tn\/fr\/actualite\/national\/les-temperatures-continuent-de-grimper\/207139\/\" \/>\n<meta property=\"og:site_name\" content=\"webdo\" \/>\n<meta property=\"article:publisher\" content=\"https:\/\/www.facebook.com\/webdotn\" \/>\n<meta property=\"article:published_time\" content=\"2023-07-10T08:57:00+00:00\" \/>\n<meta property=\"article:modified_time\" content=\"2025-05-20T21:58:32+00:00\" \/>\n<meta property=\"og:image\" content=\"https:\/\/www.webdo.tn\/fr\/wp-content\/uploads\/2023\/07\/0a02ad4fc4d0dfedaee95506a2db75e9.jpg\" \/>\n\t<meta property=\"og:image:width\" content=\"750\" \/>\n\t<meta property=\"og:image:height\" content=\"400\" \/>\n\t<meta property=\"og:image:type\" content=\"image\/jpeg\" \/>\n<meta name=\"author\" content=\"MC\" \/>\n<meta name=\"twitter:card\" content=\"summary_large_image\" \/>\n<meta name=\"twitter:creator\" content=\"@webdo_tn\" \/>\n<meta name=\"twitter:site\" content=\"@webdo_tn\" \/>\n<meta name=\"twitter:label1\" content=\"\u00c9crit par\" \/>\n\t<meta name=\"twitter:data1\" content=\"MC\" \/>\n\t<meta name=\"twitter:label2\" content=\"Dur\u00e9e de lecture estim\u00e9e\" \/>\n\t<meta name=\"twitter:data2\" content=\"1 minute\" \/>\n<script type=\"application\/ld+json\" class=\"yoast-schema-graph\">{\"@context\":\"https:\\\/\\\/schema.org\",\"@graph\":[{\"@type\":\"NewsArticle\",\"@id\":\"https:\\\/\\\/www.webdo.tn\\\/fr\\\/actualite\\\/national\\\/les-temperatures-continuent-de-grimper\\\/207139\\\/#article\",\"isPartOf\":{\"@id\":\"https:\\\/\\\/www.webdo.tn\\\/fr\\\/actualite\\\/national\\\/les-temperatures-continuent-de-grimper\\\/207139\\\/\"},\"author\":{\"name\":\"MC\",\"@id\":\"https:\\\/\\\/www.webdo.tn\\\/fr\\\/#\\\/schema\\\/person\\\/2c4929cbf5a809e3bd38617c6ce150f6\"},\"headline\":\"Les Temp\u00e9ratures continuent de grimper !\",\"datePublished\":\"2023-07-10T08:57:00+00:00\",\"dateModified\":\"2025-05-20T21:58:32+00:00\",\"mainEntityOfPage\":{\"@id\":\"https:\\\/\\\/www.webdo.tn\\\/fr\\\/actualite\\\/national\\\/les-temperatures-continuent-de-grimper\\\/207139\\\/\"},\"wordCount\":201,\"commentCount\":0,\"publisher\":{\"@id\":\"https:\\\/\\\/www.webdo.tn\\\/fr\\\/#organization\"},\"image\":{\"@id\":\"https:\\\/\\\/www.webdo.tn\\\/fr\\\/actualite\\\/national\\\/les-temperatures-continuent-de-grimper\\\/207139\\\/#primaryimage\"},\"thumbnailUrl\":\"https:\\\/\\\/www.webdo.tn\\\/fr\\\/wp-content\\\/uploads\\\/2023\\\/07\\\/0a02ad4fc4d0dfedaee95506a2db75e9.jpg\",\"keywords\":[\"Canicule\",\"chaleur\",\"m\u00e9t\u00e9o\",\"temp\u00e9ratures\"],\"articleSection\":[\"National\"],\"inLanguage\":\"fr-FR\"},{\"@type\":\"WebPage\",\"@id\":\"https:\\\/\\\/www.webdo.tn\\\/fr\\\/actualite\\\/national\\\/les-temperatures-continuent-de-grimper\\\/207139\\\/\",\"url\":\"https:\\\/\\\/www.webdo.tn\\\/fr\\\/actualite\\\/national\\\/les-temperatures-continuent-de-grimper\\\/207139\\\/\",\"name\":\"Les Temp\u00e9ratures continuent de grimper !\",\"isPartOf\":{\"@id\":\"https:\\\/\\\/www.webdo.tn\\\/fr\\\/#website\"},\"primaryImageOfPage\":{\"@id\":\"https:\\\/\\\/www.webdo.tn\\\/fr\\\/actualite\\\/national\\\/les-temperatures-continuent-de-grimper\\\/207139\\\/#primaryimage\"},\"image\":{\"@id\":\"https:\\\/\\\/www.webdo.tn\\\/fr\\\/actualite\\\/national\\\/les-temperatures-continuent-de-grimper\\\/207139\\\/#primaryimage\"},\"thumbnailUrl\":\"https:\\\/\\\/www.webdo.tn\\\/fr\\\/wp-content\\\/uploads\\\/2023\\\/07\\\/0a02ad4fc4d0dfedaee95506a2db75e9.jpg\",\"datePublished\":\"2023-07-10T08:57:00+00:00\",\"dateModified\":\"2025-05-20T21:58:32+00:00\",\"description\":\"Mauvaise nouvelle pour tous ceux qui esp\u00e9raient une petite accalmie, les temp\u00e9ratures sont toujours en hausse !\",\"breadcrumb\":{\"@id\":\"https:\\\/\\\/www.webdo.tn\\\/fr\\\/actualite\\\/national\\\/les-temperatures-continuent-de-grimper\\\/207139\\\/#breadcrumb\"},\"inLanguage\":\"fr-FR\",\"potentialAction\":[{\"@type\":\"ReadAction\",\"target\":[\"https:\\\/\\\/www.webdo.tn\\\/fr\\\/actualite\\\/national\\\/les-temperatures-continuent-de-grimper\\\/207139\\\/\"]}]},{\"@type\":\"ImageObject\",\"inLanguage\":\"fr-FR\",\"@id\":\"https:\\\/\\\/www.webdo.tn\\\/fr\\\/actualite\\\/national\\\/les-temperatures-continuent-de-grimper\\\/207139\\\/#primaryimage\",\"url\":\"https:\\\/\\\/www.webdo.tn\\\/fr\\\/wp-content\\\/uploads\\\/2023\\\/07\\\/0a02ad4fc4d0dfedaee95506a2db75e9.jpg\",\"contentUrl\":\"https:\\\/\\\/www.webdo.tn\\\/fr\\\/wp-content\\\/uploads\\\/2023\\\/07\\\/0a02ad4fc4d0dfedaee95506a2db75e9.jpg\",\"width\":750,\"height\":400,\"caption\":\"Les Temp\u00e9ratures continuent de grimper !\"},{\"@type\":\"BreadcrumbList\",\"@id\":\"https:\\\/\\\/www.webdo.tn\\\/fr\\\/actualite\\\/national\\\/les-temperatures-continuent-de-grimper\\\/207139\\\/#breadcrumb\",\"itemListElement\":[{\"@type\":\"ListItem\",\"position\":1,\"name\":\"Accueil\",\"item\":\"https:\\\/\\\/www.webdo.tn\\\/fr\\\/\"},{\"@type\":\"ListItem\",\"position\":2,\"name\":\"Les Temp\u00e9ratures continuent de grimper !\"}]},{\"@type\":\"WebSite\",\"@id\":\"https:\\\/\\\/www.webdo.tn\\\/fr\\\/#website\",\"url\":\"https:\\\/\\\/www.webdo.tn\\\/fr\\\/\",\"name\":\"webdo\",\"description\":\"Tunisie - News en Tunisie et \u00e0 l&#039;international sur Webdo.tn\",\"publisher\":{\"@id\":\"https:\\\/\\\/www.webdo.tn\\\/fr\\\/#organization\"},\"potentialAction\":[{\"@type\":\"SearchAction\",\"target\":{\"@type\":\"EntryPoint\",\"urlTemplate\":\"https:\\\/\\\/www.webdo.tn\\\/fr\\\/?s={search_term_string}\"},\"query-input\":{\"@type\":\"PropertyValueSpecification\",\"valueRequired\":true,\"valueName\":\"search_term_string\"}}],\"inLanguage\":\"fr-FR\"},{\"@type\":\"Organization\",\"@id\":\"https:\\\/\\\/www.webdo.tn\\\/fr\\\/#organization\",\"name\":\"Webdo\",\"alternateName\":\"Webdo.tn\",\"url\":\"https:\\\/\\\/www.webdo.tn\\\/fr\\\/\",\"logo\":{\"@type\":\"ImageObject\",\"inLanguage\":\"fr-FR\",\"@id\":\"https:\\\/\\\/www.webdo.tn\\\/fr\\\/#\\\/schema\\\/logo\\\/image\\\/\",\"url\":\"https:\\\/\\\/www.webdo.tn\\\/fr\\\/wp-content\\\/uploads\\\/2025\\\/06\\\/Webdo-Tunisie_168377.jpg\",\"contentUrl\":\"https:\\\/\\\/www.webdo.tn\\\/fr\\\/wp-content\\\/uploads\\\/2025\\\/06\\\/Webdo-Tunisie_168377.jpg\",\"width\":301,\"height\":301,\"caption\":\"Webdo\"},\"image\":{\"@id\":\"https:\\\/\\\/www.webdo.tn\\\/fr\\\/#\\\/schema\\\/logo\\\/image\\\/\"},\"sameAs\":[\"https:\\\/\\\/www.facebook.com\\\/webdotn\",\"https:\\\/\\\/x.com\\\/webdo_tn\"],\"description\":\"Webdo est un m\u00e9dia num\u00e9rique tunisien fond\u00e9 en 2010, sp\u00e9cialis\u00e9 dans l\u2019actualit\u00e9 nationale et internationale, l\u2019\u00e9conomie, la soci\u00e9t\u00e9 et les analyses politiques. Le site s\u2019adresse \u00e0 un large public francophone et couvre l\u2019information tunisienne en temps r\u00e9el.\",\"email\":\"redac@webdo.tn\",\"legalName\":\"YNJ SARL\",\"foundingDate\":\"2010-09-06\",\"numberOfEmployees\":{\"@type\":\"QuantitativeValue\",\"minValue\":\"11\",\"maxValue\":\"50\"}},{\"@type\":\"Person\",\"@id\":\"https:\\\/\\\/www.webdo.tn\\\/fr\\\/#\\\/schema\\\/person\\\/2c4929cbf5a809e3bd38617c6ce150f6\",\"name\":\"MC\",\"image\":{\"@type\":\"ImageObject\",\"inLanguage\":\"fr-FR\",\"@id\":\"https:\\\/\\\/secure.gravatar.com\\\/avatar\\\/a545bbb6f84efdd5553dbbc2895e3ca8f1d12c5215e00a041c9670b54aa9b18a?s=96&d=mm&r=g\",\"url\":\"https:\\\/\\\/secure.gravatar.com\\\/avatar\\\/a545bbb6f84efdd5553dbbc2895e3ca8f1d12c5215e00a041c9670b54aa9b18a?s=96&d=mm&r=g\",\"contentUrl\":\"https:\\\/\\\/secure.gravatar.com\\\/avatar\\\/a545bbb6f84efdd5553dbbc2895e3ca8f1d12c5215e00a041c9670b54aa9b18a?s=96&d=mm&r=g\",\"caption\":\"MC\"},\"url\":\"https:\\\/\\\/www.webdo.tn\\\/fr\\\/actualite\\\/author\\\/mc\\\/\"}]}<\/script>\n<!-- \/ Yoast SEO Premium plugin. -->","yoast_head_json":{"title":"Les Temp\u00e9ratures continuent de grimper !","description":"Mauvaise nouvelle pour tous ceux qui esp\u00e9raient une petite accalmie, les temp\u00e9ratures sont toujours en hausse !","canonical":"https:\/\/www.webdo.tn\/fr\/actualite\/national\/les-temperatures-continuent-de-grimper\/207139\/","og_locale":"fr_FR","og_type":"article","og_title":"Les Temp\u00e9ratures continuent de grimper !","og_description":"Mauvaise nouvelle pour tous ceux qui esp\u00e9raient une petite accalmie, les temp\u00e9ratures sont toujours en hausse !","og_url":"https:\/\/www.webdo.tn\/fr\/actualite\/national\/les-temperatures-continuent-de-grimper\/207139\/","og_site_name":"webdo","article_publisher":"https:\/\/www.facebook.com\/webdotn","article_published_time":"2023-07-10T08:57:00+00:00","article_modified_time":"2025-05-20T21:58:32+00:00","og_image":[{"width":750,"height":400,"url":"https:\/\/www.webdo.tn\/fr\/wp-content\/uploads\/2023\/07\/0a02ad4fc4d0dfedaee95506a2db75e9.jpg","type":"image\/jpeg"}],"author":"MC","twitter_card":"summary_large_image","twitter_creator":"@webdo_tn","twitter_site":"@webdo_tn","twitter_misc":{"\u00c9crit par":"MC","Dur\u00e9e de lecture estim\u00e9e":"1 minute"},"schema":{"@context":"https:\/\/schema.org","@graph":[{"@type":"NewsArticle","@id":"https:\/\/www.webdo.tn\/fr\/actualite\/national\/les-temperatures-continuent-de-grimper\/207139\/#article","isPartOf":{"@id":"https:\/\/www.webdo.tn\/fr\/actualite\/national\/les-temperatures-continuent-de-grimper\/207139\/"},"author":{"name":"MC","@id":"https:\/\/www.webdo.tn\/fr\/#\/schema\/person\/2c4929cbf5a809e3bd38617c6ce150f6"},"headline":"Les Temp\u00e9ratures continuent de grimper !","datePublished":"2023-07-10T08:57:00+00:00","dateModified":"2025-05-20T21:58:32+00:00","mainEntityOfPage":{"@id":"https:\/\/www.webdo.tn\/fr\/actualite\/national\/les-temperatures-continuent-de-grimper\/207139\/"},"wordCount":201,"commentCount":0,"publisher":{"@id":"https:\/\/www.webdo.tn\/fr\/#organization"},"image":{"@id":"https:\/\/www.webdo.tn\/fr\/actualite\/national\/les-temperatures-continuent-de-grimper\/207139\/#primaryimage"},"thumbnailUrl":"https:\/\/www.webdo.tn\/fr\/wp-content\/uploads\/2023\/07\/0a02ad4fc4d0dfedaee95506a2db75e9.jpg","keywords":["Canicule","chaleur","m\u00e9t\u00e9o","temp\u00e9ratures"],"articleSection":["National"],"inLanguage":"fr-FR"},{"@type":"WebPage","@id":"https:\/\/www.webdo.tn\/fr\/actualite\/national\/les-temperatures-continuent-de-grimper\/207139\/","url":"https:\/\/www.webdo.tn\/fr\/actualite\/national\/les-temperatures-continuent-de-grimper\/207139\/","name":"Les Temp\u00e9ratures continuent de grimper !","isPartOf":{"@id":"https:\/\/www.webdo.tn\/fr\/#website"},"primaryImageOfPage":{"@id":"https:\/\/www.webdo.tn\/fr\/actualite\/national\/les-temperatures-continuent-de-grimper\/207139\/#primaryimage"},"image":{"@id":"https:\/\/www.webdo.tn\/fr\/actualite\/national\/les-temperatures-continuent-de-grimper\/207139\/#primaryimage"},"thumbnailUrl":"https:\/\/www.webdo.tn\/fr\/wp-content\/uploads\/2023\/07\/0a02ad4fc4d0dfedaee95506a2db75e9.jpg","datePublished":"2023-07-10T08:57:00+00:00","dateModified":"2025-05-20T21:58:32+00:00","description":"Mauvaise nouvelle pour tous ceux qui esp\u00e9raient une petite accalmie, les temp\u00e9ratures sont toujours en hausse !","breadcrumb":{"@id":"https:\/\/www.webdo.tn\/fr\/actualite\/national\/les-temperatures-continuent-de-grimper\/207139\/#breadcrumb"},"inLanguage":"fr-FR","potentialAction":[{"@type":"ReadAction","target":["https:\/\/www.webdo.tn\/fr\/actualite\/national\/les-temperatures-continuent-de-grimper\/207139\/"]}]},{"@type":"ImageObject","inLanguage":"fr-FR","@id":"https:\/\/www.webdo.tn\/fr\/actualite\/national\/les-temperatures-continuent-de-grimper\/207139\/#primaryimage","url":"https:\/\/www.webdo.tn\/fr\/wp-content\/uploads\/2023\/07\/0a02ad4fc4d0dfedaee95506a2db75e9.jpg","contentUrl":"https:\/\/www.webdo.tn\/fr\/wp-content\/uploads\/2023\/07\/0a02ad4fc4d0dfedaee95506a2db75e9.jpg","width":750,"height":400,"caption":"Les Temp\u00e9ratures continuent de grimper !"},{"@type":"BreadcrumbList","@id":"https:\/\/www.webdo.tn\/fr\/actualite\/national\/les-temperatures-continuent-de-grimper\/207139\/#breadcrumb","itemListElement":[{"@type":"ListItem","position":1,"name":"Accueil","item":"https:\/\/www.webdo.tn\/fr\/"},{"@type":"ListItem","position":2,"name":"Les Temp\u00e9ratures continuent de grimper !"}]},{"@type":"WebSite","@id":"https:\/\/www.webdo.tn\/fr\/#website","url":"https:\/\/www.webdo.tn\/fr\/","name":"webdo","description":"Tunisie - News en Tunisie et \u00e0 l&#039;international sur Webdo.tn","publisher":{"@id":"https:\/\/www.webdo.tn\/fr\/#organization"},"potentialAction":[{"@type":"SearchAction","target":{"@type":"EntryPoint","urlTemplate":"https:\/\/www.webdo.tn\/fr\/?s={search_term_string}"},"query-input":{"@type":"PropertyValueSpecification","valueRequired":true,"valueName":"search_term_string"}}],"inLanguage":"fr-FR"},{"@type":"Organization","@id":"https:\/\/www.webdo.tn\/fr\/#organization","name":"Webdo","alternateName":"Webdo.tn","url":"https:\/\/www.webdo.tn\/fr\/","logo":{"@type":"ImageObject","inLanguage":"fr-FR","@id":"https:\/\/www.webdo.tn\/fr\/#\/schema\/logo\/image\/","url":"https:\/\/www.webdo.tn\/fr\/wp-content\/uploads\/2025\/06\/Webdo-Tunisie_168377.jpg","contentUrl":"https:\/\/www.webdo.tn\/fr\/wp-content\/uploads\/2025\/06\/Webdo-Tunisie_168377.jpg","width":301,"height":301,"caption":"Webdo"},"image":{"@id":"https:\/\/www.webdo.tn\/fr\/#\/schema\/logo\/image\/"},"sameAs":["https:\/\/www.facebook.com\/webdotn","https:\/\/x.com\/webdo_tn"],"description":"Webdo est un m\u00e9dia num\u00e9rique tunisien fond\u00e9 en 2010, sp\u00e9cialis\u00e9 dans l\u2019actualit\u00e9 nationale et internationale, l\u2019\u00e9conomie, la soci\u00e9t\u00e9 et les analyses politiques. Le site s\u2019adresse \u00e0 un large public francophone et couvre l\u2019information tunisienne en temps r\u00e9el.","email":"redac@webdo.tn","legalName":"YNJ SARL","foundingDate":"2010-09-06","numberOfEmployees":{"@type":"QuantitativeValue","minValue":"11","maxValue":"50"}},{"@type":"Person","@id":"https:\/\/www.webdo.tn\/fr\/#\/schema\/person\/2c4929cbf5a809e3bd38617c6ce150f6","name":"MC","image":{"@type":"ImageObject","inLanguage":"fr-FR","@id":"https:\/\/secure.gravatar.com\/avatar\/a545bbb6f84efdd5553dbbc2895e3ca8f1d12c5215e00a041c9670b54aa9b18a?s=96&d=mm&r=g","url":"https:\/\/secure.gravatar.com\/avatar\/a545bbb6f84efdd5553dbbc2895e3ca8f1d12c5215e00a041c9670b54aa9b18a?s=96&d=mm&r=g","contentUrl":"https:\/\/secure.gravatar.com\/avatar\/a545bbb6f84efdd5553dbbc2895e3ca8f1d12c5215e00a041c9670b54aa9b18a?s=96&d=mm&r=g","caption":"MC"},"url":"https:\/\/www.webdo.tn\/fr\/actualite\/author\/mc\/"}]}},"_links":{"self":[{"href":"https:\/\/www.webdo.tn\/fr\/wp-json\/wp\/v2\/posts\/207139","targetHints":{"allow":["GET"]}}],"collection":[{"href":"https:\/\/www.webdo.tn\/fr\/wp-json\/wp\/v2\/posts"}],"about":[{"href":"https:\/\/www.webdo.tn\/fr\/wp-json\/wp\/v2\/types\/post"}],"author":[{"embeddable":true,"href":"https:\/\/www.webdo.tn\/fr\/wp-json\/wp\/v2\/users\/3162"}],"replies":[{"embeddable":true,"href":"https:\/\/www.webdo.tn\/fr\/wp-json\/wp\/v2\/comments?post=207139"}],"version-history":[{"count":0,"href":"https:\/\/www.webdo.tn\/fr\/wp-json\/wp\/v2\/posts\/207139\/revisions"}],"wp:featuredmedia":[{"embeddable":true,"href":"https:\/\/www.webdo.tn\/fr\/wp-json\/wp\/v2\/media\/249804"}],"wp:attachment":[{"href":"https:\/\/www.webdo.tn\/fr\/wp-json\/wp\/v2\/media?parent=207139"}],"wp:term":[{"taxonomy":"category","embeddable":true,"href":"https:\/\/www.webdo.tn\/fr\/wp-json\/wp\/v2\/categories?post=207139"},{"taxonomy":"post_tag","embeddable":true,"href":"https:\/\/www.webdo.tn\/fr\/wp-json\/wp\/v2\/tags?post=207139"}],"curies":[{"name":"wp","href":"https:\/\/api.w.org\/{rel}","templated":true}]}}