{"id":207138,"date":"2023-07-10T08:40:00","date_gmt":"2023-07-10T08:40:00","guid":{"rendered":"https:\/\/www.webdo.tn\/fr\/blog\/programme-de-la-phase-finale-de-la-coupe-arabe-le-clasico-est-css-le-2-aout\/207138\/"},"modified":"2025-05-20T21:58:32","modified_gmt":"2025-05-20T21:58:32","slug":"programme-de-la-phase-finale-de-la-coupe-arabe-le-clasico-est-css-le-2-aout","status":"publish","type":"post","link":"https:\/\/www.webdo.tn\/fr\/actualite\/sport\/programme-de-la-phase-finale-de-la-coupe-arabe-le-clasico-est-css-le-2-aout\/207138\/","title":{"rendered":"Programme de la phase finale de la Coupe arabe : Le clasico EST-CSS, le 2 ao\u00fbt"},"content":{"rendered":"<p>Les seize \u00e9quipes qualifi\u00e9es pour la phase finale de la Coupe du Roi Salmane des clubs arabes pr\u00e9vue en Arabie Saoudite du 27 juillet au 12 ao\u00fbt prochain, ont \u00e9t\u00e9 r\u00e9parties en quatre groupes.<\/p>\n<p>\t\t\t\t\t\t\t\t\tEn marge du premier tour, les premiers et les deuxi\u00e8mes se qualifieront pour les quarts de finale.<\/p>\n<p>L&rsquo;Esp\u00e9rance ST et le CS Sfaxien \u00e9volueront dans le groupe A, l&rsquo;US Monastirienne dans le groupe C aux c\u00f4t\u00e9s d&rsquo;Al Nasr et du Shabab Saoudiens ainsi que du Zamalek d&rsquo;Egypte.<\/p>\n<p>PROGRAMME<\/p>\n<p>27 juillet<\/p>\n<p>\tGr B : Al Sadd (Qatar) 14h00 Wydad Casablanca (Maroc)<br \/>\n\tGr A : CS Sfaxien 16h00 Al Shorta (Irak)<br \/>\n\tGr B : Al Ahli Tripoli (Libye) 18h00 Al Hilal (Arabie Saoudite)<br \/>\n\tGr A : Esp\u00e9rance ST 20h00 Al Ittihad (Arabie Saoudite)<\/p>\n<p>28 juillet<\/p>\n<p>\tGr D : Chabab Riadhi Belouizdad (Alg\u00e9rie) 14h00 Raja Casablanca (Maroc)<br \/>\n\tGr C : US Monastirienne 16h00 Zamalek (Egypte)<br \/>\n\tGr D : Al Kowe\u00eft (Kowe\u00eft) 18h00 Al Wehda (Emirats Arabes Unis)<br \/>\n\tGr C : Al Nasr (Arabie Saoudite) 20h00 Al Shabab (Arabie Saoudite)<\/p>\n<p>30 juillet<\/p>\n<p>\tGr B : Wydad Casablanca (Maroc) 14h00 Al Ahli Tripoli (Libye)<br \/>\n\tGr A : Esp\u00e9rance ST 16h00 Al Shorta (Irak)<br \/>\n\tGr B : Al Hilal (Arabie Saoudite) 18h00 Al Sadd (Qatar)<br \/>\n\tGr A : CS Sfaxien 20h00 Al Ittihad (Arabie Saoudite)<\/p>\n<p>31 juillet<\/p>\n<p>\tGr D : Chabab Riadhi Belouizdad (Alg\u00e9rie) 14h00 Al Wehda (Emirats Arabes Unis)<br \/>\n\tGr C : Zamalek (Egypte) 16h00 Al Shabab (Arabie Saoudite)<br \/>\n\tGr D : Raja Casablanca (Maroc) 18h00 Al Kowe\u00eft (Kowe\u00eft)<br \/>\n\tGr C : US Monastirienne 20h00 Al Nasr (Arabie Saoudite)<\/p>\n<p>2 ao\u00fbt<\/p>\n<p>\tGr B : Al Hilal (Arabie Saoudite) 14h00 Wydad Casablanca (Maroc)<br \/>\n\tGr B : Al Sadd (Qatar) 14h00 Al Ahli Tripoli (Libye)<br \/>\n\tGr A : Esp\u00e9rance ST 16h00 CS Sfaxien<br \/>\n\tGr A : Al Ittihad (Arabie Saoudite) 16h00 Al Shorta (Irak)<\/p>\n<p>3 ao\u00fbt<\/p>\n<p>\tGr D : Raja Casablanca (Maroc) 14h00 Al Wehda (Emirats Arabes Unis)<br \/>\n\tGr D : Al Kowe\u00eft (Kowe\u00eft) 14h00 Chabab Riadhi Belouizdad (Alg\u00e9rie)<br \/>\n\tGr C : US Monastirienne 16h00 Al Shabab (Arabie Saoudite)<br \/>\n\tGr C : Zamalek (Egypte) 16h00 Al Nasr (Arabie Saoudite)<\/p>\n<p>Quarts de finale<\/p>\n<p>\t5 ao\u00fbt : 2\u00e8me A 16h00 1er B<br \/>\n\t5 ao\u00fbt : 2\u00e8me B 19h00 1er A<br \/>\n\t6 ao\u00fbt : 2\u00e8me C 16h00 1er D<br \/>\n\t6 ao\u00fbt : 2\u00e8me D 19h00 1er C<\/p>\n<p>Demi-finales<\/p>\n<p>\t9 ao\u00fbt : Vainqueur quart 1 16h00 Vainqueur quart 3<br \/>\n\t9 ao\u00fbt : Vainqueur quart 2 19h00 Vainqueur quart 4<\/p>\n<p>Finale<\/p>\n<p>12 ao\u00fbt \u00e0 19h00<\/p>\n","protected":false},"excerpt":{"rendered":"<p>Les seize \u00e9quipes qualifi\u00e9es pour la phase finale de la Coupe du Roi Salmane des clubs arabes pr\u00e9vue en Arabie Saoudite du 27 juillet au 12 ao\u00fbt prochain, ont \u00e9&#8230;<\/p>\n","protected":false},"author":3162,"featured_media":249802,"comment_status":"open","ping_status":"closed","sticky":false,"template":"","format":"standard","meta":{"footnotes":""},"categories":[2593],"tags":[8157,4606,3437,3891],"class_list":["post-207138","post","type-post","status-publish","format-standard","has-post-thumbnail","hentry","category-sport","tag-coupe-arabe","tag-cs-sfaxien","tag-esperance","tag-us-monastir"],"yoast_head":"<!-- This site is optimized with the Yoast SEO Premium plugin v27.4 (Yoast SEO v27.5) - https:\/\/yoast.com\/product\/yoast-seo-premium-wordpress\/ -->\n<title>Programme de la phase finale de la Coupe arabe : Le clasico EST-CSS, le 2 ao\u00fbt<\/title>\n<meta name=\"description\" content=\"Les seize \u00e9quipes qualifi\u00e9es pour la phase finale de la Coupe du Roi Salmane des clubs arabes pr\u00e9vue en Arabie Saoudite du 27 juillet au 12 ao\u00fbt prochain, ont \u00e9...\" \/>\n<link rel=\"canonical\" href=\"https:\/\/www.webdo.tn\/fr\/actualite\/sport\/programme-de-la-phase-finale-de-la-coupe-arabe-le-clasico-est-css-le-2-aout\/207138\/\" \/>\n<meta property=\"og:locale\" content=\"fr_FR\" \/>\n<meta property=\"og:type\" content=\"article\" \/>\n<meta property=\"og:title\" content=\"Programme de la phase finale de la Coupe arabe : Le clasico EST-CSS, le 2 ao\u00fbt\" \/>\n<meta property=\"og:description\" content=\"Les seize \u00e9quipes qualifi\u00e9es pour la phase finale de la Coupe du Roi Salmane des clubs arabes pr\u00e9vue en Arabie Saoudite du 27 juillet au 12 ao\u00fbt prochain, ont \u00e9...\" \/>\n<meta property=\"og:url\" content=\"https:\/\/www.webdo.tn\/fr\/actualite\/sport\/programme-de-la-phase-finale-de-la-coupe-arabe-le-clasico-est-css-le-2-aout\/207138\/\" \/>\n<meta property=\"og:site_name\" content=\"webdo\" \/>\n<meta property=\"article:publisher\" content=\"https:\/\/www.facebook.com\/webdotn\" \/>\n<meta property=\"article:published_time\" content=\"2023-07-10T08:40:00+00:00\" \/>\n<meta property=\"article:modified_time\" content=\"2025-05-20T21:58:32+00:00\" \/>\n<meta property=\"og:image\" content=\"https:\/\/www.webdo.tn\/fr\/wp-content\/uploads\/2023\/07\/b29e7d3e7d87cb97324945f4edc877f5.jpg\" \/>\n\t<meta property=\"og:image:width\" content=\"750\" \/>\n\t<meta property=\"og:image:height\" content=\"400\" \/>\n\t<meta property=\"og:image:type\" content=\"image\/jpeg\" \/>\n<meta name=\"author\" content=\"MC\" \/>\n<meta name=\"twitter:card\" content=\"summary_large_image\" \/>\n<meta name=\"twitter:creator\" content=\"@webdo_tn\" \/>\n<meta name=\"twitter:site\" content=\"@webdo_tn\" \/>\n<meta name=\"twitter:label1\" content=\"\u00c9crit par\" \/>\n\t<meta name=\"twitter:data1\" content=\"MC\" \/>\n\t<meta name=\"twitter:label2\" content=\"Dur\u00e9e de lecture estim\u00e9e\" \/>\n\t<meta name=\"twitter:data2\" content=\"2 minutes\" \/>\n<script type=\"application\/ld+json\" class=\"yoast-schema-graph\">{\"@context\":\"https:\\\/\\\/schema.org\",\"@graph\":[{\"@type\":\"NewsArticle\",\"@id\":\"https:\\\/\\\/www.webdo.tn\\\/fr\\\/actualite\\\/sport\\\/programme-de-la-phase-finale-de-la-coupe-arabe-le-clasico-est-css-le-2-aout\\\/207138\\\/#article\",\"isPartOf\":{\"@id\":\"https:\\\/\\\/www.webdo.tn\\\/fr\\\/actualite\\\/sport\\\/programme-de-la-phase-finale-de-la-coupe-arabe-le-clasico-est-css-le-2-aout\\\/207138\\\/\"},\"author\":{\"name\":\"MC\",\"@id\":\"https:\\\/\\\/www.webdo.tn\\\/fr\\\/#\\\/schema\\\/person\\\/2c4929cbf5a809e3bd38617c6ce150f6\"},\"headline\":\"Programme de la phase finale de la Coupe arabe : Le clasico EST-CSS, le 2 ao\u00fbt\",\"datePublished\":\"2023-07-10T08:40:00+00:00\",\"dateModified\":\"2025-05-20T21:58:32+00:00\",\"mainEntityOfPage\":{\"@id\":\"https:\\\/\\\/www.webdo.tn\\\/fr\\\/actualite\\\/sport\\\/programme-de-la-phase-finale-de-la-coupe-arabe-le-clasico-est-css-le-2-aout\\\/207138\\\/\"},\"wordCount\":405,\"commentCount\":0,\"publisher\":{\"@id\":\"https:\\\/\\\/www.webdo.tn\\\/fr\\\/#organization\"},\"image\":{\"@id\":\"https:\\\/\\\/www.webdo.tn\\\/fr\\\/actualite\\\/sport\\\/programme-de-la-phase-finale-de-la-coupe-arabe-le-clasico-est-css-le-2-aout\\\/207138\\\/#primaryimage\"},\"thumbnailUrl\":\"https:\\\/\\\/www.webdo.tn\\\/fr\\\/wp-content\\\/uploads\\\/2023\\\/07\\\/b29e7d3e7d87cb97324945f4edc877f5.jpg\",\"keywords\":[\"Coupe Arabe\",\"cs sfaxien\",\"esp\u00e9rance\",\"US Monastir\"],\"articleSection\":[\"Sport\"],\"inLanguage\":\"fr-FR\"},{\"@type\":\"WebPage\",\"@id\":\"https:\\\/\\\/www.webdo.tn\\\/fr\\\/actualite\\\/sport\\\/programme-de-la-phase-finale-de-la-coupe-arabe-le-clasico-est-css-le-2-aout\\\/207138\\\/\",\"url\":\"https:\\\/\\\/www.webdo.tn\\\/fr\\\/actualite\\\/sport\\\/programme-de-la-phase-finale-de-la-coupe-arabe-le-clasico-est-css-le-2-aout\\\/207138\\\/\",\"name\":\"Programme de la phase finale de la Coupe arabe : Le clasico EST-CSS, le 2 ao\u00fbt\",\"isPartOf\":{\"@id\":\"https:\\\/\\\/www.webdo.tn\\\/fr\\\/#website\"},\"primaryImageOfPage\":{\"@id\":\"https:\\\/\\\/www.webdo.tn\\\/fr\\\/actualite\\\/sport\\\/programme-de-la-phase-finale-de-la-coupe-arabe-le-clasico-est-css-le-2-aout\\\/207138\\\/#primaryimage\"},\"image\":{\"@id\":\"https:\\\/\\\/www.webdo.tn\\\/fr\\\/actualite\\\/sport\\\/programme-de-la-phase-finale-de-la-coupe-arabe-le-clasico-est-css-le-2-aout\\\/207138\\\/#primaryimage\"},\"thumbnailUrl\":\"https:\\\/\\\/www.webdo.tn\\\/fr\\\/wp-content\\\/uploads\\\/2023\\\/07\\\/b29e7d3e7d87cb97324945f4edc877f5.jpg\",\"datePublished\":\"2023-07-10T08:40:00+00:00\",\"dateModified\":\"2025-05-20T21:58:32+00:00\",\"description\":\"Les seize \u00e9quipes qualifi\u00e9es pour la phase finale de la Coupe du Roi Salmane des clubs arabes pr\u00e9vue en Arabie Saoudite du 27 juillet au 12 ao\u00fbt prochain, ont \u00e9...\",\"breadcrumb\":{\"@id\":\"https:\\\/\\\/www.webdo.tn\\\/fr\\\/actualite\\\/sport\\\/programme-de-la-phase-finale-de-la-coupe-arabe-le-clasico-est-css-le-2-aout\\\/207138\\\/#breadcrumb\"},\"inLanguage\":\"fr-FR\",\"potentialAction\":[{\"@type\":\"ReadAction\",\"target\":[\"https:\\\/\\\/www.webdo.tn\\\/fr\\\/actualite\\\/sport\\\/programme-de-la-phase-finale-de-la-coupe-arabe-le-clasico-est-css-le-2-aout\\\/207138\\\/\"]}]},{\"@type\":\"ImageObject\",\"inLanguage\":\"fr-FR\",\"@id\":\"https:\\\/\\\/www.webdo.tn\\\/fr\\\/actualite\\\/sport\\\/programme-de-la-phase-finale-de-la-coupe-arabe-le-clasico-est-css-le-2-aout\\\/207138\\\/#primaryimage\",\"url\":\"https:\\\/\\\/www.webdo.tn\\\/fr\\\/wp-content\\\/uploads\\\/2023\\\/07\\\/b29e7d3e7d87cb97324945f4edc877f5.jpg\",\"contentUrl\":\"https:\\\/\\\/www.webdo.tn\\\/fr\\\/wp-content\\\/uploads\\\/2023\\\/07\\\/b29e7d3e7d87cb97324945f4edc877f5.jpg\",\"width\":750,\"height\":400,\"caption\":\"Programme de la phase finale de la Coupe arabe : Le clasico EST-CSS, le 2 ao\u00fbt\"},{\"@type\":\"BreadcrumbList\",\"@id\":\"https:\\\/\\\/www.webdo.tn\\\/fr\\\/actualite\\\/sport\\\/programme-de-la-phase-finale-de-la-coupe-arabe-le-clasico-est-css-le-2-aout\\\/207138\\\/#breadcrumb\",\"itemListElement\":[{\"@type\":\"ListItem\",\"position\":1,\"name\":\"Accueil\",\"item\":\"https:\\\/\\\/www.webdo.tn\\\/fr\\\/\"},{\"@type\":\"ListItem\",\"position\":2,\"name\":\"Programme de la phase finale de la Coupe arabe : Le clasico EST-CSS, le 2 ao\u00fbt\"}]},{\"@type\":\"WebSite\",\"@id\":\"https:\\\/\\\/www.webdo.tn\\\/fr\\\/#website\",\"url\":\"https:\\\/\\\/www.webdo.tn\\\/fr\\\/\",\"name\":\"webdo\",\"description\":\"Tunisie - News en Tunisie et \u00e0 l&#039;international sur Webdo.tn\",\"publisher\":{\"@id\":\"https:\\\/\\\/www.webdo.tn\\\/fr\\\/#organization\"},\"potentialAction\":[{\"@type\":\"SearchAction\",\"target\":{\"@type\":\"EntryPoint\",\"urlTemplate\":\"https:\\\/\\\/www.webdo.tn\\\/fr\\\/?s={search_term_string}\"},\"query-input\":{\"@type\":\"PropertyValueSpecification\",\"valueRequired\":true,\"valueName\":\"search_term_string\"}}],\"inLanguage\":\"fr-FR\"},{\"@type\":\"Organization\",\"@id\":\"https:\\\/\\\/www.webdo.tn\\\/fr\\\/#organization\",\"name\":\"Webdo\",\"alternateName\":\"Webdo.tn\",\"url\":\"https:\\\/\\\/www.webdo.tn\\\/fr\\\/\",\"logo\":{\"@type\":\"ImageObject\",\"inLanguage\":\"fr-FR\",\"@id\":\"https:\\\/\\\/www.webdo.tn\\\/fr\\\/#\\\/schema\\\/logo\\\/image\\\/\",\"url\":\"https:\\\/\\\/www.webdo.tn\\\/fr\\\/wp-content\\\/uploads\\\/2025\\\/06\\\/Webdo-Tunisie_168377.jpg\",\"contentUrl\":\"https:\\\/\\\/www.webdo.tn\\\/fr\\\/wp-content\\\/uploads\\\/2025\\\/06\\\/Webdo-Tunisie_168377.jpg\",\"width\":301,\"height\":301,\"caption\":\"Webdo\"},\"image\":{\"@id\":\"https:\\\/\\\/www.webdo.tn\\\/fr\\\/#\\\/schema\\\/logo\\\/image\\\/\"},\"sameAs\":[\"https:\\\/\\\/www.facebook.com\\\/webdotn\",\"https:\\\/\\\/x.com\\\/webdo_tn\"],\"description\":\"Webdo est un m\u00e9dia num\u00e9rique tunisien fond\u00e9 en 2010, sp\u00e9cialis\u00e9 dans l\u2019actualit\u00e9 nationale et internationale, l\u2019\u00e9conomie, la soci\u00e9t\u00e9 et les analyses politiques. Le site s\u2019adresse \u00e0 un large public francophone et couvre l\u2019information tunisienne en temps r\u00e9el.\",\"email\":\"redac@webdo.tn\",\"legalName\":\"YNJ SARL\",\"foundingDate\":\"2010-09-06\",\"numberOfEmployees\":{\"@type\":\"QuantitativeValue\",\"minValue\":\"11\",\"maxValue\":\"50\"}},{\"@type\":\"Person\",\"@id\":\"https:\\\/\\\/www.webdo.tn\\\/fr\\\/#\\\/schema\\\/person\\\/2c4929cbf5a809e3bd38617c6ce150f6\",\"name\":\"MC\",\"image\":{\"@type\":\"ImageObject\",\"inLanguage\":\"fr-FR\",\"@id\":\"https:\\\/\\\/secure.gravatar.com\\\/avatar\\\/a545bbb6f84efdd5553dbbc2895e3ca8f1d12c5215e00a041c9670b54aa9b18a?s=96&d=mm&r=g\",\"url\":\"https:\\\/\\\/secure.gravatar.com\\\/avatar\\\/a545bbb6f84efdd5553dbbc2895e3ca8f1d12c5215e00a041c9670b54aa9b18a?s=96&d=mm&r=g\",\"contentUrl\":\"https:\\\/\\\/secure.gravatar.com\\\/avatar\\\/a545bbb6f84efdd5553dbbc2895e3ca8f1d12c5215e00a041c9670b54aa9b18a?s=96&d=mm&r=g\",\"caption\":\"MC\"},\"url\":\"https:\\\/\\\/www.webdo.tn\\\/fr\\\/actualite\\\/author\\\/mc\\\/\"}]}<\/script>\n<!-- \/ Yoast SEO Premium plugin. -->","yoast_head_json":{"title":"Programme de la phase finale de la Coupe arabe : Le clasico EST-CSS, le 2 ao\u00fbt","description":"Les seize \u00e9quipes qualifi\u00e9es pour la phase finale de la Coupe du Roi Salmane des clubs arabes pr\u00e9vue en Arabie Saoudite du 27 juillet au 12 ao\u00fbt prochain, ont \u00e9...","canonical":"https:\/\/www.webdo.tn\/fr\/actualite\/sport\/programme-de-la-phase-finale-de-la-coupe-arabe-le-clasico-est-css-le-2-aout\/207138\/","og_locale":"fr_FR","og_type":"article","og_title":"Programme de la phase finale de la Coupe arabe : Le clasico EST-CSS, le 2 ao\u00fbt","og_description":"Les seize \u00e9quipes qualifi\u00e9es pour la phase finale de la Coupe du Roi Salmane des clubs arabes pr\u00e9vue en Arabie Saoudite du 27 juillet au 12 ao\u00fbt prochain, ont \u00e9...","og_url":"https:\/\/www.webdo.tn\/fr\/actualite\/sport\/programme-de-la-phase-finale-de-la-coupe-arabe-le-clasico-est-css-le-2-aout\/207138\/","og_site_name":"webdo","article_publisher":"https:\/\/www.facebook.com\/webdotn","article_published_time":"2023-07-10T08:40:00+00:00","article_modified_time":"2025-05-20T21:58:32+00:00","og_image":[{"width":750,"height":400,"url":"https:\/\/www.webdo.tn\/fr\/wp-content\/uploads\/2023\/07\/b29e7d3e7d87cb97324945f4edc877f5.jpg","type":"image\/jpeg"}],"author":"MC","twitter_card":"summary_large_image","twitter_creator":"@webdo_tn","twitter_site":"@webdo_tn","twitter_misc":{"\u00c9crit par":"MC","Dur\u00e9e de lecture estim\u00e9e":"2 minutes"},"schema":{"@context":"https:\/\/schema.org","@graph":[{"@type":"NewsArticle","@id":"https:\/\/www.webdo.tn\/fr\/actualite\/sport\/programme-de-la-phase-finale-de-la-coupe-arabe-le-clasico-est-css-le-2-aout\/207138\/#article","isPartOf":{"@id":"https:\/\/www.webdo.tn\/fr\/actualite\/sport\/programme-de-la-phase-finale-de-la-coupe-arabe-le-clasico-est-css-le-2-aout\/207138\/"},"author":{"name":"MC","@id":"https:\/\/www.webdo.tn\/fr\/#\/schema\/person\/2c4929cbf5a809e3bd38617c6ce150f6"},"headline":"Programme de la phase finale de la Coupe arabe : Le clasico EST-CSS, le 2 ao\u00fbt","datePublished":"2023-07-10T08:40:00+00:00","dateModified":"2025-05-20T21:58:32+00:00","mainEntityOfPage":{"@id":"https:\/\/www.webdo.tn\/fr\/actualite\/sport\/programme-de-la-phase-finale-de-la-coupe-arabe-le-clasico-est-css-le-2-aout\/207138\/"},"wordCount":405,"commentCount":0,"publisher":{"@id":"https:\/\/www.webdo.tn\/fr\/#organization"},"image":{"@id":"https:\/\/www.webdo.tn\/fr\/actualite\/sport\/programme-de-la-phase-finale-de-la-coupe-arabe-le-clasico-est-css-le-2-aout\/207138\/#primaryimage"},"thumbnailUrl":"https:\/\/www.webdo.tn\/fr\/wp-content\/uploads\/2023\/07\/b29e7d3e7d87cb97324945f4edc877f5.jpg","keywords":["Coupe Arabe","cs sfaxien","esp\u00e9rance","US Monastir"],"articleSection":["Sport"],"inLanguage":"fr-FR"},{"@type":"WebPage","@id":"https:\/\/www.webdo.tn\/fr\/actualite\/sport\/programme-de-la-phase-finale-de-la-coupe-arabe-le-clasico-est-css-le-2-aout\/207138\/","url":"https:\/\/www.webdo.tn\/fr\/actualite\/sport\/programme-de-la-phase-finale-de-la-coupe-arabe-le-clasico-est-css-le-2-aout\/207138\/","name":"Programme de la phase finale de la Coupe arabe : Le clasico EST-CSS, le 2 ao\u00fbt","isPartOf":{"@id":"https:\/\/www.webdo.tn\/fr\/#website"},"primaryImageOfPage":{"@id":"https:\/\/www.webdo.tn\/fr\/actualite\/sport\/programme-de-la-phase-finale-de-la-coupe-arabe-le-clasico-est-css-le-2-aout\/207138\/#primaryimage"},"image":{"@id":"https:\/\/www.webdo.tn\/fr\/actualite\/sport\/programme-de-la-phase-finale-de-la-coupe-arabe-le-clasico-est-css-le-2-aout\/207138\/#primaryimage"},"thumbnailUrl":"https:\/\/www.webdo.tn\/fr\/wp-content\/uploads\/2023\/07\/b29e7d3e7d87cb97324945f4edc877f5.jpg","datePublished":"2023-07-10T08:40:00+00:00","dateModified":"2025-05-20T21:58:32+00:00","description":"Les seize \u00e9quipes qualifi\u00e9es pour la phase finale de la Coupe du Roi Salmane des clubs arabes pr\u00e9vue en Arabie Saoudite du 27 juillet au 12 ao\u00fbt prochain, ont \u00e9...","breadcrumb":{"@id":"https:\/\/www.webdo.tn\/fr\/actualite\/sport\/programme-de-la-phase-finale-de-la-coupe-arabe-le-clasico-est-css-le-2-aout\/207138\/#breadcrumb"},"inLanguage":"fr-FR","potentialAction":[{"@type":"ReadAction","target":["https:\/\/www.webdo.tn\/fr\/actualite\/sport\/programme-de-la-phase-finale-de-la-coupe-arabe-le-clasico-est-css-le-2-aout\/207138\/"]}]},{"@type":"ImageObject","inLanguage":"fr-FR","@id":"https:\/\/www.webdo.tn\/fr\/actualite\/sport\/programme-de-la-phase-finale-de-la-coupe-arabe-le-clasico-est-css-le-2-aout\/207138\/#primaryimage","url":"https:\/\/www.webdo.tn\/fr\/wp-content\/uploads\/2023\/07\/b29e7d3e7d87cb97324945f4edc877f5.jpg","contentUrl":"https:\/\/www.webdo.tn\/fr\/wp-content\/uploads\/2023\/07\/b29e7d3e7d87cb97324945f4edc877f5.jpg","width":750,"height":400,"caption":"Programme de la phase finale de la Coupe arabe : Le clasico EST-CSS, le 2 ao\u00fbt"},{"@type":"BreadcrumbList","@id":"https:\/\/www.webdo.tn\/fr\/actualite\/sport\/programme-de-la-phase-finale-de-la-coupe-arabe-le-clasico-est-css-le-2-aout\/207138\/#breadcrumb","itemListElement":[{"@type":"ListItem","position":1,"name":"Accueil","item":"https:\/\/www.webdo.tn\/fr\/"},{"@type":"ListItem","position":2,"name":"Programme de la phase finale de la Coupe arabe : Le clasico EST-CSS, le 2 ao\u00fbt"}]},{"@type":"WebSite","@id":"https:\/\/www.webdo.tn\/fr\/#website","url":"https:\/\/www.webdo.tn\/fr\/","name":"webdo","description":"Tunisie - News en Tunisie et \u00e0 l&#039;international sur Webdo.tn","publisher":{"@id":"https:\/\/www.webdo.tn\/fr\/#organization"},"potentialAction":[{"@type":"SearchAction","target":{"@type":"EntryPoint","urlTemplate":"https:\/\/www.webdo.tn\/fr\/?s={search_term_string}"},"query-input":{"@type":"PropertyValueSpecification","valueRequired":true,"valueName":"search_term_string"}}],"inLanguage":"fr-FR"},{"@type":"Organization","@id":"https:\/\/www.webdo.tn\/fr\/#organization","name":"Webdo","alternateName":"Webdo.tn","url":"https:\/\/www.webdo.tn\/fr\/","logo":{"@type":"ImageObject","inLanguage":"fr-FR","@id":"https:\/\/www.webdo.tn\/fr\/#\/schema\/logo\/image\/","url":"https:\/\/www.webdo.tn\/fr\/wp-content\/uploads\/2025\/06\/Webdo-Tunisie_168377.jpg","contentUrl":"https:\/\/www.webdo.tn\/fr\/wp-content\/uploads\/2025\/06\/Webdo-Tunisie_168377.jpg","width":301,"height":301,"caption":"Webdo"},"image":{"@id":"https:\/\/www.webdo.tn\/fr\/#\/schema\/logo\/image\/"},"sameAs":["https:\/\/www.facebook.com\/webdotn","https:\/\/x.com\/webdo_tn"],"description":"Webdo est un m\u00e9dia num\u00e9rique tunisien fond\u00e9 en 2010, sp\u00e9cialis\u00e9 dans l\u2019actualit\u00e9 nationale et internationale, l\u2019\u00e9conomie, la soci\u00e9t\u00e9 et les analyses politiques. Le site s\u2019adresse \u00e0 un large public francophone et couvre l\u2019information tunisienne en temps r\u00e9el.","email":"redac@webdo.tn","legalName":"YNJ SARL","foundingDate":"2010-09-06","numberOfEmployees":{"@type":"QuantitativeValue","minValue":"11","maxValue":"50"}},{"@type":"Person","@id":"https:\/\/www.webdo.tn\/fr\/#\/schema\/person\/2c4929cbf5a809e3bd38617c6ce150f6","name":"MC","image":{"@type":"ImageObject","inLanguage":"fr-FR","@id":"https:\/\/secure.gravatar.com\/avatar\/a545bbb6f84efdd5553dbbc2895e3ca8f1d12c5215e00a041c9670b54aa9b18a?s=96&d=mm&r=g","url":"https:\/\/secure.gravatar.com\/avatar\/a545bbb6f84efdd5553dbbc2895e3ca8f1d12c5215e00a041c9670b54aa9b18a?s=96&d=mm&r=g","contentUrl":"https:\/\/secure.gravatar.com\/avatar\/a545bbb6f84efdd5553dbbc2895e3ca8f1d12c5215e00a041c9670b54aa9b18a?s=96&d=mm&r=g","caption":"MC"},"url":"https:\/\/www.webdo.tn\/fr\/actualite\/author\/mc\/"}]}},"_links":{"self":[{"href":"https:\/\/www.webdo.tn\/fr\/wp-json\/wp\/v2\/posts\/207138","targetHints":{"allow":["GET"]}}],"collection":[{"href":"https:\/\/www.webdo.tn\/fr\/wp-json\/wp\/v2\/posts"}],"about":[{"href":"https:\/\/www.webdo.tn\/fr\/wp-json\/wp\/v2\/types\/post"}],"author":[{"embeddable":true,"href":"https:\/\/www.webdo.tn\/fr\/wp-json\/wp\/v2\/users\/3162"}],"replies":[{"embeddable":true,"href":"https:\/\/www.webdo.tn\/fr\/wp-json\/wp\/v2\/comments?post=207138"}],"version-history":[{"count":0,"href":"https:\/\/www.webdo.tn\/fr\/wp-json\/wp\/v2\/posts\/207138\/revisions"}],"wp:featuredmedia":[{"embeddable":true,"href":"https:\/\/www.webdo.tn\/fr\/wp-json\/wp\/v2\/media\/249802"}],"wp:attachment":[{"href":"https:\/\/www.webdo.tn\/fr\/wp-json\/wp\/v2\/media?parent=207138"}],"wp:term":[{"taxonomy":"category","embeddable":true,"href":"https:\/\/www.webdo.tn\/fr\/wp-json\/wp\/v2\/categories?post=207138"},{"taxonomy":"post_tag","embeddable":true,"href":"https:\/\/www.webdo.tn\/fr\/wp-json\/wp\/v2\/tags?post=207138"}],"curies":[{"name":"wp","href":"https:\/\/api.w.org\/{rel}","templated":true}]}}