{"id":207137,"date":"2023-07-10T08:26:00","date_gmt":"2023-07-10T08:26:00","guid":{"rendered":"https:\/\/www.webdo.tn\/fr\/blog\/mondiaux-de-para-athletisme-raoua-tlili-decroche-l-or\/207137\/"},"modified":"2025-05-20T21:58:31","modified_gmt":"2025-05-20T21:58:31","slug":"mondiaux-de-para-athletisme-raoua-tlili-decroche-l-or","status":"publish","type":"post","link":"https:\/\/www.webdo.tn\/fr\/actualite\/sport\/mondiaux-de-para-athletisme-raoua-tlili-decroche-l-or\/207137\/","title":{"rendered":"Mondiaux de para-athl\u00e9tisme : Raoua Tlili d\u00e9croche l&rsquo;or"},"content":{"rendered":"<p>L\u2019athl\u00e8te Raoua Tlili (33 ans) a remport\u00e9, hier, la m\u00e9daille d&rsquo;or de lancer du poids dans sa cat\u00e9gorie (T41, petite taille), lors des Mondiaux de para-athl\u00e9tisme au stade Charl\u00e9ty \u00e0 Paris. Il s\u2019agit de la premi\u00e8re m\u00e9daille d\u2019or des championnats du monde d\u2019athl\u00e9tisme 2023.<\/p>\n<p>\t\t\t\t\t\t\t\t\tRaoua Tlili remporte ainsi son 5\u00e8me titre au lancer du poids en 6 participations aux championnats du monde.<\/p>\n<p>Elle, qui d\u00e9tient le record du monde du lancer du poids dans la cat\u00e9gorie T41 a devanc\u00e9 l\u2019Ouzbek Kubaro Khakimova (9,83 m) et la Colombienne Mayerli Buitrago (9,62 m). Mais avec un lancer \u00e0 10,15 m, la Tunisienne est loin de son record \u00e0 10,55 m \u00e9tabli lors des Jeux de Tokyo en ao\u00fbt 2021.<\/p>\n<p>Raoua Tlili (1,33 m) a d\u00e9but\u00e9 sa carri\u00e8re \u00e0 l\u2019\u00e2ge de 16 ans en participant aux Championnats du monde de para-athl\u00e9tisme 2006 \u00e0 Assen. Elle avait brill\u00e9 d\u00e8s ses d\u00e9buts avec une m\u00e9daille de bronze remport\u00e9e au lancer du poids, la seule m\u00e9daille non dor\u00e9e de sa carri\u00e8re dans la discipline.<\/p>\n<p>La reine du lancer n\u2019en a pas fini avec les championnats du monde 2023. Vendredi prochain, elle tentera de d\u00e9crocher son 10e titre au lancer du disque cette fois, discipline dont elle d\u00e9tient \u00e9galement le record du monde.<\/p>\n","protected":false},"excerpt":{"rendered":"<p>L\u2019athl\u00e8te Raoua Tlili (33 ans) a remport\u00e9, hier, la m\u00e9daille d&rsquo;or de lancer du poids dans sa cat\u00e9gorie (T41, petite taille), lors des Mondiaux de para-athl\u00e9tism&#8230;<\/p>\n","protected":false},"author":3162,"featured_media":249801,"comment_status":"open","ping_status":"closed","sticky":false,"template":"","format":"standard","meta":{"footnotes":""},"categories":[2593],"tags":[6451,5540,6478,5802],"class_list":["post-207137","post","type-post","status-publish","format-standard","has-post-thumbnail","hentry","category-sport","tag-championnats-du-monde","tag-medaille-dor","tag-para-athletisme","tag-raoua-tlili"],"yoast_head":"<!-- This site is optimized with the Yoast SEO Premium plugin v27.4 (Yoast SEO v27.5) - https:\/\/yoast.com\/product\/yoast-seo-premium-wordpress\/ -->\n<title>Mondiaux de para-athl\u00e9tisme : Raoua Tlili d\u00e9croche l&#039;or<\/title>\n<meta name=\"description\" content=\"L\u2019athl\u00e8te Raoua Tlili (33 ans) a remport\u00e9, hier, la m\u00e9daille d&#039;or de lancer du poids dans sa cat\u00e9gorie (T41, petite taille), lors des Mondiaux de para-athl\u00e9tism...\" \/>\n<link rel=\"canonical\" href=\"https:\/\/www.webdo.tn\/fr\/actualite\/sport\/mondiaux-de-para-athletisme-raoua-tlili-decroche-l-or\/207137\/\" \/>\n<meta property=\"og:locale\" content=\"fr_FR\" \/>\n<meta property=\"og:type\" content=\"article\" \/>\n<meta property=\"og:title\" content=\"Mondiaux de para-athl\u00e9tisme : Raoua Tlili d\u00e9croche l&#039;or\" \/>\n<meta property=\"og:description\" content=\"L\u2019athl\u00e8te Raoua Tlili (33 ans) a remport\u00e9, hier, la m\u00e9daille d&#039;or de lancer du poids dans sa cat\u00e9gorie (T41, petite taille), lors des Mondiaux de para-athl\u00e9tism...\" \/>\n<meta property=\"og:url\" content=\"https:\/\/www.webdo.tn\/fr\/actualite\/sport\/mondiaux-de-para-athletisme-raoua-tlili-decroche-l-or\/207137\/\" \/>\n<meta property=\"og:site_name\" content=\"webdo\" \/>\n<meta property=\"article:publisher\" content=\"https:\/\/www.facebook.com\/webdotn\" \/>\n<meta property=\"article:published_time\" content=\"2023-07-10T08:26:00+00:00\" \/>\n<meta property=\"article:modified_time\" content=\"2025-05-20T21:58:31+00:00\" \/>\n<meta property=\"og:image\" content=\"https:\/\/www.webdo.tn\/fr\/wp-content\/uploads\/2023\/07\/060ff1e7f817c8691a234d182a9d3668.jpeg\" \/>\n\t<meta property=\"og:image:width\" content=\"750\" \/>\n\t<meta property=\"og:image:height\" content=\"400\" \/>\n\t<meta property=\"og:image:type\" content=\"image\/jpeg\" \/>\n<meta name=\"author\" content=\"MC\" \/>\n<meta name=\"twitter:card\" content=\"summary_large_image\" \/>\n<meta name=\"twitter:creator\" content=\"@webdo_tn\" \/>\n<meta name=\"twitter:site\" content=\"@webdo_tn\" \/>\n<meta name=\"twitter:label1\" content=\"\u00c9crit par\" \/>\n\t<meta name=\"twitter:data1\" content=\"MC\" \/>\n\t<meta name=\"twitter:label2\" content=\"Dur\u00e9e de lecture estim\u00e9e\" \/>\n\t<meta name=\"twitter:data2\" content=\"1 minute\" \/>\n<script type=\"application\/ld+json\" class=\"yoast-schema-graph\">{\"@context\":\"https:\\\/\\\/schema.org\",\"@graph\":[{\"@type\":\"NewsArticle\",\"@id\":\"https:\\\/\\\/www.webdo.tn\\\/fr\\\/actualite\\\/sport\\\/mondiaux-de-para-athletisme-raoua-tlili-decroche-l-or\\\/207137\\\/#article\",\"isPartOf\":{\"@id\":\"https:\\\/\\\/www.webdo.tn\\\/fr\\\/actualite\\\/sport\\\/mondiaux-de-para-athletisme-raoua-tlili-decroche-l-or\\\/207137\\\/\"},\"author\":{\"name\":\"MC\",\"@id\":\"https:\\\/\\\/www.webdo.tn\\\/fr\\\/#\\\/schema\\\/person\\\/2c4929cbf5a809e3bd38617c6ce150f6\"},\"headline\":\"Mondiaux de para-athl\u00e9tisme : Raoua Tlili d\u00e9croche l&rsquo;or\",\"datePublished\":\"2023-07-10T08:26:00+00:00\",\"dateModified\":\"2025-05-20T21:58:31+00:00\",\"mainEntityOfPage\":{\"@id\":\"https:\\\/\\\/www.webdo.tn\\\/fr\\\/actualite\\\/sport\\\/mondiaux-de-para-athletisme-raoua-tlili-decroche-l-or\\\/207137\\\/\"},\"wordCount\":230,\"commentCount\":0,\"publisher\":{\"@id\":\"https:\\\/\\\/www.webdo.tn\\\/fr\\\/#organization\"},\"image\":{\"@id\":\"https:\\\/\\\/www.webdo.tn\\\/fr\\\/actualite\\\/sport\\\/mondiaux-de-para-athletisme-raoua-tlili-decroche-l-or\\\/207137\\\/#primaryimage\"},\"thumbnailUrl\":\"https:\\\/\\\/www.webdo.tn\\\/fr\\\/wp-content\\\/uploads\\\/2023\\\/07\\\/060ff1e7f817c8691a234d182a9d3668.jpeg\",\"keywords\":[\"championnats du monde\",\"m\u00e9daille d'or\",\"para-athl\u00e9tisme\",\"Raoua Tlili\"],\"articleSection\":[\"Sport\"],\"inLanguage\":\"fr-FR\"},{\"@type\":\"WebPage\",\"@id\":\"https:\\\/\\\/www.webdo.tn\\\/fr\\\/actualite\\\/sport\\\/mondiaux-de-para-athletisme-raoua-tlili-decroche-l-or\\\/207137\\\/\",\"url\":\"https:\\\/\\\/www.webdo.tn\\\/fr\\\/actualite\\\/sport\\\/mondiaux-de-para-athletisme-raoua-tlili-decroche-l-or\\\/207137\\\/\",\"name\":\"Mondiaux de para-athl\u00e9tisme : Raoua Tlili d\u00e9croche l'or\",\"isPartOf\":{\"@id\":\"https:\\\/\\\/www.webdo.tn\\\/fr\\\/#website\"},\"primaryImageOfPage\":{\"@id\":\"https:\\\/\\\/www.webdo.tn\\\/fr\\\/actualite\\\/sport\\\/mondiaux-de-para-athletisme-raoua-tlili-decroche-l-or\\\/207137\\\/#primaryimage\"},\"image\":{\"@id\":\"https:\\\/\\\/www.webdo.tn\\\/fr\\\/actualite\\\/sport\\\/mondiaux-de-para-athletisme-raoua-tlili-decroche-l-or\\\/207137\\\/#primaryimage\"},\"thumbnailUrl\":\"https:\\\/\\\/www.webdo.tn\\\/fr\\\/wp-content\\\/uploads\\\/2023\\\/07\\\/060ff1e7f817c8691a234d182a9d3668.jpeg\",\"datePublished\":\"2023-07-10T08:26:00+00:00\",\"dateModified\":\"2025-05-20T21:58:31+00:00\",\"description\":\"L\u2019athl\u00e8te Raoua Tlili (33 ans) a remport\u00e9, hier, la m\u00e9daille d'or de lancer du poids dans sa cat\u00e9gorie (T41, petite taille), lors des Mondiaux de para-athl\u00e9tism...\",\"breadcrumb\":{\"@id\":\"https:\\\/\\\/www.webdo.tn\\\/fr\\\/actualite\\\/sport\\\/mondiaux-de-para-athletisme-raoua-tlili-decroche-l-or\\\/207137\\\/#breadcrumb\"},\"inLanguage\":\"fr-FR\",\"potentialAction\":[{\"@type\":\"ReadAction\",\"target\":[\"https:\\\/\\\/www.webdo.tn\\\/fr\\\/actualite\\\/sport\\\/mondiaux-de-para-athletisme-raoua-tlili-decroche-l-or\\\/207137\\\/\"]}]},{\"@type\":\"ImageObject\",\"inLanguage\":\"fr-FR\",\"@id\":\"https:\\\/\\\/www.webdo.tn\\\/fr\\\/actualite\\\/sport\\\/mondiaux-de-para-athletisme-raoua-tlili-decroche-l-or\\\/207137\\\/#primaryimage\",\"url\":\"https:\\\/\\\/www.webdo.tn\\\/fr\\\/wp-content\\\/uploads\\\/2023\\\/07\\\/060ff1e7f817c8691a234d182a9d3668.jpeg\",\"contentUrl\":\"https:\\\/\\\/www.webdo.tn\\\/fr\\\/wp-content\\\/uploads\\\/2023\\\/07\\\/060ff1e7f817c8691a234d182a9d3668.jpeg\",\"width\":750,\"height\":400,\"caption\":\"Mondiaux de para-athl\u00e9tisme : Raoua Tlili d\u00e9croche l'or\"},{\"@type\":\"BreadcrumbList\",\"@id\":\"https:\\\/\\\/www.webdo.tn\\\/fr\\\/actualite\\\/sport\\\/mondiaux-de-para-athletisme-raoua-tlili-decroche-l-or\\\/207137\\\/#breadcrumb\",\"itemListElement\":[{\"@type\":\"ListItem\",\"position\":1,\"name\":\"Accueil\",\"item\":\"https:\\\/\\\/www.webdo.tn\\\/fr\\\/\"},{\"@type\":\"ListItem\",\"position\":2,\"name\":\"Mondiaux de para-athl\u00e9tisme : Raoua Tlili d\u00e9croche l&rsquo;or\"}]},{\"@type\":\"WebSite\",\"@id\":\"https:\\\/\\\/www.webdo.tn\\\/fr\\\/#website\",\"url\":\"https:\\\/\\\/www.webdo.tn\\\/fr\\\/\",\"name\":\"webdo\",\"description\":\"Tunisie - News en Tunisie et \u00e0 l&#039;international sur Webdo.tn\",\"publisher\":{\"@id\":\"https:\\\/\\\/www.webdo.tn\\\/fr\\\/#organization\"},\"potentialAction\":[{\"@type\":\"SearchAction\",\"target\":{\"@type\":\"EntryPoint\",\"urlTemplate\":\"https:\\\/\\\/www.webdo.tn\\\/fr\\\/?s={search_term_string}\"},\"query-input\":{\"@type\":\"PropertyValueSpecification\",\"valueRequired\":true,\"valueName\":\"search_term_string\"}}],\"inLanguage\":\"fr-FR\"},{\"@type\":\"Organization\",\"@id\":\"https:\\\/\\\/www.webdo.tn\\\/fr\\\/#organization\",\"name\":\"Webdo\",\"alternateName\":\"Webdo.tn\",\"url\":\"https:\\\/\\\/www.webdo.tn\\\/fr\\\/\",\"logo\":{\"@type\":\"ImageObject\",\"inLanguage\":\"fr-FR\",\"@id\":\"https:\\\/\\\/www.webdo.tn\\\/fr\\\/#\\\/schema\\\/logo\\\/image\\\/\",\"url\":\"https:\\\/\\\/www.webdo.tn\\\/fr\\\/wp-content\\\/uploads\\\/2025\\\/06\\\/Webdo-Tunisie_168377.jpg\",\"contentUrl\":\"https:\\\/\\\/www.webdo.tn\\\/fr\\\/wp-content\\\/uploads\\\/2025\\\/06\\\/Webdo-Tunisie_168377.jpg\",\"width\":301,\"height\":301,\"caption\":\"Webdo\"},\"image\":{\"@id\":\"https:\\\/\\\/www.webdo.tn\\\/fr\\\/#\\\/schema\\\/logo\\\/image\\\/\"},\"sameAs\":[\"https:\\\/\\\/www.facebook.com\\\/webdotn\",\"https:\\\/\\\/x.com\\\/webdo_tn\"],\"description\":\"Webdo est un m\u00e9dia num\u00e9rique tunisien fond\u00e9 en 2010, sp\u00e9cialis\u00e9 dans l\u2019actualit\u00e9 nationale et internationale, l\u2019\u00e9conomie, la soci\u00e9t\u00e9 et les analyses politiques. Le site s\u2019adresse \u00e0 un large public francophone et couvre l\u2019information tunisienne en temps r\u00e9el.\",\"email\":\"redac@webdo.tn\",\"legalName\":\"YNJ SARL\",\"foundingDate\":\"2010-09-06\",\"numberOfEmployees\":{\"@type\":\"QuantitativeValue\",\"minValue\":\"11\",\"maxValue\":\"50\"}},{\"@type\":\"Person\",\"@id\":\"https:\\\/\\\/www.webdo.tn\\\/fr\\\/#\\\/schema\\\/person\\\/2c4929cbf5a809e3bd38617c6ce150f6\",\"name\":\"MC\",\"image\":{\"@type\":\"ImageObject\",\"inLanguage\":\"fr-FR\",\"@id\":\"https:\\\/\\\/secure.gravatar.com\\\/avatar\\\/a545bbb6f84efdd5553dbbc2895e3ca8f1d12c5215e00a041c9670b54aa9b18a?s=96&d=mm&r=g\",\"url\":\"https:\\\/\\\/secure.gravatar.com\\\/avatar\\\/a545bbb6f84efdd5553dbbc2895e3ca8f1d12c5215e00a041c9670b54aa9b18a?s=96&d=mm&r=g\",\"contentUrl\":\"https:\\\/\\\/secure.gravatar.com\\\/avatar\\\/a545bbb6f84efdd5553dbbc2895e3ca8f1d12c5215e00a041c9670b54aa9b18a?s=96&d=mm&r=g\",\"caption\":\"MC\"},\"url\":\"https:\\\/\\\/www.webdo.tn\\\/fr\\\/actualite\\\/author\\\/mc\\\/\"}]}<\/script>\n<!-- \/ Yoast SEO Premium plugin. -->","yoast_head_json":{"title":"Mondiaux de para-athl\u00e9tisme : Raoua Tlili d\u00e9croche l'or","description":"L\u2019athl\u00e8te Raoua Tlili (33 ans) a remport\u00e9, hier, la m\u00e9daille d'or de lancer du poids dans sa cat\u00e9gorie (T41, petite taille), lors des Mondiaux de para-athl\u00e9tism...","canonical":"https:\/\/www.webdo.tn\/fr\/actualite\/sport\/mondiaux-de-para-athletisme-raoua-tlili-decroche-l-or\/207137\/","og_locale":"fr_FR","og_type":"article","og_title":"Mondiaux de para-athl\u00e9tisme : Raoua Tlili d\u00e9croche l'or","og_description":"L\u2019athl\u00e8te Raoua Tlili (33 ans) a remport\u00e9, hier, la m\u00e9daille d'or de lancer du poids dans sa cat\u00e9gorie (T41, petite taille), lors des Mondiaux de para-athl\u00e9tism...","og_url":"https:\/\/www.webdo.tn\/fr\/actualite\/sport\/mondiaux-de-para-athletisme-raoua-tlili-decroche-l-or\/207137\/","og_site_name":"webdo","article_publisher":"https:\/\/www.facebook.com\/webdotn","article_published_time":"2023-07-10T08:26:00+00:00","article_modified_time":"2025-05-20T21:58:31+00:00","og_image":[{"width":750,"height":400,"url":"https:\/\/www.webdo.tn\/fr\/wp-content\/uploads\/2023\/07\/060ff1e7f817c8691a234d182a9d3668.jpeg","type":"image\/jpeg"}],"author":"MC","twitter_card":"summary_large_image","twitter_creator":"@webdo_tn","twitter_site":"@webdo_tn","twitter_misc":{"\u00c9crit par":"MC","Dur\u00e9e de lecture estim\u00e9e":"1 minute"},"schema":{"@context":"https:\/\/schema.org","@graph":[{"@type":"NewsArticle","@id":"https:\/\/www.webdo.tn\/fr\/actualite\/sport\/mondiaux-de-para-athletisme-raoua-tlili-decroche-l-or\/207137\/#article","isPartOf":{"@id":"https:\/\/www.webdo.tn\/fr\/actualite\/sport\/mondiaux-de-para-athletisme-raoua-tlili-decroche-l-or\/207137\/"},"author":{"name":"MC","@id":"https:\/\/www.webdo.tn\/fr\/#\/schema\/person\/2c4929cbf5a809e3bd38617c6ce150f6"},"headline":"Mondiaux de para-athl\u00e9tisme : Raoua Tlili d\u00e9croche l&rsquo;or","datePublished":"2023-07-10T08:26:00+00:00","dateModified":"2025-05-20T21:58:31+00:00","mainEntityOfPage":{"@id":"https:\/\/www.webdo.tn\/fr\/actualite\/sport\/mondiaux-de-para-athletisme-raoua-tlili-decroche-l-or\/207137\/"},"wordCount":230,"commentCount":0,"publisher":{"@id":"https:\/\/www.webdo.tn\/fr\/#organization"},"image":{"@id":"https:\/\/www.webdo.tn\/fr\/actualite\/sport\/mondiaux-de-para-athletisme-raoua-tlili-decroche-l-or\/207137\/#primaryimage"},"thumbnailUrl":"https:\/\/www.webdo.tn\/fr\/wp-content\/uploads\/2023\/07\/060ff1e7f817c8691a234d182a9d3668.jpeg","keywords":["championnats du monde","m\u00e9daille d'or","para-athl\u00e9tisme","Raoua Tlili"],"articleSection":["Sport"],"inLanguage":"fr-FR"},{"@type":"WebPage","@id":"https:\/\/www.webdo.tn\/fr\/actualite\/sport\/mondiaux-de-para-athletisme-raoua-tlili-decroche-l-or\/207137\/","url":"https:\/\/www.webdo.tn\/fr\/actualite\/sport\/mondiaux-de-para-athletisme-raoua-tlili-decroche-l-or\/207137\/","name":"Mondiaux de para-athl\u00e9tisme : Raoua Tlili d\u00e9croche l'or","isPartOf":{"@id":"https:\/\/www.webdo.tn\/fr\/#website"},"primaryImageOfPage":{"@id":"https:\/\/www.webdo.tn\/fr\/actualite\/sport\/mondiaux-de-para-athletisme-raoua-tlili-decroche-l-or\/207137\/#primaryimage"},"image":{"@id":"https:\/\/www.webdo.tn\/fr\/actualite\/sport\/mondiaux-de-para-athletisme-raoua-tlili-decroche-l-or\/207137\/#primaryimage"},"thumbnailUrl":"https:\/\/www.webdo.tn\/fr\/wp-content\/uploads\/2023\/07\/060ff1e7f817c8691a234d182a9d3668.jpeg","datePublished":"2023-07-10T08:26:00+00:00","dateModified":"2025-05-20T21:58:31+00:00","description":"L\u2019athl\u00e8te Raoua Tlili (33 ans) a remport\u00e9, hier, la m\u00e9daille d'or de lancer du poids dans sa cat\u00e9gorie (T41, petite taille), lors des Mondiaux de para-athl\u00e9tism...","breadcrumb":{"@id":"https:\/\/www.webdo.tn\/fr\/actualite\/sport\/mondiaux-de-para-athletisme-raoua-tlili-decroche-l-or\/207137\/#breadcrumb"},"inLanguage":"fr-FR","potentialAction":[{"@type":"ReadAction","target":["https:\/\/www.webdo.tn\/fr\/actualite\/sport\/mondiaux-de-para-athletisme-raoua-tlili-decroche-l-or\/207137\/"]}]},{"@type":"ImageObject","inLanguage":"fr-FR","@id":"https:\/\/www.webdo.tn\/fr\/actualite\/sport\/mondiaux-de-para-athletisme-raoua-tlili-decroche-l-or\/207137\/#primaryimage","url":"https:\/\/www.webdo.tn\/fr\/wp-content\/uploads\/2023\/07\/060ff1e7f817c8691a234d182a9d3668.jpeg","contentUrl":"https:\/\/www.webdo.tn\/fr\/wp-content\/uploads\/2023\/07\/060ff1e7f817c8691a234d182a9d3668.jpeg","width":750,"height":400,"caption":"Mondiaux de para-athl\u00e9tisme : Raoua Tlili d\u00e9croche l'or"},{"@type":"BreadcrumbList","@id":"https:\/\/www.webdo.tn\/fr\/actualite\/sport\/mondiaux-de-para-athletisme-raoua-tlili-decroche-l-or\/207137\/#breadcrumb","itemListElement":[{"@type":"ListItem","position":1,"name":"Accueil","item":"https:\/\/www.webdo.tn\/fr\/"},{"@type":"ListItem","position":2,"name":"Mondiaux de para-athl\u00e9tisme : Raoua Tlili d\u00e9croche l&rsquo;or"}]},{"@type":"WebSite","@id":"https:\/\/www.webdo.tn\/fr\/#website","url":"https:\/\/www.webdo.tn\/fr\/","name":"webdo","description":"Tunisie - News en Tunisie et \u00e0 l&#039;international sur Webdo.tn","publisher":{"@id":"https:\/\/www.webdo.tn\/fr\/#organization"},"potentialAction":[{"@type":"SearchAction","target":{"@type":"EntryPoint","urlTemplate":"https:\/\/www.webdo.tn\/fr\/?s={search_term_string}"},"query-input":{"@type":"PropertyValueSpecification","valueRequired":true,"valueName":"search_term_string"}}],"inLanguage":"fr-FR"},{"@type":"Organization","@id":"https:\/\/www.webdo.tn\/fr\/#organization","name":"Webdo","alternateName":"Webdo.tn","url":"https:\/\/www.webdo.tn\/fr\/","logo":{"@type":"ImageObject","inLanguage":"fr-FR","@id":"https:\/\/www.webdo.tn\/fr\/#\/schema\/logo\/image\/","url":"https:\/\/www.webdo.tn\/fr\/wp-content\/uploads\/2025\/06\/Webdo-Tunisie_168377.jpg","contentUrl":"https:\/\/www.webdo.tn\/fr\/wp-content\/uploads\/2025\/06\/Webdo-Tunisie_168377.jpg","width":301,"height":301,"caption":"Webdo"},"image":{"@id":"https:\/\/www.webdo.tn\/fr\/#\/schema\/logo\/image\/"},"sameAs":["https:\/\/www.facebook.com\/webdotn","https:\/\/x.com\/webdo_tn"],"description":"Webdo est un m\u00e9dia num\u00e9rique tunisien fond\u00e9 en 2010, sp\u00e9cialis\u00e9 dans l\u2019actualit\u00e9 nationale et internationale, l\u2019\u00e9conomie, la soci\u00e9t\u00e9 et les analyses politiques. Le site s\u2019adresse \u00e0 un large public francophone et couvre l\u2019information tunisienne en temps r\u00e9el.","email":"redac@webdo.tn","legalName":"YNJ SARL","foundingDate":"2010-09-06","numberOfEmployees":{"@type":"QuantitativeValue","minValue":"11","maxValue":"50"}},{"@type":"Person","@id":"https:\/\/www.webdo.tn\/fr\/#\/schema\/person\/2c4929cbf5a809e3bd38617c6ce150f6","name":"MC","image":{"@type":"ImageObject","inLanguage":"fr-FR","@id":"https:\/\/secure.gravatar.com\/avatar\/a545bbb6f84efdd5553dbbc2895e3ca8f1d12c5215e00a041c9670b54aa9b18a?s=96&d=mm&r=g","url":"https:\/\/secure.gravatar.com\/avatar\/a545bbb6f84efdd5553dbbc2895e3ca8f1d12c5215e00a041c9670b54aa9b18a?s=96&d=mm&r=g","contentUrl":"https:\/\/secure.gravatar.com\/avatar\/a545bbb6f84efdd5553dbbc2895e3ca8f1d12c5215e00a041c9670b54aa9b18a?s=96&d=mm&r=g","caption":"MC"},"url":"https:\/\/www.webdo.tn\/fr\/actualite\/author\/mc\/"}]}},"_links":{"self":[{"href":"https:\/\/www.webdo.tn\/fr\/wp-json\/wp\/v2\/posts\/207137","targetHints":{"allow":["GET"]}}],"collection":[{"href":"https:\/\/www.webdo.tn\/fr\/wp-json\/wp\/v2\/posts"}],"about":[{"href":"https:\/\/www.webdo.tn\/fr\/wp-json\/wp\/v2\/types\/post"}],"author":[{"embeddable":true,"href":"https:\/\/www.webdo.tn\/fr\/wp-json\/wp\/v2\/users\/3162"}],"replies":[{"embeddable":true,"href":"https:\/\/www.webdo.tn\/fr\/wp-json\/wp\/v2\/comments?post=207137"}],"version-history":[{"count":0,"href":"https:\/\/www.webdo.tn\/fr\/wp-json\/wp\/v2\/posts\/207137\/revisions"}],"wp:featuredmedia":[{"embeddable":true,"href":"https:\/\/www.webdo.tn\/fr\/wp-json\/wp\/v2\/media\/249801"}],"wp:attachment":[{"href":"https:\/\/www.webdo.tn\/fr\/wp-json\/wp\/v2\/media?parent=207137"}],"wp:term":[{"taxonomy":"category","embeddable":true,"href":"https:\/\/www.webdo.tn\/fr\/wp-json\/wp\/v2\/categories?post=207137"},{"taxonomy":"post_tag","embeddable":true,"href":"https:\/\/www.webdo.tn\/fr\/wp-json\/wp\/v2\/tags?post=207137"}],"curies":[{"name":"wp","href":"https:\/\/api.w.org\/{rel}","templated":true}]}}