{"id":207134,"date":"2023-07-09T15:48:00","date_gmt":"2023-07-09T15:48:00","guid":{"rendered":"https:\/\/www.webdo.tn\/fr\/blog\/sfax-ouverture-d-une-enquete-apres-le-naufrage-d-un-bateau-de-migrants\/207134\/"},"modified":"2023-07-09T15:48:00","modified_gmt":"2023-07-09T15:48:00","slug":"sfax-ouverture-d-une-enquete-apres-le-naufrage-d-un-bateau-de-migrants","status":"publish","type":"post","link":"https:\/\/www.webdo.tn\/fr\/actualite\/national\/sfax-ouverture-d-une-enquete-apres-le-naufrage-d-un-bateau-de-migrants\/207134\/","title":{"rendered":"Sfax  : Ouverture d&rsquo;une enqu\u00eate apr\u00e8s le naufrage d&rsquo;un bateau de migrants"},"content":{"rendered":"<p>Le parquet pr\u00e8s le tribunal de premi\u00e8re instance de Sfax 1 a ordonn\u00e9 l&rsquo;ouverture d&rsquo;une enqu\u00eate sur le naufrage d&rsquo;un bateau de migrants irr\u00e9gulier au large de la r\u00e9gion, selon les premiers \u00e9l\u00e9ments recueillis par l&rsquo;agence TAP aupr\u00e8s des services judiciaires et s\u00e9curitaires de Zarzis.<\/p>\n<p>\t\t\t\t\t\t\t\t\tAinsi, le procureur g\u00e9n\u00e9ral et porte parole de la juridiction Faouzi Masmoudi a confi\u00e9 \u00e0 l&rsquo;agence TAP que la Garde maritime est intervenue pour secourir 11 migrants. Un corps a \u00e9t\u00e9 rep\u00each\u00e9 et transf\u00e9r\u00e9 au service de la m\u00e9decine l\u00e9gale.<\/p>\n<p>Les recherches se poursuivent d&rsquo;ailleurs pour retrouver 10 autres personnes disparues en mer. Tous les passagers de l&#8217;embarcation sont tunisiens et qu&rsquo;une deuxi\u00e8me enqu\u00eate sur ce m\u00eame incident a \u00e9t\u00e9 ouverte au tribunal de premi\u00e8re instance de M\u00e9denine.<\/p>\n","protected":false},"excerpt":{"rendered":"<p>Le parquet pr\u00e8s le tribunal de premi\u00e8re instance de Sfax 1 a ordonn\u00e9 l&rsquo;ouverture d&rsquo;une enqu\u00eate sur le naufrage d&rsquo;un bateau de migrants irr\u00e9gulier au large de la&#8230;<\/p>\n","protected":false},"author":3169,"featured_media":249799,"comment_status":"open","ping_status":"closed","sticky":false,"template":"","format":"standard","meta":{"footnotes":""},"categories":[44],"tags":[3202,2619,2894,3594,2608],"class_list":["post-207134","post","type-post","status-publish","format-standard","has-post-thumbnail","hentry","category-national","tag-enquete","tag-justice","tag-migrants","tag-naufrage","tag-tunisie"],"yoast_head":"<!-- This site is optimized with the Yoast SEO Premium plugin v27.4 (Yoast SEO v27.5) - https:\/\/yoast.com\/product\/yoast-seo-premium-wordpress\/ -->\n<title>Sfax : Ouverture d&#039;une enqu\u00eate apr\u00e8s le naufrage d&#039;un bateau de migrants<\/title>\n<meta name=\"description\" content=\"Le parquet pr\u00e8s le tribunal de premi\u00e8re instance de Sfax 1 a ordonn\u00e9 l&#039;ouverture d&#039;une enqu\u00eate sur le naufrage d&#039;un bateau de migrants irr\u00e9gulier au large de la...\" \/>\n<link rel=\"canonical\" href=\"https:\/\/www.webdo.tn\/fr\/actualite\/national\/sfax-ouverture-d-une-enquete-apres-le-naufrage-d-un-bateau-de-migrants\/207134\/\" \/>\n<meta property=\"og:locale\" content=\"fr_FR\" \/>\n<meta property=\"og:type\" content=\"article\" \/>\n<meta property=\"og:title\" content=\"Sfax : Ouverture d&#039;une enqu\u00eate apr\u00e8s le naufrage d&#039;un bateau de migrants\" \/>\n<meta property=\"og:description\" content=\"Le parquet pr\u00e8s le tribunal de premi\u00e8re instance de Sfax 1 a ordonn\u00e9 l&#039;ouverture d&#039;une enqu\u00eate sur le naufrage d&#039;un bateau de migrants irr\u00e9gulier au large de la...\" \/>\n<meta property=\"og:url\" content=\"https:\/\/www.webdo.tn\/fr\/actualite\/national\/sfax-ouverture-d-une-enquete-apres-le-naufrage-d-un-bateau-de-migrants\/207134\/\" \/>\n<meta property=\"og:site_name\" content=\"webdo\" \/>\n<meta property=\"article:publisher\" content=\"https:\/\/www.facebook.com\/webdotn\" \/>\n<meta property=\"article:published_time\" content=\"2023-07-09T15:48:00+00:00\" \/>\n<meta property=\"og:image\" content=\"https:\/\/www.webdo.tn\/fr\/wp-content\/uploads\/2023\/07\/3fe5880b9711779a30a43d433ca2f3e8.jpeg\" \/>\n\t<meta property=\"og:image:width\" content=\"750\" \/>\n\t<meta property=\"og:image:height\" content=\"400\" \/>\n\t<meta property=\"og:image:type\" content=\"image\/jpeg\" \/>\n<meta name=\"author\" content=\"Webdo\" \/>\n<meta name=\"twitter:card\" content=\"summary_large_image\" \/>\n<meta name=\"twitter:creator\" content=\"@webdo_tn\" \/>\n<meta name=\"twitter:site\" content=\"@webdo_tn\" \/>\n<meta name=\"twitter:label1\" content=\"\u00c9crit par\" \/>\n\t<meta name=\"twitter:data1\" content=\"Webdo\" \/>\n\t<meta name=\"twitter:label2\" content=\"Dur\u00e9e de lecture estim\u00e9e\" \/>\n\t<meta name=\"twitter:data2\" content=\"1 minute\" \/>\n<script type=\"application\/ld+json\" class=\"yoast-schema-graph\">{\"@context\":\"https:\\\/\\\/schema.org\",\"@graph\":[{\"@type\":\"NewsArticle\",\"@id\":\"https:\\\/\\\/www.webdo.tn\\\/fr\\\/actualite\\\/national\\\/sfax-ouverture-d-une-enquete-apres-le-naufrage-d-un-bateau-de-migrants\\\/207134\\\/#article\",\"isPartOf\":{\"@id\":\"https:\\\/\\\/www.webdo.tn\\\/fr\\\/actualite\\\/national\\\/sfax-ouverture-d-une-enquete-apres-le-naufrage-d-un-bateau-de-migrants\\\/207134\\\/\"},\"author\":{\"name\":\"Webdo\",\"@id\":\"https:\\\/\\\/www.webdo.tn\\\/fr\\\/#\\\/schema\\\/person\\\/1f4e491e0907b413d61089e8eb573acc\"},\"headline\":\"Sfax : Ouverture d&rsquo;une enqu\u00eate apr\u00e8s le naufrage d&rsquo;un bateau de migrants\",\"datePublished\":\"2023-07-09T15:48:00+00:00\",\"mainEntityOfPage\":{\"@id\":\"https:\\\/\\\/www.webdo.tn\\\/fr\\\/actualite\\\/national\\\/sfax-ouverture-d-une-enquete-apres-le-naufrage-d-un-bateau-de-migrants\\\/207134\\\/\"},\"wordCount\":161,\"commentCount\":0,\"publisher\":{\"@id\":\"https:\\\/\\\/www.webdo.tn\\\/fr\\\/#organization\"},\"image\":{\"@id\":\"https:\\\/\\\/www.webdo.tn\\\/fr\\\/actualite\\\/national\\\/sfax-ouverture-d-une-enquete-apres-le-naufrage-d-un-bateau-de-migrants\\\/207134\\\/#primaryimage\"},\"thumbnailUrl\":\"https:\\\/\\\/www.webdo.tn\\\/fr\\\/wp-content\\\/uploads\\\/2023\\\/07\\\/3fe5880b9711779a30a43d433ca2f3e8.jpeg\",\"keywords\":[\"Enqu\u00eate\",\"justice\",\"migrants\",\"naufrage\",\"Tunisie\"],\"articleSection\":[\"National\"],\"inLanguage\":\"fr-FR\"},{\"@type\":\"WebPage\",\"@id\":\"https:\\\/\\\/www.webdo.tn\\\/fr\\\/actualite\\\/national\\\/sfax-ouverture-d-une-enquete-apres-le-naufrage-d-un-bateau-de-migrants\\\/207134\\\/\",\"url\":\"https:\\\/\\\/www.webdo.tn\\\/fr\\\/actualite\\\/national\\\/sfax-ouverture-d-une-enquete-apres-le-naufrage-d-un-bateau-de-migrants\\\/207134\\\/\",\"name\":\"Sfax : Ouverture d'une enqu\u00eate apr\u00e8s le naufrage d'un bateau de migrants\",\"isPartOf\":{\"@id\":\"https:\\\/\\\/www.webdo.tn\\\/fr\\\/#website\"},\"primaryImageOfPage\":{\"@id\":\"https:\\\/\\\/www.webdo.tn\\\/fr\\\/actualite\\\/national\\\/sfax-ouverture-d-une-enquete-apres-le-naufrage-d-un-bateau-de-migrants\\\/207134\\\/#primaryimage\"},\"image\":{\"@id\":\"https:\\\/\\\/www.webdo.tn\\\/fr\\\/actualite\\\/national\\\/sfax-ouverture-d-une-enquete-apres-le-naufrage-d-un-bateau-de-migrants\\\/207134\\\/#primaryimage\"},\"thumbnailUrl\":\"https:\\\/\\\/www.webdo.tn\\\/fr\\\/wp-content\\\/uploads\\\/2023\\\/07\\\/3fe5880b9711779a30a43d433ca2f3e8.jpeg\",\"datePublished\":\"2023-07-09T15:48:00+00:00\",\"description\":\"Le parquet pr\u00e8s le tribunal de premi\u00e8re instance de Sfax 1 a ordonn\u00e9 l'ouverture d'une enqu\u00eate sur le naufrage d'un bateau de migrants irr\u00e9gulier au large de la...\",\"breadcrumb\":{\"@id\":\"https:\\\/\\\/www.webdo.tn\\\/fr\\\/actualite\\\/national\\\/sfax-ouverture-d-une-enquete-apres-le-naufrage-d-un-bateau-de-migrants\\\/207134\\\/#breadcrumb\"},\"inLanguage\":\"fr-FR\",\"potentialAction\":[{\"@type\":\"ReadAction\",\"target\":[\"https:\\\/\\\/www.webdo.tn\\\/fr\\\/actualite\\\/national\\\/sfax-ouverture-d-une-enquete-apres-le-naufrage-d-un-bateau-de-migrants\\\/207134\\\/\"]}]},{\"@type\":\"ImageObject\",\"inLanguage\":\"fr-FR\",\"@id\":\"https:\\\/\\\/www.webdo.tn\\\/fr\\\/actualite\\\/national\\\/sfax-ouverture-d-une-enquete-apres-le-naufrage-d-un-bateau-de-migrants\\\/207134\\\/#primaryimage\",\"url\":\"https:\\\/\\\/www.webdo.tn\\\/fr\\\/wp-content\\\/uploads\\\/2023\\\/07\\\/3fe5880b9711779a30a43d433ca2f3e8.jpeg\",\"contentUrl\":\"https:\\\/\\\/www.webdo.tn\\\/fr\\\/wp-content\\\/uploads\\\/2023\\\/07\\\/3fe5880b9711779a30a43d433ca2f3e8.jpeg\",\"width\":750,\"height\":400,\"caption\":\"Sfax : Ouverture d'une enqu\u00eate apr\u00e8s le naufrage d'un bateau de migrants\"},{\"@type\":\"BreadcrumbList\",\"@id\":\"https:\\\/\\\/www.webdo.tn\\\/fr\\\/actualite\\\/national\\\/sfax-ouverture-d-une-enquete-apres-le-naufrage-d-un-bateau-de-migrants\\\/207134\\\/#breadcrumb\",\"itemListElement\":[{\"@type\":\"ListItem\",\"position\":1,\"name\":\"Accueil\",\"item\":\"https:\\\/\\\/www.webdo.tn\\\/fr\\\/\"},{\"@type\":\"ListItem\",\"position\":2,\"name\":\"Sfax : Ouverture d&#8217;une enqu\u00eate apr\u00e8s le naufrage d&#8217;un bateau de migrants\"}]},{\"@type\":\"WebSite\",\"@id\":\"https:\\\/\\\/www.webdo.tn\\\/fr\\\/#website\",\"url\":\"https:\\\/\\\/www.webdo.tn\\\/fr\\\/\",\"name\":\"webdo\",\"description\":\"Tunisie - News en Tunisie et \u00e0 l&#039;international sur Webdo.tn\",\"publisher\":{\"@id\":\"https:\\\/\\\/www.webdo.tn\\\/fr\\\/#organization\"},\"potentialAction\":[{\"@type\":\"SearchAction\",\"target\":{\"@type\":\"EntryPoint\",\"urlTemplate\":\"https:\\\/\\\/www.webdo.tn\\\/fr\\\/?s={search_term_string}\"},\"query-input\":{\"@type\":\"PropertyValueSpecification\",\"valueRequired\":true,\"valueName\":\"search_term_string\"}}],\"inLanguage\":\"fr-FR\"},{\"@type\":\"Organization\",\"@id\":\"https:\\\/\\\/www.webdo.tn\\\/fr\\\/#organization\",\"name\":\"Webdo\",\"alternateName\":\"Webdo.tn\",\"url\":\"https:\\\/\\\/www.webdo.tn\\\/fr\\\/\",\"logo\":{\"@type\":\"ImageObject\",\"inLanguage\":\"fr-FR\",\"@id\":\"https:\\\/\\\/www.webdo.tn\\\/fr\\\/#\\\/schema\\\/logo\\\/image\\\/\",\"url\":\"https:\\\/\\\/www.webdo.tn\\\/fr\\\/wp-content\\\/uploads\\\/2025\\\/06\\\/Webdo-Tunisie_168377.jpg\",\"contentUrl\":\"https:\\\/\\\/www.webdo.tn\\\/fr\\\/wp-content\\\/uploads\\\/2025\\\/06\\\/Webdo-Tunisie_168377.jpg\",\"width\":301,\"height\":301,\"caption\":\"Webdo\"},\"image\":{\"@id\":\"https:\\\/\\\/www.webdo.tn\\\/fr\\\/#\\\/schema\\\/logo\\\/image\\\/\"},\"sameAs\":[\"https:\\\/\\\/www.facebook.com\\\/webdotn\",\"https:\\\/\\\/x.com\\\/webdo_tn\"],\"description\":\"Webdo est un m\u00e9dia num\u00e9rique tunisien fond\u00e9 en 2010, sp\u00e9cialis\u00e9 dans l\u2019actualit\u00e9 nationale et internationale, l\u2019\u00e9conomie, la soci\u00e9t\u00e9 et les analyses politiques. Le site s\u2019adresse \u00e0 un large public francophone et couvre l\u2019information tunisienne en temps r\u00e9el.\",\"email\":\"redac@webdo.tn\",\"legalName\":\"YNJ SARL\",\"foundingDate\":\"2010-09-06\",\"numberOfEmployees\":{\"@type\":\"QuantitativeValue\",\"minValue\":\"11\",\"maxValue\":\"50\"}},{\"@type\":\"Person\",\"@id\":\"https:\\\/\\\/www.webdo.tn\\\/fr\\\/#\\\/schema\\\/person\\\/1f4e491e0907b413d61089e8eb573acc\",\"name\":\"Webdo\",\"image\":{\"@type\":\"ImageObject\",\"inLanguage\":\"fr-FR\",\"@id\":\"https:\\\/\\\/secure.gravatar.com\\\/avatar\\\/de97aeec1bb80978a9dbb127e47dfc88aaacb2f3c29aac907d8d3222e3495d49?s=96&d=mm&r=g\",\"url\":\"https:\\\/\\\/secure.gravatar.com\\\/avatar\\\/de97aeec1bb80978a9dbb127e47dfc88aaacb2f3c29aac907d8d3222e3495d49?s=96&d=mm&r=g\",\"contentUrl\":\"https:\\\/\\\/secure.gravatar.com\\\/avatar\\\/de97aeec1bb80978a9dbb127e47dfc88aaacb2f3c29aac907d8d3222e3495d49?s=96&d=mm&r=g\",\"caption\":\"Webdo\"},\"url\":\"https:\\\/\\\/www.webdo.tn\\\/fr\\\/actualite\\\/author\\\/webdo\\\/\"}]}<\/script>\n<!-- \/ Yoast SEO Premium plugin. -->","yoast_head_json":{"title":"Sfax : Ouverture d'une enqu\u00eate apr\u00e8s le naufrage d'un bateau de migrants","description":"Le parquet pr\u00e8s le tribunal de premi\u00e8re instance de Sfax 1 a ordonn\u00e9 l'ouverture d'une enqu\u00eate sur le naufrage d'un bateau de migrants irr\u00e9gulier au large de la...","canonical":"https:\/\/www.webdo.tn\/fr\/actualite\/national\/sfax-ouverture-d-une-enquete-apres-le-naufrage-d-un-bateau-de-migrants\/207134\/","og_locale":"fr_FR","og_type":"article","og_title":"Sfax : Ouverture d'une enqu\u00eate apr\u00e8s le naufrage d'un bateau de migrants","og_description":"Le parquet pr\u00e8s le tribunal de premi\u00e8re instance de Sfax 1 a ordonn\u00e9 l'ouverture d'une enqu\u00eate sur le naufrage d'un bateau de migrants irr\u00e9gulier au large de la...","og_url":"https:\/\/www.webdo.tn\/fr\/actualite\/national\/sfax-ouverture-d-une-enquete-apres-le-naufrage-d-un-bateau-de-migrants\/207134\/","og_site_name":"webdo","article_publisher":"https:\/\/www.facebook.com\/webdotn","article_published_time":"2023-07-09T15:48:00+00:00","og_image":[{"width":750,"height":400,"url":"https:\/\/www.webdo.tn\/fr\/wp-content\/uploads\/2023\/07\/3fe5880b9711779a30a43d433ca2f3e8.jpeg","type":"image\/jpeg"}],"author":"Webdo","twitter_card":"summary_large_image","twitter_creator":"@webdo_tn","twitter_site":"@webdo_tn","twitter_misc":{"\u00c9crit par":"Webdo","Dur\u00e9e de lecture estim\u00e9e":"1 minute"},"schema":{"@context":"https:\/\/schema.org","@graph":[{"@type":"NewsArticle","@id":"https:\/\/www.webdo.tn\/fr\/actualite\/national\/sfax-ouverture-d-une-enquete-apres-le-naufrage-d-un-bateau-de-migrants\/207134\/#article","isPartOf":{"@id":"https:\/\/www.webdo.tn\/fr\/actualite\/national\/sfax-ouverture-d-une-enquete-apres-le-naufrage-d-un-bateau-de-migrants\/207134\/"},"author":{"name":"Webdo","@id":"https:\/\/www.webdo.tn\/fr\/#\/schema\/person\/1f4e491e0907b413d61089e8eb573acc"},"headline":"Sfax : Ouverture d&rsquo;une enqu\u00eate apr\u00e8s le naufrage d&rsquo;un bateau de migrants","datePublished":"2023-07-09T15:48:00+00:00","mainEntityOfPage":{"@id":"https:\/\/www.webdo.tn\/fr\/actualite\/national\/sfax-ouverture-d-une-enquete-apres-le-naufrage-d-un-bateau-de-migrants\/207134\/"},"wordCount":161,"commentCount":0,"publisher":{"@id":"https:\/\/www.webdo.tn\/fr\/#organization"},"image":{"@id":"https:\/\/www.webdo.tn\/fr\/actualite\/national\/sfax-ouverture-d-une-enquete-apres-le-naufrage-d-un-bateau-de-migrants\/207134\/#primaryimage"},"thumbnailUrl":"https:\/\/www.webdo.tn\/fr\/wp-content\/uploads\/2023\/07\/3fe5880b9711779a30a43d433ca2f3e8.jpeg","keywords":["Enqu\u00eate","justice","migrants","naufrage","Tunisie"],"articleSection":["National"],"inLanguage":"fr-FR"},{"@type":"WebPage","@id":"https:\/\/www.webdo.tn\/fr\/actualite\/national\/sfax-ouverture-d-une-enquete-apres-le-naufrage-d-un-bateau-de-migrants\/207134\/","url":"https:\/\/www.webdo.tn\/fr\/actualite\/national\/sfax-ouverture-d-une-enquete-apres-le-naufrage-d-un-bateau-de-migrants\/207134\/","name":"Sfax : Ouverture d'une enqu\u00eate apr\u00e8s le naufrage d'un bateau de migrants","isPartOf":{"@id":"https:\/\/www.webdo.tn\/fr\/#website"},"primaryImageOfPage":{"@id":"https:\/\/www.webdo.tn\/fr\/actualite\/national\/sfax-ouverture-d-une-enquete-apres-le-naufrage-d-un-bateau-de-migrants\/207134\/#primaryimage"},"image":{"@id":"https:\/\/www.webdo.tn\/fr\/actualite\/national\/sfax-ouverture-d-une-enquete-apres-le-naufrage-d-un-bateau-de-migrants\/207134\/#primaryimage"},"thumbnailUrl":"https:\/\/www.webdo.tn\/fr\/wp-content\/uploads\/2023\/07\/3fe5880b9711779a30a43d433ca2f3e8.jpeg","datePublished":"2023-07-09T15:48:00+00:00","description":"Le parquet pr\u00e8s le tribunal de premi\u00e8re instance de Sfax 1 a ordonn\u00e9 l'ouverture d'une enqu\u00eate sur le naufrage d'un bateau de migrants irr\u00e9gulier au large de la...","breadcrumb":{"@id":"https:\/\/www.webdo.tn\/fr\/actualite\/national\/sfax-ouverture-d-une-enquete-apres-le-naufrage-d-un-bateau-de-migrants\/207134\/#breadcrumb"},"inLanguage":"fr-FR","potentialAction":[{"@type":"ReadAction","target":["https:\/\/www.webdo.tn\/fr\/actualite\/national\/sfax-ouverture-d-une-enquete-apres-le-naufrage-d-un-bateau-de-migrants\/207134\/"]}]},{"@type":"ImageObject","inLanguage":"fr-FR","@id":"https:\/\/www.webdo.tn\/fr\/actualite\/national\/sfax-ouverture-d-une-enquete-apres-le-naufrage-d-un-bateau-de-migrants\/207134\/#primaryimage","url":"https:\/\/www.webdo.tn\/fr\/wp-content\/uploads\/2023\/07\/3fe5880b9711779a30a43d433ca2f3e8.jpeg","contentUrl":"https:\/\/www.webdo.tn\/fr\/wp-content\/uploads\/2023\/07\/3fe5880b9711779a30a43d433ca2f3e8.jpeg","width":750,"height":400,"caption":"Sfax : Ouverture d'une enqu\u00eate apr\u00e8s le naufrage d'un bateau de migrants"},{"@type":"BreadcrumbList","@id":"https:\/\/www.webdo.tn\/fr\/actualite\/national\/sfax-ouverture-d-une-enquete-apres-le-naufrage-d-un-bateau-de-migrants\/207134\/#breadcrumb","itemListElement":[{"@type":"ListItem","position":1,"name":"Accueil","item":"https:\/\/www.webdo.tn\/fr\/"},{"@type":"ListItem","position":2,"name":"Sfax : Ouverture d&#8217;une enqu\u00eate apr\u00e8s le naufrage d&#8217;un bateau de migrants"}]},{"@type":"WebSite","@id":"https:\/\/www.webdo.tn\/fr\/#website","url":"https:\/\/www.webdo.tn\/fr\/","name":"webdo","description":"Tunisie - News en Tunisie et \u00e0 l&#039;international sur Webdo.tn","publisher":{"@id":"https:\/\/www.webdo.tn\/fr\/#organization"},"potentialAction":[{"@type":"SearchAction","target":{"@type":"EntryPoint","urlTemplate":"https:\/\/www.webdo.tn\/fr\/?s={search_term_string}"},"query-input":{"@type":"PropertyValueSpecification","valueRequired":true,"valueName":"search_term_string"}}],"inLanguage":"fr-FR"},{"@type":"Organization","@id":"https:\/\/www.webdo.tn\/fr\/#organization","name":"Webdo","alternateName":"Webdo.tn","url":"https:\/\/www.webdo.tn\/fr\/","logo":{"@type":"ImageObject","inLanguage":"fr-FR","@id":"https:\/\/www.webdo.tn\/fr\/#\/schema\/logo\/image\/","url":"https:\/\/www.webdo.tn\/fr\/wp-content\/uploads\/2025\/06\/Webdo-Tunisie_168377.jpg","contentUrl":"https:\/\/www.webdo.tn\/fr\/wp-content\/uploads\/2025\/06\/Webdo-Tunisie_168377.jpg","width":301,"height":301,"caption":"Webdo"},"image":{"@id":"https:\/\/www.webdo.tn\/fr\/#\/schema\/logo\/image\/"},"sameAs":["https:\/\/www.facebook.com\/webdotn","https:\/\/x.com\/webdo_tn"],"description":"Webdo est un m\u00e9dia num\u00e9rique tunisien fond\u00e9 en 2010, sp\u00e9cialis\u00e9 dans l\u2019actualit\u00e9 nationale et internationale, l\u2019\u00e9conomie, la soci\u00e9t\u00e9 et les analyses politiques. Le site s\u2019adresse \u00e0 un large public francophone et couvre l\u2019information tunisienne en temps r\u00e9el.","email":"redac@webdo.tn","legalName":"YNJ SARL","foundingDate":"2010-09-06","numberOfEmployees":{"@type":"QuantitativeValue","minValue":"11","maxValue":"50"}},{"@type":"Person","@id":"https:\/\/www.webdo.tn\/fr\/#\/schema\/person\/1f4e491e0907b413d61089e8eb573acc","name":"Webdo","image":{"@type":"ImageObject","inLanguage":"fr-FR","@id":"https:\/\/secure.gravatar.com\/avatar\/de97aeec1bb80978a9dbb127e47dfc88aaacb2f3c29aac907d8d3222e3495d49?s=96&d=mm&r=g","url":"https:\/\/secure.gravatar.com\/avatar\/de97aeec1bb80978a9dbb127e47dfc88aaacb2f3c29aac907d8d3222e3495d49?s=96&d=mm&r=g","contentUrl":"https:\/\/secure.gravatar.com\/avatar\/de97aeec1bb80978a9dbb127e47dfc88aaacb2f3c29aac907d8d3222e3495d49?s=96&d=mm&r=g","caption":"Webdo"},"url":"https:\/\/www.webdo.tn\/fr\/actualite\/author\/webdo\/"}]}},"_links":{"self":[{"href":"https:\/\/www.webdo.tn\/fr\/wp-json\/wp\/v2\/posts\/207134","targetHints":{"allow":["GET"]}}],"collection":[{"href":"https:\/\/www.webdo.tn\/fr\/wp-json\/wp\/v2\/posts"}],"about":[{"href":"https:\/\/www.webdo.tn\/fr\/wp-json\/wp\/v2\/types\/post"}],"author":[{"embeddable":true,"href":"https:\/\/www.webdo.tn\/fr\/wp-json\/wp\/v2\/users\/3169"}],"replies":[{"embeddable":true,"href":"https:\/\/www.webdo.tn\/fr\/wp-json\/wp\/v2\/comments?post=207134"}],"version-history":[{"count":0,"href":"https:\/\/www.webdo.tn\/fr\/wp-json\/wp\/v2\/posts\/207134\/revisions"}],"wp:featuredmedia":[{"embeddable":true,"href":"https:\/\/www.webdo.tn\/fr\/wp-json\/wp\/v2\/media\/249799"}],"wp:attachment":[{"href":"https:\/\/www.webdo.tn\/fr\/wp-json\/wp\/v2\/media?parent=207134"}],"wp:term":[{"taxonomy":"category","embeddable":true,"href":"https:\/\/www.webdo.tn\/fr\/wp-json\/wp\/v2\/categories?post=207134"},{"taxonomy":"post_tag","embeddable":true,"href":"https:\/\/www.webdo.tn\/fr\/wp-json\/wp\/v2\/tags?post=207134"}],"curies":[{"name":"wp","href":"https:\/\/api.w.org\/{rel}","templated":true}]}}