{"id":207132,"date":"2023-07-09T11:53:00","date_gmt":"2023-07-09T11:53:00","guid":{"rendered":"https:\/\/www.webdo.tn\/fr\/blog\/tunisie-un-premier-pic-de-consommation-electrique-enregistre\/207132\/"},"modified":"2023-07-09T11:53:00","modified_gmt":"2023-07-09T11:53:00","slug":"tunisie-un-premier-pic-de-consommation-electrique-enregistre","status":"publish","type":"post","link":"https:\/\/www.webdo.tn\/fr\/actualite\/national\/tunisie-un-premier-pic-de-consommation-electrique-enregistre\/207132\/","title":{"rendered":"Tunisie : Un premier pic de consommation \u00e9lectrique enregistr\u00e9"},"content":{"rendered":"<p>Le directeur de la coop\u00e9ration et de la communication \u00e0 la Soci\u00e9t\u00e9 Tunisienne d&rsquo;Electricit\u00e9 et du Gaz (STEG), a affirm\u00e9 \u00e0 l&rsquo;agence TAP, que la Tunisie a connu samedi apr\u00e8s-midi, vers 15h38, son premier pic de consommation \u00e9lectrique de l&rsquo;\u00e9t\u00e9 (4363 m\u00e9gawatts), en raison de l&rsquo;utilisation simultan\u00e9e des climatiseurs.<\/p>\n<p>\t\t\t\t\t\t\t\t\tIl est vrai que la Tunisie conna\u00eet, depuis trois jours, une vague de chaleur avec des temp\u00e9ratures d\u00e9passant les moyennes saisonni\u00e8res de plus de dix degr\u00e9s. D&rsquo;o\u00f9 le recours massif aux climatiseurs, engenddrant une pression \u00e9norme sur le r\u00e9seau \u00e9lectrique.<\/p>\n<p>Mounir Gharbi a profit\u00e9 de l&rsquo;occasion pour d\u00e9mentir \u00a0les rumeurs relay\u00e9es sur les r\u00e9seaux sociaux selon lesquelles la ville de Tunis aurait enregistr\u00e9 une coupure d&rsquo;\u00e9lectricit\u00e9, assurant que la situation \u00ab\u00a0reste normale et sous contr\u00f4le\u00a0\u00bb, en d\u00e9pit de quelques pertubations enregistr\u00e9s\u00a0\u00e0 Bizerte et\u00a0Gafsa.<\/p>\n<p>En ce sens,\u00a0des mesures ont \u00e9t\u00e9 mises en place afin de faire face \u00e0 ce pic et de continuer \u00e0 assurer la distribution de l&rsquo;\u00e9lectricit\u00e9.<\/p>\n","protected":false},"excerpt":{"rendered":"<p>Le directeur de la coop\u00e9ration et de la communication \u00e0 la Soci\u00e9t\u00e9 Tunisienne d&rsquo;Electricit\u00e9 et du Gaz (STEG), a affirm\u00e9 \u00e0 l&rsquo;agence TAP, que la Tunisie a connu s&#8230;<\/p>\n","protected":false},"author":3169,"featured_media":249797,"comment_status":"open","ping_status":"closed","sticky":false,"template":"","format":"standard","meta":{"footnotes":""},"categories":[44],"tags":[3319,3765,5433,2742,2608],"class_list":["post-207132","post","type-post","status-publish","format-standard","has-post-thumbnail","hentry","category-national","tag-chaleur","tag-electricite","tag-ete","tag-steg","tag-tunisie"],"yoast_head":"<!-- This site is optimized with the Yoast SEO Premium plugin v27.4 (Yoast SEO v27.5) - https:\/\/yoast.com\/product\/yoast-seo-premium-wordpress\/ -->\n<title>Tunisie : Un premier pic de consommation \u00e9lectrique enregistr\u00e9<\/title>\n<meta name=\"description\" content=\"Le directeur de la coop\u00e9ration et de la communication \u00e0 la Soci\u00e9t\u00e9 Tunisienne d&#039;Electricit\u00e9 et du Gaz (STEG), a affirm\u00e9 \u00e0 l&#039;agence TAP, que la Tunisie a connu s...\" \/>\n<link rel=\"canonical\" href=\"https:\/\/www.webdo.tn\/fr\/actualite\/national\/tunisie-un-premier-pic-de-consommation-electrique-enregistre\/207132\/\" \/>\n<meta property=\"og:locale\" content=\"fr_FR\" \/>\n<meta property=\"og:type\" content=\"article\" \/>\n<meta property=\"og:title\" content=\"Tunisie : Un premier pic de consommation \u00e9lectrique enregistr\u00e9\" \/>\n<meta property=\"og:description\" content=\"Le directeur de la coop\u00e9ration et de la communication \u00e0 la Soci\u00e9t\u00e9 Tunisienne d&#039;Electricit\u00e9 et du Gaz (STEG), a affirm\u00e9 \u00e0 l&#039;agence TAP, que la Tunisie a connu s...\" \/>\n<meta property=\"og:url\" content=\"https:\/\/www.webdo.tn\/fr\/actualite\/national\/tunisie-un-premier-pic-de-consommation-electrique-enregistre\/207132\/\" \/>\n<meta property=\"og:site_name\" content=\"webdo\" \/>\n<meta property=\"article:publisher\" content=\"https:\/\/www.facebook.com\/webdotn\" \/>\n<meta property=\"article:published_time\" content=\"2023-07-09T11:53:00+00:00\" \/>\n<meta property=\"og:image\" content=\"https:\/\/www.webdo.tn\/fr\/wp-content\/uploads\/2023\/07\/9ec0805ecb5bc51c415ed4c2f9678025.jpg\" \/>\n\t<meta property=\"og:image:width\" content=\"600\" \/>\n\t<meta property=\"og:image:height\" content=\"320\" \/>\n\t<meta property=\"og:image:type\" content=\"image\/jpeg\" \/>\n<meta name=\"author\" content=\"Webdo\" \/>\n<meta name=\"twitter:card\" content=\"summary_large_image\" \/>\n<meta name=\"twitter:creator\" content=\"@webdo_tn\" \/>\n<meta name=\"twitter:site\" content=\"@webdo_tn\" \/>\n<meta name=\"twitter:label1\" content=\"\u00c9crit par\" \/>\n\t<meta name=\"twitter:data1\" content=\"Webdo\" \/>\n\t<meta name=\"twitter:label2\" content=\"Dur\u00e9e de lecture estim\u00e9e\" \/>\n\t<meta name=\"twitter:data2\" content=\"1 minute\" \/>\n<script type=\"application\/ld+json\" class=\"yoast-schema-graph\">{\"@context\":\"https:\\\/\\\/schema.org\",\"@graph\":[{\"@type\":\"NewsArticle\",\"@id\":\"https:\\\/\\\/www.webdo.tn\\\/fr\\\/actualite\\\/national\\\/tunisie-un-premier-pic-de-consommation-electrique-enregistre\\\/207132\\\/#article\",\"isPartOf\":{\"@id\":\"https:\\\/\\\/www.webdo.tn\\\/fr\\\/actualite\\\/national\\\/tunisie-un-premier-pic-de-consommation-electrique-enregistre\\\/207132\\\/\"},\"author\":{\"name\":\"Webdo\",\"@id\":\"https:\\\/\\\/www.webdo.tn\\\/fr\\\/#\\\/schema\\\/person\\\/1f4e491e0907b413d61089e8eb573acc\"},\"headline\":\"Tunisie : Un premier pic de consommation \u00e9lectrique enregistr\u00e9\",\"datePublished\":\"2023-07-09T11:53:00+00:00\",\"mainEntityOfPage\":{\"@id\":\"https:\\\/\\\/www.webdo.tn\\\/fr\\\/actualite\\\/national\\\/tunisie-un-premier-pic-de-consommation-electrique-enregistre\\\/207132\\\/\"},\"wordCount\":187,\"commentCount\":0,\"publisher\":{\"@id\":\"https:\\\/\\\/www.webdo.tn\\\/fr\\\/#organization\"},\"image\":{\"@id\":\"https:\\\/\\\/www.webdo.tn\\\/fr\\\/actualite\\\/national\\\/tunisie-un-premier-pic-de-consommation-electrique-enregistre\\\/207132\\\/#primaryimage\"},\"thumbnailUrl\":\"https:\\\/\\\/www.webdo.tn\\\/fr\\\/wp-content\\\/uploads\\\/2023\\\/07\\\/9ec0805ecb5bc51c415ed4c2f9678025.jpg\",\"keywords\":[\"chaleur\",\"\u00e9lectricit\u00e9\",\"\u00e9t\u00e9\",\"steg\",\"Tunisie\"],\"articleSection\":[\"National\"],\"inLanguage\":\"fr-FR\"},{\"@type\":\"WebPage\",\"@id\":\"https:\\\/\\\/www.webdo.tn\\\/fr\\\/actualite\\\/national\\\/tunisie-un-premier-pic-de-consommation-electrique-enregistre\\\/207132\\\/\",\"url\":\"https:\\\/\\\/www.webdo.tn\\\/fr\\\/actualite\\\/national\\\/tunisie-un-premier-pic-de-consommation-electrique-enregistre\\\/207132\\\/\",\"name\":\"Tunisie : Un premier pic de consommation \u00e9lectrique enregistr\u00e9\",\"isPartOf\":{\"@id\":\"https:\\\/\\\/www.webdo.tn\\\/fr\\\/#website\"},\"primaryImageOfPage\":{\"@id\":\"https:\\\/\\\/www.webdo.tn\\\/fr\\\/actualite\\\/national\\\/tunisie-un-premier-pic-de-consommation-electrique-enregistre\\\/207132\\\/#primaryimage\"},\"image\":{\"@id\":\"https:\\\/\\\/www.webdo.tn\\\/fr\\\/actualite\\\/national\\\/tunisie-un-premier-pic-de-consommation-electrique-enregistre\\\/207132\\\/#primaryimage\"},\"thumbnailUrl\":\"https:\\\/\\\/www.webdo.tn\\\/fr\\\/wp-content\\\/uploads\\\/2023\\\/07\\\/9ec0805ecb5bc51c415ed4c2f9678025.jpg\",\"datePublished\":\"2023-07-09T11:53:00+00:00\",\"description\":\"Le directeur de la coop\u00e9ration et de la communication \u00e0 la Soci\u00e9t\u00e9 Tunisienne d'Electricit\u00e9 et du Gaz (STEG), a affirm\u00e9 \u00e0 l'agence TAP, que la Tunisie a connu s...\",\"breadcrumb\":{\"@id\":\"https:\\\/\\\/www.webdo.tn\\\/fr\\\/actualite\\\/national\\\/tunisie-un-premier-pic-de-consommation-electrique-enregistre\\\/207132\\\/#breadcrumb\"},\"inLanguage\":\"fr-FR\",\"potentialAction\":[{\"@type\":\"ReadAction\",\"target\":[\"https:\\\/\\\/www.webdo.tn\\\/fr\\\/actualite\\\/national\\\/tunisie-un-premier-pic-de-consommation-electrique-enregistre\\\/207132\\\/\"]}]},{\"@type\":\"ImageObject\",\"inLanguage\":\"fr-FR\",\"@id\":\"https:\\\/\\\/www.webdo.tn\\\/fr\\\/actualite\\\/national\\\/tunisie-un-premier-pic-de-consommation-electrique-enregistre\\\/207132\\\/#primaryimage\",\"url\":\"https:\\\/\\\/www.webdo.tn\\\/fr\\\/wp-content\\\/uploads\\\/2023\\\/07\\\/9ec0805ecb5bc51c415ed4c2f9678025.jpg\",\"contentUrl\":\"https:\\\/\\\/www.webdo.tn\\\/fr\\\/wp-content\\\/uploads\\\/2023\\\/07\\\/9ec0805ecb5bc51c415ed4c2f9678025.jpg\",\"width\":600,\"height\":320,\"caption\":\"Tunisie : Un premier pic de consommation \u00e9lectrique enregistr\u00e9\"},{\"@type\":\"BreadcrumbList\",\"@id\":\"https:\\\/\\\/www.webdo.tn\\\/fr\\\/actualite\\\/national\\\/tunisie-un-premier-pic-de-consommation-electrique-enregistre\\\/207132\\\/#breadcrumb\",\"itemListElement\":[{\"@type\":\"ListItem\",\"position\":1,\"name\":\"Accueil\",\"item\":\"https:\\\/\\\/www.webdo.tn\\\/fr\\\/\"},{\"@type\":\"ListItem\",\"position\":2,\"name\":\"Tunisie : Un premier pic de consommation \u00e9lectrique enregistr\u00e9\"}]},{\"@type\":\"WebSite\",\"@id\":\"https:\\\/\\\/www.webdo.tn\\\/fr\\\/#website\",\"url\":\"https:\\\/\\\/www.webdo.tn\\\/fr\\\/\",\"name\":\"webdo\",\"description\":\"Tunisie - News en Tunisie et \u00e0 l&#039;international sur Webdo.tn\",\"publisher\":{\"@id\":\"https:\\\/\\\/www.webdo.tn\\\/fr\\\/#organization\"},\"potentialAction\":[{\"@type\":\"SearchAction\",\"target\":{\"@type\":\"EntryPoint\",\"urlTemplate\":\"https:\\\/\\\/www.webdo.tn\\\/fr\\\/?s={search_term_string}\"},\"query-input\":{\"@type\":\"PropertyValueSpecification\",\"valueRequired\":true,\"valueName\":\"search_term_string\"}}],\"inLanguage\":\"fr-FR\"},{\"@type\":\"Organization\",\"@id\":\"https:\\\/\\\/www.webdo.tn\\\/fr\\\/#organization\",\"name\":\"Webdo\",\"alternateName\":\"Webdo.tn\",\"url\":\"https:\\\/\\\/www.webdo.tn\\\/fr\\\/\",\"logo\":{\"@type\":\"ImageObject\",\"inLanguage\":\"fr-FR\",\"@id\":\"https:\\\/\\\/www.webdo.tn\\\/fr\\\/#\\\/schema\\\/logo\\\/image\\\/\",\"url\":\"https:\\\/\\\/www.webdo.tn\\\/fr\\\/wp-content\\\/uploads\\\/2025\\\/06\\\/Webdo-Tunisie_168377.jpg\",\"contentUrl\":\"https:\\\/\\\/www.webdo.tn\\\/fr\\\/wp-content\\\/uploads\\\/2025\\\/06\\\/Webdo-Tunisie_168377.jpg\",\"width\":301,\"height\":301,\"caption\":\"Webdo\"},\"image\":{\"@id\":\"https:\\\/\\\/www.webdo.tn\\\/fr\\\/#\\\/schema\\\/logo\\\/image\\\/\"},\"sameAs\":[\"https:\\\/\\\/www.facebook.com\\\/webdotn\",\"https:\\\/\\\/x.com\\\/webdo_tn\"],\"description\":\"Webdo est un m\u00e9dia num\u00e9rique tunisien fond\u00e9 en 2010, sp\u00e9cialis\u00e9 dans l\u2019actualit\u00e9 nationale et internationale, l\u2019\u00e9conomie, la soci\u00e9t\u00e9 et les analyses politiques. Le site s\u2019adresse \u00e0 un large public francophone et couvre l\u2019information tunisienne en temps r\u00e9el.\",\"email\":\"redac@webdo.tn\",\"legalName\":\"YNJ SARL\",\"foundingDate\":\"2010-09-06\",\"numberOfEmployees\":{\"@type\":\"QuantitativeValue\",\"minValue\":\"11\",\"maxValue\":\"50\"}},{\"@type\":\"Person\",\"@id\":\"https:\\\/\\\/www.webdo.tn\\\/fr\\\/#\\\/schema\\\/person\\\/1f4e491e0907b413d61089e8eb573acc\",\"name\":\"Webdo\",\"image\":{\"@type\":\"ImageObject\",\"inLanguage\":\"fr-FR\",\"@id\":\"https:\\\/\\\/secure.gravatar.com\\\/avatar\\\/de97aeec1bb80978a9dbb127e47dfc88aaacb2f3c29aac907d8d3222e3495d49?s=96&d=mm&r=g\",\"url\":\"https:\\\/\\\/secure.gravatar.com\\\/avatar\\\/de97aeec1bb80978a9dbb127e47dfc88aaacb2f3c29aac907d8d3222e3495d49?s=96&d=mm&r=g\",\"contentUrl\":\"https:\\\/\\\/secure.gravatar.com\\\/avatar\\\/de97aeec1bb80978a9dbb127e47dfc88aaacb2f3c29aac907d8d3222e3495d49?s=96&d=mm&r=g\",\"caption\":\"Webdo\"},\"url\":\"https:\\\/\\\/www.webdo.tn\\\/fr\\\/actualite\\\/author\\\/webdo\\\/\"}]}<\/script>\n<!-- \/ Yoast SEO Premium plugin. -->","yoast_head_json":{"title":"Tunisie : Un premier pic de consommation \u00e9lectrique enregistr\u00e9","description":"Le directeur de la coop\u00e9ration et de la communication \u00e0 la Soci\u00e9t\u00e9 Tunisienne d'Electricit\u00e9 et du Gaz (STEG), a affirm\u00e9 \u00e0 l'agence TAP, que la Tunisie a connu s...","canonical":"https:\/\/www.webdo.tn\/fr\/actualite\/national\/tunisie-un-premier-pic-de-consommation-electrique-enregistre\/207132\/","og_locale":"fr_FR","og_type":"article","og_title":"Tunisie : Un premier pic de consommation \u00e9lectrique enregistr\u00e9","og_description":"Le directeur de la coop\u00e9ration et de la communication \u00e0 la Soci\u00e9t\u00e9 Tunisienne d'Electricit\u00e9 et du Gaz (STEG), a affirm\u00e9 \u00e0 l'agence TAP, que la Tunisie a connu s...","og_url":"https:\/\/www.webdo.tn\/fr\/actualite\/national\/tunisie-un-premier-pic-de-consommation-electrique-enregistre\/207132\/","og_site_name":"webdo","article_publisher":"https:\/\/www.facebook.com\/webdotn","article_published_time":"2023-07-09T11:53:00+00:00","og_image":[{"width":600,"height":320,"url":"https:\/\/www.webdo.tn\/fr\/wp-content\/uploads\/2023\/07\/9ec0805ecb5bc51c415ed4c2f9678025.jpg","type":"image\/jpeg"}],"author":"Webdo","twitter_card":"summary_large_image","twitter_creator":"@webdo_tn","twitter_site":"@webdo_tn","twitter_misc":{"\u00c9crit par":"Webdo","Dur\u00e9e de lecture estim\u00e9e":"1 minute"},"schema":{"@context":"https:\/\/schema.org","@graph":[{"@type":"NewsArticle","@id":"https:\/\/www.webdo.tn\/fr\/actualite\/national\/tunisie-un-premier-pic-de-consommation-electrique-enregistre\/207132\/#article","isPartOf":{"@id":"https:\/\/www.webdo.tn\/fr\/actualite\/national\/tunisie-un-premier-pic-de-consommation-electrique-enregistre\/207132\/"},"author":{"name":"Webdo","@id":"https:\/\/www.webdo.tn\/fr\/#\/schema\/person\/1f4e491e0907b413d61089e8eb573acc"},"headline":"Tunisie : Un premier pic de consommation \u00e9lectrique enregistr\u00e9","datePublished":"2023-07-09T11:53:00+00:00","mainEntityOfPage":{"@id":"https:\/\/www.webdo.tn\/fr\/actualite\/national\/tunisie-un-premier-pic-de-consommation-electrique-enregistre\/207132\/"},"wordCount":187,"commentCount":0,"publisher":{"@id":"https:\/\/www.webdo.tn\/fr\/#organization"},"image":{"@id":"https:\/\/www.webdo.tn\/fr\/actualite\/national\/tunisie-un-premier-pic-de-consommation-electrique-enregistre\/207132\/#primaryimage"},"thumbnailUrl":"https:\/\/www.webdo.tn\/fr\/wp-content\/uploads\/2023\/07\/9ec0805ecb5bc51c415ed4c2f9678025.jpg","keywords":["chaleur","\u00e9lectricit\u00e9","\u00e9t\u00e9","steg","Tunisie"],"articleSection":["National"],"inLanguage":"fr-FR"},{"@type":"WebPage","@id":"https:\/\/www.webdo.tn\/fr\/actualite\/national\/tunisie-un-premier-pic-de-consommation-electrique-enregistre\/207132\/","url":"https:\/\/www.webdo.tn\/fr\/actualite\/national\/tunisie-un-premier-pic-de-consommation-electrique-enregistre\/207132\/","name":"Tunisie : Un premier pic de consommation \u00e9lectrique enregistr\u00e9","isPartOf":{"@id":"https:\/\/www.webdo.tn\/fr\/#website"},"primaryImageOfPage":{"@id":"https:\/\/www.webdo.tn\/fr\/actualite\/national\/tunisie-un-premier-pic-de-consommation-electrique-enregistre\/207132\/#primaryimage"},"image":{"@id":"https:\/\/www.webdo.tn\/fr\/actualite\/national\/tunisie-un-premier-pic-de-consommation-electrique-enregistre\/207132\/#primaryimage"},"thumbnailUrl":"https:\/\/www.webdo.tn\/fr\/wp-content\/uploads\/2023\/07\/9ec0805ecb5bc51c415ed4c2f9678025.jpg","datePublished":"2023-07-09T11:53:00+00:00","description":"Le directeur de la coop\u00e9ration et de la communication \u00e0 la Soci\u00e9t\u00e9 Tunisienne d'Electricit\u00e9 et du Gaz (STEG), a affirm\u00e9 \u00e0 l'agence TAP, que la Tunisie a connu s...","breadcrumb":{"@id":"https:\/\/www.webdo.tn\/fr\/actualite\/national\/tunisie-un-premier-pic-de-consommation-electrique-enregistre\/207132\/#breadcrumb"},"inLanguage":"fr-FR","potentialAction":[{"@type":"ReadAction","target":["https:\/\/www.webdo.tn\/fr\/actualite\/national\/tunisie-un-premier-pic-de-consommation-electrique-enregistre\/207132\/"]}]},{"@type":"ImageObject","inLanguage":"fr-FR","@id":"https:\/\/www.webdo.tn\/fr\/actualite\/national\/tunisie-un-premier-pic-de-consommation-electrique-enregistre\/207132\/#primaryimage","url":"https:\/\/www.webdo.tn\/fr\/wp-content\/uploads\/2023\/07\/9ec0805ecb5bc51c415ed4c2f9678025.jpg","contentUrl":"https:\/\/www.webdo.tn\/fr\/wp-content\/uploads\/2023\/07\/9ec0805ecb5bc51c415ed4c2f9678025.jpg","width":600,"height":320,"caption":"Tunisie : Un premier pic de consommation \u00e9lectrique enregistr\u00e9"},{"@type":"BreadcrumbList","@id":"https:\/\/www.webdo.tn\/fr\/actualite\/national\/tunisie-un-premier-pic-de-consommation-electrique-enregistre\/207132\/#breadcrumb","itemListElement":[{"@type":"ListItem","position":1,"name":"Accueil","item":"https:\/\/www.webdo.tn\/fr\/"},{"@type":"ListItem","position":2,"name":"Tunisie : Un premier pic de consommation \u00e9lectrique enregistr\u00e9"}]},{"@type":"WebSite","@id":"https:\/\/www.webdo.tn\/fr\/#website","url":"https:\/\/www.webdo.tn\/fr\/","name":"webdo","description":"Tunisie - News en Tunisie et \u00e0 l&#039;international sur Webdo.tn","publisher":{"@id":"https:\/\/www.webdo.tn\/fr\/#organization"},"potentialAction":[{"@type":"SearchAction","target":{"@type":"EntryPoint","urlTemplate":"https:\/\/www.webdo.tn\/fr\/?s={search_term_string}"},"query-input":{"@type":"PropertyValueSpecification","valueRequired":true,"valueName":"search_term_string"}}],"inLanguage":"fr-FR"},{"@type":"Organization","@id":"https:\/\/www.webdo.tn\/fr\/#organization","name":"Webdo","alternateName":"Webdo.tn","url":"https:\/\/www.webdo.tn\/fr\/","logo":{"@type":"ImageObject","inLanguage":"fr-FR","@id":"https:\/\/www.webdo.tn\/fr\/#\/schema\/logo\/image\/","url":"https:\/\/www.webdo.tn\/fr\/wp-content\/uploads\/2025\/06\/Webdo-Tunisie_168377.jpg","contentUrl":"https:\/\/www.webdo.tn\/fr\/wp-content\/uploads\/2025\/06\/Webdo-Tunisie_168377.jpg","width":301,"height":301,"caption":"Webdo"},"image":{"@id":"https:\/\/www.webdo.tn\/fr\/#\/schema\/logo\/image\/"},"sameAs":["https:\/\/www.facebook.com\/webdotn","https:\/\/x.com\/webdo_tn"],"description":"Webdo est un m\u00e9dia num\u00e9rique tunisien fond\u00e9 en 2010, sp\u00e9cialis\u00e9 dans l\u2019actualit\u00e9 nationale et internationale, l\u2019\u00e9conomie, la soci\u00e9t\u00e9 et les analyses politiques. Le site s\u2019adresse \u00e0 un large public francophone et couvre l\u2019information tunisienne en temps r\u00e9el.","email":"redac@webdo.tn","legalName":"YNJ SARL","foundingDate":"2010-09-06","numberOfEmployees":{"@type":"QuantitativeValue","minValue":"11","maxValue":"50"}},{"@type":"Person","@id":"https:\/\/www.webdo.tn\/fr\/#\/schema\/person\/1f4e491e0907b413d61089e8eb573acc","name":"Webdo","image":{"@type":"ImageObject","inLanguage":"fr-FR","@id":"https:\/\/secure.gravatar.com\/avatar\/de97aeec1bb80978a9dbb127e47dfc88aaacb2f3c29aac907d8d3222e3495d49?s=96&d=mm&r=g","url":"https:\/\/secure.gravatar.com\/avatar\/de97aeec1bb80978a9dbb127e47dfc88aaacb2f3c29aac907d8d3222e3495d49?s=96&d=mm&r=g","contentUrl":"https:\/\/secure.gravatar.com\/avatar\/de97aeec1bb80978a9dbb127e47dfc88aaacb2f3c29aac907d8d3222e3495d49?s=96&d=mm&r=g","caption":"Webdo"},"url":"https:\/\/www.webdo.tn\/fr\/actualite\/author\/webdo\/"}]}},"_links":{"self":[{"href":"https:\/\/www.webdo.tn\/fr\/wp-json\/wp\/v2\/posts\/207132","targetHints":{"allow":["GET"]}}],"collection":[{"href":"https:\/\/www.webdo.tn\/fr\/wp-json\/wp\/v2\/posts"}],"about":[{"href":"https:\/\/www.webdo.tn\/fr\/wp-json\/wp\/v2\/types\/post"}],"author":[{"embeddable":true,"href":"https:\/\/www.webdo.tn\/fr\/wp-json\/wp\/v2\/users\/3169"}],"replies":[{"embeddable":true,"href":"https:\/\/www.webdo.tn\/fr\/wp-json\/wp\/v2\/comments?post=207132"}],"version-history":[{"count":0,"href":"https:\/\/www.webdo.tn\/fr\/wp-json\/wp\/v2\/posts\/207132\/revisions"}],"wp:featuredmedia":[{"embeddable":true,"href":"https:\/\/www.webdo.tn\/fr\/wp-json\/wp\/v2\/media\/249797"}],"wp:attachment":[{"href":"https:\/\/www.webdo.tn\/fr\/wp-json\/wp\/v2\/media?parent=207132"}],"wp:term":[{"taxonomy":"category","embeddable":true,"href":"https:\/\/www.webdo.tn\/fr\/wp-json\/wp\/v2\/categories?post=207132"},{"taxonomy":"post_tag","embeddable":true,"href":"https:\/\/www.webdo.tn\/fr\/wp-json\/wp\/v2\/tags?post=207132"}],"curies":[{"name":"wp","href":"https:\/\/api.w.org\/{rel}","templated":true}]}}