{"id":207126,"date":"2023-07-08T10:44:00","date_gmt":"2023-07-08T10:44:00","guid":{"rendered":"https:\/\/www.webdo.tn\/fr\/blog\/tunisie-human-rights-watch-denonce-les-expulsions-et-les-violences-contre-les-migrants\/207126\/"},"modified":"2025-05-20T21:58:30","modified_gmt":"2025-05-20T21:58:30","slug":"tunisie-human-rights-watch-denonce-les-expulsions-et-les-violences-contre-les-migrants","status":"publish","type":"post","link":"https:\/\/www.webdo.tn\/fr\/actualite\/national\/tunisie-human-rights-watch-denonce-les-expulsions-et-les-violences-contre-les-migrants\/207126\/","title":{"rendered":"Tunisie : Human Rights Watch d\u00e9nonce les expulsions et les violences contre les migrants"},"content":{"rendered":"<p>Les violences contre les migrants augmentent consid\u00e9rablement en Tunisie, estime Human Rights Watch (HRW), qui d\u00e9nonce leur expulsion.<\/p>\n<p>\t\t\t\t\t\t\t\t\tDes centaines de migrants ont \u00e9t\u00e9 chass\u00e9s apr\u00e8s des affrontements avec les habitants de Sfax li\u00e9s \u00e0 la mort d&rsquo;un Tunisien, poignard\u00e9 par un migrant camerounais.<\/p>\n<p>De plus en plus de migrants sont expuls\u00e9s et abandonn\u00e9s dans le d\u00e9sert, d\u00e9nonce Human Rights Watch. Dans un rapport, l&rsquo;ONG estime que, depuis le 2 juillet, entre 500 et 700 Subsahariens ont \u00e9t\u00e9 conduits \u00e0 la fronti\u00e8re libyenne et livr\u00e9s \u00e0 leur sort.<\/p>\n<p>D&rsquo;apr\u00e8s les t\u00e9moignages recueillis par HRW, des \u00e9l\u00e9ments de la garde nationale et de l&rsquo;arm\u00e9e ont embarqu\u00e9 \u00e0 Sfax des centaines de Camerounais, Ivoiriens, Soudanais et S\u00e9n\u00e9galais, entre autres.<\/p>\n<p>Ils ont ensuite \u00e9t\u00e9 abandonn\u00e9s dans une zone militaris\u00e9e, pr\u00e8s de la ville de Ben Guerdane, \u00e0 la fronti\u00e8re libyenne, en plein d\u00e9sert, leur argent vol\u00e9, leurs t\u00e9l\u00e9phones d\u00e9truits.<\/p>\n<p>D&rsquo;apr\u00e8s Salsabil Chellali, directrice de HRW en Tunisie, les violences de Sfax servent de pr\u00e9texte aux autorit\u00e9s : \u00ab Les forces de s\u00e9curit\u00e9 tunisiennes les ont mis de force dans les bus en leur disant : \u00a0\u00bbOn va vous emmener loin de Sfax pour vous prot\u00e9ger.\u00a0\u00bb Tout \u00e7a pour, au final, les transporter \u00e0 la fronti\u00e8re. Et \u00e0 leur r\u00e9veil au matin, ils se retrouvent au d\u00e9sert. \u00bb<\/p>\n<p>L&rsquo;ONG estime que, depuis le 2 juillet, pr\u00e8s de 700 personnes ont connu le m\u00eame sort : hommes, femmes, enfants, en situation r\u00e9guli\u00e8re ou non. Plusieurs ont \u00e9t\u00e9 victimes de violences.<\/p>\n","protected":false},"excerpt":{"rendered":"<p>Les violences contre les migrants augmentent consid\u00e9rablement en Tunisie, estime Human Rights Watch (HRW), qui d\u00e9nonce leur expulsion.<\/p>\n","protected":false},"author":3162,"featured_media":249796,"comment_status":"open","ping_status":"closed","sticky":false,"template":"","format":"standard","meta":{"footnotes":""},"categories":[44],"tags":[7661,2894,2608],"class_list":["post-207126","post","type-post","status-publish","format-standard","has-post-thumbnail","hentry","category-national","tag-human-rights-watch","tag-migrants","tag-tunisie"],"yoast_head":"<!-- This site is optimized with the Yoast SEO Premium plugin v27.4 (Yoast SEO v27.5) - https:\/\/yoast.com\/product\/yoast-seo-premium-wordpress\/ -->\n<title>Tunisie : Human Rights Watch d\u00e9nonce les expulsions et les violences contre les migrants<\/title>\n<meta name=\"description\" content=\"Les violences contre les migrants augmentent consid\u00e9rablement en Tunisie, estime Human Rights Watch (HRW), qui d\u00e9nonce leur expulsion.\" \/>\n<link rel=\"canonical\" href=\"https:\/\/www.webdo.tn\/fr\/actualite\/national\/tunisie-human-rights-watch-denonce-les-expulsions-et-les-violences-contre-les-migrants\/207126\/\" \/>\n<meta property=\"og:locale\" content=\"fr_FR\" \/>\n<meta property=\"og:type\" content=\"article\" \/>\n<meta property=\"og:title\" content=\"Tunisie : Human Rights Watch d\u00e9nonce les expulsions et les violences contre les migrants\" \/>\n<meta property=\"og:description\" content=\"Les violences contre les migrants augmentent consid\u00e9rablement en Tunisie, estime Human Rights Watch (HRW), qui d\u00e9nonce leur expulsion.\" \/>\n<meta property=\"og:url\" content=\"https:\/\/www.webdo.tn\/fr\/actualite\/national\/tunisie-human-rights-watch-denonce-les-expulsions-et-les-violences-contre-les-migrants\/207126\/\" \/>\n<meta property=\"og:site_name\" content=\"webdo\" \/>\n<meta property=\"article:publisher\" content=\"https:\/\/www.facebook.com\/webdotn\" \/>\n<meta property=\"article:published_time\" content=\"2023-07-08T10:44:00+00:00\" \/>\n<meta property=\"article:modified_time\" content=\"2025-05-20T21:58:30+00:00\" \/>\n<meta property=\"og:image\" content=\"https:\/\/www.webdo.tn\/fr\/wp-content\/uploads\/2023\/07\/f2d776f80809b9d8f3068ed802eefcdc.jpg\" \/>\n\t<meta property=\"og:image:width\" content=\"580\" \/>\n\t<meta property=\"og:image:height\" content=\"309\" \/>\n\t<meta property=\"og:image:type\" content=\"image\/jpeg\" \/>\n<meta name=\"author\" content=\"MC\" \/>\n<meta name=\"twitter:card\" content=\"summary_large_image\" \/>\n<meta name=\"twitter:creator\" content=\"@webdo_tn\" \/>\n<meta name=\"twitter:site\" content=\"@webdo_tn\" \/>\n<meta name=\"twitter:label1\" content=\"\u00c9crit par\" \/>\n\t<meta name=\"twitter:data1\" content=\"MC\" \/>\n\t<meta name=\"twitter:label2\" content=\"Dur\u00e9e de lecture estim\u00e9e\" \/>\n\t<meta name=\"twitter:data2\" content=\"1 minute\" \/>\n<script type=\"application\/ld+json\" class=\"yoast-schema-graph\">{\"@context\":\"https:\\\/\\\/schema.org\",\"@graph\":[{\"@type\":\"NewsArticle\",\"@id\":\"https:\\\/\\\/www.webdo.tn\\\/fr\\\/actualite\\\/national\\\/tunisie-human-rights-watch-denonce-les-expulsions-et-les-violences-contre-les-migrants\\\/207126\\\/#article\",\"isPartOf\":{\"@id\":\"https:\\\/\\\/www.webdo.tn\\\/fr\\\/actualite\\\/national\\\/tunisie-human-rights-watch-denonce-les-expulsions-et-les-violences-contre-les-migrants\\\/207126\\\/\"},\"author\":{\"name\":\"MC\",\"@id\":\"https:\\\/\\\/www.webdo.tn\\\/fr\\\/#\\\/schema\\\/person\\\/2c4929cbf5a809e3bd38617c6ce150f6\"},\"headline\":\"Tunisie : Human Rights Watch d\u00e9nonce les expulsions et les violences contre les migrants\",\"datePublished\":\"2023-07-08T10:44:00+00:00\",\"dateModified\":\"2025-05-20T21:58:30+00:00\",\"mainEntityOfPage\":{\"@id\":\"https:\\\/\\\/www.webdo.tn\\\/fr\\\/actualite\\\/national\\\/tunisie-human-rights-watch-denonce-les-expulsions-et-les-violences-contre-les-migrants\\\/207126\\\/\"},\"wordCount\":285,\"commentCount\":0,\"publisher\":{\"@id\":\"https:\\\/\\\/www.webdo.tn\\\/fr\\\/#organization\"},\"image\":{\"@id\":\"https:\\\/\\\/www.webdo.tn\\\/fr\\\/actualite\\\/national\\\/tunisie-human-rights-watch-denonce-les-expulsions-et-les-violences-contre-les-migrants\\\/207126\\\/#primaryimage\"},\"thumbnailUrl\":\"https:\\\/\\\/www.webdo.tn\\\/fr\\\/wp-content\\\/uploads\\\/2023\\\/07\\\/f2d776f80809b9d8f3068ed802eefcdc.jpg\",\"keywords\":[\"Human Rights Watch\",\"migrants\",\"Tunisie\"],\"articleSection\":[\"National\"],\"inLanguage\":\"fr-FR\"},{\"@type\":\"WebPage\",\"@id\":\"https:\\\/\\\/www.webdo.tn\\\/fr\\\/actualite\\\/national\\\/tunisie-human-rights-watch-denonce-les-expulsions-et-les-violences-contre-les-migrants\\\/207126\\\/\",\"url\":\"https:\\\/\\\/www.webdo.tn\\\/fr\\\/actualite\\\/national\\\/tunisie-human-rights-watch-denonce-les-expulsions-et-les-violences-contre-les-migrants\\\/207126\\\/\",\"name\":\"Tunisie : Human Rights Watch d\u00e9nonce les expulsions et les violences contre les migrants\",\"isPartOf\":{\"@id\":\"https:\\\/\\\/www.webdo.tn\\\/fr\\\/#website\"},\"primaryImageOfPage\":{\"@id\":\"https:\\\/\\\/www.webdo.tn\\\/fr\\\/actualite\\\/national\\\/tunisie-human-rights-watch-denonce-les-expulsions-et-les-violences-contre-les-migrants\\\/207126\\\/#primaryimage\"},\"image\":{\"@id\":\"https:\\\/\\\/www.webdo.tn\\\/fr\\\/actualite\\\/national\\\/tunisie-human-rights-watch-denonce-les-expulsions-et-les-violences-contre-les-migrants\\\/207126\\\/#primaryimage\"},\"thumbnailUrl\":\"https:\\\/\\\/www.webdo.tn\\\/fr\\\/wp-content\\\/uploads\\\/2023\\\/07\\\/f2d776f80809b9d8f3068ed802eefcdc.jpg\",\"datePublished\":\"2023-07-08T10:44:00+00:00\",\"dateModified\":\"2025-05-20T21:58:30+00:00\",\"description\":\"Les violences contre les migrants augmentent consid\u00e9rablement en Tunisie, estime Human Rights Watch (HRW), qui d\u00e9nonce leur expulsion.\",\"breadcrumb\":{\"@id\":\"https:\\\/\\\/www.webdo.tn\\\/fr\\\/actualite\\\/national\\\/tunisie-human-rights-watch-denonce-les-expulsions-et-les-violences-contre-les-migrants\\\/207126\\\/#breadcrumb\"},\"inLanguage\":\"fr-FR\",\"potentialAction\":[{\"@type\":\"ReadAction\",\"target\":[\"https:\\\/\\\/www.webdo.tn\\\/fr\\\/actualite\\\/national\\\/tunisie-human-rights-watch-denonce-les-expulsions-et-les-violences-contre-les-migrants\\\/207126\\\/\"]}]},{\"@type\":\"ImageObject\",\"inLanguage\":\"fr-FR\",\"@id\":\"https:\\\/\\\/www.webdo.tn\\\/fr\\\/actualite\\\/national\\\/tunisie-human-rights-watch-denonce-les-expulsions-et-les-violences-contre-les-migrants\\\/207126\\\/#primaryimage\",\"url\":\"https:\\\/\\\/www.webdo.tn\\\/fr\\\/wp-content\\\/uploads\\\/2023\\\/07\\\/f2d776f80809b9d8f3068ed802eefcdc.jpg\",\"contentUrl\":\"https:\\\/\\\/www.webdo.tn\\\/fr\\\/wp-content\\\/uploads\\\/2023\\\/07\\\/f2d776f80809b9d8f3068ed802eefcdc.jpg\",\"width\":580,\"height\":309,\"caption\":\"Tunisie : Human Rights Watch d\u00e9nonce les expulsions et les violences contre les migrants\"},{\"@type\":\"BreadcrumbList\",\"@id\":\"https:\\\/\\\/www.webdo.tn\\\/fr\\\/actualite\\\/national\\\/tunisie-human-rights-watch-denonce-les-expulsions-et-les-violences-contre-les-migrants\\\/207126\\\/#breadcrumb\",\"itemListElement\":[{\"@type\":\"ListItem\",\"position\":1,\"name\":\"Accueil\",\"item\":\"https:\\\/\\\/www.webdo.tn\\\/fr\\\/\"},{\"@type\":\"ListItem\",\"position\":2,\"name\":\"Tunisie : Human Rights Watch d\u00e9nonce les expulsions et les violences contre les migrants\"}]},{\"@type\":\"WebSite\",\"@id\":\"https:\\\/\\\/www.webdo.tn\\\/fr\\\/#website\",\"url\":\"https:\\\/\\\/www.webdo.tn\\\/fr\\\/\",\"name\":\"webdo\",\"description\":\"Tunisie - News en Tunisie et \u00e0 l&#039;international sur Webdo.tn\",\"publisher\":{\"@id\":\"https:\\\/\\\/www.webdo.tn\\\/fr\\\/#organization\"},\"potentialAction\":[{\"@type\":\"SearchAction\",\"target\":{\"@type\":\"EntryPoint\",\"urlTemplate\":\"https:\\\/\\\/www.webdo.tn\\\/fr\\\/?s={search_term_string}\"},\"query-input\":{\"@type\":\"PropertyValueSpecification\",\"valueRequired\":true,\"valueName\":\"search_term_string\"}}],\"inLanguage\":\"fr-FR\"},{\"@type\":\"Organization\",\"@id\":\"https:\\\/\\\/www.webdo.tn\\\/fr\\\/#organization\",\"name\":\"Webdo\",\"alternateName\":\"Webdo.tn\",\"url\":\"https:\\\/\\\/www.webdo.tn\\\/fr\\\/\",\"logo\":{\"@type\":\"ImageObject\",\"inLanguage\":\"fr-FR\",\"@id\":\"https:\\\/\\\/www.webdo.tn\\\/fr\\\/#\\\/schema\\\/logo\\\/image\\\/\",\"url\":\"https:\\\/\\\/www.webdo.tn\\\/fr\\\/wp-content\\\/uploads\\\/2025\\\/06\\\/Webdo-Tunisie_168377.jpg\",\"contentUrl\":\"https:\\\/\\\/www.webdo.tn\\\/fr\\\/wp-content\\\/uploads\\\/2025\\\/06\\\/Webdo-Tunisie_168377.jpg\",\"width\":301,\"height\":301,\"caption\":\"Webdo\"},\"image\":{\"@id\":\"https:\\\/\\\/www.webdo.tn\\\/fr\\\/#\\\/schema\\\/logo\\\/image\\\/\"},\"sameAs\":[\"https:\\\/\\\/www.facebook.com\\\/webdotn\",\"https:\\\/\\\/x.com\\\/webdo_tn\"],\"description\":\"Webdo est un m\u00e9dia num\u00e9rique tunisien fond\u00e9 en 2010, sp\u00e9cialis\u00e9 dans l\u2019actualit\u00e9 nationale et internationale, l\u2019\u00e9conomie, la soci\u00e9t\u00e9 et les analyses politiques. Le site s\u2019adresse \u00e0 un large public francophone et couvre l\u2019information tunisienne en temps r\u00e9el.\",\"email\":\"redac@webdo.tn\",\"legalName\":\"YNJ SARL\",\"foundingDate\":\"2010-09-06\",\"numberOfEmployees\":{\"@type\":\"QuantitativeValue\",\"minValue\":\"11\",\"maxValue\":\"50\"}},{\"@type\":\"Person\",\"@id\":\"https:\\\/\\\/www.webdo.tn\\\/fr\\\/#\\\/schema\\\/person\\\/2c4929cbf5a809e3bd38617c6ce150f6\",\"name\":\"MC\",\"image\":{\"@type\":\"ImageObject\",\"inLanguage\":\"fr-FR\",\"@id\":\"https:\\\/\\\/secure.gravatar.com\\\/avatar\\\/a545bbb6f84efdd5553dbbc2895e3ca8f1d12c5215e00a041c9670b54aa9b18a?s=96&d=mm&r=g\",\"url\":\"https:\\\/\\\/secure.gravatar.com\\\/avatar\\\/a545bbb6f84efdd5553dbbc2895e3ca8f1d12c5215e00a041c9670b54aa9b18a?s=96&d=mm&r=g\",\"contentUrl\":\"https:\\\/\\\/secure.gravatar.com\\\/avatar\\\/a545bbb6f84efdd5553dbbc2895e3ca8f1d12c5215e00a041c9670b54aa9b18a?s=96&d=mm&r=g\",\"caption\":\"MC\"},\"url\":\"https:\\\/\\\/www.webdo.tn\\\/fr\\\/actualite\\\/author\\\/mc\\\/\"}]}<\/script>\n<!-- \/ Yoast SEO Premium plugin. -->","yoast_head_json":{"title":"Tunisie : Human Rights Watch d\u00e9nonce les expulsions et les violences contre les migrants","description":"Les violences contre les migrants augmentent consid\u00e9rablement en Tunisie, estime Human Rights Watch (HRW), qui d\u00e9nonce leur expulsion.","canonical":"https:\/\/www.webdo.tn\/fr\/actualite\/national\/tunisie-human-rights-watch-denonce-les-expulsions-et-les-violences-contre-les-migrants\/207126\/","og_locale":"fr_FR","og_type":"article","og_title":"Tunisie : Human Rights Watch d\u00e9nonce les expulsions et les violences contre les migrants","og_description":"Les violences contre les migrants augmentent consid\u00e9rablement en Tunisie, estime Human Rights Watch (HRW), qui d\u00e9nonce leur expulsion.","og_url":"https:\/\/www.webdo.tn\/fr\/actualite\/national\/tunisie-human-rights-watch-denonce-les-expulsions-et-les-violences-contre-les-migrants\/207126\/","og_site_name":"webdo","article_publisher":"https:\/\/www.facebook.com\/webdotn","article_published_time":"2023-07-08T10:44:00+00:00","article_modified_time":"2025-05-20T21:58:30+00:00","og_image":[{"width":580,"height":309,"url":"https:\/\/www.webdo.tn\/fr\/wp-content\/uploads\/2023\/07\/f2d776f80809b9d8f3068ed802eefcdc.jpg","type":"image\/jpeg"}],"author":"MC","twitter_card":"summary_large_image","twitter_creator":"@webdo_tn","twitter_site":"@webdo_tn","twitter_misc":{"\u00c9crit par":"MC","Dur\u00e9e de lecture estim\u00e9e":"1 minute"},"schema":{"@context":"https:\/\/schema.org","@graph":[{"@type":"NewsArticle","@id":"https:\/\/www.webdo.tn\/fr\/actualite\/national\/tunisie-human-rights-watch-denonce-les-expulsions-et-les-violences-contre-les-migrants\/207126\/#article","isPartOf":{"@id":"https:\/\/www.webdo.tn\/fr\/actualite\/national\/tunisie-human-rights-watch-denonce-les-expulsions-et-les-violences-contre-les-migrants\/207126\/"},"author":{"name":"MC","@id":"https:\/\/www.webdo.tn\/fr\/#\/schema\/person\/2c4929cbf5a809e3bd38617c6ce150f6"},"headline":"Tunisie : Human Rights Watch d\u00e9nonce les expulsions et les violences contre les migrants","datePublished":"2023-07-08T10:44:00+00:00","dateModified":"2025-05-20T21:58:30+00:00","mainEntityOfPage":{"@id":"https:\/\/www.webdo.tn\/fr\/actualite\/national\/tunisie-human-rights-watch-denonce-les-expulsions-et-les-violences-contre-les-migrants\/207126\/"},"wordCount":285,"commentCount":0,"publisher":{"@id":"https:\/\/www.webdo.tn\/fr\/#organization"},"image":{"@id":"https:\/\/www.webdo.tn\/fr\/actualite\/national\/tunisie-human-rights-watch-denonce-les-expulsions-et-les-violences-contre-les-migrants\/207126\/#primaryimage"},"thumbnailUrl":"https:\/\/www.webdo.tn\/fr\/wp-content\/uploads\/2023\/07\/f2d776f80809b9d8f3068ed802eefcdc.jpg","keywords":["Human Rights Watch","migrants","Tunisie"],"articleSection":["National"],"inLanguage":"fr-FR"},{"@type":"WebPage","@id":"https:\/\/www.webdo.tn\/fr\/actualite\/national\/tunisie-human-rights-watch-denonce-les-expulsions-et-les-violences-contre-les-migrants\/207126\/","url":"https:\/\/www.webdo.tn\/fr\/actualite\/national\/tunisie-human-rights-watch-denonce-les-expulsions-et-les-violences-contre-les-migrants\/207126\/","name":"Tunisie : Human Rights Watch d\u00e9nonce les expulsions et les violences contre les migrants","isPartOf":{"@id":"https:\/\/www.webdo.tn\/fr\/#website"},"primaryImageOfPage":{"@id":"https:\/\/www.webdo.tn\/fr\/actualite\/national\/tunisie-human-rights-watch-denonce-les-expulsions-et-les-violences-contre-les-migrants\/207126\/#primaryimage"},"image":{"@id":"https:\/\/www.webdo.tn\/fr\/actualite\/national\/tunisie-human-rights-watch-denonce-les-expulsions-et-les-violences-contre-les-migrants\/207126\/#primaryimage"},"thumbnailUrl":"https:\/\/www.webdo.tn\/fr\/wp-content\/uploads\/2023\/07\/f2d776f80809b9d8f3068ed802eefcdc.jpg","datePublished":"2023-07-08T10:44:00+00:00","dateModified":"2025-05-20T21:58:30+00:00","description":"Les violences contre les migrants augmentent consid\u00e9rablement en Tunisie, estime Human Rights Watch (HRW), qui d\u00e9nonce leur expulsion.","breadcrumb":{"@id":"https:\/\/www.webdo.tn\/fr\/actualite\/national\/tunisie-human-rights-watch-denonce-les-expulsions-et-les-violences-contre-les-migrants\/207126\/#breadcrumb"},"inLanguage":"fr-FR","potentialAction":[{"@type":"ReadAction","target":["https:\/\/www.webdo.tn\/fr\/actualite\/national\/tunisie-human-rights-watch-denonce-les-expulsions-et-les-violences-contre-les-migrants\/207126\/"]}]},{"@type":"ImageObject","inLanguage":"fr-FR","@id":"https:\/\/www.webdo.tn\/fr\/actualite\/national\/tunisie-human-rights-watch-denonce-les-expulsions-et-les-violences-contre-les-migrants\/207126\/#primaryimage","url":"https:\/\/www.webdo.tn\/fr\/wp-content\/uploads\/2023\/07\/f2d776f80809b9d8f3068ed802eefcdc.jpg","contentUrl":"https:\/\/www.webdo.tn\/fr\/wp-content\/uploads\/2023\/07\/f2d776f80809b9d8f3068ed802eefcdc.jpg","width":580,"height":309,"caption":"Tunisie : Human Rights Watch d\u00e9nonce les expulsions et les violences contre les migrants"},{"@type":"BreadcrumbList","@id":"https:\/\/www.webdo.tn\/fr\/actualite\/national\/tunisie-human-rights-watch-denonce-les-expulsions-et-les-violences-contre-les-migrants\/207126\/#breadcrumb","itemListElement":[{"@type":"ListItem","position":1,"name":"Accueil","item":"https:\/\/www.webdo.tn\/fr\/"},{"@type":"ListItem","position":2,"name":"Tunisie : Human Rights Watch d\u00e9nonce les expulsions et les violences contre les migrants"}]},{"@type":"WebSite","@id":"https:\/\/www.webdo.tn\/fr\/#website","url":"https:\/\/www.webdo.tn\/fr\/","name":"webdo","description":"Tunisie - News en Tunisie et \u00e0 l&#039;international sur Webdo.tn","publisher":{"@id":"https:\/\/www.webdo.tn\/fr\/#organization"},"potentialAction":[{"@type":"SearchAction","target":{"@type":"EntryPoint","urlTemplate":"https:\/\/www.webdo.tn\/fr\/?s={search_term_string}"},"query-input":{"@type":"PropertyValueSpecification","valueRequired":true,"valueName":"search_term_string"}}],"inLanguage":"fr-FR"},{"@type":"Organization","@id":"https:\/\/www.webdo.tn\/fr\/#organization","name":"Webdo","alternateName":"Webdo.tn","url":"https:\/\/www.webdo.tn\/fr\/","logo":{"@type":"ImageObject","inLanguage":"fr-FR","@id":"https:\/\/www.webdo.tn\/fr\/#\/schema\/logo\/image\/","url":"https:\/\/www.webdo.tn\/fr\/wp-content\/uploads\/2025\/06\/Webdo-Tunisie_168377.jpg","contentUrl":"https:\/\/www.webdo.tn\/fr\/wp-content\/uploads\/2025\/06\/Webdo-Tunisie_168377.jpg","width":301,"height":301,"caption":"Webdo"},"image":{"@id":"https:\/\/www.webdo.tn\/fr\/#\/schema\/logo\/image\/"},"sameAs":["https:\/\/www.facebook.com\/webdotn","https:\/\/x.com\/webdo_tn"],"description":"Webdo est un m\u00e9dia num\u00e9rique tunisien fond\u00e9 en 2010, sp\u00e9cialis\u00e9 dans l\u2019actualit\u00e9 nationale et internationale, l\u2019\u00e9conomie, la soci\u00e9t\u00e9 et les analyses politiques. Le site s\u2019adresse \u00e0 un large public francophone et couvre l\u2019information tunisienne en temps r\u00e9el.","email":"redac@webdo.tn","legalName":"YNJ SARL","foundingDate":"2010-09-06","numberOfEmployees":{"@type":"QuantitativeValue","minValue":"11","maxValue":"50"}},{"@type":"Person","@id":"https:\/\/www.webdo.tn\/fr\/#\/schema\/person\/2c4929cbf5a809e3bd38617c6ce150f6","name":"MC","image":{"@type":"ImageObject","inLanguage":"fr-FR","@id":"https:\/\/secure.gravatar.com\/avatar\/a545bbb6f84efdd5553dbbc2895e3ca8f1d12c5215e00a041c9670b54aa9b18a?s=96&d=mm&r=g","url":"https:\/\/secure.gravatar.com\/avatar\/a545bbb6f84efdd5553dbbc2895e3ca8f1d12c5215e00a041c9670b54aa9b18a?s=96&d=mm&r=g","contentUrl":"https:\/\/secure.gravatar.com\/avatar\/a545bbb6f84efdd5553dbbc2895e3ca8f1d12c5215e00a041c9670b54aa9b18a?s=96&d=mm&r=g","caption":"MC"},"url":"https:\/\/www.webdo.tn\/fr\/actualite\/author\/mc\/"}]}},"_links":{"self":[{"href":"https:\/\/www.webdo.tn\/fr\/wp-json\/wp\/v2\/posts\/207126","targetHints":{"allow":["GET"]}}],"collection":[{"href":"https:\/\/www.webdo.tn\/fr\/wp-json\/wp\/v2\/posts"}],"about":[{"href":"https:\/\/www.webdo.tn\/fr\/wp-json\/wp\/v2\/types\/post"}],"author":[{"embeddable":true,"href":"https:\/\/www.webdo.tn\/fr\/wp-json\/wp\/v2\/users\/3162"}],"replies":[{"embeddable":true,"href":"https:\/\/www.webdo.tn\/fr\/wp-json\/wp\/v2\/comments?post=207126"}],"version-history":[{"count":0,"href":"https:\/\/www.webdo.tn\/fr\/wp-json\/wp\/v2\/posts\/207126\/revisions"}],"wp:featuredmedia":[{"embeddable":true,"href":"https:\/\/www.webdo.tn\/fr\/wp-json\/wp\/v2\/media\/249796"}],"wp:attachment":[{"href":"https:\/\/www.webdo.tn\/fr\/wp-json\/wp\/v2\/media?parent=207126"}],"wp:term":[{"taxonomy":"category","embeddable":true,"href":"https:\/\/www.webdo.tn\/fr\/wp-json\/wp\/v2\/categories?post=207126"},{"taxonomy":"post_tag","embeddable":true,"href":"https:\/\/www.webdo.tn\/fr\/wp-json\/wp\/v2\/tags?post=207126"}],"curies":[{"name":"wp","href":"https:\/\/api.w.org\/{rel}","templated":true}]}}