{"id":207108,"date":"2023-07-07T18:11:00","date_gmt":"2023-07-07T18:11:00","guid":{"rendered":"https:\/\/www.webdo.tn\/fr\/blog\/un-membre-de-la-commission-de-la-reconciliation-penale-limoge-par-saied\/207108\/"},"modified":"2025-05-20T22:50:53","modified_gmt":"2025-05-20T22:50:53","slug":"un-membre-de-la-commission-de-la-reconciliation-penale-limoge-par-saied","status":"publish","type":"post","link":"https:\/\/www.webdo.tn\/fr\/actualite\/national\/un-membre-de-la-commission-de-la-reconciliation-penale-limoge-par-saied\/207108\/","title":{"rendered":"Un membre de la Commission de la r\u00e9conciliation p\u00e9nale limog\u00e9 par Saied"},"content":{"rendered":"<p>Dans un communiqu\u00e9 rendu public ce vendredi 7 juillet 2023, la pr\u00e9sidence de la R\u00e9publique annonce que Fatma Yacoubi, membre de la Commission de la r\u00e9conciliation p\u00e9nale a \u00e9t\u00e9 d\u00e9mise de ses fonctions par d\u00e9cret pr\u00e9sidentiell.<\/p>\n<p>\t\t\t\t\t\t\t\t\t\u00ab Le d\u00e9cret \u00e9mis par Ka\u00efs Sa\u00efed, entre en vigueur imm\u00e9diatement \u00bb, pr\u00e9cise le communiqu\u00e9.<\/p>\n<p>Le d\u00e9cret pr\u00e9sidentiel du 20 mars 2022 relatif \u00e0 la r\u00e9conciliation p\u00e9nale a \u00e9t\u00e9 publi\u00e9 dans le Journal officiel de la R\u00e9publique tunisienne.\u00a0<\/p>\n<p>Ce limogeage serait en lien avec de faux chiffres pr\u00e9sent\u00e9es par cette membre lors d\u2019une visite effectu\u00e9e par le pr\u00e9sident de la R\u00e9publique. <\/p>\n<p>La r\u00e9conciliation p\u00e9nale vise \u00e0 se substituer aux poursuites judiciaires, et ce, par le paiement de sommes d\u2019argent ou par la r\u00e9alisation de projets nationaux, r\u00e9gionaux ou locaux.\u00a0<\/p>\n<p>Ledit d\u00e9cret sera appliqu\u00e9 aux personnes qui font l\u2019objet d\u2019une proc\u00e9dure judiciaire pour crimes financiers et \u00e9conomiques et \u00e0 toutes les personnes concern\u00e9es par le d\u00e9cret-loi n\u00b0 2011-13 du 14 mars 2011 portant confiscation d\u2019avoirs et de biens meubles et immeubles.\u00a0<\/p>\n<p>Il est \u00e9galement destin\u00e9 aux personnes qui ont profit\u00e9 des biens confisqu\u00e9s. La r\u00e9conciliation p\u00e9nale couvre certains domaines dont le blanchiment d\u2019argent, la fiscalit\u00e9, la douane, le change, le march\u00e9 financier et les institutions financi\u00e8res, la corruption, les biens publics et l\u2019argent public.<\/p>\n","protected":false},"excerpt":{"rendered":"<p>Dans un communiqu\u00e9 rendu public ce vendredi 7 juillet 2023, la pr\u00e9sidence de la R\u00e9publique annonce que Fatma Yacoubi, membre de la Commission de la r\u00e9conciliati&#8230;<\/p>\n","protected":false},"author":3175,"featured_media":278468,"comment_status":"open","ping_status":"closed","sticky":false,"template":"","format":"standard","meta":{"footnotes":""},"categories":[44],"tags":[7181,3418,2608],"class_list":["post-207108","post","type-post","status-publish","format-standard","has-post-thumbnail","hentry","category-national","tag-reconciliation-penale","tag-saied","tag-tunisie"],"yoast_head":"<!-- This site is optimized with the Yoast SEO Premium plugin v27.5 (Yoast SEO v27.5) - https:\/\/yoast.com\/product\/yoast-seo-premium-wordpress\/ -->\n<title>Un membre de la Commission de la r\u00e9conciliation p\u00e9nale limog\u00e9 par Saied<\/title>\n<meta name=\"description\" content=\"Dans un communiqu\u00e9 rendu public ce vendredi 7 juillet 2023, la pr\u00e9sidence de la R\u00e9publique annonce que Fatma Yacoubi, membre de la Commission de la r\u00e9conciliati...\" \/>\n<link rel=\"canonical\" href=\"https:\/\/www.webdo.tn\/fr\/actualite\/national\/un-membre-de-la-commission-de-la-reconciliation-penale-limoge-par-saied\/207108\/\" \/>\n<meta property=\"og:locale\" content=\"fr_FR\" \/>\n<meta property=\"og:type\" content=\"article\" \/>\n<meta property=\"og:title\" content=\"Un membre de la Commission de la r\u00e9conciliation p\u00e9nale limog\u00e9 par Saied\" \/>\n<meta property=\"og:description\" content=\"Dans un communiqu\u00e9 rendu public ce vendredi 7 juillet 2023, la pr\u00e9sidence de la R\u00e9publique annonce que Fatma Yacoubi, membre de la Commission de la r\u00e9conciliati...\" \/>\n<meta property=\"og:url\" content=\"https:\/\/www.webdo.tn\/fr\/actualite\/national\/un-membre-de-la-commission-de-la-reconciliation-penale-limoge-par-saied\/207108\/\" \/>\n<meta property=\"og:site_name\" content=\"webdo\" \/>\n<meta property=\"article:publisher\" content=\"https:\/\/www.facebook.com\/webdotn\" \/>\n<meta property=\"article:published_time\" content=\"2023-07-07T18:11:00+00:00\" \/>\n<meta property=\"article:modified_time\" content=\"2025-05-20T22:50:53+00:00\" \/>\n<meta property=\"og:image\" content=\"https:\/\/www.webdo.tn\/fr\/wp-content\/uploads\/2023\/07\/b35c39c597e7a569fc0a7f0000fcef2b.jpg\" \/>\n\t<meta property=\"og:image:width\" content=\"750\" \/>\n\t<meta property=\"og:image:height\" content=\"400\" \/>\n\t<meta property=\"og:image:type\" content=\"image\/jpeg\" \/>\n<meta name=\"author\" content=\"CL\" \/>\n<meta name=\"twitter:card\" content=\"summary_large_image\" \/>\n<meta name=\"twitter:creator\" content=\"@webdo_tn\" \/>\n<meta name=\"twitter:site\" content=\"@webdo_tn\" \/>\n<meta name=\"twitter:label1\" content=\"\u00c9crit par\" \/>\n\t<meta name=\"twitter:data1\" content=\"CL\" \/>\n\t<meta name=\"twitter:label2\" content=\"Dur\u00e9e de lecture estim\u00e9e\" \/>\n\t<meta name=\"twitter:data2\" content=\"1 minute\" \/>\n<script type=\"application\/ld+json\" class=\"yoast-schema-graph\">{\"@context\":\"https:\\\/\\\/schema.org\",\"@graph\":[{\"@type\":\"NewsArticle\",\"@id\":\"https:\\\/\\\/www.webdo.tn\\\/fr\\\/actualite\\\/national\\\/un-membre-de-la-commission-de-la-reconciliation-penale-limoge-par-saied\\\/207108\\\/#article\",\"isPartOf\":{\"@id\":\"https:\\\/\\\/www.webdo.tn\\\/fr\\\/actualite\\\/national\\\/un-membre-de-la-commission-de-la-reconciliation-penale-limoge-par-saied\\\/207108\\\/\"},\"author\":{\"name\":\"CL\",\"@id\":\"https:\\\/\\\/www.webdo.tn\\\/fr\\\/#\\\/schema\\\/person\\\/f35b42a42c5e2511bbd282959d6385cc\"},\"headline\":\"Un membre de la Commission de la r\u00e9conciliation p\u00e9nale limog\u00e9 par Saied\",\"datePublished\":\"2023-07-07T18:11:00+00:00\",\"dateModified\":\"2025-05-20T22:50:53+00:00\",\"mainEntityOfPage\":{\"@id\":\"https:\\\/\\\/www.webdo.tn\\\/fr\\\/actualite\\\/national\\\/un-membre-de-la-commission-de-la-reconciliation-penale-limoge-par-saied\\\/207108\\\/\"},\"wordCount\":253,\"commentCount\":0,\"publisher\":{\"@id\":\"https:\\\/\\\/www.webdo.tn\\\/fr\\\/#organization\"},\"image\":{\"@id\":\"https:\\\/\\\/www.webdo.tn\\\/fr\\\/actualite\\\/national\\\/un-membre-de-la-commission-de-la-reconciliation-penale-limoge-par-saied\\\/207108\\\/#primaryimage\"},\"thumbnailUrl\":\"https:\\\/\\\/www.webdo.tn\\\/fr\\\/wp-content\\\/uploads\\\/2023\\\/07\\\/b35c39c597e7a569fc0a7f0000fcef2b.jpg\",\"keywords\":[\"r\u00e9conciliation p\u00e9nale\",\"Saied\",\"Tunisie\"],\"articleSection\":[\"National\"],\"inLanguage\":\"fr-FR\"},{\"@type\":\"WebPage\",\"@id\":\"https:\\\/\\\/www.webdo.tn\\\/fr\\\/actualite\\\/national\\\/un-membre-de-la-commission-de-la-reconciliation-penale-limoge-par-saied\\\/207108\\\/\",\"url\":\"https:\\\/\\\/www.webdo.tn\\\/fr\\\/actualite\\\/national\\\/un-membre-de-la-commission-de-la-reconciliation-penale-limoge-par-saied\\\/207108\\\/\",\"name\":\"Un membre de la Commission de la r\u00e9conciliation p\u00e9nale limog\u00e9 par Saied\",\"isPartOf\":{\"@id\":\"https:\\\/\\\/www.webdo.tn\\\/fr\\\/#website\"},\"primaryImageOfPage\":{\"@id\":\"https:\\\/\\\/www.webdo.tn\\\/fr\\\/actualite\\\/national\\\/un-membre-de-la-commission-de-la-reconciliation-penale-limoge-par-saied\\\/207108\\\/#primaryimage\"},\"image\":{\"@id\":\"https:\\\/\\\/www.webdo.tn\\\/fr\\\/actualite\\\/national\\\/un-membre-de-la-commission-de-la-reconciliation-penale-limoge-par-saied\\\/207108\\\/#primaryimage\"},\"thumbnailUrl\":\"https:\\\/\\\/www.webdo.tn\\\/fr\\\/wp-content\\\/uploads\\\/2023\\\/07\\\/b35c39c597e7a569fc0a7f0000fcef2b.jpg\",\"datePublished\":\"2023-07-07T18:11:00+00:00\",\"dateModified\":\"2025-05-20T22:50:53+00:00\",\"description\":\"Dans un communiqu\u00e9 rendu public ce vendredi 7 juillet 2023, la pr\u00e9sidence de la R\u00e9publique annonce que Fatma Yacoubi, membre de la Commission de la r\u00e9conciliati...\",\"breadcrumb\":{\"@id\":\"https:\\\/\\\/www.webdo.tn\\\/fr\\\/actualite\\\/national\\\/un-membre-de-la-commission-de-la-reconciliation-penale-limoge-par-saied\\\/207108\\\/#breadcrumb\"},\"inLanguage\":\"fr-FR\",\"potentialAction\":[{\"@type\":\"ReadAction\",\"target\":[\"https:\\\/\\\/www.webdo.tn\\\/fr\\\/actualite\\\/national\\\/un-membre-de-la-commission-de-la-reconciliation-penale-limoge-par-saied\\\/207108\\\/\"]}]},{\"@type\":\"ImageObject\",\"inLanguage\":\"fr-FR\",\"@id\":\"https:\\\/\\\/www.webdo.tn\\\/fr\\\/actualite\\\/national\\\/un-membre-de-la-commission-de-la-reconciliation-penale-limoge-par-saied\\\/207108\\\/#primaryimage\",\"url\":\"https:\\\/\\\/www.webdo.tn\\\/fr\\\/wp-content\\\/uploads\\\/2023\\\/07\\\/b35c39c597e7a569fc0a7f0000fcef2b.jpg\",\"contentUrl\":\"https:\\\/\\\/www.webdo.tn\\\/fr\\\/wp-content\\\/uploads\\\/2023\\\/07\\\/b35c39c597e7a569fc0a7f0000fcef2b.jpg\",\"width\":750,\"height\":400,\"caption\":\"Un membre de la Commission de la r\u00e9conciliation p\u00e9nale limog\u00e9 par Saied\"},{\"@type\":\"BreadcrumbList\",\"@id\":\"https:\\\/\\\/www.webdo.tn\\\/fr\\\/actualite\\\/national\\\/un-membre-de-la-commission-de-la-reconciliation-penale-limoge-par-saied\\\/207108\\\/#breadcrumb\",\"itemListElement\":[{\"@type\":\"ListItem\",\"position\":1,\"name\":\"Accueil\",\"item\":\"https:\\\/\\\/www.webdo.tn\\\/fr\\\/\"},{\"@type\":\"ListItem\",\"position\":2,\"name\":\"Un membre de la Commission de la r\u00e9conciliation p\u00e9nale limog\u00e9 par Saied\"}]},{\"@type\":\"WebSite\",\"@id\":\"https:\\\/\\\/www.webdo.tn\\\/fr\\\/#website\",\"url\":\"https:\\\/\\\/www.webdo.tn\\\/fr\\\/\",\"name\":\"webdo\",\"description\":\"Tunisie - News en Tunisie et \u00e0 l&#039;international sur Webdo.tn\",\"publisher\":{\"@id\":\"https:\\\/\\\/www.webdo.tn\\\/fr\\\/#organization\"},\"potentialAction\":[{\"@type\":\"SearchAction\",\"target\":{\"@type\":\"EntryPoint\",\"urlTemplate\":\"https:\\\/\\\/www.webdo.tn\\\/fr\\\/?s={search_term_string}\"},\"query-input\":{\"@type\":\"PropertyValueSpecification\",\"valueRequired\":true,\"valueName\":\"search_term_string\"}}],\"inLanguage\":\"fr-FR\"},{\"@type\":\"Organization\",\"@id\":\"https:\\\/\\\/www.webdo.tn\\\/fr\\\/#organization\",\"name\":\"Webdo\",\"alternateName\":\"Webdo.tn\",\"url\":\"https:\\\/\\\/www.webdo.tn\\\/fr\\\/\",\"logo\":{\"@type\":\"ImageObject\",\"inLanguage\":\"fr-FR\",\"@id\":\"https:\\\/\\\/www.webdo.tn\\\/fr\\\/#\\\/schema\\\/logo\\\/image\\\/\",\"url\":\"https:\\\/\\\/www.webdo.tn\\\/fr\\\/wp-content\\\/uploads\\\/2025\\\/06\\\/Webdo-Tunisie_168377.jpg\",\"contentUrl\":\"https:\\\/\\\/www.webdo.tn\\\/fr\\\/wp-content\\\/uploads\\\/2025\\\/06\\\/Webdo-Tunisie_168377.jpg\",\"width\":301,\"height\":301,\"caption\":\"Webdo\"},\"image\":{\"@id\":\"https:\\\/\\\/www.webdo.tn\\\/fr\\\/#\\\/schema\\\/logo\\\/image\\\/\"},\"sameAs\":[\"https:\\\/\\\/www.facebook.com\\\/webdotn\",\"https:\\\/\\\/x.com\\\/webdo_tn\"],\"description\":\"Webdo est un m\u00e9dia num\u00e9rique tunisien fond\u00e9 en 2010, sp\u00e9cialis\u00e9 dans l\u2019actualit\u00e9 nationale et internationale, l\u2019\u00e9conomie, la soci\u00e9t\u00e9 et les analyses politiques. Le site s\u2019adresse \u00e0 un large public francophone et couvre l\u2019information tunisienne en temps r\u00e9el.\",\"email\":\"redac@webdo.tn\",\"legalName\":\"YNJ SARL\",\"foundingDate\":\"2010-09-06\",\"numberOfEmployees\":{\"@type\":\"QuantitativeValue\",\"minValue\":\"11\",\"maxValue\":\"50\"}},{\"@type\":\"Person\",\"@id\":\"https:\\\/\\\/www.webdo.tn\\\/fr\\\/#\\\/schema\\\/person\\\/f35b42a42c5e2511bbd282959d6385cc\",\"name\":\"CL\",\"image\":{\"@type\":\"ImageObject\",\"inLanguage\":\"fr-FR\",\"@id\":\"https:\\\/\\\/secure.gravatar.com\\\/avatar\\\/1447a49909b67aa657c488aec6512e1dd6143a480c1ecfee9b5b5cd74eb3b59e?s=96&d=mm&r=g\",\"url\":\"https:\\\/\\\/secure.gravatar.com\\\/avatar\\\/1447a49909b67aa657c488aec6512e1dd6143a480c1ecfee9b5b5cd74eb3b59e?s=96&d=mm&r=g\",\"contentUrl\":\"https:\\\/\\\/secure.gravatar.com\\\/avatar\\\/1447a49909b67aa657c488aec6512e1dd6143a480c1ecfee9b5b5cd74eb3b59e?s=96&d=mm&r=g\",\"caption\":\"CL\"},\"url\":\"https:\\\/\\\/www.webdo.tn\\\/fr\\\/actualite\\\/author\\\/cl\\\/\"}]}<\/script>\n<!-- \/ Yoast SEO Premium plugin. -->","yoast_head_json":{"title":"Un membre de la Commission de la r\u00e9conciliation p\u00e9nale limog\u00e9 par Saied","description":"Dans un communiqu\u00e9 rendu public ce vendredi 7 juillet 2023, la pr\u00e9sidence de la R\u00e9publique annonce que Fatma Yacoubi, membre de la Commission de la r\u00e9conciliati...","canonical":"https:\/\/www.webdo.tn\/fr\/actualite\/national\/un-membre-de-la-commission-de-la-reconciliation-penale-limoge-par-saied\/207108\/","og_locale":"fr_FR","og_type":"article","og_title":"Un membre de la Commission de la r\u00e9conciliation p\u00e9nale limog\u00e9 par Saied","og_description":"Dans un communiqu\u00e9 rendu public ce vendredi 7 juillet 2023, la pr\u00e9sidence de la R\u00e9publique annonce que Fatma Yacoubi, membre de la Commission de la r\u00e9conciliati...","og_url":"https:\/\/www.webdo.tn\/fr\/actualite\/national\/un-membre-de-la-commission-de-la-reconciliation-penale-limoge-par-saied\/207108\/","og_site_name":"webdo","article_publisher":"https:\/\/www.facebook.com\/webdotn","article_published_time":"2023-07-07T18:11:00+00:00","article_modified_time":"2025-05-20T22:50:53+00:00","og_image":[{"width":750,"height":400,"url":"https:\/\/www.webdo.tn\/fr\/wp-content\/uploads\/2023\/07\/b35c39c597e7a569fc0a7f0000fcef2b.jpg","type":"image\/jpeg"}],"author":"CL","twitter_card":"summary_large_image","twitter_creator":"@webdo_tn","twitter_site":"@webdo_tn","twitter_misc":{"\u00c9crit par":"CL","Dur\u00e9e de lecture estim\u00e9e":"1 minute"},"schema":{"@context":"https:\/\/schema.org","@graph":[{"@type":"NewsArticle","@id":"https:\/\/www.webdo.tn\/fr\/actualite\/national\/un-membre-de-la-commission-de-la-reconciliation-penale-limoge-par-saied\/207108\/#article","isPartOf":{"@id":"https:\/\/www.webdo.tn\/fr\/actualite\/national\/un-membre-de-la-commission-de-la-reconciliation-penale-limoge-par-saied\/207108\/"},"author":{"name":"CL","@id":"https:\/\/www.webdo.tn\/fr\/#\/schema\/person\/f35b42a42c5e2511bbd282959d6385cc"},"headline":"Un membre de la Commission de la r\u00e9conciliation p\u00e9nale limog\u00e9 par Saied","datePublished":"2023-07-07T18:11:00+00:00","dateModified":"2025-05-20T22:50:53+00:00","mainEntityOfPage":{"@id":"https:\/\/www.webdo.tn\/fr\/actualite\/national\/un-membre-de-la-commission-de-la-reconciliation-penale-limoge-par-saied\/207108\/"},"wordCount":253,"commentCount":0,"publisher":{"@id":"https:\/\/www.webdo.tn\/fr\/#organization"},"image":{"@id":"https:\/\/www.webdo.tn\/fr\/actualite\/national\/un-membre-de-la-commission-de-la-reconciliation-penale-limoge-par-saied\/207108\/#primaryimage"},"thumbnailUrl":"https:\/\/www.webdo.tn\/fr\/wp-content\/uploads\/2023\/07\/b35c39c597e7a569fc0a7f0000fcef2b.jpg","keywords":["r\u00e9conciliation p\u00e9nale","Saied","Tunisie"],"articleSection":["National"],"inLanguage":"fr-FR"},{"@type":"WebPage","@id":"https:\/\/www.webdo.tn\/fr\/actualite\/national\/un-membre-de-la-commission-de-la-reconciliation-penale-limoge-par-saied\/207108\/","url":"https:\/\/www.webdo.tn\/fr\/actualite\/national\/un-membre-de-la-commission-de-la-reconciliation-penale-limoge-par-saied\/207108\/","name":"Un membre de la Commission de la r\u00e9conciliation p\u00e9nale limog\u00e9 par Saied","isPartOf":{"@id":"https:\/\/www.webdo.tn\/fr\/#website"},"primaryImageOfPage":{"@id":"https:\/\/www.webdo.tn\/fr\/actualite\/national\/un-membre-de-la-commission-de-la-reconciliation-penale-limoge-par-saied\/207108\/#primaryimage"},"image":{"@id":"https:\/\/www.webdo.tn\/fr\/actualite\/national\/un-membre-de-la-commission-de-la-reconciliation-penale-limoge-par-saied\/207108\/#primaryimage"},"thumbnailUrl":"https:\/\/www.webdo.tn\/fr\/wp-content\/uploads\/2023\/07\/b35c39c597e7a569fc0a7f0000fcef2b.jpg","datePublished":"2023-07-07T18:11:00+00:00","dateModified":"2025-05-20T22:50:53+00:00","description":"Dans un communiqu\u00e9 rendu public ce vendredi 7 juillet 2023, la pr\u00e9sidence de la R\u00e9publique annonce que Fatma Yacoubi, membre de la Commission de la r\u00e9conciliati...","breadcrumb":{"@id":"https:\/\/www.webdo.tn\/fr\/actualite\/national\/un-membre-de-la-commission-de-la-reconciliation-penale-limoge-par-saied\/207108\/#breadcrumb"},"inLanguage":"fr-FR","potentialAction":[{"@type":"ReadAction","target":["https:\/\/www.webdo.tn\/fr\/actualite\/national\/un-membre-de-la-commission-de-la-reconciliation-penale-limoge-par-saied\/207108\/"]}]},{"@type":"ImageObject","inLanguage":"fr-FR","@id":"https:\/\/www.webdo.tn\/fr\/actualite\/national\/un-membre-de-la-commission-de-la-reconciliation-penale-limoge-par-saied\/207108\/#primaryimage","url":"https:\/\/www.webdo.tn\/fr\/wp-content\/uploads\/2023\/07\/b35c39c597e7a569fc0a7f0000fcef2b.jpg","contentUrl":"https:\/\/www.webdo.tn\/fr\/wp-content\/uploads\/2023\/07\/b35c39c597e7a569fc0a7f0000fcef2b.jpg","width":750,"height":400,"caption":"Un membre de la Commission de la r\u00e9conciliation p\u00e9nale limog\u00e9 par Saied"},{"@type":"BreadcrumbList","@id":"https:\/\/www.webdo.tn\/fr\/actualite\/national\/un-membre-de-la-commission-de-la-reconciliation-penale-limoge-par-saied\/207108\/#breadcrumb","itemListElement":[{"@type":"ListItem","position":1,"name":"Accueil","item":"https:\/\/www.webdo.tn\/fr\/"},{"@type":"ListItem","position":2,"name":"Un membre de la Commission de la r\u00e9conciliation p\u00e9nale limog\u00e9 par Saied"}]},{"@type":"WebSite","@id":"https:\/\/www.webdo.tn\/fr\/#website","url":"https:\/\/www.webdo.tn\/fr\/","name":"webdo","description":"Tunisie - News en Tunisie et \u00e0 l&#039;international sur Webdo.tn","publisher":{"@id":"https:\/\/www.webdo.tn\/fr\/#organization"},"potentialAction":[{"@type":"SearchAction","target":{"@type":"EntryPoint","urlTemplate":"https:\/\/www.webdo.tn\/fr\/?s={search_term_string}"},"query-input":{"@type":"PropertyValueSpecification","valueRequired":true,"valueName":"search_term_string"}}],"inLanguage":"fr-FR"},{"@type":"Organization","@id":"https:\/\/www.webdo.tn\/fr\/#organization","name":"Webdo","alternateName":"Webdo.tn","url":"https:\/\/www.webdo.tn\/fr\/","logo":{"@type":"ImageObject","inLanguage":"fr-FR","@id":"https:\/\/www.webdo.tn\/fr\/#\/schema\/logo\/image\/","url":"https:\/\/www.webdo.tn\/fr\/wp-content\/uploads\/2025\/06\/Webdo-Tunisie_168377.jpg","contentUrl":"https:\/\/www.webdo.tn\/fr\/wp-content\/uploads\/2025\/06\/Webdo-Tunisie_168377.jpg","width":301,"height":301,"caption":"Webdo"},"image":{"@id":"https:\/\/www.webdo.tn\/fr\/#\/schema\/logo\/image\/"},"sameAs":["https:\/\/www.facebook.com\/webdotn","https:\/\/x.com\/webdo_tn"],"description":"Webdo est un m\u00e9dia num\u00e9rique tunisien fond\u00e9 en 2010, sp\u00e9cialis\u00e9 dans l\u2019actualit\u00e9 nationale et internationale, l\u2019\u00e9conomie, la soci\u00e9t\u00e9 et les analyses politiques. Le site s\u2019adresse \u00e0 un large public francophone et couvre l\u2019information tunisienne en temps r\u00e9el.","email":"redac@webdo.tn","legalName":"YNJ SARL","foundingDate":"2010-09-06","numberOfEmployees":{"@type":"QuantitativeValue","minValue":"11","maxValue":"50"}},{"@type":"Person","@id":"https:\/\/www.webdo.tn\/fr\/#\/schema\/person\/f35b42a42c5e2511bbd282959d6385cc","name":"CL","image":{"@type":"ImageObject","inLanguage":"fr-FR","@id":"https:\/\/secure.gravatar.com\/avatar\/1447a49909b67aa657c488aec6512e1dd6143a480c1ecfee9b5b5cd74eb3b59e?s=96&d=mm&r=g","url":"https:\/\/secure.gravatar.com\/avatar\/1447a49909b67aa657c488aec6512e1dd6143a480c1ecfee9b5b5cd74eb3b59e?s=96&d=mm&r=g","contentUrl":"https:\/\/secure.gravatar.com\/avatar\/1447a49909b67aa657c488aec6512e1dd6143a480c1ecfee9b5b5cd74eb3b59e?s=96&d=mm&r=g","caption":"CL"},"url":"https:\/\/www.webdo.tn\/fr\/actualite\/author\/cl\/"}]}},"_links":{"self":[{"href":"https:\/\/www.webdo.tn\/fr\/wp-json\/wp\/v2\/posts\/207108","targetHints":{"allow":["GET"]}}],"collection":[{"href":"https:\/\/www.webdo.tn\/fr\/wp-json\/wp\/v2\/posts"}],"about":[{"href":"https:\/\/www.webdo.tn\/fr\/wp-json\/wp\/v2\/types\/post"}],"author":[{"embeddable":true,"href":"https:\/\/www.webdo.tn\/fr\/wp-json\/wp\/v2\/users\/3175"}],"replies":[{"embeddable":true,"href":"https:\/\/www.webdo.tn\/fr\/wp-json\/wp\/v2\/comments?post=207108"}],"version-history":[{"count":0,"href":"https:\/\/www.webdo.tn\/fr\/wp-json\/wp\/v2\/posts\/207108\/revisions"}],"wp:featuredmedia":[{"embeddable":true,"href":"https:\/\/www.webdo.tn\/fr\/wp-json\/wp\/v2\/media\/278468"}],"wp:attachment":[{"href":"https:\/\/www.webdo.tn\/fr\/wp-json\/wp\/v2\/media?parent=207108"}],"wp:term":[{"taxonomy":"category","embeddable":true,"href":"https:\/\/www.webdo.tn\/fr\/wp-json\/wp\/v2\/categories?post=207108"},{"taxonomy":"post_tag","embeddable":true,"href":"https:\/\/www.webdo.tn\/fr\/wp-json\/wp\/v2\/tags?post=207108"}],"curies":[{"name":"wp","href":"https:\/\/api.w.org\/{rel}","templated":true}]}}