{"id":207102,"date":"2023-07-07T13:49:00","date_gmt":"2023-07-07T13:49:00","guid":{"rendered":"https:\/\/www.webdo.tn\/fr\/blog\/la-justice-annonce-son-verdict-dans-l-affaire-des-14-nourrissons-decedes-a-la-rabta\/207102\/"},"modified":"2025-05-20T22:09:36","modified_gmt":"2025-05-20T22:09:36","slug":"la-justice-annonce-son-verdict-dans-l-affaire-des-14-nourrissons-decedes-a-la-rabta","status":"publish","type":"post","link":"https:\/\/www.webdo.tn\/fr\/actualite\/national\/la-justice-annonce-son-verdict-dans-l-affaire-des-14-nourrissons-decedes-a-la-rabta\/207102\/","title":{"rendered":"La justice annonce son verdict dans l\u2019affaire des 14 nourrissons d\u00e9c\u00e9d\u00e9s \u00e0 la Rabta"},"content":{"rendered":"<p>Plus de quatre ans apr\u00e8s le d\u00e9c\u00e8s de 14 nourrissons \u00e0 l&rsquo;h\u00f4pital de la Rabta, la justice a finalement rendu son verdict.<\/p>\n<p>\t\t\t\t\t\t\t\t\tLe Tribunal de premi\u00e8re instance de Tunis a rendu son verdict concernant les 15 affaires li\u00e9es \u00e0 la mort de 14 nouveau-n\u00e9s au centre de maternit\u00e9 et de n\u00e9onatalogie de la Rabta \u00e0 Tunis, durant la p\u00e9riode du 4 au 15 mars 2019.<\/p>\n<p>Trois personnes ont \u00e9t\u00e9 condamn\u00e9es, la directrice du centre, le directeur de la maintenance et le chef\u00a0 du service de la pharmacie de l&rsquo;\u00e9tablissement, ont tous \u00e9t\u00e9 condamn\u00e9s \u00e0 huit mois de prison dans chaque affaire.<\/p>\n<p>D&rsquo;autre part, un d\u00e9dommagement de 30 mille dinars sera accord\u00e9 \u00e0 chaque famille, selon l&rsquo;avocat Toumi Ben Farhat.<\/p>\n<p>En marge de cette affaire, le ministre de la Sant\u00e9 Abderraouf Cherif avait pr\u00e9sent\u00e9 sa d\u00e9mission le 9 mars 2019.<\/p>\n<p>Par ailleurs, lors d&rsquo;une conf\u00e9rence de presse tenue le 11 mars 2019, la ministre de la Sant\u00e9 par int\u00e9rim Sonia Ben Cheikh, avait apport\u00e9 de nouveaux \u00e9l\u00e9ments dans l&rsquo;affaire du drame de l\u2019h\u00f4pital La Rabta.<\/p>\n<p>Elle avait indiqu\u00e9 que la pr\u00e9paration glucos\u00e9e servant \u00e0 alimenter les nouveau-n\u00e9s a \u00e9t\u00e9 \u00e0 l\u2019origine des d\u00e9c\u00e8s, niant, par ailleurs l\u2019existence de m\u00e9dicaments ou de s\u00e9rum p\u00e9rim\u00e9s au centre de maternit\u00e9 et de n\u00e9onatalogie de l\u2019h\u00f4pital de la Rabta.<\/p>\n","protected":false},"excerpt":{"rendered":"<p>Plus de quatre ans apr\u00e8s le d\u00e9c\u00e8s de 14 nourrissons \u00e0 l&rsquo;h\u00f4pital de la Rabta, la justice a finalement rendu son verdict.<\/p>\n","protected":false},"author":3162,"featured_media":278463,"comment_status":"open","ping_status":"closed","sticky":false,"template":"","format":"standard","meta":{"footnotes":""},"categories":[44],"tags":[2830,2858,5139,9606,7658],"class_list":["post-207102","post","type-post","status-publish","format-standard","has-post-thumbnail","hentry","category-national","tag-deces","tag-hopital","tag-la-rabta","tag-nourrissons","tag-nouveau-ne"],"yoast_head":"<!-- This site is optimized with the Yoast SEO Premium plugin v27.4 (Yoast SEO v27.5) - https:\/\/yoast.com\/product\/yoast-seo-premium-wordpress\/ -->\n<title>La justice annonce son verdict dans l\u2019affaire des 14 nourrissons d\u00e9c\u00e9d\u00e9s \u00e0 la Rabta<\/title>\n<meta name=\"description\" content=\"Plus de quatre ans apr\u00e8s le d\u00e9c\u00e8s de 14 nourrissons \u00e0 l&#039;h\u00f4pital de la Rabta, la justice a finalement rendu son verdict.\" \/>\n<link rel=\"canonical\" href=\"https:\/\/www.webdo.tn\/fr\/actualite\/national\/la-justice-annonce-son-verdict-dans-l-affaire-des-14-nourrissons-decedes-a-la-rabta\/207102\/\" \/>\n<meta property=\"og:locale\" content=\"fr_FR\" \/>\n<meta property=\"og:type\" content=\"article\" \/>\n<meta property=\"og:title\" content=\"La justice annonce son verdict dans l\u2019affaire des 14 nourrissons d\u00e9c\u00e9d\u00e9s \u00e0 la Rabta\" \/>\n<meta property=\"og:description\" content=\"Plus de quatre ans apr\u00e8s le d\u00e9c\u00e8s de 14 nourrissons \u00e0 l&#039;h\u00f4pital de la Rabta, la justice a finalement rendu son verdict.\" \/>\n<meta property=\"og:url\" content=\"https:\/\/www.webdo.tn\/fr\/actualite\/national\/la-justice-annonce-son-verdict-dans-l-affaire-des-14-nourrissons-decedes-a-la-rabta\/207102\/\" \/>\n<meta property=\"og:site_name\" content=\"webdo\" \/>\n<meta property=\"article:publisher\" content=\"https:\/\/www.facebook.com\/webdotn\" \/>\n<meta property=\"article:published_time\" content=\"2023-07-07T13:49:00+00:00\" \/>\n<meta property=\"article:modified_time\" content=\"2025-05-20T22:09:36+00:00\" \/>\n<meta property=\"og:image\" content=\"https:\/\/www.webdo.tn\/fr\/wp-content\/uploads\/2023\/07\/72090efb2b10ecb101d1655b0a1b0098.jpg\" \/>\n\t<meta property=\"og:image:width\" content=\"750\" \/>\n\t<meta property=\"og:image:height\" content=\"400\" \/>\n\t<meta property=\"og:image:type\" content=\"image\/jpeg\" \/>\n<meta name=\"author\" content=\"MC\" \/>\n<meta name=\"twitter:card\" content=\"summary_large_image\" \/>\n<meta name=\"twitter:creator\" content=\"@webdo_tn\" \/>\n<meta name=\"twitter:site\" content=\"@webdo_tn\" \/>\n<meta name=\"twitter:label1\" content=\"\u00c9crit par\" \/>\n\t<meta name=\"twitter:data1\" content=\"MC\" \/>\n\t<meta name=\"twitter:label2\" content=\"Dur\u00e9e de lecture estim\u00e9e\" \/>\n\t<meta name=\"twitter:data2\" content=\"1 minute\" \/>\n<script type=\"application\/ld+json\" class=\"yoast-schema-graph\">{\"@context\":\"https:\\\/\\\/schema.org\",\"@graph\":[{\"@type\":\"NewsArticle\",\"@id\":\"https:\\\/\\\/www.webdo.tn\\\/fr\\\/actualite\\\/national\\\/la-justice-annonce-son-verdict-dans-l-affaire-des-14-nourrissons-decedes-a-la-rabta\\\/207102\\\/#article\",\"isPartOf\":{\"@id\":\"https:\\\/\\\/www.webdo.tn\\\/fr\\\/actualite\\\/national\\\/la-justice-annonce-son-verdict-dans-l-affaire-des-14-nourrissons-decedes-a-la-rabta\\\/207102\\\/\"},\"author\":{\"name\":\"MC\",\"@id\":\"https:\\\/\\\/www.webdo.tn\\\/fr\\\/#\\\/schema\\\/person\\\/2c4929cbf5a809e3bd38617c6ce150f6\"},\"headline\":\"La justice annonce son verdict dans l\u2019affaire des 14 nourrissons d\u00e9c\u00e9d\u00e9s \u00e0 la Rabta\",\"datePublished\":\"2023-07-07T13:49:00+00:00\",\"dateModified\":\"2025-05-20T22:09:36+00:00\",\"mainEntityOfPage\":{\"@id\":\"https:\\\/\\\/www.webdo.tn\\\/fr\\\/actualite\\\/national\\\/la-justice-annonce-son-verdict-dans-l-affaire-des-14-nourrissons-decedes-a-la-rabta\\\/207102\\\/\"},\"wordCount\":251,\"commentCount\":0,\"publisher\":{\"@id\":\"https:\\\/\\\/www.webdo.tn\\\/fr\\\/#organization\"},\"image\":{\"@id\":\"https:\\\/\\\/www.webdo.tn\\\/fr\\\/actualite\\\/national\\\/la-justice-annonce-son-verdict-dans-l-affaire-des-14-nourrissons-decedes-a-la-rabta\\\/207102\\\/#primaryimage\"},\"thumbnailUrl\":\"https:\\\/\\\/www.webdo.tn\\\/fr\\\/wp-content\\\/uploads\\\/2023\\\/07\\\/72090efb2b10ecb101d1655b0a1b0098.jpg\",\"keywords\":[\"D\u00e9c\u00e8s\",\"H\u00f4pital\",\"la rabta\",\"nourrissons\",\"nouveau-n\u00e9\"],\"articleSection\":[\"National\"],\"inLanguage\":\"fr-FR\"},{\"@type\":\"WebPage\",\"@id\":\"https:\\\/\\\/www.webdo.tn\\\/fr\\\/actualite\\\/national\\\/la-justice-annonce-son-verdict-dans-l-affaire-des-14-nourrissons-decedes-a-la-rabta\\\/207102\\\/\",\"url\":\"https:\\\/\\\/www.webdo.tn\\\/fr\\\/actualite\\\/national\\\/la-justice-annonce-son-verdict-dans-l-affaire-des-14-nourrissons-decedes-a-la-rabta\\\/207102\\\/\",\"name\":\"La justice annonce son verdict dans l\u2019affaire des 14 nourrissons d\u00e9c\u00e9d\u00e9s \u00e0 la Rabta\",\"isPartOf\":{\"@id\":\"https:\\\/\\\/www.webdo.tn\\\/fr\\\/#website\"},\"primaryImageOfPage\":{\"@id\":\"https:\\\/\\\/www.webdo.tn\\\/fr\\\/actualite\\\/national\\\/la-justice-annonce-son-verdict-dans-l-affaire-des-14-nourrissons-decedes-a-la-rabta\\\/207102\\\/#primaryimage\"},\"image\":{\"@id\":\"https:\\\/\\\/www.webdo.tn\\\/fr\\\/actualite\\\/national\\\/la-justice-annonce-son-verdict-dans-l-affaire-des-14-nourrissons-decedes-a-la-rabta\\\/207102\\\/#primaryimage\"},\"thumbnailUrl\":\"https:\\\/\\\/www.webdo.tn\\\/fr\\\/wp-content\\\/uploads\\\/2023\\\/07\\\/72090efb2b10ecb101d1655b0a1b0098.jpg\",\"datePublished\":\"2023-07-07T13:49:00+00:00\",\"dateModified\":\"2025-05-20T22:09:36+00:00\",\"description\":\"Plus de quatre ans apr\u00e8s le d\u00e9c\u00e8s de 14 nourrissons \u00e0 l'h\u00f4pital de la Rabta, la justice a finalement rendu son verdict.\",\"breadcrumb\":{\"@id\":\"https:\\\/\\\/www.webdo.tn\\\/fr\\\/actualite\\\/national\\\/la-justice-annonce-son-verdict-dans-l-affaire-des-14-nourrissons-decedes-a-la-rabta\\\/207102\\\/#breadcrumb\"},\"inLanguage\":\"fr-FR\",\"potentialAction\":[{\"@type\":\"ReadAction\",\"target\":[\"https:\\\/\\\/www.webdo.tn\\\/fr\\\/actualite\\\/national\\\/la-justice-annonce-son-verdict-dans-l-affaire-des-14-nourrissons-decedes-a-la-rabta\\\/207102\\\/\"]}]},{\"@type\":\"ImageObject\",\"inLanguage\":\"fr-FR\",\"@id\":\"https:\\\/\\\/www.webdo.tn\\\/fr\\\/actualite\\\/national\\\/la-justice-annonce-son-verdict-dans-l-affaire-des-14-nourrissons-decedes-a-la-rabta\\\/207102\\\/#primaryimage\",\"url\":\"https:\\\/\\\/www.webdo.tn\\\/fr\\\/wp-content\\\/uploads\\\/2023\\\/07\\\/72090efb2b10ecb101d1655b0a1b0098.jpg\",\"contentUrl\":\"https:\\\/\\\/www.webdo.tn\\\/fr\\\/wp-content\\\/uploads\\\/2023\\\/07\\\/72090efb2b10ecb101d1655b0a1b0098.jpg\",\"width\":750,\"height\":400,\"caption\":\"La justice annonce son verdict dans l\u2019affaire des 14 nourrissons d\u00e9c\u00e9d\u00e9s \u00e0 la Rabta\"},{\"@type\":\"BreadcrumbList\",\"@id\":\"https:\\\/\\\/www.webdo.tn\\\/fr\\\/actualite\\\/national\\\/la-justice-annonce-son-verdict-dans-l-affaire-des-14-nourrissons-decedes-a-la-rabta\\\/207102\\\/#breadcrumb\",\"itemListElement\":[{\"@type\":\"ListItem\",\"position\":1,\"name\":\"Accueil\",\"item\":\"https:\\\/\\\/www.webdo.tn\\\/fr\\\/\"},{\"@type\":\"ListItem\",\"position\":2,\"name\":\"La justice annonce son verdict dans l\u2019affaire des 14 nourrissons d\u00e9c\u00e9d\u00e9s \u00e0 la Rabta\"}]},{\"@type\":\"WebSite\",\"@id\":\"https:\\\/\\\/www.webdo.tn\\\/fr\\\/#website\",\"url\":\"https:\\\/\\\/www.webdo.tn\\\/fr\\\/\",\"name\":\"webdo\",\"description\":\"Tunisie - News en Tunisie et \u00e0 l&#039;international sur Webdo.tn\",\"publisher\":{\"@id\":\"https:\\\/\\\/www.webdo.tn\\\/fr\\\/#organization\"},\"potentialAction\":[{\"@type\":\"SearchAction\",\"target\":{\"@type\":\"EntryPoint\",\"urlTemplate\":\"https:\\\/\\\/www.webdo.tn\\\/fr\\\/?s={search_term_string}\"},\"query-input\":{\"@type\":\"PropertyValueSpecification\",\"valueRequired\":true,\"valueName\":\"search_term_string\"}}],\"inLanguage\":\"fr-FR\"},{\"@type\":\"Organization\",\"@id\":\"https:\\\/\\\/www.webdo.tn\\\/fr\\\/#organization\",\"name\":\"Webdo\",\"alternateName\":\"Webdo.tn\",\"url\":\"https:\\\/\\\/www.webdo.tn\\\/fr\\\/\",\"logo\":{\"@type\":\"ImageObject\",\"inLanguage\":\"fr-FR\",\"@id\":\"https:\\\/\\\/www.webdo.tn\\\/fr\\\/#\\\/schema\\\/logo\\\/image\\\/\",\"url\":\"https:\\\/\\\/www.webdo.tn\\\/fr\\\/wp-content\\\/uploads\\\/2025\\\/06\\\/Webdo-Tunisie_168377.jpg\",\"contentUrl\":\"https:\\\/\\\/www.webdo.tn\\\/fr\\\/wp-content\\\/uploads\\\/2025\\\/06\\\/Webdo-Tunisie_168377.jpg\",\"width\":301,\"height\":301,\"caption\":\"Webdo\"},\"image\":{\"@id\":\"https:\\\/\\\/www.webdo.tn\\\/fr\\\/#\\\/schema\\\/logo\\\/image\\\/\"},\"sameAs\":[\"https:\\\/\\\/www.facebook.com\\\/webdotn\",\"https:\\\/\\\/x.com\\\/webdo_tn\"],\"description\":\"Webdo est un m\u00e9dia num\u00e9rique tunisien fond\u00e9 en 2010, sp\u00e9cialis\u00e9 dans l\u2019actualit\u00e9 nationale et internationale, l\u2019\u00e9conomie, la soci\u00e9t\u00e9 et les analyses politiques. Le site s\u2019adresse \u00e0 un large public francophone et couvre l\u2019information tunisienne en temps r\u00e9el.\",\"email\":\"redac@webdo.tn\",\"legalName\":\"YNJ SARL\",\"foundingDate\":\"2010-09-06\",\"numberOfEmployees\":{\"@type\":\"QuantitativeValue\",\"minValue\":\"11\",\"maxValue\":\"50\"}},{\"@type\":\"Person\",\"@id\":\"https:\\\/\\\/www.webdo.tn\\\/fr\\\/#\\\/schema\\\/person\\\/2c4929cbf5a809e3bd38617c6ce150f6\",\"name\":\"MC\",\"image\":{\"@type\":\"ImageObject\",\"inLanguage\":\"fr-FR\",\"@id\":\"https:\\\/\\\/secure.gravatar.com\\\/avatar\\\/a545bbb6f84efdd5553dbbc2895e3ca8f1d12c5215e00a041c9670b54aa9b18a?s=96&d=mm&r=g\",\"url\":\"https:\\\/\\\/secure.gravatar.com\\\/avatar\\\/a545bbb6f84efdd5553dbbc2895e3ca8f1d12c5215e00a041c9670b54aa9b18a?s=96&d=mm&r=g\",\"contentUrl\":\"https:\\\/\\\/secure.gravatar.com\\\/avatar\\\/a545bbb6f84efdd5553dbbc2895e3ca8f1d12c5215e00a041c9670b54aa9b18a?s=96&d=mm&r=g\",\"caption\":\"MC\"},\"url\":\"https:\\\/\\\/www.webdo.tn\\\/fr\\\/actualite\\\/author\\\/mc\\\/\"}]}<\/script>\n<!-- \/ Yoast SEO Premium plugin. -->","yoast_head_json":{"title":"La justice annonce son verdict dans l\u2019affaire des 14 nourrissons d\u00e9c\u00e9d\u00e9s \u00e0 la Rabta","description":"Plus de quatre ans apr\u00e8s le d\u00e9c\u00e8s de 14 nourrissons \u00e0 l'h\u00f4pital de la Rabta, la justice a finalement rendu son verdict.","canonical":"https:\/\/www.webdo.tn\/fr\/actualite\/national\/la-justice-annonce-son-verdict-dans-l-affaire-des-14-nourrissons-decedes-a-la-rabta\/207102\/","og_locale":"fr_FR","og_type":"article","og_title":"La justice annonce son verdict dans l\u2019affaire des 14 nourrissons d\u00e9c\u00e9d\u00e9s \u00e0 la Rabta","og_description":"Plus de quatre ans apr\u00e8s le d\u00e9c\u00e8s de 14 nourrissons \u00e0 l'h\u00f4pital de la Rabta, la justice a finalement rendu son verdict.","og_url":"https:\/\/www.webdo.tn\/fr\/actualite\/national\/la-justice-annonce-son-verdict-dans-l-affaire-des-14-nourrissons-decedes-a-la-rabta\/207102\/","og_site_name":"webdo","article_publisher":"https:\/\/www.facebook.com\/webdotn","article_published_time":"2023-07-07T13:49:00+00:00","article_modified_time":"2025-05-20T22:09:36+00:00","og_image":[{"width":750,"height":400,"url":"https:\/\/www.webdo.tn\/fr\/wp-content\/uploads\/2023\/07\/72090efb2b10ecb101d1655b0a1b0098.jpg","type":"image\/jpeg"}],"author":"MC","twitter_card":"summary_large_image","twitter_creator":"@webdo_tn","twitter_site":"@webdo_tn","twitter_misc":{"\u00c9crit par":"MC","Dur\u00e9e de lecture estim\u00e9e":"1 minute"},"schema":{"@context":"https:\/\/schema.org","@graph":[{"@type":"NewsArticle","@id":"https:\/\/www.webdo.tn\/fr\/actualite\/national\/la-justice-annonce-son-verdict-dans-l-affaire-des-14-nourrissons-decedes-a-la-rabta\/207102\/#article","isPartOf":{"@id":"https:\/\/www.webdo.tn\/fr\/actualite\/national\/la-justice-annonce-son-verdict-dans-l-affaire-des-14-nourrissons-decedes-a-la-rabta\/207102\/"},"author":{"name":"MC","@id":"https:\/\/www.webdo.tn\/fr\/#\/schema\/person\/2c4929cbf5a809e3bd38617c6ce150f6"},"headline":"La justice annonce son verdict dans l\u2019affaire des 14 nourrissons d\u00e9c\u00e9d\u00e9s \u00e0 la Rabta","datePublished":"2023-07-07T13:49:00+00:00","dateModified":"2025-05-20T22:09:36+00:00","mainEntityOfPage":{"@id":"https:\/\/www.webdo.tn\/fr\/actualite\/national\/la-justice-annonce-son-verdict-dans-l-affaire-des-14-nourrissons-decedes-a-la-rabta\/207102\/"},"wordCount":251,"commentCount":0,"publisher":{"@id":"https:\/\/www.webdo.tn\/fr\/#organization"},"image":{"@id":"https:\/\/www.webdo.tn\/fr\/actualite\/national\/la-justice-annonce-son-verdict-dans-l-affaire-des-14-nourrissons-decedes-a-la-rabta\/207102\/#primaryimage"},"thumbnailUrl":"https:\/\/www.webdo.tn\/fr\/wp-content\/uploads\/2023\/07\/72090efb2b10ecb101d1655b0a1b0098.jpg","keywords":["D\u00e9c\u00e8s","H\u00f4pital","la rabta","nourrissons","nouveau-n\u00e9"],"articleSection":["National"],"inLanguage":"fr-FR"},{"@type":"WebPage","@id":"https:\/\/www.webdo.tn\/fr\/actualite\/national\/la-justice-annonce-son-verdict-dans-l-affaire-des-14-nourrissons-decedes-a-la-rabta\/207102\/","url":"https:\/\/www.webdo.tn\/fr\/actualite\/national\/la-justice-annonce-son-verdict-dans-l-affaire-des-14-nourrissons-decedes-a-la-rabta\/207102\/","name":"La justice annonce son verdict dans l\u2019affaire des 14 nourrissons d\u00e9c\u00e9d\u00e9s \u00e0 la Rabta","isPartOf":{"@id":"https:\/\/www.webdo.tn\/fr\/#website"},"primaryImageOfPage":{"@id":"https:\/\/www.webdo.tn\/fr\/actualite\/national\/la-justice-annonce-son-verdict-dans-l-affaire-des-14-nourrissons-decedes-a-la-rabta\/207102\/#primaryimage"},"image":{"@id":"https:\/\/www.webdo.tn\/fr\/actualite\/national\/la-justice-annonce-son-verdict-dans-l-affaire-des-14-nourrissons-decedes-a-la-rabta\/207102\/#primaryimage"},"thumbnailUrl":"https:\/\/www.webdo.tn\/fr\/wp-content\/uploads\/2023\/07\/72090efb2b10ecb101d1655b0a1b0098.jpg","datePublished":"2023-07-07T13:49:00+00:00","dateModified":"2025-05-20T22:09:36+00:00","description":"Plus de quatre ans apr\u00e8s le d\u00e9c\u00e8s de 14 nourrissons \u00e0 l'h\u00f4pital de la Rabta, la justice a finalement rendu son verdict.","breadcrumb":{"@id":"https:\/\/www.webdo.tn\/fr\/actualite\/national\/la-justice-annonce-son-verdict-dans-l-affaire-des-14-nourrissons-decedes-a-la-rabta\/207102\/#breadcrumb"},"inLanguage":"fr-FR","potentialAction":[{"@type":"ReadAction","target":["https:\/\/www.webdo.tn\/fr\/actualite\/national\/la-justice-annonce-son-verdict-dans-l-affaire-des-14-nourrissons-decedes-a-la-rabta\/207102\/"]}]},{"@type":"ImageObject","inLanguage":"fr-FR","@id":"https:\/\/www.webdo.tn\/fr\/actualite\/national\/la-justice-annonce-son-verdict-dans-l-affaire-des-14-nourrissons-decedes-a-la-rabta\/207102\/#primaryimage","url":"https:\/\/www.webdo.tn\/fr\/wp-content\/uploads\/2023\/07\/72090efb2b10ecb101d1655b0a1b0098.jpg","contentUrl":"https:\/\/www.webdo.tn\/fr\/wp-content\/uploads\/2023\/07\/72090efb2b10ecb101d1655b0a1b0098.jpg","width":750,"height":400,"caption":"La justice annonce son verdict dans l\u2019affaire des 14 nourrissons d\u00e9c\u00e9d\u00e9s \u00e0 la Rabta"},{"@type":"BreadcrumbList","@id":"https:\/\/www.webdo.tn\/fr\/actualite\/national\/la-justice-annonce-son-verdict-dans-l-affaire-des-14-nourrissons-decedes-a-la-rabta\/207102\/#breadcrumb","itemListElement":[{"@type":"ListItem","position":1,"name":"Accueil","item":"https:\/\/www.webdo.tn\/fr\/"},{"@type":"ListItem","position":2,"name":"La justice annonce son verdict dans l\u2019affaire des 14 nourrissons d\u00e9c\u00e9d\u00e9s \u00e0 la Rabta"}]},{"@type":"WebSite","@id":"https:\/\/www.webdo.tn\/fr\/#website","url":"https:\/\/www.webdo.tn\/fr\/","name":"webdo","description":"Tunisie - News en Tunisie et \u00e0 l&#039;international sur Webdo.tn","publisher":{"@id":"https:\/\/www.webdo.tn\/fr\/#organization"},"potentialAction":[{"@type":"SearchAction","target":{"@type":"EntryPoint","urlTemplate":"https:\/\/www.webdo.tn\/fr\/?s={search_term_string}"},"query-input":{"@type":"PropertyValueSpecification","valueRequired":true,"valueName":"search_term_string"}}],"inLanguage":"fr-FR"},{"@type":"Organization","@id":"https:\/\/www.webdo.tn\/fr\/#organization","name":"Webdo","alternateName":"Webdo.tn","url":"https:\/\/www.webdo.tn\/fr\/","logo":{"@type":"ImageObject","inLanguage":"fr-FR","@id":"https:\/\/www.webdo.tn\/fr\/#\/schema\/logo\/image\/","url":"https:\/\/www.webdo.tn\/fr\/wp-content\/uploads\/2025\/06\/Webdo-Tunisie_168377.jpg","contentUrl":"https:\/\/www.webdo.tn\/fr\/wp-content\/uploads\/2025\/06\/Webdo-Tunisie_168377.jpg","width":301,"height":301,"caption":"Webdo"},"image":{"@id":"https:\/\/www.webdo.tn\/fr\/#\/schema\/logo\/image\/"},"sameAs":["https:\/\/www.facebook.com\/webdotn","https:\/\/x.com\/webdo_tn"],"description":"Webdo est un m\u00e9dia num\u00e9rique tunisien fond\u00e9 en 2010, sp\u00e9cialis\u00e9 dans l\u2019actualit\u00e9 nationale et internationale, l\u2019\u00e9conomie, la soci\u00e9t\u00e9 et les analyses politiques. Le site s\u2019adresse \u00e0 un large public francophone et couvre l\u2019information tunisienne en temps r\u00e9el.","email":"redac@webdo.tn","legalName":"YNJ SARL","foundingDate":"2010-09-06","numberOfEmployees":{"@type":"QuantitativeValue","minValue":"11","maxValue":"50"}},{"@type":"Person","@id":"https:\/\/www.webdo.tn\/fr\/#\/schema\/person\/2c4929cbf5a809e3bd38617c6ce150f6","name":"MC","image":{"@type":"ImageObject","inLanguage":"fr-FR","@id":"https:\/\/secure.gravatar.com\/avatar\/a545bbb6f84efdd5553dbbc2895e3ca8f1d12c5215e00a041c9670b54aa9b18a?s=96&d=mm&r=g","url":"https:\/\/secure.gravatar.com\/avatar\/a545bbb6f84efdd5553dbbc2895e3ca8f1d12c5215e00a041c9670b54aa9b18a?s=96&d=mm&r=g","contentUrl":"https:\/\/secure.gravatar.com\/avatar\/a545bbb6f84efdd5553dbbc2895e3ca8f1d12c5215e00a041c9670b54aa9b18a?s=96&d=mm&r=g","caption":"MC"},"url":"https:\/\/www.webdo.tn\/fr\/actualite\/author\/mc\/"}]}},"_links":{"self":[{"href":"https:\/\/www.webdo.tn\/fr\/wp-json\/wp\/v2\/posts\/207102","targetHints":{"allow":["GET"]}}],"collection":[{"href":"https:\/\/www.webdo.tn\/fr\/wp-json\/wp\/v2\/posts"}],"about":[{"href":"https:\/\/www.webdo.tn\/fr\/wp-json\/wp\/v2\/types\/post"}],"author":[{"embeddable":true,"href":"https:\/\/www.webdo.tn\/fr\/wp-json\/wp\/v2\/users\/3162"}],"replies":[{"embeddable":true,"href":"https:\/\/www.webdo.tn\/fr\/wp-json\/wp\/v2\/comments?post=207102"}],"version-history":[{"count":0,"href":"https:\/\/www.webdo.tn\/fr\/wp-json\/wp\/v2\/posts\/207102\/revisions"}],"wp:featuredmedia":[{"embeddable":true,"href":"https:\/\/www.webdo.tn\/fr\/wp-json\/wp\/v2\/media\/278463"}],"wp:attachment":[{"href":"https:\/\/www.webdo.tn\/fr\/wp-json\/wp\/v2\/media?parent=207102"}],"wp:term":[{"taxonomy":"category","embeddable":true,"href":"https:\/\/www.webdo.tn\/fr\/wp-json\/wp\/v2\/categories?post=207102"},{"taxonomy":"post_tag","embeddable":true,"href":"https:\/\/www.webdo.tn\/fr\/wp-json\/wp\/v2\/tags?post=207102"}],"curies":[{"name":"wp","href":"https:\/\/api.w.org\/{rel}","templated":true}]}}