{"id":207089,"date":"2023-07-07T08:51:00","date_gmt":"2023-07-07T08:51:00","guid":{"rendered":"https:\/\/www.webdo.tn\/fr\/blog\/litterature-sami-tchak-a-l-alliance-francaise-de-tunis\/207089\/"},"modified":"2023-07-07T08:51:00","modified_gmt":"2023-07-07T08:51:00","slug":"litterature-sami-tchak-a-l-alliance-francaise-de-tunis","status":"publish","type":"post","link":"https:\/\/www.webdo.tn\/fr\/actualite\/culture\/litterature-sami-tchak-a-l-alliance-francaise-de-tunis\/207089\/","title":{"rendered":"Litt\u00e9rature \u2010 Sami Tchak \u00e0 l&rsquo;Alliance fran\u00e7aise de Tunis"},"content":{"rendered":"<p>Depuis, le 18 juin jusqu&rsquo;au 18 juillet, Sami Tchak est avec Annie Ferret, en r\u00e9sidence d\u2019\u00e9criture \u00e0 quatre mains \u00e0 la Villa Salammb\u00f4. Ces deux \u00e9crivains sont porteurs d&rsquo;un projet qui a rencontr\u00e9 le soutien de l&rsquo;Institut fran\u00e7ais de Tunisie.<\/p>\n<p>\t\t\t\t\t\t\t\t\t\u00ab Ces lieux o\u00f9 l\u2019\u00e2me fr\u00e9mit \u00bb est en effet un projet d\u2019\u00e9criture \u00e0 quatre mains, qui part de l\u2019\u00e9motion puissante que l\u2019on ressent face \u00e0 certains lieux, marqu\u00e9s par l\u2019homme et son Histoire.<\/p>\n<p>Apr\u00e8s de nombreux voyages, ce duo d\u2019\u00e9crivains pose ainsi ses valises \u00e0 Tunis pour s\u2019impr\u00e9gner de l\u2019\u00e2me de la ville et d\u00e9couvrir ses ruines et ses quartiers anciens.<\/p>\n<p>Pour approfondir leur th\u00e9matique et rencontrer les \u00e9crivains tunisiens et le public litt\u00e9raire et francophone, Sami Tchak et Annie Ferret ont \u00e9t\u00e9 invit\u00e9s \u00e0 plusieurs rencontres litt\u00e9raires \u00e0 l\u2019Alliance fran\u00e7aise, \u00e0 Kairouan le 6 juillet, \u00e0 Tunis le 7 juillet et \u00e0 l&rsquo;Institut fran\u00e7ais de Sousse le 11 juillet.<\/p>\n<p>Chaque rencontre ob\u00e9it \u00e0 une configuration particuli\u00e8re et les deux \u00e9crivains interviennent ensemble ou bien s\u00e9par\u00e9ment.<\/p>\n<p>Ce cycle a \u00e9t\u00e9 initi\u00e9 d\u00e8s le 21 juin par une rencontre organis\u00e9e par le laboratoire Intersignes autour du th\u00e8me des litt\u00e9ratures contemporaines et du mythe de l&rsquo;\u00e9crivain.<\/p>\n<p>Plusieurs autres rencontres sont au programme, notamment autour de la question \u00ab\u00a0En quel fran\u00e7ais \u00e9crit-on ?\u00a0\u00bb. Ce dernier rendez-vous aura lieu vendredi 7 juillet \u00e0 l&rsquo;Alliance fran\u00e7aise de Tunis, toujours en partenariat avec l&rsquo;Institut fran\u00e7ais.<\/p>\n<p>Pour mieux conna\u00eetre Sami Tchak et s&rsquo;impr\u00e9gner de ses travaux, une notule de l&rsquo;Alliance fran\u00e7aise, permet de d\u00e9couvrir une synth\u00e8se de son parcours.<\/p>\n<p>N\u00e9 au Togo en 1960, Sami Tchak enseigne la philosophie puis suit des \u00e9tudes de sociologie \u00e0 la Sorbonne.<\/p>\n<p>Ses recherches sur la prostitution le m\u00e8nent en Am\u00e9rique latine, cadre de quatre de ses romans. Laur\u00e9at du Grand Prix d\u2019Afrique noire en 2004 et du Prix Ahmadou-Kourouma en 2007, il revient en 2011 au continent africain avec \u00ab\u00a0Al Capone le Malien\u00a0\u00bb, inspir\u00e9 par le c\u00e9l\u00e8bre escroc Donatien Koagn\u00e9. \u00c9galement essayiste,<\/p>\n<p>Sami Tchak dit son parcours et sa vision de la litt\u00e9rature dans \u00ab\u00a0La Couleur de l\u2019\u00e9crivain\u00a0\u00bb en 2014. Apr\u00e8s \u00ab\u00a0Ainsi parlait mon p\u00e8re\u00a0\u00bb en 2018, \u00ab\u00a0Les Fables du moineau\u00a0\u00bb, son dernier roman, obtient le prix de \u00ab\u00a0La Renaissance Fran\u00e7aise\u00a0\u00bb, attribu\u00e9 conjointement par l\u2019Acad\u00e9mie des Sciences d\u2019Outre-Mer.<\/p>\n<p>Parmi les \u0153uvres de Sami Tchak Le Paradis des chiots\u00a0\u00bb ou \u00ab\u00a0L&rsquo;ethnologue et le Sage\u00a0\u00bb occupent une place particuli\u00e8re.<\/p>\n","protected":false},"excerpt":{"rendered":"<p>Depuis, le 18 juin jusqu&rsquo;au 18 juillet, Sami Tchak est avec Annie Ferret, en r\u00e9sidence d\u2019\u00e9criture \u00e0 quatre mains \u00e0 la Villa Salammb\u00f4. Ces deux \u00e9crivains sont po&#8230;<\/p>\n","protected":false},"author":3229,"featured_media":249815,"comment_status":"open","ping_status":"closed","sticky":false,"template":"","format":"standard","meta":{"footnotes":""},"categories":[2594],"tags":[8221,8223,4025,8222],"class_list":["post-207089","post","type-post","status-publish","format-standard","has-post-thumbnail","hentry","category-culture","tag-alliance-francaise-de-tunis","tag-annie-ferret","tag-litterature","tag-sami-tchak"],"yoast_head":"<!-- This site is optimized with the Yoast SEO Premium plugin v27.5 (Yoast SEO v27.5) - https:\/\/yoast.com\/product\/yoast-seo-premium-wordpress\/ -->\n<title>Litt\u00e9rature \u2010 Sami Tchak \u00e0 l&#039;Alliance fran\u00e7aise de Tunis<\/title>\n<meta name=\"description\" content=\"Depuis, le 18 juin jusqu&#039;au 18 juillet, Sami Tchak est avec Annie Ferret, en r\u00e9sidence d\u2019\u00e9criture \u00e0 quatre mains \u00e0 la Villa Salammb\u00f4. Ces deux \u00e9crivains sont po...\" \/>\n<link rel=\"canonical\" href=\"https:\/\/www.webdo.tn\/fr\/actualite\/culture\/litterature-sami-tchak-a-l-alliance-francaise-de-tunis\/207089\/\" \/>\n<meta property=\"og:locale\" content=\"fr_FR\" \/>\n<meta property=\"og:type\" content=\"article\" \/>\n<meta property=\"og:title\" content=\"Litt\u00e9rature \u2010 Sami Tchak \u00e0 l&#039;Alliance fran\u00e7aise de Tunis\" \/>\n<meta property=\"og:description\" content=\"Depuis, le 18 juin jusqu&#039;au 18 juillet, Sami Tchak est avec Annie Ferret, en r\u00e9sidence d\u2019\u00e9criture \u00e0 quatre mains \u00e0 la Villa Salammb\u00f4. Ces deux \u00e9crivains sont po...\" \/>\n<meta property=\"og:url\" content=\"https:\/\/www.webdo.tn\/fr\/actualite\/culture\/litterature-sami-tchak-a-l-alliance-francaise-de-tunis\/207089\/\" \/>\n<meta property=\"og:site_name\" content=\"webdo\" \/>\n<meta property=\"article:publisher\" content=\"https:\/\/www.facebook.com\/webdotn\" \/>\n<meta property=\"article:author\" content=\"https:\/\/www.facebook.com\/hatem.bourial.2025\" \/>\n<meta property=\"article:published_time\" content=\"2023-07-07T08:51:00+00:00\" \/>\n<meta property=\"og:image\" content=\"https:\/\/www.webdo.tn\/fr\/wp-content\/uploads\/2023\/07\/bd207eb082e6caebec73de20639114be.jpg\" \/>\n\t<meta property=\"og:image:width\" content=\"750\" \/>\n\t<meta property=\"og:image:height\" content=\"400\" \/>\n\t<meta property=\"og:image:type\" content=\"image\/jpeg\" \/>\n<meta name=\"author\" content=\"Hatem Bourial\" \/>\n<meta name=\"twitter:card\" content=\"summary_large_image\" \/>\n<meta name=\"twitter:creator\" content=\"@webdo_tn\" \/>\n<meta name=\"twitter:site\" content=\"@webdo_tn\" \/>\n<meta name=\"twitter:label1\" content=\"\u00c9crit par\" \/>\n\t<meta name=\"twitter:data1\" content=\"Hatem Bourial\" \/>\n\t<meta name=\"twitter:label2\" content=\"Dur\u00e9e de lecture estim\u00e9e\" \/>\n\t<meta name=\"twitter:data2\" content=\"2 minutes\" \/>\n<script type=\"application\/ld+json\" class=\"yoast-schema-graph\">{\"@context\":\"https:\\\/\\\/schema.org\",\"@graph\":[{\"@type\":\"NewsArticle\",\"@id\":\"https:\\\/\\\/www.webdo.tn\\\/fr\\\/actualite\\\/culture\\\/litterature-sami-tchak-a-l-alliance-francaise-de-tunis\\\/207089\\\/#article\",\"isPartOf\":{\"@id\":\"https:\\\/\\\/www.webdo.tn\\\/fr\\\/actualite\\\/culture\\\/litterature-sami-tchak-a-l-alliance-francaise-de-tunis\\\/207089\\\/\"},\"author\":{\"name\":\"Hatem Bourial\",\"@id\":\"https:\\\/\\\/www.webdo.tn\\\/fr\\\/#\\\/schema\\\/person\\\/6bc0beba2cd23aec27cb5df85ca2554f\"},\"headline\":\"Litt\u00e9rature \u2010 Sami Tchak \u00e0 l&rsquo;Alliance fran\u00e7aise de Tunis\",\"datePublished\":\"2023-07-07T08:51:00+00:00\",\"mainEntityOfPage\":{\"@id\":\"https:\\\/\\\/www.webdo.tn\\\/fr\\\/actualite\\\/culture\\\/litterature-sami-tchak-a-l-alliance-francaise-de-tunis\\\/207089\\\/\"},\"wordCount\":433,\"commentCount\":0,\"publisher\":{\"@id\":\"https:\\\/\\\/www.webdo.tn\\\/fr\\\/#organization\"},\"image\":{\"@id\":\"https:\\\/\\\/www.webdo.tn\\\/fr\\\/actualite\\\/culture\\\/litterature-sami-tchak-a-l-alliance-francaise-de-tunis\\\/207089\\\/#primaryimage\"},\"thumbnailUrl\":\"https:\\\/\\\/www.webdo.tn\\\/fr\\\/wp-content\\\/uploads\\\/2023\\\/07\\\/bd207eb082e6caebec73de20639114be.jpg\",\"keywords\":[\"Alliance fran\u00e7aise de Tunis\",\"Annie Ferret\",\"litt\u00e9rature\",\"Sami Tchak\"],\"articleSection\":[\"Culture\"],\"inLanguage\":\"fr-FR\"},{\"@type\":\"WebPage\",\"@id\":\"https:\\\/\\\/www.webdo.tn\\\/fr\\\/actualite\\\/culture\\\/litterature-sami-tchak-a-l-alliance-francaise-de-tunis\\\/207089\\\/\",\"url\":\"https:\\\/\\\/www.webdo.tn\\\/fr\\\/actualite\\\/culture\\\/litterature-sami-tchak-a-l-alliance-francaise-de-tunis\\\/207089\\\/\",\"name\":\"Litt\u00e9rature \u2010 Sami Tchak \u00e0 l'Alliance fran\u00e7aise de Tunis\",\"isPartOf\":{\"@id\":\"https:\\\/\\\/www.webdo.tn\\\/fr\\\/#website\"},\"primaryImageOfPage\":{\"@id\":\"https:\\\/\\\/www.webdo.tn\\\/fr\\\/actualite\\\/culture\\\/litterature-sami-tchak-a-l-alliance-francaise-de-tunis\\\/207089\\\/#primaryimage\"},\"image\":{\"@id\":\"https:\\\/\\\/www.webdo.tn\\\/fr\\\/actualite\\\/culture\\\/litterature-sami-tchak-a-l-alliance-francaise-de-tunis\\\/207089\\\/#primaryimage\"},\"thumbnailUrl\":\"https:\\\/\\\/www.webdo.tn\\\/fr\\\/wp-content\\\/uploads\\\/2023\\\/07\\\/bd207eb082e6caebec73de20639114be.jpg\",\"datePublished\":\"2023-07-07T08:51:00+00:00\",\"description\":\"Depuis, le 18 juin jusqu'au 18 juillet, Sami Tchak est avec Annie Ferret, en r\u00e9sidence d\u2019\u00e9criture \u00e0 quatre mains \u00e0 la Villa Salammb\u00f4. Ces deux \u00e9crivains sont po...\",\"breadcrumb\":{\"@id\":\"https:\\\/\\\/www.webdo.tn\\\/fr\\\/actualite\\\/culture\\\/litterature-sami-tchak-a-l-alliance-francaise-de-tunis\\\/207089\\\/#breadcrumb\"},\"inLanguage\":\"fr-FR\",\"potentialAction\":[{\"@type\":\"ReadAction\",\"target\":[\"https:\\\/\\\/www.webdo.tn\\\/fr\\\/actualite\\\/culture\\\/litterature-sami-tchak-a-l-alliance-francaise-de-tunis\\\/207089\\\/\"]}]},{\"@type\":\"ImageObject\",\"inLanguage\":\"fr-FR\",\"@id\":\"https:\\\/\\\/www.webdo.tn\\\/fr\\\/actualite\\\/culture\\\/litterature-sami-tchak-a-l-alliance-francaise-de-tunis\\\/207089\\\/#primaryimage\",\"url\":\"https:\\\/\\\/www.webdo.tn\\\/fr\\\/wp-content\\\/uploads\\\/2023\\\/07\\\/bd207eb082e6caebec73de20639114be.jpg\",\"contentUrl\":\"https:\\\/\\\/www.webdo.tn\\\/fr\\\/wp-content\\\/uploads\\\/2023\\\/07\\\/bd207eb082e6caebec73de20639114be.jpg\",\"width\":750,\"height\":400,\"caption\":\"Litt\u00e9rature \u2010 Sami Tchak \u00e0 l'Alliance fran\u00e7aise de Tunis\"},{\"@type\":\"BreadcrumbList\",\"@id\":\"https:\\\/\\\/www.webdo.tn\\\/fr\\\/actualite\\\/culture\\\/litterature-sami-tchak-a-l-alliance-francaise-de-tunis\\\/207089\\\/#breadcrumb\",\"itemListElement\":[{\"@type\":\"ListItem\",\"position\":1,\"name\":\"Accueil\",\"item\":\"https:\\\/\\\/www.webdo.tn\\\/fr\\\/\"},{\"@type\":\"ListItem\",\"position\":2,\"name\":\"Litt\u00e9rature \u2010 Sami Tchak \u00e0 l&rsquo;Alliance fran\u00e7aise de Tunis\"}]},{\"@type\":\"WebSite\",\"@id\":\"https:\\\/\\\/www.webdo.tn\\\/fr\\\/#website\",\"url\":\"https:\\\/\\\/www.webdo.tn\\\/fr\\\/\",\"name\":\"webdo\",\"description\":\"Tunisie - News en Tunisie et \u00e0 l&#039;international sur Webdo.tn\",\"publisher\":{\"@id\":\"https:\\\/\\\/www.webdo.tn\\\/fr\\\/#organization\"},\"potentialAction\":[{\"@type\":\"SearchAction\",\"target\":{\"@type\":\"EntryPoint\",\"urlTemplate\":\"https:\\\/\\\/www.webdo.tn\\\/fr\\\/?s={search_term_string}\"},\"query-input\":{\"@type\":\"PropertyValueSpecification\",\"valueRequired\":true,\"valueName\":\"search_term_string\"}}],\"inLanguage\":\"fr-FR\"},{\"@type\":\"Organization\",\"@id\":\"https:\\\/\\\/www.webdo.tn\\\/fr\\\/#organization\",\"name\":\"Webdo\",\"alternateName\":\"Webdo.tn\",\"url\":\"https:\\\/\\\/www.webdo.tn\\\/fr\\\/\",\"logo\":{\"@type\":\"ImageObject\",\"inLanguage\":\"fr-FR\",\"@id\":\"https:\\\/\\\/www.webdo.tn\\\/fr\\\/#\\\/schema\\\/logo\\\/image\\\/\",\"url\":\"https:\\\/\\\/www.webdo.tn\\\/fr\\\/wp-content\\\/uploads\\\/2025\\\/06\\\/Webdo-Tunisie_168377.jpg\",\"contentUrl\":\"https:\\\/\\\/www.webdo.tn\\\/fr\\\/wp-content\\\/uploads\\\/2025\\\/06\\\/Webdo-Tunisie_168377.jpg\",\"width\":301,\"height\":301,\"caption\":\"Webdo\"},\"image\":{\"@id\":\"https:\\\/\\\/www.webdo.tn\\\/fr\\\/#\\\/schema\\\/logo\\\/image\\\/\"},\"sameAs\":[\"https:\\\/\\\/www.facebook.com\\\/webdotn\",\"https:\\\/\\\/x.com\\\/webdo_tn\"],\"description\":\"Webdo est un m\u00e9dia num\u00e9rique tunisien fond\u00e9 en 2010, sp\u00e9cialis\u00e9 dans l\u2019actualit\u00e9 nationale et internationale, l\u2019\u00e9conomie, la soci\u00e9t\u00e9 et les analyses politiques. Le site s\u2019adresse \u00e0 un large public francophone et couvre l\u2019information tunisienne en temps r\u00e9el.\",\"email\":\"redac@webdo.tn\",\"legalName\":\"YNJ SARL\",\"foundingDate\":\"2010-09-06\",\"numberOfEmployees\":{\"@type\":\"QuantitativeValue\",\"minValue\":\"11\",\"maxValue\":\"50\"}},{\"@type\":\"Person\",\"@id\":\"https:\\\/\\\/www.webdo.tn\\\/fr\\\/#\\\/schema\\\/person\\\/6bc0beba2cd23aec27cb5df85ca2554f\",\"name\":\"Hatem Bourial\",\"image\":{\"@type\":\"ImageObject\",\"inLanguage\":\"fr-FR\",\"@id\":\"https:\\\/\\\/www.webdo.tn\\\/fr\\\/wp-content\\\/uploads\\\/2026\\\/04\\\/hatem-bourial_avatar-96x96.jpg\",\"url\":\"https:\\\/\\\/www.webdo.tn\\\/fr\\\/wp-content\\\/uploads\\\/2026\\\/04\\\/hatem-bourial_avatar-96x96.jpg\",\"contentUrl\":\"https:\\\/\\\/www.webdo.tn\\\/fr\\\/wp-content\\\/uploads\\\/2026\\\/04\\\/hatem-bourial_avatar-96x96.jpg\",\"caption\":\"Hatem Bourial\"},\"description\":\"Hatem Bourial est journaliste, \u00e9crivain et chroniqueur tunisien. Actif depuis plusieurs d\u00e9cennies, il s\u2019est impos\u00e9 comme un observateur attentif de la soci\u00e9t\u00e9 tunisienne, m\u00ealant dans ses \u00e9crits m\u00e9moire, culture et analyse du quotidien. Auteur de nombreux ouvrages, il d\u00e9veloppe une \u0153uvre \u00e0 la crois\u00e9e du r\u00e9cit, de la po\u00e9sie et de l\u2019observation sociologique. Parall\u00e8lement \u00e0 ses contributions dans la presse, il intervient r\u00e9guli\u00e8rement \u00e0 la radio et dans des espaces culturels, o\u00f9 il explore les enjeux li\u00e9s au patrimoine, \u00e0 l\u2019identit\u00e9 et aux transformations du monde contemporain. \u00c0 travers ses chroniques, Hatem Bourial propose une lecture sensible et approfondie de l\u2019actualit\u00e9, nourrie par une exp\u00e9rience journalistique et litt\u00e9raire reconnue. \ud83d\udd17 Facebook : https:\\\/\\\/www.facebook.com\\\/hatem.bourial.2025\",\"sameAs\":[\"https:\\\/\\\/www.facebook.com\\\/hatem.bourial.2025\",\"https:\\\/\\\/fr.wikipedia.org\\\/wiki\\\/Fichier:Hatem_Bourial.jpg\"],\"knowsAbout\":[\"Culture & patrimoine tunisien\",\"Chronique soci\u00e9tale\",\"Litt\u00e9rature & m\u00e9moire\",\"Cin\u00e9ma & critique culturelle\",\"Identit\u00e9 & mutations sociales\"],\"knowsLanguage\":[\"Arabe\",\"Fran\u00e7ais\",\"Anglais\",\"Italien\",\"Polonais\"],\"jobTitle\":\"Journaliste, \u00e9crivain et chroniqueur culturel\",\"worksFor\":\"Webdo\",\"url\":\"https:\\\/\\\/www.webdo.tn\\\/fr\\\/actualite\\\/author\\\/hatem-bourial-2\\\/\"}]}<\/script>\n<!-- \/ Yoast SEO Premium plugin. -->","yoast_head_json":{"title":"Litt\u00e9rature \u2010 Sami Tchak \u00e0 l'Alliance fran\u00e7aise de Tunis","description":"Depuis, le 18 juin jusqu'au 18 juillet, Sami Tchak est avec Annie Ferret, en r\u00e9sidence d\u2019\u00e9criture \u00e0 quatre mains \u00e0 la Villa Salammb\u00f4. Ces deux \u00e9crivains sont po...","canonical":"https:\/\/www.webdo.tn\/fr\/actualite\/culture\/litterature-sami-tchak-a-l-alliance-francaise-de-tunis\/207089\/","og_locale":"fr_FR","og_type":"article","og_title":"Litt\u00e9rature \u2010 Sami Tchak \u00e0 l'Alliance fran\u00e7aise de Tunis","og_description":"Depuis, le 18 juin jusqu'au 18 juillet, Sami Tchak est avec Annie Ferret, en r\u00e9sidence d\u2019\u00e9criture \u00e0 quatre mains \u00e0 la Villa Salammb\u00f4. Ces deux \u00e9crivains sont po...","og_url":"https:\/\/www.webdo.tn\/fr\/actualite\/culture\/litterature-sami-tchak-a-l-alliance-francaise-de-tunis\/207089\/","og_site_name":"webdo","article_publisher":"https:\/\/www.facebook.com\/webdotn","article_author":"https:\/\/www.facebook.com\/hatem.bourial.2025","article_published_time":"2023-07-07T08:51:00+00:00","og_image":[{"width":750,"height":400,"url":"https:\/\/www.webdo.tn\/fr\/wp-content\/uploads\/2023\/07\/bd207eb082e6caebec73de20639114be.jpg","type":"image\/jpeg"}],"author":"Hatem Bourial","twitter_card":"summary_large_image","twitter_creator":"@webdo_tn","twitter_site":"@webdo_tn","twitter_misc":{"\u00c9crit par":"Hatem Bourial","Dur\u00e9e de lecture estim\u00e9e":"2 minutes"},"schema":{"@context":"https:\/\/schema.org","@graph":[{"@type":"NewsArticle","@id":"https:\/\/www.webdo.tn\/fr\/actualite\/culture\/litterature-sami-tchak-a-l-alliance-francaise-de-tunis\/207089\/#article","isPartOf":{"@id":"https:\/\/www.webdo.tn\/fr\/actualite\/culture\/litterature-sami-tchak-a-l-alliance-francaise-de-tunis\/207089\/"},"author":{"name":"Hatem Bourial","@id":"https:\/\/www.webdo.tn\/fr\/#\/schema\/person\/6bc0beba2cd23aec27cb5df85ca2554f"},"headline":"Litt\u00e9rature \u2010 Sami Tchak \u00e0 l&rsquo;Alliance fran\u00e7aise de Tunis","datePublished":"2023-07-07T08:51:00+00:00","mainEntityOfPage":{"@id":"https:\/\/www.webdo.tn\/fr\/actualite\/culture\/litterature-sami-tchak-a-l-alliance-francaise-de-tunis\/207089\/"},"wordCount":433,"commentCount":0,"publisher":{"@id":"https:\/\/www.webdo.tn\/fr\/#organization"},"image":{"@id":"https:\/\/www.webdo.tn\/fr\/actualite\/culture\/litterature-sami-tchak-a-l-alliance-francaise-de-tunis\/207089\/#primaryimage"},"thumbnailUrl":"https:\/\/www.webdo.tn\/fr\/wp-content\/uploads\/2023\/07\/bd207eb082e6caebec73de20639114be.jpg","keywords":["Alliance fran\u00e7aise de Tunis","Annie Ferret","litt\u00e9rature","Sami Tchak"],"articleSection":["Culture"],"inLanguage":"fr-FR"},{"@type":"WebPage","@id":"https:\/\/www.webdo.tn\/fr\/actualite\/culture\/litterature-sami-tchak-a-l-alliance-francaise-de-tunis\/207089\/","url":"https:\/\/www.webdo.tn\/fr\/actualite\/culture\/litterature-sami-tchak-a-l-alliance-francaise-de-tunis\/207089\/","name":"Litt\u00e9rature \u2010 Sami Tchak \u00e0 l'Alliance fran\u00e7aise de Tunis","isPartOf":{"@id":"https:\/\/www.webdo.tn\/fr\/#website"},"primaryImageOfPage":{"@id":"https:\/\/www.webdo.tn\/fr\/actualite\/culture\/litterature-sami-tchak-a-l-alliance-francaise-de-tunis\/207089\/#primaryimage"},"image":{"@id":"https:\/\/www.webdo.tn\/fr\/actualite\/culture\/litterature-sami-tchak-a-l-alliance-francaise-de-tunis\/207089\/#primaryimage"},"thumbnailUrl":"https:\/\/www.webdo.tn\/fr\/wp-content\/uploads\/2023\/07\/bd207eb082e6caebec73de20639114be.jpg","datePublished":"2023-07-07T08:51:00+00:00","description":"Depuis, le 18 juin jusqu'au 18 juillet, Sami Tchak est avec Annie Ferret, en r\u00e9sidence d\u2019\u00e9criture \u00e0 quatre mains \u00e0 la Villa Salammb\u00f4. Ces deux \u00e9crivains sont po...","breadcrumb":{"@id":"https:\/\/www.webdo.tn\/fr\/actualite\/culture\/litterature-sami-tchak-a-l-alliance-francaise-de-tunis\/207089\/#breadcrumb"},"inLanguage":"fr-FR","potentialAction":[{"@type":"ReadAction","target":["https:\/\/www.webdo.tn\/fr\/actualite\/culture\/litterature-sami-tchak-a-l-alliance-francaise-de-tunis\/207089\/"]}]},{"@type":"ImageObject","inLanguage":"fr-FR","@id":"https:\/\/www.webdo.tn\/fr\/actualite\/culture\/litterature-sami-tchak-a-l-alliance-francaise-de-tunis\/207089\/#primaryimage","url":"https:\/\/www.webdo.tn\/fr\/wp-content\/uploads\/2023\/07\/bd207eb082e6caebec73de20639114be.jpg","contentUrl":"https:\/\/www.webdo.tn\/fr\/wp-content\/uploads\/2023\/07\/bd207eb082e6caebec73de20639114be.jpg","width":750,"height":400,"caption":"Litt\u00e9rature \u2010 Sami Tchak \u00e0 l'Alliance fran\u00e7aise de Tunis"},{"@type":"BreadcrumbList","@id":"https:\/\/www.webdo.tn\/fr\/actualite\/culture\/litterature-sami-tchak-a-l-alliance-francaise-de-tunis\/207089\/#breadcrumb","itemListElement":[{"@type":"ListItem","position":1,"name":"Accueil","item":"https:\/\/www.webdo.tn\/fr\/"},{"@type":"ListItem","position":2,"name":"Litt\u00e9rature \u2010 Sami Tchak \u00e0 l&rsquo;Alliance fran\u00e7aise de Tunis"}]},{"@type":"WebSite","@id":"https:\/\/www.webdo.tn\/fr\/#website","url":"https:\/\/www.webdo.tn\/fr\/","name":"webdo","description":"Tunisie - News en Tunisie et \u00e0 l&#039;international sur Webdo.tn","publisher":{"@id":"https:\/\/www.webdo.tn\/fr\/#organization"},"potentialAction":[{"@type":"SearchAction","target":{"@type":"EntryPoint","urlTemplate":"https:\/\/www.webdo.tn\/fr\/?s={search_term_string}"},"query-input":{"@type":"PropertyValueSpecification","valueRequired":true,"valueName":"search_term_string"}}],"inLanguage":"fr-FR"},{"@type":"Organization","@id":"https:\/\/www.webdo.tn\/fr\/#organization","name":"Webdo","alternateName":"Webdo.tn","url":"https:\/\/www.webdo.tn\/fr\/","logo":{"@type":"ImageObject","inLanguage":"fr-FR","@id":"https:\/\/www.webdo.tn\/fr\/#\/schema\/logo\/image\/","url":"https:\/\/www.webdo.tn\/fr\/wp-content\/uploads\/2025\/06\/Webdo-Tunisie_168377.jpg","contentUrl":"https:\/\/www.webdo.tn\/fr\/wp-content\/uploads\/2025\/06\/Webdo-Tunisie_168377.jpg","width":301,"height":301,"caption":"Webdo"},"image":{"@id":"https:\/\/www.webdo.tn\/fr\/#\/schema\/logo\/image\/"},"sameAs":["https:\/\/www.facebook.com\/webdotn","https:\/\/x.com\/webdo_tn"],"description":"Webdo est un m\u00e9dia num\u00e9rique tunisien fond\u00e9 en 2010, sp\u00e9cialis\u00e9 dans l\u2019actualit\u00e9 nationale et internationale, l\u2019\u00e9conomie, la soci\u00e9t\u00e9 et les analyses politiques. Le site s\u2019adresse \u00e0 un large public francophone et couvre l\u2019information tunisienne en temps r\u00e9el.","email":"redac@webdo.tn","legalName":"YNJ SARL","foundingDate":"2010-09-06","numberOfEmployees":{"@type":"QuantitativeValue","minValue":"11","maxValue":"50"}},{"@type":"Person","@id":"https:\/\/www.webdo.tn\/fr\/#\/schema\/person\/6bc0beba2cd23aec27cb5df85ca2554f","name":"Hatem Bourial","image":{"@type":"ImageObject","inLanguage":"fr-FR","@id":"https:\/\/www.webdo.tn\/fr\/wp-content\/uploads\/2026\/04\/hatem-bourial_avatar-96x96.jpg","url":"https:\/\/www.webdo.tn\/fr\/wp-content\/uploads\/2026\/04\/hatem-bourial_avatar-96x96.jpg","contentUrl":"https:\/\/www.webdo.tn\/fr\/wp-content\/uploads\/2026\/04\/hatem-bourial_avatar-96x96.jpg","caption":"Hatem Bourial"},"description":"Hatem Bourial est journaliste, \u00e9crivain et chroniqueur tunisien. Actif depuis plusieurs d\u00e9cennies, il s\u2019est impos\u00e9 comme un observateur attentif de la soci\u00e9t\u00e9 tunisienne, m\u00ealant dans ses \u00e9crits m\u00e9moire, culture et analyse du quotidien. Auteur de nombreux ouvrages, il d\u00e9veloppe une \u0153uvre \u00e0 la crois\u00e9e du r\u00e9cit, de la po\u00e9sie et de l\u2019observation sociologique. Parall\u00e8lement \u00e0 ses contributions dans la presse, il intervient r\u00e9guli\u00e8rement \u00e0 la radio et dans des espaces culturels, o\u00f9 il explore les enjeux li\u00e9s au patrimoine, \u00e0 l\u2019identit\u00e9 et aux transformations du monde contemporain. \u00c0 travers ses chroniques, Hatem Bourial propose une lecture sensible et approfondie de l\u2019actualit\u00e9, nourrie par une exp\u00e9rience journalistique et litt\u00e9raire reconnue. \ud83d\udd17 Facebook : https:\/\/www.facebook.com\/hatem.bourial.2025","sameAs":["https:\/\/www.facebook.com\/hatem.bourial.2025","https:\/\/fr.wikipedia.org\/wiki\/Fichier:Hatem_Bourial.jpg"],"knowsAbout":["Culture & patrimoine tunisien","Chronique soci\u00e9tale","Litt\u00e9rature & m\u00e9moire","Cin\u00e9ma & critique culturelle","Identit\u00e9 & mutations sociales"],"knowsLanguage":["Arabe","Fran\u00e7ais","Anglais","Italien","Polonais"],"jobTitle":"Journaliste, \u00e9crivain et chroniqueur culturel","worksFor":"Webdo","url":"https:\/\/www.webdo.tn\/fr\/actualite\/author\/hatem-bourial-2\/"}]}},"_links":{"self":[{"href":"https:\/\/www.webdo.tn\/fr\/wp-json\/wp\/v2\/posts\/207089","targetHints":{"allow":["GET"]}}],"collection":[{"href":"https:\/\/www.webdo.tn\/fr\/wp-json\/wp\/v2\/posts"}],"about":[{"href":"https:\/\/www.webdo.tn\/fr\/wp-json\/wp\/v2\/types\/post"}],"author":[{"embeddable":true,"href":"https:\/\/www.webdo.tn\/fr\/wp-json\/wp\/v2\/users\/3229"}],"replies":[{"embeddable":true,"href":"https:\/\/www.webdo.tn\/fr\/wp-json\/wp\/v2\/comments?post=207089"}],"version-history":[{"count":0,"href":"https:\/\/www.webdo.tn\/fr\/wp-json\/wp\/v2\/posts\/207089\/revisions"}],"wp:featuredmedia":[{"embeddable":true,"href":"https:\/\/www.webdo.tn\/fr\/wp-json\/wp\/v2\/media\/249815"}],"wp:attachment":[{"href":"https:\/\/www.webdo.tn\/fr\/wp-json\/wp\/v2\/media?parent=207089"}],"wp:term":[{"taxonomy":"category","embeddable":true,"href":"https:\/\/www.webdo.tn\/fr\/wp-json\/wp\/v2\/categories?post=207089"},{"taxonomy":"post_tag","embeddable":true,"href":"https:\/\/www.webdo.tn\/fr\/wp-json\/wp\/v2\/tags?post=207089"}],"curies":[{"name":"wp","href":"https:\/\/api.w.org\/{rel}","templated":true}]}}