{"id":207085,"date":"2023-07-07T07:54:00","date_gmt":"2023-07-07T07:54:00","guid":{"rendered":"https:\/\/www.webdo.tn\/fr\/blog\/tunisie-human-rights-watch-denonce-les-expulsions-de-migrants-subsahariens\/207085\/"},"modified":"2025-05-20T22:42:27","modified_gmt":"2025-05-20T22:42:27","slug":"tunisie-human-rights-watch-denonce-les-expulsions-de-migrants-subsahariens","status":"publish","type":"post","link":"https:\/\/www.webdo.tn\/fr\/actualite\/national\/tunisie-human-rights-watch-denonce-les-expulsions-de-migrants-subsahariens\/207085\/","title":{"rendered":"Human Rights Watch d\u00e9nonce les \u00ab\u00a0expulsions de migrants subsahariens\u00a0\u00bb"},"content":{"rendered":"<p>Dans un communiqu\u00e9 rendu public hier 6 juillet, l&rsquo;ONG Human Rights Watch a condamn\u00e9 des \u00ab expulsions de migrants subsahariens vers la fronti\u00e8re libyenne.<\/p>\n<p>\t\t\t\t\t\t\t\t\tElle estime \u00e0 plus de 500 le nombre de migrants ont \u00e9t\u00e9 refoul\u00e9s de cette mani\u00e8re depuis le 2 juillet.<\/p>\n<p>Lauren Seibert, chercheuse pour l\u2019ONG Human Rights Watch, a alert\u00e9 d\u00e9j\u00e0 sur leur situation lundi dernier, sur Twitter. Elle explique aux Observateurs de France 24 : \u00ab J\u2019ai discut\u00e9 avec certains d\u2019entre eux et ils m\u2019ont expliqu\u00e9 que les forces de s\u00e9curit\u00e9 les ont frapp\u00e9s et qu\u2019ils avaient aussi cass\u00e9 leurs t\u00e9l\u00e9phones.<\/p>\n<p>Parmi eux, il y a des femmes enceintes et des enfants. J\u2019ai pu v\u00e9rifier l\u2019identit\u00e9 de deux migrants, qui sont enregistr\u00e9s comme demandeurs d\u2019asile aupr\u00e8s de l\u2019agence des Nations unies pour les r\u00e9fugi\u00e9s (HCR). J\u2019ai inform\u00e9 des agences de l\u2019ONU mais les autorit\u00e9s tunisiennes ne leur ont pas encore permis d\u2019acc\u00e9der au groupe de migrant \u00bb.<\/p>\n<p>La situation s\u00e9curitaire dans le pays, particuli\u00e8rement \u00e0 Sfax et Sbe\u00eftla (Kasserine), a \u00e9t\u00e9 au centre d&rsquo;un entretien, jeudi, \u00e0 la Kasbah entre la cheffe du gouvernement Najla Bouden et le ministre de l&rsquo;Int\u00e9rieur Kamel Feki, selon un bref communiqu\u00e9 publi\u00e9 par la pr\u00e9sidence du gouvernement.<\/p>\n<p>Une r\u00e9union qui se tient sur fond des affrontements qui ont \u00e9clat\u00e9, depuis quelques jours, entre habitants et migrants subsahariens \u00e0 Sfax. Lundi, suite au meurtre \u00e0 coup de couteau, d&rsquo;un habitant de la r\u00e9gion, trois suspects ont \u00e9t\u00e9 interpell\u00e9s et une information judiciaire \u00e9t\u00e9 ouverte.<\/p>\n","protected":false},"excerpt":{"rendered":"<p>Dans un communiqu\u00e9 rendu public hier 6 juillet, l&rsquo;ONG Human Rights Watch a condamn\u00e9 des \u00ab expulsions de migrants subsahariens vers la fronti\u00e8re libyenne.<\/p>\n","protected":false},"author":3175,"featured_media":249814,"comment_status":"open","ping_status":"closed","sticky":false,"template":"","format":"standard","meta":{"footnotes":""},"categories":[44],"tags":[7661,2894,3377,2608],"class_list":["post-207085","post","type-post","status-publish","format-standard","has-post-thumbnail","hentry","category-national","tag-human-rights-watch","tag-migrants","tag-subsahariens","tag-tunisie"],"yoast_head":"<!-- This site is optimized with the Yoast SEO Premium plugin v27.5 (Yoast SEO v27.5) - https:\/\/yoast.com\/product\/yoast-seo-premium-wordpress\/ -->\n<title>Human Rights Watch d\u00e9nonce les expulsions de migrants subsahariens<\/title>\n<meta name=\"description\" content=\"Dans un communiqu\u00e9 rendu public hier 6 juillet, l&#039;ONG Human Rights Watch a condamn\u00e9 des \u00ab expulsions de migrants subsahariens vers la fronti\u00e8re libyenne.\" \/>\n<link rel=\"canonical\" href=\"https:\/\/www.webdo.tn\/fr\/actualite\/national\/tunisie-human-rights-watch-denonce-les-expulsions-de-migrants-subsahariens\/207085\/\" \/>\n<meta property=\"og:locale\" content=\"fr_FR\" \/>\n<meta property=\"og:type\" content=\"article\" \/>\n<meta property=\"og:title\" content=\"Human Rights Watch d\u00e9nonce les &quot;expulsions de migrants subsahariens&quot;\" \/>\n<meta property=\"og:description\" content=\"Dans un communiqu\u00e9 rendu public hier 6 juillet, l&#039;ONG Human Rights Watch a condamn\u00e9 des \u00ab expulsions de migrants subsahariens vers la fronti\u00e8re libyenne.\" \/>\n<meta property=\"og:url\" content=\"https:\/\/www.webdo.tn\/fr\/actualite\/national\/tunisie-human-rights-watch-denonce-les-expulsions-de-migrants-subsahariens\/207085\/\" \/>\n<meta property=\"og:site_name\" content=\"webdo\" \/>\n<meta property=\"article:publisher\" content=\"https:\/\/www.facebook.com\/webdotn\" \/>\n<meta property=\"article:published_time\" content=\"2023-07-07T07:54:00+00:00\" \/>\n<meta property=\"article:modified_time\" content=\"2025-05-20T22:42:27+00:00\" \/>\n<meta property=\"og:image\" content=\"https:\/\/www.webdo.tn\/fr\/wp-content\/uploads\/2023\/07\/c0621bc243b5aa5fe90f4bd061379876.jpg\" \/>\n\t<meta property=\"og:image:width\" content=\"750\" \/>\n\t<meta property=\"og:image:height\" content=\"400\" \/>\n\t<meta property=\"og:image:type\" content=\"image\/jpeg\" \/>\n<meta name=\"author\" content=\"CL\" \/>\n<meta name=\"twitter:card\" content=\"summary_large_image\" \/>\n<meta name=\"twitter:creator\" content=\"@webdo_tn\" \/>\n<meta name=\"twitter:site\" content=\"@webdo_tn\" \/>\n<meta name=\"twitter:label1\" content=\"\u00c9crit par\" \/>\n\t<meta name=\"twitter:data1\" content=\"CL\" \/>\n\t<meta name=\"twitter:label2\" content=\"Dur\u00e9e de lecture estim\u00e9e\" \/>\n\t<meta name=\"twitter:data2\" content=\"1 minute\" \/>\n<script type=\"application\/ld+json\" class=\"yoast-schema-graph\">{\"@context\":\"https:\\\/\\\/schema.org\",\"@graph\":[{\"@type\":\"NewsArticle\",\"@id\":\"https:\\\/\\\/www.webdo.tn\\\/fr\\\/actualite\\\/national\\\/tunisie-human-rights-watch-denonce-les-expulsions-de-migrants-subsahariens\\\/207085\\\/#article\",\"isPartOf\":{\"@id\":\"https:\\\/\\\/www.webdo.tn\\\/fr\\\/actualite\\\/national\\\/tunisie-human-rights-watch-denonce-les-expulsions-de-migrants-subsahariens\\\/207085\\\/\"},\"author\":{\"name\":\"CL\",\"@id\":\"https:\\\/\\\/www.webdo.tn\\\/fr\\\/#\\\/schema\\\/person\\\/f35b42a42c5e2511bbd282959d6385cc\"},\"headline\":\"Human Rights Watch d\u00e9nonce les \u00ab\u00a0expulsions de migrants subsahariens\u00a0\u00bb\",\"datePublished\":\"2023-07-07T07:54:00+00:00\",\"dateModified\":\"2025-05-20T22:42:27+00:00\",\"mainEntityOfPage\":{\"@id\":\"https:\\\/\\\/www.webdo.tn\\\/fr\\\/actualite\\\/national\\\/tunisie-human-rights-watch-denonce-les-expulsions-de-migrants-subsahariens\\\/207085\\\/\"},\"wordCount\":280,\"commentCount\":0,\"publisher\":{\"@id\":\"https:\\\/\\\/www.webdo.tn\\\/fr\\\/#organization\"},\"image\":{\"@id\":\"https:\\\/\\\/www.webdo.tn\\\/fr\\\/actualite\\\/national\\\/tunisie-human-rights-watch-denonce-les-expulsions-de-migrants-subsahariens\\\/207085\\\/#primaryimage\"},\"thumbnailUrl\":\"https:\\\/\\\/www.webdo.tn\\\/fr\\\/wp-content\\\/uploads\\\/2023\\\/07\\\/c0621bc243b5aa5fe90f4bd061379876.jpg\",\"keywords\":[\"Human Rights Watch\",\"migrants\",\"Subsahariens\",\"Tunisie\"],\"articleSection\":[\"National\"],\"inLanguage\":\"fr-FR\"},{\"@type\":\"WebPage\",\"@id\":\"https:\\\/\\\/www.webdo.tn\\\/fr\\\/actualite\\\/national\\\/tunisie-human-rights-watch-denonce-les-expulsions-de-migrants-subsahariens\\\/207085\\\/\",\"url\":\"https:\\\/\\\/www.webdo.tn\\\/fr\\\/actualite\\\/national\\\/tunisie-human-rights-watch-denonce-les-expulsions-de-migrants-subsahariens\\\/207085\\\/\",\"name\":\"Human Rights Watch d\u00e9nonce les expulsions de migrants subsahariens\",\"isPartOf\":{\"@id\":\"https:\\\/\\\/www.webdo.tn\\\/fr\\\/#website\"},\"primaryImageOfPage\":{\"@id\":\"https:\\\/\\\/www.webdo.tn\\\/fr\\\/actualite\\\/national\\\/tunisie-human-rights-watch-denonce-les-expulsions-de-migrants-subsahariens\\\/207085\\\/#primaryimage\"},\"image\":{\"@id\":\"https:\\\/\\\/www.webdo.tn\\\/fr\\\/actualite\\\/national\\\/tunisie-human-rights-watch-denonce-les-expulsions-de-migrants-subsahariens\\\/207085\\\/#primaryimage\"},\"thumbnailUrl\":\"https:\\\/\\\/www.webdo.tn\\\/fr\\\/wp-content\\\/uploads\\\/2023\\\/07\\\/c0621bc243b5aa5fe90f4bd061379876.jpg\",\"datePublished\":\"2023-07-07T07:54:00+00:00\",\"dateModified\":\"2025-05-20T22:42:27+00:00\",\"description\":\"Dans un communiqu\u00e9 rendu public hier 6 juillet, l'ONG Human Rights Watch a condamn\u00e9 des \u00ab expulsions de migrants subsahariens vers la fronti\u00e8re libyenne.\",\"breadcrumb\":{\"@id\":\"https:\\\/\\\/www.webdo.tn\\\/fr\\\/actualite\\\/national\\\/tunisie-human-rights-watch-denonce-les-expulsions-de-migrants-subsahariens\\\/207085\\\/#breadcrumb\"},\"inLanguage\":\"fr-FR\",\"potentialAction\":[{\"@type\":\"ReadAction\",\"target\":[\"https:\\\/\\\/www.webdo.tn\\\/fr\\\/actualite\\\/national\\\/tunisie-human-rights-watch-denonce-les-expulsions-de-migrants-subsahariens\\\/207085\\\/\"]}]},{\"@type\":\"ImageObject\",\"inLanguage\":\"fr-FR\",\"@id\":\"https:\\\/\\\/www.webdo.tn\\\/fr\\\/actualite\\\/national\\\/tunisie-human-rights-watch-denonce-les-expulsions-de-migrants-subsahariens\\\/207085\\\/#primaryimage\",\"url\":\"https:\\\/\\\/www.webdo.tn\\\/fr\\\/wp-content\\\/uploads\\\/2023\\\/07\\\/c0621bc243b5aa5fe90f4bd061379876.jpg\",\"contentUrl\":\"https:\\\/\\\/www.webdo.tn\\\/fr\\\/wp-content\\\/uploads\\\/2023\\\/07\\\/c0621bc243b5aa5fe90f4bd061379876.jpg\",\"width\":750,\"height\":400,\"caption\":\"Human Rights Watch d\u00e9nonce les \\\"expulsions de migrants subsahariens\\\"\"},{\"@type\":\"BreadcrumbList\",\"@id\":\"https:\\\/\\\/www.webdo.tn\\\/fr\\\/actualite\\\/national\\\/tunisie-human-rights-watch-denonce-les-expulsions-de-migrants-subsahariens\\\/207085\\\/#breadcrumb\",\"itemListElement\":[{\"@type\":\"ListItem\",\"position\":1,\"name\":\"Accueil\",\"item\":\"https:\\\/\\\/www.webdo.tn\\\/fr\\\/\"},{\"@type\":\"ListItem\",\"position\":2,\"name\":\"Human Rights Watch d\u00e9nonce les &#8220;expulsions de migrants subsahariens&#8221;\"}]},{\"@type\":\"WebSite\",\"@id\":\"https:\\\/\\\/www.webdo.tn\\\/fr\\\/#website\",\"url\":\"https:\\\/\\\/www.webdo.tn\\\/fr\\\/\",\"name\":\"webdo\",\"description\":\"Tunisie - News en Tunisie et \u00e0 l&#039;international sur Webdo.tn\",\"publisher\":{\"@id\":\"https:\\\/\\\/www.webdo.tn\\\/fr\\\/#organization\"},\"potentialAction\":[{\"@type\":\"SearchAction\",\"target\":{\"@type\":\"EntryPoint\",\"urlTemplate\":\"https:\\\/\\\/www.webdo.tn\\\/fr\\\/?s={search_term_string}\"},\"query-input\":{\"@type\":\"PropertyValueSpecification\",\"valueRequired\":true,\"valueName\":\"search_term_string\"}}],\"inLanguage\":\"fr-FR\"},{\"@type\":\"Organization\",\"@id\":\"https:\\\/\\\/www.webdo.tn\\\/fr\\\/#organization\",\"name\":\"Webdo\",\"alternateName\":\"Webdo.tn\",\"url\":\"https:\\\/\\\/www.webdo.tn\\\/fr\\\/\",\"logo\":{\"@type\":\"ImageObject\",\"inLanguage\":\"fr-FR\",\"@id\":\"https:\\\/\\\/www.webdo.tn\\\/fr\\\/#\\\/schema\\\/logo\\\/image\\\/\",\"url\":\"https:\\\/\\\/www.webdo.tn\\\/fr\\\/wp-content\\\/uploads\\\/2025\\\/06\\\/Webdo-Tunisie_168377.jpg\",\"contentUrl\":\"https:\\\/\\\/www.webdo.tn\\\/fr\\\/wp-content\\\/uploads\\\/2025\\\/06\\\/Webdo-Tunisie_168377.jpg\",\"width\":301,\"height\":301,\"caption\":\"Webdo\"},\"image\":{\"@id\":\"https:\\\/\\\/www.webdo.tn\\\/fr\\\/#\\\/schema\\\/logo\\\/image\\\/\"},\"sameAs\":[\"https:\\\/\\\/www.facebook.com\\\/webdotn\",\"https:\\\/\\\/x.com\\\/webdo_tn\"],\"description\":\"Webdo est un m\u00e9dia num\u00e9rique tunisien fond\u00e9 en 2010, sp\u00e9cialis\u00e9 dans l\u2019actualit\u00e9 nationale et internationale, l\u2019\u00e9conomie, la soci\u00e9t\u00e9 et les analyses politiques. Le site s\u2019adresse \u00e0 un large public francophone et couvre l\u2019information tunisienne en temps r\u00e9el.\",\"email\":\"redac@webdo.tn\",\"legalName\":\"YNJ SARL\",\"foundingDate\":\"2010-09-06\",\"numberOfEmployees\":{\"@type\":\"QuantitativeValue\",\"minValue\":\"11\",\"maxValue\":\"50\"}},{\"@type\":\"Person\",\"@id\":\"https:\\\/\\\/www.webdo.tn\\\/fr\\\/#\\\/schema\\\/person\\\/f35b42a42c5e2511bbd282959d6385cc\",\"name\":\"CL\",\"image\":{\"@type\":\"ImageObject\",\"inLanguage\":\"fr-FR\",\"@id\":\"https:\\\/\\\/secure.gravatar.com\\\/avatar\\\/1447a49909b67aa657c488aec6512e1dd6143a480c1ecfee9b5b5cd74eb3b59e?s=96&d=mm&r=g\",\"url\":\"https:\\\/\\\/secure.gravatar.com\\\/avatar\\\/1447a49909b67aa657c488aec6512e1dd6143a480c1ecfee9b5b5cd74eb3b59e?s=96&d=mm&r=g\",\"contentUrl\":\"https:\\\/\\\/secure.gravatar.com\\\/avatar\\\/1447a49909b67aa657c488aec6512e1dd6143a480c1ecfee9b5b5cd74eb3b59e?s=96&d=mm&r=g\",\"caption\":\"CL\"},\"url\":\"https:\\\/\\\/www.webdo.tn\\\/fr\\\/actualite\\\/author\\\/cl\\\/\"}]}<\/script>\n<!-- \/ Yoast SEO Premium plugin. -->","yoast_head_json":{"title":"Human Rights Watch d\u00e9nonce les expulsions de migrants subsahariens","description":"Dans un communiqu\u00e9 rendu public hier 6 juillet, l'ONG Human Rights Watch a condamn\u00e9 des \u00ab expulsions de migrants subsahariens vers la fronti\u00e8re libyenne.","canonical":"https:\/\/www.webdo.tn\/fr\/actualite\/national\/tunisie-human-rights-watch-denonce-les-expulsions-de-migrants-subsahariens\/207085\/","og_locale":"fr_FR","og_type":"article","og_title":"Human Rights Watch d\u00e9nonce les \"expulsions de migrants subsahariens\"","og_description":"Dans un communiqu\u00e9 rendu public hier 6 juillet, l'ONG Human Rights Watch a condamn\u00e9 des \u00ab expulsions de migrants subsahariens vers la fronti\u00e8re libyenne.","og_url":"https:\/\/www.webdo.tn\/fr\/actualite\/national\/tunisie-human-rights-watch-denonce-les-expulsions-de-migrants-subsahariens\/207085\/","og_site_name":"webdo","article_publisher":"https:\/\/www.facebook.com\/webdotn","article_published_time":"2023-07-07T07:54:00+00:00","article_modified_time":"2025-05-20T22:42:27+00:00","og_image":[{"width":750,"height":400,"url":"https:\/\/www.webdo.tn\/fr\/wp-content\/uploads\/2023\/07\/c0621bc243b5aa5fe90f4bd061379876.jpg","type":"image\/jpeg"}],"author":"CL","twitter_card":"summary_large_image","twitter_creator":"@webdo_tn","twitter_site":"@webdo_tn","twitter_misc":{"\u00c9crit par":"CL","Dur\u00e9e de lecture estim\u00e9e":"1 minute"},"schema":{"@context":"https:\/\/schema.org","@graph":[{"@type":"NewsArticle","@id":"https:\/\/www.webdo.tn\/fr\/actualite\/national\/tunisie-human-rights-watch-denonce-les-expulsions-de-migrants-subsahariens\/207085\/#article","isPartOf":{"@id":"https:\/\/www.webdo.tn\/fr\/actualite\/national\/tunisie-human-rights-watch-denonce-les-expulsions-de-migrants-subsahariens\/207085\/"},"author":{"name":"CL","@id":"https:\/\/www.webdo.tn\/fr\/#\/schema\/person\/f35b42a42c5e2511bbd282959d6385cc"},"headline":"Human Rights Watch d\u00e9nonce les \u00ab\u00a0expulsions de migrants subsahariens\u00a0\u00bb","datePublished":"2023-07-07T07:54:00+00:00","dateModified":"2025-05-20T22:42:27+00:00","mainEntityOfPage":{"@id":"https:\/\/www.webdo.tn\/fr\/actualite\/national\/tunisie-human-rights-watch-denonce-les-expulsions-de-migrants-subsahariens\/207085\/"},"wordCount":280,"commentCount":0,"publisher":{"@id":"https:\/\/www.webdo.tn\/fr\/#organization"},"image":{"@id":"https:\/\/www.webdo.tn\/fr\/actualite\/national\/tunisie-human-rights-watch-denonce-les-expulsions-de-migrants-subsahariens\/207085\/#primaryimage"},"thumbnailUrl":"https:\/\/www.webdo.tn\/fr\/wp-content\/uploads\/2023\/07\/c0621bc243b5aa5fe90f4bd061379876.jpg","keywords":["Human Rights Watch","migrants","Subsahariens","Tunisie"],"articleSection":["National"],"inLanguage":"fr-FR"},{"@type":"WebPage","@id":"https:\/\/www.webdo.tn\/fr\/actualite\/national\/tunisie-human-rights-watch-denonce-les-expulsions-de-migrants-subsahariens\/207085\/","url":"https:\/\/www.webdo.tn\/fr\/actualite\/national\/tunisie-human-rights-watch-denonce-les-expulsions-de-migrants-subsahariens\/207085\/","name":"Human Rights Watch d\u00e9nonce les expulsions de migrants subsahariens","isPartOf":{"@id":"https:\/\/www.webdo.tn\/fr\/#website"},"primaryImageOfPage":{"@id":"https:\/\/www.webdo.tn\/fr\/actualite\/national\/tunisie-human-rights-watch-denonce-les-expulsions-de-migrants-subsahariens\/207085\/#primaryimage"},"image":{"@id":"https:\/\/www.webdo.tn\/fr\/actualite\/national\/tunisie-human-rights-watch-denonce-les-expulsions-de-migrants-subsahariens\/207085\/#primaryimage"},"thumbnailUrl":"https:\/\/www.webdo.tn\/fr\/wp-content\/uploads\/2023\/07\/c0621bc243b5aa5fe90f4bd061379876.jpg","datePublished":"2023-07-07T07:54:00+00:00","dateModified":"2025-05-20T22:42:27+00:00","description":"Dans un communiqu\u00e9 rendu public hier 6 juillet, l'ONG Human Rights Watch a condamn\u00e9 des \u00ab expulsions de migrants subsahariens vers la fronti\u00e8re libyenne.","breadcrumb":{"@id":"https:\/\/www.webdo.tn\/fr\/actualite\/national\/tunisie-human-rights-watch-denonce-les-expulsions-de-migrants-subsahariens\/207085\/#breadcrumb"},"inLanguage":"fr-FR","potentialAction":[{"@type":"ReadAction","target":["https:\/\/www.webdo.tn\/fr\/actualite\/national\/tunisie-human-rights-watch-denonce-les-expulsions-de-migrants-subsahariens\/207085\/"]}]},{"@type":"ImageObject","inLanguage":"fr-FR","@id":"https:\/\/www.webdo.tn\/fr\/actualite\/national\/tunisie-human-rights-watch-denonce-les-expulsions-de-migrants-subsahariens\/207085\/#primaryimage","url":"https:\/\/www.webdo.tn\/fr\/wp-content\/uploads\/2023\/07\/c0621bc243b5aa5fe90f4bd061379876.jpg","contentUrl":"https:\/\/www.webdo.tn\/fr\/wp-content\/uploads\/2023\/07\/c0621bc243b5aa5fe90f4bd061379876.jpg","width":750,"height":400,"caption":"Human Rights Watch d\u00e9nonce les \"expulsions de migrants subsahariens\""},{"@type":"BreadcrumbList","@id":"https:\/\/www.webdo.tn\/fr\/actualite\/national\/tunisie-human-rights-watch-denonce-les-expulsions-de-migrants-subsahariens\/207085\/#breadcrumb","itemListElement":[{"@type":"ListItem","position":1,"name":"Accueil","item":"https:\/\/www.webdo.tn\/fr\/"},{"@type":"ListItem","position":2,"name":"Human Rights Watch d\u00e9nonce les &#8220;expulsions de migrants subsahariens&#8221;"}]},{"@type":"WebSite","@id":"https:\/\/www.webdo.tn\/fr\/#website","url":"https:\/\/www.webdo.tn\/fr\/","name":"webdo","description":"Tunisie - News en Tunisie et \u00e0 l&#039;international sur Webdo.tn","publisher":{"@id":"https:\/\/www.webdo.tn\/fr\/#organization"},"potentialAction":[{"@type":"SearchAction","target":{"@type":"EntryPoint","urlTemplate":"https:\/\/www.webdo.tn\/fr\/?s={search_term_string}"},"query-input":{"@type":"PropertyValueSpecification","valueRequired":true,"valueName":"search_term_string"}}],"inLanguage":"fr-FR"},{"@type":"Organization","@id":"https:\/\/www.webdo.tn\/fr\/#organization","name":"Webdo","alternateName":"Webdo.tn","url":"https:\/\/www.webdo.tn\/fr\/","logo":{"@type":"ImageObject","inLanguage":"fr-FR","@id":"https:\/\/www.webdo.tn\/fr\/#\/schema\/logo\/image\/","url":"https:\/\/www.webdo.tn\/fr\/wp-content\/uploads\/2025\/06\/Webdo-Tunisie_168377.jpg","contentUrl":"https:\/\/www.webdo.tn\/fr\/wp-content\/uploads\/2025\/06\/Webdo-Tunisie_168377.jpg","width":301,"height":301,"caption":"Webdo"},"image":{"@id":"https:\/\/www.webdo.tn\/fr\/#\/schema\/logo\/image\/"},"sameAs":["https:\/\/www.facebook.com\/webdotn","https:\/\/x.com\/webdo_tn"],"description":"Webdo est un m\u00e9dia num\u00e9rique tunisien fond\u00e9 en 2010, sp\u00e9cialis\u00e9 dans l\u2019actualit\u00e9 nationale et internationale, l\u2019\u00e9conomie, la soci\u00e9t\u00e9 et les analyses politiques. Le site s\u2019adresse \u00e0 un large public francophone et couvre l\u2019information tunisienne en temps r\u00e9el.","email":"redac@webdo.tn","legalName":"YNJ SARL","foundingDate":"2010-09-06","numberOfEmployees":{"@type":"QuantitativeValue","minValue":"11","maxValue":"50"}},{"@type":"Person","@id":"https:\/\/www.webdo.tn\/fr\/#\/schema\/person\/f35b42a42c5e2511bbd282959d6385cc","name":"CL","image":{"@type":"ImageObject","inLanguage":"fr-FR","@id":"https:\/\/secure.gravatar.com\/avatar\/1447a49909b67aa657c488aec6512e1dd6143a480c1ecfee9b5b5cd74eb3b59e?s=96&d=mm&r=g","url":"https:\/\/secure.gravatar.com\/avatar\/1447a49909b67aa657c488aec6512e1dd6143a480c1ecfee9b5b5cd74eb3b59e?s=96&d=mm&r=g","contentUrl":"https:\/\/secure.gravatar.com\/avatar\/1447a49909b67aa657c488aec6512e1dd6143a480c1ecfee9b5b5cd74eb3b59e?s=96&d=mm&r=g","caption":"CL"},"url":"https:\/\/www.webdo.tn\/fr\/actualite\/author\/cl\/"}]}},"_links":{"self":[{"href":"https:\/\/www.webdo.tn\/fr\/wp-json\/wp\/v2\/posts\/207085","targetHints":{"allow":["GET"]}}],"collection":[{"href":"https:\/\/www.webdo.tn\/fr\/wp-json\/wp\/v2\/posts"}],"about":[{"href":"https:\/\/www.webdo.tn\/fr\/wp-json\/wp\/v2\/types\/post"}],"author":[{"embeddable":true,"href":"https:\/\/www.webdo.tn\/fr\/wp-json\/wp\/v2\/users\/3175"}],"replies":[{"embeddable":true,"href":"https:\/\/www.webdo.tn\/fr\/wp-json\/wp\/v2\/comments?post=207085"}],"version-history":[{"count":0,"href":"https:\/\/www.webdo.tn\/fr\/wp-json\/wp\/v2\/posts\/207085\/revisions"}],"wp:featuredmedia":[{"embeddable":true,"href":"https:\/\/www.webdo.tn\/fr\/wp-json\/wp\/v2\/media\/249814"}],"wp:attachment":[{"href":"https:\/\/www.webdo.tn\/fr\/wp-json\/wp\/v2\/media?parent=207085"}],"wp:term":[{"taxonomy":"category","embeddable":true,"href":"https:\/\/www.webdo.tn\/fr\/wp-json\/wp\/v2\/categories?post=207085"},{"taxonomy":"post_tag","embeddable":true,"href":"https:\/\/www.webdo.tn\/fr\/wp-json\/wp\/v2\/tags?post=207085"}],"curies":[{"name":"wp","href":"https:\/\/api.w.org\/{rel}","templated":true}]}}