{"id":207084,"date":"2023-07-07T07:36:00","date_gmt":"2023-07-07T07:36:00","guid":{"rendered":"https:\/\/www.webdo.tn\/fr\/blog\/complot-contre-la-surete-de-l-etat-l-examen-des-demandes-de-liberation-reporte\/207084\/"},"modified":"2025-05-20T22:42:26","modified_gmt":"2025-05-20T22:42:26","slug":"complot-contre-la-surete-de-l-etat-l-examen-des-demandes-de-liberation-reporte","status":"publish","type":"post","link":"https:\/\/www.webdo.tn\/fr\/actualite\/national\/complot-contre-la-surete-de-l-etat-l-examen-des-demandes-de-liberation-reporte\/207084\/","title":{"rendered":"Complot contre la s\u00fbret\u00e9 de l&rsquo;Etat: L&rsquo;examen des demandes de lib\u00e9ration report\u00e9"},"content":{"rendered":"<p>La chambre de mise en accusation pr\u00e8s la Cour d&rsquo;appel de Tunis a d\u00e9cid\u00e9 de reporter l&rsquo;examen des demandes de lib\u00e9ration des personnes arr\u00eat\u00e9es dans le cadre de l&rsquo;affaire du complot contre la s\u00fbret\u00e9 de l&rsquo;Etat \u00e0 l&rsquo;audience du 13 juillet 2023.<\/p>\n<p>\t\t\t\t\t\t\t\t\tC&rsquo;est ce qu&rsquo;a rapport\u00e9 Samir Dilou, membre du comit\u00e9 de d\u00e9fense des d\u00e9tenus, sur page officielle Facebook.<\/p>\n<p>Pour rappel, le juge d&rsquo;instruction pr\u00e8s le p\u00f4le judiciaire antiterroriste a ordonn\u00e9 le 23 juin dernier la lib\u00e9ration de la dirigeante du Front de salut, Cha\u00efma A\u00efssa, arr\u00eat\u00e9e dans le cadre cette affaire depuis f\u00e9vrier 2023 avant que le parquet n&rsquo;interjette appel de la d\u00e9cision le jour m\u00eame de son prononc\u00e9.<\/p>\n<p>Les arrestations op\u00e9r\u00e9es dans le cadre de l&rsquo;affaire du complot contre la s\u00fbret\u00e9 de l&rsquo;Etat datent de f\u00e9vrier 2023 lorsqu\u2019un vaste coup de filet s\u00e9curitaire a vis\u00e9 nombre de responsables politiques de l&rsquo;opposition, des avocats, un homme d&rsquo;affaires ainsi que des personnalit\u00e9s au sein de l&rsquo;Etat.<\/p>\n<p>Les accus\u00e9s doivent r\u00e9pondre de plusieurs griefs li\u00e9s \u00e0 l&rsquo;atteinte \u00e0 la s\u00fbret\u00e9 de l&rsquo;Etat. Il s&rsquo;agit de fomenter des crises r\u00e9currentes de distribution de marchandises et de produits alimentaires et de provoquer une flamb\u00e9e des prix.<\/p>\n<p>Ces griefs sont rejet\u00e9s en bloc par l&rsquo;opposition, laquelle \u00e9voque une \u00ab\u00a0affaire mont\u00e9e de toutes pi\u00e8ces\u00a0\u00bb.<\/p>\n","protected":false},"excerpt":{"rendered":"<p>La chambre de mise en accusation pr\u00e8s la Cour d&rsquo;appel de Tunis a d\u00e9cid\u00e9 de reporter l&rsquo;examen des demandes de lib\u00e9ration des personnes arr\u00eat\u00e9es dans le cadre de&#8230;<\/p>\n","protected":false},"author":3175,"featured_media":249812,"comment_status":"open","ping_status":"closed","sticky":false,"template":"","format":"standard","meta":{"footnotes":""},"categories":[44],"tags":[5322,3784,2608],"class_list":["post-207084","post","type-post","status-publish","format-standard","has-post-thumbnail","hentry","category-national","tag-affaire","tag-complot","tag-tunisie"],"yoast_head":"<!-- This site is optimized with the Yoast SEO Premium plugin v27.5 (Yoast SEO v27.5) - https:\/\/yoast.com\/product\/yoast-seo-premium-wordpress\/ -->\n<title>Complot contre la s\u00fbret\u00e9 de l&#039;Etat: L&#039;examen des demandes de lib\u00e9ration report\u00e9<\/title>\n<meta name=\"description\" content=\"La chambre de mise en accusation pr\u00e8s la Cour d&#039;appel de Tunis a d\u00e9cid\u00e9 de reporter l&#039;examen des demandes de lib\u00e9ration des personnes arr\u00eat\u00e9es dans le cadre de...\" \/>\n<link rel=\"canonical\" href=\"https:\/\/www.webdo.tn\/fr\/actualite\/national\/complot-contre-la-surete-de-l-etat-l-examen-des-demandes-de-liberation-reporte\/207084\/\" \/>\n<meta property=\"og:locale\" content=\"fr_FR\" \/>\n<meta property=\"og:type\" content=\"article\" \/>\n<meta property=\"og:title\" content=\"Complot contre la s\u00fbret\u00e9 de l&#039;Etat: L&#039;examen des demandes de lib\u00e9ration report\u00e9\" \/>\n<meta property=\"og:description\" content=\"La chambre de mise en accusation pr\u00e8s la Cour d&#039;appel de Tunis a d\u00e9cid\u00e9 de reporter l&#039;examen des demandes de lib\u00e9ration des personnes arr\u00eat\u00e9es dans le cadre de...\" \/>\n<meta property=\"og:url\" content=\"https:\/\/www.webdo.tn\/fr\/actualite\/national\/complot-contre-la-surete-de-l-etat-l-examen-des-demandes-de-liberation-reporte\/207084\/\" \/>\n<meta property=\"og:site_name\" content=\"webdo\" \/>\n<meta property=\"article:publisher\" content=\"https:\/\/www.facebook.com\/webdotn\" \/>\n<meta property=\"article:published_time\" content=\"2023-07-07T07:36:00+00:00\" \/>\n<meta property=\"article:modified_time\" content=\"2025-05-20T22:42:26+00:00\" \/>\n<meta property=\"og:image\" content=\"https:\/\/www.webdo.tn\/fr\/wp-content\/uploads\/2023\/07\/b7a3919d63aa70f0d2f33776116892ba.jpg\" \/>\n\t<meta property=\"og:image:width\" content=\"680\" \/>\n\t<meta property=\"og:image:height\" content=\"363\" \/>\n\t<meta property=\"og:image:type\" content=\"image\/jpeg\" \/>\n<meta name=\"author\" content=\"CL\" \/>\n<meta name=\"twitter:card\" content=\"summary_large_image\" \/>\n<meta name=\"twitter:creator\" content=\"@webdo_tn\" \/>\n<meta name=\"twitter:site\" content=\"@webdo_tn\" \/>\n<meta name=\"twitter:label1\" content=\"\u00c9crit par\" \/>\n\t<meta name=\"twitter:data1\" content=\"CL\" \/>\n\t<meta name=\"twitter:label2\" content=\"Dur\u00e9e de lecture estim\u00e9e\" \/>\n\t<meta name=\"twitter:data2\" content=\"1 minute\" \/>\n<script type=\"application\/ld+json\" class=\"yoast-schema-graph\">{\"@context\":\"https:\\\/\\\/schema.org\",\"@graph\":[{\"@type\":\"NewsArticle\",\"@id\":\"https:\\\/\\\/www.webdo.tn\\\/fr\\\/actualite\\\/national\\\/complot-contre-la-surete-de-l-etat-l-examen-des-demandes-de-liberation-reporte\\\/207084\\\/#article\",\"isPartOf\":{\"@id\":\"https:\\\/\\\/www.webdo.tn\\\/fr\\\/actualite\\\/national\\\/complot-contre-la-surete-de-l-etat-l-examen-des-demandes-de-liberation-reporte\\\/207084\\\/\"},\"author\":{\"name\":\"CL\",\"@id\":\"https:\\\/\\\/www.webdo.tn\\\/fr\\\/#\\\/schema\\\/person\\\/f35b42a42c5e2511bbd282959d6385cc\"},\"headline\":\"Complot contre la s\u00fbret\u00e9 de l&rsquo;Etat: L&rsquo;examen des demandes de lib\u00e9ration report\u00e9\",\"datePublished\":\"2023-07-07T07:36:00+00:00\",\"dateModified\":\"2025-05-20T22:42:26+00:00\",\"mainEntityOfPage\":{\"@id\":\"https:\\\/\\\/www.webdo.tn\\\/fr\\\/actualite\\\/national\\\/complot-contre-la-surete-de-l-etat-l-examen-des-demandes-de-liberation-reporte\\\/207084\\\/\"},\"wordCount\":269,\"commentCount\":0,\"publisher\":{\"@id\":\"https:\\\/\\\/www.webdo.tn\\\/fr\\\/#organization\"},\"image\":{\"@id\":\"https:\\\/\\\/www.webdo.tn\\\/fr\\\/actualite\\\/national\\\/complot-contre-la-surete-de-l-etat-l-examen-des-demandes-de-liberation-reporte\\\/207084\\\/#primaryimage\"},\"thumbnailUrl\":\"https:\\\/\\\/www.webdo.tn\\\/fr\\\/wp-content\\\/uploads\\\/2023\\\/07\\\/b7a3919d63aa70f0d2f33776116892ba.jpg\",\"keywords\":[\"Affaire\",\"complot\",\"Tunisie\"],\"articleSection\":[\"National\"],\"inLanguage\":\"fr-FR\"},{\"@type\":\"WebPage\",\"@id\":\"https:\\\/\\\/www.webdo.tn\\\/fr\\\/actualite\\\/national\\\/complot-contre-la-surete-de-l-etat-l-examen-des-demandes-de-liberation-reporte\\\/207084\\\/\",\"url\":\"https:\\\/\\\/www.webdo.tn\\\/fr\\\/actualite\\\/national\\\/complot-contre-la-surete-de-l-etat-l-examen-des-demandes-de-liberation-reporte\\\/207084\\\/\",\"name\":\"Complot contre la s\u00fbret\u00e9 de l'Etat: L'examen des demandes de lib\u00e9ration report\u00e9\",\"isPartOf\":{\"@id\":\"https:\\\/\\\/www.webdo.tn\\\/fr\\\/#website\"},\"primaryImageOfPage\":{\"@id\":\"https:\\\/\\\/www.webdo.tn\\\/fr\\\/actualite\\\/national\\\/complot-contre-la-surete-de-l-etat-l-examen-des-demandes-de-liberation-reporte\\\/207084\\\/#primaryimage\"},\"image\":{\"@id\":\"https:\\\/\\\/www.webdo.tn\\\/fr\\\/actualite\\\/national\\\/complot-contre-la-surete-de-l-etat-l-examen-des-demandes-de-liberation-reporte\\\/207084\\\/#primaryimage\"},\"thumbnailUrl\":\"https:\\\/\\\/www.webdo.tn\\\/fr\\\/wp-content\\\/uploads\\\/2023\\\/07\\\/b7a3919d63aa70f0d2f33776116892ba.jpg\",\"datePublished\":\"2023-07-07T07:36:00+00:00\",\"dateModified\":\"2025-05-20T22:42:26+00:00\",\"description\":\"La chambre de mise en accusation pr\u00e8s la Cour d'appel de Tunis a d\u00e9cid\u00e9 de reporter l'examen des demandes de lib\u00e9ration des personnes arr\u00eat\u00e9es dans le cadre de...\",\"breadcrumb\":{\"@id\":\"https:\\\/\\\/www.webdo.tn\\\/fr\\\/actualite\\\/national\\\/complot-contre-la-surete-de-l-etat-l-examen-des-demandes-de-liberation-reporte\\\/207084\\\/#breadcrumb\"},\"inLanguage\":\"fr-FR\",\"potentialAction\":[{\"@type\":\"ReadAction\",\"target\":[\"https:\\\/\\\/www.webdo.tn\\\/fr\\\/actualite\\\/national\\\/complot-contre-la-surete-de-l-etat-l-examen-des-demandes-de-liberation-reporte\\\/207084\\\/\"]}]},{\"@type\":\"ImageObject\",\"inLanguage\":\"fr-FR\",\"@id\":\"https:\\\/\\\/www.webdo.tn\\\/fr\\\/actualite\\\/national\\\/complot-contre-la-surete-de-l-etat-l-examen-des-demandes-de-liberation-reporte\\\/207084\\\/#primaryimage\",\"url\":\"https:\\\/\\\/www.webdo.tn\\\/fr\\\/wp-content\\\/uploads\\\/2023\\\/07\\\/b7a3919d63aa70f0d2f33776116892ba.jpg\",\"contentUrl\":\"https:\\\/\\\/www.webdo.tn\\\/fr\\\/wp-content\\\/uploads\\\/2023\\\/07\\\/b7a3919d63aa70f0d2f33776116892ba.jpg\",\"width\":680,\"height\":363,\"caption\":\"Complot contre la s\u00fbret\u00e9 de l'Etat: L'examen des demandes de lib\u00e9ration report\u00e9\"},{\"@type\":\"BreadcrumbList\",\"@id\":\"https:\\\/\\\/www.webdo.tn\\\/fr\\\/actualite\\\/national\\\/complot-contre-la-surete-de-l-etat-l-examen-des-demandes-de-liberation-reporte\\\/207084\\\/#breadcrumb\",\"itemListElement\":[{\"@type\":\"ListItem\",\"position\":1,\"name\":\"Accueil\",\"item\":\"https:\\\/\\\/www.webdo.tn\\\/fr\\\/\"},{\"@type\":\"ListItem\",\"position\":2,\"name\":\"Complot contre la s\u00fbret\u00e9 de l&#8217;Etat: L&#8217;examen des demandes de lib\u00e9ration report\u00e9\"}]},{\"@type\":\"WebSite\",\"@id\":\"https:\\\/\\\/www.webdo.tn\\\/fr\\\/#website\",\"url\":\"https:\\\/\\\/www.webdo.tn\\\/fr\\\/\",\"name\":\"webdo\",\"description\":\"Tunisie - News en Tunisie et \u00e0 l&#039;international sur Webdo.tn\",\"publisher\":{\"@id\":\"https:\\\/\\\/www.webdo.tn\\\/fr\\\/#organization\"},\"potentialAction\":[{\"@type\":\"SearchAction\",\"target\":{\"@type\":\"EntryPoint\",\"urlTemplate\":\"https:\\\/\\\/www.webdo.tn\\\/fr\\\/?s={search_term_string}\"},\"query-input\":{\"@type\":\"PropertyValueSpecification\",\"valueRequired\":true,\"valueName\":\"search_term_string\"}}],\"inLanguage\":\"fr-FR\"},{\"@type\":\"Organization\",\"@id\":\"https:\\\/\\\/www.webdo.tn\\\/fr\\\/#organization\",\"name\":\"Webdo\",\"alternateName\":\"Webdo.tn\",\"url\":\"https:\\\/\\\/www.webdo.tn\\\/fr\\\/\",\"logo\":{\"@type\":\"ImageObject\",\"inLanguage\":\"fr-FR\",\"@id\":\"https:\\\/\\\/www.webdo.tn\\\/fr\\\/#\\\/schema\\\/logo\\\/image\\\/\",\"url\":\"https:\\\/\\\/www.webdo.tn\\\/fr\\\/wp-content\\\/uploads\\\/2025\\\/06\\\/Webdo-Tunisie_168377.jpg\",\"contentUrl\":\"https:\\\/\\\/www.webdo.tn\\\/fr\\\/wp-content\\\/uploads\\\/2025\\\/06\\\/Webdo-Tunisie_168377.jpg\",\"width\":301,\"height\":301,\"caption\":\"Webdo\"},\"image\":{\"@id\":\"https:\\\/\\\/www.webdo.tn\\\/fr\\\/#\\\/schema\\\/logo\\\/image\\\/\"},\"sameAs\":[\"https:\\\/\\\/www.facebook.com\\\/webdotn\",\"https:\\\/\\\/x.com\\\/webdo_tn\"],\"description\":\"Webdo est un m\u00e9dia num\u00e9rique tunisien fond\u00e9 en 2010, sp\u00e9cialis\u00e9 dans l\u2019actualit\u00e9 nationale et internationale, l\u2019\u00e9conomie, la soci\u00e9t\u00e9 et les analyses politiques. Le site s\u2019adresse \u00e0 un large public francophone et couvre l\u2019information tunisienne en temps r\u00e9el.\",\"email\":\"redac@webdo.tn\",\"legalName\":\"YNJ SARL\",\"foundingDate\":\"2010-09-06\",\"numberOfEmployees\":{\"@type\":\"QuantitativeValue\",\"minValue\":\"11\",\"maxValue\":\"50\"}},{\"@type\":\"Person\",\"@id\":\"https:\\\/\\\/www.webdo.tn\\\/fr\\\/#\\\/schema\\\/person\\\/f35b42a42c5e2511bbd282959d6385cc\",\"name\":\"CL\",\"image\":{\"@type\":\"ImageObject\",\"inLanguage\":\"fr-FR\",\"@id\":\"https:\\\/\\\/secure.gravatar.com\\\/avatar\\\/1447a49909b67aa657c488aec6512e1dd6143a480c1ecfee9b5b5cd74eb3b59e?s=96&d=mm&r=g\",\"url\":\"https:\\\/\\\/secure.gravatar.com\\\/avatar\\\/1447a49909b67aa657c488aec6512e1dd6143a480c1ecfee9b5b5cd74eb3b59e?s=96&d=mm&r=g\",\"contentUrl\":\"https:\\\/\\\/secure.gravatar.com\\\/avatar\\\/1447a49909b67aa657c488aec6512e1dd6143a480c1ecfee9b5b5cd74eb3b59e?s=96&d=mm&r=g\",\"caption\":\"CL\"},\"url\":\"https:\\\/\\\/www.webdo.tn\\\/fr\\\/actualite\\\/author\\\/cl\\\/\"}]}<\/script>\n<!-- \/ Yoast SEO Premium plugin. -->","yoast_head_json":{"title":"Complot contre la s\u00fbret\u00e9 de l'Etat: L'examen des demandes de lib\u00e9ration report\u00e9","description":"La chambre de mise en accusation pr\u00e8s la Cour d'appel de Tunis a d\u00e9cid\u00e9 de reporter l'examen des demandes de lib\u00e9ration des personnes arr\u00eat\u00e9es dans le cadre de...","canonical":"https:\/\/www.webdo.tn\/fr\/actualite\/national\/complot-contre-la-surete-de-l-etat-l-examen-des-demandes-de-liberation-reporte\/207084\/","og_locale":"fr_FR","og_type":"article","og_title":"Complot contre la s\u00fbret\u00e9 de l'Etat: L'examen des demandes de lib\u00e9ration report\u00e9","og_description":"La chambre de mise en accusation pr\u00e8s la Cour d'appel de Tunis a d\u00e9cid\u00e9 de reporter l'examen des demandes de lib\u00e9ration des personnes arr\u00eat\u00e9es dans le cadre de...","og_url":"https:\/\/www.webdo.tn\/fr\/actualite\/national\/complot-contre-la-surete-de-l-etat-l-examen-des-demandes-de-liberation-reporte\/207084\/","og_site_name":"webdo","article_publisher":"https:\/\/www.facebook.com\/webdotn","article_published_time":"2023-07-07T07:36:00+00:00","article_modified_time":"2025-05-20T22:42:26+00:00","og_image":[{"width":680,"height":363,"url":"https:\/\/www.webdo.tn\/fr\/wp-content\/uploads\/2023\/07\/b7a3919d63aa70f0d2f33776116892ba.jpg","type":"image\/jpeg"}],"author":"CL","twitter_card":"summary_large_image","twitter_creator":"@webdo_tn","twitter_site":"@webdo_tn","twitter_misc":{"\u00c9crit par":"CL","Dur\u00e9e de lecture estim\u00e9e":"1 minute"},"schema":{"@context":"https:\/\/schema.org","@graph":[{"@type":"NewsArticle","@id":"https:\/\/www.webdo.tn\/fr\/actualite\/national\/complot-contre-la-surete-de-l-etat-l-examen-des-demandes-de-liberation-reporte\/207084\/#article","isPartOf":{"@id":"https:\/\/www.webdo.tn\/fr\/actualite\/national\/complot-contre-la-surete-de-l-etat-l-examen-des-demandes-de-liberation-reporte\/207084\/"},"author":{"name":"CL","@id":"https:\/\/www.webdo.tn\/fr\/#\/schema\/person\/f35b42a42c5e2511bbd282959d6385cc"},"headline":"Complot contre la s\u00fbret\u00e9 de l&rsquo;Etat: L&rsquo;examen des demandes de lib\u00e9ration report\u00e9","datePublished":"2023-07-07T07:36:00+00:00","dateModified":"2025-05-20T22:42:26+00:00","mainEntityOfPage":{"@id":"https:\/\/www.webdo.tn\/fr\/actualite\/national\/complot-contre-la-surete-de-l-etat-l-examen-des-demandes-de-liberation-reporte\/207084\/"},"wordCount":269,"commentCount":0,"publisher":{"@id":"https:\/\/www.webdo.tn\/fr\/#organization"},"image":{"@id":"https:\/\/www.webdo.tn\/fr\/actualite\/national\/complot-contre-la-surete-de-l-etat-l-examen-des-demandes-de-liberation-reporte\/207084\/#primaryimage"},"thumbnailUrl":"https:\/\/www.webdo.tn\/fr\/wp-content\/uploads\/2023\/07\/b7a3919d63aa70f0d2f33776116892ba.jpg","keywords":["Affaire","complot","Tunisie"],"articleSection":["National"],"inLanguage":"fr-FR"},{"@type":"WebPage","@id":"https:\/\/www.webdo.tn\/fr\/actualite\/national\/complot-contre-la-surete-de-l-etat-l-examen-des-demandes-de-liberation-reporte\/207084\/","url":"https:\/\/www.webdo.tn\/fr\/actualite\/national\/complot-contre-la-surete-de-l-etat-l-examen-des-demandes-de-liberation-reporte\/207084\/","name":"Complot contre la s\u00fbret\u00e9 de l'Etat: L'examen des demandes de lib\u00e9ration report\u00e9","isPartOf":{"@id":"https:\/\/www.webdo.tn\/fr\/#website"},"primaryImageOfPage":{"@id":"https:\/\/www.webdo.tn\/fr\/actualite\/national\/complot-contre-la-surete-de-l-etat-l-examen-des-demandes-de-liberation-reporte\/207084\/#primaryimage"},"image":{"@id":"https:\/\/www.webdo.tn\/fr\/actualite\/national\/complot-contre-la-surete-de-l-etat-l-examen-des-demandes-de-liberation-reporte\/207084\/#primaryimage"},"thumbnailUrl":"https:\/\/www.webdo.tn\/fr\/wp-content\/uploads\/2023\/07\/b7a3919d63aa70f0d2f33776116892ba.jpg","datePublished":"2023-07-07T07:36:00+00:00","dateModified":"2025-05-20T22:42:26+00:00","description":"La chambre de mise en accusation pr\u00e8s la Cour d'appel de Tunis a d\u00e9cid\u00e9 de reporter l'examen des demandes de lib\u00e9ration des personnes arr\u00eat\u00e9es dans le cadre de...","breadcrumb":{"@id":"https:\/\/www.webdo.tn\/fr\/actualite\/national\/complot-contre-la-surete-de-l-etat-l-examen-des-demandes-de-liberation-reporte\/207084\/#breadcrumb"},"inLanguage":"fr-FR","potentialAction":[{"@type":"ReadAction","target":["https:\/\/www.webdo.tn\/fr\/actualite\/national\/complot-contre-la-surete-de-l-etat-l-examen-des-demandes-de-liberation-reporte\/207084\/"]}]},{"@type":"ImageObject","inLanguage":"fr-FR","@id":"https:\/\/www.webdo.tn\/fr\/actualite\/national\/complot-contre-la-surete-de-l-etat-l-examen-des-demandes-de-liberation-reporte\/207084\/#primaryimage","url":"https:\/\/www.webdo.tn\/fr\/wp-content\/uploads\/2023\/07\/b7a3919d63aa70f0d2f33776116892ba.jpg","contentUrl":"https:\/\/www.webdo.tn\/fr\/wp-content\/uploads\/2023\/07\/b7a3919d63aa70f0d2f33776116892ba.jpg","width":680,"height":363,"caption":"Complot contre la s\u00fbret\u00e9 de l'Etat: L'examen des demandes de lib\u00e9ration report\u00e9"},{"@type":"BreadcrumbList","@id":"https:\/\/www.webdo.tn\/fr\/actualite\/national\/complot-contre-la-surete-de-l-etat-l-examen-des-demandes-de-liberation-reporte\/207084\/#breadcrumb","itemListElement":[{"@type":"ListItem","position":1,"name":"Accueil","item":"https:\/\/www.webdo.tn\/fr\/"},{"@type":"ListItem","position":2,"name":"Complot contre la s\u00fbret\u00e9 de l&#8217;Etat: L&#8217;examen des demandes de lib\u00e9ration report\u00e9"}]},{"@type":"WebSite","@id":"https:\/\/www.webdo.tn\/fr\/#website","url":"https:\/\/www.webdo.tn\/fr\/","name":"webdo","description":"Tunisie - News en Tunisie et \u00e0 l&#039;international sur Webdo.tn","publisher":{"@id":"https:\/\/www.webdo.tn\/fr\/#organization"},"potentialAction":[{"@type":"SearchAction","target":{"@type":"EntryPoint","urlTemplate":"https:\/\/www.webdo.tn\/fr\/?s={search_term_string}"},"query-input":{"@type":"PropertyValueSpecification","valueRequired":true,"valueName":"search_term_string"}}],"inLanguage":"fr-FR"},{"@type":"Organization","@id":"https:\/\/www.webdo.tn\/fr\/#organization","name":"Webdo","alternateName":"Webdo.tn","url":"https:\/\/www.webdo.tn\/fr\/","logo":{"@type":"ImageObject","inLanguage":"fr-FR","@id":"https:\/\/www.webdo.tn\/fr\/#\/schema\/logo\/image\/","url":"https:\/\/www.webdo.tn\/fr\/wp-content\/uploads\/2025\/06\/Webdo-Tunisie_168377.jpg","contentUrl":"https:\/\/www.webdo.tn\/fr\/wp-content\/uploads\/2025\/06\/Webdo-Tunisie_168377.jpg","width":301,"height":301,"caption":"Webdo"},"image":{"@id":"https:\/\/www.webdo.tn\/fr\/#\/schema\/logo\/image\/"},"sameAs":["https:\/\/www.facebook.com\/webdotn","https:\/\/x.com\/webdo_tn"],"description":"Webdo est un m\u00e9dia num\u00e9rique tunisien fond\u00e9 en 2010, sp\u00e9cialis\u00e9 dans l\u2019actualit\u00e9 nationale et internationale, l\u2019\u00e9conomie, la soci\u00e9t\u00e9 et les analyses politiques. Le site s\u2019adresse \u00e0 un large public francophone et couvre l\u2019information tunisienne en temps r\u00e9el.","email":"redac@webdo.tn","legalName":"YNJ SARL","foundingDate":"2010-09-06","numberOfEmployees":{"@type":"QuantitativeValue","minValue":"11","maxValue":"50"}},{"@type":"Person","@id":"https:\/\/www.webdo.tn\/fr\/#\/schema\/person\/f35b42a42c5e2511bbd282959d6385cc","name":"CL","image":{"@type":"ImageObject","inLanguage":"fr-FR","@id":"https:\/\/secure.gravatar.com\/avatar\/1447a49909b67aa657c488aec6512e1dd6143a480c1ecfee9b5b5cd74eb3b59e?s=96&d=mm&r=g","url":"https:\/\/secure.gravatar.com\/avatar\/1447a49909b67aa657c488aec6512e1dd6143a480c1ecfee9b5b5cd74eb3b59e?s=96&d=mm&r=g","contentUrl":"https:\/\/secure.gravatar.com\/avatar\/1447a49909b67aa657c488aec6512e1dd6143a480c1ecfee9b5b5cd74eb3b59e?s=96&d=mm&r=g","caption":"CL"},"url":"https:\/\/www.webdo.tn\/fr\/actualite\/author\/cl\/"}]}},"_links":{"self":[{"href":"https:\/\/www.webdo.tn\/fr\/wp-json\/wp\/v2\/posts\/207084","targetHints":{"allow":["GET"]}}],"collection":[{"href":"https:\/\/www.webdo.tn\/fr\/wp-json\/wp\/v2\/posts"}],"about":[{"href":"https:\/\/www.webdo.tn\/fr\/wp-json\/wp\/v2\/types\/post"}],"author":[{"embeddable":true,"href":"https:\/\/www.webdo.tn\/fr\/wp-json\/wp\/v2\/users\/3175"}],"replies":[{"embeddable":true,"href":"https:\/\/www.webdo.tn\/fr\/wp-json\/wp\/v2\/comments?post=207084"}],"version-history":[{"count":0,"href":"https:\/\/www.webdo.tn\/fr\/wp-json\/wp\/v2\/posts\/207084\/revisions"}],"wp:featuredmedia":[{"embeddable":true,"href":"https:\/\/www.webdo.tn\/fr\/wp-json\/wp\/v2\/media\/249812"}],"wp:attachment":[{"href":"https:\/\/www.webdo.tn\/fr\/wp-json\/wp\/v2\/media?parent=207084"}],"wp:term":[{"taxonomy":"category","embeddable":true,"href":"https:\/\/www.webdo.tn\/fr\/wp-json\/wp\/v2\/categories?post=207084"},{"taxonomy":"post_tag","embeddable":true,"href":"https:\/\/www.webdo.tn\/fr\/wp-json\/wp\/v2\/tags?post=207084"}],"curies":[{"name":"wp","href":"https:\/\/api.w.org\/{rel}","templated":true}]}}