{"id":207083,"date":"2023-07-07T07:31:00","date_gmt":"2023-07-07T07:31:00","guid":{"rendered":"https:\/\/www.webdo.tn\/fr\/blog\/la-situation-securitaire-a-sfax-et-sbeitla-au-centre-d-un-entretien-bouden-feki\/207083\/"},"modified":"2025-05-20T22:42:26","modified_gmt":"2025-05-20T22:42:26","slug":"la-situation-securitaire-a-sfax-et-sbeitla-au-centre-d-un-entretien-bouden-feki","status":"publish","type":"post","link":"https:\/\/www.webdo.tn\/fr\/actualite\/national\/la-situation-securitaire-a-sfax-et-sbeitla-au-centre-d-un-entretien-bouden-feki\/207083\/","title":{"rendered":"La situation s\u00e9curitaire \u00e0 Sfax et Sbe\u00eftla au centre d&rsquo;un entretien Bouden-Feki"},"content":{"rendered":"<p>La situation s\u00e9curitaire dans le pays, particuli\u00e8rement \u00e0 Sfax et Sbe\u00eftla (Kasserine), a \u00e9t\u00e9 au centre d&rsquo;un entretien, jeudi, \u00e0 la Kasbah entre la cheffe du gouvernement Najla Bouden et le ministre de l&rsquo;Int\u00e9rieur Kamel Feki, selon un bref communiqu\u00e9 publi\u00e9 par la pr\u00e9sidence du gouvernement.<\/p>\n<p>\t\t\t\t\t\t\t\t\tUne r\u00e9union qui se tient sur fond des affrontements qui ont \u00e9clat\u00e9, depuis quelques jours, entre habitants et migrants subsahariens \u00e0 Sfax. Lundi, suite au meurtre \u00e0 coup de couteau, d&rsquo; un habitant de la r\u00e9gion, trois suspects ont \u00e9t\u00e9 interpell\u00e9s et une information judiciaire \u00e9t\u00e9 ouverte.<\/p>\n<p>Dans la d\u00e9l\u00e9gation de Sbe\u00eftla des heurts ont \u00e9clat\u00e9 entre policiers et un groupe d&rsquo;individus qui a, selon le r\u00e9cit du d\u00e9partement de l&rsquo;Int\u00e9rieur, attaqu\u00e9 une patrouille s\u00e9curitaire \u00e0 coup de fusils de chasse et de jets pierres. Une personne a \u00e9t\u00e9 mortellement touch\u00e9e par balle lors de l&rsquo;accrochage et une autre bless\u00e9e \u00e0 la chevrotine.<\/p>\n","protected":false},"excerpt":{"rendered":"<p>La situation s\u00e9curitaire dans le pays, particuli\u00e8rement \u00e0 Sfax et Sbe\u00eftla (Kasserine), a \u00e9t\u00e9 au centre d&rsquo;un entretien, jeudi, \u00e0 la Kasbah entre la cheffe du gou&#8230;<\/p>\n","protected":false},"author":3175,"featured_media":249810,"comment_status":"open","ping_status":"closed","sticky":false,"template":"","format":"standard","meta":{"footnotes":""},"categories":[44],"tags":[7230,2675,2608],"class_list":["post-207083","post","type-post","status-publish","format-standard","has-post-thumbnail","hentry","category-national","tag-sbeitla","tag-sfax","tag-tunisie"],"yoast_head":"<!-- This site is optimized with the Yoast SEO Premium plugin v27.4 (Yoast SEO v27.5) - https:\/\/yoast.com\/product\/yoast-seo-premium-wordpress\/ -->\n<title>La situation s\u00e9curitaire \u00e0 Sfax et Sbe\u00eftla au centre d&#039;un entretien Bouden-Feki<\/title>\n<meta name=\"description\" content=\"La situation s\u00e9curitaire dans le pays, particuli\u00e8rement \u00e0 Sfax et Sbe\u00eftla (Kasserine), a \u00e9t\u00e9 au centre d&#039;un entretien, jeudi, \u00e0 la Kasbah entre la cheffe du gou...\" \/>\n<link rel=\"canonical\" href=\"https:\/\/www.webdo.tn\/fr\/actualite\/national\/la-situation-securitaire-a-sfax-et-sbeitla-au-centre-d-un-entretien-bouden-feki\/207083\/\" \/>\n<meta property=\"og:locale\" content=\"fr_FR\" \/>\n<meta property=\"og:type\" content=\"article\" \/>\n<meta property=\"og:title\" content=\"La situation s\u00e9curitaire \u00e0 Sfax et Sbe\u00eftla au centre d&#039;un entretien Bouden-Feki\" \/>\n<meta property=\"og:description\" content=\"La situation s\u00e9curitaire dans le pays, particuli\u00e8rement \u00e0 Sfax et Sbe\u00eftla (Kasserine), a \u00e9t\u00e9 au centre d&#039;un entretien, jeudi, \u00e0 la Kasbah entre la cheffe du gou...\" \/>\n<meta property=\"og:url\" content=\"https:\/\/www.webdo.tn\/fr\/actualite\/national\/la-situation-securitaire-a-sfax-et-sbeitla-au-centre-d-un-entretien-bouden-feki\/207083\/\" \/>\n<meta property=\"og:site_name\" content=\"webdo\" \/>\n<meta property=\"article:publisher\" content=\"https:\/\/www.facebook.com\/webdotn\" \/>\n<meta property=\"article:published_time\" content=\"2023-07-07T07:31:00+00:00\" \/>\n<meta property=\"article:modified_time\" content=\"2025-05-20T22:42:26+00:00\" \/>\n<meta property=\"og:image\" content=\"https:\/\/www.webdo.tn\/fr\/wp-content\/uploads\/2023\/07\/3855098406fa6b7bcde5c324bc7df258.jpg\" \/>\n\t<meta property=\"og:image:width\" content=\"750\" \/>\n\t<meta property=\"og:image:height\" content=\"400\" \/>\n\t<meta property=\"og:image:type\" content=\"image\/jpeg\" \/>\n<meta name=\"author\" content=\"CL\" \/>\n<meta name=\"twitter:card\" content=\"summary_large_image\" \/>\n<meta name=\"twitter:creator\" content=\"@webdo_tn\" \/>\n<meta name=\"twitter:site\" content=\"@webdo_tn\" \/>\n<meta name=\"twitter:label1\" content=\"\u00c9crit par\" \/>\n\t<meta name=\"twitter:data1\" content=\"CL\" \/>\n\t<meta name=\"twitter:label2\" content=\"Dur\u00e9e de lecture estim\u00e9e\" \/>\n\t<meta name=\"twitter:data2\" content=\"1 minute\" \/>\n<script type=\"application\/ld+json\" class=\"yoast-schema-graph\">{\"@context\":\"https:\\\/\\\/schema.org\",\"@graph\":[{\"@type\":\"NewsArticle\",\"@id\":\"https:\\\/\\\/www.webdo.tn\\\/fr\\\/actualite\\\/national\\\/la-situation-securitaire-a-sfax-et-sbeitla-au-centre-d-un-entretien-bouden-feki\\\/207083\\\/#article\",\"isPartOf\":{\"@id\":\"https:\\\/\\\/www.webdo.tn\\\/fr\\\/actualite\\\/national\\\/la-situation-securitaire-a-sfax-et-sbeitla-au-centre-d-un-entretien-bouden-feki\\\/207083\\\/\"},\"author\":{\"name\":\"CL\",\"@id\":\"https:\\\/\\\/www.webdo.tn\\\/fr\\\/#\\\/schema\\\/person\\\/f35b42a42c5e2511bbd282959d6385cc\"},\"headline\":\"La situation s\u00e9curitaire \u00e0 Sfax et Sbe\u00eftla au centre d&rsquo;un entretien Bouden-Feki\",\"datePublished\":\"2023-07-07T07:31:00+00:00\",\"dateModified\":\"2025-05-20T22:42:26+00:00\",\"mainEntityOfPage\":{\"@id\":\"https:\\\/\\\/www.webdo.tn\\\/fr\\\/actualite\\\/national\\\/la-situation-securitaire-a-sfax-et-sbeitla-au-centre-d-un-entretien-bouden-feki\\\/207083\\\/\"},\"wordCount\":179,\"commentCount\":0,\"publisher\":{\"@id\":\"https:\\\/\\\/www.webdo.tn\\\/fr\\\/#organization\"},\"image\":{\"@id\":\"https:\\\/\\\/www.webdo.tn\\\/fr\\\/actualite\\\/national\\\/la-situation-securitaire-a-sfax-et-sbeitla-au-centre-d-un-entretien-bouden-feki\\\/207083\\\/#primaryimage\"},\"thumbnailUrl\":\"https:\\\/\\\/www.webdo.tn\\\/fr\\\/wp-content\\\/uploads\\\/2023\\\/07\\\/3855098406fa6b7bcde5c324bc7df258.jpg\",\"keywords\":[\"Sb\u00e9itla\",\"Sfax\",\"Tunisie\"],\"articleSection\":[\"National\"],\"inLanguage\":\"fr-FR\"},{\"@type\":\"WebPage\",\"@id\":\"https:\\\/\\\/www.webdo.tn\\\/fr\\\/actualite\\\/national\\\/la-situation-securitaire-a-sfax-et-sbeitla-au-centre-d-un-entretien-bouden-feki\\\/207083\\\/\",\"url\":\"https:\\\/\\\/www.webdo.tn\\\/fr\\\/actualite\\\/national\\\/la-situation-securitaire-a-sfax-et-sbeitla-au-centre-d-un-entretien-bouden-feki\\\/207083\\\/\",\"name\":\"La situation s\u00e9curitaire \u00e0 Sfax et Sbe\u00eftla au centre d'un entretien Bouden-Feki\",\"isPartOf\":{\"@id\":\"https:\\\/\\\/www.webdo.tn\\\/fr\\\/#website\"},\"primaryImageOfPage\":{\"@id\":\"https:\\\/\\\/www.webdo.tn\\\/fr\\\/actualite\\\/national\\\/la-situation-securitaire-a-sfax-et-sbeitla-au-centre-d-un-entretien-bouden-feki\\\/207083\\\/#primaryimage\"},\"image\":{\"@id\":\"https:\\\/\\\/www.webdo.tn\\\/fr\\\/actualite\\\/national\\\/la-situation-securitaire-a-sfax-et-sbeitla-au-centre-d-un-entretien-bouden-feki\\\/207083\\\/#primaryimage\"},\"thumbnailUrl\":\"https:\\\/\\\/www.webdo.tn\\\/fr\\\/wp-content\\\/uploads\\\/2023\\\/07\\\/3855098406fa6b7bcde5c324bc7df258.jpg\",\"datePublished\":\"2023-07-07T07:31:00+00:00\",\"dateModified\":\"2025-05-20T22:42:26+00:00\",\"description\":\"La situation s\u00e9curitaire dans le pays, particuli\u00e8rement \u00e0 Sfax et Sbe\u00eftla (Kasserine), a \u00e9t\u00e9 au centre d'un entretien, jeudi, \u00e0 la Kasbah entre la cheffe du gou...\",\"breadcrumb\":{\"@id\":\"https:\\\/\\\/www.webdo.tn\\\/fr\\\/actualite\\\/national\\\/la-situation-securitaire-a-sfax-et-sbeitla-au-centre-d-un-entretien-bouden-feki\\\/207083\\\/#breadcrumb\"},\"inLanguage\":\"fr-FR\",\"potentialAction\":[{\"@type\":\"ReadAction\",\"target\":[\"https:\\\/\\\/www.webdo.tn\\\/fr\\\/actualite\\\/national\\\/la-situation-securitaire-a-sfax-et-sbeitla-au-centre-d-un-entretien-bouden-feki\\\/207083\\\/\"]}]},{\"@type\":\"ImageObject\",\"inLanguage\":\"fr-FR\",\"@id\":\"https:\\\/\\\/www.webdo.tn\\\/fr\\\/actualite\\\/national\\\/la-situation-securitaire-a-sfax-et-sbeitla-au-centre-d-un-entretien-bouden-feki\\\/207083\\\/#primaryimage\",\"url\":\"https:\\\/\\\/www.webdo.tn\\\/fr\\\/wp-content\\\/uploads\\\/2023\\\/07\\\/3855098406fa6b7bcde5c324bc7df258.jpg\",\"contentUrl\":\"https:\\\/\\\/www.webdo.tn\\\/fr\\\/wp-content\\\/uploads\\\/2023\\\/07\\\/3855098406fa6b7bcde5c324bc7df258.jpg\",\"width\":750,\"height\":400,\"caption\":\"La situation s\u00e9curitaire \u00e0 Sfax et Sbe\u00eftla au centre d'un entretien Bouden-Feki\"},{\"@type\":\"BreadcrumbList\",\"@id\":\"https:\\\/\\\/www.webdo.tn\\\/fr\\\/actualite\\\/national\\\/la-situation-securitaire-a-sfax-et-sbeitla-au-centre-d-un-entretien-bouden-feki\\\/207083\\\/#breadcrumb\",\"itemListElement\":[{\"@type\":\"ListItem\",\"position\":1,\"name\":\"Accueil\",\"item\":\"https:\\\/\\\/www.webdo.tn\\\/fr\\\/\"},{\"@type\":\"ListItem\",\"position\":2,\"name\":\"La situation s\u00e9curitaire \u00e0 Sfax et Sbe\u00eftla au centre d&#8217;un entretien Bouden-Feki\"}]},{\"@type\":\"WebSite\",\"@id\":\"https:\\\/\\\/www.webdo.tn\\\/fr\\\/#website\",\"url\":\"https:\\\/\\\/www.webdo.tn\\\/fr\\\/\",\"name\":\"webdo\",\"description\":\"Tunisie - News en Tunisie et \u00e0 l&#039;international sur Webdo.tn\",\"publisher\":{\"@id\":\"https:\\\/\\\/www.webdo.tn\\\/fr\\\/#organization\"},\"potentialAction\":[{\"@type\":\"SearchAction\",\"target\":{\"@type\":\"EntryPoint\",\"urlTemplate\":\"https:\\\/\\\/www.webdo.tn\\\/fr\\\/?s={search_term_string}\"},\"query-input\":{\"@type\":\"PropertyValueSpecification\",\"valueRequired\":true,\"valueName\":\"search_term_string\"}}],\"inLanguage\":\"fr-FR\"},{\"@type\":\"Organization\",\"@id\":\"https:\\\/\\\/www.webdo.tn\\\/fr\\\/#organization\",\"name\":\"Webdo\",\"alternateName\":\"Webdo.tn\",\"url\":\"https:\\\/\\\/www.webdo.tn\\\/fr\\\/\",\"logo\":{\"@type\":\"ImageObject\",\"inLanguage\":\"fr-FR\",\"@id\":\"https:\\\/\\\/www.webdo.tn\\\/fr\\\/#\\\/schema\\\/logo\\\/image\\\/\",\"url\":\"https:\\\/\\\/www.webdo.tn\\\/fr\\\/wp-content\\\/uploads\\\/2025\\\/06\\\/Webdo-Tunisie_168377.jpg\",\"contentUrl\":\"https:\\\/\\\/www.webdo.tn\\\/fr\\\/wp-content\\\/uploads\\\/2025\\\/06\\\/Webdo-Tunisie_168377.jpg\",\"width\":301,\"height\":301,\"caption\":\"Webdo\"},\"image\":{\"@id\":\"https:\\\/\\\/www.webdo.tn\\\/fr\\\/#\\\/schema\\\/logo\\\/image\\\/\"},\"sameAs\":[\"https:\\\/\\\/www.facebook.com\\\/webdotn\",\"https:\\\/\\\/x.com\\\/webdo_tn\"],\"description\":\"Webdo est un m\u00e9dia num\u00e9rique tunisien fond\u00e9 en 2010, sp\u00e9cialis\u00e9 dans l\u2019actualit\u00e9 nationale et internationale, l\u2019\u00e9conomie, la soci\u00e9t\u00e9 et les analyses politiques. Le site s\u2019adresse \u00e0 un large public francophone et couvre l\u2019information tunisienne en temps r\u00e9el.\",\"email\":\"redac@webdo.tn\",\"legalName\":\"YNJ SARL\",\"foundingDate\":\"2010-09-06\",\"numberOfEmployees\":{\"@type\":\"QuantitativeValue\",\"minValue\":\"11\",\"maxValue\":\"50\"}},{\"@type\":\"Person\",\"@id\":\"https:\\\/\\\/www.webdo.tn\\\/fr\\\/#\\\/schema\\\/person\\\/f35b42a42c5e2511bbd282959d6385cc\",\"name\":\"CL\",\"image\":{\"@type\":\"ImageObject\",\"inLanguage\":\"fr-FR\",\"@id\":\"https:\\\/\\\/secure.gravatar.com\\\/avatar\\\/1447a49909b67aa657c488aec6512e1dd6143a480c1ecfee9b5b5cd74eb3b59e?s=96&d=mm&r=g\",\"url\":\"https:\\\/\\\/secure.gravatar.com\\\/avatar\\\/1447a49909b67aa657c488aec6512e1dd6143a480c1ecfee9b5b5cd74eb3b59e?s=96&d=mm&r=g\",\"contentUrl\":\"https:\\\/\\\/secure.gravatar.com\\\/avatar\\\/1447a49909b67aa657c488aec6512e1dd6143a480c1ecfee9b5b5cd74eb3b59e?s=96&d=mm&r=g\",\"caption\":\"CL\"},\"url\":\"https:\\\/\\\/www.webdo.tn\\\/fr\\\/actualite\\\/author\\\/cl\\\/\"}]}<\/script>\n<!-- \/ Yoast SEO Premium plugin. -->","yoast_head_json":{"title":"La situation s\u00e9curitaire \u00e0 Sfax et Sbe\u00eftla au centre d'un entretien Bouden-Feki","description":"La situation s\u00e9curitaire dans le pays, particuli\u00e8rement \u00e0 Sfax et Sbe\u00eftla (Kasserine), a \u00e9t\u00e9 au centre d'un entretien, jeudi, \u00e0 la Kasbah entre la cheffe du gou...","canonical":"https:\/\/www.webdo.tn\/fr\/actualite\/national\/la-situation-securitaire-a-sfax-et-sbeitla-au-centre-d-un-entretien-bouden-feki\/207083\/","og_locale":"fr_FR","og_type":"article","og_title":"La situation s\u00e9curitaire \u00e0 Sfax et Sbe\u00eftla au centre d'un entretien Bouden-Feki","og_description":"La situation s\u00e9curitaire dans le pays, particuli\u00e8rement \u00e0 Sfax et Sbe\u00eftla (Kasserine), a \u00e9t\u00e9 au centre d'un entretien, jeudi, \u00e0 la Kasbah entre la cheffe du gou...","og_url":"https:\/\/www.webdo.tn\/fr\/actualite\/national\/la-situation-securitaire-a-sfax-et-sbeitla-au-centre-d-un-entretien-bouden-feki\/207083\/","og_site_name":"webdo","article_publisher":"https:\/\/www.facebook.com\/webdotn","article_published_time":"2023-07-07T07:31:00+00:00","article_modified_time":"2025-05-20T22:42:26+00:00","og_image":[{"width":750,"height":400,"url":"https:\/\/www.webdo.tn\/fr\/wp-content\/uploads\/2023\/07\/3855098406fa6b7bcde5c324bc7df258.jpg","type":"image\/jpeg"}],"author":"CL","twitter_card":"summary_large_image","twitter_creator":"@webdo_tn","twitter_site":"@webdo_tn","twitter_misc":{"\u00c9crit par":"CL","Dur\u00e9e de lecture estim\u00e9e":"1 minute"},"schema":{"@context":"https:\/\/schema.org","@graph":[{"@type":"NewsArticle","@id":"https:\/\/www.webdo.tn\/fr\/actualite\/national\/la-situation-securitaire-a-sfax-et-sbeitla-au-centre-d-un-entretien-bouden-feki\/207083\/#article","isPartOf":{"@id":"https:\/\/www.webdo.tn\/fr\/actualite\/national\/la-situation-securitaire-a-sfax-et-sbeitla-au-centre-d-un-entretien-bouden-feki\/207083\/"},"author":{"name":"CL","@id":"https:\/\/www.webdo.tn\/fr\/#\/schema\/person\/f35b42a42c5e2511bbd282959d6385cc"},"headline":"La situation s\u00e9curitaire \u00e0 Sfax et Sbe\u00eftla au centre d&rsquo;un entretien Bouden-Feki","datePublished":"2023-07-07T07:31:00+00:00","dateModified":"2025-05-20T22:42:26+00:00","mainEntityOfPage":{"@id":"https:\/\/www.webdo.tn\/fr\/actualite\/national\/la-situation-securitaire-a-sfax-et-sbeitla-au-centre-d-un-entretien-bouden-feki\/207083\/"},"wordCount":179,"commentCount":0,"publisher":{"@id":"https:\/\/www.webdo.tn\/fr\/#organization"},"image":{"@id":"https:\/\/www.webdo.tn\/fr\/actualite\/national\/la-situation-securitaire-a-sfax-et-sbeitla-au-centre-d-un-entretien-bouden-feki\/207083\/#primaryimage"},"thumbnailUrl":"https:\/\/www.webdo.tn\/fr\/wp-content\/uploads\/2023\/07\/3855098406fa6b7bcde5c324bc7df258.jpg","keywords":["Sb\u00e9itla","Sfax","Tunisie"],"articleSection":["National"],"inLanguage":"fr-FR"},{"@type":"WebPage","@id":"https:\/\/www.webdo.tn\/fr\/actualite\/national\/la-situation-securitaire-a-sfax-et-sbeitla-au-centre-d-un-entretien-bouden-feki\/207083\/","url":"https:\/\/www.webdo.tn\/fr\/actualite\/national\/la-situation-securitaire-a-sfax-et-sbeitla-au-centre-d-un-entretien-bouden-feki\/207083\/","name":"La situation s\u00e9curitaire \u00e0 Sfax et Sbe\u00eftla au centre d'un entretien Bouden-Feki","isPartOf":{"@id":"https:\/\/www.webdo.tn\/fr\/#website"},"primaryImageOfPage":{"@id":"https:\/\/www.webdo.tn\/fr\/actualite\/national\/la-situation-securitaire-a-sfax-et-sbeitla-au-centre-d-un-entretien-bouden-feki\/207083\/#primaryimage"},"image":{"@id":"https:\/\/www.webdo.tn\/fr\/actualite\/national\/la-situation-securitaire-a-sfax-et-sbeitla-au-centre-d-un-entretien-bouden-feki\/207083\/#primaryimage"},"thumbnailUrl":"https:\/\/www.webdo.tn\/fr\/wp-content\/uploads\/2023\/07\/3855098406fa6b7bcde5c324bc7df258.jpg","datePublished":"2023-07-07T07:31:00+00:00","dateModified":"2025-05-20T22:42:26+00:00","description":"La situation s\u00e9curitaire dans le pays, particuli\u00e8rement \u00e0 Sfax et Sbe\u00eftla (Kasserine), a \u00e9t\u00e9 au centre d'un entretien, jeudi, \u00e0 la Kasbah entre la cheffe du gou...","breadcrumb":{"@id":"https:\/\/www.webdo.tn\/fr\/actualite\/national\/la-situation-securitaire-a-sfax-et-sbeitla-au-centre-d-un-entretien-bouden-feki\/207083\/#breadcrumb"},"inLanguage":"fr-FR","potentialAction":[{"@type":"ReadAction","target":["https:\/\/www.webdo.tn\/fr\/actualite\/national\/la-situation-securitaire-a-sfax-et-sbeitla-au-centre-d-un-entretien-bouden-feki\/207083\/"]}]},{"@type":"ImageObject","inLanguage":"fr-FR","@id":"https:\/\/www.webdo.tn\/fr\/actualite\/national\/la-situation-securitaire-a-sfax-et-sbeitla-au-centre-d-un-entretien-bouden-feki\/207083\/#primaryimage","url":"https:\/\/www.webdo.tn\/fr\/wp-content\/uploads\/2023\/07\/3855098406fa6b7bcde5c324bc7df258.jpg","contentUrl":"https:\/\/www.webdo.tn\/fr\/wp-content\/uploads\/2023\/07\/3855098406fa6b7bcde5c324bc7df258.jpg","width":750,"height":400,"caption":"La situation s\u00e9curitaire \u00e0 Sfax et Sbe\u00eftla au centre d'un entretien Bouden-Feki"},{"@type":"BreadcrumbList","@id":"https:\/\/www.webdo.tn\/fr\/actualite\/national\/la-situation-securitaire-a-sfax-et-sbeitla-au-centre-d-un-entretien-bouden-feki\/207083\/#breadcrumb","itemListElement":[{"@type":"ListItem","position":1,"name":"Accueil","item":"https:\/\/www.webdo.tn\/fr\/"},{"@type":"ListItem","position":2,"name":"La situation s\u00e9curitaire \u00e0 Sfax et Sbe\u00eftla au centre d&#8217;un entretien Bouden-Feki"}]},{"@type":"WebSite","@id":"https:\/\/www.webdo.tn\/fr\/#website","url":"https:\/\/www.webdo.tn\/fr\/","name":"webdo","description":"Tunisie - News en Tunisie et \u00e0 l&#039;international sur Webdo.tn","publisher":{"@id":"https:\/\/www.webdo.tn\/fr\/#organization"},"potentialAction":[{"@type":"SearchAction","target":{"@type":"EntryPoint","urlTemplate":"https:\/\/www.webdo.tn\/fr\/?s={search_term_string}"},"query-input":{"@type":"PropertyValueSpecification","valueRequired":true,"valueName":"search_term_string"}}],"inLanguage":"fr-FR"},{"@type":"Organization","@id":"https:\/\/www.webdo.tn\/fr\/#organization","name":"Webdo","alternateName":"Webdo.tn","url":"https:\/\/www.webdo.tn\/fr\/","logo":{"@type":"ImageObject","inLanguage":"fr-FR","@id":"https:\/\/www.webdo.tn\/fr\/#\/schema\/logo\/image\/","url":"https:\/\/www.webdo.tn\/fr\/wp-content\/uploads\/2025\/06\/Webdo-Tunisie_168377.jpg","contentUrl":"https:\/\/www.webdo.tn\/fr\/wp-content\/uploads\/2025\/06\/Webdo-Tunisie_168377.jpg","width":301,"height":301,"caption":"Webdo"},"image":{"@id":"https:\/\/www.webdo.tn\/fr\/#\/schema\/logo\/image\/"},"sameAs":["https:\/\/www.facebook.com\/webdotn","https:\/\/x.com\/webdo_tn"],"description":"Webdo est un m\u00e9dia num\u00e9rique tunisien fond\u00e9 en 2010, sp\u00e9cialis\u00e9 dans l\u2019actualit\u00e9 nationale et internationale, l\u2019\u00e9conomie, la soci\u00e9t\u00e9 et les analyses politiques. Le site s\u2019adresse \u00e0 un large public francophone et couvre l\u2019information tunisienne en temps r\u00e9el.","email":"redac@webdo.tn","legalName":"YNJ SARL","foundingDate":"2010-09-06","numberOfEmployees":{"@type":"QuantitativeValue","minValue":"11","maxValue":"50"}},{"@type":"Person","@id":"https:\/\/www.webdo.tn\/fr\/#\/schema\/person\/f35b42a42c5e2511bbd282959d6385cc","name":"CL","image":{"@type":"ImageObject","inLanguage":"fr-FR","@id":"https:\/\/secure.gravatar.com\/avatar\/1447a49909b67aa657c488aec6512e1dd6143a480c1ecfee9b5b5cd74eb3b59e?s=96&d=mm&r=g","url":"https:\/\/secure.gravatar.com\/avatar\/1447a49909b67aa657c488aec6512e1dd6143a480c1ecfee9b5b5cd74eb3b59e?s=96&d=mm&r=g","contentUrl":"https:\/\/secure.gravatar.com\/avatar\/1447a49909b67aa657c488aec6512e1dd6143a480c1ecfee9b5b5cd74eb3b59e?s=96&d=mm&r=g","caption":"CL"},"url":"https:\/\/www.webdo.tn\/fr\/actualite\/author\/cl\/"}]}},"_links":{"self":[{"href":"https:\/\/www.webdo.tn\/fr\/wp-json\/wp\/v2\/posts\/207083","targetHints":{"allow":["GET"]}}],"collection":[{"href":"https:\/\/www.webdo.tn\/fr\/wp-json\/wp\/v2\/posts"}],"about":[{"href":"https:\/\/www.webdo.tn\/fr\/wp-json\/wp\/v2\/types\/post"}],"author":[{"embeddable":true,"href":"https:\/\/www.webdo.tn\/fr\/wp-json\/wp\/v2\/users\/3175"}],"replies":[{"embeddable":true,"href":"https:\/\/www.webdo.tn\/fr\/wp-json\/wp\/v2\/comments?post=207083"}],"version-history":[{"count":0,"href":"https:\/\/www.webdo.tn\/fr\/wp-json\/wp\/v2\/posts\/207083\/revisions"}],"wp:featuredmedia":[{"embeddable":true,"href":"https:\/\/www.webdo.tn\/fr\/wp-json\/wp\/v2\/media\/249810"}],"wp:attachment":[{"href":"https:\/\/www.webdo.tn\/fr\/wp-json\/wp\/v2\/media?parent=207083"}],"wp:term":[{"taxonomy":"category","embeddable":true,"href":"https:\/\/www.webdo.tn\/fr\/wp-json\/wp\/v2\/categories?post=207083"},{"taxonomy":"post_tag","embeddable":true,"href":"https:\/\/www.webdo.tn\/fr\/wp-json\/wp\/v2\/tags?post=207083"}],"curies":[{"name":"wp","href":"https:\/\/api.w.org\/{rel}","templated":true}]}}