{"id":207062,"date":"2023-07-06T10:16:00","date_gmt":"2023-07-06T10:16:00","guid":{"rendered":"https:\/\/www.webdo.tn\/fr\/blog\/crise-des-notes-150-directeurs-d-ecole-revoques\/207062\/"},"modified":"2025-05-20T22:50:51","modified_gmt":"2025-05-20T22:50:51","slug":"crise-des-notes-150-directeurs-d-ecole-revoques","status":"publish","type":"post","link":"https:\/\/www.webdo.tn\/fr\/actualite\/national\/crise-des-notes-150-directeurs-d-ecole-revoques\/207062\/","title":{"rendered":"Crise des notes : 150 directeurs d\u2019\u00e9cole r\u00e9voqu\u00e9s !"},"content":{"rendered":"<p>Le ministre de l\u2019Education a concr\u00e9tis\u00e9 ses menaces lanc\u00e9es r\u00e9cemment contre les directeurs d\u2019\u00e9cole refusant de soumettre les notes des \u00e9l\u00e8ves.<\/p>\n<p>\t\t\t\t\t\t\t\t\tS\u2019exprimant ce jeudi 6 juillet 2023, sur les ondes de Mosa\u00efque FM, le ministre de l\u2019Education Mohamed Ali Boughdiri a annonc\u00e9 la r\u00e9vocation de 150 directeurs d\u2019\u00e9cole pour r\u00e9tention de note.\u00a0<\/p>\n<p>Hier, s\u2019exprimant dans le journal t\u00e9l\u00e9vis\u00e9 de la premi\u00e8re chaine nationale, le ministre de l&rsquo;\u00c9ducation, Mohamed Ali Boughdiri, a menac\u00e9 de r\u00e9vocation les directeurs d\u2019\u00e9coles et les enseignants qui n\u2019ont pas voulu remettre les notes d&rsquo;\u00e9l\u00e8ves fournies par les enseignants.<\/p>\n<p>Il a \u00e9galement annonc\u00e9 qu\u2019une retenue sur les salaires des enseignants qui n\u2019ont pas remis les notes est envisag\u00e9e en cas de poursuite de ces formes de revendications ill\u00e9gales selon ses dires.\u00a0<\/p>\n<p>Dans ce sens, Boughdiri a annonc\u00e9 que la majorit\u00e9 des enseignants a d\u00e9j\u00e0 soumis les notes via la plateforme mise en place par le minist\u00e8re, appelant tout le corps enseignant \u00e0 pr\u00e9server les droits des \u00e9l\u00e8ves.<\/p>\n","protected":false},"excerpt":{"rendered":"<p>Le ministre de l\u2019Education a concr\u00e9tis\u00e9 ses menaces lanc\u00e9es r\u00e9cemment contre les directeurs d\u2019\u00e9cole refusant de soumettre les notes des \u00e9l\u00e8ves.<\/p>\n","protected":false},"author":3175,"featured_media":278454,"comment_status":"open","ping_status":"closed","sticky":false,"template":"","format":"standard","meta":{"footnotes":""},"categories":[44],"tags":[9602,6849,2608],"class_list":["post-207062","post","type-post","status-publish","format-standard","has-post-thumbnail","hentry","category-national","tag-directeur-decole","tag-revocation","tag-tunisie"],"yoast_head":"<!-- This site is optimized with the Yoast SEO Premium plugin v27.5 (Yoast SEO v27.5) - https:\/\/yoast.com\/product\/yoast-seo-premium-wordpress\/ -->\n<title>Crise des notes : 150 directeurs d\u2019\u00e9cole r\u00e9voqu\u00e9s !<\/title>\n<meta name=\"description\" content=\"Le ministre de l\u2019Education a concr\u00e9tis\u00e9 ses menaces lanc\u00e9es r\u00e9cemment contre les directeurs d\u2019\u00e9cole refusant de soumettre les notes des \u00e9l\u00e8ves.\" \/>\n<link rel=\"canonical\" href=\"https:\/\/www.webdo.tn\/fr\/actualite\/national\/crise-des-notes-150-directeurs-d-ecole-revoques\/207062\/\" \/>\n<meta property=\"og:locale\" content=\"fr_FR\" \/>\n<meta property=\"og:type\" content=\"article\" \/>\n<meta property=\"og:title\" content=\"Crise des notes : 150 directeurs d\u2019\u00e9cole r\u00e9voqu\u00e9s !\" \/>\n<meta property=\"og:description\" content=\"Le ministre de l\u2019Education a concr\u00e9tis\u00e9 ses menaces lanc\u00e9es r\u00e9cemment contre les directeurs d\u2019\u00e9cole refusant de soumettre les notes des \u00e9l\u00e8ves.\" \/>\n<meta property=\"og:url\" content=\"https:\/\/www.webdo.tn\/fr\/actualite\/national\/crise-des-notes-150-directeurs-d-ecole-revoques\/207062\/\" \/>\n<meta property=\"og:site_name\" content=\"webdo\" \/>\n<meta property=\"article:publisher\" content=\"https:\/\/www.facebook.com\/webdotn\" \/>\n<meta property=\"article:published_time\" content=\"2023-07-06T10:16:00+00:00\" \/>\n<meta property=\"article:modified_time\" content=\"2025-05-20T22:50:51+00:00\" \/>\n<meta property=\"og:image\" content=\"https:\/\/www.webdo.tn\/fr\/wp-content\/uploads\/2023\/07\/d7217cbf11d3d1aa572c5d9fb02cd145.jpg\" \/>\n\t<meta property=\"og:image:width\" content=\"664\" \/>\n\t<meta property=\"og:image:height\" content=\"354\" \/>\n\t<meta property=\"og:image:type\" content=\"image\/jpeg\" \/>\n<meta name=\"author\" content=\"CL\" \/>\n<meta name=\"twitter:card\" content=\"summary_large_image\" \/>\n<meta name=\"twitter:creator\" content=\"@webdo_tn\" \/>\n<meta name=\"twitter:site\" content=\"@webdo_tn\" \/>\n<meta name=\"twitter:label1\" content=\"\u00c9crit par\" \/>\n\t<meta name=\"twitter:data1\" content=\"CL\" \/>\n\t<meta name=\"twitter:label2\" content=\"Dur\u00e9e de lecture estim\u00e9e\" \/>\n\t<meta name=\"twitter:data2\" content=\"1 minute\" \/>\n<script type=\"application\/ld+json\" class=\"yoast-schema-graph\">{\"@context\":\"https:\\\/\\\/schema.org\",\"@graph\":[{\"@type\":\"NewsArticle\",\"@id\":\"https:\\\/\\\/www.webdo.tn\\\/fr\\\/actualite\\\/national\\\/crise-des-notes-150-directeurs-d-ecole-revoques\\\/207062\\\/#article\",\"isPartOf\":{\"@id\":\"https:\\\/\\\/www.webdo.tn\\\/fr\\\/actualite\\\/national\\\/crise-des-notes-150-directeurs-d-ecole-revoques\\\/207062\\\/\"},\"author\":{\"name\":\"CL\",\"@id\":\"https:\\\/\\\/www.webdo.tn\\\/fr\\\/#\\\/schema\\\/person\\\/f35b42a42c5e2511bbd282959d6385cc\"},\"headline\":\"Crise des notes : 150 directeurs d\u2019\u00e9cole r\u00e9voqu\u00e9s !\",\"datePublished\":\"2023-07-06T10:16:00+00:00\",\"dateModified\":\"2025-05-20T22:50:51+00:00\",\"mainEntityOfPage\":{\"@id\":\"https:\\\/\\\/www.webdo.tn\\\/fr\\\/actualite\\\/national\\\/crise-des-notes-150-directeurs-d-ecole-revoques\\\/207062\\\/\"},\"wordCount\":195,\"commentCount\":0,\"publisher\":{\"@id\":\"https:\\\/\\\/www.webdo.tn\\\/fr\\\/#organization\"},\"image\":{\"@id\":\"https:\\\/\\\/www.webdo.tn\\\/fr\\\/actualite\\\/national\\\/crise-des-notes-150-directeurs-d-ecole-revoques\\\/207062\\\/#primaryimage\"},\"thumbnailUrl\":\"https:\\\/\\\/www.webdo.tn\\\/fr\\\/wp-content\\\/uploads\\\/2023\\\/07\\\/d7217cbf11d3d1aa572c5d9fb02cd145.jpg\",\"keywords\":[\"Directeur d'\u00e9cole\",\"r\u00e9vocation\",\"Tunisie\"],\"articleSection\":[\"National\"],\"inLanguage\":\"fr-FR\"},{\"@type\":\"WebPage\",\"@id\":\"https:\\\/\\\/www.webdo.tn\\\/fr\\\/actualite\\\/national\\\/crise-des-notes-150-directeurs-d-ecole-revoques\\\/207062\\\/\",\"url\":\"https:\\\/\\\/www.webdo.tn\\\/fr\\\/actualite\\\/national\\\/crise-des-notes-150-directeurs-d-ecole-revoques\\\/207062\\\/\",\"name\":\"Crise des notes : 150 directeurs d\u2019\u00e9cole r\u00e9voqu\u00e9s !\",\"isPartOf\":{\"@id\":\"https:\\\/\\\/www.webdo.tn\\\/fr\\\/#website\"},\"primaryImageOfPage\":{\"@id\":\"https:\\\/\\\/www.webdo.tn\\\/fr\\\/actualite\\\/national\\\/crise-des-notes-150-directeurs-d-ecole-revoques\\\/207062\\\/#primaryimage\"},\"image\":{\"@id\":\"https:\\\/\\\/www.webdo.tn\\\/fr\\\/actualite\\\/national\\\/crise-des-notes-150-directeurs-d-ecole-revoques\\\/207062\\\/#primaryimage\"},\"thumbnailUrl\":\"https:\\\/\\\/www.webdo.tn\\\/fr\\\/wp-content\\\/uploads\\\/2023\\\/07\\\/d7217cbf11d3d1aa572c5d9fb02cd145.jpg\",\"datePublished\":\"2023-07-06T10:16:00+00:00\",\"dateModified\":\"2025-05-20T22:50:51+00:00\",\"description\":\"Le ministre de l\u2019Education a concr\u00e9tis\u00e9 ses menaces lanc\u00e9es r\u00e9cemment contre les directeurs d\u2019\u00e9cole refusant de soumettre les notes des \u00e9l\u00e8ves.\",\"breadcrumb\":{\"@id\":\"https:\\\/\\\/www.webdo.tn\\\/fr\\\/actualite\\\/national\\\/crise-des-notes-150-directeurs-d-ecole-revoques\\\/207062\\\/#breadcrumb\"},\"inLanguage\":\"fr-FR\",\"potentialAction\":[{\"@type\":\"ReadAction\",\"target\":[\"https:\\\/\\\/www.webdo.tn\\\/fr\\\/actualite\\\/national\\\/crise-des-notes-150-directeurs-d-ecole-revoques\\\/207062\\\/\"]}]},{\"@type\":\"ImageObject\",\"inLanguage\":\"fr-FR\",\"@id\":\"https:\\\/\\\/www.webdo.tn\\\/fr\\\/actualite\\\/national\\\/crise-des-notes-150-directeurs-d-ecole-revoques\\\/207062\\\/#primaryimage\",\"url\":\"https:\\\/\\\/www.webdo.tn\\\/fr\\\/wp-content\\\/uploads\\\/2023\\\/07\\\/d7217cbf11d3d1aa572c5d9fb02cd145.jpg\",\"contentUrl\":\"https:\\\/\\\/www.webdo.tn\\\/fr\\\/wp-content\\\/uploads\\\/2023\\\/07\\\/d7217cbf11d3d1aa572c5d9fb02cd145.jpg\",\"width\":664,\"height\":354,\"caption\":\"Crise des notes : 150 directeurs d\u2019\u00e9cole r\u00e9voqu\u00e9s !\"},{\"@type\":\"BreadcrumbList\",\"@id\":\"https:\\\/\\\/www.webdo.tn\\\/fr\\\/actualite\\\/national\\\/crise-des-notes-150-directeurs-d-ecole-revoques\\\/207062\\\/#breadcrumb\",\"itemListElement\":[{\"@type\":\"ListItem\",\"position\":1,\"name\":\"Accueil\",\"item\":\"https:\\\/\\\/www.webdo.tn\\\/fr\\\/\"},{\"@type\":\"ListItem\",\"position\":2,\"name\":\"Crise des notes : 150 directeurs d\u2019\u00e9cole r\u00e9voqu\u00e9s !\"}]},{\"@type\":\"WebSite\",\"@id\":\"https:\\\/\\\/www.webdo.tn\\\/fr\\\/#website\",\"url\":\"https:\\\/\\\/www.webdo.tn\\\/fr\\\/\",\"name\":\"webdo\",\"description\":\"Tunisie - News en Tunisie et \u00e0 l&#039;international sur Webdo.tn\",\"publisher\":{\"@id\":\"https:\\\/\\\/www.webdo.tn\\\/fr\\\/#organization\"},\"potentialAction\":[{\"@type\":\"SearchAction\",\"target\":{\"@type\":\"EntryPoint\",\"urlTemplate\":\"https:\\\/\\\/www.webdo.tn\\\/fr\\\/?s={search_term_string}\"},\"query-input\":{\"@type\":\"PropertyValueSpecification\",\"valueRequired\":true,\"valueName\":\"search_term_string\"}}],\"inLanguage\":\"fr-FR\"},{\"@type\":\"Organization\",\"@id\":\"https:\\\/\\\/www.webdo.tn\\\/fr\\\/#organization\",\"name\":\"Webdo\",\"alternateName\":\"Webdo.tn\",\"url\":\"https:\\\/\\\/www.webdo.tn\\\/fr\\\/\",\"logo\":{\"@type\":\"ImageObject\",\"inLanguage\":\"fr-FR\",\"@id\":\"https:\\\/\\\/www.webdo.tn\\\/fr\\\/#\\\/schema\\\/logo\\\/image\\\/\",\"url\":\"https:\\\/\\\/www.webdo.tn\\\/fr\\\/wp-content\\\/uploads\\\/2025\\\/06\\\/Webdo-Tunisie_168377.jpg\",\"contentUrl\":\"https:\\\/\\\/www.webdo.tn\\\/fr\\\/wp-content\\\/uploads\\\/2025\\\/06\\\/Webdo-Tunisie_168377.jpg\",\"width\":301,\"height\":301,\"caption\":\"Webdo\"},\"image\":{\"@id\":\"https:\\\/\\\/www.webdo.tn\\\/fr\\\/#\\\/schema\\\/logo\\\/image\\\/\"},\"sameAs\":[\"https:\\\/\\\/www.facebook.com\\\/webdotn\",\"https:\\\/\\\/x.com\\\/webdo_tn\"],\"description\":\"Webdo est un m\u00e9dia num\u00e9rique tunisien fond\u00e9 en 2010, sp\u00e9cialis\u00e9 dans l\u2019actualit\u00e9 nationale et internationale, l\u2019\u00e9conomie, la soci\u00e9t\u00e9 et les analyses politiques. Le site s\u2019adresse \u00e0 un large public francophone et couvre l\u2019information tunisienne en temps r\u00e9el.\",\"email\":\"redac@webdo.tn\",\"legalName\":\"YNJ SARL\",\"foundingDate\":\"2010-09-06\",\"numberOfEmployees\":{\"@type\":\"QuantitativeValue\",\"minValue\":\"11\",\"maxValue\":\"50\"}},{\"@type\":\"Person\",\"@id\":\"https:\\\/\\\/www.webdo.tn\\\/fr\\\/#\\\/schema\\\/person\\\/f35b42a42c5e2511bbd282959d6385cc\",\"name\":\"CL\",\"image\":{\"@type\":\"ImageObject\",\"inLanguage\":\"fr-FR\",\"@id\":\"https:\\\/\\\/secure.gravatar.com\\\/avatar\\\/1447a49909b67aa657c488aec6512e1dd6143a480c1ecfee9b5b5cd74eb3b59e?s=96&d=mm&r=g\",\"url\":\"https:\\\/\\\/secure.gravatar.com\\\/avatar\\\/1447a49909b67aa657c488aec6512e1dd6143a480c1ecfee9b5b5cd74eb3b59e?s=96&d=mm&r=g\",\"contentUrl\":\"https:\\\/\\\/secure.gravatar.com\\\/avatar\\\/1447a49909b67aa657c488aec6512e1dd6143a480c1ecfee9b5b5cd74eb3b59e?s=96&d=mm&r=g\",\"caption\":\"CL\"},\"url\":\"https:\\\/\\\/www.webdo.tn\\\/fr\\\/actualite\\\/author\\\/cl\\\/\"}]}<\/script>\n<!-- \/ Yoast SEO Premium plugin. -->","yoast_head_json":{"title":"Crise des notes : 150 directeurs d\u2019\u00e9cole r\u00e9voqu\u00e9s !","description":"Le ministre de l\u2019Education a concr\u00e9tis\u00e9 ses menaces lanc\u00e9es r\u00e9cemment contre les directeurs d\u2019\u00e9cole refusant de soumettre les notes des \u00e9l\u00e8ves.","canonical":"https:\/\/www.webdo.tn\/fr\/actualite\/national\/crise-des-notes-150-directeurs-d-ecole-revoques\/207062\/","og_locale":"fr_FR","og_type":"article","og_title":"Crise des notes : 150 directeurs d\u2019\u00e9cole r\u00e9voqu\u00e9s !","og_description":"Le ministre de l\u2019Education a concr\u00e9tis\u00e9 ses menaces lanc\u00e9es r\u00e9cemment contre les directeurs d\u2019\u00e9cole refusant de soumettre les notes des \u00e9l\u00e8ves.","og_url":"https:\/\/www.webdo.tn\/fr\/actualite\/national\/crise-des-notes-150-directeurs-d-ecole-revoques\/207062\/","og_site_name":"webdo","article_publisher":"https:\/\/www.facebook.com\/webdotn","article_published_time":"2023-07-06T10:16:00+00:00","article_modified_time":"2025-05-20T22:50:51+00:00","og_image":[{"width":664,"height":354,"url":"https:\/\/www.webdo.tn\/fr\/wp-content\/uploads\/2023\/07\/d7217cbf11d3d1aa572c5d9fb02cd145.jpg","type":"image\/jpeg"}],"author":"CL","twitter_card":"summary_large_image","twitter_creator":"@webdo_tn","twitter_site":"@webdo_tn","twitter_misc":{"\u00c9crit par":"CL","Dur\u00e9e de lecture estim\u00e9e":"1 minute"},"schema":{"@context":"https:\/\/schema.org","@graph":[{"@type":"NewsArticle","@id":"https:\/\/www.webdo.tn\/fr\/actualite\/national\/crise-des-notes-150-directeurs-d-ecole-revoques\/207062\/#article","isPartOf":{"@id":"https:\/\/www.webdo.tn\/fr\/actualite\/national\/crise-des-notes-150-directeurs-d-ecole-revoques\/207062\/"},"author":{"name":"CL","@id":"https:\/\/www.webdo.tn\/fr\/#\/schema\/person\/f35b42a42c5e2511bbd282959d6385cc"},"headline":"Crise des notes : 150 directeurs d\u2019\u00e9cole r\u00e9voqu\u00e9s !","datePublished":"2023-07-06T10:16:00+00:00","dateModified":"2025-05-20T22:50:51+00:00","mainEntityOfPage":{"@id":"https:\/\/www.webdo.tn\/fr\/actualite\/national\/crise-des-notes-150-directeurs-d-ecole-revoques\/207062\/"},"wordCount":195,"commentCount":0,"publisher":{"@id":"https:\/\/www.webdo.tn\/fr\/#organization"},"image":{"@id":"https:\/\/www.webdo.tn\/fr\/actualite\/national\/crise-des-notes-150-directeurs-d-ecole-revoques\/207062\/#primaryimage"},"thumbnailUrl":"https:\/\/www.webdo.tn\/fr\/wp-content\/uploads\/2023\/07\/d7217cbf11d3d1aa572c5d9fb02cd145.jpg","keywords":["Directeur d'\u00e9cole","r\u00e9vocation","Tunisie"],"articleSection":["National"],"inLanguage":"fr-FR"},{"@type":"WebPage","@id":"https:\/\/www.webdo.tn\/fr\/actualite\/national\/crise-des-notes-150-directeurs-d-ecole-revoques\/207062\/","url":"https:\/\/www.webdo.tn\/fr\/actualite\/national\/crise-des-notes-150-directeurs-d-ecole-revoques\/207062\/","name":"Crise des notes : 150 directeurs d\u2019\u00e9cole r\u00e9voqu\u00e9s !","isPartOf":{"@id":"https:\/\/www.webdo.tn\/fr\/#website"},"primaryImageOfPage":{"@id":"https:\/\/www.webdo.tn\/fr\/actualite\/national\/crise-des-notes-150-directeurs-d-ecole-revoques\/207062\/#primaryimage"},"image":{"@id":"https:\/\/www.webdo.tn\/fr\/actualite\/national\/crise-des-notes-150-directeurs-d-ecole-revoques\/207062\/#primaryimage"},"thumbnailUrl":"https:\/\/www.webdo.tn\/fr\/wp-content\/uploads\/2023\/07\/d7217cbf11d3d1aa572c5d9fb02cd145.jpg","datePublished":"2023-07-06T10:16:00+00:00","dateModified":"2025-05-20T22:50:51+00:00","description":"Le ministre de l\u2019Education a concr\u00e9tis\u00e9 ses menaces lanc\u00e9es r\u00e9cemment contre les directeurs d\u2019\u00e9cole refusant de soumettre les notes des \u00e9l\u00e8ves.","breadcrumb":{"@id":"https:\/\/www.webdo.tn\/fr\/actualite\/national\/crise-des-notes-150-directeurs-d-ecole-revoques\/207062\/#breadcrumb"},"inLanguage":"fr-FR","potentialAction":[{"@type":"ReadAction","target":["https:\/\/www.webdo.tn\/fr\/actualite\/national\/crise-des-notes-150-directeurs-d-ecole-revoques\/207062\/"]}]},{"@type":"ImageObject","inLanguage":"fr-FR","@id":"https:\/\/www.webdo.tn\/fr\/actualite\/national\/crise-des-notes-150-directeurs-d-ecole-revoques\/207062\/#primaryimage","url":"https:\/\/www.webdo.tn\/fr\/wp-content\/uploads\/2023\/07\/d7217cbf11d3d1aa572c5d9fb02cd145.jpg","contentUrl":"https:\/\/www.webdo.tn\/fr\/wp-content\/uploads\/2023\/07\/d7217cbf11d3d1aa572c5d9fb02cd145.jpg","width":664,"height":354,"caption":"Crise des notes : 150 directeurs d\u2019\u00e9cole r\u00e9voqu\u00e9s !"},{"@type":"BreadcrumbList","@id":"https:\/\/www.webdo.tn\/fr\/actualite\/national\/crise-des-notes-150-directeurs-d-ecole-revoques\/207062\/#breadcrumb","itemListElement":[{"@type":"ListItem","position":1,"name":"Accueil","item":"https:\/\/www.webdo.tn\/fr\/"},{"@type":"ListItem","position":2,"name":"Crise des notes : 150 directeurs d\u2019\u00e9cole r\u00e9voqu\u00e9s !"}]},{"@type":"WebSite","@id":"https:\/\/www.webdo.tn\/fr\/#website","url":"https:\/\/www.webdo.tn\/fr\/","name":"webdo","description":"Tunisie - News en Tunisie et \u00e0 l&#039;international sur Webdo.tn","publisher":{"@id":"https:\/\/www.webdo.tn\/fr\/#organization"},"potentialAction":[{"@type":"SearchAction","target":{"@type":"EntryPoint","urlTemplate":"https:\/\/www.webdo.tn\/fr\/?s={search_term_string}"},"query-input":{"@type":"PropertyValueSpecification","valueRequired":true,"valueName":"search_term_string"}}],"inLanguage":"fr-FR"},{"@type":"Organization","@id":"https:\/\/www.webdo.tn\/fr\/#organization","name":"Webdo","alternateName":"Webdo.tn","url":"https:\/\/www.webdo.tn\/fr\/","logo":{"@type":"ImageObject","inLanguage":"fr-FR","@id":"https:\/\/www.webdo.tn\/fr\/#\/schema\/logo\/image\/","url":"https:\/\/www.webdo.tn\/fr\/wp-content\/uploads\/2025\/06\/Webdo-Tunisie_168377.jpg","contentUrl":"https:\/\/www.webdo.tn\/fr\/wp-content\/uploads\/2025\/06\/Webdo-Tunisie_168377.jpg","width":301,"height":301,"caption":"Webdo"},"image":{"@id":"https:\/\/www.webdo.tn\/fr\/#\/schema\/logo\/image\/"},"sameAs":["https:\/\/www.facebook.com\/webdotn","https:\/\/x.com\/webdo_tn"],"description":"Webdo est un m\u00e9dia num\u00e9rique tunisien fond\u00e9 en 2010, sp\u00e9cialis\u00e9 dans l\u2019actualit\u00e9 nationale et internationale, l\u2019\u00e9conomie, la soci\u00e9t\u00e9 et les analyses politiques. Le site s\u2019adresse \u00e0 un large public francophone et couvre l\u2019information tunisienne en temps r\u00e9el.","email":"redac@webdo.tn","legalName":"YNJ SARL","foundingDate":"2010-09-06","numberOfEmployees":{"@type":"QuantitativeValue","minValue":"11","maxValue":"50"}},{"@type":"Person","@id":"https:\/\/www.webdo.tn\/fr\/#\/schema\/person\/f35b42a42c5e2511bbd282959d6385cc","name":"CL","image":{"@type":"ImageObject","inLanguage":"fr-FR","@id":"https:\/\/secure.gravatar.com\/avatar\/1447a49909b67aa657c488aec6512e1dd6143a480c1ecfee9b5b5cd74eb3b59e?s=96&d=mm&r=g","url":"https:\/\/secure.gravatar.com\/avatar\/1447a49909b67aa657c488aec6512e1dd6143a480c1ecfee9b5b5cd74eb3b59e?s=96&d=mm&r=g","contentUrl":"https:\/\/secure.gravatar.com\/avatar\/1447a49909b67aa657c488aec6512e1dd6143a480c1ecfee9b5b5cd74eb3b59e?s=96&d=mm&r=g","caption":"CL"},"url":"https:\/\/www.webdo.tn\/fr\/actualite\/author\/cl\/"}]}},"_links":{"self":[{"href":"https:\/\/www.webdo.tn\/fr\/wp-json\/wp\/v2\/posts\/207062","targetHints":{"allow":["GET"]}}],"collection":[{"href":"https:\/\/www.webdo.tn\/fr\/wp-json\/wp\/v2\/posts"}],"about":[{"href":"https:\/\/www.webdo.tn\/fr\/wp-json\/wp\/v2\/types\/post"}],"author":[{"embeddable":true,"href":"https:\/\/www.webdo.tn\/fr\/wp-json\/wp\/v2\/users\/3175"}],"replies":[{"embeddable":true,"href":"https:\/\/www.webdo.tn\/fr\/wp-json\/wp\/v2\/comments?post=207062"}],"version-history":[{"count":0,"href":"https:\/\/www.webdo.tn\/fr\/wp-json\/wp\/v2\/posts\/207062\/revisions"}],"wp:featuredmedia":[{"embeddable":true,"href":"https:\/\/www.webdo.tn\/fr\/wp-json\/wp\/v2\/media\/278454"}],"wp:attachment":[{"href":"https:\/\/www.webdo.tn\/fr\/wp-json\/wp\/v2\/media?parent=207062"}],"wp:term":[{"taxonomy":"category","embeddable":true,"href":"https:\/\/www.webdo.tn\/fr\/wp-json\/wp\/v2\/categories?post=207062"},{"taxonomy":"post_tag","embeddable":true,"href":"https:\/\/www.webdo.tn\/fr\/wp-json\/wp\/v2\/tags?post=207062"}],"curies":[{"name":"wp","href":"https:\/\/api.w.org\/{rel}","templated":true}]}}