{"id":207061,"date":"2023-07-06T10:13:00","date_gmt":"2023-07-06T10:13:00","guid":{"rendered":"https:\/\/www.webdo.tn\/fr\/blog\/global-peace-index-2023-la-tunisie-le-pays-le-plus-pacifique-d-afrique-du-nord\/207061\/"},"modified":"2025-05-20T22:59:39","modified_gmt":"2025-05-20T22:59:39","slug":"global-peace-index-2023-la-tunisie-le-pays-le-plus-pacifique-d-afrique-du-nord","status":"publish","type":"post","link":"https:\/\/www.webdo.tn\/fr\/actualite\/national\/global-peace-index-2023-la-tunisie-le-pays-le-plus-pacifique-d-afrique-du-nord\/207061\/","title":{"rendered":"Global Peace Index 2023 : la Tunisie, le pays le plus pacifique d&rsquo;Afrique du Nord !"},"content":{"rendered":"<p>La Tunisie a gagn\u00e9 quatre places par rapport \u00e0 2022 et est d\u00e9sormais class\u00e9e 81e au niveau mondial.<\/p>\n<p>\t\t\t\t\t\t\t\t\tAvec un score de 2,010 la Tunisie occupe la premi\u00e8re place du Maghreb arabe devant le Maroc (84e) et l\u2019Alg\u00e9rie (96e).<\/p>\n<p>Le Qatar est, quant \u00e0 lui, au top de la liste des pays arabes dans ce classement. Il occupe la 21e place mondiale, devant le Kowe\u00eft 35\u00e8me, Oman 48\u00e8me, la Jordanie 62\u00e8me et les Emirats Arabes Unis 75\u00e8me mondial. La Tunisie vient en 6\u00e8me position des pays arabes les plus pacifiques.<\/p>\n<p>L\u2019Islande, le Danemark et l\u2019Irlande occupent respectivement les trois premi\u00e8res places de Global Peace Index (GPI) 2023 ; la Syrie, le Yemen et l\u2019Afghanistan ferment la marche.<\/p>\n<p>Le GPI est un indice mondial de paix qui mesure et \u00e9value le niveau de paix et de stabilit\u00e9 dans diff\u00e9rents pays et r\u00e9gions du monde. Il est d\u00e9velopp\u00e9 par l\u2019Institute for Economics and Peace (IEP), une organisation ind\u00e9pendante bas\u00e9e en Australie.<\/p>\n<p>Le GPI prend en compte plusieurs indicateurs pour \u00e9valuer la paix dans une soci\u00e9t\u00e9, tels que les conflits internes et externes, le niveau de militarisation, le degr\u00e9 de s\u00e9curit\u00e9 et d\u2019ordre public, les niveaux de criminalit\u00e9 et de violence, les relations avec les pays voisins, etc.<\/p>\n","protected":false},"excerpt":{"rendered":"<p>La Tunisie a gagn\u00e9 quatre places par rapport \u00e0 2022 et est d\u00e9sormais class\u00e9e 81e au niveau mondial.<\/p>\n","protected":false},"author":3188,"featured_media":278452,"comment_status":"open","ping_status":"closed","sticky":false,"template":"","format":"standard","meta":{"footnotes":""},"categories":[44],"tags":[9599,6593,2608],"class_list":["post-207061","post","type-post","status-publish","format-standard","has-post-thumbnail","hentry","category-national","tag-global-peace-index","tag-maghreb","tag-tunisie"],"yoast_head":"<!-- This site is optimized with the Yoast SEO Premium plugin v27.5 (Yoast SEO v27.5) - https:\/\/yoast.com\/product\/yoast-seo-premium-wordpress\/ -->\n<title>Global Peace Index 2023 : la Tunisie, le pays le plus pacifique d&#039;Afrique du Nord !<\/title>\n<meta name=\"description\" content=\"La Tunisie a gagn\u00e9 quatre places par rapport \u00e0 2022 et est d\u00e9sormais class\u00e9e 81e au niveau mondial.\" \/>\n<link rel=\"canonical\" href=\"https:\/\/www.webdo.tn\/fr\/actualite\/national\/global-peace-index-2023-la-tunisie-le-pays-le-plus-pacifique-d-afrique-du-nord\/207061\/\" \/>\n<meta property=\"og:locale\" content=\"fr_FR\" \/>\n<meta property=\"og:type\" content=\"article\" \/>\n<meta property=\"og:title\" content=\"Global Peace Index 2023 : la Tunisie, le pays le plus pacifique d&#039;Afrique du Nord !\" \/>\n<meta property=\"og:description\" content=\"La Tunisie a gagn\u00e9 quatre places par rapport \u00e0 2022 et est d\u00e9sormais class\u00e9e 81e au niveau mondial.\" \/>\n<meta property=\"og:url\" content=\"https:\/\/www.webdo.tn\/fr\/actualite\/national\/global-peace-index-2023-la-tunisie-le-pays-le-plus-pacifique-d-afrique-du-nord\/207061\/\" \/>\n<meta property=\"og:site_name\" content=\"webdo\" \/>\n<meta property=\"article:publisher\" content=\"https:\/\/www.facebook.com\/webdotn\" \/>\n<meta property=\"article:published_time\" content=\"2023-07-06T10:13:00+00:00\" \/>\n<meta property=\"article:modified_time\" content=\"2025-05-20T22:59:39+00:00\" \/>\n<meta property=\"og:image\" content=\"https:\/\/www.webdo.tn\/fr\/wp-content\/uploads\/2023\/07\/936936470563a36f862a9b5423322e51.jpg\" \/>\n\t<meta property=\"og:image:width\" content=\"700\" \/>\n\t<meta property=\"og:image:height\" content=\"373\" \/>\n\t<meta property=\"og:image:type\" content=\"image\/jpeg\" \/>\n<meta name=\"author\" content=\"Ramzi\" \/>\n<meta name=\"twitter:card\" content=\"summary_large_image\" \/>\n<meta name=\"twitter:creator\" content=\"@webdo_tn\" \/>\n<meta name=\"twitter:site\" content=\"@webdo_tn\" \/>\n<meta name=\"twitter:label1\" content=\"\u00c9crit par\" \/>\n\t<meta name=\"twitter:data1\" content=\"Ramzi\" \/>\n\t<meta name=\"twitter:label2\" content=\"Dur\u00e9e de lecture estim\u00e9e\" \/>\n\t<meta name=\"twitter:data2\" content=\"1 minute\" \/>\n<script type=\"application\/ld+json\" class=\"yoast-schema-graph\">{\"@context\":\"https:\\\/\\\/schema.org\",\"@graph\":[{\"@type\":\"NewsArticle\",\"@id\":\"https:\\\/\\\/www.webdo.tn\\\/fr\\\/actualite\\\/national\\\/global-peace-index-2023-la-tunisie-le-pays-le-plus-pacifique-d-afrique-du-nord\\\/207061\\\/#article\",\"isPartOf\":{\"@id\":\"https:\\\/\\\/www.webdo.tn\\\/fr\\\/actualite\\\/national\\\/global-peace-index-2023-la-tunisie-le-pays-le-plus-pacifique-d-afrique-du-nord\\\/207061\\\/\"},\"author\":{\"name\":\"Ramzi\",\"@id\":\"https:\\\/\\\/www.webdo.tn\\\/fr\\\/#\\\/schema\\\/person\\\/590cb5f81adcfde6385530fdbdf468e2\"},\"headline\":\"Global Peace Index 2023 : la Tunisie, le pays le plus pacifique d&rsquo;Afrique du Nord !\",\"datePublished\":\"2023-07-06T10:13:00+00:00\",\"dateModified\":\"2025-05-20T22:59:39+00:00\",\"mainEntityOfPage\":{\"@id\":\"https:\\\/\\\/www.webdo.tn\\\/fr\\\/actualite\\\/national\\\/global-peace-index-2023-la-tunisie-le-pays-le-plus-pacifique-d-afrique-du-nord\\\/207061\\\/\"},\"wordCount\":232,\"commentCount\":0,\"publisher\":{\"@id\":\"https:\\\/\\\/www.webdo.tn\\\/fr\\\/#organization\"},\"image\":{\"@id\":\"https:\\\/\\\/www.webdo.tn\\\/fr\\\/actualite\\\/national\\\/global-peace-index-2023-la-tunisie-le-pays-le-plus-pacifique-d-afrique-du-nord\\\/207061\\\/#primaryimage\"},\"thumbnailUrl\":\"https:\\\/\\\/www.webdo.tn\\\/fr\\\/wp-content\\\/uploads\\\/2023\\\/07\\\/936936470563a36f862a9b5423322e51.jpg\",\"keywords\":[\"Global Peace Index\",\"maghreb\",\"Tunisie\"],\"articleSection\":[\"National\"],\"inLanguage\":\"fr-FR\"},{\"@type\":\"WebPage\",\"@id\":\"https:\\\/\\\/www.webdo.tn\\\/fr\\\/actualite\\\/national\\\/global-peace-index-2023-la-tunisie-le-pays-le-plus-pacifique-d-afrique-du-nord\\\/207061\\\/\",\"url\":\"https:\\\/\\\/www.webdo.tn\\\/fr\\\/actualite\\\/national\\\/global-peace-index-2023-la-tunisie-le-pays-le-plus-pacifique-d-afrique-du-nord\\\/207061\\\/\",\"name\":\"Global Peace Index 2023 : la Tunisie, le pays le plus pacifique d'Afrique du Nord !\",\"isPartOf\":{\"@id\":\"https:\\\/\\\/www.webdo.tn\\\/fr\\\/#website\"},\"primaryImageOfPage\":{\"@id\":\"https:\\\/\\\/www.webdo.tn\\\/fr\\\/actualite\\\/national\\\/global-peace-index-2023-la-tunisie-le-pays-le-plus-pacifique-d-afrique-du-nord\\\/207061\\\/#primaryimage\"},\"image\":{\"@id\":\"https:\\\/\\\/www.webdo.tn\\\/fr\\\/actualite\\\/national\\\/global-peace-index-2023-la-tunisie-le-pays-le-plus-pacifique-d-afrique-du-nord\\\/207061\\\/#primaryimage\"},\"thumbnailUrl\":\"https:\\\/\\\/www.webdo.tn\\\/fr\\\/wp-content\\\/uploads\\\/2023\\\/07\\\/936936470563a36f862a9b5423322e51.jpg\",\"datePublished\":\"2023-07-06T10:13:00+00:00\",\"dateModified\":\"2025-05-20T22:59:39+00:00\",\"description\":\"La Tunisie a gagn\u00e9 quatre places par rapport \u00e0 2022 et est d\u00e9sormais class\u00e9e 81e au niveau mondial.\",\"breadcrumb\":{\"@id\":\"https:\\\/\\\/www.webdo.tn\\\/fr\\\/actualite\\\/national\\\/global-peace-index-2023-la-tunisie-le-pays-le-plus-pacifique-d-afrique-du-nord\\\/207061\\\/#breadcrumb\"},\"inLanguage\":\"fr-FR\",\"potentialAction\":[{\"@type\":\"ReadAction\",\"target\":[\"https:\\\/\\\/www.webdo.tn\\\/fr\\\/actualite\\\/national\\\/global-peace-index-2023-la-tunisie-le-pays-le-plus-pacifique-d-afrique-du-nord\\\/207061\\\/\"]}]},{\"@type\":\"ImageObject\",\"inLanguage\":\"fr-FR\",\"@id\":\"https:\\\/\\\/www.webdo.tn\\\/fr\\\/actualite\\\/national\\\/global-peace-index-2023-la-tunisie-le-pays-le-plus-pacifique-d-afrique-du-nord\\\/207061\\\/#primaryimage\",\"url\":\"https:\\\/\\\/www.webdo.tn\\\/fr\\\/wp-content\\\/uploads\\\/2023\\\/07\\\/936936470563a36f862a9b5423322e51.jpg\",\"contentUrl\":\"https:\\\/\\\/www.webdo.tn\\\/fr\\\/wp-content\\\/uploads\\\/2023\\\/07\\\/936936470563a36f862a9b5423322e51.jpg\",\"width\":700,\"height\":373,\"caption\":\"Global Peace Index 2023 : la Tunisie, le pays le plus pacifique d'Afrique du Nord !\"},{\"@type\":\"BreadcrumbList\",\"@id\":\"https:\\\/\\\/www.webdo.tn\\\/fr\\\/actualite\\\/national\\\/global-peace-index-2023-la-tunisie-le-pays-le-plus-pacifique-d-afrique-du-nord\\\/207061\\\/#breadcrumb\",\"itemListElement\":[{\"@type\":\"ListItem\",\"position\":1,\"name\":\"Accueil\",\"item\":\"https:\\\/\\\/www.webdo.tn\\\/fr\\\/\"},{\"@type\":\"ListItem\",\"position\":2,\"name\":\"Global Peace Index 2023 : la Tunisie, le pays le plus pacifique d&rsquo;Afrique du Nord !\"}]},{\"@type\":\"WebSite\",\"@id\":\"https:\\\/\\\/www.webdo.tn\\\/fr\\\/#website\",\"url\":\"https:\\\/\\\/www.webdo.tn\\\/fr\\\/\",\"name\":\"webdo\",\"description\":\"Tunisie - News en Tunisie et \u00e0 l&#039;international sur Webdo.tn\",\"publisher\":{\"@id\":\"https:\\\/\\\/www.webdo.tn\\\/fr\\\/#organization\"},\"potentialAction\":[{\"@type\":\"SearchAction\",\"target\":{\"@type\":\"EntryPoint\",\"urlTemplate\":\"https:\\\/\\\/www.webdo.tn\\\/fr\\\/?s={search_term_string}\"},\"query-input\":{\"@type\":\"PropertyValueSpecification\",\"valueRequired\":true,\"valueName\":\"search_term_string\"}}],\"inLanguage\":\"fr-FR\"},{\"@type\":\"Organization\",\"@id\":\"https:\\\/\\\/www.webdo.tn\\\/fr\\\/#organization\",\"name\":\"Webdo\",\"alternateName\":\"Webdo.tn\",\"url\":\"https:\\\/\\\/www.webdo.tn\\\/fr\\\/\",\"logo\":{\"@type\":\"ImageObject\",\"inLanguage\":\"fr-FR\",\"@id\":\"https:\\\/\\\/www.webdo.tn\\\/fr\\\/#\\\/schema\\\/logo\\\/image\\\/\",\"url\":\"https:\\\/\\\/www.webdo.tn\\\/fr\\\/wp-content\\\/uploads\\\/2025\\\/06\\\/Webdo-Tunisie_168377.jpg\",\"contentUrl\":\"https:\\\/\\\/www.webdo.tn\\\/fr\\\/wp-content\\\/uploads\\\/2025\\\/06\\\/Webdo-Tunisie_168377.jpg\",\"width\":301,\"height\":301,\"caption\":\"Webdo\"},\"image\":{\"@id\":\"https:\\\/\\\/www.webdo.tn\\\/fr\\\/#\\\/schema\\\/logo\\\/image\\\/\"},\"sameAs\":[\"https:\\\/\\\/www.facebook.com\\\/webdotn\",\"https:\\\/\\\/x.com\\\/webdo_tn\"],\"description\":\"Webdo est un m\u00e9dia num\u00e9rique tunisien fond\u00e9 en 2010, sp\u00e9cialis\u00e9 dans l\u2019actualit\u00e9 nationale et internationale, l\u2019\u00e9conomie, la soci\u00e9t\u00e9 et les analyses politiques. Le site s\u2019adresse \u00e0 un large public francophone et couvre l\u2019information tunisienne en temps r\u00e9el.\",\"email\":\"redac@webdo.tn\",\"legalName\":\"YNJ SARL\",\"foundingDate\":\"2010-09-06\",\"numberOfEmployees\":{\"@type\":\"QuantitativeValue\",\"minValue\":\"11\",\"maxValue\":\"50\"}},{\"@type\":\"Person\",\"@id\":\"https:\\\/\\\/www.webdo.tn\\\/fr\\\/#\\\/schema\\\/person\\\/590cb5f81adcfde6385530fdbdf468e2\",\"name\":\"Ramzi\",\"image\":{\"@type\":\"ImageObject\",\"inLanguage\":\"fr-FR\",\"@id\":\"https:\\\/\\\/secure.gravatar.com\\\/avatar\\\/48df7d18915e10cf866ba8e27604c81ff9243fd52704a1d210c3e387e1cb8d87?s=96&d=mm&r=g\",\"url\":\"https:\\\/\\\/secure.gravatar.com\\\/avatar\\\/48df7d18915e10cf866ba8e27604c81ff9243fd52704a1d210c3e387e1cb8d87?s=96&d=mm&r=g\",\"contentUrl\":\"https:\\\/\\\/secure.gravatar.com\\\/avatar\\\/48df7d18915e10cf866ba8e27604c81ff9243fd52704a1d210c3e387e1cb8d87?s=96&d=mm&r=g\",\"caption\":\"Ramzi\"},\"url\":\"https:\\\/\\\/www.webdo.tn\\\/fr\\\/actualite\\\/author\\\/ramzi\\\/\"}]}<\/script>\n<!-- \/ Yoast SEO Premium plugin. -->","yoast_head_json":{"title":"Global Peace Index 2023 : la Tunisie, le pays le plus pacifique d'Afrique du Nord !","description":"La Tunisie a gagn\u00e9 quatre places par rapport \u00e0 2022 et est d\u00e9sormais class\u00e9e 81e au niveau mondial.","canonical":"https:\/\/www.webdo.tn\/fr\/actualite\/national\/global-peace-index-2023-la-tunisie-le-pays-le-plus-pacifique-d-afrique-du-nord\/207061\/","og_locale":"fr_FR","og_type":"article","og_title":"Global Peace Index 2023 : la Tunisie, le pays le plus pacifique d'Afrique du Nord !","og_description":"La Tunisie a gagn\u00e9 quatre places par rapport \u00e0 2022 et est d\u00e9sormais class\u00e9e 81e au niveau mondial.","og_url":"https:\/\/www.webdo.tn\/fr\/actualite\/national\/global-peace-index-2023-la-tunisie-le-pays-le-plus-pacifique-d-afrique-du-nord\/207061\/","og_site_name":"webdo","article_publisher":"https:\/\/www.facebook.com\/webdotn","article_published_time":"2023-07-06T10:13:00+00:00","article_modified_time":"2025-05-20T22:59:39+00:00","og_image":[{"width":700,"height":373,"url":"https:\/\/www.webdo.tn\/fr\/wp-content\/uploads\/2023\/07\/936936470563a36f862a9b5423322e51.jpg","type":"image\/jpeg"}],"author":"Ramzi","twitter_card":"summary_large_image","twitter_creator":"@webdo_tn","twitter_site":"@webdo_tn","twitter_misc":{"\u00c9crit par":"Ramzi","Dur\u00e9e de lecture estim\u00e9e":"1 minute"},"schema":{"@context":"https:\/\/schema.org","@graph":[{"@type":"NewsArticle","@id":"https:\/\/www.webdo.tn\/fr\/actualite\/national\/global-peace-index-2023-la-tunisie-le-pays-le-plus-pacifique-d-afrique-du-nord\/207061\/#article","isPartOf":{"@id":"https:\/\/www.webdo.tn\/fr\/actualite\/national\/global-peace-index-2023-la-tunisie-le-pays-le-plus-pacifique-d-afrique-du-nord\/207061\/"},"author":{"name":"Ramzi","@id":"https:\/\/www.webdo.tn\/fr\/#\/schema\/person\/590cb5f81adcfde6385530fdbdf468e2"},"headline":"Global Peace Index 2023 : la Tunisie, le pays le plus pacifique d&rsquo;Afrique du Nord !","datePublished":"2023-07-06T10:13:00+00:00","dateModified":"2025-05-20T22:59:39+00:00","mainEntityOfPage":{"@id":"https:\/\/www.webdo.tn\/fr\/actualite\/national\/global-peace-index-2023-la-tunisie-le-pays-le-plus-pacifique-d-afrique-du-nord\/207061\/"},"wordCount":232,"commentCount":0,"publisher":{"@id":"https:\/\/www.webdo.tn\/fr\/#organization"},"image":{"@id":"https:\/\/www.webdo.tn\/fr\/actualite\/national\/global-peace-index-2023-la-tunisie-le-pays-le-plus-pacifique-d-afrique-du-nord\/207061\/#primaryimage"},"thumbnailUrl":"https:\/\/www.webdo.tn\/fr\/wp-content\/uploads\/2023\/07\/936936470563a36f862a9b5423322e51.jpg","keywords":["Global Peace Index","maghreb","Tunisie"],"articleSection":["National"],"inLanguage":"fr-FR"},{"@type":"WebPage","@id":"https:\/\/www.webdo.tn\/fr\/actualite\/national\/global-peace-index-2023-la-tunisie-le-pays-le-plus-pacifique-d-afrique-du-nord\/207061\/","url":"https:\/\/www.webdo.tn\/fr\/actualite\/national\/global-peace-index-2023-la-tunisie-le-pays-le-plus-pacifique-d-afrique-du-nord\/207061\/","name":"Global Peace Index 2023 : la Tunisie, le pays le plus pacifique d'Afrique du Nord !","isPartOf":{"@id":"https:\/\/www.webdo.tn\/fr\/#website"},"primaryImageOfPage":{"@id":"https:\/\/www.webdo.tn\/fr\/actualite\/national\/global-peace-index-2023-la-tunisie-le-pays-le-plus-pacifique-d-afrique-du-nord\/207061\/#primaryimage"},"image":{"@id":"https:\/\/www.webdo.tn\/fr\/actualite\/national\/global-peace-index-2023-la-tunisie-le-pays-le-plus-pacifique-d-afrique-du-nord\/207061\/#primaryimage"},"thumbnailUrl":"https:\/\/www.webdo.tn\/fr\/wp-content\/uploads\/2023\/07\/936936470563a36f862a9b5423322e51.jpg","datePublished":"2023-07-06T10:13:00+00:00","dateModified":"2025-05-20T22:59:39+00:00","description":"La Tunisie a gagn\u00e9 quatre places par rapport \u00e0 2022 et est d\u00e9sormais class\u00e9e 81e au niveau mondial.","breadcrumb":{"@id":"https:\/\/www.webdo.tn\/fr\/actualite\/national\/global-peace-index-2023-la-tunisie-le-pays-le-plus-pacifique-d-afrique-du-nord\/207061\/#breadcrumb"},"inLanguage":"fr-FR","potentialAction":[{"@type":"ReadAction","target":["https:\/\/www.webdo.tn\/fr\/actualite\/national\/global-peace-index-2023-la-tunisie-le-pays-le-plus-pacifique-d-afrique-du-nord\/207061\/"]}]},{"@type":"ImageObject","inLanguage":"fr-FR","@id":"https:\/\/www.webdo.tn\/fr\/actualite\/national\/global-peace-index-2023-la-tunisie-le-pays-le-plus-pacifique-d-afrique-du-nord\/207061\/#primaryimage","url":"https:\/\/www.webdo.tn\/fr\/wp-content\/uploads\/2023\/07\/936936470563a36f862a9b5423322e51.jpg","contentUrl":"https:\/\/www.webdo.tn\/fr\/wp-content\/uploads\/2023\/07\/936936470563a36f862a9b5423322e51.jpg","width":700,"height":373,"caption":"Global Peace Index 2023 : la Tunisie, le pays le plus pacifique d'Afrique du Nord !"},{"@type":"BreadcrumbList","@id":"https:\/\/www.webdo.tn\/fr\/actualite\/national\/global-peace-index-2023-la-tunisie-le-pays-le-plus-pacifique-d-afrique-du-nord\/207061\/#breadcrumb","itemListElement":[{"@type":"ListItem","position":1,"name":"Accueil","item":"https:\/\/www.webdo.tn\/fr\/"},{"@type":"ListItem","position":2,"name":"Global Peace Index 2023 : la Tunisie, le pays le plus pacifique d&rsquo;Afrique du Nord !"}]},{"@type":"WebSite","@id":"https:\/\/www.webdo.tn\/fr\/#website","url":"https:\/\/www.webdo.tn\/fr\/","name":"webdo","description":"Tunisie - News en Tunisie et \u00e0 l&#039;international sur Webdo.tn","publisher":{"@id":"https:\/\/www.webdo.tn\/fr\/#organization"},"potentialAction":[{"@type":"SearchAction","target":{"@type":"EntryPoint","urlTemplate":"https:\/\/www.webdo.tn\/fr\/?s={search_term_string}"},"query-input":{"@type":"PropertyValueSpecification","valueRequired":true,"valueName":"search_term_string"}}],"inLanguage":"fr-FR"},{"@type":"Organization","@id":"https:\/\/www.webdo.tn\/fr\/#organization","name":"Webdo","alternateName":"Webdo.tn","url":"https:\/\/www.webdo.tn\/fr\/","logo":{"@type":"ImageObject","inLanguage":"fr-FR","@id":"https:\/\/www.webdo.tn\/fr\/#\/schema\/logo\/image\/","url":"https:\/\/www.webdo.tn\/fr\/wp-content\/uploads\/2025\/06\/Webdo-Tunisie_168377.jpg","contentUrl":"https:\/\/www.webdo.tn\/fr\/wp-content\/uploads\/2025\/06\/Webdo-Tunisie_168377.jpg","width":301,"height":301,"caption":"Webdo"},"image":{"@id":"https:\/\/www.webdo.tn\/fr\/#\/schema\/logo\/image\/"},"sameAs":["https:\/\/www.facebook.com\/webdotn","https:\/\/x.com\/webdo_tn"],"description":"Webdo est un m\u00e9dia num\u00e9rique tunisien fond\u00e9 en 2010, sp\u00e9cialis\u00e9 dans l\u2019actualit\u00e9 nationale et internationale, l\u2019\u00e9conomie, la soci\u00e9t\u00e9 et les analyses politiques. Le site s\u2019adresse \u00e0 un large public francophone et couvre l\u2019information tunisienne en temps r\u00e9el.","email":"redac@webdo.tn","legalName":"YNJ SARL","foundingDate":"2010-09-06","numberOfEmployees":{"@type":"QuantitativeValue","minValue":"11","maxValue":"50"}},{"@type":"Person","@id":"https:\/\/www.webdo.tn\/fr\/#\/schema\/person\/590cb5f81adcfde6385530fdbdf468e2","name":"Ramzi","image":{"@type":"ImageObject","inLanguage":"fr-FR","@id":"https:\/\/secure.gravatar.com\/avatar\/48df7d18915e10cf866ba8e27604c81ff9243fd52704a1d210c3e387e1cb8d87?s=96&d=mm&r=g","url":"https:\/\/secure.gravatar.com\/avatar\/48df7d18915e10cf866ba8e27604c81ff9243fd52704a1d210c3e387e1cb8d87?s=96&d=mm&r=g","contentUrl":"https:\/\/secure.gravatar.com\/avatar\/48df7d18915e10cf866ba8e27604c81ff9243fd52704a1d210c3e387e1cb8d87?s=96&d=mm&r=g","caption":"Ramzi"},"url":"https:\/\/www.webdo.tn\/fr\/actualite\/author\/ramzi\/"}]}},"_links":{"self":[{"href":"https:\/\/www.webdo.tn\/fr\/wp-json\/wp\/v2\/posts\/207061","targetHints":{"allow":["GET"]}}],"collection":[{"href":"https:\/\/www.webdo.tn\/fr\/wp-json\/wp\/v2\/posts"}],"about":[{"href":"https:\/\/www.webdo.tn\/fr\/wp-json\/wp\/v2\/types\/post"}],"author":[{"embeddable":true,"href":"https:\/\/www.webdo.tn\/fr\/wp-json\/wp\/v2\/users\/3188"}],"replies":[{"embeddable":true,"href":"https:\/\/www.webdo.tn\/fr\/wp-json\/wp\/v2\/comments?post=207061"}],"version-history":[{"count":0,"href":"https:\/\/www.webdo.tn\/fr\/wp-json\/wp\/v2\/posts\/207061\/revisions"}],"wp:featuredmedia":[{"embeddable":true,"href":"https:\/\/www.webdo.tn\/fr\/wp-json\/wp\/v2\/media\/278452"}],"wp:attachment":[{"href":"https:\/\/www.webdo.tn\/fr\/wp-json\/wp\/v2\/media?parent=207061"}],"wp:term":[{"taxonomy":"category","embeddable":true,"href":"https:\/\/www.webdo.tn\/fr\/wp-json\/wp\/v2\/categories?post=207061"},{"taxonomy":"post_tag","embeddable":true,"href":"https:\/\/www.webdo.tn\/fr\/wp-json\/wp\/v2\/tags?post=207061"}],"curies":[{"name":"wp","href":"https:\/\/api.w.org\/{rel}","templated":true}]}}