{"id":207060,"date":"2023-07-06T09:59:00","date_gmt":"2023-07-06T09:59:00","guid":{"rendered":"https:\/\/www.webdo.tn\/fr\/blog\/en-cooperation-avec-les-suisses-la-bct-renforce-ses-capacites-techniques-et-institutionnelles\/207060\/"},"modified":"2025-05-20T22:42:29","modified_gmt":"2025-05-20T22:42:29","slug":"en-cooperation-avec-les-suisses-la-bct-renforce-ses-capacites-techniques-et-institutionnelles","status":"publish","type":"post","link":"https:\/\/www.webdo.tn\/fr\/actualite\/national\/en-cooperation-avec-les-suisses-la-bct-renforce-ses-capacites-techniques-et-institutionnelles\/207060\/","title":{"rendered":"En coop\u00e9ration avec les Suisses, la BCT renforce ses capacit\u00e9s techniques"},"content":{"rendered":"<p>Une convention de coop\u00e9ration couvrant la 3e phase du programme d\u2019assistance technique BCC (Assistance bilat\u00e9rale et renforcement des capacit\u00e9s des banques centrales) appuy\u00e9 par le gouvernement suisse \u00e0 travers le Secr\u00e9tariat d\u2019Etat \u00e0 l\u2019Economie Suisse (SECO), a \u00e9t\u00e9 paraph\u00e9e, mercredi, par Marouane Abassi et Josef Renggli, respectivement Gouverneur de la BCT et Ambassadeur de Suisse en Tunisie.<\/p>\n<p>\t\t\t\t\t\t\t\t\tLe programme BCC est destin\u00e9 \u00e0 renforcer les capacit\u00e9s techniques et institutionnelles de la BCT sur plusieurs de ses objectifs et projets strat\u00e9giques.<\/p>\n<p>Il est mis en \u0153uvre par l\u2019Institut des Hautes Etudes Internationales et du D\u00e9veloppement de Gen\u00e8ve (IHEID). Cette troisi\u00e8me phase, couvrant la p\u00e9riode 2023-2028, repr\u00e9sente la continuit\u00e9 du travail structurant d\u00e9j\u00e0 accompli durant les deux pr\u00e9c\u00e9dentes phases.<\/p>\n<p>Au niveau des m\u00e9tiers, cette nouvelle phase couvre, notamment, les domaines de la politique mon\u00e9taire et celui de la stabilit\u00e9 financi\u00e8re. Quant au d\u00e9veloppement de la recherche, le programme continuera \u00e0 accompagner la BCT \u00e0 consolider les r\u00e9sultats de ses recherches pour avoir un meilleur impact sur les prises de d\u00e9cisions.<\/p>\n<p>Par ailleurs, dans le but du renforcement de la durabilit\u00e9 environnementale, la BCT travaillera sur l\u2019att\u00e9nuation des risques environnementaux et les moyens d\u2019encourager le financement des activit\u00e9s vertes.<\/p>\n<p>A cette occasion, Abassi s\u2019est f\u00e9licit\u00e9 de la qualit\u00e9 de ce cadre de coop\u00e9ration \u00a0\u00bb auquel la BCT a adh\u00e9r\u00e9 depuis 2013 et ce, afin d\u2019identifier et de mieux r\u00e9pondre aux besoins de ses d\u00e9partements. Dix ann\u00e9es apr\u00e8s, les r\u00e9sultats de ce partenariat sont probants tant au niveau de l\u2019assistance technique, de formation que de la recherche \u00ab\u00a0, a-t-il soulign\u00e9.<\/p>\n","protected":false},"excerpt":{"rendered":"<p>Une convention de coop\u00e9ration a \u00e9t\u00e9 paraph\u00e9e, mercredi, par Marouane Abassi et Josef Renggli, respectivement Gouverneur de la BCT et Ambassadeur de Suisse en Tu&#8230;<\/p>\n","protected":false},"author":3175,"featured_media":249831,"comment_status":"open","ping_status":"closed","sticky":false,"template":"","format":"standard","meta":{"footnotes":""},"categories":[44],"tags":[2807,3155,2608],"class_list":["post-207060","post","type-post","status-publish","format-standard","has-post-thumbnail","hentry","category-national","tag-bct","tag-suisse","tag-tunisie"],"yoast_head":"<!-- This site is optimized with the Yoast SEO Premium plugin v27.5 (Yoast SEO v27.5) - https:\/\/yoast.com\/product\/yoast-seo-premium-wordpress\/ -->\n<title>En coop\u00e9ration avec les Suisses, la BCT renforce ses capacit\u00e9s techniques<\/title>\n<meta name=\"description\" content=\"Une convention de coop\u00e9ration a \u00e9t\u00e9 paraph\u00e9e, mercredi, par Marouane Abassi et Josef Renggli, respectivement Gouverneur de la BCT et Ambassadeur de Suisse en Tu...\" \/>\n<link rel=\"canonical\" href=\"https:\/\/www.webdo.tn\/fr\/actualite\/national\/en-cooperation-avec-les-suisses-la-bct-renforce-ses-capacites-techniques-et-institutionnelles\/207060\/\" \/>\n<meta property=\"og:locale\" content=\"fr_FR\" \/>\n<meta property=\"og:type\" content=\"article\" \/>\n<meta property=\"og:title\" content=\"En coop\u00e9ration avec les Suisses, la BCT renforce ses capacit\u00e9s techniques\" \/>\n<meta property=\"og:description\" content=\"Une convention de coop\u00e9ration a \u00e9t\u00e9 paraph\u00e9e, mercredi, par Marouane Abassi et Josef Renggli, respectivement Gouverneur de la BCT et Ambassadeur de Suisse en Tu...\" \/>\n<meta property=\"og:url\" content=\"https:\/\/www.webdo.tn\/fr\/actualite\/national\/en-cooperation-avec-les-suisses-la-bct-renforce-ses-capacites-techniques-et-institutionnelles\/207060\/\" \/>\n<meta property=\"og:site_name\" content=\"webdo\" \/>\n<meta property=\"article:publisher\" content=\"https:\/\/www.facebook.com\/webdotn\" \/>\n<meta property=\"article:published_time\" content=\"2023-07-06T09:59:00+00:00\" \/>\n<meta property=\"article:modified_time\" content=\"2025-05-20T22:42:29+00:00\" \/>\n<meta property=\"og:image\" content=\"https:\/\/www.webdo.tn\/fr\/wp-content\/uploads\/2023\/07\/941a9ea8dbd905546bab3058bc27a1dc.jpg\" \/>\n\t<meta property=\"og:image:width\" content=\"750\" \/>\n\t<meta property=\"og:image:height\" content=\"400\" \/>\n\t<meta property=\"og:image:type\" content=\"image\/jpeg\" \/>\n<meta name=\"author\" content=\"CL\" \/>\n<meta name=\"twitter:card\" content=\"summary_large_image\" \/>\n<meta name=\"twitter:creator\" content=\"@webdo_tn\" \/>\n<meta name=\"twitter:site\" content=\"@webdo_tn\" \/>\n<meta name=\"twitter:label1\" content=\"\u00c9crit par\" \/>\n\t<meta name=\"twitter:data1\" content=\"CL\" \/>\n\t<meta name=\"twitter:label2\" content=\"Dur\u00e9e de lecture estim\u00e9e\" \/>\n\t<meta name=\"twitter:data2\" content=\"1 minute\" \/>\n<script type=\"application\/ld+json\" class=\"yoast-schema-graph\">{\"@context\":\"https:\\\/\\\/schema.org\",\"@graph\":[{\"@type\":\"NewsArticle\",\"@id\":\"https:\\\/\\\/www.webdo.tn\\\/fr\\\/actualite\\\/national\\\/en-cooperation-avec-les-suisses-la-bct-renforce-ses-capacites-techniques-et-institutionnelles\\\/207060\\\/#article\",\"isPartOf\":{\"@id\":\"https:\\\/\\\/www.webdo.tn\\\/fr\\\/actualite\\\/national\\\/en-cooperation-avec-les-suisses-la-bct-renforce-ses-capacites-techniques-et-institutionnelles\\\/207060\\\/\"},\"author\":{\"name\":\"CL\",\"@id\":\"https:\\\/\\\/www.webdo.tn\\\/fr\\\/#\\\/schema\\\/person\\\/f35b42a42c5e2511bbd282959d6385cc\"},\"headline\":\"En coop\u00e9ration avec les Suisses, la BCT renforce ses capacit\u00e9s techniques\",\"datePublished\":\"2023-07-06T09:59:00+00:00\",\"dateModified\":\"2025-05-20T22:42:29+00:00\",\"mainEntityOfPage\":{\"@id\":\"https:\\\/\\\/www.webdo.tn\\\/fr\\\/actualite\\\/national\\\/en-cooperation-avec-les-suisses-la-bct-renforce-ses-capacites-techniques-et-institutionnelles\\\/207060\\\/\"},\"wordCount\":301,\"commentCount\":0,\"publisher\":{\"@id\":\"https:\\\/\\\/www.webdo.tn\\\/fr\\\/#organization\"},\"image\":{\"@id\":\"https:\\\/\\\/www.webdo.tn\\\/fr\\\/actualite\\\/national\\\/en-cooperation-avec-les-suisses-la-bct-renforce-ses-capacites-techniques-et-institutionnelles\\\/207060\\\/#primaryimage\"},\"thumbnailUrl\":\"https:\\\/\\\/www.webdo.tn\\\/fr\\\/wp-content\\\/uploads\\\/2023\\\/07\\\/941a9ea8dbd905546bab3058bc27a1dc.jpg\",\"keywords\":[\"BCT\",\"suisse\",\"Tunisie\"],\"articleSection\":[\"National\"],\"inLanguage\":\"fr-FR\"},{\"@type\":\"WebPage\",\"@id\":\"https:\\\/\\\/www.webdo.tn\\\/fr\\\/actualite\\\/national\\\/en-cooperation-avec-les-suisses-la-bct-renforce-ses-capacites-techniques-et-institutionnelles\\\/207060\\\/\",\"url\":\"https:\\\/\\\/www.webdo.tn\\\/fr\\\/actualite\\\/national\\\/en-cooperation-avec-les-suisses-la-bct-renforce-ses-capacites-techniques-et-institutionnelles\\\/207060\\\/\",\"name\":\"En coop\u00e9ration avec les Suisses, la BCT renforce ses capacit\u00e9s techniques\",\"isPartOf\":{\"@id\":\"https:\\\/\\\/www.webdo.tn\\\/fr\\\/#website\"},\"primaryImageOfPage\":{\"@id\":\"https:\\\/\\\/www.webdo.tn\\\/fr\\\/actualite\\\/national\\\/en-cooperation-avec-les-suisses-la-bct-renforce-ses-capacites-techniques-et-institutionnelles\\\/207060\\\/#primaryimage\"},\"image\":{\"@id\":\"https:\\\/\\\/www.webdo.tn\\\/fr\\\/actualite\\\/national\\\/en-cooperation-avec-les-suisses-la-bct-renforce-ses-capacites-techniques-et-institutionnelles\\\/207060\\\/#primaryimage\"},\"thumbnailUrl\":\"https:\\\/\\\/www.webdo.tn\\\/fr\\\/wp-content\\\/uploads\\\/2023\\\/07\\\/941a9ea8dbd905546bab3058bc27a1dc.jpg\",\"datePublished\":\"2023-07-06T09:59:00+00:00\",\"dateModified\":\"2025-05-20T22:42:29+00:00\",\"description\":\"Une convention de coop\u00e9ration a \u00e9t\u00e9 paraph\u00e9e, mercredi, par Marouane Abassi et Josef Renggli, respectivement Gouverneur de la BCT et Ambassadeur de Suisse en Tu...\",\"breadcrumb\":{\"@id\":\"https:\\\/\\\/www.webdo.tn\\\/fr\\\/actualite\\\/national\\\/en-cooperation-avec-les-suisses-la-bct-renforce-ses-capacites-techniques-et-institutionnelles\\\/207060\\\/#breadcrumb\"},\"inLanguage\":\"fr-FR\",\"potentialAction\":[{\"@type\":\"ReadAction\",\"target\":[\"https:\\\/\\\/www.webdo.tn\\\/fr\\\/actualite\\\/national\\\/en-cooperation-avec-les-suisses-la-bct-renforce-ses-capacites-techniques-et-institutionnelles\\\/207060\\\/\"]}]},{\"@type\":\"ImageObject\",\"inLanguage\":\"fr-FR\",\"@id\":\"https:\\\/\\\/www.webdo.tn\\\/fr\\\/actualite\\\/national\\\/en-cooperation-avec-les-suisses-la-bct-renforce-ses-capacites-techniques-et-institutionnelles\\\/207060\\\/#primaryimage\",\"url\":\"https:\\\/\\\/www.webdo.tn\\\/fr\\\/wp-content\\\/uploads\\\/2023\\\/07\\\/941a9ea8dbd905546bab3058bc27a1dc.jpg\",\"contentUrl\":\"https:\\\/\\\/www.webdo.tn\\\/fr\\\/wp-content\\\/uploads\\\/2023\\\/07\\\/941a9ea8dbd905546bab3058bc27a1dc.jpg\",\"width\":750,\"height\":400,\"caption\":\"En coop\u00e9ration avec les Suisses, la BCT renforce ses capacit\u00e9s techniques\"},{\"@type\":\"BreadcrumbList\",\"@id\":\"https:\\\/\\\/www.webdo.tn\\\/fr\\\/actualite\\\/national\\\/en-cooperation-avec-les-suisses-la-bct-renforce-ses-capacites-techniques-et-institutionnelles\\\/207060\\\/#breadcrumb\",\"itemListElement\":[{\"@type\":\"ListItem\",\"position\":1,\"name\":\"Accueil\",\"item\":\"https:\\\/\\\/www.webdo.tn\\\/fr\\\/\"},{\"@type\":\"ListItem\",\"position\":2,\"name\":\"En coop\u00e9ration avec les Suisses, la BCT renforce ses capacit\u00e9s techniques\"}]},{\"@type\":\"WebSite\",\"@id\":\"https:\\\/\\\/www.webdo.tn\\\/fr\\\/#website\",\"url\":\"https:\\\/\\\/www.webdo.tn\\\/fr\\\/\",\"name\":\"webdo\",\"description\":\"Tunisie - News en Tunisie et \u00e0 l&#039;international sur Webdo.tn\",\"publisher\":{\"@id\":\"https:\\\/\\\/www.webdo.tn\\\/fr\\\/#organization\"},\"potentialAction\":[{\"@type\":\"SearchAction\",\"target\":{\"@type\":\"EntryPoint\",\"urlTemplate\":\"https:\\\/\\\/www.webdo.tn\\\/fr\\\/?s={search_term_string}\"},\"query-input\":{\"@type\":\"PropertyValueSpecification\",\"valueRequired\":true,\"valueName\":\"search_term_string\"}}],\"inLanguage\":\"fr-FR\"},{\"@type\":\"Organization\",\"@id\":\"https:\\\/\\\/www.webdo.tn\\\/fr\\\/#organization\",\"name\":\"Webdo\",\"alternateName\":\"Webdo.tn\",\"url\":\"https:\\\/\\\/www.webdo.tn\\\/fr\\\/\",\"logo\":{\"@type\":\"ImageObject\",\"inLanguage\":\"fr-FR\",\"@id\":\"https:\\\/\\\/www.webdo.tn\\\/fr\\\/#\\\/schema\\\/logo\\\/image\\\/\",\"url\":\"https:\\\/\\\/www.webdo.tn\\\/fr\\\/wp-content\\\/uploads\\\/2025\\\/06\\\/Webdo-Tunisie_168377.jpg\",\"contentUrl\":\"https:\\\/\\\/www.webdo.tn\\\/fr\\\/wp-content\\\/uploads\\\/2025\\\/06\\\/Webdo-Tunisie_168377.jpg\",\"width\":301,\"height\":301,\"caption\":\"Webdo\"},\"image\":{\"@id\":\"https:\\\/\\\/www.webdo.tn\\\/fr\\\/#\\\/schema\\\/logo\\\/image\\\/\"},\"sameAs\":[\"https:\\\/\\\/www.facebook.com\\\/webdotn\",\"https:\\\/\\\/x.com\\\/webdo_tn\"],\"description\":\"Webdo est un m\u00e9dia num\u00e9rique tunisien fond\u00e9 en 2010, sp\u00e9cialis\u00e9 dans l\u2019actualit\u00e9 nationale et internationale, l\u2019\u00e9conomie, la soci\u00e9t\u00e9 et les analyses politiques. Le site s\u2019adresse \u00e0 un large public francophone et couvre l\u2019information tunisienne en temps r\u00e9el.\",\"email\":\"redac@webdo.tn\",\"legalName\":\"YNJ SARL\",\"foundingDate\":\"2010-09-06\",\"numberOfEmployees\":{\"@type\":\"QuantitativeValue\",\"minValue\":\"11\",\"maxValue\":\"50\"}},{\"@type\":\"Person\",\"@id\":\"https:\\\/\\\/www.webdo.tn\\\/fr\\\/#\\\/schema\\\/person\\\/f35b42a42c5e2511bbd282959d6385cc\",\"name\":\"CL\",\"image\":{\"@type\":\"ImageObject\",\"inLanguage\":\"fr-FR\",\"@id\":\"https:\\\/\\\/secure.gravatar.com\\\/avatar\\\/1447a49909b67aa657c488aec6512e1dd6143a480c1ecfee9b5b5cd74eb3b59e?s=96&d=mm&r=g\",\"url\":\"https:\\\/\\\/secure.gravatar.com\\\/avatar\\\/1447a49909b67aa657c488aec6512e1dd6143a480c1ecfee9b5b5cd74eb3b59e?s=96&d=mm&r=g\",\"contentUrl\":\"https:\\\/\\\/secure.gravatar.com\\\/avatar\\\/1447a49909b67aa657c488aec6512e1dd6143a480c1ecfee9b5b5cd74eb3b59e?s=96&d=mm&r=g\",\"caption\":\"CL\"},\"url\":\"https:\\\/\\\/www.webdo.tn\\\/fr\\\/actualite\\\/author\\\/cl\\\/\"}]}<\/script>\n<!-- \/ Yoast SEO Premium plugin. -->","yoast_head_json":{"title":"En coop\u00e9ration avec les Suisses, la BCT renforce ses capacit\u00e9s techniques","description":"Une convention de coop\u00e9ration a \u00e9t\u00e9 paraph\u00e9e, mercredi, par Marouane Abassi et Josef Renggli, respectivement Gouverneur de la BCT et Ambassadeur de Suisse en Tu...","canonical":"https:\/\/www.webdo.tn\/fr\/actualite\/national\/en-cooperation-avec-les-suisses-la-bct-renforce-ses-capacites-techniques-et-institutionnelles\/207060\/","og_locale":"fr_FR","og_type":"article","og_title":"En coop\u00e9ration avec les Suisses, la BCT renforce ses capacit\u00e9s techniques","og_description":"Une convention de coop\u00e9ration a \u00e9t\u00e9 paraph\u00e9e, mercredi, par Marouane Abassi et Josef Renggli, respectivement Gouverneur de la BCT et Ambassadeur de Suisse en Tu...","og_url":"https:\/\/www.webdo.tn\/fr\/actualite\/national\/en-cooperation-avec-les-suisses-la-bct-renforce-ses-capacites-techniques-et-institutionnelles\/207060\/","og_site_name":"webdo","article_publisher":"https:\/\/www.facebook.com\/webdotn","article_published_time":"2023-07-06T09:59:00+00:00","article_modified_time":"2025-05-20T22:42:29+00:00","og_image":[{"width":750,"height":400,"url":"https:\/\/www.webdo.tn\/fr\/wp-content\/uploads\/2023\/07\/941a9ea8dbd905546bab3058bc27a1dc.jpg","type":"image\/jpeg"}],"author":"CL","twitter_card":"summary_large_image","twitter_creator":"@webdo_tn","twitter_site":"@webdo_tn","twitter_misc":{"\u00c9crit par":"CL","Dur\u00e9e de lecture estim\u00e9e":"1 minute"},"schema":{"@context":"https:\/\/schema.org","@graph":[{"@type":"NewsArticle","@id":"https:\/\/www.webdo.tn\/fr\/actualite\/national\/en-cooperation-avec-les-suisses-la-bct-renforce-ses-capacites-techniques-et-institutionnelles\/207060\/#article","isPartOf":{"@id":"https:\/\/www.webdo.tn\/fr\/actualite\/national\/en-cooperation-avec-les-suisses-la-bct-renforce-ses-capacites-techniques-et-institutionnelles\/207060\/"},"author":{"name":"CL","@id":"https:\/\/www.webdo.tn\/fr\/#\/schema\/person\/f35b42a42c5e2511bbd282959d6385cc"},"headline":"En coop\u00e9ration avec les Suisses, la BCT renforce ses capacit\u00e9s techniques","datePublished":"2023-07-06T09:59:00+00:00","dateModified":"2025-05-20T22:42:29+00:00","mainEntityOfPage":{"@id":"https:\/\/www.webdo.tn\/fr\/actualite\/national\/en-cooperation-avec-les-suisses-la-bct-renforce-ses-capacites-techniques-et-institutionnelles\/207060\/"},"wordCount":301,"commentCount":0,"publisher":{"@id":"https:\/\/www.webdo.tn\/fr\/#organization"},"image":{"@id":"https:\/\/www.webdo.tn\/fr\/actualite\/national\/en-cooperation-avec-les-suisses-la-bct-renforce-ses-capacites-techniques-et-institutionnelles\/207060\/#primaryimage"},"thumbnailUrl":"https:\/\/www.webdo.tn\/fr\/wp-content\/uploads\/2023\/07\/941a9ea8dbd905546bab3058bc27a1dc.jpg","keywords":["BCT","suisse","Tunisie"],"articleSection":["National"],"inLanguage":"fr-FR"},{"@type":"WebPage","@id":"https:\/\/www.webdo.tn\/fr\/actualite\/national\/en-cooperation-avec-les-suisses-la-bct-renforce-ses-capacites-techniques-et-institutionnelles\/207060\/","url":"https:\/\/www.webdo.tn\/fr\/actualite\/national\/en-cooperation-avec-les-suisses-la-bct-renforce-ses-capacites-techniques-et-institutionnelles\/207060\/","name":"En coop\u00e9ration avec les Suisses, la BCT renforce ses capacit\u00e9s techniques","isPartOf":{"@id":"https:\/\/www.webdo.tn\/fr\/#website"},"primaryImageOfPage":{"@id":"https:\/\/www.webdo.tn\/fr\/actualite\/national\/en-cooperation-avec-les-suisses-la-bct-renforce-ses-capacites-techniques-et-institutionnelles\/207060\/#primaryimage"},"image":{"@id":"https:\/\/www.webdo.tn\/fr\/actualite\/national\/en-cooperation-avec-les-suisses-la-bct-renforce-ses-capacites-techniques-et-institutionnelles\/207060\/#primaryimage"},"thumbnailUrl":"https:\/\/www.webdo.tn\/fr\/wp-content\/uploads\/2023\/07\/941a9ea8dbd905546bab3058bc27a1dc.jpg","datePublished":"2023-07-06T09:59:00+00:00","dateModified":"2025-05-20T22:42:29+00:00","description":"Une convention de coop\u00e9ration a \u00e9t\u00e9 paraph\u00e9e, mercredi, par Marouane Abassi et Josef Renggli, respectivement Gouverneur de la BCT et Ambassadeur de Suisse en Tu...","breadcrumb":{"@id":"https:\/\/www.webdo.tn\/fr\/actualite\/national\/en-cooperation-avec-les-suisses-la-bct-renforce-ses-capacites-techniques-et-institutionnelles\/207060\/#breadcrumb"},"inLanguage":"fr-FR","potentialAction":[{"@type":"ReadAction","target":["https:\/\/www.webdo.tn\/fr\/actualite\/national\/en-cooperation-avec-les-suisses-la-bct-renforce-ses-capacites-techniques-et-institutionnelles\/207060\/"]}]},{"@type":"ImageObject","inLanguage":"fr-FR","@id":"https:\/\/www.webdo.tn\/fr\/actualite\/national\/en-cooperation-avec-les-suisses-la-bct-renforce-ses-capacites-techniques-et-institutionnelles\/207060\/#primaryimage","url":"https:\/\/www.webdo.tn\/fr\/wp-content\/uploads\/2023\/07\/941a9ea8dbd905546bab3058bc27a1dc.jpg","contentUrl":"https:\/\/www.webdo.tn\/fr\/wp-content\/uploads\/2023\/07\/941a9ea8dbd905546bab3058bc27a1dc.jpg","width":750,"height":400,"caption":"En coop\u00e9ration avec les Suisses, la BCT renforce ses capacit\u00e9s techniques"},{"@type":"BreadcrumbList","@id":"https:\/\/www.webdo.tn\/fr\/actualite\/national\/en-cooperation-avec-les-suisses-la-bct-renforce-ses-capacites-techniques-et-institutionnelles\/207060\/#breadcrumb","itemListElement":[{"@type":"ListItem","position":1,"name":"Accueil","item":"https:\/\/www.webdo.tn\/fr\/"},{"@type":"ListItem","position":2,"name":"En coop\u00e9ration avec les Suisses, la BCT renforce ses capacit\u00e9s techniques"}]},{"@type":"WebSite","@id":"https:\/\/www.webdo.tn\/fr\/#website","url":"https:\/\/www.webdo.tn\/fr\/","name":"webdo","description":"Tunisie - News en Tunisie et \u00e0 l&#039;international sur Webdo.tn","publisher":{"@id":"https:\/\/www.webdo.tn\/fr\/#organization"},"potentialAction":[{"@type":"SearchAction","target":{"@type":"EntryPoint","urlTemplate":"https:\/\/www.webdo.tn\/fr\/?s={search_term_string}"},"query-input":{"@type":"PropertyValueSpecification","valueRequired":true,"valueName":"search_term_string"}}],"inLanguage":"fr-FR"},{"@type":"Organization","@id":"https:\/\/www.webdo.tn\/fr\/#organization","name":"Webdo","alternateName":"Webdo.tn","url":"https:\/\/www.webdo.tn\/fr\/","logo":{"@type":"ImageObject","inLanguage":"fr-FR","@id":"https:\/\/www.webdo.tn\/fr\/#\/schema\/logo\/image\/","url":"https:\/\/www.webdo.tn\/fr\/wp-content\/uploads\/2025\/06\/Webdo-Tunisie_168377.jpg","contentUrl":"https:\/\/www.webdo.tn\/fr\/wp-content\/uploads\/2025\/06\/Webdo-Tunisie_168377.jpg","width":301,"height":301,"caption":"Webdo"},"image":{"@id":"https:\/\/www.webdo.tn\/fr\/#\/schema\/logo\/image\/"},"sameAs":["https:\/\/www.facebook.com\/webdotn","https:\/\/x.com\/webdo_tn"],"description":"Webdo est un m\u00e9dia num\u00e9rique tunisien fond\u00e9 en 2010, sp\u00e9cialis\u00e9 dans l\u2019actualit\u00e9 nationale et internationale, l\u2019\u00e9conomie, la soci\u00e9t\u00e9 et les analyses politiques. Le site s\u2019adresse \u00e0 un large public francophone et couvre l\u2019information tunisienne en temps r\u00e9el.","email":"redac@webdo.tn","legalName":"YNJ SARL","foundingDate":"2010-09-06","numberOfEmployees":{"@type":"QuantitativeValue","minValue":"11","maxValue":"50"}},{"@type":"Person","@id":"https:\/\/www.webdo.tn\/fr\/#\/schema\/person\/f35b42a42c5e2511bbd282959d6385cc","name":"CL","image":{"@type":"ImageObject","inLanguage":"fr-FR","@id":"https:\/\/secure.gravatar.com\/avatar\/1447a49909b67aa657c488aec6512e1dd6143a480c1ecfee9b5b5cd74eb3b59e?s=96&d=mm&r=g","url":"https:\/\/secure.gravatar.com\/avatar\/1447a49909b67aa657c488aec6512e1dd6143a480c1ecfee9b5b5cd74eb3b59e?s=96&d=mm&r=g","contentUrl":"https:\/\/secure.gravatar.com\/avatar\/1447a49909b67aa657c488aec6512e1dd6143a480c1ecfee9b5b5cd74eb3b59e?s=96&d=mm&r=g","caption":"CL"},"url":"https:\/\/www.webdo.tn\/fr\/actualite\/author\/cl\/"}]}},"_links":{"self":[{"href":"https:\/\/www.webdo.tn\/fr\/wp-json\/wp\/v2\/posts\/207060","targetHints":{"allow":["GET"]}}],"collection":[{"href":"https:\/\/www.webdo.tn\/fr\/wp-json\/wp\/v2\/posts"}],"about":[{"href":"https:\/\/www.webdo.tn\/fr\/wp-json\/wp\/v2\/types\/post"}],"author":[{"embeddable":true,"href":"https:\/\/www.webdo.tn\/fr\/wp-json\/wp\/v2\/users\/3175"}],"replies":[{"embeddable":true,"href":"https:\/\/www.webdo.tn\/fr\/wp-json\/wp\/v2\/comments?post=207060"}],"version-history":[{"count":0,"href":"https:\/\/www.webdo.tn\/fr\/wp-json\/wp\/v2\/posts\/207060\/revisions"}],"wp:featuredmedia":[{"embeddable":true,"href":"https:\/\/www.webdo.tn\/fr\/wp-json\/wp\/v2\/media\/249831"}],"wp:attachment":[{"href":"https:\/\/www.webdo.tn\/fr\/wp-json\/wp\/v2\/media?parent=207060"}],"wp:term":[{"taxonomy":"category","embeddable":true,"href":"https:\/\/www.webdo.tn\/fr\/wp-json\/wp\/v2\/categories?post=207060"},{"taxonomy":"post_tag","embeddable":true,"href":"https:\/\/www.webdo.tn\/fr\/wp-json\/wp\/v2\/tags?post=207060"}],"curies":[{"name":"wp","href":"https:\/\/api.w.org\/{rel}","templated":true}]}}