{"id":207041,"date":"2023-07-05T12:47:00","date_gmt":"2023-07-05T12:47:00","guid":{"rendered":"https:\/\/www.webdo.tn\/fr\/blog\/233-mdt-1ere-tranche-d-un-pret-japonais-pour-la-tunisie\/207041\/"},"modified":"2025-05-20T22:57:08","modified_gmt":"2025-05-20T22:57:08","slug":"233-mdt-1ere-tranche-d-un-pret-japonais-pour-la-tunisie","status":"publish","type":"post","link":"https:\/\/www.webdo.tn\/fr\/actualite\/national\/233-mdt-1ere-tranche-d-un-pret-japonais-pour-la-tunisie\/207041\/","title":{"rendered":"233 MD, 1\u00e8re tranche d\u2019un pr\u00eat japonais pour la Tunisie"},"content":{"rendered":"<p>La premi\u00e8re tranche du pr\u00eat concessionnel pour le Projet d\u2019Appui au Renforcement de la Protection Sociale, d\u2019un montant de l\u2019ordre de 10.4 milliards de Yen, soit quelque 233 millions de dinars tunisiens, a \u00e9t\u00e9 d\u00e9caiss\u00e9e, le 9 juin 2023, par la JICA (Japan International Cooperation Agency) et mise  \u00e0 la disposition du Gouvernement tunisien.<\/p>\n<p>\t\t\t\t\t\t\t\t\tCe projet vise \u00e0 consolider la mise en \u0153uvre du programme \u00ab Amen Social \u00bb, de protection sociale en Tunisie, contribuant ainsi \u00e0 am\u00e9liorer les conditions de vie pour les familles n\u00e9cessiteuses et \u00e0 revenus limit\u00e9s et \u00e0 promouvoir la stabilit\u00e9 sociale dans le pays.\u00a0<br \/>\n\u00a0\u00a0<br \/>\nSelon un communiqu\u00e9 de la JICA, cette premi\u00e8re tranche a pour objectif de financer les d\u00e9penses relatives aux aides sociales sous forme de transferts mon\u00e9taires mensuels, et ce, au profit des m\u00e9nages \u00e9ligibles.\u00a0<\/p>\n<p>Le projet en question avait \u00e9t\u00e9 annonc\u00e9 par le Premier ministre du Japon, Kishida Fumio, \u00e0 Ka\u00efs Sa\u00efed, Pr\u00e9sident de la R\u00e9publique tunisienne, \u00e0 l\u2019occasion de la TICAD8, tenue au mois d\u2019ao\u00fbt 2022 \u00e0 Tunis, et sign\u00e9 entre les deux gouvernements au mois de janvier 2023.<\/p>\n","protected":false},"excerpt":{"rendered":"<p>La premi\u00e8re tranche du pr\u00eat concessionnel d\u2019un montant de l\u2019ordre de 10.4 milliards de Yen, soit quelque 233 millions de dinars tunisiens, a \u00e9t\u00e9 d\u00e9caiss\u00e9e, le 9&#8230;<\/p>\n","protected":false},"author":3185,"featured_media":249821,"comment_status":"open","ping_status":"closed","sticky":false,"template":"","format":"standard","meta":{"footnotes":""},"categories":[44],"tags":[8227,2961,2685],"class_list":["post-207041","post","type-post","status-publish","format-standard","has-post-thumbnail","hentry","category-national","tag-1ere-tranche","tag-japon","tag-pret"],"yoast_head":"<!-- This site is optimized with the Yoast SEO Premium plugin v27.5 (Yoast SEO v27.5) - https:\/\/yoast.com\/product\/yoast-seo-premium-wordpress\/ -->\n<title>233 MD, 1\u00e8re tranche d\u2019un pr\u00eat japonais pour la Tunisie<\/title>\n<meta name=\"description\" content=\"La premi\u00e8re tranche du pr\u00eat concessionnel d\u2019un montant de l\u2019ordre de 10.4 milliards de Yen, soit quelque 233 millions de dinars tunisiens, a \u00e9t\u00e9 d\u00e9caiss\u00e9e, le 9...\" \/>\n<link rel=\"canonical\" href=\"https:\/\/www.webdo.tn\/fr\/actualite\/national\/233-mdt-1ere-tranche-d-un-pret-japonais-pour-la-tunisie\/207041\/\" \/>\n<meta property=\"og:locale\" content=\"fr_FR\" \/>\n<meta property=\"og:type\" content=\"article\" \/>\n<meta property=\"og:title\" content=\"233 MD, 1\u00e8re tranche d\u2019un pr\u00eat japonais pour la Tunisie\" \/>\n<meta property=\"og:description\" content=\"La premi\u00e8re tranche du pr\u00eat concessionnel d\u2019un montant de l\u2019ordre de 10.4 milliards de Yen, soit quelque 233 millions de dinars tunisiens, a \u00e9t\u00e9 d\u00e9caiss\u00e9e, le 9...\" \/>\n<meta property=\"og:url\" content=\"https:\/\/www.webdo.tn\/fr\/actualite\/national\/233-mdt-1ere-tranche-d-un-pret-japonais-pour-la-tunisie\/207041\/\" \/>\n<meta property=\"og:site_name\" content=\"webdo\" \/>\n<meta property=\"article:publisher\" content=\"https:\/\/www.facebook.com\/webdotn\" \/>\n<meta property=\"article:published_time\" content=\"2023-07-05T12:47:00+00:00\" \/>\n<meta property=\"article:modified_time\" content=\"2025-05-20T22:57:08+00:00\" \/>\n<meta property=\"og:image\" content=\"https:\/\/www.webdo.tn\/fr\/wp-content\/uploads\/2023\/07\/01aa55042c10c1010adb98fce7761b00.jpg\" \/>\n\t<meta property=\"og:image:width\" content=\"686\" \/>\n\t<meta property=\"og:image:height\" content=\"366\" \/>\n\t<meta property=\"og:image:type\" content=\"image\/jpeg\" \/>\n<meta name=\"author\" content=\"WDA\" \/>\n<meta name=\"twitter:card\" content=\"summary_large_image\" \/>\n<meta name=\"twitter:creator\" content=\"@webdo_tn\" \/>\n<meta name=\"twitter:site\" content=\"@webdo_tn\" \/>\n<meta name=\"twitter:label1\" content=\"\u00c9crit par\" \/>\n\t<meta name=\"twitter:data1\" content=\"WDA\" \/>\n\t<meta name=\"twitter:label2\" content=\"Dur\u00e9e de lecture estim\u00e9e\" \/>\n\t<meta name=\"twitter:data2\" content=\"1 minute\" \/>\n<script type=\"application\/ld+json\" class=\"yoast-schema-graph\">{\"@context\":\"https:\\\/\\\/schema.org\",\"@graph\":[{\"@type\":\"NewsArticle\",\"@id\":\"https:\\\/\\\/www.webdo.tn\\\/fr\\\/actualite\\\/national\\\/233-mdt-1ere-tranche-d-un-pret-japonais-pour-la-tunisie\\\/207041\\\/#article\",\"isPartOf\":{\"@id\":\"https:\\\/\\\/www.webdo.tn\\\/fr\\\/actualite\\\/national\\\/233-mdt-1ere-tranche-d-un-pret-japonais-pour-la-tunisie\\\/207041\\\/\"},\"author\":{\"name\":\"WDA\",\"@id\":\"https:\\\/\\\/www.webdo.tn\\\/fr\\\/#\\\/schema\\\/person\\\/ae999f6cc68c323955dd7bb23b41f2dd\"},\"headline\":\"233 MD, 1\u00e8re tranche d\u2019un pr\u00eat japonais pour la Tunisie\",\"datePublished\":\"2023-07-05T12:47:00+00:00\",\"dateModified\":\"2025-05-20T22:57:08+00:00\",\"mainEntityOfPage\":{\"@id\":\"https:\\\/\\\/www.webdo.tn\\\/fr\\\/actualite\\\/national\\\/233-mdt-1ere-tranche-d-un-pret-japonais-pour-la-tunisie\\\/207041\\\/\"},\"wordCount\":194,\"commentCount\":0,\"publisher\":{\"@id\":\"https:\\\/\\\/www.webdo.tn\\\/fr\\\/#organization\"},\"image\":{\"@id\":\"https:\\\/\\\/www.webdo.tn\\\/fr\\\/actualite\\\/national\\\/233-mdt-1ere-tranche-d-un-pret-japonais-pour-la-tunisie\\\/207041\\\/#primaryimage\"},\"thumbnailUrl\":\"https:\\\/\\\/www.webdo.tn\\\/fr\\\/wp-content\\\/uploads\\\/2023\\\/07\\\/01aa55042c10c1010adb98fce7761b00.jpg\",\"keywords\":[\"1\u00e8re tranche\",\"Japon\",\"pr\u00eat\"],\"articleSection\":[\"National\"],\"inLanguage\":\"fr-FR\"},{\"@type\":\"WebPage\",\"@id\":\"https:\\\/\\\/www.webdo.tn\\\/fr\\\/actualite\\\/national\\\/233-mdt-1ere-tranche-d-un-pret-japonais-pour-la-tunisie\\\/207041\\\/\",\"url\":\"https:\\\/\\\/www.webdo.tn\\\/fr\\\/actualite\\\/national\\\/233-mdt-1ere-tranche-d-un-pret-japonais-pour-la-tunisie\\\/207041\\\/\",\"name\":\"233 MD, 1\u00e8re tranche d\u2019un pr\u00eat japonais pour la Tunisie\",\"isPartOf\":{\"@id\":\"https:\\\/\\\/www.webdo.tn\\\/fr\\\/#website\"},\"primaryImageOfPage\":{\"@id\":\"https:\\\/\\\/www.webdo.tn\\\/fr\\\/actualite\\\/national\\\/233-mdt-1ere-tranche-d-un-pret-japonais-pour-la-tunisie\\\/207041\\\/#primaryimage\"},\"image\":{\"@id\":\"https:\\\/\\\/www.webdo.tn\\\/fr\\\/actualite\\\/national\\\/233-mdt-1ere-tranche-d-un-pret-japonais-pour-la-tunisie\\\/207041\\\/#primaryimage\"},\"thumbnailUrl\":\"https:\\\/\\\/www.webdo.tn\\\/fr\\\/wp-content\\\/uploads\\\/2023\\\/07\\\/01aa55042c10c1010adb98fce7761b00.jpg\",\"datePublished\":\"2023-07-05T12:47:00+00:00\",\"dateModified\":\"2025-05-20T22:57:08+00:00\",\"description\":\"La premi\u00e8re tranche du pr\u00eat concessionnel d\u2019un montant de l\u2019ordre de 10.4 milliards de Yen, soit quelque 233 millions de dinars tunisiens, a \u00e9t\u00e9 d\u00e9caiss\u00e9e, le 9...\",\"breadcrumb\":{\"@id\":\"https:\\\/\\\/www.webdo.tn\\\/fr\\\/actualite\\\/national\\\/233-mdt-1ere-tranche-d-un-pret-japonais-pour-la-tunisie\\\/207041\\\/#breadcrumb\"},\"inLanguage\":\"fr-FR\",\"potentialAction\":[{\"@type\":\"ReadAction\",\"target\":[\"https:\\\/\\\/www.webdo.tn\\\/fr\\\/actualite\\\/national\\\/233-mdt-1ere-tranche-d-un-pret-japonais-pour-la-tunisie\\\/207041\\\/\"]}]},{\"@type\":\"ImageObject\",\"inLanguage\":\"fr-FR\",\"@id\":\"https:\\\/\\\/www.webdo.tn\\\/fr\\\/actualite\\\/national\\\/233-mdt-1ere-tranche-d-un-pret-japonais-pour-la-tunisie\\\/207041\\\/#primaryimage\",\"url\":\"https:\\\/\\\/www.webdo.tn\\\/fr\\\/wp-content\\\/uploads\\\/2023\\\/07\\\/01aa55042c10c1010adb98fce7761b00.jpg\",\"contentUrl\":\"https:\\\/\\\/www.webdo.tn\\\/fr\\\/wp-content\\\/uploads\\\/2023\\\/07\\\/01aa55042c10c1010adb98fce7761b00.jpg\",\"width\":686,\"height\":366,\"caption\":\"233 MD, 1\u00e8re tranche d\u2019un pr\u00eat japonais pour la Tunisie\"},{\"@type\":\"BreadcrumbList\",\"@id\":\"https:\\\/\\\/www.webdo.tn\\\/fr\\\/actualite\\\/national\\\/233-mdt-1ere-tranche-d-un-pret-japonais-pour-la-tunisie\\\/207041\\\/#breadcrumb\",\"itemListElement\":[{\"@type\":\"ListItem\",\"position\":1,\"name\":\"Accueil\",\"item\":\"https:\\\/\\\/www.webdo.tn\\\/fr\\\/\"},{\"@type\":\"ListItem\",\"position\":2,\"name\":\"233 MD, 1\u00e8re tranche d\u2019un pr\u00eat japonais pour la Tunisie\"}]},{\"@type\":\"WebSite\",\"@id\":\"https:\\\/\\\/www.webdo.tn\\\/fr\\\/#website\",\"url\":\"https:\\\/\\\/www.webdo.tn\\\/fr\\\/\",\"name\":\"webdo\",\"description\":\"Tunisie - News en Tunisie et \u00e0 l&#039;international sur Webdo.tn\",\"publisher\":{\"@id\":\"https:\\\/\\\/www.webdo.tn\\\/fr\\\/#organization\"},\"potentialAction\":[{\"@type\":\"SearchAction\",\"target\":{\"@type\":\"EntryPoint\",\"urlTemplate\":\"https:\\\/\\\/www.webdo.tn\\\/fr\\\/?s={search_term_string}\"},\"query-input\":{\"@type\":\"PropertyValueSpecification\",\"valueRequired\":true,\"valueName\":\"search_term_string\"}}],\"inLanguage\":\"fr-FR\"},{\"@type\":\"Organization\",\"@id\":\"https:\\\/\\\/www.webdo.tn\\\/fr\\\/#organization\",\"name\":\"Webdo\",\"alternateName\":\"Webdo.tn\",\"url\":\"https:\\\/\\\/www.webdo.tn\\\/fr\\\/\",\"logo\":{\"@type\":\"ImageObject\",\"inLanguage\":\"fr-FR\",\"@id\":\"https:\\\/\\\/www.webdo.tn\\\/fr\\\/#\\\/schema\\\/logo\\\/image\\\/\",\"url\":\"https:\\\/\\\/www.webdo.tn\\\/fr\\\/wp-content\\\/uploads\\\/2025\\\/06\\\/Webdo-Tunisie_168377.jpg\",\"contentUrl\":\"https:\\\/\\\/www.webdo.tn\\\/fr\\\/wp-content\\\/uploads\\\/2025\\\/06\\\/Webdo-Tunisie_168377.jpg\",\"width\":301,\"height\":301,\"caption\":\"Webdo\"},\"image\":{\"@id\":\"https:\\\/\\\/www.webdo.tn\\\/fr\\\/#\\\/schema\\\/logo\\\/image\\\/\"},\"sameAs\":[\"https:\\\/\\\/www.facebook.com\\\/webdotn\",\"https:\\\/\\\/x.com\\\/webdo_tn\"],\"description\":\"Webdo est un m\u00e9dia num\u00e9rique tunisien fond\u00e9 en 2010, sp\u00e9cialis\u00e9 dans l\u2019actualit\u00e9 nationale et internationale, l\u2019\u00e9conomie, la soci\u00e9t\u00e9 et les analyses politiques. Le site s\u2019adresse \u00e0 un large public francophone et couvre l\u2019information tunisienne en temps r\u00e9el.\",\"email\":\"redac@webdo.tn\",\"legalName\":\"YNJ SARL\",\"foundingDate\":\"2010-09-06\",\"numberOfEmployees\":{\"@type\":\"QuantitativeValue\",\"minValue\":\"11\",\"maxValue\":\"50\"}},{\"@type\":\"Person\",\"@id\":\"https:\\\/\\\/www.webdo.tn\\\/fr\\\/#\\\/schema\\\/person\\\/ae999f6cc68c323955dd7bb23b41f2dd\",\"name\":\"WDA\",\"image\":{\"@type\":\"ImageObject\",\"inLanguage\":\"fr-FR\",\"@id\":\"https:\\\/\\\/secure.gravatar.com\\\/avatar\\\/008e9c4da3bbf467e76fbd05ea8a140d6f047be3ff32b495e3a42ecd99d95622?s=96&d=mm&r=g\",\"url\":\"https:\\\/\\\/secure.gravatar.com\\\/avatar\\\/008e9c4da3bbf467e76fbd05ea8a140d6f047be3ff32b495e3a42ecd99d95622?s=96&d=mm&r=g\",\"contentUrl\":\"https:\\\/\\\/secure.gravatar.com\\\/avatar\\\/008e9c4da3bbf467e76fbd05ea8a140d6f047be3ff32b495e3a42ecd99d95622?s=96&d=mm&r=g\",\"caption\":\"WDA\"},\"url\":\"https:\\\/\\\/www.webdo.tn\\\/fr\\\/actualite\\\/author\\\/wda\\\/\"}]}<\/script>\n<!-- \/ Yoast SEO Premium plugin. -->","yoast_head_json":{"title":"233 MD, 1\u00e8re tranche d\u2019un pr\u00eat japonais pour la Tunisie","description":"La premi\u00e8re tranche du pr\u00eat concessionnel d\u2019un montant de l\u2019ordre de 10.4 milliards de Yen, soit quelque 233 millions de dinars tunisiens, a \u00e9t\u00e9 d\u00e9caiss\u00e9e, le 9...","canonical":"https:\/\/www.webdo.tn\/fr\/actualite\/national\/233-mdt-1ere-tranche-d-un-pret-japonais-pour-la-tunisie\/207041\/","og_locale":"fr_FR","og_type":"article","og_title":"233 MD, 1\u00e8re tranche d\u2019un pr\u00eat japonais pour la Tunisie","og_description":"La premi\u00e8re tranche du pr\u00eat concessionnel d\u2019un montant de l\u2019ordre de 10.4 milliards de Yen, soit quelque 233 millions de dinars tunisiens, a \u00e9t\u00e9 d\u00e9caiss\u00e9e, le 9...","og_url":"https:\/\/www.webdo.tn\/fr\/actualite\/national\/233-mdt-1ere-tranche-d-un-pret-japonais-pour-la-tunisie\/207041\/","og_site_name":"webdo","article_publisher":"https:\/\/www.facebook.com\/webdotn","article_published_time":"2023-07-05T12:47:00+00:00","article_modified_time":"2025-05-20T22:57:08+00:00","og_image":[{"width":686,"height":366,"url":"https:\/\/www.webdo.tn\/fr\/wp-content\/uploads\/2023\/07\/01aa55042c10c1010adb98fce7761b00.jpg","type":"image\/jpeg"}],"author":"WDA","twitter_card":"summary_large_image","twitter_creator":"@webdo_tn","twitter_site":"@webdo_tn","twitter_misc":{"\u00c9crit par":"WDA","Dur\u00e9e de lecture estim\u00e9e":"1 minute"},"schema":{"@context":"https:\/\/schema.org","@graph":[{"@type":"NewsArticle","@id":"https:\/\/www.webdo.tn\/fr\/actualite\/national\/233-mdt-1ere-tranche-d-un-pret-japonais-pour-la-tunisie\/207041\/#article","isPartOf":{"@id":"https:\/\/www.webdo.tn\/fr\/actualite\/national\/233-mdt-1ere-tranche-d-un-pret-japonais-pour-la-tunisie\/207041\/"},"author":{"name":"WDA","@id":"https:\/\/www.webdo.tn\/fr\/#\/schema\/person\/ae999f6cc68c323955dd7bb23b41f2dd"},"headline":"233 MD, 1\u00e8re tranche d\u2019un pr\u00eat japonais pour la Tunisie","datePublished":"2023-07-05T12:47:00+00:00","dateModified":"2025-05-20T22:57:08+00:00","mainEntityOfPage":{"@id":"https:\/\/www.webdo.tn\/fr\/actualite\/national\/233-mdt-1ere-tranche-d-un-pret-japonais-pour-la-tunisie\/207041\/"},"wordCount":194,"commentCount":0,"publisher":{"@id":"https:\/\/www.webdo.tn\/fr\/#organization"},"image":{"@id":"https:\/\/www.webdo.tn\/fr\/actualite\/national\/233-mdt-1ere-tranche-d-un-pret-japonais-pour-la-tunisie\/207041\/#primaryimage"},"thumbnailUrl":"https:\/\/www.webdo.tn\/fr\/wp-content\/uploads\/2023\/07\/01aa55042c10c1010adb98fce7761b00.jpg","keywords":["1\u00e8re tranche","Japon","pr\u00eat"],"articleSection":["National"],"inLanguage":"fr-FR"},{"@type":"WebPage","@id":"https:\/\/www.webdo.tn\/fr\/actualite\/national\/233-mdt-1ere-tranche-d-un-pret-japonais-pour-la-tunisie\/207041\/","url":"https:\/\/www.webdo.tn\/fr\/actualite\/national\/233-mdt-1ere-tranche-d-un-pret-japonais-pour-la-tunisie\/207041\/","name":"233 MD, 1\u00e8re tranche d\u2019un pr\u00eat japonais pour la Tunisie","isPartOf":{"@id":"https:\/\/www.webdo.tn\/fr\/#website"},"primaryImageOfPage":{"@id":"https:\/\/www.webdo.tn\/fr\/actualite\/national\/233-mdt-1ere-tranche-d-un-pret-japonais-pour-la-tunisie\/207041\/#primaryimage"},"image":{"@id":"https:\/\/www.webdo.tn\/fr\/actualite\/national\/233-mdt-1ere-tranche-d-un-pret-japonais-pour-la-tunisie\/207041\/#primaryimage"},"thumbnailUrl":"https:\/\/www.webdo.tn\/fr\/wp-content\/uploads\/2023\/07\/01aa55042c10c1010adb98fce7761b00.jpg","datePublished":"2023-07-05T12:47:00+00:00","dateModified":"2025-05-20T22:57:08+00:00","description":"La premi\u00e8re tranche du pr\u00eat concessionnel d\u2019un montant de l\u2019ordre de 10.4 milliards de Yen, soit quelque 233 millions de dinars tunisiens, a \u00e9t\u00e9 d\u00e9caiss\u00e9e, le 9...","breadcrumb":{"@id":"https:\/\/www.webdo.tn\/fr\/actualite\/national\/233-mdt-1ere-tranche-d-un-pret-japonais-pour-la-tunisie\/207041\/#breadcrumb"},"inLanguage":"fr-FR","potentialAction":[{"@type":"ReadAction","target":["https:\/\/www.webdo.tn\/fr\/actualite\/national\/233-mdt-1ere-tranche-d-un-pret-japonais-pour-la-tunisie\/207041\/"]}]},{"@type":"ImageObject","inLanguage":"fr-FR","@id":"https:\/\/www.webdo.tn\/fr\/actualite\/national\/233-mdt-1ere-tranche-d-un-pret-japonais-pour-la-tunisie\/207041\/#primaryimage","url":"https:\/\/www.webdo.tn\/fr\/wp-content\/uploads\/2023\/07\/01aa55042c10c1010adb98fce7761b00.jpg","contentUrl":"https:\/\/www.webdo.tn\/fr\/wp-content\/uploads\/2023\/07\/01aa55042c10c1010adb98fce7761b00.jpg","width":686,"height":366,"caption":"233 MD, 1\u00e8re tranche d\u2019un pr\u00eat japonais pour la Tunisie"},{"@type":"BreadcrumbList","@id":"https:\/\/www.webdo.tn\/fr\/actualite\/national\/233-mdt-1ere-tranche-d-un-pret-japonais-pour-la-tunisie\/207041\/#breadcrumb","itemListElement":[{"@type":"ListItem","position":1,"name":"Accueil","item":"https:\/\/www.webdo.tn\/fr\/"},{"@type":"ListItem","position":2,"name":"233 MD, 1\u00e8re tranche d\u2019un pr\u00eat japonais pour la Tunisie"}]},{"@type":"WebSite","@id":"https:\/\/www.webdo.tn\/fr\/#website","url":"https:\/\/www.webdo.tn\/fr\/","name":"webdo","description":"Tunisie - News en Tunisie et \u00e0 l&#039;international sur Webdo.tn","publisher":{"@id":"https:\/\/www.webdo.tn\/fr\/#organization"},"potentialAction":[{"@type":"SearchAction","target":{"@type":"EntryPoint","urlTemplate":"https:\/\/www.webdo.tn\/fr\/?s={search_term_string}"},"query-input":{"@type":"PropertyValueSpecification","valueRequired":true,"valueName":"search_term_string"}}],"inLanguage":"fr-FR"},{"@type":"Organization","@id":"https:\/\/www.webdo.tn\/fr\/#organization","name":"Webdo","alternateName":"Webdo.tn","url":"https:\/\/www.webdo.tn\/fr\/","logo":{"@type":"ImageObject","inLanguage":"fr-FR","@id":"https:\/\/www.webdo.tn\/fr\/#\/schema\/logo\/image\/","url":"https:\/\/www.webdo.tn\/fr\/wp-content\/uploads\/2025\/06\/Webdo-Tunisie_168377.jpg","contentUrl":"https:\/\/www.webdo.tn\/fr\/wp-content\/uploads\/2025\/06\/Webdo-Tunisie_168377.jpg","width":301,"height":301,"caption":"Webdo"},"image":{"@id":"https:\/\/www.webdo.tn\/fr\/#\/schema\/logo\/image\/"},"sameAs":["https:\/\/www.facebook.com\/webdotn","https:\/\/x.com\/webdo_tn"],"description":"Webdo est un m\u00e9dia num\u00e9rique tunisien fond\u00e9 en 2010, sp\u00e9cialis\u00e9 dans l\u2019actualit\u00e9 nationale et internationale, l\u2019\u00e9conomie, la soci\u00e9t\u00e9 et les analyses politiques. Le site s\u2019adresse \u00e0 un large public francophone et couvre l\u2019information tunisienne en temps r\u00e9el.","email":"redac@webdo.tn","legalName":"YNJ SARL","foundingDate":"2010-09-06","numberOfEmployees":{"@type":"QuantitativeValue","minValue":"11","maxValue":"50"}},{"@type":"Person","@id":"https:\/\/www.webdo.tn\/fr\/#\/schema\/person\/ae999f6cc68c323955dd7bb23b41f2dd","name":"WDA","image":{"@type":"ImageObject","inLanguage":"fr-FR","@id":"https:\/\/secure.gravatar.com\/avatar\/008e9c4da3bbf467e76fbd05ea8a140d6f047be3ff32b495e3a42ecd99d95622?s=96&d=mm&r=g","url":"https:\/\/secure.gravatar.com\/avatar\/008e9c4da3bbf467e76fbd05ea8a140d6f047be3ff32b495e3a42ecd99d95622?s=96&d=mm&r=g","contentUrl":"https:\/\/secure.gravatar.com\/avatar\/008e9c4da3bbf467e76fbd05ea8a140d6f047be3ff32b495e3a42ecd99d95622?s=96&d=mm&r=g","caption":"WDA"},"url":"https:\/\/www.webdo.tn\/fr\/actualite\/author\/wda\/"}]}},"_links":{"self":[{"href":"https:\/\/www.webdo.tn\/fr\/wp-json\/wp\/v2\/posts\/207041","targetHints":{"allow":["GET"]}}],"collection":[{"href":"https:\/\/www.webdo.tn\/fr\/wp-json\/wp\/v2\/posts"}],"about":[{"href":"https:\/\/www.webdo.tn\/fr\/wp-json\/wp\/v2\/types\/post"}],"author":[{"embeddable":true,"href":"https:\/\/www.webdo.tn\/fr\/wp-json\/wp\/v2\/users\/3185"}],"replies":[{"embeddable":true,"href":"https:\/\/www.webdo.tn\/fr\/wp-json\/wp\/v2\/comments?post=207041"}],"version-history":[{"count":0,"href":"https:\/\/www.webdo.tn\/fr\/wp-json\/wp\/v2\/posts\/207041\/revisions"}],"wp:featuredmedia":[{"embeddable":true,"href":"https:\/\/www.webdo.tn\/fr\/wp-json\/wp\/v2\/media\/249821"}],"wp:attachment":[{"href":"https:\/\/www.webdo.tn\/fr\/wp-json\/wp\/v2\/media?parent=207041"}],"wp:term":[{"taxonomy":"category","embeddable":true,"href":"https:\/\/www.webdo.tn\/fr\/wp-json\/wp\/v2\/categories?post=207041"},{"taxonomy":"post_tag","embeddable":true,"href":"https:\/\/www.webdo.tn\/fr\/wp-json\/wp\/v2\/tags?post=207041"}],"curies":[{"name":"wp","href":"https:\/\/api.w.org\/{rel}","templated":true}]}}