{"id":207024,"date":"2023-07-04T19:27:00","date_gmt":"2023-07-04T19:27:00","guid":{"rendered":"https:\/\/www.webdo.tn\/fr\/blog\/la-question-migratoire-au-coeur-d-un-entretien-saied-dbaiba\/207024\/"},"modified":"2025-05-20T22:50:50","modified_gmt":"2025-05-20T22:50:50","slug":"la-question-migratoire-au-coeur-d-un-entretien-saied-dbaiba","status":"publish","type":"post","link":"https:\/\/www.webdo.tn\/fr\/actualite\/national\/la-question-migratoire-au-coeur-d-un-entretien-saied-dbaiba\/207024\/","title":{"rendered":"La question migratoire au c\u0153ur d\u2019un entretien Sa\u00efed-Dbaiba"},"content":{"rendered":"<p>Un entretien t\u00e9l\u00e9phonique a eu lieu, mardi 4 juillet 2023, apr\u00e8s-midi, entre le pr\u00e9sident de la R\u00e9publique, Kais Sa\u00efed et le chef du gouvernement d&rsquo;unit\u00e9 nationale libyen, Abdelhamid Dbaiba.<\/p>\n<p>\t\t\t\t\t\t\t\t\tL&rsquo;entretien a \u00e9t\u00e9 l&rsquo;occasion d&rsquo;\u00e9voquer bon nombre de questions dont notamment le ph\u00e9nom\u00e8ne de la migration irr\u00e9guli\u00e8re et l&rsquo;imp\u00e9ratif qu&rsquo;il y a \u00e0 conjuguer les efforts en vue de trouver des solutions urgentes, lit-on dans un communiqu\u00e9 de la pr\u00e9sidence de la R\u00e9publique publi\u00e9, mardi.<\/p>\n<p>Le chef de l&rsquo;Etat a saisi l&rsquo;occasion pour souligner au responsable libyen que pour faire face \u00e0 la mont\u00e9e en puissance du ph\u00e9nom\u00e8ne de migration irr\u00e9guli\u00e8re, il importe de pr\u00e9voir une \u00a0\u00bb solution collective \u00a0\u00bb faisant impliquer tous les pays concern\u00e9s, qu&rsquo;ils soient du sud ou du nord de la M\u00e9diterran\u00e9e.<\/p>\n<p>A ce titre, le pr\u00e9sident Sa\u00efed a rappel\u00e9 l&rsquo;initiative qu&rsquo;il avait annonc\u00e9e et qui consiste \u00e0 tenir un sommet de haut niveau associant les diff\u00e9rentes parties prenantes pour s&rsquo;attaquer aux origines du ph\u00e9nom\u00e8ne avant de se pencher sur ses potentielles incidences et retomb\u00e9es.<\/p>\n<p>Aussi, toujours selon la m\u00eame source, les deux parties ont pass\u00e9 en revue les relations bilat\u00e9rales, r\u00e9affirmant la volont\u00e9 commune de les promouvoir davantage dans tous les domaines et secteurs.<\/p>\n<p>Les deux parties ont soulign\u00e9 la n\u00e9cessit\u00e9 de faire aplanir les entraves et obstacles sur la voie de la concr\u00e9tisation des aspirations des peuples en Tunisie, en Libye et dans le reste des pays de la r\u00e9gion.<\/p>\n","protected":false},"excerpt":{"rendered":"<p>Un entretien t\u00e9l\u00e9phonique a eu lieu, mardi 4 juillet 2023, apr\u00e8s-midi, entre le pr\u00e9sident de la R\u00e9publique, Kais Sa\u00efed et le chef du gouvernement d&rsquo;unit\u00e9 nation&#8230;<\/p>\n","protected":false},"author":3175,"featured_media":278451,"comment_status":"open","ping_status":"closed","sticky":false,"template":"","format":"standard","meta":{"footnotes":""},"categories":[44],"tags":[3279,2615,3418,2608],"class_list":["post-207024","post","type-post","status-publish","format-standard","has-post-thumbnail","hentry","category-national","tag-libye","tag-migration","tag-saied","tag-tunisie"],"yoast_head":"<!-- This site is optimized with the Yoast SEO Premium plugin v27.5 (Yoast SEO v27.5) - https:\/\/yoast.com\/product\/yoast-seo-premium-wordpress\/ -->\n<title>La question migratoire au c\u0153ur d\u2019un entretien Sa\u00efed-Dbaiba<\/title>\n<meta name=\"description\" content=\"Un entretien t\u00e9l\u00e9phonique a eu lieu, mardi 4 juillet 2023, apr\u00e8s-midi, entre le pr\u00e9sident de la R\u00e9publique, Kais Sa\u00efed et le chef du gouvernement d&#039;unit\u00e9 nation...\" \/>\n<link rel=\"canonical\" href=\"https:\/\/www.webdo.tn\/fr\/actualite\/national\/la-question-migratoire-au-coeur-d-un-entretien-saied-dbaiba\/207024\/\" \/>\n<meta property=\"og:locale\" content=\"fr_FR\" \/>\n<meta property=\"og:type\" content=\"article\" \/>\n<meta property=\"og:title\" content=\"La question migratoire au c\u0153ur d\u2019un entretien Sa\u00efed-Dbaiba\" \/>\n<meta property=\"og:description\" content=\"Un entretien t\u00e9l\u00e9phonique a eu lieu, mardi 4 juillet 2023, apr\u00e8s-midi, entre le pr\u00e9sident de la R\u00e9publique, Kais Sa\u00efed et le chef du gouvernement d&#039;unit\u00e9 nation...\" \/>\n<meta property=\"og:url\" content=\"https:\/\/www.webdo.tn\/fr\/actualite\/national\/la-question-migratoire-au-coeur-d-un-entretien-saied-dbaiba\/207024\/\" \/>\n<meta property=\"og:site_name\" content=\"webdo\" \/>\n<meta property=\"article:publisher\" content=\"https:\/\/www.facebook.com\/webdotn\" \/>\n<meta property=\"article:published_time\" content=\"2023-07-04T19:27:00+00:00\" \/>\n<meta property=\"article:modified_time\" content=\"2025-05-20T22:50:50+00:00\" \/>\n<meta property=\"og:image\" content=\"https:\/\/www.webdo.tn\/fr\/wp-content\/uploads\/2023\/07\/f907d084f918eb2562dfcb883b01fc6b.jpg\" \/>\n\t<meta property=\"og:image:width\" content=\"720\" \/>\n\t<meta property=\"og:image:height\" content=\"384\" \/>\n\t<meta property=\"og:image:type\" content=\"image\/jpeg\" \/>\n<meta name=\"author\" content=\"CL\" \/>\n<meta name=\"twitter:card\" content=\"summary_large_image\" \/>\n<meta name=\"twitter:creator\" content=\"@webdo_tn\" \/>\n<meta name=\"twitter:site\" content=\"@webdo_tn\" \/>\n<meta name=\"twitter:label1\" content=\"\u00c9crit par\" \/>\n\t<meta name=\"twitter:data1\" content=\"CL\" \/>\n\t<meta name=\"twitter:label2\" content=\"Dur\u00e9e de lecture estim\u00e9e\" \/>\n\t<meta name=\"twitter:data2\" content=\"1 minute\" \/>\n<script type=\"application\/ld+json\" class=\"yoast-schema-graph\">{\"@context\":\"https:\\\/\\\/schema.org\",\"@graph\":[{\"@type\":\"NewsArticle\",\"@id\":\"https:\\\/\\\/www.webdo.tn\\\/fr\\\/actualite\\\/national\\\/la-question-migratoire-au-coeur-d-un-entretien-saied-dbaiba\\\/207024\\\/#article\",\"isPartOf\":{\"@id\":\"https:\\\/\\\/www.webdo.tn\\\/fr\\\/actualite\\\/national\\\/la-question-migratoire-au-coeur-d-un-entretien-saied-dbaiba\\\/207024\\\/\"},\"author\":{\"name\":\"CL\",\"@id\":\"https:\\\/\\\/www.webdo.tn\\\/fr\\\/#\\\/schema\\\/person\\\/f35b42a42c5e2511bbd282959d6385cc\"},\"headline\":\"La question migratoire au c\u0153ur d\u2019un entretien Sa\u00efed-Dbaiba\",\"datePublished\":\"2023-07-04T19:27:00+00:00\",\"dateModified\":\"2025-05-20T22:50:50+00:00\",\"mainEntityOfPage\":{\"@id\":\"https:\\\/\\\/www.webdo.tn\\\/fr\\\/actualite\\\/national\\\/la-question-migratoire-au-coeur-d-un-entretien-saied-dbaiba\\\/207024\\\/\"},\"wordCount\":286,\"commentCount\":0,\"publisher\":{\"@id\":\"https:\\\/\\\/www.webdo.tn\\\/fr\\\/#organization\"},\"image\":{\"@id\":\"https:\\\/\\\/www.webdo.tn\\\/fr\\\/actualite\\\/national\\\/la-question-migratoire-au-coeur-d-un-entretien-saied-dbaiba\\\/207024\\\/#primaryimage\"},\"thumbnailUrl\":\"https:\\\/\\\/www.webdo.tn\\\/fr\\\/wp-content\\\/uploads\\\/2023\\\/07\\\/f907d084f918eb2562dfcb883b01fc6b.jpg\",\"keywords\":[\"Libye\",\"Migration\",\"Saied\",\"Tunisie\"],\"articleSection\":[\"National\"],\"inLanguage\":\"fr-FR\"},{\"@type\":\"WebPage\",\"@id\":\"https:\\\/\\\/www.webdo.tn\\\/fr\\\/actualite\\\/national\\\/la-question-migratoire-au-coeur-d-un-entretien-saied-dbaiba\\\/207024\\\/\",\"url\":\"https:\\\/\\\/www.webdo.tn\\\/fr\\\/actualite\\\/national\\\/la-question-migratoire-au-coeur-d-un-entretien-saied-dbaiba\\\/207024\\\/\",\"name\":\"La question migratoire au c\u0153ur d\u2019un entretien Sa\u00efed-Dbaiba\",\"isPartOf\":{\"@id\":\"https:\\\/\\\/www.webdo.tn\\\/fr\\\/#website\"},\"primaryImageOfPage\":{\"@id\":\"https:\\\/\\\/www.webdo.tn\\\/fr\\\/actualite\\\/national\\\/la-question-migratoire-au-coeur-d-un-entretien-saied-dbaiba\\\/207024\\\/#primaryimage\"},\"image\":{\"@id\":\"https:\\\/\\\/www.webdo.tn\\\/fr\\\/actualite\\\/national\\\/la-question-migratoire-au-coeur-d-un-entretien-saied-dbaiba\\\/207024\\\/#primaryimage\"},\"thumbnailUrl\":\"https:\\\/\\\/www.webdo.tn\\\/fr\\\/wp-content\\\/uploads\\\/2023\\\/07\\\/f907d084f918eb2562dfcb883b01fc6b.jpg\",\"datePublished\":\"2023-07-04T19:27:00+00:00\",\"dateModified\":\"2025-05-20T22:50:50+00:00\",\"description\":\"Un entretien t\u00e9l\u00e9phonique a eu lieu, mardi 4 juillet 2023, apr\u00e8s-midi, entre le pr\u00e9sident de la R\u00e9publique, Kais Sa\u00efed et le chef du gouvernement d'unit\u00e9 nation...\",\"breadcrumb\":{\"@id\":\"https:\\\/\\\/www.webdo.tn\\\/fr\\\/actualite\\\/national\\\/la-question-migratoire-au-coeur-d-un-entretien-saied-dbaiba\\\/207024\\\/#breadcrumb\"},\"inLanguage\":\"fr-FR\",\"potentialAction\":[{\"@type\":\"ReadAction\",\"target\":[\"https:\\\/\\\/www.webdo.tn\\\/fr\\\/actualite\\\/national\\\/la-question-migratoire-au-coeur-d-un-entretien-saied-dbaiba\\\/207024\\\/\"]}]},{\"@type\":\"ImageObject\",\"inLanguage\":\"fr-FR\",\"@id\":\"https:\\\/\\\/www.webdo.tn\\\/fr\\\/actualite\\\/national\\\/la-question-migratoire-au-coeur-d-un-entretien-saied-dbaiba\\\/207024\\\/#primaryimage\",\"url\":\"https:\\\/\\\/www.webdo.tn\\\/fr\\\/wp-content\\\/uploads\\\/2023\\\/07\\\/f907d084f918eb2562dfcb883b01fc6b.jpg\",\"contentUrl\":\"https:\\\/\\\/www.webdo.tn\\\/fr\\\/wp-content\\\/uploads\\\/2023\\\/07\\\/f907d084f918eb2562dfcb883b01fc6b.jpg\",\"width\":720,\"height\":384,\"caption\":\"La question migratoire au c\u0153ur d\u2019un entretien Sa\u00efed-Dbaiba\"},{\"@type\":\"BreadcrumbList\",\"@id\":\"https:\\\/\\\/www.webdo.tn\\\/fr\\\/actualite\\\/national\\\/la-question-migratoire-au-coeur-d-un-entretien-saied-dbaiba\\\/207024\\\/#breadcrumb\",\"itemListElement\":[{\"@type\":\"ListItem\",\"position\":1,\"name\":\"Accueil\",\"item\":\"https:\\\/\\\/www.webdo.tn\\\/fr\\\/\"},{\"@type\":\"ListItem\",\"position\":2,\"name\":\"La question migratoire au c\u0153ur d\u2019un entretien Sa\u00efed-Dbaiba\"}]},{\"@type\":\"WebSite\",\"@id\":\"https:\\\/\\\/www.webdo.tn\\\/fr\\\/#website\",\"url\":\"https:\\\/\\\/www.webdo.tn\\\/fr\\\/\",\"name\":\"webdo\",\"description\":\"Tunisie - News en Tunisie et \u00e0 l&#039;international sur Webdo.tn\",\"publisher\":{\"@id\":\"https:\\\/\\\/www.webdo.tn\\\/fr\\\/#organization\"},\"potentialAction\":[{\"@type\":\"SearchAction\",\"target\":{\"@type\":\"EntryPoint\",\"urlTemplate\":\"https:\\\/\\\/www.webdo.tn\\\/fr\\\/?s={search_term_string}\"},\"query-input\":{\"@type\":\"PropertyValueSpecification\",\"valueRequired\":true,\"valueName\":\"search_term_string\"}}],\"inLanguage\":\"fr-FR\"},{\"@type\":\"Organization\",\"@id\":\"https:\\\/\\\/www.webdo.tn\\\/fr\\\/#organization\",\"name\":\"Webdo\",\"alternateName\":\"Webdo.tn\",\"url\":\"https:\\\/\\\/www.webdo.tn\\\/fr\\\/\",\"logo\":{\"@type\":\"ImageObject\",\"inLanguage\":\"fr-FR\",\"@id\":\"https:\\\/\\\/www.webdo.tn\\\/fr\\\/#\\\/schema\\\/logo\\\/image\\\/\",\"url\":\"https:\\\/\\\/www.webdo.tn\\\/fr\\\/wp-content\\\/uploads\\\/2025\\\/06\\\/Webdo-Tunisie_168377.jpg\",\"contentUrl\":\"https:\\\/\\\/www.webdo.tn\\\/fr\\\/wp-content\\\/uploads\\\/2025\\\/06\\\/Webdo-Tunisie_168377.jpg\",\"width\":301,\"height\":301,\"caption\":\"Webdo\"},\"image\":{\"@id\":\"https:\\\/\\\/www.webdo.tn\\\/fr\\\/#\\\/schema\\\/logo\\\/image\\\/\"},\"sameAs\":[\"https:\\\/\\\/www.facebook.com\\\/webdotn\",\"https:\\\/\\\/x.com\\\/webdo_tn\"],\"description\":\"Webdo est un m\u00e9dia num\u00e9rique tunisien fond\u00e9 en 2010, sp\u00e9cialis\u00e9 dans l\u2019actualit\u00e9 nationale et internationale, l\u2019\u00e9conomie, la soci\u00e9t\u00e9 et les analyses politiques. Le site s\u2019adresse \u00e0 un large public francophone et couvre l\u2019information tunisienne en temps r\u00e9el.\",\"email\":\"redac@webdo.tn\",\"legalName\":\"YNJ SARL\",\"foundingDate\":\"2010-09-06\",\"numberOfEmployees\":{\"@type\":\"QuantitativeValue\",\"minValue\":\"11\",\"maxValue\":\"50\"}},{\"@type\":\"Person\",\"@id\":\"https:\\\/\\\/www.webdo.tn\\\/fr\\\/#\\\/schema\\\/person\\\/f35b42a42c5e2511bbd282959d6385cc\",\"name\":\"CL\",\"image\":{\"@type\":\"ImageObject\",\"inLanguage\":\"fr-FR\",\"@id\":\"https:\\\/\\\/secure.gravatar.com\\\/avatar\\\/1447a49909b67aa657c488aec6512e1dd6143a480c1ecfee9b5b5cd74eb3b59e?s=96&d=mm&r=g\",\"url\":\"https:\\\/\\\/secure.gravatar.com\\\/avatar\\\/1447a49909b67aa657c488aec6512e1dd6143a480c1ecfee9b5b5cd74eb3b59e?s=96&d=mm&r=g\",\"contentUrl\":\"https:\\\/\\\/secure.gravatar.com\\\/avatar\\\/1447a49909b67aa657c488aec6512e1dd6143a480c1ecfee9b5b5cd74eb3b59e?s=96&d=mm&r=g\",\"caption\":\"CL\"},\"url\":\"https:\\\/\\\/www.webdo.tn\\\/fr\\\/actualite\\\/author\\\/cl\\\/\"}]}<\/script>\n<!-- \/ Yoast SEO Premium plugin. -->","yoast_head_json":{"title":"La question migratoire au c\u0153ur d\u2019un entretien Sa\u00efed-Dbaiba","description":"Un entretien t\u00e9l\u00e9phonique a eu lieu, mardi 4 juillet 2023, apr\u00e8s-midi, entre le pr\u00e9sident de la R\u00e9publique, Kais Sa\u00efed et le chef du gouvernement d'unit\u00e9 nation...","canonical":"https:\/\/www.webdo.tn\/fr\/actualite\/national\/la-question-migratoire-au-coeur-d-un-entretien-saied-dbaiba\/207024\/","og_locale":"fr_FR","og_type":"article","og_title":"La question migratoire au c\u0153ur d\u2019un entretien Sa\u00efed-Dbaiba","og_description":"Un entretien t\u00e9l\u00e9phonique a eu lieu, mardi 4 juillet 2023, apr\u00e8s-midi, entre le pr\u00e9sident de la R\u00e9publique, Kais Sa\u00efed et le chef du gouvernement d'unit\u00e9 nation...","og_url":"https:\/\/www.webdo.tn\/fr\/actualite\/national\/la-question-migratoire-au-coeur-d-un-entretien-saied-dbaiba\/207024\/","og_site_name":"webdo","article_publisher":"https:\/\/www.facebook.com\/webdotn","article_published_time":"2023-07-04T19:27:00+00:00","article_modified_time":"2025-05-20T22:50:50+00:00","og_image":[{"width":720,"height":384,"url":"https:\/\/www.webdo.tn\/fr\/wp-content\/uploads\/2023\/07\/f907d084f918eb2562dfcb883b01fc6b.jpg","type":"image\/jpeg"}],"author":"CL","twitter_card":"summary_large_image","twitter_creator":"@webdo_tn","twitter_site":"@webdo_tn","twitter_misc":{"\u00c9crit par":"CL","Dur\u00e9e de lecture estim\u00e9e":"1 minute"},"schema":{"@context":"https:\/\/schema.org","@graph":[{"@type":"NewsArticle","@id":"https:\/\/www.webdo.tn\/fr\/actualite\/national\/la-question-migratoire-au-coeur-d-un-entretien-saied-dbaiba\/207024\/#article","isPartOf":{"@id":"https:\/\/www.webdo.tn\/fr\/actualite\/national\/la-question-migratoire-au-coeur-d-un-entretien-saied-dbaiba\/207024\/"},"author":{"name":"CL","@id":"https:\/\/www.webdo.tn\/fr\/#\/schema\/person\/f35b42a42c5e2511bbd282959d6385cc"},"headline":"La question migratoire au c\u0153ur d\u2019un entretien Sa\u00efed-Dbaiba","datePublished":"2023-07-04T19:27:00+00:00","dateModified":"2025-05-20T22:50:50+00:00","mainEntityOfPage":{"@id":"https:\/\/www.webdo.tn\/fr\/actualite\/national\/la-question-migratoire-au-coeur-d-un-entretien-saied-dbaiba\/207024\/"},"wordCount":286,"commentCount":0,"publisher":{"@id":"https:\/\/www.webdo.tn\/fr\/#organization"},"image":{"@id":"https:\/\/www.webdo.tn\/fr\/actualite\/national\/la-question-migratoire-au-coeur-d-un-entretien-saied-dbaiba\/207024\/#primaryimage"},"thumbnailUrl":"https:\/\/www.webdo.tn\/fr\/wp-content\/uploads\/2023\/07\/f907d084f918eb2562dfcb883b01fc6b.jpg","keywords":["Libye","Migration","Saied","Tunisie"],"articleSection":["National"],"inLanguage":"fr-FR"},{"@type":"WebPage","@id":"https:\/\/www.webdo.tn\/fr\/actualite\/national\/la-question-migratoire-au-coeur-d-un-entretien-saied-dbaiba\/207024\/","url":"https:\/\/www.webdo.tn\/fr\/actualite\/national\/la-question-migratoire-au-coeur-d-un-entretien-saied-dbaiba\/207024\/","name":"La question migratoire au c\u0153ur d\u2019un entretien Sa\u00efed-Dbaiba","isPartOf":{"@id":"https:\/\/www.webdo.tn\/fr\/#website"},"primaryImageOfPage":{"@id":"https:\/\/www.webdo.tn\/fr\/actualite\/national\/la-question-migratoire-au-coeur-d-un-entretien-saied-dbaiba\/207024\/#primaryimage"},"image":{"@id":"https:\/\/www.webdo.tn\/fr\/actualite\/national\/la-question-migratoire-au-coeur-d-un-entretien-saied-dbaiba\/207024\/#primaryimage"},"thumbnailUrl":"https:\/\/www.webdo.tn\/fr\/wp-content\/uploads\/2023\/07\/f907d084f918eb2562dfcb883b01fc6b.jpg","datePublished":"2023-07-04T19:27:00+00:00","dateModified":"2025-05-20T22:50:50+00:00","description":"Un entretien t\u00e9l\u00e9phonique a eu lieu, mardi 4 juillet 2023, apr\u00e8s-midi, entre le pr\u00e9sident de la R\u00e9publique, Kais Sa\u00efed et le chef du gouvernement d'unit\u00e9 nation...","breadcrumb":{"@id":"https:\/\/www.webdo.tn\/fr\/actualite\/national\/la-question-migratoire-au-coeur-d-un-entretien-saied-dbaiba\/207024\/#breadcrumb"},"inLanguage":"fr-FR","potentialAction":[{"@type":"ReadAction","target":["https:\/\/www.webdo.tn\/fr\/actualite\/national\/la-question-migratoire-au-coeur-d-un-entretien-saied-dbaiba\/207024\/"]}]},{"@type":"ImageObject","inLanguage":"fr-FR","@id":"https:\/\/www.webdo.tn\/fr\/actualite\/national\/la-question-migratoire-au-coeur-d-un-entretien-saied-dbaiba\/207024\/#primaryimage","url":"https:\/\/www.webdo.tn\/fr\/wp-content\/uploads\/2023\/07\/f907d084f918eb2562dfcb883b01fc6b.jpg","contentUrl":"https:\/\/www.webdo.tn\/fr\/wp-content\/uploads\/2023\/07\/f907d084f918eb2562dfcb883b01fc6b.jpg","width":720,"height":384,"caption":"La question migratoire au c\u0153ur d\u2019un entretien Sa\u00efed-Dbaiba"},{"@type":"BreadcrumbList","@id":"https:\/\/www.webdo.tn\/fr\/actualite\/national\/la-question-migratoire-au-coeur-d-un-entretien-saied-dbaiba\/207024\/#breadcrumb","itemListElement":[{"@type":"ListItem","position":1,"name":"Accueil","item":"https:\/\/www.webdo.tn\/fr\/"},{"@type":"ListItem","position":2,"name":"La question migratoire au c\u0153ur d\u2019un entretien Sa\u00efed-Dbaiba"}]},{"@type":"WebSite","@id":"https:\/\/www.webdo.tn\/fr\/#website","url":"https:\/\/www.webdo.tn\/fr\/","name":"webdo","description":"Tunisie - News en Tunisie et \u00e0 l&#039;international sur Webdo.tn","publisher":{"@id":"https:\/\/www.webdo.tn\/fr\/#organization"},"potentialAction":[{"@type":"SearchAction","target":{"@type":"EntryPoint","urlTemplate":"https:\/\/www.webdo.tn\/fr\/?s={search_term_string}"},"query-input":{"@type":"PropertyValueSpecification","valueRequired":true,"valueName":"search_term_string"}}],"inLanguage":"fr-FR"},{"@type":"Organization","@id":"https:\/\/www.webdo.tn\/fr\/#organization","name":"Webdo","alternateName":"Webdo.tn","url":"https:\/\/www.webdo.tn\/fr\/","logo":{"@type":"ImageObject","inLanguage":"fr-FR","@id":"https:\/\/www.webdo.tn\/fr\/#\/schema\/logo\/image\/","url":"https:\/\/www.webdo.tn\/fr\/wp-content\/uploads\/2025\/06\/Webdo-Tunisie_168377.jpg","contentUrl":"https:\/\/www.webdo.tn\/fr\/wp-content\/uploads\/2025\/06\/Webdo-Tunisie_168377.jpg","width":301,"height":301,"caption":"Webdo"},"image":{"@id":"https:\/\/www.webdo.tn\/fr\/#\/schema\/logo\/image\/"},"sameAs":["https:\/\/www.facebook.com\/webdotn","https:\/\/x.com\/webdo_tn"],"description":"Webdo est un m\u00e9dia num\u00e9rique tunisien fond\u00e9 en 2010, sp\u00e9cialis\u00e9 dans l\u2019actualit\u00e9 nationale et internationale, l\u2019\u00e9conomie, la soci\u00e9t\u00e9 et les analyses politiques. Le site s\u2019adresse \u00e0 un large public francophone et couvre l\u2019information tunisienne en temps r\u00e9el.","email":"redac@webdo.tn","legalName":"YNJ SARL","foundingDate":"2010-09-06","numberOfEmployees":{"@type":"QuantitativeValue","minValue":"11","maxValue":"50"}},{"@type":"Person","@id":"https:\/\/www.webdo.tn\/fr\/#\/schema\/person\/f35b42a42c5e2511bbd282959d6385cc","name":"CL","image":{"@type":"ImageObject","inLanguage":"fr-FR","@id":"https:\/\/secure.gravatar.com\/avatar\/1447a49909b67aa657c488aec6512e1dd6143a480c1ecfee9b5b5cd74eb3b59e?s=96&d=mm&r=g","url":"https:\/\/secure.gravatar.com\/avatar\/1447a49909b67aa657c488aec6512e1dd6143a480c1ecfee9b5b5cd74eb3b59e?s=96&d=mm&r=g","contentUrl":"https:\/\/secure.gravatar.com\/avatar\/1447a49909b67aa657c488aec6512e1dd6143a480c1ecfee9b5b5cd74eb3b59e?s=96&d=mm&r=g","caption":"CL"},"url":"https:\/\/www.webdo.tn\/fr\/actualite\/author\/cl\/"}]}},"_links":{"self":[{"href":"https:\/\/www.webdo.tn\/fr\/wp-json\/wp\/v2\/posts\/207024","targetHints":{"allow":["GET"]}}],"collection":[{"href":"https:\/\/www.webdo.tn\/fr\/wp-json\/wp\/v2\/posts"}],"about":[{"href":"https:\/\/www.webdo.tn\/fr\/wp-json\/wp\/v2\/types\/post"}],"author":[{"embeddable":true,"href":"https:\/\/www.webdo.tn\/fr\/wp-json\/wp\/v2\/users\/3175"}],"replies":[{"embeddable":true,"href":"https:\/\/www.webdo.tn\/fr\/wp-json\/wp\/v2\/comments?post=207024"}],"version-history":[{"count":0,"href":"https:\/\/www.webdo.tn\/fr\/wp-json\/wp\/v2\/posts\/207024\/revisions"}],"wp:featuredmedia":[{"embeddable":true,"href":"https:\/\/www.webdo.tn\/fr\/wp-json\/wp\/v2\/media\/278451"}],"wp:attachment":[{"href":"https:\/\/www.webdo.tn\/fr\/wp-json\/wp\/v2\/media?parent=207024"}],"wp:term":[{"taxonomy":"category","embeddable":true,"href":"https:\/\/www.webdo.tn\/fr\/wp-json\/wp\/v2\/categories?post=207024"},{"taxonomy":"post_tag","embeddable":true,"href":"https:\/\/www.webdo.tn\/fr\/wp-json\/wp\/v2\/tags?post=207024"}],"curies":[{"name":"wp","href":"https:\/\/api.w.org\/{rel}","templated":true}]}}