{"id":207013,"date":"2023-07-04T12:00:00","date_gmt":"2023-07-04T12:00:00","guid":{"rendered":"https:\/\/www.webdo.tn\/fr\/blog\/nouveau-pont-de-bizerte-jeudi-ouverture-des-plis-de-l-aoi\/207013\/"},"modified":"2025-05-20T22:58:04","modified_gmt":"2025-05-20T22:58:04","slug":"nouveau-pont-de-bizerte-jeudi-ouverture-des-plis-de-l-aoi","status":"publish","type":"post","link":"https:\/\/www.webdo.tn\/fr\/actualite\/national\/nouveau-pont-de-bizerte-jeudi-ouverture-des-plis-de-l-aoi\/207013\/","title":{"rendered":"Nouveau pont de Bizerte : Ouverture des plis de l&rsquo;AOI, le 6 juillet"},"content":{"rendered":"<p>L&rsquo;ouverture des plis de l&rsquo;Appel d&rsquo;Offre International pour l&rsquo;attribution du march\u00e9 de la deuxi\u00e8me tranche du projet du nouveau pont de Bizerte est fix\u00e9e, au jeudi 6 juillet. Les travaux d\u00e9buteront fin 2023.<\/p>\n<p>\t\t\t\t\t\t\t\t\tConcernant les travaux techniques de la premi\u00e8re et troisi\u00e8me tranches du projet, relatives \u00e0 la r\u00e9alisation des routes et des voies terrestres, l\u2019\u00e9tat d\u2019avancement est estim\u00e9 \u00e0 25%.<\/p>\n<p>Le Directeur r\u00e9gional des Biens de l&rsquo;Etat et des Affaires fonci\u00e8res, Hmida Sellimi, a soulign\u00e9 que pr\u00e8s de 200 parcelles de terrain sur les 400 que l\u2019Etat va exproprier ont \u00e9t\u00e9 r\u00e9gl\u00e9es \u00e0 l\u2019amiable avec leurs propri\u00e9taires, en attendant le solutionnement des autres lots.<\/p>\n<p>Il est \u00e0 rappeler qu\u2019une d\u00e9l\u00e9gation d&rsquo;experts de la BEI (Banque Europ\u00e9enne d&rsquo;Investissement) a visit\u00e9, le 13 juin dernier, Bizerte pour superviser l&rsquo;avancement des travaux techniques de la premi\u00e8re et troisi\u00e8me tranches.<\/p>\n<p>Pour sa part, Hamadi Dkhil, auditeur de la BAD (Banque africaine de d\u00e9veloppement), consid\u00e9r\u00e9e avec la BEI comme les principaux bailleurs de fonds du projet, a effectu\u00e9, lundi 26 juin, une visite de travail au si\u00e8ge du gouvernorat de Bizerte o\u00f9 il s&rsquo;est enquis de la strat\u00e9gie r\u00e9gionale et nationale quant aux droits des propri\u00e9taires des parcelles de terrain situ\u00e9es sur le trac\u00e9 du projet.<\/p>\n<p>Le nouveau pont de Bizerte s&rsquo;\u00e9tend sur 2,1 km de longueur dont 900 m\u00e8tres sur le canal, \u00e0 56 m\u00e8tres de la surface de la mer.<\/p>\n<p>Une hauteur qui permet le passage de tous types de bateaux, contrairement \u00e0 celui en service actuellement, contraint de se lever \u00e0 chaque fois o\u00f9 il est question de passage de grands navires commerciaux.<\/p>\n","protected":false},"excerpt":{"rendered":"<p>L&rsquo;ouverture des plis de l&rsquo;Appel d&rsquo;Offre International pour l&rsquo;attribution du march\u00e9 de la deuxi\u00e8me tranche du projet du nouveau pont de Bizerte est fix\u00e9e, au jeu&#8230;<\/p>\n","protected":false},"author":3188,"featured_media":249840,"comment_status":"open","ping_status":"closed","sticky":false,"template":"","format":"standard","meta":{"footnotes":""},"categories":[44],"tags":[3628,2707,5165],"class_list":["post-207013","post","type-post","status-publish","format-standard","has-post-thumbnail","hentry","category-national","tag-appel-doffres","tag-bizerte","tag-pont"],"yoast_head":"<!-- This site is optimized with the Yoast SEO Premium plugin v27.5 (Yoast SEO v27.5) - https:\/\/yoast.com\/product\/yoast-seo-premium-wordpress\/ -->\n<title>Nouveau pont de Bizerte : Ouverture des plis de l&#039;AOI, le 6 juillet<\/title>\n<meta name=\"description\" content=\"L&#039;ouverture des plis de l&#039;Appel d&#039;Offre International pour l&#039;attribution du march\u00e9 de la deuxi\u00e8me tranche du projet du nouveau pont de Bizerte est fix\u00e9e, au jeu...\" \/>\n<link rel=\"canonical\" href=\"https:\/\/www.webdo.tn\/fr\/actualite\/national\/nouveau-pont-de-bizerte-jeudi-ouverture-des-plis-de-l-aoi\/207013\/\" \/>\n<meta property=\"og:locale\" content=\"fr_FR\" \/>\n<meta property=\"og:type\" content=\"article\" \/>\n<meta property=\"og:title\" content=\"Nouveau pont de Bizerte : Ouverture des plis de l&#039;AOI, le 6 juillet\" \/>\n<meta property=\"og:description\" content=\"L&#039;ouverture des plis de l&#039;Appel d&#039;Offre International pour l&#039;attribution du march\u00e9 de la deuxi\u00e8me tranche du projet du nouveau pont de Bizerte est fix\u00e9e, au jeu...\" \/>\n<meta property=\"og:url\" content=\"https:\/\/www.webdo.tn\/fr\/actualite\/national\/nouveau-pont-de-bizerte-jeudi-ouverture-des-plis-de-l-aoi\/207013\/\" \/>\n<meta property=\"og:site_name\" content=\"webdo\" \/>\n<meta property=\"article:publisher\" content=\"https:\/\/www.facebook.com\/webdotn\" \/>\n<meta property=\"article:published_time\" content=\"2023-07-04T12:00:00+00:00\" \/>\n<meta property=\"article:modified_time\" content=\"2025-05-20T22:58:04+00:00\" \/>\n<meta property=\"og:image\" content=\"https:\/\/www.webdo.tn\/fr\/wp-content\/uploads\/2023\/07\/2148d2cce6a57b738eb1971873689972.jpg\" \/>\n\t<meta property=\"og:image:width\" content=\"750\" \/>\n\t<meta property=\"og:image:height\" content=\"400\" \/>\n\t<meta property=\"og:image:type\" content=\"image\/jpeg\" \/>\n<meta name=\"author\" content=\"Ramzi\" \/>\n<meta name=\"twitter:card\" content=\"summary_large_image\" \/>\n<meta name=\"twitter:creator\" content=\"@webdo_tn\" \/>\n<meta name=\"twitter:site\" content=\"@webdo_tn\" \/>\n<meta name=\"twitter:label1\" content=\"\u00c9crit par\" \/>\n\t<meta name=\"twitter:data1\" content=\"Ramzi\" \/>\n\t<meta name=\"twitter:label2\" content=\"Dur\u00e9e de lecture estim\u00e9e\" \/>\n\t<meta name=\"twitter:data2\" content=\"1 minute\" \/>\n<script type=\"application\/ld+json\" class=\"yoast-schema-graph\">{\"@context\":\"https:\\\/\\\/schema.org\",\"@graph\":[{\"@type\":\"NewsArticle\",\"@id\":\"https:\\\/\\\/www.webdo.tn\\\/fr\\\/actualite\\\/national\\\/nouveau-pont-de-bizerte-jeudi-ouverture-des-plis-de-l-aoi\\\/207013\\\/#article\",\"isPartOf\":{\"@id\":\"https:\\\/\\\/www.webdo.tn\\\/fr\\\/actualite\\\/national\\\/nouveau-pont-de-bizerte-jeudi-ouverture-des-plis-de-l-aoi\\\/207013\\\/\"},\"author\":{\"name\":\"Ramzi\",\"@id\":\"https:\\\/\\\/www.webdo.tn\\\/fr\\\/#\\\/schema\\\/person\\\/590cb5f81adcfde6385530fdbdf468e2\"},\"headline\":\"Nouveau pont de Bizerte : Ouverture des plis de l&rsquo;AOI, le 6 juillet\",\"datePublished\":\"2023-07-04T12:00:00+00:00\",\"dateModified\":\"2025-05-20T22:58:04+00:00\",\"mainEntityOfPage\":{\"@id\":\"https:\\\/\\\/www.webdo.tn\\\/fr\\\/actualite\\\/national\\\/nouveau-pont-de-bizerte-jeudi-ouverture-des-plis-de-l-aoi\\\/207013\\\/\"},\"wordCount\":299,\"commentCount\":0,\"publisher\":{\"@id\":\"https:\\\/\\\/www.webdo.tn\\\/fr\\\/#organization\"},\"image\":{\"@id\":\"https:\\\/\\\/www.webdo.tn\\\/fr\\\/actualite\\\/national\\\/nouveau-pont-de-bizerte-jeudi-ouverture-des-plis-de-l-aoi\\\/207013\\\/#primaryimage\"},\"thumbnailUrl\":\"https:\\\/\\\/www.webdo.tn\\\/fr\\\/wp-content\\\/uploads\\\/2023\\\/07\\\/2148d2cce6a57b738eb1971873689972.jpg\",\"keywords\":[\"appel d'offres\",\"Bizerte\",\"Pont\"],\"articleSection\":[\"National\"],\"inLanguage\":\"fr-FR\"},{\"@type\":\"WebPage\",\"@id\":\"https:\\\/\\\/www.webdo.tn\\\/fr\\\/actualite\\\/national\\\/nouveau-pont-de-bizerte-jeudi-ouverture-des-plis-de-l-aoi\\\/207013\\\/\",\"url\":\"https:\\\/\\\/www.webdo.tn\\\/fr\\\/actualite\\\/national\\\/nouveau-pont-de-bizerte-jeudi-ouverture-des-plis-de-l-aoi\\\/207013\\\/\",\"name\":\"Nouveau pont de Bizerte : Ouverture des plis de l'AOI, le 6 juillet\",\"isPartOf\":{\"@id\":\"https:\\\/\\\/www.webdo.tn\\\/fr\\\/#website\"},\"primaryImageOfPage\":{\"@id\":\"https:\\\/\\\/www.webdo.tn\\\/fr\\\/actualite\\\/national\\\/nouveau-pont-de-bizerte-jeudi-ouverture-des-plis-de-l-aoi\\\/207013\\\/#primaryimage\"},\"image\":{\"@id\":\"https:\\\/\\\/www.webdo.tn\\\/fr\\\/actualite\\\/national\\\/nouveau-pont-de-bizerte-jeudi-ouverture-des-plis-de-l-aoi\\\/207013\\\/#primaryimage\"},\"thumbnailUrl\":\"https:\\\/\\\/www.webdo.tn\\\/fr\\\/wp-content\\\/uploads\\\/2023\\\/07\\\/2148d2cce6a57b738eb1971873689972.jpg\",\"datePublished\":\"2023-07-04T12:00:00+00:00\",\"dateModified\":\"2025-05-20T22:58:04+00:00\",\"description\":\"L'ouverture des plis de l'Appel d'Offre International pour l'attribution du march\u00e9 de la deuxi\u00e8me tranche du projet du nouveau pont de Bizerte est fix\u00e9e, au jeu...\",\"breadcrumb\":{\"@id\":\"https:\\\/\\\/www.webdo.tn\\\/fr\\\/actualite\\\/national\\\/nouveau-pont-de-bizerte-jeudi-ouverture-des-plis-de-l-aoi\\\/207013\\\/#breadcrumb\"},\"inLanguage\":\"fr-FR\",\"potentialAction\":[{\"@type\":\"ReadAction\",\"target\":[\"https:\\\/\\\/www.webdo.tn\\\/fr\\\/actualite\\\/national\\\/nouveau-pont-de-bizerte-jeudi-ouverture-des-plis-de-l-aoi\\\/207013\\\/\"]}]},{\"@type\":\"ImageObject\",\"inLanguage\":\"fr-FR\",\"@id\":\"https:\\\/\\\/www.webdo.tn\\\/fr\\\/actualite\\\/national\\\/nouveau-pont-de-bizerte-jeudi-ouverture-des-plis-de-l-aoi\\\/207013\\\/#primaryimage\",\"url\":\"https:\\\/\\\/www.webdo.tn\\\/fr\\\/wp-content\\\/uploads\\\/2023\\\/07\\\/2148d2cce6a57b738eb1971873689972.jpg\",\"contentUrl\":\"https:\\\/\\\/www.webdo.tn\\\/fr\\\/wp-content\\\/uploads\\\/2023\\\/07\\\/2148d2cce6a57b738eb1971873689972.jpg\",\"width\":750,\"height\":400,\"caption\":\"Nouveau pont de Bizerte : Ouverture des plis de l'AOI, le 6 juillet\"},{\"@type\":\"BreadcrumbList\",\"@id\":\"https:\\\/\\\/www.webdo.tn\\\/fr\\\/actualite\\\/national\\\/nouveau-pont-de-bizerte-jeudi-ouverture-des-plis-de-l-aoi\\\/207013\\\/#breadcrumb\",\"itemListElement\":[{\"@type\":\"ListItem\",\"position\":1,\"name\":\"Accueil\",\"item\":\"https:\\\/\\\/www.webdo.tn\\\/fr\\\/\"},{\"@type\":\"ListItem\",\"position\":2,\"name\":\"Nouveau pont de Bizerte : Ouverture des plis de l&#8217;AOI, le 6 juillet\"}]},{\"@type\":\"WebSite\",\"@id\":\"https:\\\/\\\/www.webdo.tn\\\/fr\\\/#website\",\"url\":\"https:\\\/\\\/www.webdo.tn\\\/fr\\\/\",\"name\":\"webdo\",\"description\":\"Tunisie - News en Tunisie et \u00e0 l&#039;international sur Webdo.tn\",\"publisher\":{\"@id\":\"https:\\\/\\\/www.webdo.tn\\\/fr\\\/#organization\"},\"potentialAction\":[{\"@type\":\"SearchAction\",\"target\":{\"@type\":\"EntryPoint\",\"urlTemplate\":\"https:\\\/\\\/www.webdo.tn\\\/fr\\\/?s={search_term_string}\"},\"query-input\":{\"@type\":\"PropertyValueSpecification\",\"valueRequired\":true,\"valueName\":\"search_term_string\"}}],\"inLanguage\":\"fr-FR\"},{\"@type\":\"Organization\",\"@id\":\"https:\\\/\\\/www.webdo.tn\\\/fr\\\/#organization\",\"name\":\"Webdo\",\"alternateName\":\"Webdo.tn\",\"url\":\"https:\\\/\\\/www.webdo.tn\\\/fr\\\/\",\"logo\":{\"@type\":\"ImageObject\",\"inLanguage\":\"fr-FR\",\"@id\":\"https:\\\/\\\/www.webdo.tn\\\/fr\\\/#\\\/schema\\\/logo\\\/image\\\/\",\"url\":\"https:\\\/\\\/www.webdo.tn\\\/fr\\\/wp-content\\\/uploads\\\/2025\\\/06\\\/Webdo-Tunisie_168377.jpg\",\"contentUrl\":\"https:\\\/\\\/www.webdo.tn\\\/fr\\\/wp-content\\\/uploads\\\/2025\\\/06\\\/Webdo-Tunisie_168377.jpg\",\"width\":301,\"height\":301,\"caption\":\"Webdo\"},\"image\":{\"@id\":\"https:\\\/\\\/www.webdo.tn\\\/fr\\\/#\\\/schema\\\/logo\\\/image\\\/\"},\"sameAs\":[\"https:\\\/\\\/www.facebook.com\\\/webdotn\",\"https:\\\/\\\/x.com\\\/webdo_tn\"],\"description\":\"Webdo est un m\u00e9dia num\u00e9rique tunisien fond\u00e9 en 2010, sp\u00e9cialis\u00e9 dans l\u2019actualit\u00e9 nationale et internationale, l\u2019\u00e9conomie, la soci\u00e9t\u00e9 et les analyses politiques. Le site s\u2019adresse \u00e0 un large public francophone et couvre l\u2019information tunisienne en temps r\u00e9el.\",\"email\":\"redac@webdo.tn\",\"legalName\":\"YNJ SARL\",\"foundingDate\":\"2010-09-06\",\"numberOfEmployees\":{\"@type\":\"QuantitativeValue\",\"minValue\":\"11\",\"maxValue\":\"50\"}},{\"@type\":\"Person\",\"@id\":\"https:\\\/\\\/www.webdo.tn\\\/fr\\\/#\\\/schema\\\/person\\\/590cb5f81adcfde6385530fdbdf468e2\",\"name\":\"Ramzi\",\"image\":{\"@type\":\"ImageObject\",\"inLanguage\":\"fr-FR\",\"@id\":\"https:\\\/\\\/secure.gravatar.com\\\/avatar\\\/48df7d18915e10cf866ba8e27604c81ff9243fd52704a1d210c3e387e1cb8d87?s=96&d=mm&r=g\",\"url\":\"https:\\\/\\\/secure.gravatar.com\\\/avatar\\\/48df7d18915e10cf866ba8e27604c81ff9243fd52704a1d210c3e387e1cb8d87?s=96&d=mm&r=g\",\"contentUrl\":\"https:\\\/\\\/secure.gravatar.com\\\/avatar\\\/48df7d18915e10cf866ba8e27604c81ff9243fd52704a1d210c3e387e1cb8d87?s=96&d=mm&r=g\",\"caption\":\"Ramzi\"},\"url\":\"https:\\\/\\\/www.webdo.tn\\\/fr\\\/actualite\\\/author\\\/ramzi\\\/\"}]}<\/script>\n<!-- \/ Yoast SEO Premium plugin. -->","yoast_head_json":{"title":"Nouveau pont de Bizerte : Ouverture des plis de l'AOI, le 6 juillet","description":"L'ouverture des plis de l'Appel d'Offre International pour l'attribution du march\u00e9 de la deuxi\u00e8me tranche du projet du nouveau pont de Bizerte est fix\u00e9e, au jeu...","canonical":"https:\/\/www.webdo.tn\/fr\/actualite\/national\/nouveau-pont-de-bizerte-jeudi-ouverture-des-plis-de-l-aoi\/207013\/","og_locale":"fr_FR","og_type":"article","og_title":"Nouveau pont de Bizerte : Ouverture des plis de l'AOI, le 6 juillet","og_description":"L'ouverture des plis de l'Appel d'Offre International pour l'attribution du march\u00e9 de la deuxi\u00e8me tranche du projet du nouveau pont de Bizerte est fix\u00e9e, au jeu...","og_url":"https:\/\/www.webdo.tn\/fr\/actualite\/national\/nouveau-pont-de-bizerte-jeudi-ouverture-des-plis-de-l-aoi\/207013\/","og_site_name":"webdo","article_publisher":"https:\/\/www.facebook.com\/webdotn","article_published_time":"2023-07-04T12:00:00+00:00","article_modified_time":"2025-05-20T22:58:04+00:00","og_image":[{"width":750,"height":400,"url":"https:\/\/www.webdo.tn\/fr\/wp-content\/uploads\/2023\/07\/2148d2cce6a57b738eb1971873689972.jpg","type":"image\/jpeg"}],"author":"Ramzi","twitter_card":"summary_large_image","twitter_creator":"@webdo_tn","twitter_site":"@webdo_tn","twitter_misc":{"\u00c9crit par":"Ramzi","Dur\u00e9e de lecture estim\u00e9e":"1 minute"},"schema":{"@context":"https:\/\/schema.org","@graph":[{"@type":"NewsArticle","@id":"https:\/\/www.webdo.tn\/fr\/actualite\/national\/nouveau-pont-de-bizerte-jeudi-ouverture-des-plis-de-l-aoi\/207013\/#article","isPartOf":{"@id":"https:\/\/www.webdo.tn\/fr\/actualite\/national\/nouveau-pont-de-bizerte-jeudi-ouverture-des-plis-de-l-aoi\/207013\/"},"author":{"name":"Ramzi","@id":"https:\/\/www.webdo.tn\/fr\/#\/schema\/person\/590cb5f81adcfde6385530fdbdf468e2"},"headline":"Nouveau pont de Bizerte : Ouverture des plis de l&rsquo;AOI, le 6 juillet","datePublished":"2023-07-04T12:00:00+00:00","dateModified":"2025-05-20T22:58:04+00:00","mainEntityOfPage":{"@id":"https:\/\/www.webdo.tn\/fr\/actualite\/national\/nouveau-pont-de-bizerte-jeudi-ouverture-des-plis-de-l-aoi\/207013\/"},"wordCount":299,"commentCount":0,"publisher":{"@id":"https:\/\/www.webdo.tn\/fr\/#organization"},"image":{"@id":"https:\/\/www.webdo.tn\/fr\/actualite\/national\/nouveau-pont-de-bizerte-jeudi-ouverture-des-plis-de-l-aoi\/207013\/#primaryimage"},"thumbnailUrl":"https:\/\/www.webdo.tn\/fr\/wp-content\/uploads\/2023\/07\/2148d2cce6a57b738eb1971873689972.jpg","keywords":["appel d'offres","Bizerte","Pont"],"articleSection":["National"],"inLanguage":"fr-FR"},{"@type":"WebPage","@id":"https:\/\/www.webdo.tn\/fr\/actualite\/national\/nouveau-pont-de-bizerte-jeudi-ouverture-des-plis-de-l-aoi\/207013\/","url":"https:\/\/www.webdo.tn\/fr\/actualite\/national\/nouveau-pont-de-bizerte-jeudi-ouverture-des-plis-de-l-aoi\/207013\/","name":"Nouveau pont de Bizerte : Ouverture des plis de l'AOI, le 6 juillet","isPartOf":{"@id":"https:\/\/www.webdo.tn\/fr\/#website"},"primaryImageOfPage":{"@id":"https:\/\/www.webdo.tn\/fr\/actualite\/national\/nouveau-pont-de-bizerte-jeudi-ouverture-des-plis-de-l-aoi\/207013\/#primaryimage"},"image":{"@id":"https:\/\/www.webdo.tn\/fr\/actualite\/national\/nouveau-pont-de-bizerte-jeudi-ouverture-des-plis-de-l-aoi\/207013\/#primaryimage"},"thumbnailUrl":"https:\/\/www.webdo.tn\/fr\/wp-content\/uploads\/2023\/07\/2148d2cce6a57b738eb1971873689972.jpg","datePublished":"2023-07-04T12:00:00+00:00","dateModified":"2025-05-20T22:58:04+00:00","description":"L'ouverture des plis de l'Appel d'Offre International pour l'attribution du march\u00e9 de la deuxi\u00e8me tranche du projet du nouveau pont de Bizerte est fix\u00e9e, au jeu...","breadcrumb":{"@id":"https:\/\/www.webdo.tn\/fr\/actualite\/national\/nouveau-pont-de-bizerte-jeudi-ouverture-des-plis-de-l-aoi\/207013\/#breadcrumb"},"inLanguage":"fr-FR","potentialAction":[{"@type":"ReadAction","target":["https:\/\/www.webdo.tn\/fr\/actualite\/national\/nouveau-pont-de-bizerte-jeudi-ouverture-des-plis-de-l-aoi\/207013\/"]}]},{"@type":"ImageObject","inLanguage":"fr-FR","@id":"https:\/\/www.webdo.tn\/fr\/actualite\/national\/nouveau-pont-de-bizerte-jeudi-ouverture-des-plis-de-l-aoi\/207013\/#primaryimage","url":"https:\/\/www.webdo.tn\/fr\/wp-content\/uploads\/2023\/07\/2148d2cce6a57b738eb1971873689972.jpg","contentUrl":"https:\/\/www.webdo.tn\/fr\/wp-content\/uploads\/2023\/07\/2148d2cce6a57b738eb1971873689972.jpg","width":750,"height":400,"caption":"Nouveau pont de Bizerte : Ouverture des plis de l'AOI, le 6 juillet"},{"@type":"BreadcrumbList","@id":"https:\/\/www.webdo.tn\/fr\/actualite\/national\/nouveau-pont-de-bizerte-jeudi-ouverture-des-plis-de-l-aoi\/207013\/#breadcrumb","itemListElement":[{"@type":"ListItem","position":1,"name":"Accueil","item":"https:\/\/www.webdo.tn\/fr\/"},{"@type":"ListItem","position":2,"name":"Nouveau pont de Bizerte : Ouverture des plis de l&#8217;AOI, le 6 juillet"}]},{"@type":"WebSite","@id":"https:\/\/www.webdo.tn\/fr\/#website","url":"https:\/\/www.webdo.tn\/fr\/","name":"webdo","description":"Tunisie - News en Tunisie et \u00e0 l&#039;international sur Webdo.tn","publisher":{"@id":"https:\/\/www.webdo.tn\/fr\/#organization"},"potentialAction":[{"@type":"SearchAction","target":{"@type":"EntryPoint","urlTemplate":"https:\/\/www.webdo.tn\/fr\/?s={search_term_string}"},"query-input":{"@type":"PropertyValueSpecification","valueRequired":true,"valueName":"search_term_string"}}],"inLanguage":"fr-FR"},{"@type":"Organization","@id":"https:\/\/www.webdo.tn\/fr\/#organization","name":"Webdo","alternateName":"Webdo.tn","url":"https:\/\/www.webdo.tn\/fr\/","logo":{"@type":"ImageObject","inLanguage":"fr-FR","@id":"https:\/\/www.webdo.tn\/fr\/#\/schema\/logo\/image\/","url":"https:\/\/www.webdo.tn\/fr\/wp-content\/uploads\/2025\/06\/Webdo-Tunisie_168377.jpg","contentUrl":"https:\/\/www.webdo.tn\/fr\/wp-content\/uploads\/2025\/06\/Webdo-Tunisie_168377.jpg","width":301,"height":301,"caption":"Webdo"},"image":{"@id":"https:\/\/www.webdo.tn\/fr\/#\/schema\/logo\/image\/"},"sameAs":["https:\/\/www.facebook.com\/webdotn","https:\/\/x.com\/webdo_tn"],"description":"Webdo est un m\u00e9dia num\u00e9rique tunisien fond\u00e9 en 2010, sp\u00e9cialis\u00e9 dans l\u2019actualit\u00e9 nationale et internationale, l\u2019\u00e9conomie, la soci\u00e9t\u00e9 et les analyses politiques. Le site s\u2019adresse \u00e0 un large public francophone et couvre l\u2019information tunisienne en temps r\u00e9el.","email":"redac@webdo.tn","legalName":"YNJ SARL","foundingDate":"2010-09-06","numberOfEmployees":{"@type":"QuantitativeValue","minValue":"11","maxValue":"50"}},{"@type":"Person","@id":"https:\/\/www.webdo.tn\/fr\/#\/schema\/person\/590cb5f81adcfde6385530fdbdf468e2","name":"Ramzi","image":{"@type":"ImageObject","inLanguage":"fr-FR","@id":"https:\/\/secure.gravatar.com\/avatar\/48df7d18915e10cf866ba8e27604c81ff9243fd52704a1d210c3e387e1cb8d87?s=96&d=mm&r=g","url":"https:\/\/secure.gravatar.com\/avatar\/48df7d18915e10cf866ba8e27604c81ff9243fd52704a1d210c3e387e1cb8d87?s=96&d=mm&r=g","contentUrl":"https:\/\/secure.gravatar.com\/avatar\/48df7d18915e10cf866ba8e27604c81ff9243fd52704a1d210c3e387e1cb8d87?s=96&d=mm&r=g","caption":"Ramzi"},"url":"https:\/\/www.webdo.tn\/fr\/actualite\/author\/ramzi\/"}]}},"_links":{"self":[{"href":"https:\/\/www.webdo.tn\/fr\/wp-json\/wp\/v2\/posts\/207013","targetHints":{"allow":["GET"]}}],"collection":[{"href":"https:\/\/www.webdo.tn\/fr\/wp-json\/wp\/v2\/posts"}],"about":[{"href":"https:\/\/www.webdo.tn\/fr\/wp-json\/wp\/v2\/types\/post"}],"author":[{"embeddable":true,"href":"https:\/\/www.webdo.tn\/fr\/wp-json\/wp\/v2\/users\/3188"}],"replies":[{"embeddable":true,"href":"https:\/\/www.webdo.tn\/fr\/wp-json\/wp\/v2\/comments?post=207013"}],"version-history":[{"count":0,"href":"https:\/\/www.webdo.tn\/fr\/wp-json\/wp\/v2\/posts\/207013\/revisions"}],"wp:featuredmedia":[{"embeddable":true,"href":"https:\/\/www.webdo.tn\/fr\/wp-json\/wp\/v2\/media\/249840"}],"wp:attachment":[{"href":"https:\/\/www.webdo.tn\/fr\/wp-json\/wp\/v2\/media?parent=207013"}],"wp:term":[{"taxonomy":"category","embeddable":true,"href":"https:\/\/www.webdo.tn\/fr\/wp-json\/wp\/v2\/categories?post=207013"},{"taxonomy":"post_tag","embeddable":true,"href":"https:\/\/www.webdo.tn\/fr\/wp-json\/wp\/v2\/tags?post=207013"}],"curies":[{"name":"wp","href":"https:\/\/api.w.org\/{rel}","templated":true}]}}