{"id":207000,"date":"2023-07-03T20:31:00","date_gmt":"2023-07-03T20:31:00","guid":{"rendered":"https:\/\/www.webdo.tn\/fr\/blog\/un-agent-de-la-garde-maritime-poignarde-a-la-goulette\/207000\/"},"modified":"2023-07-03T20:31:00","modified_gmt":"2023-07-03T20:31:00","slug":"un-agent-de-la-garde-maritime-poignarde-a-la-goulette","status":"publish","type":"post","link":"https:\/\/www.webdo.tn\/fr\/actualite\/national\/un-agent-de-la-garde-maritime-poignarde-a-la-goulette\/207000\/","title":{"rendered":"Un agent de la Garde maritime poignard\u00e9 \u00e0 La Goulette"},"content":{"rendered":"<p>Un agent de la Garde nationale, appartenant au Poste maritime de La Goulette, a \u00e9t\u00e9 victime d&rsquo;une agression \u00e0 l&rsquo;arme blanche, selon le communiqu\u00e9 publi\u00e9 par le minist\u00e8re de l\u2019Int\u00e9rieur, ce  lundi 3 juillet 2023.<\/p>\n<p>\t\t\t\t\t\t\t\t\tSelon ledit communiqu\u00e9, l\u2019agent bless\u00e9\u00a0a \u00e9t\u00e9 transport\u00e9 \u00e0 l&rsquo;h\u00f4pital et son \u00e9tat est stable, alors que le suspect a \u00e9t\u00e9 rapidement arr\u00eat\u00e9.\u00a0<\/p>\n<p>Les enqu\u00eates sont en cours par le secteur de la s\u00fbret\u00e9 nationale de Carthage.<\/p>\n","protected":false},"excerpt":{"rendered":"<p>Un agent de la Garde nationale, appartenant au Poste maritime de La Goulette, a \u00e9t\u00e9 victime d&rsquo;une agression \u00e0 l&rsquo;arme blanche, selon le communiqu\u00e9 publi\u00e9 par le&#8230;<\/p>\n","protected":false},"author":3169,"featured_media":249835,"comment_status":"open","ping_status":"closed","sticky":false,"template":"","format":"standard","meta":{"footnotes":""},"categories":[44],"tags":[8235,3435,3958,2608],"class_list":["post-207000","post","type-post","status-publish","format-standard","has-post-thumbnail","hentry","category-national","tag-agent","tag-agression","tag-la-goulette","tag-tunisie"],"yoast_head":"<!-- This site is optimized with the Yoast SEO Premium plugin v27.4 (Yoast SEO v27.5) - https:\/\/yoast.com\/product\/yoast-seo-premium-wordpress\/ -->\n<title>Un agent de la Garde maritime poignard\u00e9 \u00e0 La Goulette<\/title>\n<meta name=\"description\" content=\"Un agent de la Garde nationale, appartenant au Poste maritime de La Goulette, a \u00e9t\u00e9 victime d&#039;une agression \u00e0 l&#039;arme blanche, selon le communiqu\u00e9 publi\u00e9 par le...\" \/>\n<link rel=\"canonical\" href=\"https:\/\/www.webdo.tn\/fr\/actualite\/national\/un-agent-de-la-garde-maritime-poignarde-a-la-goulette\/207000\/\" \/>\n<meta property=\"og:locale\" content=\"fr_FR\" \/>\n<meta property=\"og:type\" content=\"article\" \/>\n<meta property=\"og:title\" content=\"Un agent de la Garde maritime poignard\u00e9 \u00e0 La Goulette\" \/>\n<meta property=\"og:description\" content=\"Un agent de la Garde nationale, appartenant au Poste maritime de La Goulette, a \u00e9t\u00e9 victime d&#039;une agression \u00e0 l&#039;arme blanche, selon le communiqu\u00e9 publi\u00e9 par le...\" \/>\n<meta property=\"og:url\" content=\"https:\/\/www.webdo.tn\/fr\/actualite\/national\/un-agent-de-la-garde-maritime-poignarde-a-la-goulette\/207000\/\" \/>\n<meta property=\"og:site_name\" content=\"webdo\" \/>\n<meta property=\"article:publisher\" content=\"https:\/\/www.facebook.com\/webdotn\" \/>\n<meta property=\"article:published_time\" content=\"2023-07-03T20:31:00+00:00\" \/>\n<meta property=\"og:image\" content=\"https:\/\/www.webdo.tn\/fr\/wp-content\/uploads\/2023\/07\/c5c7637a6a676e5ab0cf385829d710e6.png\" \/>\n\t<meta property=\"og:image:width\" content=\"750\" \/>\n\t<meta property=\"og:image:height\" content=\"400\" \/>\n\t<meta property=\"og:image:type\" content=\"image\/png\" \/>\n<meta name=\"author\" content=\"Webdo\" \/>\n<meta name=\"twitter:card\" content=\"summary_large_image\" \/>\n<meta name=\"twitter:creator\" content=\"@webdo_tn\" \/>\n<meta name=\"twitter:site\" content=\"@webdo_tn\" \/>\n<meta name=\"twitter:label1\" content=\"\u00c9crit par\" \/>\n\t<meta name=\"twitter:data1\" content=\"Webdo\" \/>\n<script type=\"application\/ld+json\" class=\"yoast-schema-graph\">{\"@context\":\"https:\\\/\\\/schema.org\",\"@graph\":[{\"@type\":\"NewsArticle\",\"@id\":\"https:\\\/\\\/www.webdo.tn\\\/fr\\\/actualite\\\/national\\\/un-agent-de-la-garde-maritime-poignarde-a-la-goulette\\\/207000\\\/#article\",\"isPartOf\":{\"@id\":\"https:\\\/\\\/www.webdo.tn\\\/fr\\\/actualite\\\/national\\\/un-agent-de-la-garde-maritime-poignarde-a-la-goulette\\\/207000\\\/\"},\"author\":{\"name\":\"Webdo\",\"@id\":\"https:\\\/\\\/www.webdo.tn\\\/fr\\\/#\\\/schema\\\/person\\\/1f4e491e0907b413d61089e8eb573acc\"},\"headline\":\"Un agent de la Garde maritime poignard\u00e9 \u00e0 La Goulette\",\"datePublished\":\"2023-07-03T20:31:00+00:00\",\"mainEntityOfPage\":{\"@id\":\"https:\\\/\\\/www.webdo.tn\\\/fr\\\/actualite\\\/national\\\/un-agent-de-la-garde-maritime-poignarde-a-la-goulette\\\/207000\\\/\"},\"wordCount\":88,\"commentCount\":0,\"publisher\":{\"@id\":\"https:\\\/\\\/www.webdo.tn\\\/fr\\\/#organization\"},\"image\":{\"@id\":\"https:\\\/\\\/www.webdo.tn\\\/fr\\\/actualite\\\/national\\\/un-agent-de-la-garde-maritime-poignarde-a-la-goulette\\\/207000\\\/#primaryimage\"},\"thumbnailUrl\":\"https:\\\/\\\/www.webdo.tn\\\/fr\\\/wp-content\\\/uploads\\\/2023\\\/07\\\/c5c7637a6a676e5ab0cf385829d710e6.png\",\"keywords\":[\"agent\",\"agression\",\"la goulette\",\"Tunisie\"],\"articleSection\":[\"National\"],\"inLanguage\":\"fr-FR\"},{\"@type\":\"WebPage\",\"@id\":\"https:\\\/\\\/www.webdo.tn\\\/fr\\\/actualite\\\/national\\\/un-agent-de-la-garde-maritime-poignarde-a-la-goulette\\\/207000\\\/\",\"url\":\"https:\\\/\\\/www.webdo.tn\\\/fr\\\/actualite\\\/national\\\/un-agent-de-la-garde-maritime-poignarde-a-la-goulette\\\/207000\\\/\",\"name\":\"Un agent de la Garde maritime poignard\u00e9 \u00e0 La Goulette\",\"isPartOf\":{\"@id\":\"https:\\\/\\\/www.webdo.tn\\\/fr\\\/#website\"},\"primaryImageOfPage\":{\"@id\":\"https:\\\/\\\/www.webdo.tn\\\/fr\\\/actualite\\\/national\\\/un-agent-de-la-garde-maritime-poignarde-a-la-goulette\\\/207000\\\/#primaryimage\"},\"image\":{\"@id\":\"https:\\\/\\\/www.webdo.tn\\\/fr\\\/actualite\\\/national\\\/un-agent-de-la-garde-maritime-poignarde-a-la-goulette\\\/207000\\\/#primaryimage\"},\"thumbnailUrl\":\"https:\\\/\\\/www.webdo.tn\\\/fr\\\/wp-content\\\/uploads\\\/2023\\\/07\\\/c5c7637a6a676e5ab0cf385829d710e6.png\",\"datePublished\":\"2023-07-03T20:31:00+00:00\",\"description\":\"Un agent de la Garde nationale, appartenant au Poste maritime de La Goulette, a \u00e9t\u00e9 victime d'une agression \u00e0 l'arme blanche, selon le communiqu\u00e9 publi\u00e9 par le...\",\"breadcrumb\":{\"@id\":\"https:\\\/\\\/www.webdo.tn\\\/fr\\\/actualite\\\/national\\\/un-agent-de-la-garde-maritime-poignarde-a-la-goulette\\\/207000\\\/#breadcrumb\"},\"inLanguage\":\"fr-FR\",\"potentialAction\":[{\"@type\":\"ReadAction\",\"target\":[\"https:\\\/\\\/www.webdo.tn\\\/fr\\\/actualite\\\/national\\\/un-agent-de-la-garde-maritime-poignarde-a-la-goulette\\\/207000\\\/\"]}]},{\"@type\":\"ImageObject\",\"inLanguage\":\"fr-FR\",\"@id\":\"https:\\\/\\\/www.webdo.tn\\\/fr\\\/actualite\\\/national\\\/un-agent-de-la-garde-maritime-poignarde-a-la-goulette\\\/207000\\\/#primaryimage\",\"url\":\"https:\\\/\\\/www.webdo.tn\\\/fr\\\/wp-content\\\/uploads\\\/2023\\\/07\\\/c5c7637a6a676e5ab0cf385829d710e6.png\",\"contentUrl\":\"https:\\\/\\\/www.webdo.tn\\\/fr\\\/wp-content\\\/uploads\\\/2023\\\/07\\\/c5c7637a6a676e5ab0cf385829d710e6.png\",\"width\":750,\"height\":400,\"caption\":\"Un agent de la Garde maritime poignard\u00e9 \u00e0 La Goulette\"},{\"@type\":\"BreadcrumbList\",\"@id\":\"https:\\\/\\\/www.webdo.tn\\\/fr\\\/actualite\\\/national\\\/un-agent-de-la-garde-maritime-poignarde-a-la-goulette\\\/207000\\\/#breadcrumb\",\"itemListElement\":[{\"@type\":\"ListItem\",\"position\":1,\"name\":\"Accueil\",\"item\":\"https:\\\/\\\/www.webdo.tn\\\/fr\\\/\"},{\"@type\":\"ListItem\",\"position\":2,\"name\":\"Un agent de la Garde maritime poignard\u00e9 \u00e0 La Goulette\"}]},{\"@type\":\"WebSite\",\"@id\":\"https:\\\/\\\/www.webdo.tn\\\/fr\\\/#website\",\"url\":\"https:\\\/\\\/www.webdo.tn\\\/fr\\\/\",\"name\":\"webdo\",\"description\":\"Tunisie - News en Tunisie et \u00e0 l&#039;international sur Webdo.tn\",\"publisher\":{\"@id\":\"https:\\\/\\\/www.webdo.tn\\\/fr\\\/#organization\"},\"potentialAction\":[{\"@type\":\"SearchAction\",\"target\":{\"@type\":\"EntryPoint\",\"urlTemplate\":\"https:\\\/\\\/www.webdo.tn\\\/fr\\\/?s={search_term_string}\"},\"query-input\":{\"@type\":\"PropertyValueSpecification\",\"valueRequired\":true,\"valueName\":\"search_term_string\"}}],\"inLanguage\":\"fr-FR\"},{\"@type\":\"Organization\",\"@id\":\"https:\\\/\\\/www.webdo.tn\\\/fr\\\/#organization\",\"name\":\"Webdo\",\"alternateName\":\"Webdo.tn\",\"url\":\"https:\\\/\\\/www.webdo.tn\\\/fr\\\/\",\"logo\":{\"@type\":\"ImageObject\",\"inLanguage\":\"fr-FR\",\"@id\":\"https:\\\/\\\/www.webdo.tn\\\/fr\\\/#\\\/schema\\\/logo\\\/image\\\/\",\"url\":\"https:\\\/\\\/www.webdo.tn\\\/fr\\\/wp-content\\\/uploads\\\/2025\\\/06\\\/Webdo-Tunisie_168377.jpg\",\"contentUrl\":\"https:\\\/\\\/www.webdo.tn\\\/fr\\\/wp-content\\\/uploads\\\/2025\\\/06\\\/Webdo-Tunisie_168377.jpg\",\"width\":301,\"height\":301,\"caption\":\"Webdo\"},\"image\":{\"@id\":\"https:\\\/\\\/www.webdo.tn\\\/fr\\\/#\\\/schema\\\/logo\\\/image\\\/\"},\"sameAs\":[\"https:\\\/\\\/www.facebook.com\\\/webdotn\",\"https:\\\/\\\/x.com\\\/webdo_tn\"],\"description\":\"Webdo est un m\u00e9dia num\u00e9rique tunisien fond\u00e9 en 2010, sp\u00e9cialis\u00e9 dans l\u2019actualit\u00e9 nationale et internationale, l\u2019\u00e9conomie, la soci\u00e9t\u00e9 et les analyses politiques. Le site s\u2019adresse \u00e0 un large public francophone et couvre l\u2019information tunisienne en temps r\u00e9el.\",\"email\":\"redac@webdo.tn\",\"legalName\":\"YNJ SARL\",\"foundingDate\":\"2010-09-06\",\"numberOfEmployees\":{\"@type\":\"QuantitativeValue\",\"minValue\":\"11\",\"maxValue\":\"50\"}},{\"@type\":\"Person\",\"@id\":\"https:\\\/\\\/www.webdo.tn\\\/fr\\\/#\\\/schema\\\/person\\\/1f4e491e0907b413d61089e8eb573acc\",\"name\":\"Webdo\",\"image\":{\"@type\":\"ImageObject\",\"inLanguage\":\"fr-FR\",\"@id\":\"https:\\\/\\\/secure.gravatar.com\\\/avatar\\\/de97aeec1bb80978a9dbb127e47dfc88aaacb2f3c29aac907d8d3222e3495d49?s=96&d=mm&r=g\",\"url\":\"https:\\\/\\\/secure.gravatar.com\\\/avatar\\\/de97aeec1bb80978a9dbb127e47dfc88aaacb2f3c29aac907d8d3222e3495d49?s=96&d=mm&r=g\",\"contentUrl\":\"https:\\\/\\\/secure.gravatar.com\\\/avatar\\\/de97aeec1bb80978a9dbb127e47dfc88aaacb2f3c29aac907d8d3222e3495d49?s=96&d=mm&r=g\",\"caption\":\"Webdo\"},\"url\":\"https:\\\/\\\/www.webdo.tn\\\/fr\\\/actualite\\\/author\\\/webdo\\\/\"}]}<\/script>\n<!-- \/ Yoast SEO Premium plugin. -->","yoast_head_json":{"title":"Un agent de la Garde maritime poignard\u00e9 \u00e0 La Goulette","description":"Un agent de la Garde nationale, appartenant au Poste maritime de La Goulette, a \u00e9t\u00e9 victime d'une agression \u00e0 l'arme blanche, selon le communiqu\u00e9 publi\u00e9 par le...","canonical":"https:\/\/www.webdo.tn\/fr\/actualite\/national\/un-agent-de-la-garde-maritime-poignarde-a-la-goulette\/207000\/","og_locale":"fr_FR","og_type":"article","og_title":"Un agent de la Garde maritime poignard\u00e9 \u00e0 La Goulette","og_description":"Un agent de la Garde nationale, appartenant au Poste maritime de La Goulette, a \u00e9t\u00e9 victime d'une agression \u00e0 l'arme blanche, selon le communiqu\u00e9 publi\u00e9 par le...","og_url":"https:\/\/www.webdo.tn\/fr\/actualite\/national\/un-agent-de-la-garde-maritime-poignarde-a-la-goulette\/207000\/","og_site_name":"webdo","article_publisher":"https:\/\/www.facebook.com\/webdotn","article_published_time":"2023-07-03T20:31:00+00:00","og_image":[{"width":750,"height":400,"url":"https:\/\/www.webdo.tn\/fr\/wp-content\/uploads\/2023\/07\/c5c7637a6a676e5ab0cf385829d710e6.png","type":"image\/png"}],"author":"Webdo","twitter_card":"summary_large_image","twitter_creator":"@webdo_tn","twitter_site":"@webdo_tn","twitter_misc":{"\u00c9crit par":"Webdo"},"schema":{"@context":"https:\/\/schema.org","@graph":[{"@type":"NewsArticle","@id":"https:\/\/www.webdo.tn\/fr\/actualite\/national\/un-agent-de-la-garde-maritime-poignarde-a-la-goulette\/207000\/#article","isPartOf":{"@id":"https:\/\/www.webdo.tn\/fr\/actualite\/national\/un-agent-de-la-garde-maritime-poignarde-a-la-goulette\/207000\/"},"author":{"name":"Webdo","@id":"https:\/\/www.webdo.tn\/fr\/#\/schema\/person\/1f4e491e0907b413d61089e8eb573acc"},"headline":"Un agent de la Garde maritime poignard\u00e9 \u00e0 La Goulette","datePublished":"2023-07-03T20:31:00+00:00","mainEntityOfPage":{"@id":"https:\/\/www.webdo.tn\/fr\/actualite\/national\/un-agent-de-la-garde-maritime-poignarde-a-la-goulette\/207000\/"},"wordCount":88,"commentCount":0,"publisher":{"@id":"https:\/\/www.webdo.tn\/fr\/#organization"},"image":{"@id":"https:\/\/www.webdo.tn\/fr\/actualite\/national\/un-agent-de-la-garde-maritime-poignarde-a-la-goulette\/207000\/#primaryimage"},"thumbnailUrl":"https:\/\/www.webdo.tn\/fr\/wp-content\/uploads\/2023\/07\/c5c7637a6a676e5ab0cf385829d710e6.png","keywords":["agent","agression","la goulette","Tunisie"],"articleSection":["National"],"inLanguage":"fr-FR"},{"@type":"WebPage","@id":"https:\/\/www.webdo.tn\/fr\/actualite\/national\/un-agent-de-la-garde-maritime-poignarde-a-la-goulette\/207000\/","url":"https:\/\/www.webdo.tn\/fr\/actualite\/national\/un-agent-de-la-garde-maritime-poignarde-a-la-goulette\/207000\/","name":"Un agent de la Garde maritime poignard\u00e9 \u00e0 La Goulette","isPartOf":{"@id":"https:\/\/www.webdo.tn\/fr\/#website"},"primaryImageOfPage":{"@id":"https:\/\/www.webdo.tn\/fr\/actualite\/national\/un-agent-de-la-garde-maritime-poignarde-a-la-goulette\/207000\/#primaryimage"},"image":{"@id":"https:\/\/www.webdo.tn\/fr\/actualite\/national\/un-agent-de-la-garde-maritime-poignarde-a-la-goulette\/207000\/#primaryimage"},"thumbnailUrl":"https:\/\/www.webdo.tn\/fr\/wp-content\/uploads\/2023\/07\/c5c7637a6a676e5ab0cf385829d710e6.png","datePublished":"2023-07-03T20:31:00+00:00","description":"Un agent de la Garde nationale, appartenant au Poste maritime de La Goulette, a \u00e9t\u00e9 victime d'une agression \u00e0 l'arme blanche, selon le communiqu\u00e9 publi\u00e9 par le...","breadcrumb":{"@id":"https:\/\/www.webdo.tn\/fr\/actualite\/national\/un-agent-de-la-garde-maritime-poignarde-a-la-goulette\/207000\/#breadcrumb"},"inLanguage":"fr-FR","potentialAction":[{"@type":"ReadAction","target":["https:\/\/www.webdo.tn\/fr\/actualite\/national\/un-agent-de-la-garde-maritime-poignarde-a-la-goulette\/207000\/"]}]},{"@type":"ImageObject","inLanguage":"fr-FR","@id":"https:\/\/www.webdo.tn\/fr\/actualite\/national\/un-agent-de-la-garde-maritime-poignarde-a-la-goulette\/207000\/#primaryimage","url":"https:\/\/www.webdo.tn\/fr\/wp-content\/uploads\/2023\/07\/c5c7637a6a676e5ab0cf385829d710e6.png","contentUrl":"https:\/\/www.webdo.tn\/fr\/wp-content\/uploads\/2023\/07\/c5c7637a6a676e5ab0cf385829d710e6.png","width":750,"height":400,"caption":"Un agent de la Garde maritime poignard\u00e9 \u00e0 La Goulette"},{"@type":"BreadcrumbList","@id":"https:\/\/www.webdo.tn\/fr\/actualite\/national\/un-agent-de-la-garde-maritime-poignarde-a-la-goulette\/207000\/#breadcrumb","itemListElement":[{"@type":"ListItem","position":1,"name":"Accueil","item":"https:\/\/www.webdo.tn\/fr\/"},{"@type":"ListItem","position":2,"name":"Un agent de la Garde maritime poignard\u00e9 \u00e0 La Goulette"}]},{"@type":"WebSite","@id":"https:\/\/www.webdo.tn\/fr\/#website","url":"https:\/\/www.webdo.tn\/fr\/","name":"webdo","description":"Tunisie - News en Tunisie et \u00e0 l&#039;international sur Webdo.tn","publisher":{"@id":"https:\/\/www.webdo.tn\/fr\/#organization"},"potentialAction":[{"@type":"SearchAction","target":{"@type":"EntryPoint","urlTemplate":"https:\/\/www.webdo.tn\/fr\/?s={search_term_string}"},"query-input":{"@type":"PropertyValueSpecification","valueRequired":true,"valueName":"search_term_string"}}],"inLanguage":"fr-FR"},{"@type":"Organization","@id":"https:\/\/www.webdo.tn\/fr\/#organization","name":"Webdo","alternateName":"Webdo.tn","url":"https:\/\/www.webdo.tn\/fr\/","logo":{"@type":"ImageObject","inLanguage":"fr-FR","@id":"https:\/\/www.webdo.tn\/fr\/#\/schema\/logo\/image\/","url":"https:\/\/www.webdo.tn\/fr\/wp-content\/uploads\/2025\/06\/Webdo-Tunisie_168377.jpg","contentUrl":"https:\/\/www.webdo.tn\/fr\/wp-content\/uploads\/2025\/06\/Webdo-Tunisie_168377.jpg","width":301,"height":301,"caption":"Webdo"},"image":{"@id":"https:\/\/www.webdo.tn\/fr\/#\/schema\/logo\/image\/"},"sameAs":["https:\/\/www.facebook.com\/webdotn","https:\/\/x.com\/webdo_tn"],"description":"Webdo est un m\u00e9dia num\u00e9rique tunisien fond\u00e9 en 2010, sp\u00e9cialis\u00e9 dans l\u2019actualit\u00e9 nationale et internationale, l\u2019\u00e9conomie, la soci\u00e9t\u00e9 et les analyses politiques. Le site s\u2019adresse \u00e0 un large public francophone et couvre l\u2019information tunisienne en temps r\u00e9el.","email":"redac@webdo.tn","legalName":"YNJ SARL","foundingDate":"2010-09-06","numberOfEmployees":{"@type":"QuantitativeValue","minValue":"11","maxValue":"50"}},{"@type":"Person","@id":"https:\/\/www.webdo.tn\/fr\/#\/schema\/person\/1f4e491e0907b413d61089e8eb573acc","name":"Webdo","image":{"@type":"ImageObject","inLanguage":"fr-FR","@id":"https:\/\/secure.gravatar.com\/avatar\/de97aeec1bb80978a9dbb127e47dfc88aaacb2f3c29aac907d8d3222e3495d49?s=96&d=mm&r=g","url":"https:\/\/secure.gravatar.com\/avatar\/de97aeec1bb80978a9dbb127e47dfc88aaacb2f3c29aac907d8d3222e3495d49?s=96&d=mm&r=g","contentUrl":"https:\/\/secure.gravatar.com\/avatar\/de97aeec1bb80978a9dbb127e47dfc88aaacb2f3c29aac907d8d3222e3495d49?s=96&d=mm&r=g","caption":"Webdo"},"url":"https:\/\/www.webdo.tn\/fr\/actualite\/author\/webdo\/"}]}},"_links":{"self":[{"href":"https:\/\/www.webdo.tn\/fr\/wp-json\/wp\/v2\/posts\/207000","targetHints":{"allow":["GET"]}}],"collection":[{"href":"https:\/\/www.webdo.tn\/fr\/wp-json\/wp\/v2\/posts"}],"about":[{"href":"https:\/\/www.webdo.tn\/fr\/wp-json\/wp\/v2\/types\/post"}],"author":[{"embeddable":true,"href":"https:\/\/www.webdo.tn\/fr\/wp-json\/wp\/v2\/users\/3169"}],"replies":[{"embeddable":true,"href":"https:\/\/www.webdo.tn\/fr\/wp-json\/wp\/v2\/comments?post=207000"}],"version-history":[{"count":0,"href":"https:\/\/www.webdo.tn\/fr\/wp-json\/wp\/v2\/posts\/207000\/revisions"}],"wp:featuredmedia":[{"embeddable":true,"href":"https:\/\/www.webdo.tn\/fr\/wp-json\/wp\/v2\/media\/249835"}],"wp:attachment":[{"href":"https:\/\/www.webdo.tn\/fr\/wp-json\/wp\/v2\/media?parent=207000"}],"wp:term":[{"taxonomy":"category","embeddable":true,"href":"https:\/\/www.webdo.tn\/fr\/wp-json\/wp\/v2\/categories?post=207000"},{"taxonomy":"post_tag","embeddable":true,"href":"https:\/\/www.webdo.tn\/fr\/wp-json\/wp\/v2\/tags?post=207000"}],"curies":[{"name":"wp","href":"https:\/\/api.w.org\/{rel}","templated":true}]}}