{"id":206957,"date":"2023-06-30T19:26:00","date_gmt":"2023-06-30T19:26:00","guid":{"rendered":"https:\/\/www.webdo.tn\/fr\/blog\/tunisair-doit-retrouver-son-eclat-appelle-saied\/206957\/"},"modified":"2025-05-20T22:42:30","modified_gmt":"2025-05-20T22:42:30","slug":"tunisair-doit-retrouver-son-eclat-appelle-saied","status":"publish","type":"post","link":"https:\/\/www.webdo.tn\/fr\/actualite\/national\/tunisair-doit-retrouver-son-eclat-appelle-saied\/206957\/","title":{"rendered":"Tunisair doit retrouver son \u00e9clat, appelle Saied"},"content":{"rendered":"<p>Le plan de sauvetage de la compagnie a\u00e9rienne nationale \u00a0\u00bb Tunisair \u00a0\u00bb a \u00e9t\u00e9 au centre d\u2019une rencontre tenue, vendredi 30 juin 2023, au palais de Carthage, entre le pr\u00e9sident de la R\u00e9publique, Ka\u00efs Sa\u00efed, le ministre du Transport, Rabii Mejidi et le Pr\u00e9sident Directeur G\u00e9n\u00e9ral de la compagnie, Khaled Chelli.<\/p>\n<p>\t\t\t\t\t\t\t\t\tLors de cette rencontre, Sa\u00efed a mis l\u2019accent sur l\u2019imp\u00e9ratif de renouveler la flotte de Tunisair et de mettre en place un programme d&rsquo;acquisition de nouveaux appareils, indique un communiqu\u00e9 publi\u00e9 par la pr\u00e9sidence de la R\u00e9publique.<br \/>\nLe Chef de l&rsquo;Etat a \u00e9galement, soulign\u00e9 la n\u00e9cessit\u00e9 d\u2019\u00e9laborer un plan d\u2019action afin de vendre les avions hors service ou leurs pi\u00e8ces d\u00e9tach\u00e9es qui sont d\u00e9fectueuses. Le pr\u00e9sident de la R\u00e9publique a, en outre, appel\u00e9 \u00e0 am\u00e9liorer les services a\u00e9riens et terrestres, rappelant que Tunisair figurait auparavant, parmi les meilleures compagnies internationales.\u00a0<\/p>\n<p>\u00a0\u00bb Tunisair a \u00e9t\u00e9 l\u2019une des meilleures entreprises publiques durant des ann\u00e9es avant qu\u2019elle ne soit frapp\u00e9e de plein fouet par la corruption \u00e0 l\u2019instar d\u2019autres \u00e9tablissement \u00ab\u00a0, a-t-il affirm\u00e9.\u00a0<\/p>\n<p>Il a, \u00e0 cet \u00e9gard, appel\u00e9 \u00e0 la n\u00e9cessit\u00e9 de permettre \u00e0 cette compagnie de retrouver son rayonnement, soulignant que \u00a0\u00bb les parties qui souhaitent aujourd&rsquo;hui c\u00e9der cette entreprise publique ou la pousser \u00e0 la faillite doivent assumer leurs responsabilit\u00e9s \u00ab\u00a0.\u00a0<\/p>\n<p>Sur un autre plan, Saied a soulign\u00e9 que \u00a0\u00bb l\u2019espace a\u00e9rien doit \u00eatre seulement ouvert aux avions tunisiens \u00ab\u00a0. D\u2019autre part, il a recommand\u00e9 d&rsquo;assurer l\u2019accompagnement n\u00e9cessaire aux p\u00e8lerins lors du voyage de retour en Tunisie.<\/p>\n","protected":false},"excerpt":{"rendered":"<p>Le plan de sauvetage de la compagnie a\u00e9rienne nationale   Tunisair   a \u00e9t\u00e9 au centre d\u2019une rencontre tenue, vendredi 30 juin 2023, au palais de Carthage, entre&#8230;<\/p>\n","protected":false},"author":3175,"featured_media":249844,"comment_status":"open","ping_status":"closed","sticky":false,"template":"","format":"standard","meta":{"footnotes":""},"categories":[44],"tags":[8238,2614,3451,2608],"class_list":["post-206957","post","type-post","status-publish","format-standard","has-post-thumbnail","hentry","category-national","tag-compagnie","tag-kais-saied","tag-tunisair","tag-tunisie"],"yoast_head":"<!-- This site is optimized with the Yoast SEO Premium plugin v27.4 (Yoast SEO v27.4) - https:\/\/yoast.com\/product\/yoast-seo-premium-wordpress\/ -->\n<title>Tunisair doit retrouver son \u00e9clat, appelle Saied<\/title>\n<meta name=\"description\" content=\"Le plan de sauvetage de la compagnie a\u00e9rienne nationale Tunisair a \u00e9t\u00e9 au centre d\u2019une rencontre tenue, vendredi 30 juin 2023, au palais de Carthage, entre...\" \/>\n<link rel=\"canonical\" href=\"https:\/\/www.webdo.tn\/fr\/actualite\/national\/tunisair-doit-retrouver-son-eclat-appelle-saied\/206957\/\" \/>\n<meta property=\"og:locale\" content=\"fr_FR\" \/>\n<meta property=\"og:type\" content=\"article\" \/>\n<meta property=\"og:title\" content=\"Tunisair doit retrouver son \u00e9clat, appelle Saied\" \/>\n<meta property=\"og:description\" content=\"Le plan de sauvetage de la compagnie a\u00e9rienne nationale Tunisair a \u00e9t\u00e9 au centre d\u2019une rencontre tenue, vendredi 30 juin 2023, au palais de Carthage, entre...\" \/>\n<meta property=\"og:url\" content=\"https:\/\/www.webdo.tn\/fr\/actualite\/national\/tunisair-doit-retrouver-son-eclat-appelle-saied\/206957\/\" \/>\n<meta property=\"og:site_name\" content=\"webdo\" \/>\n<meta property=\"article:publisher\" content=\"https:\/\/www.facebook.com\/webdotn\" \/>\n<meta property=\"article:published_time\" content=\"2023-06-30T19:26:00+00:00\" \/>\n<meta property=\"article:modified_time\" content=\"2025-05-20T22:42:30+00:00\" \/>\n<meta property=\"og:image\" content=\"https:\/\/www.webdo.tn\/fr\/wp-content\/uploads\/2023\/06\/4b4efd391baeb366d077102c200120a7.jpg\" \/>\n\t<meta property=\"og:image:width\" content=\"750\" \/>\n\t<meta property=\"og:image:height\" content=\"400\" \/>\n\t<meta property=\"og:image:type\" content=\"image\/jpeg\" \/>\n<meta name=\"author\" content=\"CL\" \/>\n<meta name=\"twitter:card\" content=\"summary_large_image\" \/>\n<meta name=\"twitter:creator\" content=\"@webdo_tn\" \/>\n<meta name=\"twitter:site\" content=\"@webdo_tn\" \/>\n<meta name=\"twitter:label1\" content=\"\u00c9crit par\" \/>\n\t<meta name=\"twitter:data1\" content=\"CL\" \/>\n\t<meta name=\"twitter:label2\" content=\"Dur\u00e9e de lecture estim\u00e9e\" \/>\n\t<meta name=\"twitter:data2\" content=\"1 minute\" \/>\n<script type=\"application\/ld+json\" class=\"yoast-schema-graph\">{\"@context\":\"https:\\\/\\\/schema.org\",\"@graph\":[{\"@type\":\"NewsArticle\",\"@id\":\"https:\\\/\\\/www.webdo.tn\\\/fr\\\/actualite\\\/national\\\/tunisair-doit-retrouver-son-eclat-appelle-saied\\\/206957\\\/#article\",\"isPartOf\":{\"@id\":\"https:\\\/\\\/www.webdo.tn\\\/fr\\\/actualite\\\/national\\\/tunisair-doit-retrouver-son-eclat-appelle-saied\\\/206957\\\/\"},\"author\":{\"name\":\"CL\",\"@id\":\"https:\\\/\\\/www.webdo.tn\\\/fr\\\/#\\\/schema\\\/person\\\/f35b42a42c5e2511bbd282959d6385cc\"},\"headline\":\"Tunisair doit retrouver son \u00e9clat, appelle Saied\",\"datePublished\":\"2023-06-30T19:26:00+00:00\",\"dateModified\":\"2025-05-20T22:42:30+00:00\",\"mainEntityOfPage\":{\"@id\":\"https:\\\/\\\/www.webdo.tn\\\/fr\\\/actualite\\\/national\\\/tunisair-doit-retrouver-son-eclat-appelle-saied\\\/206957\\\/\"},\"wordCount\":284,\"commentCount\":0,\"publisher\":{\"@id\":\"https:\\\/\\\/www.webdo.tn\\\/fr\\\/#organization\"},\"image\":{\"@id\":\"https:\\\/\\\/www.webdo.tn\\\/fr\\\/actualite\\\/national\\\/tunisair-doit-retrouver-son-eclat-appelle-saied\\\/206957\\\/#primaryimage\"},\"thumbnailUrl\":\"https:\\\/\\\/www.webdo.tn\\\/fr\\\/wp-content\\\/uploads\\\/2023\\\/06\\\/4b4efd391baeb366d077102c200120a7.jpg\",\"keywords\":[\"Compagnie\",\"Kais Saied\",\"Tunisair\",\"Tunisie\"],\"articleSection\":[\"National\"],\"inLanguage\":\"fr-FR\"},{\"@type\":\"WebPage\",\"@id\":\"https:\\\/\\\/www.webdo.tn\\\/fr\\\/actualite\\\/national\\\/tunisair-doit-retrouver-son-eclat-appelle-saied\\\/206957\\\/\",\"url\":\"https:\\\/\\\/www.webdo.tn\\\/fr\\\/actualite\\\/national\\\/tunisair-doit-retrouver-son-eclat-appelle-saied\\\/206957\\\/\",\"name\":\"Tunisair doit retrouver son \u00e9clat, appelle Saied\",\"isPartOf\":{\"@id\":\"https:\\\/\\\/www.webdo.tn\\\/fr\\\/#website\"},\"primaryImageOfPage\":{\"@id\":\"https:\\\/\\\/www.webdo.tn\\\/fr\\\/actualite\\\/national\\\/tunisair-doit-retrouver-son-eclat-appelle-saied\\\/206957\\\/#primaryimage\"},\"image\":{\"@id\":\"https:\\\/\\\/www.webdo.tn\\\/fr\\\/actualite\\\/national\\\/tunisair-doit-retrouver-son-eclat-appelle-saied\\\/206957\\\/#primaryimage\"},\"thumbnailUrl\":\"https:\\\/\\\/www.webdo.tn\\\/fr\\\/wp-content\\\/uploads\\\/2023\\\/06\\\/4b4efd391baeb366d077102c200120a7.jpg\",\"datePublished\":\"2023-06-30T19:26:00+00:00\",\"dateModified\":\"2025-05-20T22:42:30+00:00\",\"description\":\"Le plan de sauvetage de la compagnie a\u00e9rienne nationale Tunisair a \u00e9t\u00e9 au centre d\u2019une rencontre tenue, vendredi 30 juin 2023, au palais de Carthage, entre...\",\"breadcrumb\":{\"@id\":\"https:\\\/\\\/www.webdo.tn\\\/fr\\\/actualite\\\/national\\\/tunisair-doit-retrouver-son-eclat-appelle-saied\\\/206957\\\/#breadcrumb\"},\"inLanguage\":\"fr-FR\",\"potentialAction\":[{\"@type\":\"ReadAction\",\"target\":[\"https:\\\/\\\/www.webdo.tn\\\/fr\\\/actualite\\\/national\\\/tunisair-doit-retrouver-son-eclat-appelle-saied\\\/206957\\\/\"]}]},{\"@type\":\"ImageObject\",\"inLanguage\":\"fr-FR\",\"@id\":\"https:\\\/\\\/www.webdo.tn\\\/fr\\\/actualite\\\/national\\\/tunisair-doit-retrouver-son-eclat-appelle-saied\\\/206957\\\/#primaryimage\",\"url\":\"https:\\\/\\\/www.webdo.tn\\\/fr\\\/wp-content\\\/uploads\\\/2023\\\/06\\\/4b4efd391baeb366d077102c200120a7.jpg\",\"contentUrl\":\"https:\\\/\\\/www.webdo.tn\\\/fr\\\/wp-content\\\/uploads\\\/2023\\\/06\\\/4b4efd391baeb366d077102c200120a7.jpg\",\"width\":750,\"height\":400,\"caption\":\"Tunisair doit retrouver son \u00e9clat, appelle Saied\"},{\"@type\":\"BreadcrumbList\",\"@id\":\"https:\\\/\\\/www.webdo.tn\\\/fr\\\/actualite\\\/national\\\/tunisair-doit-retrouver-son-eclat-appelle-saied\\\/206957\\\/#breadcrumb\",\"itemListElement\":[{\"@type\":\"ListItem\",\"position\":1,\"name\":\"Accueil\",\"item\":\"https:\\\/\\\/www.webdo.tn\\\/fr\\\/\"},{\"@type\":\"ListItem\",\"position\":2,\"name\":\"Tunisair doit retrouver son \u00e9clat, appelle Saied\"}]},{\"@type\":\"WebSite\",\"@id\":\"https:\\\/\\\/www.webdo.tn\\\/fr\\\/#website\",\"url\":\"https:\\\/\\\/www.webdo.tn\\\/fr\\\/\",\"name\":\"webdo\",\"description\":\"Tunisie - News en Tunisie et \u00e0 l&#039;international sur Webdo.tn\",\"publisher\":{\"@id\":\"https:\\\/\\\/www.webdo.tn\\\/fr\\\/#organization\"},\"potentialAction\":[{\"@type\":\"SearchAction\",\"target\":{\"@type\":\"EntryPoint\",\"urlTemplate\":\"https:\\\/\\\/www.webdo.tn\\\/fr\\\/?s={search_term_string}\"},\"query-input\":{\"@type\":\"PropertyValueSpecification\",\"valueRequired\":true,\"valueName\":\"search_term_string\"}}],\"inLanguage\":\"fr-FR\"},{\"@type\":\"Organization\",\"@id\":\"https:\\\/\\\/www.webdo.tn\\\/fr\\\/#organization\",\"name\":\"Webdo\",\"alternateName\":\"Webdo.tn\",\"url\":\"https:\\\/\\\/www.webdo.tn\\\/fr\\\/\",\"logo\":{\"@type\":\"ImageObject\",\"inLanguage\":\"fr-FR\",\"@id\":\"https:\\\/\\\/www.webdo.tn\\\/fr\\\/#\\\/schema\\\/logo\\\/image\\\/\",\"url\":\"https:\\\/\\\/www.webdo.tn\\\/fr\\\/wp-content\\\/uploads\\\/2025\\\/06\\\/Webdo-Tunisie_168377.jpg\",\"contentUrl\":\"https:\\\/\\\/www.webdo.tn\\\/fr\\\/wp-content\\\/uploads\\\/2025\\\/06\\\/Webdo-Tunisie_168377.jpg\",\"width\":301,\"height\":301,\"caption\":\"Webdo\"},\"image\":{\"@id\":\"https:\\\/\\\/www.webdo.tn\\\/fr\\\/#\\\/schema\\\/logo\\\/image\\\/\"},\"sameAs\":[\"https:\\\/\\\/www.facebook.com\\\/webdotn\",\"https:\\\/\\\/x.com\\\/webdo_tn\"],\"description\":\"Webdo est un m\u00e9dia num\u00e9rique tunisien fond\u00e9 en 2010, sp\u00e9cialis\u00e9 dans l\u2019actualit\u00e9 nationale et internationale, l\u2019\u00e9conomie, la soci\u00e9t\u00e9 et les analyses politiques. Le site s\u2019adresse \u00e0 un large public francophone et couvre l\u2019information tunisienne en temps r\u00e9el.\",\"email\":\"redac@webdo.tn\",\"legalName\":\"YNJ SARL\",\"foundingDate\":\"2010-09-06\",\"numberOfEmployees\":{\"@type\":\"QuantitativeValue\",\"minValue\":\"11\",\"maxValue\":\"50\"}},{\"@type\":\"Person\",\"@id\":\"https:\\\/\\\/www.webdo.tn\\\/fr\\\/#\\\/schema\\\/person\\\/f35b42a42c5e2511bbd282959d6385cc\",\"name\":\"CL\",\"image\":{\"@type\":\"ImageObject\",\"inLanguage\":\"fr-FR\",\"@id\":\"https:\\\/\\\/secure.gravatar.com\\\/avatar\\\/1447a49909b67aa657c488aec6512e1dd6143a480c1ecfee9b5b5cd74eb3b59e?s=96&d=mm&r=g\",\"url\":\"https:\\\/\\\/secure.gravatar.com\\\/avatar\\\/1447a49909b67aa657c488aec6512e1dd6143a480c1ecfee9b5b5cd74eb3b59e?s=96&d=mm&r=g\",\"contentUrl\":\"https:\\\/\\\/secure.gravatar.com\\\/avatar\\\/1447a49909b67aa657c488aec6512e1dd6143a480c1ecfee9b5b5cd74eb3b59e?s=96&d=mm&r=g\",\"caption\":\"CL\"},\"url\":\"https:\\\/\\\/www.webdo.tn\\\/fr\\\/actualite\\\/author\\\/cl\\\/\"}]}<\/script>\n<!-- \/ Yoast SEO Premium plugin. -->","yoast_head_json":{"title":"Tunisair doit retrouver son \u00e9clat, appelle Saied","description":"Le plan de sauvetage de la compagnie a\u00e9rienne nationale Tunisair a \u00e9t\u00e9 au centre d\u2019une rencontre tenue, vendredi 30 juin 2023, au palais de Carthage, entre...","canonical":"https:\/\/www.webdo.tn\/fr\/actualite\/national\/tunisair-doit-retrouver-son-eclat-appelle-saied\/206957\/","og_locale":"fr_FR","og_type":"article","og_title":"Tunisair doit retrouver son \u00e9clat, appelle Saied","og_description":"Le plan de sauvetage de la compagnie a\u00e9rienne nationale Tunisair a \u00e9t\u00e9 au centre d\u2019une rencontre tenue, vendredi 30 juin 2023, au palais de Carthage, entre...","og_url":"https:\/\/www.webdo.tn\/fr\/actualite\/national\/tunisair-doit-retrouver-son-eclat-appelle-saied\/206957\/","og_site_name":"webdo","article_publisher":"https:\/\/www.facebook.com\/webdotn","article_published_time":"2023-06-30T19:26:00+00:00","article_modified_time":"2025-05-20T22:42:30+00:00","og_image":[{"width":750,"height":400,"url":"https:\/\/www.webdo.tn\/fr\/wp-content\/uploads\/2023\/06\/4b4efd391baeb366d077102c200120a7.jpg","type":"image\/jpeg"}],"author":"CL","twitter_card":"summary_large_image","twitter_creator":"@webdo_tn","twitter_site":"@webdo_tn","twitter_misc":{"\u00c9crit par":"CL","Dur\u00e9e de lecture estim\u00e9e":"1 minute"},"schema":{"@context":"https:\/\/schema.org","@graph":[{"@type":"NewsArticle","@id":"https:\/\/www.webdo.tn\/fr\/actualite\/national\/tunisair-doit-retrouver-son-eclat-appelle-saied\/206957\/#article","isPartOf":{"@id":"https:\/\/www.webdo.tn\/fr\/actualite\/national\/tunisair-doit-retrouver-son-eclat-appelle-saied\/206957\/"},"author":{"name":"CL","@id":"https:\/\/www.webdo.tn\/fr\/#\/schema\/person\/f35b42a42c5e2511bbd282959d6385cc"},"headline":"Tunisair doit retrouver son \u00e9clat, appelle Saied","datePublished":"2023-06-30T19:26:00+00:00","dateModified":"2025-05-20T22:42:30+00:00","mainEntityOfPage":{"@id":"https:\/\/www.webdo.tn\/fr\/actualite\/national\/tunisair-doit-retrouver-son-eclat-appelle-saied\/206957\/"},"wordCount":284,"commentCount":0,"publisher":{"@id":"https:\/\/www.webdo.tn\/fr\/#organization"},"image":{"@id":"https:\/\/www.webdo.tn\/fr\/actualite\/national\/tunisair-doit-retrouver-son-eclat-appelle-saied\/206957\/#primaryimage"},"thumbnailUrl":"https:\/\/www.webdo.tn\/fr\/wp-content\/uploads\/2023\/06\/4b4efd391baeb366d077102c200120a7.jpg","keywords":["Compagnie","Kais Saied","Tunisair","Tunisie"],"articleSection":["National"],"inLanguage":"fr-FR"},{"@type":"WebPage","@id":"https:\/\/www.webdo.tn\/fr\/actualite\/national\/tunisair-doit-retrouver-son-eclat-appelle-saied\/206957\/","url":"https:\/\/www.webdo.tn\/fr\/actualite\/national\/tunisair-doit-retrouver-son-eclat-appelle-saied\/206957\/","name":"Tunisair doit retrouver son \u00e9clat, appelle Saied","isPartOf":{"@id":"https:\/\/www.webdo.tn\/fr\/#website"},"primaryImageOfPage":{"@id":"https:\/\/www.webdo.tn\/fr\/actualite\/national\/tunisair-doit-retrouver-son-eclat-appelle-saied\/206957\/#primaryimage"},"image":{"@id":"https:\/\/www.webdo.tn\/fr\/actualite\/national\/tunisair-doit-retrouver-son-eclat-appelle-saied\/206957\/#primaryimage"},"thumbnailUrl":"https:\/\/www.webdo.tn\/fr\/wp-content\/uploads\/2023\/06\/4b4efd391baeb366d077102c200120a7.jpg","datePublished":"2023-06-30T19:26:00+00:00","dateModified":"2025-05-20T22:42:30+00:00","description":"Le plan de sauvetage de la compagnie a\u00e9rienne nationale Tunisair a \u00e9t\u00e9 au centre d\u2019une rencontre tenue, vendredi 30 juin 2023, au palais de Carthage, entre...","breadcrumb":{"@id":"https:\/\/www.webdo.tn\/fr\/actualite\/national\/tunisair-doit-retrouver-son-eclat-appelle-saied\/206957\/#breadcrumb"},"inLanguage":"fr-FR","potentialAction":[{"@type":"ReadAction","target":["https:\/\/www.webdo.tn\/fr\/actualite\/national\/tunisair-doit-retrouver-son-eclat-appelle-saied\/206957\/"]}]},{"@type":"ImageObject","inLanguage":"fr-FR","@id":"https:\/\/www.webdo.tn\/fr\/actualite\/national\/tunisair-doit-retrouver-son-eclat-appelle-saied\/206957\/#primaryimage","url":"https:\/\/www.webdo.tn\/fr\/wp-content\/uploads\/2023\/06\/4b4efd391baeb366d077102c200120a7.jpg","contentUrl":"https:\/\/www.webdo.tn\/fr\/wp-content\/uploads\/2023\/06\/4b4efd391baeb366d077102c200120a7.jpg","width":750,"height":400,"caption":"Tunisair doit retrouver son \u00e9clat, appelle Saied"},{"@type":"BreadcrumbList","@id":"https:\/\/www.webdo.tn\/fr\/actualite\/national\/tunisair-doit-retrouver-son-eclat-appelle-saied\/206957\/#breadcrumb","itemListElement":[{"@type":"ListItem","position":1,"name":"Accueil","item":"https:\/\/www.webdo.tn\/fr\/"},{"@type":"ListItem","position":2,"name":"Tunisair doit retrouver son \u00e9clat, appelle Saied"}]},{"@type":"WebSite","@id":"https:\/\/www.webdo.tn\/fr\/#website","url":"https:\/\/www.webdo.tn\/fr\/","name":"webdo","description":"Tunisie - News en Tunisie et \u00e0 l&#039;international sur Webdo.tn","publisher":{"@id":"https:\/\/www.webdo.tn\/fr\/#organization"},"potentialAction":[{"@type":"SearchAction","target":{"@type":"EntryPoint","urlTemplate":"https:\/\/www.webdo.tn\/fr\/?s={search_term_string}"},"query-input":{"@type":"PropertyValueSpecification","valueRequired":true,"valueName":"search_term_string"}}],"inLanguage":"fr-FR"},{"@type":"Organization","@id":"https:\/\/www.webdo.tn\/fr\/#organization","name":"Webdo","alternateName":"Webdo.tn","url":"https:\/\/www.webdo.tn\/fr\/","logo":{"@type":"ImageObject","inLanguage":"fr-FR","@id":"https:\/\/www.webdo.tn\/fr\/#\/schema\/logo\/image\/","url":"https:\/\/www.webdo.tn\/fr\/wp-content\/uploads\/2025\/06\/Webdo-Tunisie_168377.jpg","contentUrl":"https:\/\/www.webdo.tn\/fr\/wp-content\/uploads\/2025\/06\/Webdo-Tunisie_168377.jpg","width":301,"height":301,"caption":"Webdo"},"image":{"@id":"https:\/\/www.webdo.tn\/fr\/#\/schema\/logo\/image\/"},"sameAs":["https:\/\/www.facebook.com\/webdotn","https:\/\/x.com\/webdo_tn"],"description":"Webdo est un m\u00e9dia num\u00e9rique tunisien fond\u00e9 en 2010, sp\u00e9cialis\u00e9 dans l\u2019actualit\u00e9 nationale et internationale, l\u2019\u00e9conomie, la soci\u00e9t\u00e9 et les analyses politiques. Le site s\u2019adresse \u00e0 un large public francophone et couvre l\u2019information tunisienne en temps r\u00e9el.","email":"redac@webdo.tn","legalName":"YNJ SARL","foundingDate":"2010-09-06","numberOfEmployees":{"@type":"QuantitativeValue","minValue":"11","maxValue":"50"}},{"@type":"Person","@id":"https:\/\/www.webdo.tn\/fr\/#\/schema\/person\/f35b42a42c5e2511bbd282959d6385cc","name":"CL","image":{"@type":"ImageObject","inLanguage":"fr-FR","@id":"https:\/\/secure.gravatar.com\/avatar\/1447a49909b67aa657c488aec6512e1dd6143a480c1ecfee9b5b5cd74eb3b59e?s=96&d=mm&r=g","url":"https:\/\/secure.gravatar.com\/avatar\/1447a49909b67aa657c488aec6512e1dd6143a480c1ecfee9b5b5cd74eb3b59e?s=96&d=mm&r=g","contentUrl":"https:\/\/secure.gravatar.com\/avatar\/1447a49909b67aa657c488aec6512e1dd6143a480c1ecfee9b5b5cd74eb3b59e?s=96&d=mm&r=g","caption":"CL"},"url":"https:\/\/www.webdo.tn\/fr\/actualite\/author\/cl\/"}]}},"_links":{"self":[{"href":"https:\/\/www.webdo.tn\/fr\/wp-json\/wp\/v2\/posts\/206957","targetHints":{"allow":["GET"]}}],"collection":[{"href":"https:\/\/www.webdo.tn\/fr\/wp-json\/wp\/v2\/posts"}],"about":[{"href":"https:\/\/www.webdo.tn\/fr\/wp-json\/wp\/v2\/types\/post"}],"author":[{"embeddable":true,"href":"https:\/\/www.webdo.tn\/fr\/wp-json\/wp\/v2\/users\/3175"}],"replies":[{"embeddable":true,"href":"https:\/\/www.webdo.tn\/fr\/wp-json\/wp\/v2\/comments?post=206957"}],"version-history":[{"count":0,"href":"https:\/\/www.webdo.tn\/fr\/wp-json\/wp\/v2\/posts\/206957\/revisions"}],"wp:featuredmedia":[{"embeddable":true,"href":"https:\/\/www.webdo.tn\/fr\/wp-json\/wp\/v2\/media\/249844"}],"wp:attachment":[{"href":"https:\/\/www.webdo.tn\/fr\/wp-json\/wp\/v2\/media?parent=206957"}],"wp:term":[{"taxonomy":"category","embeddable":true,"href":"https:\/\/www.webdo.tn\/fr\/wp-json\/wp\/v2\/categories?post=206957"},{"taxonomy":"post_tag","embeddable":true,"href":"https:\/\/www.webdo.tn\/fr\/wp-json\/wp\/v2\/tags?post=206957"}],"curies":[{"name":"wp","href":"https:\/\/api.w.org\/{rel}","templated":true}]}}