{"id":206944,"date":"2023-06-30T09:39:00","date_gmt":"2023-06-30T09:39:00","guid":{"rendered":"https:\/\/www.webdo.tn\/fr\/blog\/autodafe-du-saint-coran-en-suede-la-tunisie-appelle-la-communaute-internationale-a-intervenir-en-urgence\/206944\/"},"modified":"2025-05-20T22:09:30","modified_gmt":"2025-05-20T22:09:30","slug":"autodafe-du-saint-coran-en-suede-la-tunisie-appelle-la-communaute-internationale-a-intervenir-en-urgence","status":"publish","type":"post","link":"https:\/\/www.webdo.tn\/fr\/actualite\/international\/autodafe-du-saint-coran-en-suede-la-tunisie-appelle-la-communaute-internationale-a-intervenir-en-urgence\/206944\/","title":{"rendered":"Autodaf\u00e9 du Saint Coran en Su\u00e8de : la Tunisie appelle la communaut\u00e9 internationale \u00e0 intervenir en urgence"},"content":{"rendered":"<p>La Tunisie a fermement condamn\u00e9 l&rsquo;autodaf\u00e9 du Saint Coran par un extr\u00e9miste \u00e0 Stockholm (Su\u00e8de) \u00e0 l&rsquo;heure o\u00f9 les musulmans du monde entier c\u00e9l\u00e8brent la f\u00eate de l&rsquo;A\u00efd El Idha.<\/p>\n<p>\t\t\t\t\t\t\t\t\tLa Tunisie a fait part de sa vive condamnation de cet agissement, estimant qu&rsquo;il s&rsquo;agit d&rsquo;une intimidation criarde et une offense d\u00e9lib\u00e9r\u00e9e aux sentiments des musulmans du monde entier, a indiqu\u00e9 un communiqu\u00e9 publi\u00e9, ce jeudi 29 juin 2023, par le minist\u00e8re des Affaires \u00e9trang\u00e8res, de la migration et des tunisiens \u00e0 l&rsquo;\u00e9tranger.<\/p>\n<p>Elle a exprim\u00e9 son rejet cat\u00e9gorique de ce crime odieux et de ces pratiques haineuses qui n&rsquo;ont aucun lien avec la libert\u00e9 de pens\u00e9e ou d&rsquo;expression et qui s&rsquo;opposent aux valeurs universelles consacr\u00e9es par les livres c\u00e9lestes.<\/p>\n<p>Face \u00e0 ces actes \u00e0 r\u00e9p\u00e9tition, la Tunisie a appel\u00e9 la communaut\u00e9 internationale \u00e0 intervenir en urgence pour mettre fin \u00e0 la mont\u00e9e en puissance des actes d&rsquo;autodaf\u00e9 du Saint Coran et de l&rsquo;islamophobie et \u00e0 traduire en justice leurs auteurs.<\/p>\n<p>La Tunisie a par ailleurs mis l&rsquo;accent sur la n\u00e9cessit\u00e9 de bannir la violence, la haine et l&rsquo;extr\u00e9misme, appelant \u00e0 faire pr\u00e9valoir les valeurs du juste milieu, de tol\u00e9rance et de coexistence pacifique entre les peuples pr\u00f4n\u00e9es par l&rsquo;auguste religion de l&rsquo;Islam.<\/p>\n<p>Mercredi, un homme d&rsquo;origine irakienne a br\u00fbl\u00e9 des pages du Saint Coran lors d&rsquo;une manifestation autoris\u00e9e devant la grande mosqu\u00e9e \u00e0 Stockholm en Su\u00e8de, en concomitance avec la f\u00eate de l&rsquo;A\u00efd El Idha.<\/p>\n","protected":false},"excerpt":{"rendered":"<p>La Tunisie a fermement condamn\u00e9 l&rsquo;autodaf\u00e9 du Saint Coran par un extr\u00e9miste \u00e0 Stockholm (Su\u00e8de) \u00e0 l&rsquo;heure o\u00f9 les musulmans du monde entier c\u00e9l\u00e8brent la f\u00eate de&#8230;<\/p>\n","protected":false},"author":3162,"featured_media":278421,"comment_status":"open","ping_status":"closed","sticky":false,"template":"","format":"standard","meta":{"footnotes":""},"categories":[2598],"tags":[9584,9289,3429],"class_list":["post-206944","post","type-post","status-publish","format-standard","has-post-thumbnail","hentry","category-international","tag-autodafe","tag-coran","tag-suede"],"yoast_head":"<!-- This site is optimized with the Yoast SEO Premium plugin v27.5 (Yoast SEO v27.5) - https:\/\/yoast.com\/product\/yoast-seo-premium-wordpress\/ -->\n<title>Autodaf\u00e9 du Saint Coran en Su\u00e8de : la Tunisie appelle la communaut\u00e9 internationale \u00e0 intervenir en urgence<\/title>\n<meta name=\"description\" content=\"La Tunisie a fermement condamn\u00e9 l&#039;autodaf\u00e9 du Saint Coran par un extr\u00e9miste \u00e0 Stockholm (Su\u00e8de) \u00e0 l&#039;heure o\u00f9 les musulmans du monde entier c\u00e9l\u00e8brent la f\u00eate de...\" \/>\n<link rel=\"canonical\" href=\"https:\/\/www.webdo.tn\/fr\/actualite\/international\/autodafe-du-saint-coran-en-suede-la-tunisie-appelle-la-communaute-internationale-a-intervenir-en-urgence\/206944\/\" \/>\n<meta property=\"og:locale\" content=\"fr_FR\" \/>\n<meta property=\"og:type\" content=\"article\" \/>\n<meta property=\"og:title\" content=\"Autodaf\u00e9 du Saint Coran en Su\u00e8de : la Tunisie appelle la communaut\u00e9 internationale \u00e0 intervenir en urgence\" \/>\n<meta property=\"og:description\" content=\"La Tunisie a fermement condamn\u00e9 l&#039;autodaf\u00e9 du Saint Coran par un extr\u00e9miste \u00e0 Stockholm (Su\u00e8de) \u00e0 l&#039;heure o\u00f9 les musulmans du monde entier c\u00e9l\u00e8brent la f\u00eate de...\" \/>\n<meta property=\"og:url\" content=\"https:\/\/www.webdo.tn\/fr\/actualite\/international\/autodafe-du-saint-coran-en-suede-la-tunisie-appelle-la-communaute-internationale-a-intervenir-en-urgence\/206944\/\" \/>\n<meta property=\"og:site_name\" content=\"webdo\" \/>\n<meta property=\"article:publisher\" content=\"https:\/\/www.facebook.com\/webdotn\" \/>\n<meta property=\"article:published_time\" content=\"2023-06-30T09:39:00+00:00\" \/>\n<meta property=\"article:modified_time\" content=\"2025-05-20T22:09:30+00:00\" \/>\n<meta property=\"og:image\" content=\"https:\/\/www.webdo.tn\/fr\/wp-content\/uploads\/2023\/06\/1b2e1c4a6c73dc1fee42578a2742f51c.jpg\" \/>\n\t<meta property=\"og:image:width\" content=\"750\" \/>\n\t<meta property=\"og:image:height\" content=\"400\" \/>\n\t<meta property=\"og:image:type\" content=\"image\/jpeg\" \/>\n<meta name=\"author\" content=\"MC\" \/>\n<meta name=\"twitter:card\" content=\"summary_large_image\" \/>\n<meta name=\"twitter:creator\" content=\"@webdo_tn\" \/>\n<meta name=\"twitter:site\" content=\"@webdo_tn\" \/>\n<meta name=\"twitter:label1\" content=\"\u00c9crit par\" \/>\n\t<meta name=\"twitter:data1\" content=\"MC\" \/>\n\t<meta name=\"twitter:label2\" content=\"Dur\u00e9e de lecture estim\u00e9e\" \/>\n\t<meta name=\"twitter:data2\" content=\"1 minute\" \/>\n<script type=\"application\/ld+json\" class=\"yoast-schema-graph\">{\"@context\":\"https:\\\/\\\/schema.org\",\"@graph\":[{\"@type\":\"NewsArticle\",\"@id\":\"https:\\\/\\\/www.webdo.tn\\\/fr\\\/actualite\\\/international\\\/autodafe-du-saint-coran-en-suede-la-tunisie-appelle-la-communaute-internationale-a-intervenir-en-urgence\\\/206944\\\/#article\",\"isPartOf\":{\"@id\":\"https:\\\/\\\/www.webdo.tn\\\/fr\\\/actualite\\\/international\\\/autodafe-du-saint-coran-en-suede-la-tunisie-appelle-la-communaute-internationale-a-intervenir-en-urgence\\\/206944\\\/\"},\"author\":{\"name\":\"MC\",\"@id\":\"https:\\\/\\\/www.webdo.tn\\\/fr\\\/#\\\/schema\\\/person\\\/2c4929cbf5a809e3bd38617c6ce150f6\"},\"headline\":\"Autodaf\u00e9 du Saint Coran en Su\u00e8de : la Tunisie appelle la communaut\u00e9 internationale \u00e0 intervenir en urgence\",\"datePublished\":\"2023-06-30T09:39:00+00:00\",\"dateModified\":\"2025-05-20T22:09:30+00:00\",\"mainEntityOfPage\":{\"@id\":\"https:\\\/\\\/www.webdo.tn\\\/fr\\\/actualite\\\/international\\\/autodafe-du-saint-coran-en-suede-la-tunisie-appelle-la-communaute-internationale-a-intervenir-en-urgence\\\/206944\\\/\"},\"wordCount\":289,\"commentCount\":0,\"publisher\":{\"@id\":\"https:\\\/\\\/www.webdo.tn\\\/fr\\\/#organization\"},\"image\":{\"@id\":\"https:\\\/\\\/www.webdo.tn\\\/fr\\\/actualite\\\/international\\\/autodafe-du-saint-coran-en-suede-la-tunisie-appelle-la-communaute-internationale-a-intervenir-en-urgence\\\/206944\\\/#primaryimage\"},\"thumbnailUrl\":\"https:\\\/\\\/www.webdo.tn\\\/fr\\\/wp-content\\\/uploads\\\/2023\\\/06\\\/1b2e1c4a6c73dc1fee42578a2742f51c.jpg\",\"keywords\":[\"autodaf\u00e9\",\"Coran\",\"su\u00e8de\"],\"articleSection\":[\"International\"],\"inLanguage\":\"fr-FR\"},{\"@type\":\"WebPage\",\"@id\":\"https:\\\/\\\/www.webdo.tn\\\/fr\\\/actualite\\\/international\\\/autodafe-du-saint-coran-en-suede-la-tunisie-appelle-la-communaute-internationale-a-intervenir-en-urgence\\\/206944\\\/\",\"url\":\"https:\\\/\\\/www.webdo.tn\\\/fr\\\/actualite\\\/international\\\/autodafe-du-saint-coran-en-suede-la-tunisie-appelle-la-communaute-internationale-a-intervenir-en-urgence\\\/206944\\\/\",\"name\":\"Autodaf\u00e9 du Saint Coran en Su\u00e8de : la Tunisie appelle la communaut\u00e9 internationale \u00e0 intervenir en urgence\",\"isPartOf\":{\"@id\":\"https:\\\/\\\/www.webdo.tn\\\/fr\\\/#website\"},\"primaryImageOfPage\":{\"@id\":\"https:\\\/\\\/www.webdo.tn\\\/fr\\\/actualite\\\/international\\\/autodafe-du-saint-coran-en-suede-la-tunisie-appelle-la-communaute-internationale-a-intervenir-en-urgence\\\/206944\\\/#primaryimage\"},\"image\":{\"@id\":\"https:\\\/\\\/www.webdo.tn\\\/fr\\\/actualite\\\/international\\\/autodafe-du-saint-coran-en-suede-la-tunisie-appelle-la-communaute-internationale-a-intervenir-en-urgence\\\/206944\\\/#primaryimage\"},\"thumbnailUrl\":\"https:\\\/\\\/www.webdo.tn\\\/fr\\\/wp-content\\\/uploads\\\/2023\\\/06\\\/1b2e1c4a6c73dc1fee42578a2742f51c.jpg\",\"datePublished\":\"2023-06-30T09:39:00+00:00\",\"dateModified\":\"2025-05-20T22:09:30+00:00\",\"description\":\"La Tunisie a fermement condamn\u00e9 l'autodaf\u00e9 du Saint Coran par un extr\u00e9miste \u00e0 Stockholm (Su\u00e8de) \u00e0 l'heure o\u00f9 les musulmans du monde entier c\u00e9l\u00e8brent la f\u00eate de...\",\"breadcrumb\":{\"@id\":\"https:\\\/\\\/www.webdo.tn\\\/fr\\\/actualite\\\/international\\\/autodafe-du-saint-coran-en-suede-la-tunisie-appelle-la-communaute-internationale-a-intervenir-en-urgence\\\/206944\\\/#breadcrumb\"},\"inLanguage\":\"fr-FR\",\"potentialAction\":[{\"@type\":\"ReadAction\",\"target\":[\"https:\\\/\\\/www.webdo.tn\\\/fr\\\/actualite\\\/international\\\/autodafe-du-saint-coran-en-suede-la-tunisie-appelle-la-communaute-internationale-a-intervenir-en-urgence\\\/206944\\\/\"]}]},{\"@type\":\"ImageObject\",\"inLanguage\":\"fr-FR\",\"@id\":\"https:\\\/\\\/www.webdo.tn\\\/fr\\\/actualite\\\/international\\\/autodafe-du-saint-coran-en-suede-la-tunisie-appelle-la-communaute-internationale-a-intervenir-en-urgence\\\/206944\\\/#primaryimage\",\"url\":\"https:\\\/\\\/www.webdo.tn\\\/fr\\\/wp-content\\\/uploads\\\/2023\\\/06\\\/1b2e1c4a6c73dc1fee42578a2742f51c.jpg\",\"contentUrl\":\"https:\\\/\\\/www.webdo.tn\\\/fr\\\/wp-content\\\/uploads\\\/2023\\\/06\\\/1b2e1c4a6c73dc1fee42578a2742f51c.jpg\",\"width\":750,\"height\":400,\"caption\":\"Autodaf\u00e9 du Saint Coran en Su\u00e8de : la Tunisie appelle la communaut\u00e9 internationale \u00e0 intervenir en urgence\"},{\"@type\":\"BreadcrumbList\",\"@id\":\"https:\\\/\\\/www.webdo.tn\\\/fr\\\/actualite\\\/international\\\/autodafe-du-saint-coran-en-suede-la-tunisie-appelle-la-communaute-internationale-a-intervenir-en-urgence\\\/206944\\\/#breadcrumb\",\"itemListElement\":[{\"@type\":\"ListItem\",\"position\":1,\"name\":\"Accueil\",\"item\":\"https:\\\/\\\/www.webdo.tn\\\/fr\\\/\"},{\"@type\":\"ListItem\",\"position\":2,\"name\":\"Autodaf\u00e9 du Saint Coran en Su\u00e8de : la Tunisie appelle la communaut\u00e9 internationale \u00e0 intervenir en urgence\"}]},{\"@type\":\"WebSite\",\"@id\":\"https:\\\/\\\/www.webdo.tn\\\/fr\\\/#website\",\"url\":\"https:\\\/\\\/www.webdo.tn\\\/fr\\\/\",\"name\":\"webdo\",\"description\":\"Tunisie - News en Tunisie et \u00e0 l&#039;international sur Webdo.tn\",\"publisher\":{\"@id\":\"https:\\\/\\\/www.webdo.tn\\\/fr\\\/#organization\"},\"potentialAction\":[{\"@type\":\"SearchAction\",\"target\":{\"@type\":\"EntryPoint\",\"urlTemplate\":\"https:\\\/\\\/www.webdo.tn\\\/fr\\\/?s={search_term_string}\"},\"query-input\":{\"@type\":\"PropertyValueSpecification\",\"valueRequired\":true,\"valueName\":\"search_term_string\"}}],\"inLanguage\":\"fr-FR\"},{\"@type\":\"Organization\",\"@id\":\"https:\\\/\\\/www.webdo.tn\\\/fr\\\/#organization\",\"name\":\"Webdo\",\"alternateName\":\"Webdo.tn\",\"url\":\"https:\\\/\\\/www.webdo.tn\\\/fr\\\/\",\"logo\":{\"@type\":\"ImageObject\",\"inLanguage\":\"fr-FR\",\"@id\":\"https:\\\/\\\/www.webdo.tn\\\/fr\\\/#\\\/schema\\\/logo\\\/image\\\/\",\"url\":\"https:\\\/\\\/www.webdo.tn\\\/fr\\\/wp-content\\\/uploads\\\/2025\\\/06\\\/Webdo-Tunisie_168377.jpg\",\"contentUrl\":\"https:\\\/\\\/www.webdo.tn\\\/fr\\\/wp-content\\\/uploads\\\/2025\\\/06\\\/Webdo-Tunisie_168377.jpg\",\"width\":301,\"height\":301,\"caption\":\"Webdo\"},\"image\":{\"@id\":\"https:\\\/\\\/www.webdo.tn\\\/fr\\\/#\\\/schema\\\/logo\\\/image\\\/\"},\"sameAs\":[\"https:\\\/\\\/www.facebook.com\\\/webdotn\",\"https:\\\/\\\/x.com\\\/webdo_tn\"],\"description\":\"Webdo est un m\u00e9dia num\u00e9rique tunisien fond\u00e9 en 2010, sp\u00e9cialis\u00e9 dans l\u2019actualit\u00e9 nationale et internationale, l\u2019\u00e9conomie, la soci\u00e9t\u00e9 et les analyses politiques. Le site s\u2019adresse \u00e0 un large public francophone et couvre l\u2019information tunisienne en temps r\u00e9el.\",\"email\":\"redac@webdo.tn\",\"legalName\":\"YNJ SARL\",\"foundingDate\":\"2010-09-06\",\"numberOfEmployees\":{\"@type\":\"QuantitativeValue\",\"minValue\":\"11\",\"maxValue\":\"50\"}},{\"@type\":\"Person\",\"@id\":\"https:\\\/\\\/www.webdo.tn\\\/fr\\\/#\\\/schema\\\/person\\\/2c4929cbf5a809e3bd38617c6ce150f6\",\"name\":\"MC\",\"image\":{\"@type\":\"ImageObject\",\"inLanguage\":\"fr-FR\",\"@id\":\"https:\\\/\\\/secure.gravatar.com\\\/avatar\\\/a545bbb6f84efdd5553dbbc2895e3ca8f1d12c5215e00a041c9670b54aa9b18a?s=96&d=mm&r=g\",\"url\":\"https:\\\/\\\/secure.gravatar.com\\\/avatar\\\/a545bbb6f84efdd5553dbbc2895e3ca8f1d12c5215e00a041c9670b54aa9b18a?s=96&d=mm&r=g\",\"contentUrl\":\"https:\\\/\\\/secure.gravatar.com\\\/avatar\\\/a545bbb6f84efdd5553dbbc2895e3ca8f1d12c5215e00a041c9670b54aa9b18a?s=96&d=mm&r=g\",\"caption\":\"MC\"},\"url\":\"https:\\\/\\\/www.webdo.tn\\\/fr\\\/actualite\\\/author\\\/mc\\\/\"}]}<\/script>\n<!-- \/ Yoast SEO Premium plugin. -->","yoast_head_json":{"title":"Autodaf\u00e9 du Saint Coran en Su\u00e8de : la Tunisie appelle la communaut\u00e9 internationale \u00e0 intervenir en urgence","description":"La Tunisie a fermement condamn\u00e9 l'autodaf\u00e9 du Saint Coran par un extr\u00e9miste \u00e0 Stockholm (Su\u00e8de) \u00e0 l'heure o\u00f9 les musulmans du monde entier c\u00e9l\u00e8brent la f\u00eate de...","canonical":"https:\/\/www.webdo.tn\/fr\/actualite\/international\/autodafe-du-saint-coran-en-suede-la-tunisie-appelle-la-communaute-internationale-a-intervenir-en-urgence\/206944\/","og_locale":"fr_FR","og_type":"article","og_title":"Autodaf\u00e9 du Saint Coran en Su\u00e8de : la Tunisie appelle la communaut\u00e9 internationale \u00e0 intervenir en urgence","og_description":"La Tunisie a fermement condamn\u00e9 l'autodaf\u00e9 du Saint Coran par un extr\u00e9miste \u00e0 Stockholm (Su\u00e8de) \u00e0 l'heure o\u00f9 les musulmans du monde entier c\u00e9l\u00e8brent la f\u00eate de...","og_url":"https:\/\/www.webdo.tn\/fr\/actualite\/international\/autodafe-du-saint-coran-en-suede-la-tunisie-appelle-la-communaute-internationale-a-intervenir-en-urgence\/206944\/","og_site_name":"webdo","article_publisher":"https:\/\/www.facebook.com\/webdotn","article_published_time":"2023-06-30T09:39:00+00:00","article_modified_time":"2025-05-20T22:09:30+00:00","og_image":[{"width":750,"height":400,"url":"https:\/\/www.webdo.tn\/fr\/wp-content\/uploads\/2023\/06\/1b2e1c4a6c73dc1fee42578a2742f51c.jpg","type":"image\/jpeg"}],"author":"MC","twitter_card":"summary_large_image","twitter_creator":"@webdo_tn","twitter_site":"@webdo_tn","twitter_misc":{"\u00c9crit par":"MC","Dur\u00e9e de lecture estim\u00e9e":"1 minute"},"schema":{"@context":"https:\/\/schema.org","@graph":[{"@type":"NewsArticle","@id":"https:\/\/www.webdo.tn\/fr\/actualite\/international\/autodafe-du-saint-coran-en-suede-la-tunisie-appelle-la-communaute-internationale-a-intervenir-en-urgence\/206944\/#article","isPartOf":{"@id":"https:\/\/www.webdo.tn\/fr\/actualite\/international\/autodafe-du-saint-coran-en-suede-la-tunisie-appelle-la-communaute-internationale-a-intervenir-en-urgence\/206944\/"},"author":{"name":"MC","@id":"https:\/\/www.webdo.tn\/fr\/#\/schema\/person\/2c4929cbf5a809e3bd38617c6ce150f6"},"headline":"Autodaf\u00e9 du Saint Coran en Su\u00e8de : la Tunisie appelle la communaut\u00e9 internationale \u00e0 intervenir en urgence","datePublished":"2023-06-30T09:39:00+00:00","dateModified":"2025-05-20T22:09:30+00:00","mainEntityOfPage":{"@id":"https:\/\/www.webdo.tn\/fr\/actualite\/international\/autodafe-du-saint-coran-en-suede-la-tunisie-appelle-la-communaute-internationale-a-intervenir-en-urgence\/206944\/"},"wordCount":289,"commentCount":0,"publisher":{"@id":"https:\/\/www.webdo.tn\/fr\/#organization"},"image":{"@id":"https:\/\/www.webdo.tn\/fr\/actualite\/international\/autodafe-du-saint-coran-en-suede-la-tunisie-appelle-la-communaute-internationale-a-intervenir-en-urgence\/206944\/#primaryimage"},"thumbnailUrl":"https:\/\/www.webdo.tn\/fr\/wp-content\/uploads\/2023\/06\/1b2e1c4a6c73dc1fee42578a2742f51c.jpg","keywords":["autodaf\u00e9","Coran","su\u00e8de"],"articleSection":["International"],"inLanguage":"fr-FR"},{"@type":"WebPage","@id":"https:\/\/www.webdo.tn\/fr\/actualite\/international\/autodafe-du-saint-coran-en-suede-la-tunisie-appelle-la-communaute-internationale-a-intervenir-en-urgence\/206944\/","url":"https:\/\/www.webdo.tn\/fr\/actualite\/international\/autodafe-du-saint-coran-en-suede-la-tunisie-appelle-la-communaute-internationale-a-intervenir-en-urgence\/206944\/","name":"Autodaf\u00e9 du Saint Coran en Su\u00e8de : la Tunisie appelle la communaut\u00e9 internationale \u00e0 intervenir en urgence","isPartOf":{"@id":"https:\/\/www.webdo.tn\/fr\/#website"},"primaryImageOfPage":{"@id":"https:\/\/www.webdo.tn\/fr\/actualite\/international\/autodafe-du-saint-coran-en-suede-la-tunisie-appelle-la-communaute-internationale-a-intervenir-en-urgence\/206944\/#primaryimage"},"image":{"@id":"https:\/\/www.webdo.tn\/fr\/actualite\/international\/autodafe-du-saint-coran-en-suede-la-tunisie-appelle-la-communaute-internationale-a-intervenir-en-urgence\/206944\/#primaryimage"},"thumbnailUrl":"https:\/\/www.webdo.tn\/fr\/wp-content\/uploads\/2023\/06\/1b2e1c4a6c73dc1fee42578a2742f51c.jpg","datePublished":"2023-06-30T09:39:00+00:00","dateModified":"2025-05-20T22:09:30+00:00","description":"La Tunisie a fermement condamn\u00e9 l'autodaf\u00e9 du Saint Coran par un extr\u00e9miste \u00e0 Stockholm (Su\u00e8de) \u00e0 l'heure o\u00f9 les musulmans du monde entier c\u00e9l\u00e8brent la f\u00eate de...","breadcrumb":{"@id":"https:\/\/www.webdo.tn\/fr\/actualite\/international\/autodafe-du-saint-coran-en-suede-la-tunisie-appelle-la-communaute-internationale-a-intervenir-en-urgence\/206944\/#breadcrumb"},"inLanguage":"fr-FR","potentialAction":[{"@type":"ReadAction","target":["https:\/\/www.webdo.tn\/fr\/actualite\/international\/autodafe-du-saint-coran-en-suede-la-tunisie-appelle-la-communaute-internationale-a-intervenir-en-urgence\/206944\/"]}]},{"@type":"ImageObject","inLanguage":"fr-FR","@id":"https:\/\/www.webdo.tn\/fr\/actualite\/international\/autodafe-du-saint-coran-en-suede-la-tunisie-appelle-la-communaute-internationale-a-intervenir-en-urgence\/206944\/#primaryimage","url":"https:\/\/www.webdo.tn\/fr\/wp-content\/uploads\/2023\/06\/1b2e1c4a6c73dc1fee42578a2742f51c.jpg","contentUrl":"https:\/\/www.webdo.tn\/fr\/wp-content\/uploads\/2023\/06\/1b2e1c4a6c73dc1fee42578a2742f51c.jpg","width":750,"height":400,"caption":"Autodaf\u00e9 du Saint Coran en Su\u00e8de : la Tunisie appelle la communaut\u00e9 internationale \u00e0 intervenir en urgence"},{"@type":"BreadcrumbList","@id":"https:\/\/www.webdo.tn\/fr\/actualite\/international\/autodafe-du-saint-coran-en-suede-la-tunisie-appelle-la-communaute-internationale-a-intervenir-en-urgence\/206944\/#breadcrumb","itemListElement":[{"@type":"ListItem","position":1,"name":"Accueil","item":"https:\/\/www.webdo.tn\/fr\/"},{"@type":"ListItem","position":2,"name":"Autodaf\u00e9 du Saint Coran en Su\u00e8de : la Tunisie appelle la communaut\u00e9 internationale \u00e0 intervenir en urgence"}]},{"@type":"WebSite","@id":"https:\/\/www.webdo.tn\/fr\/#website","url":"https:\/\/www.webdo.tn\/fr\/","name":"webdo","description":"Tunisie - News en Tunisie et \u00e0 l&#039;international sur Webdo.tn","publisher":{"@id":"https:\/\/www.webdo.tn\/fr\/#organization"},"potentialAction":[{"@type":"SearchAction","target":{"@type":"EntryPoint","urlTemplate":"https:\/\/www.webdo.tn\/fr\/?s={search_term_string}"},"query-input":{"@type":"PropertyValueSpecification","valueRequired":true,"valueName":"search_term_string"}}],"inLanguage":"fr-FR"},{"@type":"Organization","@id":"https:\/\/www.webdo.tn\/fr\/#organization","name":"Webdo","alternateName":"Webdo.tn","url":"https:\/\/www.webdo.tn\/fr\/","logo":{"@type":"ImageObject","inLanguage":"fr-FR","@id":"https:\/\/www.webdo.tn\/fr\/#\/schema\/logo\/image\/","url":"https:\/\/www.webdo.tn\/fr\/wp-content\/uploads\/2025\/06\/Webdo-Tunisie_168377.jpg","contentUrl":"https:\/\/www.webdo.tn\/fr\/wp-content\/uploads\/2025\/06\/Webdo-Tunisie_168377.jpg","width":301,"height":301,"caption":"Webdo"},"image":{"@id":"https:\/\/www.webdo.tn\/fr\/#\/schema\/logo\/image\/"},"sameAs":["https:\/\/www.facebook.com\/webdotn","https:\/\/x.com\/webdo_tn"],"description":"Webdo est un m\u00e9dia num\u00e9rique tunisien fond\u00e9 en 2010, sp\u00e9cialis\u00e9 dans l\u2019actualit\u00e9 nationale et internationale, l\u2019\u00e9conomie, la soci\u00e9t\u00e9 et les analyses politiques. Le site s\u2019adresse \u00e0 un large public francophone et couvre l\u2019information tunisienne en temps r\u00e9el.","email":"redac@webdo.tn","legalName":"YNJ SARL","foundingDate":"2010-09-06","numberOfEmployees":{"@type":"QuantitativeValue","minValue":"11","maxValue":"50"}},{"@type":"Person","@id":"https:\/\/www.webdo.tn\/fr\/#\/schema\/person\/2c4929cbf5a809e3bd38617c6ce150f6","name":"MC","image":{"@type":"ImageObject","inLanguage":"fr-FR","@id":"https:\/\/secure.gravatar.com\/avatar\/a545bbb6f84efdd5553dbbc2895e3ca8f1d12c5215e00a041c9670b54aa9b18a?s=96&d=mm&r=g","url":"https:\/\/secure.gravatar.com\/avatar\/a545bbb6f84efdd5553dbbc2895e3ca8f1d12c5215e00a041c9670b54aa9b18a?s=96&d=mm&r=g","contentUrl":"https:\/\/secure.gravatar.com\/avatar\/a545bbb6f84efdd5553dbbc2895e3ca8f1d12c5215e00a041c9670b54aa9b18a?s=96&d=mm&r=g","caption":"MC"},"url":"https:\/\/www.webdo.tn\/fr\/actualite\/author\/mc\/"}]}},"_links":{"self":[{"href":"https:\/\/www.webdo.tn\/fr\/wp-json\/wp\/v2\/posts\/206944","targetHints":{"allow":["GET"]}}],"collection":[{"href":"https:\/\/www.webdo.tn\/fr\/wp-json\/wp\/v2\/posts"}],"about":[{"href":"https:\/\/www.webdo.tn\/fr\/wp-json\/wp\/v2\/types\/post"}],"author":[{"embeddable":true,"href":"https:\/\/www.webdo.tn\/fr\/wp-json\/wp\/v2\/users\/3162"}],"replies":[{"embeddable":true,"href":"https:\/\/www.webdo.tn\/fr\/wp-json\/wp\/v2\/comments?post=206944"}],"version-history":[{"count":0,"href":"https:\/\/www.webdo.tn\/fr\/wp-json\/wp\/v2\/posts\/206944\/revisions"}],"wp:featuredmedia":[{"embeddable":true,"href":"https:\/\/www.webdo.tn\/fr\/wp-json\/wp\/v2\/media\/278421"}],"wp:attachment":[{"href":"https:\/\/www.webdo.tn\/fr\/wp-json\/wp\/v2\/media?parent=206944"}],"wp:term":[{"taxonomy":"category","embeddable":true,"href":"https:\/\/www.webdo.tn\/fr\/wp-json\/wp\/v2\/categories?post=206944"},{"taxonomy":"post_tag","embeddable":true,"href":"https:\/\/www.webdo.tn\/fr\/wp-json\/wp\/v2\/tags?post=206944"}],"curies":[{"name":"wp","href":"https:\/\/api.w.org\/{rel}","templated":true}]}}