{"id":206936,"date":"2023-06-29T17:13:00","date_gmt":"2023-06-29T17:13:00","guid":{"rendered":"https:\/\/www.webdo.tn\/fr\/blog\/la-tunisie-et-la-chine-signent-un-accord-consolidant-leur-cooperation-dans-le-domaine-des-tic\/206936\/"},"modified":"2023-06-29T17:13:00","modified_gmt":"2023-06-29T17:13:00","slug":"la-tunisie-et-la-chine-signent-un-accord-consolidant-leur-cooperation-dans-le-domaine-des-tic","status":"publish","type":"post","link":"https:\/\/www.webdo.tn\/fr\/actualite\/national\/la-tunisie-et-la-chine-signent-un-accord-consolidant-leur-cooperation-dans-le-domaine-des-tic\/206936\/","title":{"rendered":"La Tunisie et la Chine signent un accord consolidant leur coop\u00e9ration dans le domaine des TIC"},"content":{"rendered":"<p>La Tunisie et la Chine ont sign\u00e9 un protocole d\u2019accord pour consolider leur coop\u00e9ration dans le domaine des technologies de l&rsquo;information et de la communication (TIC), dans le cadre de la visite officielle dans le pays du ministre des Technologies de la communication, Nizar Ben Neji, \u00e0 la t\u00eate d\u2019une d\u00e9l\u00e9gation officielle.<\/p>\n<p>\t\t\t\t\t\t\t\t\tLa Chine est un partenaire technologique de r\u00e9f\u00e9rence en Afrique. La Tunisie devrait profiter de l\u2019expertise et des avanc\u00e9es technologiques de la Chine en mati\u00e8re de technologies de l\u2019information et de la communication.<\/p>\n<p>Le protocole d&rsquo;accord couvre notamment les questions l\u00e9gislatives et juridiques,\u00a0l&rsquo;infrastructure num\u00e9rique,\u00a0la recherche et l&rsquo;innovation,\u00a0le d\u00e9veloppement des comp\u00e9tences,\u00a0le d\u00e9veloppement des technologies num\u00e9riques,\u00a0la cybers\u00e9curit\u00e9,\u00a0l&rsquo;\u00e9conomie num\u00e9rique,\u00a0l&rsquo;\u00e9change d&rsquo;expertise, etc&#8230;<\/p>\n<p>Il est \u00e0 rappeler qu&rsquo;en janvier dernier, l\u2019Instance nationale des t\u00e9l\u00e9communications de Tunisie (INTT) a sign\u00e9 un protocole d\u2019accord similaire avec la Federal Communications Commission (FCC), le r\u00e9gulateur des t\u00e9l\u00e9coms des Etats-Unis d\u2019Am\u00e9rique.<\/p>\n","protected":false},"excerpt":{"rendered":"<p>La Tunisie et la Chine ont sign\u00e9 un protocole d\u2019accord pour consolider leur coop\u00e9ration dans le domaine des technologies de l&rsquo;information et de la communication&#8230;<\/p>\n","protected":false},"author":3169,"featured_media":249865,"comment_status":"open","ping_status":"closed","sticky":false,"template":"","format":"standard","meta":{"footnotes":""},"categories":[44],"tags":[2694,2732,8251,2608],"class_list":["post-206936","post","type-post","status-publish","format-standard","has-post-thumbnail","hentry","category-national","tag-chine","tag-cooperation","tag-tic","tag-tunisie"],"yoast_head":"<!-- This site is optimized with the Yoast SEO Premium plugin v27.5 (Yoast SEO v27.5) - https:\/\/yoast.com\/product\/yoast-seo-premium-wordpress\/ -->\n<title>La Tunisie et la Chine signent un accord consolidant leur coop\u00e9ration dans le domaine des TIC<\/title>\n<meta name=\"description\" content=\"La Tunisie et la Chine ont sign\u00e9 un protocole d\u2019accord pour consolider leur coop\u00e9ration dans le domaine des technologies de l&#039;information et de la communication...\" \/>\n<link rel=\"canonical\" href=\"https:\/\/www.webdo.tn\/fr\/actualite\/national\/la-tunisie-et-la-chine-signent-un-accord-consolidant-leur-cooperation-dans-le-domaine-des-tic\/206936\/\" \/>\n<meta property=\"og:locale\" content=\"fr_FR\" \/>\n<meta property=\"og:type\" content=\"article\" \/>\n<meta property=\"og:title\" content=\"La Tunisie et la Chine signent un accord consolidant leur coop\u00e9ration dans le domaine des TIC\" \/>\n<meta property=\"og:description\" content=\"La Tunisie et la Chine ont sign\u00e9 un protocole d\u2019accord pour consolider leur coop\u00e9ration dans le domaine des technologies de l&#039;information et de la communication...\" \/>\n<meta property=\"og:url\" content=\"https:\/\/www.webdo.tn\/fr\/actualite\/national\/la-tunisie-et-la-chine-signent-un-accord-consolidant-leur-cooperation-dans-le-domaine-des-tic\/206936\/\" \/>\n<meta property=\"og:site_name\" content=\"webdo\" \/>\n<meta property=\"article:publisher\" content=\"https:\/\/www.facebook.com\/webdotn\" \/>\n<meta property=\"article:published_time\" content=\"2023-06-29T17:13:00+00:00\" \/>\n<meta property=\"og:image\" content=\"https:\/\/www.webdo.tn\/fr\/wp-content\/uploads\/2023\/06\/c46a434b9d176a63e403b5c873b8a93b.jpeg\" \/>\n\t<meta property=\"og:image:width\" content=\"450\" \/>\n\t<meta property=\"og:image:height\" content=\"240\" \/>\n\t<meta property=\"og:image:type\" content=\"image\/jpeg\" \/>\n<meta name=\"author\" content=\"Webdo\" \/>\n<meta name=\"twitter:card\" content=\"summary_large_image\" \/>\n<meta name=\"twitter:creator\" content=\"@webdo_tn\" \/>\n<meta name=\"twitter:site\" content=\"@webdo_tn\" \/>\n<meta name=\"twitter:label1\" content=\"\u00c9crit par\" \/>\n\t<meta name=\"twitter:data1\" content=\"Webdo\" \/>\n\t<meta name=\"twitter:label2\" content=\"Dur\u00e9e de lecture estim\u00e9e\" \/>\n\t<meta name=\"twitter:data2\" content=\"1 minute\" \/>\n<script type=\"application\/ld+json\" class=\"yoast-schema-graph\">{\"@context\":\"https:\\\/\\\/schema.org\",\"@graph\":[{\"@type\":\"NewsArticle\",\"@id\":\"https:\\\/\\\/www.webdo.tn\\\/fr\\\/actualite\\\/national\\\/la-tunisie-et-la-chine-signent-un-accord-consolidant-leur-cooperation-dans-le-domaine-des-tic\\\/206936\\\/#article\",\"isPartOf\":{\"@id\":\"https:\\\/\\\/www.webdo.tn\\\/fr\\\/actualite\\\/national\\\/la-tunisie-et-la-chine-signent-un-accord-consolidant-leur-cooperation-dans-le-domaine-des-tic\\\/206936\\\/\"},\"author\":{\"name\":\"Webdo\",\"@id\":\"https:\\\/\\\/www.webdo.tn\\\/fr\\\/#\\\/schema\\\/person\\\/1f4e491e0907b413d61089e8eb573acc\"},\"headline\":\"La Tunisie et la Chine signent un accord consolidant leur coop\u00e9ration dans le domaine des TIC\",\"datePublished\":\"2023-06-29T17:13:00+00:00\",\"mainEntityOfPage\":{\"@id\":\"https:\\\/\\\/www.webdo.tn\\\/fr\\\/actualite\\\/national\\\/la-tunisie-et-la-chine-signent-un-accord-consolidant-leur-cooperation-dans-le-domaine-des-tic\\\/206936\\\/\"},\"wordCount\":202,\"commentCount\":0,\"publisher\":{\"@id\":\"https:\\\/\\\/www.webdo.tn\\\/fr\\\/#organization\"},\"image\":{\"@id\":\"https:\\\/\\\/www.webdo.tn\\\/fr\\\/actualite\\\/national\\\/la-tunisie-et-la-chine-signent-un-accord-consolidant-leur-cooperation-dans-le-domaine-des-tic\\\/206936\\\/#primaryimage\"},\"thumbnailUrl\":\"https:\\\/\\\/www.webdo.tn\\\/fr\\\/wp-content\\\/uploads\\\/2023\\\/06\\\/c46a434b9d176a63e403b5c873b8a93b.jpeg\",\"keywords\":[\"chine\",\"coop\u00e9ration\",\"TIC\",\"Tunisie\"],\"articleSection\":[\"National\"],\"inLanguage\":\"fr-FR\"},{\"@type\":\"WebPage\",\"@id\":\"https:\\\/\\\/www.webdo.tn\\\/fr\\\/actualite\\\/national\\\/la-tunisie-et-la-chine-signent-un-accord-consolidant-leur-cooperation-dans-le-domaine-des-tic\\\/206936\\\/\",\"url\":\"https:\\\/\\\/www.webdo.tn\\\/fr\\\/actualite\\\/national\\\/la-tunisie-et-la-chine-signent-un-accord-consolidant-leur-cooperation-dans-le-domaine-des-tic\\\/206936\\\/\",\"name\":\"La Tunisie et la Chine signent un accord consolidant leur coop\u00e9ration dans le domaine des TIC\",\"isPartOf\":{\"@id\":\"https:\\\/\\\/www.webdo.tn\\\/fr\\\/#website\"},\"primaryImageOfPage\":{\"@id\":\"https:\\\/\\\/www.webdo.tn\\\/fr\\\/actualite\\\/national\\\/la-tunisie-et-la-chine-signent-un-accord-consolidant-leur-cooperation-dans-le-domaine-des-tic\\\/206936\\\/#primaryimage\"},\"image\":{\"@id\":\"https:\\\/\\\/www.webdo.tn\\\/fr\\\/actualite\\\/national\\\/la-tunisie-et-la-chine-signent-un-accord-consolidant-leur-cooperation-dans-le-domaine-des-tic\\\/206936\\\/#primaryimage\"},\"thumbnailUrl\":\"https:\\\/\\\/www.webdo.tn\\\/fr\\\/wp-content\\\/uploads\\\/2023\\\/06\\\/c46a434b9d176a63e403b5c873b8a93b.jpeg\",\"datePublished\":\"2023-06-29T17:13:00+00:00\",\"description\":\"La Tunisie et la Chine ont sign\u00e9 un protocole d\u2019accord pour consolider leur coop\u00e9ration dans le domaine des technologies de l'information et de la communication...\",\"breadcrumb\":{\"@id\":\"https:\\\/\\\/www.webdo.tn\\\/fr\\\/actualite\\\/national\\\/la-tunisie-et-la-chine-signent-un-accord-consolidant-leur-cooperation-dans-le-domaine-des-tic\\\/206936\\\/#breadcrumb\"},\"inLanguage\":\"fr-FR\",\"potentialAction\":[{\"@type\":\"ReadAction\",\"target\":[\"https:\\\/\\\/www.webdo.tn\\\/fr\\\/actualite\\\/national\\\/la-tunisie-et-la-chine-signent-un-accord-consolidant-leur-cooperation-dans-le-domaine-des-tic\\\/206936\\\/\"]}]},{\"@type\":\"ImageObject\",\"inLanguage\":\"fr-FR\",\"@id\":\"https:\\\/\\\/www.webdo.tn\\\/fr\\\/actualite\\\/national\\\/la-tunisie-et-la-chine-signent-un-accord-consolidant-leur-cooperation-dans-le-domaine-des-tic\\\/206936\\\/#primaryimage\",\"url\":\"https:\\\/\\\/www.webdo.tn\\\/fr\\\/wp-content\\\/uploads\\\/2023\\\/06\\\/c46a434b9d176a63e403b5c873b8a93b.jpeg\",\"contentUrl\":\"https:\\\/\\\/www.webdo.tn\\\/fr\\\/wp-content\\\/uploads\\\/2023\\\/06\\\/c46a434b9d176a63e403b5c873b8a93b.jpeg\",\"width\":450,\"height\":240,\"caption\":\"La Tunisie et la Chine signent un accord consolidant leur coop\u00e9ration dans le domaine des TIC\"},{\"@type\":\"BreadcrumbList\",\"@id\":\"https:\\\/\\\/www.webdo.tn\\\/fr\\\/actualite\\\/national\\\/la-tunisie-et-la-chine-signent-un-accord-consolidant-leur-cooperation-dans-le-domaine-des-tic\\\/206936\\\/#breadcrumb\",\"itemListElement\":[{\"@type\":\"ListItem\",\"position\":1,\"name\":\"Accueil\",\"item\":\"https:\\\/\\\/www.webdo.tn\\\/fr\\\/\"},{\"@type\":\"ListItem\",\"position\":2,\"name\":\"La Tunisie et la Chine signent un accord consolidant leur coop\u00e9ration dans le domaine des TIC\"}]},{\"@type\":\"WebSite\",\"@id\":\"https:\\\/\\\/www.webdo.tn\\\/fr\\\/#website\",\"url\":\"https:\\\/\\\/www.webdo.tn\\\/fr\\\/\",\"name\":\"webdo\",\"description\":\"Tunisie - News en Tunisie et \u00e0 l&#039;international sur Webdo.tn\",\"publisher\":{\"@id\":\"https:\\\/\\\/www.webdo.tn\\\/fr\\\/#organization\"},\"potentialAction\":[{\"@type\":\"SearchAction\",\"target\":{\"@type\":\"EntryPoint\",\"urlTemplate\":\"https:\\\/\\\/www.webdo.tn\\\/fr\\\/?s={search_term_string}\"},\"query-input\":{\"@type\":\"PropertyValueSpecification\",\"valueRequired\":true,\"valueName\":\"search_term_string\"}}],\"inLanguage\":\"fr-FR\"},{\"@type\":\"Organization\",\"@id\":\"https:\\\/\\\/www.webdo.tn\\\/fr\\\/#organization\",\"name\":\"Webdo\",\"alternateName\":\"Webdo.tn\",\"url\":\"https:\\\/\\\/www.webdo.tn\\\/fr\\\/\",\"logo\":{\"@type\":\"ImageObject\",\"inLanguage\":\"fr-FR\",\"@id\":\"https:\\\/\\\/www.webdo.tn\\\/fr\\\/#\\\/schema\\\/logo\\\/image\\\/\",\"url\":\"https:\\\/\\\/www.webdo.tn\\\/fr\\\/wp-content\\\/uploads\\\/2025\\\/06\\\/Webdo-Tunisie_168377.jpg\",\"contentUrl\":\"https:\\\/\\\/www.webdo.tn\\\/fr\\\/wp-content\\\/uploads\\\/2025\\\/06\\\/Webdo-Tunisie_168377.jpg\",\"width\":301,\"height\":301,\"caption\":\"Webdo\"},\"image\":{\"@id\":\"https:\\\/\\\/www.webdo.tn\\\/fr\\\/#\\\/schema\\\/logo\\\/image\\\/\"},\"sameAs\":[\"https:\\\/\\\/www.facebook.com\\\/webdotn\",\"https:\\\/\\\/x.com\\\/webdo_tn\"],\"description\":\"Webdo est un m\u00e9dia num\u00e9rique tunisien fond\u00e9 en 2010, sp\u00e9cialis\u00e9 dans l\u2019actualit\u00e9 nationale et internationale, l\u2019\u00e9conomie, la soci\u00e9t\u00e9 et les analyses politiques. Le site s\u2019adresse \u00e0 un large public francophone et couvre l\u2019information tunisienne en temps r\u00e9el.\",\"email\":\"redac@webdo.tn\",\"legalName\":\"YNJ SARL\",\"foundingDate\":\"2010-09-06\",\"numberOfEmployees\":{\"@type\":\"QuantitativeValue\",\"minValue\":\"11\",\"maxValue\":\"50\"}},{\"@type\":\"Person\",\"@id\":\"https:\\\/\\\/www.webdo.tn\\\/fr\\\/#\\\/schema\\\/person\\\/1f4e491e0907b413d61089e8eb573acc\",\"name\":\"Webdo\",\"image\":{\"@type\":\"ImageObject\",\"inLanguage\":\"fr-FR\",\"@id\":\"https:\\\/\\\/secure.gravatar.com\\\/avatar\\\/de97aeec1bb80978a9dbb127e47dfc88aaacb2f3c29aac907d8d3222e3495d49?s=96&d=mm&r=g\",\"url\":\"https:\\\/\\\/secure.gravatar.com\\\/avatar\\\/de97aeec1bb80978a9dbb127e47dfc88aaacb2f3c29aac907d8d3222e3495d49?s=96&d=mm&r=g\",\"contentUrl\":\"https:\\\/\\\/secure.gravatar.com\\\/avatar\\\/de97aeec1bb80978a9dbb127e47dfc88aaacb2f3c29aac907d8d3222e3495d49?s=96&d=mm&r=g\",\"caption\":\"Webdo\"},\"url\":\"https:\\\/\\\/www.webdo.tn\\\/fr\\\/actualite\\\/author\\\/webdo\\\/\"}]}<\/script>\n<!-- \/ Yoast SEO Premium plugin. -->","yoast_head_json":{"title":"La Tunisie et la Chine signent un accord consolidant leur coop\u00e9ration dans le domaine des TIC","description":"La Tunisie et la Chine ont sign\u00e9 un protocole d\u2019accord pour consolider leur coop\u00e9ration dans le domaine des technologies de l'information et de la communication...","canonical":"https:\/\/www.webdo.tn\/fr\/actualite\/national\/la-tunisie-et-la-chine-signent-un-accord-consolidant-leur-cooperation-dans-le-domaine-des-tic\/206936\/","og_locale":"fr_FR","og_type":"article","og_title":"La Tunisie et la Chine signent un accord consolidant leur coop\u00e9ration dans le domaine des TIC","og_description":"La Tunisie et la Chine ont sign\u00e9 un protocole d\u2019accord pour consolider leur coop\u00e9ration dans le domaine des technologies de l'information et de la communication...","og_url":"https:\/\/www.webdo.tn\/fr\/actualite\/national\/la-tunisie-et-la-chine-signent-un-accord-consolidant-leur-cooperation-dans-le-domaine-des-tic\/206936\/","og_site_name":"webdo","article_publisher":"https:\/\/www.facebook.com\/webdotn","article_published_time":"2023-06-29T17:13:00+00:00","og_image":[{"width":450,"height":240,"url":"https:\/\/www.webdo.tn\/fr\/wp-content\/uploads\/2023\/06\/c46a434b9d176a63e403b5c873b8a93b.jpeg","type":"image\/jpeg"}],"author":"Webdo","twitter_card":"summary_large_image","twitter_creator":"@webdo_tn","twitter_site":"@webdo_tn","twitter_misc":{"\u00c9crit par":"Webdo","Dur\u00e9e de lecture estim\u00e9e":"1 minute"},"schema":{"@context":"https:\/\/schema.org","@graph":[{"@type":"NewsArticle","@id":"https:\/\/www.webdo.tn\/fr\/actualite\/national\/la-tunisie-et-la-chine-signent-un-accord-consolidant-leur-cooperation-dans-le-domaine-des-tic\/206936\/#article","isPartOf":{"@id":"https:\/\/www.webdo.tn\/fr\/actualite\/national\/la-tunisie-et-la-chine-signent-un-accord-consolidant-leur-cooperation-dans-le-domaine-des-tic\/206936\/"},"author":{"name":"Webdo","@id":"https:\/\/www.webdo.tn\/fr\/#\/schema\/person\/1f4e491e0907b413d61089e8eb573acc"},"headline":"La Tunisie et la Chine signent un accord consolidant leur coop\u00e9ration dans le domaine des TIC","datePublished":"2023-06-29T17:13:00+00:00","mainEntityOfPage":{"@id":"https:\/\/www.webdo.tn\/fr\/actualite\/national\/la-tunisie-et-la-chine-signent-un-accord-consolidant-leur-cooperation-dans-le-domaine-des-tic\/206936\/"},"wordCount":202,"commentCount":0,"publisher":{"@id":"https:\/\/www.webdo.tn\/fr\/#organization"},"image":{"@id":"https:\/\/www.webdo.tn\/fr\/actualite\/national\/la-tunisie-et-la-chine-signent-un-accord-consolidant-leur-cooperation-dans-le-domaine-des-tic\/206936\/#primaryimage"},"thumbnailUrl":"https:\/\/www.webdo.tn\/fr\/wp-content\/uploads\/2023\/06\/c46a434b9d176a63e403b5c873b8a93b.jpeg","keywords":["chine","coop\u00e9ration","TIC","Tunisie"],"articleSection":["National"],"inLanguage":"fr-FR"},{"@type":"WebPage","@id":"https:\/\/www.webdo.tn\/fr\/actualite\/national\/la-tunisie-et-la-chine-signent-un-accord-consolidant-leur-cooperation-dans-le-domaine-des-tic\/206936\/","url":"https:\/\/www.webdo.tn\/fr\/actualite\/national\/la-tunisie-et-la-chine-signent-un-accord-consolidant-leur-cooperation-dans-le-domaine-des-tic\/206936\/","name":"La Tunisie et la Chine signent un accord consolidant leur coop\u00e9ration dans le domaine des TIC","isPartOf":{"@id":"https:\/\/www.webdo.tn\/fr\/#website"},"primaryImageOfPage":{"@id":"https:\/\/www.webdo.tn\/fr\/actualite\/national\/la-tunisie-et-la-chine-signent-un-accord-consolidant-leur-cooperation-dans-le-domaine-des-tic\/206936\/#primaryimage"},"image":{"@id":"https:\/\/www.webdo.tn\/fr\/actualite\/national\/la-tunisie-et-la-chine-signent-un-accord-consolidant-leur-cooperation-dans-le-domaine-des-tic\/206936\/#primaryimage"},"thumbnailUrl":"https:\/\/www.webdo.tn\/fr\/wp-content\/uploads\/2023\/06\/c46a434b9d176a63e403b5c873b8a93b.jpeg","datePublished":"2023-06-29T17:13:00+00:00","description":"La Tunisie et la Chine ont sign\u00e9 un protocole d\u2019accord pour consolider leur coop\u00e9ration dans le domaine des technologies de l'information et de la communication...","breadcrumb":{"@id":"https:\/\/www.webdo.tn\/fr\/actualite\/national\/la-tunisie-et-la-chine-signent-un-accord-consolidant-leur-cooperation-dans-le-domaine-des-tic\/206936\/#breadcrumb"},"inLanguage":"fr-FR","potentialAction":[{"@type":"ReadAction","target":["https:\/\/www.webdo.tn\/fr\/actualite\/national\/la-tunisie-et-la-chine-signent-un-accord-consolidant-leur-cooperation-dans-le-domaine-des-tic\/206936\/"]}]},{"@type":"ImageObject","inLanguage":"fr-FR","@id":"https:\/\/www.webdo.tn\/fr\/actualite\/national\/la-tunisie-et-la-chine-signent-un-accord-consolidant-leur-cooperation-dans-le-domaine-des-tic\/206936\/#primaryimage","url":"https:\/\/www.webdo.tn\/fr\/wp-content\/uploads\/2023\/06\/c46a434b9d176a63e403b5c873b8a93b.jpeg","contentUrl":"https:\/\/www.webdo.tn\/fr\/wp-content\/uploads\/2023\/06\/c46a434b9d176a63e403b5c873b8a93b.jpeg","width":450,"height":240,"caption":"La Tunisie et la Chine signent un accord consolidant leur coop\u00e9ration dans le domaine des TIC"},{"@type":"BreadcrumbList","@id":"https:\/\/www.webdo.tn\/fr\/actualite\/national\/la-tunisie-et-la-chine-signent-un-accord-consolidant-leur-cooperation-dans-le-domaine-des-tic\/206936\/#breadcrumb","itemListElement":[{"@type":"ListItem","position":1,"name":"Accueil","item":"https:\/\/www.webdo.tn\/fr\/"},{"@type":"ListItem","position":2,"name":"La Tunisie et la Chine signent un accord consolidant leur coop\u00e9ration dans le domaine des TIC"}]},{"@type":"WebSite","@id":"https:\/\/www.webdo.tn\/fr\/#website","url":"https:\/\/www.webdo.tn\/fr\/","name":"webdo","description":"Tunisie - News en Tunisie et \u00e0 l&#039;international sur Webdo.tn","publisher":{"@id":"https:\/\/www.webdo.tn\/fr\/#organization"},"potentialAction":[{"@type":"SearchAction","target":{"@type":"EntryPoint","urlTemplate":"https:\/\/www.webdo.tn\/fr\/?s={search_term_string}"},"query-input":{"@type":"PropertyValueSpecification","valueRequired":true,"valueName":"search_term_string"}}],"inLanguage":"fr-FR"},{"@type":"Organization","@id":"https:\/\/www.webdo.tn\/fr\/#organization","name":"Webdo","alternateName":"Webdo.tn","url":"https:\/\/www.webdo.tn\/fr\/","logo":{"@type":"ImageObject","inLanguage":"fr-FR","@id":"https:\/\/www.webdo.tn\/fr\/#\/schema\/logo\/image\/","url":"https:\/\/www.webdo.tn\/fr\/wp-content\/uploads\/2025\/06\/Webdo-Tunisie_168377.jpg","contentUrl":"https:\/\/www.webdo.tn\/fr\/wp-content\/uploads\/2025\/06\/Webdo-Tunisie_168377.jpg","width":301,"height":301,"caption":"Webdo"},"image":{"@id":"https:\/\/www.webdo.tn\/fr\/#\/schema\/logo\/image\/"},"sameAs":["https:\/\/www.facebook.com\/webdotn","https:\/\/x.com\/webdo_tn"],"description":"Webdo est un m\u00e9dia num\u00e9rique tunisien fond\u00e9 en 2010, sp\u00e9cialis\u00e9 dans l\u2019actualit\u00e9 nationale et internationale, l\u2019\u00e9conomie, la soci\u00e9t\u00e9 et les analyses politiques. Le site s\u2019adresse \u00e0 un large public francophone et couvre l\u2019information tunisienne en temps r\u00e9el.","email":"redac@webdo.tn","legalName":"YNJ SARL","foundingDate":"2010-09-06","numberOfEmployees":{"@type":"QuantitativeValue","minValue":"11","maxValue":"50"}},{"@type":"Person","@id":"https:\/\/www.webdo.tn\/fr\/#\/schema\/person\/1f4e491e0907b413d61089e8eb573acc","name":"Webdo","image":{"@type":"ImageObject","inLanguage":"fr-FR","@id":"https:\/\/secure.gravatar.com\/avatar\/de97aeec1bb80978a9dbb127e47dfc88aaacb2f3c29aac907d8d3222e3495d49?s=96&d=mm&r=g","url":"https:\/\/secure.gravatar.com\/avatar\/de97aeec1bb80978a9dbb127e47dfc88aaacb2f3c29aac907d8d3222e3495d49?s=96&d=mm&r=g","contentUrl":"https:\/\/secure.gravatar.com\/avatar\/de97aeec1bb80978a9dbb127e47dfc88aaacb2f3c29aac907d8d3222e3495d49?s=96&d=mm&r=g","caption":"Webdo"},"url":"https:\/\/www.webdo.tn\/fr\/actualite\/author\/webdo\/"}]}},"_links":{"self":[{"href":"https:\/\/www.webdo.tn\/fr\/wp-json\/wp\/v2\/posts\/206936","targetHints":{"allow":["GET"]}}],"collection":[{"href":"https:\/\/www.webdo.tn\/fr\/wp-json\/wp\/v2\/posts"}],"about":[{"href":"https:\/\/www.webdo.tn\/fr\/wp-json\/wp\/v2\/types\/post"}],"author":[{"embeddable":true,"href":"https:\/\/www.webdo.tn\/fr\/wp-json\/wp\/v2\/users\/3169"}],"replies":[{"embeddable":true,"href":"https:\/\/www.webdo.tn\/fr\/wp-json\/wp\/v2\/comments?post=206936"}],"version-history":[{"count":0,"href":"https:\/\/www.webdo.tn\/fr\/wp-json\/wp\/v2\/posts\/206936\/revisions"}],"wp:featuredmedia":[{"embeddable":true,"href":"https:\/\/www.webdo.tn\/fr\/wp-json\/wp\/v2\/media\/249865"}],"wp:attachment":[{"href":"https:\/\/www.webdo.tn\/fr\/wp-json\/wp\/v2\/media?parent=206936"}],"wp:term":[{"taxonomy":"category","embeddable":true,"href":"https:\/\/www.webdo.tn\/fr\/wp-json\/wp\/v2\/categories?post=206936"},{"taxonomy":"post_tag","embeddable":true,"href":"https:\/\/www.webdo.tn\/fr\/wp-json\/wp\/v2\/tags?post=206936"}],"curies":[{"name":"wp","href":"https:\/\/api.w.org\/{rel}","templated":true}]}}