{"id":206934,"date":"2023-06-29T14:14:00","date_gmt":"2023-06-29T14:14:00","guid":{"rendered":"https:\/\/www.webdo.tn\/fr\/blog\/bct-baisse-des-reserves-en-devises-a-98-jours-d-importation\/206934\/"},"modified":"2023-06-29T14:14:00","modified_gmt":"2023-06-29T14:14:00","slug":"bct-baisse-des-reserves-en-devises-a-98-jours-d-importation","status":"publish","type":"post","link":"https:\/\/www.webdo.tn\/fr\/actualite\/national\/bct-baisse-des-reserves-en-devises-a-98-jours-d-importation\/206934\/","title":{"rendered":"BCT : Baisse des r\u00e9serves en devises \u00e0 98 jours d\u2019importation"},"content":{"rendered":"<p>Les r\u00e9serves en devises ont r\u00e9gress\u00e9 \u00e0 98 jours d\u2019importation, \u00e0 la date du mardi 27 juin 2023, soit l&rsquo;\u00e9quivalent de 22,824 milliards de dinars, selon les chiffres publi\u00e9s par la Banque Centrale de Tunisie (BCT).<\/p>\n<p>\t\t\t\t\t\t\t\t\tLes r\u00e9serves en devises avaient atteint quelques jours auparavant l\u2019\u00e9quivalent de 100 jours d\u2019importation, toujours d&rsquo;apr\u00e9s les chiffrs de la BCT.<\/p>\n<p>A la date du 27 juin 2022, les avoirs nets en devise repr\u00e9sentaient\u00a0environ 122 jours d\u2019importation.<\/p>\n<p>Par ailleurs et \u00e0 la date du 26 juin 2023, l&rsquo;euro s&rsquo;\u00e9change contre\u00a03,37 TND alors que le dollar vaut\u00a03,09 TND, selon les chiffres de la\u00a0BCT.<\/p>\n","protected":false},"excerpt":{"rendered":"<p>Les r\u00e9serves en devises ont r\u00e9gress\u00e9 \u00e0 98 jours d\u2019importation, \u00e0 la date du mardi 27 juin 2023, soit l&rsquo;\u00e9quivalent de 22,824 milliards de dinars, selon les chiff&#8230;<\/p>\n","protected":false},"author":3169,"featured_media":249863,"comment_status":"open","ping_status":"closed","sticky":false,"template":"","format":"standard","meta":{"footnotes":""},"categories":[44],"tags":[8007,2810,2807,6307,6145,2608],"class_list":["post-206934","post","type-post","status-publish","format-standard","has-post-thumbnail","hentry","category-national","tag-avoirs-en-devises","tag-banque-centrale","tag-bct","tag-dollar","tag-euro","tag-tunisie"],"yoast_head":"<!-- This site is optimized with the Yoast SEO Premium plugin v27.5 (Yoast SEO v27.5) - https:\/\/yoast.com\/product\/yoast-seo-premium-wordpress\/ -->\n<title>BCT : Baisse des r\u00e9serves en devises \u00e0 98 jours d\u2019importation<\/title>\n<meta name=\"description\" content=\"Les r\u00e9serves en devises ont r\u00e9gress\u00e9 \u00e0 98 jours d\u2019importation, \u00e0 la date du mardi 27 juin 2023, soit l&#039;\u00e9quivalent de 22,824 milliards de dinars, selon les chiff...\" \/>\n<link rel=\"canonical\" href=\"https:\/\/www.webdo.tn\/fr\/actualite\/national\/bct-baisse-des-reserves-en-devises-a-98-jours-d-importation\/206934\/\" \/>\n<meta property=\"og:locale\" content=\"fr_FR\" \/>\n<meta property=\"og:type\" content=\"article\" \/>\n<meta property=\"og:title\" content=\"BCT : Baisse des r\u00e9serves en devises \u00e0 98 jours d\u2019importation\" \/>\n<meta property=\"og:description\" content=\"Les r\u00e9serves en devises ont r\u00e9gress\u00e9 \u00e0 98 jours d\u2019importation, \u00e0 la date du mardi 27 juin 2023, soit l&#039;\u00e9quivalent de 22,824 milliards de dinars, selon les chiff...\" \/>\n<meta property=\"og:url\" content=\"https:\/\/www.webdo.tn\/fr\/actualite\/national\/bct-baisse-des-reserves-en-devises-a-98-jours-d-importation\/206934\/\" \/>\n<meta property=\"og:site_name\" content=\"webdo\" \/>\n<meta property=\"article:publisher\" content=\"https:\/\/www.facebook.com\/webdotn\" \/>\n<meta property=\"article:published_time\" content=\"2023-06-29T14:14:00+00:00\" \/>\n<meta property=\"og:image\" content=\"https:\/\/www.webdo.tn\/fr\/wp-content\/uploads\/2023\/06\/a25f8dee7c704602d8ecbd29032fb08a.jpg\" \/>\n\t<meta property=\"og:image:width\" content=\"675\" \/>\n\t<meta property=\"og:image:height\" content=\"360\" \/>\n\t<meta property=\"og:image:type\" content=\"image\/jpeg\" \/>\n<meta name=\"author\" content=\"Webdo\" \/>\n<meta name=\"twitter:card\" content=\"summary_large_image\" \/>\n<meta name=\"twitter:creator\" content=\"@webdo_tn\" \/>\n<meta name=\"twitter:site\" content=\"@webdo_tn\" \/>\n<meta name=\"twitter:label1\" content=\"\u00c9crit par\" \/>\n\t<meta name=\"twitter:data1\" content=\"Webdo\" \/>\n<script type=\"application\/ld+json\" class=\"yoast-schema-graph\">{\"@context\":\"https:\\\/\\\/schema.org\",\"@graph\":[{\"@type\":\"NewsArticle\",\"@id\":\"https:\\\/\\\/www.webdo.tn\\\/fr\\\/actualite\\\/national\\\/bct-baisse-des-reserves-en-devises-a-98-jours-d-importation\\\/206934\\\/#article\",\"isPartOf\":{\"@id\":\"https:\\\/\\\/www.webdo.tn\\\/fr\\\/actualite\\\/national\\\/bct-baisse-des-reserves-en-devises-a-98-jours-d-importation\\\/206934\\\/\"},\"author\":{\"name\":\"Webdo\",\"@id\":\"https:\\\/\\\/www.webdo.tn\\\/fr\\\/#\\\/schema\\\/person\\\/1f4e491e0907b413d61089e8eb573acc\"},\"headline\":\"BCT : Baisse des r\u00e9serves en devises \u00e0 98 jours d\u2019importation\",\"datePublished\":\"2023-06-29T14:14:00+00:00\",\"mainEntityOfPage\":{\"@id\":\"https:\\\/\\\/www.webdo.tn\\\/fr\\\/actualite\\\/national\\\/bct-baisse-des-reserves-en-devises-a-98-jours-d-importation\\\/206934\\\/\"},\"wordCount\":111,\"commentCount\":0,\"publisher\":{\"@id\":\"https:\\\/\\\/www.webdo.tn\\\/fr\\\/#organization\"},\"image\":{\"@id\":\"https:\\\/\\\/www.webdo.tn\\\/fr\\\/actualite\\\/national\\\/bct-baisse-des-reserves-en-devises-a-98-jours-d-importation\\\/206934\\\/#primaryimage\"},\"thumbnailUrl\":\"https:\\\/\\\/www.webdo.tn\\\/fr\\\/wp-content\\\/uploads\\\/2023\\\/06\\\/a25f8dee7c704602d8ecbd29032fb08a.jpg\",\"keywords\":[\"avoirs en devises\",\"Banque centrale\",\"BCT\",\"Dollar\",\"Euro\",\"Tunisie\"],\"articleSection\":[\"National\"],\"inLanguage\":\"fr-FR\"},{\"@type\":\"WebPage\",\"@id\":\"https:\\\/\\\/www.webdo.tn\\\/fr\\\/actualite\\\/national\\\/bct-baisse-des-reserves-en-devises-a-98-jours-d-importation\\\/206934\\\/\",\"url\":\"https:\\\/\\\/www.webdo.tn\\\/fr\\\/actualite\\\/national\\\/bct-baisse-des-reserves-en-devises-a-98-jours-d-importation\\\/206934\\\/\",\"name\":\"BCT : Baisse des r\u00e9serves en devises \u00e0 98 jours d\u2019importation\",\"isPartOf\":{\"@id\":\"https:\\\/\\\/www.webdo.tn\\\/fr\\\/#website\"},\"primaryImageOfPage\":{\"@id\":\"https:\\\/\\\/www.webdo.tn\\\/fr\\\/actualite\\\/national\\\/bct-baisse-des-reserves-en-devises-a-98-jours-d-importation\\\/206934\\\/#primaryimage\"},\"image\":{\"@id\":\"https:\\\/\\\/www.webdo.tn\\\/fr\\\/actualite\\\/national\\\/bct-baisse-des-reserves-en-devises-a-98-jours-d-importation\\\/206934\\\/#primaryimage\"},\"thumbnailUrl\":\"https:\\\/\\\/www.webdo.tn\\\/fr\\\/wp-content\\\/uploads\\\/2023\\\/06\\\/a25f8dee7c704602d8ecbd29032fb08a.jpg\",\"datePublished\":\"2023-06-29T14:14:00+00:00\",\"description\":\"Les r\u00e9serves en devises ont r\u00e9gress\u00e9 \u00e0 98 jours d\u2019importation, \u00e0 la date du mardi 27 juin 2023, soit l'\u00e9quivalent de 22,824 milliards de dinars, selon les chiff...\",\"breadcrumb\":{\"@id\":\"https:\\\/\\\/www.webdo.tn\\\/fr\\\/actualite\\\/national\\\/bct-baisse-des-reserves-en-devises-a-98-jours-d-importation\\\/206934\\\/#breadcrumb\"},\"inLanguage\":\"fr-FR\",\"potentialAction\":[{\"@type\":\"ReadAction\",\"target\":[\"https:\\\/\\\/www.webdo.tn\\\/fr\\\/actualite\\\/national\\\/bct-baisse-des-reserves-en-devises-a-98-jours-d-importation\\\/206934\\\/\"]}]},{\"@type\":\"ImageObject\",\"inLanguage\":\"fr-FR\",\"@id\":\"https:\\\/\\\/www.webdo.tn\\\/fr\\\/actualite\\\/national\\\/bct-baisse-des-reserves-en-devises-a-98-jours-d-importation\\\/206934\\\/#primaryimage\",\"url\":\"https:\\\/\\\/www.webdo.tn\\\/fr\\\/wp-content\\\/uploads\\\/2023\\\/06\\\/a25f8dee7c704602d8ecbd29032fb08a.jpg\",\"contentUrl\":\"https:\\\/\\\/www.webdo.tn\\\/fr\\\/wp-content\\\/uploads\\\/2023\\\/06\\\/a25f8dee7c704602d8ecbd29032fb08a.jpg\",\"width\":675,\"height\":360,\"caption\":\"BCT : Baisse des r\u00e9serves en devises \u00e0 98 jours d\u2019importation\"},{\"@type\":\"BreadcrumbList\",\"@id\":\"https:\\\/\\\/www.webdo.tn\\\/fr\\\/actualite\\\/national\\\/bct-baisse-des-reserves-en-devises-a-98-jours-d-importation\\\/206934\\\/#breadcrumb\",\"itemListElement\":[{\"@type\":\"ListItem\",\"position\":1,\"name\":\"Accueil\",\"item\":\"https:\\\/\\\/www.webdo.tn\\\/fr\\\/\"},{\"@type\":\"ListItem\",\"position\":2,\"name\":\"BCT : Baisse des r\u00e9serves en devises \u00e0 98 jours d\u2019importation\"}]},{\"@type\":\"WebSite\",\"@id\":\"https:\\\/\\\/www.webdo.tn\\\/fr\\\/#website\",\"url\":\"https:\\\/\\\/www.webdo.tn\\\/fr\\\/\",\"name\":\"webdo\",\"description\":\"Tunisie - News en Tunisie et \u00e0 l&#039;international sur Webdo.tn\",\"publisher\":{\"@id\":\"https:\\\/\\\/www.webdo.tn\\\/fr\\\/#organization\"},\"potentialAction\":[{\"@type\":\"SearchAction\",\"target\":{\"@type\":\"EntryPoint\",\"urlTemplate\":\"https:\\\/\\\/www.webdo.tn\\\/fr\\\/?s={search_term_string}\"},\"query-input\":{\"@type\":\"PropertyValueSpecification\",\"valueRequired\":true,\"valueName\":\"search_term_string\"}}],\"inLanguage\":\"fr-FR\"},{\"@type\":\"Organization\",\"@id\":\"https:\\\/\\\/www.webdo.tn\\\/fr\\\/#organization\",\"name\":\"Webdo\",\"alternateName\":\"Webdo.tn\",\"url\":\"https:\\\/\\\/www.webdo.tn\\\/fr\\\/\",\"logo\":{\"@type\":\"ImageObject\",\"inLanguage\":\"fr-FR\",\"@id\":\"https:\\\/\\\/www.webdo.tn\\\/fr\\\/#\\\/schema\\\/logo\\\/image\\\/\",\"url\":\"https:\\\/\\\/www.webdo.tn\\\/fr\\\/wp-content\\\/uploads\\\/2025\\\/06\\\/Webdo-Tunisie_168377.jpg\",\"contentUrl\":\"https:\\\/\\\/www.webdo.tn\\\/fr\\\/wp-content\\\/uploads\\\/2025\\\/06\\\/Webdo-Tunisie_168377.jpg\",\"width\":301,\"height\":301,\"caption\":\"Webdo\"},\"image\":{\"@id\":\"https:\\\/\\\/www.webdo.tn\\\/fr\\\/#\\\/schema\\\/logo\\\/image\\\/\"},\"sameAs\":[\"https:\\\/\\\/www.facebook.com\\\/webdotn\",\"https:\\\/\\\/x.com\\\/webdo_tn\"],\"description\":\"Webdo est un m\u00e9dia num\u00e9rique tunisien fond\u00e9 en 2010, sp\u00e9cialis\u00e9 dans l\u2019actualit\u00e9 nationale et internationale, l\u2019\u00e9conomie, la soci\u00e9t\u00e9 et les analyses politiques. Le site s\u2019adresse \u00e0 un large public francophone et couvre l\u2019information tunisienne en temps r\u00e9el.\",\"email\":\"redac@webdo.tn\",\"legalName\":\"YNJ SARL\",\"foundingDate\":\"2010-09-06\",\"numberOfEmployees\":{\"@type\":\"QuantitativeValue\",\"minValue\":\"11\",\"maxValue\":\"50\"}},{\"@type\":\"Person\",\"@id\":\"https:\\\/\\\/www.webdo.tn\\\/fr\\\/#\\\/schema\\\/person\\\/1f4e491e0907b413d61089e8eb573acc\",\"name\":\"Webdo\",\"image\":{\"@type\":\"ImageObject\",\"inLanguage\":\"fr-FR\",\"@id\":\"https:\\\/\\\/secure.gravatar.com\\\/avatar\\\/de97aeec1bb80978a9dbb127e47dfc88aaacb2f3c29aac907d8d3222e3495d49?s=96&d=mm&r=g\",\"url\":\"https:\\\/\\\/secure.gravatar.com\\\/avatar\\\/de97aeec1bb80978a9dbb127e47dfc88aaacb2f3c29aac907d8d3222e3495d49?s=96&d=mm&r=g\",\"contentUrl\":\"https:\\\/\\\/secure.gravatar.com\\\/avatar\\\/de97aeec1bb80978a9dbb127e47dfc88aaacb2f3c29aac907d8d3222e3495d49?s=96&d=mm&r=g\",\"caption\":\"Webdo\"},\"url\":\"https:\\\/\\\/www.webdo.tn\\\/fr\\\/actualite\\\/author\\\/webdo\\\/\"}]}<\/script>\n<!-- \/ Yoast SEO Premium plugin. -->","yoast_head_json":{"title":"BCT : Baisse des r\u00e9serves en devises \u00e0 98 jours d\u2019importation","description":"Les r\u00e9serves en devises ont r\u00e9gress\u00e9 \u00e0 98 jours d\u2019importation, \u00e0 la date du mardi 27 juin 2023, soit l'\u00e9quivalent de 22,824 milliards de dinars, selon les chiff...","canonical":"https:\/\/www.webdo.tn\/fr\/actualite\/national\/bct-baisse-des-reserves-en-devises-a-98-jours-d-importation\/206934\/","og_locale":"fr_FR","og_type":"article","og_title":"BCT : Baisse des r\u00e9serves en devises \u00e0 98 jours d\u2019importation","og_description":"Les r\u00e9serves en devises ont r\u00e9gress\u00e9 \u00e0 98 jours d\u2019importation, \u00e0 la date du mardi 27 juin 2023, soit l'\u00e9quivalent de 22,824 milliards de dinars, selon les chiff...","og_url":"https:\/\/www.webdo.tn\/fr\/actualite\/national\/bct-baisse-des-reserves-en-devises-a-98-jours-d-importation\/206934\/","og_site_name":"webdo","article_publisher":"https:\/\/www.facebook.com\/webdotn","article_published_time":"2023-06-29T14:14:00+00:00","og_image":[{"width":675,"height":360,"url":"https:\/\/www.webdo.tn\/fr\/wp-content\/uploads\/2023\/06\/a25f8dee7c704602d8ecbd29032fb08a.jpg","type":"image\/jpeg"}],"author":"Webdo","twitter_card":"summary_large_image","twitter_creator":"@webdo_tn","twitter_site":"@webdo_tn","twitter_misc":{"\u00c9crit par":"Webdo"},"schema":{"@context":"https:\/\/schema.org","@graph":[{"@type":"NewsArticle","@id":"https:\/\/www.webdo.tn\/fr\/actualite\/national\/bct-baisse-des-reserves-en-devises-a-98-jours-d-importation\/206934\/#article","isPartOf":{"@id":"https:\/\/www.webdo.tn\/fr\/actualite\/national\/bct-baisse-des-reserves-en-devises-a-98-jours-d-importation\/206934\/"},"author":{"name":"Webdo","@id":"https:\/\/www.webdo.tn\/fr\/#\/schema\/person\/1f4e491e0907b413d61089e8eb573acc"},"headline":"BCT : Baisse des r\u00e9serves en devises \u00e0 98 jours d\u2019importation","datePublished":"2023-06-29T14:14:00+00:00","mainEntityOfPage":{"@id":"https:\/\/www.webdo.tn\/fr\/actualite\/national\/bct-baisse-des-reserves-en-devises-a-98-jours-d-importation\/206934\/"},"wordCount":111,"commentCount":0,"publisher":{"@id":"https:\/\/www.webdo.tn\/fr\/#organization"},"image":{"@id":"https:\/\/www.webdo.tn\/fr\/actualite\/national\/bct-baisse-des-reserves-en-devises-a-98-jours-d-importation\/206934\/#primaryimage"},"thumbnailUrl":"https:\/\/www.webdo.tn\/fr\/wp-content\/uploads\/2023\/06\/a25f8dee7c704602d8ecbd29032fb08a.jpg","keywords":["avoirs en devises","Banque centrale","BCT","Dollar","Euro","Tunisie"],"articleSection":["National"],"inLanguage":"fr-FR"},{"@type":"WebPage","@id":"https:\/\/www.webdo.tn\/fr\/actualite\/national\/bct-baisse-des-reserves-en-devises-a-98-jours-d-importation\/206934\/","url":"https:\/\/www.webdo.tn\/fr\/actualite\/national\/bct-baisse-des-reserves-en-devises-a-98-jours-d-importation\/206934\/","name":"BCT : Baisse des r\u00e9serves en devises \u00e0 98 jours d\u2019importation","isPartOf":{"@id":"https:\/\/www.webdo.tn\/fr\/#website"},"primaryImageOfPage":{"@id":"https:\/\/www.webdo.tn\/fr\/actualite\/national\/bct-baisse-des-reserves-en-devises-a-98-jours-d-importation\/206934\/#primaryimage"},"image":{"@id":"https:\/\/www.webdo.tn\/fr\/actualite\/national\/bct-baisse-des-reserves-en-devises-a-98-jours-d-importation\/206934\/#primaryimage"},"thumbnailUrl":"https:\/\/www.webdo.tn\/fr\/wp-content\/uploads\/2023\/06\/a25f8dee7c704602d8ecbd29032fb08a.jpg","datePublished":"2023-06-29T14:14:00+00:00","description":"Les r\u00e9serves en devises ont r\u00e9gress\u00e9 \u00e0 98 jours d\u2019importation, \u00e0 la date du mardi 27 juin 2023, soit l'\u00e9quivalent de 22,824 milliards de dinars, selon les chiff...","breadcrumb":{"@id":"https:\/\/www.webdo.tn\/fr\/actualite\/national\/bct-baisse-des-reserves-en-devises-a-98-jours-d-importation\/206934\/#breadcrumb"},"inLanguage":"fr-FR","potentialAction":[{"@type":"ReadAction","target":["https:\/\/www.webdo.tn\/fr\/actualite\/national\/bct-baisse-des-reserves-en-devises-a-98-jours-d-importation\/206934\/"]}]},{"@type":"ImageObject","inLanguage":"fr-FR","@id":"https:\/\/www.webdo.tn\/fr\/actualite\/national\/bct-baisse-des-reserves-en-devises-a-98-jours-d-importation\/206934\/#primaryimage","url":"https:\/\/www.webdo.tn\/fr\/wp-content\/uploads\/2023\/06\/a25f8dee7c704602d8ecbd29032fb08a.jpg","contentUrl":"https:\/\/www.webdo.tn\/fr\/wp-content\/uploads\/2023\/06\/a25f8dee7c704602d8ecbd29032fb08a.jpg","width":675,"height":360,"caption":"BCT : Baisse des r\u00e9serves en devises \u00e0 98 jours d\u2019importation"},{"@type":"BreadcrumbList","@id":"https:\/\/www.webdo.tn\/fr\/actualite\/national\/bct-baisse-des-reserves-en-devises-a-98-jours-d-importation\/206934\/#breadcrumb","itemListElement":[{"@type":"ListItem","position":1,"name":"Accueil","item":"https:\/\/www.webdo.tn\/fr\/"},{"@type":"ListItem","position":2,"name":"BCT : Baisse des r\u00e9serves en devises \u00e0 98 jours d\u2019importation"}]},{"@type":"WebSite","@id":"https:\/\/www.webdo.tn\/fr\/#website","url":"https:\/\/www.webdo.tn\/fr\/","name":"webdo","description":"Tunisie - News en Tunisie et \u00e0 l&#039;international sur Webdo.tn","publisher":{"@id":"https:\/\/www.webdo.tn\/fr\/#organization"},"potentialAction":[{"@type":"SearchAction","target":{"@type":"EntryPoint","urlTemplate":"https:\/\/www.webdo.tn\/fr\/?s={search_term_string}"},"query-input":{"@type":"PropertyValueSpecification","valueRequired":true,"valueName":"search_term_string"}}],"inLanguage":"fr-FR"},{"@type":"Organization","@id":"https:\/\/www.webdo.tn\/fr\/#organization","name":"Webdo","alternateName":"Webdo.tn","url":"https:\/\/www.webdo.tn\/fr\/","logo":{"@type":"ImageObject","inLanguage":"fr-FR","@id":"https:\/\/www.webdo.tn\/fr\/#\/schema\/logo\/image\/","url":"https:\/\/www.webdo.tn\/fr\/wp-content\/uploads\/2025\/06\/Webdo-Tunisie_168377.jpg","contentUrl":"https:\/\/www.webdo.tn\/fr\/wp-content\/uploads\/2025\/06\/Webdo-Tunisie_168377.jpg","width":301,"height":301,"caption":"Webdo"},"image":{"@id":"https:\/\/www.webdo.tn\/fr\/#\/schema\/logo\/image\/"},"sameAs":["https:\/\/www.facebook.com\/webdotn","https:\/\/x.com\/webdo_tn"],"description":"Webdo est un m\u00e9dia num\u00e9rique tunisien fond\u00e9 en 2010, sp\u00e9cialis\u00e9 dans l\u2019actualit\u00e9 nationale et internationale, l\u2019\u00e9conomie, la soci\u00e9t\u00e9 et les analyses politiques. Le site s\u2019adresse \u00e0 un large public francophone et couvre l\u2019information tunisienne en temps r\u00e9el.","email":"redac@webdo.tn","legalName":"YNJ SARL","foundingDate":"2010-09-06","numberOfEmployees":{"@type":"QuantitativeValue","minValue":"11","maxValue":"50"}},{"@type":"Person","@id":"https:\/\/www.webdo.tn\/fr\/#\/schema\/person\/1f4e491e0907b413d61089e8eb573acc","name":"Webdo","image":{"@type":"ImageObject","inLanguage":"fr-FR","@id":"https:\/\/secure.gravatar.com\/avatar\/de97aeec1bb80978a9dbb127e47dfc88aaacb2f3c29aac907d8d3222e3495d49?s=96&d=mm&r=g","url":"https:\/\/secure.gravatar.com\/avatar\/de97aeec1bb80978a9dbb127e47dfc88aaacb2f3c29aac907d8d3222e3495d49?s=96&d=mm&r=g","contentUrl":"https:\/\/secure.gravatar.com\/avatar\/de97aeec1bb80978a9dbb127e47dfc88aaacb2f3c29aac907d8d3222e3495d49?s=96&d=mm&r=g","caption":"Webdo"},"url":"https:\/\/www.webdo.tn\/fr\/actualite\/author\/webdo\/"}]}},"_links":{"self":[{"href":"https:\/\/www.webdo.tn\/fr\/wp-json\/wp\/v2\/posts\/206934","targetHints":{"allow":["GET"]}}],"collection":[{"href":"https:\/\/www.webdo.tn\/fr\/wp-json\/wp\/v2\/posts"}],"about":[{"href":"https:\/\/www.webdo.tn\/fr\/wp-json\/wp\/v2\/types\/post"}],"author":[{"embeddable":true,"href":"https:\/\/www.webdo.tn\/fr\/wp-json\/wp\/v2\/users\/3169"}],"replies":[{"embeddable":true,"href":"https:\/\/www.webdo.tn\/fr\/wp-json\/wp\/v2\/comments?post=206934"}],"version-history":[{"count":0,"href":"https:\/\/www.webdo.tn\/fr\/wp-json\/wp\/v2\/posts\/206934\/revisions"}],"wp:featuredmedia":[{"embeddable":true,"href":"https:\/\/www.webdo.tn\/fr\/wp-json\/wp\/v2\/media\/249863"}],"wp:attachment":[{"href":"https:\/\/www.webdo.tn\/fr\/wp-json\/wp\/v2\/media?parent=206934"}],"wp:term":[{"taxonomy":"category","embeddable":true,"href":"https:\/\/www.webdo.tn\/fr\/wp-json\/wp\/v2\/categories?post=206934"},{"taxonomy":"post_tag","embeddable":true,"href":"https:\/\/www.webdo.tn\/fr\/wp-json\/wp\/v2\/tags?post=206934"}],"curies":[{"name":"wp","href":"https:\/\/api.w.org\/{rel}","templated":true}]}}