{"id":206920,"date":"2023-06-28T10:46:00","date_gmt":"2023-06-28T10:46:00","guid":{"rendered":"https:\/\/www.webdo.tn\/fr\/blog\/hajj-les-pelerins-tunisiens-se-portent-bien\/206920\/"},"modified":"2025-05-20T22:42:31","modified_gmt":"2025-05-20T22:42:31","slug":"hajj-les-pelerins-tunisiens-se-portent-bien","status":"publish","type":"post","link":"https:\/\/www.webdo.tn\/fr\/actualite\/national\/hajj-les-pelerins-tunisiens-se-portent-bien\/206920\/","title":{"rendered":"Hajj : Les p\u00e8lerins tunisiens se portent bien"},"content":{"rendered":"<p>Le ministre des Affaires religieuses, Ibrahim Chaibi, chef de la d\u00e9l\u00e9gation officielle des p\u00e8lerins tunisiens, a tenu hier mardi une r\u00e9union avec le chef de la mission m\u00e9dicale relevant du Bureau des affaires des p\u00e8lerins tunisiens, Fahmi Dachraoui, \u00e0 Arafet.<\/p>\n<p>\t\t\t\t\t\t\t\t\t\u00c0 cette occasion, le ministre a \u00e9t\u00e9 inform\u00e9 des derniers d\u00e9veloppements de la situation sanitaire des p\u00e8lerins tunisiens, qui \u00ab\u00a0se sont distingu\u00e9s par leur stabilit\u00e9 gr\u00e2ce aux efforts de la mission m\u00e9dicale\u00a0\u00bb, selon un communiqu\u00e9 du minist\u00e8re des Affaires religieuses publi\u00e9 ce mercredi 28 juin 2023.\u00a0<\/p>\n<p>Chaibi a \u00e9galement pris connaissance des conditions de travail du personnel m\u00e9dical et param\u00e9dical, exprimant sa gratitude pour les soins de sant\u00e9 prodigu\u00e9s aux p\u00e8lerins tunisiens.<\/p>\n","protected":false},"excerpt":{"rendered":"<p>Le ministre des Affaires religieuses, Ibrahim Chaibi, chef de la d\u00e9l\u00e9gation officielle des p\u00e8lerins tunisiens, a tenu hier mardi une r\u00e9union avec le chef de la&#8230;<\/p>\n","protected":false},"author":3175,"featured_media":249858,"comment_status":"open","ping_status":"closed","sticky":false,"template":"","format":"standard","meta":{"footnotes":""},"categories":[44],"tags":[4030,3408,3317],"class_list":["post-206920","post","type-post","status-publish","format-standard","has-post-thumbnail","hentry","category-national","tag-hajj","tag-pelerins","tag-tunisiens"],"yoast_head":"<!-- This site is optimized with the Yoast SEO Premium plugin v27.5 (Yoast SEO v27.5) - https:\/\/yoast.com\/product\/yoast-seo-premium-wordpress\/ -->\n<title>Hajj : Les p\u00e8lerins tunisiens se portent bien<\/title>\n<meta name=\"description\" content=\"Le ministre des Affaires religieuses, Ibrahim Chaibi, chef de la d\u00e9l\u00e9gation officielle des p\u00e8lerins tunisiens, a tenu hier mardi une r\u00e9union avec le chef de la...\" \/>\n<link rel=\"canonical\" href=\"https:\/\/www.webdo.tn\/fr\/actualite\/national\/hajj-les-pelerins-tunisiens-se-portent-bien\/206920\/\" \/>\n<meta property=\"og:locale\" content=\"fr_FR\" \/>\n<meta property=\"og:type\" content=\"article\" \/>\n<meta property=\"og:title\" content=\"Hajj : Les p\u00e8lerins tunisiens se portent bien\" \/>\n<meta property=\"og:description\" content=\"Le ministre des Affaires religieuses, Ibrahim Chaibi, chef de la d\u00e9l\u00e9gation officielle des p\u00e8lerins tunisiens, a tenu hier mardi une r\u00e9union avec le chef de la...\" \/>\n<meta property=\"og:url\" content=\"https:\/\/www.webdo.tn\/fr\/actualite\/national\/hajj-les-pelerins-tunisiens-se-portent-bien\/206920\/\" \/>\n<meta property=\"og:site_name\" content=\"webdo\" \/>\n<meta property=\"article:publisher\" content=\"https:\/\/www.facebook.com\/webdotn\" \/>\n<meta property=\"article:published_time\" content=\"2023-06-28T10:46:00+00:00\" \/>\n<meta property=\"article:modified_time\" content=\"2025-05-20T22:42:31+00:00\" \/>\n<meta property=\"og:image\" content=\"https:\/\/www.webdo.tn\/fr\/wp-content\/uploads\/2023\/06\/8359e35084922a4b3d5237fd3c7ec928.jpg\" \/>\n\t<meta property=\"og:image:width\" content=\"750\" \/>\n\t<meta property=\"og:image:height\" content=\"400\" \/>\n\t<meta property=\"og:image:type\" content=\"image\/jpeg\" \/>\n<meta name=\"author\" content=\"CL\" \/>\n<meta name=\"twitter:card\" content=\"summary_large_image\" \/>\n<meta name=\"twitter:creator\" content=\"@webdo_tn\" \/>\n<meta name=\"twitter:site\" content=\"@webdo_tn\" \/>\n<meta name=\"twitter:label1\" content=\"\u00c9crit par\" \/>\n\t<meta name=\"twitter:data1\" content=\"CL\" \/>\n\t<meta name=\"twitter:label2\" content=\"Dur\u00e9e de lecture estim\u00e9e\" \/>\n\t<meta name=\"twitter:data2\" content=\"1 minute\" \/>\n<script type=\"application\/ld+json\" class=\"yoast-schema-graph\">{\"@context\":\"https:\\\/\\\/schema.org\",\"@graph\":[{\"@type\":\"NewsArticle\",\"@id\":\"https:\\\/\\\/www.webdo.tn\\\/fr\\\/actualite\\\/national\\\/hajj-les-pelerins-tunisiens-se-portent-bien\\\/206920\\\/#article\",\"isPartOf\":{\"@id\":\"https:\\\/\\\/www.webdo.tn\\\/fr\\\/actualite\\\/national\\\/hajj-les-pelerins-tunisiens-se-portent-bien\\\/206920\\\/\"},\"author\":{\"name\":\"CL\",\"@id\":\"https:\\\/\\\/www.webdo.tn\\\/fr\\\/#\\\/schema\\\/person\\\/f35b42a42c5e2511bbd282959d6385cc\"},\"headline\":\"Hajj : Les p\u00e8lerins tunisiens se portent bien\",\"datePublished\":\"2023-06-28T10:46:00+00:00\",\"dateModified\":\"2025-05-20T22:42:31+00:00\",\"mainEntityOfPage\":{\"@id\":\"https:\\\/\\\/www.webdo.tn\\\/fr\\\/actualite\\\/national\\\/hajj-les-pelerins-tunisiens-se-portent-bien\\\/206920\\\/\"},\"wordCount\":132,\"commentCount\":0,\"publisher\":{\"@id\":\"https:\\\/\\\/www.webdo.tn\\\/fr\\\/#organization\"},\"image\":{\"@id\":\"https:\\\/\\\/www.webdo.tn\\\/fr\\\/actualite\\\/national\\\/hajj-les-pelerins-tunisiens-se-portent-bien\\\/206920\\\/#primaryimage\"},\"thumbnailUrl\":\"https:\\\/\\\/www.webdo.tn\\\/fr\\\/wp-content\\\/uploads\\\/2023\\\/06\\\/8359e35084922a4b3d5237fd3c7ec928.jpg\",\"keywords\":[\"Hajj\",\"p\u00e8lerins\",\"Tunisiens\"],\"articleSection\":[\"National\"],\"inLanguage\":\"fr-FR\"},{\"@type\":\"WebPage\",\"@id\":\"https:\\\/\\\/www.webdo.tn\\\/fr\\\/actualite\\\/national\\\/hajj-les-pelerins-tunisiens-se-portent-bien\\\/206920\\\/\",\"url\":\"https:\\\/\\\/www.webdo.tn\\\/fr\\\/actualite\\\/national\\\/hajj-les-pelerins-tunisiens-se-portent-bien\\\/206920\\\/\",\"name\":\"Hajj : Les p\u00e8lerins tunisiens se portent bien\",\"isPartOf\":{\"@id\":\"https:\\\/\\\/www.webdo.tn\\\/fr\\\/#website\"},\"primaryImageOfPage\":{\"@id\":\"https:\\\/\\\/www.webdo.tn\\\/fr\\\/actualite\\\/national\\\/hajj-les-pelerins-tunisiens-se-portent-bien\\\/206920\\\/#primaryimage\"},\"image\":{\"@id\":\"https:\\\/\\\/www.webdo.tn\\\/fr\\\/actualite\\\/national\\\/hajj-les-pelerins-tunisiens-se-portent-bien\\\/206920\\\/#primaryimage\"},\"thumbnailUrl\":\"https:\\\/\\\/www.webdo.tn\\\/fr\\\/wp-content\\\/uploads\\\/2023\\\/06\\\/8359e35084922a4b3d5237fd3c7ec928.jpg\",\"datePublished\":\"2023-06-28T10:46:00+00:00\",\"dateModified\":\"2025-05-20T22:42:31+00:00\",\"description\":\"Le ministre des Affaires religieuses, Ibrahim Chaibi, chef de la d\u00e9l\u00e9gation officielle des p\u00e8lerins tunisiens, a tenu hier mardi une r\u00e9union avec le chef de la...\",\"breadcrumb\":{\"@id\":\"https:\\\/\\\/www.webdo.tn\\\/fr\\\/actualite\\\/national\\\/hajj-les-pelerins-tunisiens-se-portent-bien\\\/206920\\\/#breadcrumb\"},\"inLanguage\":\"fr-FR\",\"potentialAction\":[{\"@type\":\"ReadAction\",\"target\":[\"https:\\\/\\\/www.webdo.tn\\\/fr\\\/actualite\\\/national\\\/hajj-les-pelerins-tunisiens-se-portent-bien\\\/206920\\\/\"]}]},{\"@type\":\"ImageObject\",\"inLanguage\":\"fr-FR\",\"@id\":\"https:\\\/\\\/www.webdo.tn\\\/fr\\\/actualite\\\/national\\\/hajj-les-pelerins-tunisiens-se-portent-bien\\\/206920\\\/#primaryimage\",\"url\":\"https:\\\/\\\/www.webdo.tn\\\/fr\\\/wp-content\\\/uploads\\\/2023\\\/06\\\/8359e35084922a4b3d5237fd3c7ec928.jpg\",\"contentUrl\":\"https:\\\/\\\/www.webdo.tn\\\/fr\\\/wp-content\\\/uploads\\\/2023\\\/06\\\/8359e35084922a4b3d5237fd3c7ec928.jpg\",\"width\":750,\"height\":400,\"caption\":\"Hajj : Les p\u00e8lerins tunisiens se portent bien\"},{\"@type\":\"BreadcrumbList\",\"@id\":\"https:\\\/\\\/www.webdo.tn\\\/fr\\\/actualite\\\/national\\\/hajj-les-pelerins-tunisiens-se-portent-bien\\\/206920\\\/#breadcrumb\",\"itemListElement\":[{\"@type\":\"ListItem\",\"position\":1,\"name\":\"Accueil\",\"item\":\"https:\\\/\\\/www.webdo.tn\\\/fr\\\/\"},{\"@type\":\"ListItem\",\"position\":2,\"name\":\"Hajj : Les p\u00e8lerins tunisiens se portent bien\"}]},{\"@type\":\"WebSite\",\"@id\":\"https:\\\/\\\/www.webdo.tn\\\/fr\\\/#website\",\"url\":\"https:\\\/\\\/www.webdo.tn\\\/fr\\\/\",\"name\":\"webdo\",\"description\":\"Tunisie - News en Tunisie et \u00e0 l&#039;international sur Webdo.tn\",\"publisher\":{\"@id\":\"https:\\\/\\\/www.webdo.tn\\\/fr\\\/#organization\"},\"potentialAction\":[{\"@type\":\"SearchAction\",\"target\":{\"@type\":\"EntryPoint\",\"urlTemplate\":\"https:\\\/\\\/www.webdo.tn\\\/fr\\\/?s={search_term_string}\"},\"query-input\":{\"@type\":\"PropertyValueSpecification\",\"valueRequired\":true,\"valueName\":\"search_term_string\"}}],\"inLanguage\":\"fr-FR\"},{\"@type\":\"Organization\",\"@id\":\"https:\\\/\\\/www.webdo.tn\\\/fr\\\/#organization\",\"name\":\"Webdo\",\"alternateName\":\"Webdo.tn\",\"url\":\"https:\\\/\\\/www.webdo.tn\\\/fr\\\/\",\"logo\":{\"@type\":\"ImageObject\",\"inLanguage\":\"fr-FR\",\"@id\":\"https:\\\/\\\/www.webdo.tn\\\/fr\\\/#\\\/schema\\\/logo\\\/image\\\/\",\"url\":\"https:\\\/\\\/www.webdo.tn\\\/fr\\\/wp-content\\\/uploads\\\/2025\\\/06\\\/Webdo-Tunisie_168377.jpg\",\"contentUrl\":\"https:\\\/\\\/www.webdo.tn\\\/fr\\\/wp-content\\\/uploads\\\/2025\\\/06\\\/Webdo-Tunisie_168377.jpg\",\"width\":301,\"height\":301,\"caption\":\"Webdo\"},\"image\":{\"@id\":\"https:\\\/\\\/www.webdo.tn\\\/fr\\\/#\\\/schema\\\/logo\\\/image\\\/\"},\"sameAs\":[\"https:\\\/\\\/www.facebook.com\\\/webdotn\",\"https:\\\/\\\/x.com\\\/webdo_tn\"],\"description\":\"Webdo est un m\u00e9dia num\u00e9rique tunisien fond\u00e9 en 2010, sp\u00e9cialis\u00e9 dans l\u2019actualit\u00e9 nationale et internationale, l\u2019\u00e9conomie, la soci\u00e9t\u00e9 et les analyses politiques. Le site s\u2019adresse \u00e0 un large public francophone et couvre l\u2019information tunisienne en temps r\u00e9el.\",\"email\":\"redac@webdo.tn\",\"legalName\":\"YNJ SARL\",\"foundingDate\":\"2010-09-06\",\"numberOfEmployees\":{\"@type\":\"QuantitativeValue\",\"minValue\":\"11\",\"maxValue\":\"50\"}},{\"@type\":\"Person\",\"@id\":\"https:\\\/\\\/www.webdo.tn\\\/fr\\\/#\\\/schema\\\/person\\\/f35b42a42c5e2511bbd282959d6385cc\",\"name\":\"CL\",\"image\":{\"@type\":\"ImageObject\",\"inLanguage\":\"fr-FR\",\"@id\":\"https:\\\/\\\/secure.gravatar.com\\\/avatar\\\/1447a49909b67aa657c488aec6512e1dd6143a480c1ecfee9b5b5cd74eb3b59e?s=96&d=mm&r=g\",\"url\":\"https:\\\/\\\/secure.gravatar.com\\\/avatar\\\/1447a49909b67aa657c488aec6512e1dd6143a480c1ecfee9b5b5cd74eb3b59e?s=96&d=mm&r=g\",\"contentUrl\":\"https:\\\/\\\/secure.gravatar.com\\\/avatar\\\/1447a49909b67aa657c488aec6512e1dd6143a480c1ecfee9b5b5cd74eb3b59e?s=96&d=mm&r=g\",\"caption\":\"CL\"},\"url\":\"https:\\\/\\\/www.webdo.tn\\\/fr\\\/actualite\\\/author\\\/cl\\\/\"}]}<\/script>\n<!-- \/ Yoast SEO Premium plugin. -->","yoast_head_json":{"title":"Hajj : Les p\u00e8lerins tunisiens se portent bien","description":"Le ministre des Affaires religieuses, Ibrahim Chaibi, chef de la d\u00e9l\u00e9gation officielle des p\u00e8lerins tunisiens, a tenu hier mardi une r\u00e9union avec le chef de la...","canonical":"https:\/\/www.webdo.tn\/fr\/actualite\/national\/hajj-les-pelerins-tunisiens-se-portent-bien\/206920\/","og_locale":"fr_FR","og_type":"article","og_title":"Hajj : Les p\u00e8lerins tunisiens se portent bien","og_description":"Le ministre des Affaires religieuses, Ibrahim Chaibi, chef de la d\u00e9l\u00e9gation officielle des p\u00e8lerins tunisiens, a tenu hier mardi une r\u00e9union avec le chef de la...","og_url":"https:\/\/www.webdo.tn\/fr\/actualite\/national\/hajj-les-pelerins-tunisiens-se-portent-bien\/206920\/","og_site_name":"webdo","article_publisher":"https:\/\/www.facebook.com\/webdotn","article_published_time":"2023-06-28T10:46:00+00:00","article_modified_time":"2025-05-20T22:42:31+00:00","og_image":[{"width":750,"height":400,"url":"https:\/\/www.webdo.tn\/fr\/wp-content\/uploads\/2023\/06\/8359e35084922a4b3d5237fd3c7ec928.jpg","type":"image\/jpeg"}],"author":"CL","twitter_card":"summary_large_image","twitter_creator":"@webdo_tn","twitter_site":"@webdo_tn","twitter_misc":{"\u00c9crit par":"CL","Dur\u00e9e de lecture estim\u00e9e":"1 minute"},"schema":{"@context":"https:\/\/schema.org","@graph":[{"@type":"NewsArticle","@id":"https:\/\/www.webdo.tn\/fr\/actualite\/national\/hajj-les-pelerins-tunisiens-se-portent-bien\/206920\/#article","isPartOf":{"@id":"https:\/\/www.webdo.tn\/fr\/actualite\/national\/hajj-les-pelerins-tunisiens-se-portent-bien\/206920\/"},"author":{"name":"CL","@id":"https:\/\/www.webdo.tn\/fr\/#\/schema\/person\/f35b42a42c5e2511bbd282959d6385cc"},"headline":"Hajj : Les p\u00e8lerins tunisiens se portent bien","datePublished":"2023-06-28T10:46:00+00:00","dateModified":"2025-05-20T22:42:31+00:00","mainEntityOfPage":{"@id":"https:\/\/www.webdo.tn\/fr\/actualite\/national\/hajj-les-pelerins-tunisiens-se-portent-bien\/206920\/"},"wordCount":132,"commentCount":0,"publisher":{"@id":"https:\/\/www.webdo.tn\/fr\/#organization"},"image":{"@id":"https:\/\/www.webdo.tn\/fr\/actualite\/national\/hajj-les-pelerins-tunisiens-se-portent-bien\/206920\/#primaryimage"},"thumbnailUrl":"https:\/\/www.webdo.tn\/fr\/wp-content\/uploads\/2023\/06\/8359e35084922a4b3d5237fd3c7ec928.jpg","keywords":["Hajj","p\u00e8lerins","Tunisiens"],"articleSection":["National"],"inLanguage":"fr-FR"},{"@type":"WebPage","@id":"https:\/\/www.webdo.tn\/fr\/actualite\/national\/hajj-les-pelerins-tunisiens-se-portent-bien\/206920\/","url":"https:\/\/www.webdo.tn\/fr\/actualite\/national\/hajj-les-pelerins-tunisiens-se-portent-bien\/206920\/","name":"Hajj : Les p\u00e8lerins tunisiens se portent bien","isPartOf":{"@id":"https:\/\/www.webdo.tn\/fr\/#website"},"primaryImageOfPage":{"@id":"https:\/\/www.webdo.tn\/fr\/actualite\/national\/hajj-les-pelerins-tunisiens-se-portent-bien\/206920\/#primaryimage"},"image":{"@id":"https:\/\/www.webdo.tn\/fr\/actualite\/national\/hajj-les-pelerins-tunisiens-se-portent-bien\/206920\/#primaryimage"},"thumbnailUrl":"https:\/\/www.webdo.tn\/fr\/wp-content\/uploads\/2023\/06\/8359e35084922a4b3d5237fd3c7ec928.jpg","datePublished":"2023-06-28T10:46:00+00:00","dateModified":"2025-05-20T22:42:31+00:00","description":"Le ministre des Affaires religieuses, Ibrahim Chaibi, chef de la d\u00e9l\u00e9gation officielle des p\u00e8lerins tunisiens, a tenu hier mardi une r\u00e9union avec le chef de la...","breadcrumb":{"@id":"https:\/\/www.webdo.tn\/fr\/actualite\/national\/hajj-les-pelerins-tunisiens-se-portent-bien\/206920\/#breadcrumb"},"inLanguage":"fr-FR","potentialAction":[{"@type":"ReadAction","target":["https:\/\/www.webdo.tn\/fr\/actualite\/national\/hajj-les-pelerins-tunisiens-se-portent-bien\/206920\/"]}]},{"@type":"ImageObject","inLanguage":"fr-FR","@id":"https:\/\/www.webdo.tn\/fr\/actualite\/national\/hajj-les-pelerins-tunisiens-se-portent-bien\/206920\/#primaryimage","url":"https:\/\/www.webdo.tn\/fr\/wp-content\/uploads\/2023\/06\/8359e35084922a4b3d5237fd3c7ec928.jpg","contentUrl":"https:\/\/www.webdo.tn\/fr\/wp-content\/uploads\/2023\/06\/8359e35084922a4b3d5237fd3c7ec928.jpg","width":750,"height":400,"caption":"Hajj : Les p\u00e8lerins tunisiens se portent bien"},{"@type":"BreadcrumbList","@id":"https:\/\/www.webdo.tn\/fr\/actualite\/national\/hajj-les-pelerins-tunisiens-se-portent-bien\/206920\/#breadcrumb","itemListElement":[{"@type":"ListItem","position":1,"name":"Accueil","item":"https:\/\/www.webdo.tn\/fr\/"},{"@type":"ListItem","position":2,"name":"Hajj : Les p\u00e8lerins tunisiens se portent bien"}]},{"@type":"WebSite","@id":"https:\/\/www.webdo.tn\/fr\/#website","url":"https:\/\/www.webdo.tn\/fr\/","name":"webdo","description":"Tunisie - News en Tunisie et \u00e0 l&#039;international sur Webdo.tn","publisher":{"@id":"https:\/\/www.webdo.tn\/fr\/#organization"},"potentialAction":[{"@type":"SearchAction","target":{"@type":"EntryPoint","urlTemplate":"https:\/\/www.webdo.tn\/fr\/?s={search_term_string}"},"query-input":{"@type":"PropertyValueSpecification","valueRequired":true,"valueName":"search_term_string"}}],"inLanguage":"fr-FR"},{"@type":"Organization","@id":"https:\/\/www.webdo.tn\/fr\/#organization","name":"Webdo","alternateName":"Webdo.tn","url":"https:\/\/www.webdo.tn\/fr\/","logo":{"@type":"ImageObject","inLanguage":"fr-FR","@id":"https:\/\/www.webdo.tn\/fr\/#\/schema\/logo\/image\/","url":"https:\/\/www.webdo.tn\/fr\/wp-content\/uploads\/2025\/06\/Webdo-Tunisie_168377.jpg","contentUrl":"https:\/\/www.webdo.tn\/fr\/wp-content\/uploads\/2025\/06\/Webdo-Tunisie_168377.jpg","width":301,"height":301,"caption":"Webdo"},"image":{"@id":"https:\/\/www.webdo.tn\/fr\/#\/schema\/logo\/image\/"},"sameAs":["https:\/\/www.facebook.com\/webdotn","https:\/\/x.com\/webdo_tn"],"description":"Webdo est un m\u00e9dia num\u00e9rique tunisien fond\u00e9 en 2010, sp\u00e9cialis\u00e9 dans l\u2019actualit\u00e9 nationale et internationale, l\u2019\u00e9conomie, la soci\u00e9t\u00e9 et les analyses politiques. Le site s\u2019adresse \u00e0 un large public francophone et couvre l\u2019information tunisienne en temps r\u00e9el.","email":"redac@webdo.tn","legalName":"YNJ SARL","foundingDate":"2010-09-06","numberOfEmployees":{"@type":"QuantitativeValue","minValue":"11","maxValue":"50"}},{"@type":"Person","@id":"https:\/\/www.webdo.tn\/fr\/#\/schema\/person\/f35b42a42c5e2511bbd282959d6385cc","name":"CL","image":{"@type":"ImageObject","inLanguage":"fr-FR","@id":"https:\/\/secure.gravatar.com\/avatar\/1447a49909b67aa657c488aec6512e1dd6143a480c1ecfee9b5b5cd74eb3b59e?s=96&d=mm&r=g","url":"https:\/\/secure.gravatar.com\/avatar\/1447a49909b67aa657c488aec6512e1dd6143a480c1ecfee9b5b5cd74eb3b59e?s=96&d=mm&r=g","contentUrl":"https:\/\/secure.gravatar.com\/avatar\/1447a49909b67aa657c488aec6512e1dd6143a480c1ecfee9b5b5cd74eb3b59e?s=96&d=mm&r=g","caption":"CL"},"url":"https:\/\/www.webdo.tn\/fr\/actualite\/author\/cl\/"}]}},"_links":{"self":[{"href":"https:\/\/www.webdo.tn\/fr\/wp-json\/wp\/v2\/posts\/206920","targetHints":{"allow":["GET"]}}],"collection":[{"href":"https:\/\/www.webdo.tn\/fr\/wp-json\/wp\/v2\/posts"}],"about":[{"href":"https:\/\/www.webdo.tn\/fr\/wp-json\/wp\/v2\/types\/post"}],"author":[{"embeddable":true,"href":"https:\/\/www.webdo.tn\/fr\/wp-json\/wp\/v2\/users\/3175"}],"replies":[{"embeddable":true,"href":"https:\/\/www.webdo.tn\/fr\/wp-json\/wp\/v2\/comments?post=206920"}],"version-history":[{"count":0,"href":"https:\/\/www.webdo.tn\/fr\/wp-json\/wp\/v2\/posts\/206920\/revisions"}],"wp:featuredmedia":[{"embeddable":true,"href":"https:\/\/www.webdo.tn\/fr\/wp-json\/wp\/v2\/media\/249858"}],"wp:attachment":[{"href":"https:\/\/www.webdo.tn\/fr\/wp-json\/wp\/v2\/media?parent=206920"}],"wp:term":[{"taxonomy":"category","embeddable":true,"href":"https:\/\/www.webdo.tn\/fr\/wp-json\/wp\/v2\/categories?post=206920"},{"taxonomy":"post_tag","embeddable":true,"href":"https:\/\/www.webdo.tn\/fr\/wp-json\/wp\/v2\/tags?post=206920"}],"curies":[{"name":"wp","href":"https:\/\/api.w.org\/{rel}","templated":true}]}}