{"id":206906,"date":"2023-06-27T15:17:00","date_gmt":"2023-06-27T15:17:00","guid":{"rendered":"https:\/\/www.webdo.tn\/fr\/blog\/cheques-sans-provision-un-homme-d-affaires-condamne-a-2800-ans-de-prison\/206906\/"},"modified":"2025-05-20T22:50:48","modified_gmt":"2025-05-20T22:50:48","slug":"cheques-sans-provision-un-homme-d-affaires-condamne-a-2800-ans-de-prison","status":"publish","type":"post","link":"https:\/\/www.webdo.tn\/fr\/actualite\/national\/cheques-sans-provision-un-homme-d-affaires-condamne-a-2800-ans-de-prison\/206906\/","title":{"rendered":"Ch\u00e8ques sans provision :  Un homme d\u2019affaires condamn\u00e9 \u00e0 2800 ans de prison !"},"content":{"rendered":"<p>Le porte-parole de l&rsquo;Association nationale des petites et moyennes entreprises, Abdelrazzk Houas a fait savoir ce mardi 27 juin 2023, que 7 200 chefs d&rsquo;entreprise \u00e9taient en prison et que 450 000 \u00e9taient recherch\u00e9s dans des affaires de ch\u00e8ques sans provision.<\/p>\n<p>\t\t\t\t\t\t\t\t\tS\u2019exprimant sur les ondes de Mosa\u00efque FM, il a r\u00e9v\u00e9l\u00e9 \u00e0 cet \u00e9gard qu&rsquo;un chef d&rsquo;entreprise poss\u00e9dant quatre soci\u00e9t\u00e9s avait \u00e9t\u00e9 condamn\u00e9 \u00e0 une peine de prison de 2 800 ans, dans des affaires r\u00e9parties entre tribunaux.\u00a0<\/p>\n<p>Il a \u00e9galement soulign\u00e9 que la Tunisie avait le taux le plus \u00e9lev\u00e9 d&rsquo;acc\u00e8s aux pr\u00eats au Moyen-Orient et en Afrique, tandis que le propri\u00e9taire de l&rsquo;entreprise est responsable de toutes les infractions en cas de probl\u00e8me.<\/p>\n","protected":false},"excerpt":{"rendered":"<p>Le porte-parole de l&rsquo;Association nationale des petites et moyennes entreprises, Abdelrazzk Houas a fait savoir ce mardi 27 juin 2023, que 7 200 chefs d&rsquo;entrepri&#8230;<\/p>\n","protected":false},"author":3175,"featured_media":278409,"comment_status":"open","ping_status":"closed","sticky":false,"template":"","format":"standard","meta":{"footnotes":""},"categories":[44],"tags":[4159,2683,2708,2608],"class_list":["post-206906","post","type-post","status-publish","format-standard","has-post-thumbnail","hentry","category-national","tag-cheque","tag-homme-daffaires","tag-prison","tag-tunisie"],"yoast_head":"<!-- This site is optimized with the Yoast SEO Premium plugin v27.5 (Yoast SEO v27.5) - https:\/\/yoast.com\/product\/yoast-seo-premium-wordpress\/ -->\n<title>Ch\u00e8ques sans provision : Un homme d\u2019affaires condamn\u00e9 \u00e0 2800 ans de prison !<\/title>\n<meta name=\"description\" content=\"Le porte-parole de l&#039;Association nationale des petites et moyennes entreprises, Abdelrazzk Houas a fait savoir ce mardi 27 juin 2023, que 7 200 chefs d&#039;entrepri...\" \/>\n<link rel=\"canonical\" href=\"https:\/\/www.webdo.tn\/fr\/actualite\/national\/cheques-sans-provision-un-homme-d-affaires-condamne-a-2800-ans-de-prison\/206906\/\" \/>\n<meta property=\"og:locale\" content=\"fr_FR\" \/>\n<meta property=\"og:type\" content=\"article\" \/>\n<meta property=\"og:title\" content=\"Ch\u00e8ques sans provision : Un homme d\u2019affaires condamn\u00e9 \u00e0 2800 ans de prison !\" \/>\n<meta property=\"og:description\" content=\"Le porte-parole de l&#039;Association nationale des petites et moyennes entreprises, Abdelrazzk Houas a fait savoir ce mardi 27 juin 2023, que 7 200 chefs d&#039;entrepri...\" \/>\n<meta property=\"og:url\" content=\"https:\/\/www.webdo.tn\/fr\/actualite\/national\/cheques-sans-provision-un-homme-d-affaires-condamne-a-2800-ans-de-prison\/206906\/\" \/>\n<meta property=\"og:site_name\" content=\"webdo\" \/>\n<meta property=\"article:publisher\" content=\"https:\/\/www.facebook.com\/webdotn\" \/>\n<meta property=\"article:published_time\" content=\"2023-06-27T15:17:00+00:00\" \/>\n<meta property=\"article:modified_time\" content=\"2025-05-20T22:50:48+00:00\" \/>\n<meta property=\"og:image\" content=\"https:\/\/www.webdo.tn\/fr\/wp-content\/uploads\/2023\/06\/843def3398876485922209ed807716e9.jpg\" \/>\n\t<meta property=\"og:image:width\" content=\"750\" \/>\n\t<meta property=\"og:image:height\" content=\"400\" \/>\n\t<meta property=\"og:image:type\" content=\"image\/jpeg\" \/>\n<meta name=\"author\" content=\"CL\" \/>\n<meta name=\"twitter:card\" content=\"summary_large_image\" \/>\n<meta name=\"twitter:creator\" content=\"@webdo_tn\" \/>\n<meta name=\"twitter:site\" content=\"@webdo_tn\" \/>\n<meta name=\"twitter:label1\" content=\"\u00c9crit par\" \/>\n\t<meta name=\"twitter:data1\" content=\"CL\" \/>\n\t<meta name=\"twitter:label2\" content=\"Dur\u00e9e de lecture estim\u00e9e\" \/>\n\t<meta name=\"twitter:data2\" content=\"1 minute\" \/>\n<script type=\"application\/ld+json\" class=\"yoast-schema-graph\">{\"@context\":\"https:\\\/\\\/schema.org\",\"@graph\":[{\"@type\":\"NewsArticle\",\"@id\":\"https:\\\/\\\/www.webdo.tn\\\/fr\\\/actualite\\\/national\\\/cheques-sans-provision-un-homme-d-affaires-condamne-a-2800-ans-de-prison\\\/206906\\\/#article\",\"isPartOf\":{\"@id\":\"https:\\\/\\\/www.webdo.tn\\\/fr\\\/actualite\\\/national\\\/cheques-sans-provision-un-homme-d-affaires-condamne-a-2800-ans-de-prison\\\/206906\\\/\"},\"author\":{\"name\":\"CL\",\"@id\":\"https:\\\/\\\/www.webdo.tn\\\/fr\\\/#\\\/schema\\\/person\\\/f35b42a42c5e2511bbd282959d6385cc\"},\"headline\":\"Ch\u00e8ques sans provision : Un homme d\u2019affaires condamn\u00e9 \u00e0 2800 ans de prison !\",\"datePublished\":\"2023-06-27T15:17:00+00:00\",\"dateModified\":\"2025-05-20T22:50:48+00:00\",\"mainEntityOfPage\":{\"@id\":\"https:\\\/\\\/www.webdo.tn\\\/fr\\\/actualite\\\/national\\\/cheques-sans-provision-un-homme-d-affaires-condamne-a-2800-ans-de-prison\\\/206906\\\/\"},\"wordCount\":137,\"commentCount\":0,\"publisher\":{\"@id\":\"https:\\\/\\\/www.webdo.tn\\\/fr\\\/#organization\"},\"image\":{\"@id\":\"https:\\\/\\\/www.webdo.tn\\\/fr\\\/actualite\\\/national\\\/cheques-sans-provision-un-homme-d-affaires-condamne-a-2800-ans-de-prison\\\/206906\\\/#primaryimage\"},\"thumbnailUrl\":\"https:\\\/\\\/www.webdo.tn\\\/fr\\\/wp-content\\\/uploads\\\/2023\\\/06\\\/843def3398876485922209ed807716e9.jpg\",\"keywords\":[\"ch\u00e9que\",\"Homme d'affaires\",\"Prison\",\"Tunisie\"],\"articleSection\":[\"National\"],\"inLanguage\":\"fr-FR\"},{\"@type\":\"WebPage\",\"@id\":\"https:\\\/\\\/www.webdo.tn\\\/fr\\\/actualite\\\/national\\\/cheques-sans-provision-un-homme-d-affaires-condamne-a-2800-ans-de-prison\\\/206906\\\/\",\"url\":\"https:\\\/\\\/www.webdo.tn\\\/fr\\\/actualite\\\/national\\\/cheques-sans-provision-un-homme-d-affaires-condamne-a-2800-ans-de-prison\\\/206906\\\/\",\"name\":\"Ch\u00e8ques sans provision : Un homme d\u2019affaires condamn\u00e9 \u00e0 2800 ans de prison !\",\"isPartOf\":{\"@id\":\"https:\\\/\\\/www.webdo.tn\\\/fr\\\/#website\"},\"primaryImageOfPage\":{\"@id\":\"https:\\\/\\\/www.webdo.tn\\\/fr\\\/actualite\\\/national\\\/cheques-sans-provision-un-homme-d-affaires-condamne-a-2800-ans-de-prison\\\/206906\\\/#primaryimage\"},\"image\":{\"@id\":\"https:\\\/\\\/www.webdo.tn\\\/fr\\\/actualite\\\/national\\\/cheques-sans-provision-un-homme-d-affaires-condamne-a-2800-ans-de-prison\\\/206906\\\/#primaryimage\"},\"thumbnailUrl\":\"https:\\\/\\\/www.webdo.tn\\\/fr\\\/wp-content\\\/uploads\\\/2023\\\/06\\\/843def3398876485922209ed807716e9.jpg\",\"datePublished\":\"2023-06-27T15:17:00+00:00\",\"dateModified\":\"2025-05-20T22:50:48+00:00\",\"description\":\"Le porte-parole de l'Association nationale des petites et moyennes entreprises, Abdelrazzk Houas a fait savoir ce mardi 27 juin 2023, que 7 200 chefs d'entrepri...\",\"breadcrumb\":{\"@id\":\"https:\\\/\\\/www.webdo.tn\\\/fr\\\/actualite\\\/national\\\/cheques-sans-provision-un-homme-d-affaires-condamne-a-2800-ans-de-prison\\\/206906\\\/#breadcrumb\"},\"inLanguage\":\"fr-FR\",\"potentialAction\":[{\"@type\":\"ReadAction\",\"target\":[\"https:\\\/\\\/www.webdo.tn\\\/fr\\\/actualite\\\/national\\\/cheques-sans-provision-un-homme-d-affaires-condamne-a-2800-ans-de-prison\\\/206906\\\/\"]}]},{\"@type\":\"ImageObject\",\"inLanguage\":\"fr-FR\",\"@id\":\"https:\\\/\\\/www.webdo.tn\\\/fr\\\/actualite\\\/national\\\/cheques-sans-provision-un-homme-d-affaires-condamne-a-2800-ans-de-prison\\\/206906\\\/#primaryimage\",\"url\":\"https:\\\/\\\/www.webdo.tn\\\/fr\\\/wp-content\\\/uploads\\\/2023\\\/06\\\/843def3398876485922209ed807716e9.jpg\",\"contentUrl\":\"https:\\\/\\\/www.webdo.tn\\\/fr\\\/wp-content\\\/uploads\\\/2023\\\/06\\\/843def3398876485922209ed807716e9.jpg\",\"width\":750,\"height\":400,\"caption\":\"Ch\u00e8ques sans provision : Un homme d\u2019affaires condamn\u00e9 \u00e0 2800 ans de prison !\"},{\"@type\":\"BreadcrumbList\",\"@id\":\"https:\\\/\\\/www.webdo.tn\\\/fr\\\/actualite\\\/national\\\/cheques-sans-provision-un-homme-d-affaires-condamne-a-2800-ans-de-prison\\\/206906\\\/#breadcrumb\",\"itemListElement\":[{\"@type\":\"ListItem\",\"position\":1,\"name\":\"Accueil\",\"item\":\"https:\\\/\\\/www.webdo.tn\\\/fr\\\/\"},{\"@type\":\"ListItem\",\"position\":2,\"name\":\"Ch\u00e8ques sans provision : Un homme d\u2019affaires condamn\u00e9 \u00e0 2800 ans de prison !\"}]},{\"@type\":\"WebSite\",\"@id\":\"https:\\\/\\\/www.webdo.tn\\\/fr\\\/#website\",\"url\":\"https:\\\/\\\/www.webdo.tn\\\/fr\\\/\",\"name\":\"webdo\",\"description\":\"Tunisie - News en Tunisie et \u00e0 l&#039;international sur Webdo.tn\",\"publisher\":{\"@id\":\"https:\\\/\\\/www.webdo.tn\\\/fr\\\/#organization\"},\"potentialAction\":[{\"@type\":\"SearchAction\",\"target\":{\"@type\":\"EntryPoint\",\"urlTemplate\":\"https:\\\/\\\/www.webdo.tn\\\/fr\\\/?s={search_term_string}\"},\"query-input\":{\"@type\":\"PropertyValueSpecification\",\"valueRequired\":true,\"valueName\":\"search_term_string\"}}],\"inLanguage\":\"fr-FR\"},{\"@type\":\"Organization\",\"@id\":\"https:\\\/\\\/www.webdo.tn\\\/fr\\\/#organization\",\"name\":\"Webdo\",\"alternateName\":\"Webdo.tn\",\"url\":\"https:\\\/\\\/www.webdo.tn\\\/fr\\\/\",\"logo\":{\"@type\":\"ImageObject\",\"inLanguage\":\"fr-FR\",\"@id\":\"https:\\\/\\\/www.webdo.tn\\\/fr\\\/#\\\/schema\\\/logo\\\/image\\\/\",\"url\":\"https:\\\/\\\/www.webdo.tn\\\/fr\\\/wp-content\\\/uploads\\\/2025\\\/06\\\/Webdo-Tunisie_168377.jpg\",\"contentUrl\":\"https:\\\/\\\/www.webdo.tn\\\/fr\\\/wp-content\\\/uploads\\\/2025\\\/06\\\/Webdo-Tunisie_168377.jpg\",\"width\":301,\"height\":301,\"caption\":\"Webdo\"},\"image\":{\"@id\":\"https:\\\/\\\/www.webdo.tn\\\/fr\\\/#\\\/schema\\\/logo\\\/image\\\/\"},\"sameAs\":[\"https:\\\/\\\/www.facebook.com\\\/webdotn\",\"https:\\\/\\\/x.com\\\/webdo_tn\"],\"description\":\"Webdo est un m\u00e9dia num\u00e9rique tunisien fond\u00e9 en 2010, sp\u00e9cialis\u00e9 dans l\u2019actualit\u00e9 nationale et internationale, l\u2019\u00e9conomie, la soci\u00e9t\u00e9 et les analyses politiques. Le site s\u2019adresse \u00e0 un large public francophone et couvre l\u2019information tunisienne en temps r\u00e9el.\",\"email\":\"redac@webdo.tn\",\"legalName\":\"YNJ SARL\",\"foundingDate\":\"2010-09-06\",\"numberOfEmployees\":{\"@type\":\"QuantitativeValue\",\"minValue\":\"11\",\"maxValue\":\"50\"}},{\"@type\":\"Person\",\"@id\":\"https:\\\/\\\/www.webdo.tn\\\/fr\\\/#\\\/schema\\\/person\\\/f35b42a42c5e2511bbd282959d6385cc\",\"name\":\"CL\",\"image\":{\"@type\":\"ImageObject\",\"inLanguage\":\"fr-FR\",\"@id\":\"https:\\\/\\\/secure.gravatar.com\\\/avatar\\\/1447a49909b67aa657c488aec6512e1dd6143a480c1ecfee9b5b5cd74eb3b59e?s=96&d=mm&r=g\",\"url\":\"https:\\\/\\\/secure.gravatar.com\\\/avatar\\\/1447a49909b67aa657c488aec6512e1dd6143a480c1ecfee9b5b5cd74eb3b59e?s=96&d=mm&r=g\",\"contentUrl\":\"https:\\\/\\\/secure.gravatar.com\\\/avatar\\\/1447a49909b67aa657c488aec6512e1dd6143a480c1ecfee9b5b5cd74eb3b59e?s=96&d=mm&r=g\",\"caption\":\"CL\"},\"url\":\"https:\\\/\\\/www.webdo.tn\\\/fr\\\/actualite\\\/author\\\/cl\\\/\"}]}<\/script>\n<!-- \/ Yoast SEO Premium plugin. -->","yoast_head_json":{"title":"Ch\u00e8ques sans provision : Un homme d\u2019affaires condamn\u00e9 \u00e0 2800 ans de prison !","description":"Le porte-parole de l'Association nationale des petites et moyennes entreprises, Abdelrazzk Houas a fait savoir ce mardi 27 juin 2023, que 7 200 chefs d'entrepri...","canonical":"https:\/\/www.webdo.tn\/fr\/actualite\/national\/cheques-sans-provision-un-homme-d-affaires-condamne-a-2800-ans-de-prison\/206906\/","og_locale":"fr_FR","og_type":"article","og_title":"Ch\u00e8ques sans provision : Un homme d\u2019affaires condamn\u00e9 \u00e0 2800 ans de prison !","og_description":"Le porte-parole de l'Association nationale des petites et moyennes entreprises, Abdelrazzk Houas a fait savoir ce mardi 27 juin 2023, que 7 200 chefs d'entrepri...","og_url":"https:\/\/www.webdo.tn\/fr\/actualite\/national\/cheques-sans-provision-un-homme-d-affaires-condamne-a-2800-ans-de-prison\/206906\/","og_site_name":"webdo","article_publisher":"https:\/\/www.facebook.com\/webdotn","article_published_time":"2023-06-27T15:17:00+00:00","article_modified_time":"2025-05-20T22:50:48+00:00","og_image":[{"width":750,"height":400,"url":"https:\/\/www.webdo.tn\/fr\/wp-content\/uploads\/2023\/06\/843def3398876485922209ed807716e9.jpg","type":"image\/jpeg"}],"author":"CL","twitter_card":"summary_large_image","twitter_creator":"@webdo_tn","twitter_site":"@webdo_tn","twitter_misc":{"\u00c9crit par":"CL","Dur\u00e9e de lecture estim\u00e9e":"1 minute"},"schema":{"@context":"https:\/\/schema.org","@graph":[{"@type":"NewsArticle","@id":"https:\/\/www.webdo.tn\/fr\/actualite\/national\/cheques-sans-provision-un-homme-d-affaires-condamne-a-2800-ans-de-prison\/206906\/#article","isPartOf":{"@id":"https:\/\/www.webdo.tn\/fr\/actualite\/national\/cheques-sans-provision-un-homme-d-affaires-condamne-a-2800-ans-de-prison\/206906\/"},"author":{"name":"CL","@id":"https:\/\/www.webdo.tn\/fr\/#\/schema\/person\/f35b42a42c5e2511bbd282959d6385cc"},"headline":"Ch\u00e8ques sans provision : Un homme d\u2019affaires condamn\u00e9 \u00e0 2800 ans de prison !","datePublished":"2023-06-27T15:17:00+00:00","dateModified":"2025-05-20T22:50:48+00:00","mainEntityOfPage":{"@id":"https:\/\/www.webdo.tn\/fr\/actualite\/national\/cheques-sans-provision-un-homme-d-affaires-condamne-a-2800-ans-de-prison\/206906\/"},"wordCount":137,"commentCount":0,"publisher":{"@id":"https:\/\/www.webdo.tn\/fr\/#organization"},"image":{"@id":"https:\/\/www.webdo.tn\/fr\/actualite\/national\/cheques-sans-provision-un-homme-d-affaires-condamne-a-2800-ans-de-prison\/206906\/#primaryimage"},"thumbnailUrl":"https:\/\/www.webdo.tn\/fr\/wp-content\/uploads\/2023\/06\/843def3398876485922209ed807716e9.jpg","keywords":["ch\u00e9que","Homme d'affaires","Prison","Tunisie"],"articleSection":["National"],"inLanguage":"fr-FR"},{"@type":"WebPage","@id":"https:\/\/www.webdo.tn\/fr\/actualite\/national\/cheques-sans-provision-un-homme-d-affaires-condamne-a-2800-ans-de-prison\/206906\/","url":"https:\/\/www.webdo.tn\/fr\/actualite\/national\/cheques-sans-provision-un-homme-d-affaires-condamne-a-2800-ans-de-prison\/206906\/","name":"Ch\u00e8ques sans provision : Un homme d\u2019affaires condamn\u00e9 \u00e0 2800 ans de prison !","isPartOf":{"@id":"https:\/\/www.webdo.tn\/fr\/#website"},"primaryImageOfPage":{"@id":"https:\/\/www.webdo.tn\/fr\/actualite\/national\/cheques-sans-provision-un-homme-d-affaires-condamne-a-2800-ans-de-prison\/206906\/#primaryimage"},"image":{"@id":"https:\/\/www.webdo.tn\/fr\/actualite\/national\/cheques-sans-provision-un-homme-d-affaires-condamne-a-2800-ans-de-prison\/206906\/#primaryimage"},"thumbnailUrl":"https:\/\/www.webdo.tn\/fr\/wp-content\/uploads\/2023\/06\/843def3398876485922209ed807716e9.jpg","datePublished":"2023-06-27T15:17:00+00:00","dateModified":"2025-05-20T22:50:48+00:00","description":"Le porte-parole de l'Association nationale des petites et moyennes entreprises, Abdelrazzk Houas a fait savoir ce mardi 27 juin 2023, que 7 200 chefs d'entrepri...","breadcrumb":{"@id":"https:\/\/www.webdo.tn\/fr\/actualite\/national\/cheques-sans-provision-un-homme-d-affaires-condamne-a-2800-ans-de-prison\/206906\/#breadcrumb"},"inLanguage":"fr-FR","potentialAction":[{"@type":"ReadAction","target":["https:\/\/www.webdo.tn\/fr\/actualite\/national\/cheques-sans-provision-un-homme-d-affaires-condamne-a-2800-ans-de-prison\/206906\/"]}]},{"@type":"ImageObject","inLanguage":"fr-FR","@id":"https:\/\/www.webdo.tn\/fr\/actualite\/national\/cheques-sans-provision-un-homme-d-affaires-condamne-a-2800-ans-de-prison\/206906\/#primaryimage","url":"https:\/\/www.webdo.tn\/fr\/wp-content\/uploads\/2023\/06\/843def3398876485922209ed807716e9.jpg","contentUrl":"https:\/\/www.webdo.tn\/fr\/wp-content\/uploads\/2023\/06\/843def3398876485922209ed807716e9.jpg","width":750,"height":400,"caption":"Ch\u00e8ques sans provision : Un homme d\u2019affaires condamn\u00e9 \u00e0 2800 ans de prison !"},{"@type":"BreadcrumbList","@id":"https:\/\/www.webdo.tn\/fr\/actualite\/national\/cheques-sans-provision-un-homme-d-affaires-condamne-a-2800-ans-de-prison\/206906\/#breadcrumb","itemListElement":[{"@type":"ListItem","position":1,"name":"Accueil","item":"https:\/\/www.webdo.tn\/fr\/"},{"@type":"ListItem","position":2,"name":"Ch\u00e8ques sans provision : Un homme d\u2019affaires condamn\u00e9 \u00e0 2800 ans de prison !"}]},{"@type":"WebSite","@id":"https:\/\/www.webdo.tn\/fr\/#website","url":"https:\/\/www.webdo.tn\/fr\/","name":"webdo","description":"Tunisie - News en Tunisie et \u00e0 l&#039;international sur Webdo.tn","publisher":{"@id":"https:\/\/www.webdo.tn\/fr\/#organization"},"potentialAction":[{"@type":"SearchAction","target":{"@type":"EntryPoint","urlTemplate":"https:\/\/www.webdo.tn\/fr\/?s={search_term_string}"},"query-input":{"@type":"PropertyValueSpecification","valueRequired":true,"valueName":"search_term_string"}}],"inLanguage":"fr-FR"},{"@type":"Organization","@id":"https:\/\/www.webdo.tn\/fr\/#organization","name":"Webdo","alternateName":"Webdo.tn","url":"https:\/\/www.webdo.tn\/fr\/","logo":{"@type":"ImageObject","inLanguage":"fr-FR","@id":"https:\/\/www.webdo.tn\/fr\/#\/schema\/logo\/image\/","url":"https:\/\/www.webdo.tn\/fr\/wp-content\/uploads\/2025\/06\/Webdo-Tunisie_168377.jpg","contentUrl":"https:\/\/www.webdo.tn\/fr\/wp-content\/uploads\/2025\/06\/Webdo-Tunisie_168377.jpg","width":301,"height":301,"caption":"Webdo"},"image":{"@id":"https:\/\/www.webdo.tn\/fr\/#\/schema\/logo\/image\/"},"sameAs":["https:\/\/www.facebook.com\/webdotn","https:\/\/x.com\/webdo_tn"],"description":"Webdo est un m\u00e9dia num\u00e9rique tunisien fond\u00e9 en 2010, sp\u00e9cialis\u00e9 dans l\u2019actualit\u00e9 nationale et internationale, l\u2019\u00e9conomie, la soci\u00e9t\u00e9 et les analyses politiques. Le site s\u2019adresse \u00e0 un large public francophone et couvre l\u2019information tunisienne en temps r\u00e9el.","email":"redac@webdo.tn","legalName":"YNJ SARL","foundingDate":"2010-09-06","numberOfEmployees":{"@type":"QuantitativeValue","minValue":"11","maxValue":"50"}},{"@type":"Person","@id":"https:\/\/www.webdo.tn\/fr\/#\/schema\/person\/f35b42a42c5e2511bbd282959d6385cc","name":"CL","image":{"@type":"ImageObject","inLanguage":"fr-FR","@id":"https:\/\/secure.gravatar.com\/avatar\/1447a49909b67aa657c488aec6512e1dd6143a480c1ecfee9b5b5cd74eb3b59e?s=96&d=mm&r=g","url":"https:\/\/secure.gravatar.com\/avatar\/1447a49909b67aa657c488aec6512e1dd6143a480c1ecfee9b5b5cd74eb3b59e?s=96&d=mm&r=g","contentUrl":"https:\/\/secure.gravatar.com\/avatar\/1447a49909b67aa657c488aec6512e1dd6143a480c1ecfee9b5b5cd74eb3b59e?s=96&d=mm&r=g","caption":"CL"},"url":"https:\/\/www.webdo.tn\/fr\/actualite\/author\/cl\/"}]}},"_links":{"self":[{"href":"https:\/\/www.webdo.tn\/fr\/wp-json\/wp\/v2\/posts\/206906","targetHints":{"allow":["GET"]}}],"collection":[{"href":"https:\/\/www.webdo.tn\/fr\/wp-json\/wp\/v2\/posts"}],"about":[{"href":"https:\/\/www.webdo.tn\/fr\/wp-json\/wp\/v2\/types\/post"}],"author":[{"embeddable":true,"href":"https:\/\/www.webdo.tn\/fr\/wp-json\/wp\/v2\/users\/3175"}],"replies":[{"embeddable":true,"href":"https:\/\/www.webdo.tn\/fr\/wp-json\/wp\/v2\/comments?post=206906"}],"version-history":[{"count":0,"href":"https:\/\/www.webdo.tn\/fr\/wp-json\/wp\/v2\/posts\/206906\/revisions"}],"wp:featuredmedia":[{"embeddable":true,"href":"https:\/\/www.webdo.tn\/fr\/wp-json\/wp\/v2\/media\/278409"}],"wp:attachment":[{"href":"https:\/\/www.webdo.tn\/fr\/wp-json\/wp\/v2\/media?parent=206906"}],"wp:term":[{"taxonomy":"category","embeddable":true,"href":"https:\/\/www.webdo.tn\/fr\/wp-json\/wp\/v2\/categories?post=206906"},{"taxonomy":"post_tag","embeddable":true,"href":"https:\/\/www.webdo.tn\/fr\/wp-json\/wp\/v2\/tags?post=206906"}],"curies":[{"name":"wp","href":"https:\/\/api.w.org\/{rel}","templated":true}]}}