{"id":206904,"date":"2023-06-27T14:15:00","date_gmt":"2023-06-27T14:15:00","guid":{"rendered":"https:\/\/www.webdo.tn\/fr\/blog\/tribunal-militaire-report-de-l-affaire-chaima-issa\/206904\/"},"modified":"2025-05-20T22:50:47","modified_gmt":"2025-05-20T22:50:47","slug":"tribunal-militaire-report-de-l-affaire-chaima-issa","status":"publish","type":"post","link":"https:\/\/www.webdo.tn\/fr\/actualite\/national\/tribunal-militaire-report-de-l-affaire-chaima-issa\/206904\/","title":{"rendered":"Tribunal militaire :  Report de l&rsquo;affaire Cha\u00efma Issa"},"content":{"rendered":"<p>La chambre d&rsquo;accusation aupr\u00e8s du tribunal militaire permanent de premi\u00e8re instance de Tunis a d\u00e9cid\u00e9 de reporter l&rsquo;affaire de la membre du Front de salut national, Chaima Issa, au 3 octobre prochain.<\/p>\n<p>\t\t\t\t\t\t\t\t\tC\u2019est ce qu\u2019annonce ce mardi 27 juin 2023, l&rsquo;avocat, Samir Dilou dans un statut Facebook. Il explique que cette d\u00e9cision intervient en r\u00e9ponse \u00e0 une demande d\u00e9pos\u00e9e par le comit\u00e9 de d\u00e9fense.<\/p>\n<p>Le minist\u00e8re public du P\u00f4le judiciaire antiterroriste a d\u00e9cid\u00e9 de faire appel, vendredi 23 juin 2023, de la d\u00e9cision du juge d&rsquo;instruction de lib\u00e9rer Chaima Issa, membre du Front du Salut.<\/p>\n<p>Cette d\u00e9cision du parquet de faire appel implique le transfert du dossier de Chaima Issa, qui sera d\u00e9f\u00e9r\u00e9 devant la Chambre d&rsquo;accusation.<\/p>\n<p>Chaima Issa avait \u00e9t\u00e9 arr\u00eat\u00e9e, le 22 f\u00e9vrier dernier, en ex\u00e9cution d\u2019un mandat \u00e9mis par le Parquet aupr\u00e8s du P\u00f4le judiciaire antiterroriste. Son interpellation a eu lieu le m\u00eame jour que celle du secr\u00e9taire g\u00e9n\u00e9ral d\u2019Al Joumhouri, Issam Chebbi, \u00e9galement arr\u00eat\u00e9 pour des suspicions de son implication pr\u00e9sum\u00e9e dans \u00ab\u00a0un complot contre la s\u00e9curit\u00e9 de l&rsquo;Etat.<\/p>\n","protected":false},"excerpt":{"rendered":"<p>La chambre d&rsquo;accusation aupr\u00e8s du tribunal militaire permanent de premi\u00e8re instance de Tunis a d\u00e9cid\u00e9 de reporter l&rsquo;affaire de la membre du Front de salut natio&#8230;<\/p>\n","protected":false},"author":3175,"featured_media":278407,"comment_status":"open","ping_status":"closed","sticky":false,"template":"","format":"standard","meta":{"footnotes":""},"categories":[44],"tags":[5322,6357,9575,2608],"class_list":["post-206904","post","type-post","status-publish","format-standard","has-post-thumbnail","hentry","category-national","tag-affaire","tag-chaima-issa","tag-jusitice","tag-tunisie"],"yoast_head":"<!-- This site is optimized with the Yoast SEO Premium plugin v27.5 (Yoast SEO v27.5) - https:\/\/yoast.com\/product\/yoast-seo-premium-wordpress\/ -->\n<title>Tribunal militaire : Report de l&#039;affaire Cha\u00efma Issa<\/title>\n<meta name=\"description\" content=\"La chambre d&#039;accusation aupr\u00e8s du tribunal militaire permanent de premi\u00e8re instance de Tunis a d\u00e9cid\u00e9 de reporter l&#039;affaire de la membre du Front de salut natio...\" \/>\n<link rel=\"canonical\" href=\"https:\/\/www.webdo.tn\/fr\/actualite\/national\/tribunal-militaire-report-de-l-affaire-chaima-issa\/206904\/\" \/>\n<meta property=\"og:locale\" content=\"fr_FR\" \/>\n<meta property=\"og:type\" content=\"article\" \/>\n<meta property=\"og:title\" content=\"Tribunal militaire : Report de l&#039;affaire Cha\u00efma Issa\" \/>\n<meta property=\"og:description\" content=\"La chambre d&#039;accusation aupr\u00e8s du tribunal militaire permanent de premi\u00e8re instance de Tunis a d\u00e9cid\u00e9 de reporter l&#039;affaire de la membre du Front de salut natio...\" \/>\n<meta property=\"og:url\" content=\"https:\/\/www.webdo.tn\/fr\/actualite\/national\/tribunal-militaire-report-de-l-affaire-chaima-issa\/206904\/\" \/>\n<meta property=\"og:site_name\" content=\"webdo\" \/>\n<meta property=\"article:publisher\" content=\"https:\/\/www.facebook.com\/webdotn\" \/>\n<meta property=\"article:published_time\" content=\"2023-06-27T14:15:00+00:00\" \/>\n<meta property=\"article:modified_time\" content=\"2025-05-20T22:50:47+00:00\" \/>\n<meta property=\"og:image\" content=\"https:\/\/www.webdo.tn\/fr\/wp-content\/uploads\/2023\/06\/41a0b8a98eab8be9073eb861dfa93828.jpg\" \/>\n\t<meta property=\"og:image:width\" content=\"650\" \/>\n\t<meta property=\"og:image:height\" content=\"347\" \/>\n\t<meta property=\"og:image:type\" content=\"image\/jpeg\" \/>\n<meta name=\"author\" content=\"CL\" \/>\n<meta name=\"twitter:card\" content=\"summary_large_image\" \/>\n<meta name=\"twitter:creator\" content=\"@webdo_tn\" \/>\n<meta name=\"twitter:site\" content=\"@webdo_tn\" \/>\n<meta name=\"twitter:label1\" content=\"\u00c9crit par\" \/>\n\t<meta name=\"twitter:data1\" content=\"CL\" \/>\n\t<meta name=\"twitter:label2\" content=\"Dur\u00e9e de lecture estim\u00e9e\" \/>\n\t<meta name=\"twitter:data2\" content=\"1 minute\" \/>\n<script type=\"application\/ld+json\" class=\"yoast-schema-graph\">{\"@context\":\"https:\\\/\\\/schema.org\",\"@graph\":[{\"@type\":\"NewsArticle\",\"@id\":\"https:\\\/\\\/www.webdo.tn\\\/fr\\\/actualite\\\/national\\\/tribunal-militaire-report-de-l-affaire-chaima-issa\\\/206904\\\/#article\",\"isPartOf\":{\"@id\":\"https:\\\/\\\/www.webdo.tn\\\/fr\\\/actualite\\\/national\\\/tribunal-militaire-report-de-l-affaire-chaima-issa\\\/206904\\\/\"},\"author\":{\"name\":\"CL\",\"@id\":\"https:\\\/\\\/www.webdo.tn\\\/fr\\\/#\\\/schema\\\/person\\\/f35b42a42c5e2511bbd282959d6385cc\"},\"headline\":\"Tribunal militaire : Report de l&rsquo;affaire Cha\u00efma Issa\",\"datePublished\":\"2023-06-27T14:15:00+00:00\",\"dateModified\":\"2025-05-20T22:50:47+00:00\",\"mainEntityOfPage\":{\"@id\":\"https:\\\/\\\/www.webdo.tn\\\/fr\\\/actualite\\\/national\\\/tribunal-militaire-report-de-l-affaire-chaima-issa\\\/206904\\\/\"},\"wordCount\":215,\"commentCount\":0,\"publisher\":{\"@id\":\"https:\\\/\\\/www.webdo.tn\\\/fr\\\/#organization\"},\"image\":{\"@id\":\"https:\\\/\\\/www.webdo.tn\\\/fr\\\/actualite\\\/national\\\/tribunal-militaire-report-de-l-affaire-chaima-issa\\\/206904\\\/#primaryimage\"},\"thumbnailUrl\":\"https:\\\/\\\/www.webdo.tn\\\/fr\\\/wp-content\\\/uploads\\\/2023\\\/06\\\/41a0b8a98eab8be9073eb861dfa93828.jpg\",\"keywords\":[\"Affaire\",\"Chaima Issa\",\"Jusitice\",\"Tunisie\"],\"articleSection\":[\"National\"],\"inLanguage\":\"fr-FR\"},{\"@type\":\"WebPage\",\"@id\":\"https:\\\/\\\/www.webdo.tn\\\/fr\\\/actualite\\\/national\\\/tribunal-militaire-report-de-l-affaire-chaima-issa\\\/206904\\\/\",\"url\":\"https:\\\/\\\/www.webdo.tn\\\/fr\\\/actualite\\\/national\\\/tribunal-militaire-report-de-l-affaire-chaima-issa\\\/206904\\\/\",\"name\":\"Tribunal militaire : Report de l'affaire Cha\u00efma Issa\",\"isPartOf\":{\"@id\":\"https:\\\/\\\/www.webdo.tn\\\/fr\\\/#website\"},\"primaryImageOfPage\":{\"@id\":\"https:\\\/\\\/www.webdo.tn\\\/fr\\\/actualite\\\/national\\\/tribunal-militaire-report-de-l-affaire-chaima-issa\\\/206904\\\/#primaryimage\"},\"image\":{\"@id\":\"https:\\\/\\\/www.webdo.tn\\\/fr\\\/actualite\\\/national\\\/tribunal-militaire-report-de-l-affaire-chaima-issa\\\/206904\\\/#primaryimage\"},\"thumbnailUrl\":\"https:\\\/\\\/www.webdo.tn\\\/fr\\\/wp-content\\\/uploads\\\/2023\\\/06\\\/41a0b8a98eab8be9073eb861dfa93828.jpg\",\"datePublished\":\"2023-06-27T14:15:00+00:00\",\"dateModified\":\"2025-05-20T22:50:47+00:00\",\"description\":\"La chambre d'accusation aupr\u00e8s du tribunal militaire permanent de premi\u00e8re instance de Tunis a d\u00e9cid\u00e9 de reporter l'affaire de la membre du Front de salut natio...\",\"breadcrumb\":{\"@id\":\"https:\\\/\\\/www.webdo.tn\\\/fr\\\/actualite\\\/national\\\/tribunal-militaire-report-de-l-affaire-chaima-issa\\\/206904\\\/#breadcrumb\"},\"inLanguage\":\"fr-FR\",\"potentialAction\":[{\"@type\":\"ReadAction\",\"target\":[\"https:\\\/\\\/www.webdo.tn\\\/fr\\\/actualite\\\/national\\\/tribunal-militaire-report-de-l-affaire-chaima-issa\\\/206904\\\/\"]}]},{\"@type\":\"ImageObject\",\"inLanguage\":\"fr-FR\",\"@id\":\"https:\\\/\\\/www.webdo.tn\\\/fr\\\/actualite\\\/national\\\/tribunal-militaire-report-de-l-affaire-chaima-issa\\\/206904\\\/#primaryimage\",\"url\":\"https:\\\/\\\/www.webdo.tn\\\/fr\\\/wp-content\\\/uploads\\\/2023\\\/06\\\/41a0b8a98eab8be9073eb861dfa93828.jpg\",\"contentUrl\":\"https:\\\/\\\/www.webdo.tn\\\/fr\\\/wp-content\\\/uploads\\\/2023\\\/06\\\/41a0b8a98eab8be9073eb861dfa93828.jpg\",\"width\":650,\"height\":347,\"caption\":\"Tribunal militaire : Report de l'affaire Cha\u00efma Issa\"},{\"@type\":\"BreadcrumbList\",\"@id\":\"https:\\\/\\\/www.webdo.tn\\\/fr\\\/actualite\\\/national\\\/tribunal-militaire-report-de-l-affaire-chaima-issa\\\/206904\\\/#breadcrumb\",\"itemListElement\":[{\"@type\":\"ListItem\",\"position\":1,\"name\":\"Accueil\",\"item\":\"https:\\\/\\\/www.webdo.tn\\\/fr\\\/\"},{\"@type\":\"ListItem\",\"position\":2,\"name\":\"Tribunal militaire : Report de l&rsquo;affaire Cha\u00efma Issa\"}]},{\"@type\":\"WebSite\",\"@id\":\"https:\\\/\\\/www.webdo.tn\\\/fr\\\/#website\",\"url\":\"https:\\\/\\\/www.webdo.tn\\\/fr\\\/\",\"name\":\"webdo\",\"description\":\"Tunisie - News en Tunisie et \u00e0 l&#039;international sur Webdo.tn\",\"publisher\":{\"@id\":\"https:\\\/\\\/www.webdo.tn\\\/fr\\\/#organization\"},\"potentialAction\":[{\"@type\":\"SearchAction\",\"target\":{\"@type\":\"EntryPoint\",\"urlTemplate\":\"https:\\\/\\\/www.webdo.tn\\\/fr\\\/?s={search_term_string}\"},\"query-input\":{\"@type\":\"PropertyValueSpecification\",\"valueRequired\":true,\"valueName\":\"search_term_string\"}}],\"inLanguage\":\"fr-FR\"},{\"@type\":\"Organization\",\"@id\":\"https:\\\/\\\/www.webdo.tn\\\/fr\\\/#organization\",\"name\":\"Webdo\",\"alternateName\":\"Webdo.tn\",\"url\":\"https:\\\/\\\/www.webdo.tn\\\/fr\\\/\",\"logo\":{\"@type\":\"ImageObject\",\"inLanguage\":\"fr-FR\",\"@id\":\"https:\\\/\\\/www.webdo.tn\\\/fr\\\/#\\\/schema\\\/logo\\\/image\\\/\",\"url\":\"https:\\\/\\\/www.webdo.tn\\\/fr\\\/wp-content\\\/uploads\\\/2025\\\/06\\\/Webdo-Tunisie_168377.jpg\",\"contentUrl\":\"https:\\\/\\\/www.webdo.tn\\\/fr\\\/wp-content\\\/uploads\\\/2025\\\/06\\\/Webdo-Tunisie_168377.jpg\",\"width\":301,\"height\":301,\"caption\":\"Webdo\"},\"image\":{\"@id\":\"https:\\\/\\\/www.webdo.tn\\\/fr\\\/#\\\/schema\\\/logo\\\/image\\\/\"},\"sameAs\":[\"https:\\\/\\\/www.facebook.com\\\/webdotn\",\"https:\\\/\\\/x.com\\\/webdo_tn\"],\"description\":\"Webdo est un m\u00e9dia num\u00e9rique tunisien fond\u00e9 en 2010, sp\u00e9cialis\u00e9 dans l\u2019actualit\u00e9 nationale et internationale, l\u2019\u00e9conomie, la soci\u00e9t\u00e9 et les analyses politiques. Le site s\u2019adresse \u00e0 un large public francophone et couvre l\u2019information tunisienne en temps r\u00e9el.\",\"email\":\"redac@webdo.tn\",\"legalName\":\"YNJ SARL\",\"foundingDate\":\"2010-09-06\",\"numberOfEmployees\":{\"@type\":\"QuantitativeValue\",\"minValue\":\"11\",\"maxValue\":\"50\"}},{\"@type\":\"Person\",\"@id\":\"https:\\\/\\\/www.webdo.tn\\\/fr\\\/#\\\/schema\\\/person\\\/f35b42a42c5e2511bbd282959d6385cc\",\"name\":\"CL\",\"image\":{\"@type\":\"ImageObject\",\"inLanguage\":\"fr-FR\",\"@id\":\"https:\\\/\\\/secure.gravatar.com\\\/avatar\\\/1447a49909b67aa657c488aec6512e1dd6143a480c1ecfee9b5b5cd74eb3b59e?s=96&d=mm&r=g\",\"url\":\"https:\\\/\\\/secure.gravatar.com\\\/avatar\\\/1447a49909b67aa657c488aec6512e1dd6143a480c1ecfee9b5b5cd74eb3b59e?s=96&d=mm&r=g\",\"contentUrl\":\"https:\\\/\\\/secure.gravatar.com\\\/avatar\\\/1447a49909b67aa657c488aec6512e1dd6143a480c1ecfee9b5b5cd74eb3b59e?s=96&d=mm&r=g\",\"caption\":\"CL\"},\"url\":\"https:\\\/\\\/www.webdo.tn\\\/fr\\\/actualite\\\/author\\\/cl\\\/\"}]}<\/script>\n<!-- \/ Yoast SEO Premium plugin. -->","yoast_head_json":{"title":"Tribunal militaire : Report de l'affaire Cha\u00efma Issa","description":"La chambre d'accusation aupr\u00e8s du tribunal militaire permanent de premi\u00e8re instance de Tunis a d\u00e9cid\u00e9 de reporter l'affaire de la membre du Front de salut natio...","canonical":"https:\/\/www.webdo.tn\/fr\/actualite\/national\/tribunal-militaire-report-de-l-affaire-chaima-issa\/206904\/","og_locale":"fr_FR","og_type":"article","og_title":"Tribunal militaire : Report de l'affaire Cha\u00efma Issa","og_description":"La chambre d'accusation aupr\u00e8s du tribunal militaire permanent de premi\u00e8re instance de Tunis a d\u00e9cid\u00e9 de reporter l'affaire de la membre du Front de salut natio...","og_url":"https:\/\/www.webdo.tn\/fr\/actualite\/national\/tribunal-militaire-report-de-l-affaire-chaima-issa\/206904\/","og_site_name":"webdo","article_publisher":"https:\/\/www.facebook.com\/webdotn","article_published_time":"2023-06-27T14:15:00+00:00","article_modified_time":"2025-05-20T22:50:47+00:00","og_image":[{"width":650,"height":347,"url":"https:\/\/www.webdo.tn\/fr\/wp-content\/uploads\/2023\/06\/41a0b8a98eab8be9073eb861dfa93828.jpg","type":"image\/jpeg"}],"author":"CL","twitter_card":"summary_large_image","twitter_creator":"@webdo_tn","twitter_site":"@webdo_tn","twitter_misc":{"\u00c9crit par":"CL","Dur\u00e9e de lecture estim\u00e9e":"1 minute"},"schema":{"@context":"https:\/\/schema.org","@graph":[{"@type":"NewsArticle","@id":"https:\/\/www.webdo.tn\/fr\/actualite\/national\/tribunal-militaire-report-de-l-affaire-chaima-issa\/206904\/#article","isPartOf":{"@id":"https:\/\/www.webdo.tn\/fr\/actualite\/national\/tribunal-militaire-report-de-l-affaire-chaima-issa\/206904\/"},"author":{"name":"CL","@id":"https:\/\/www.webdo.tn\/fr\/#\/schema\/person\/f35b42a42c5e2511bbd282959d6385cc"},"headline":"Tribunal militaire : Report de l&rsquo;affaire Cha\u00efma Issa","datePublished":"2023-06-27T14:15:00+00:00","dateModified":"2025-05-20T22:50:47+00:00","mainEntityOfPage":{"@id":"https:\/\/www.webdo.tn\/fr\/actualite\/national\/tribunal-militaire-report-de-l-affaire-chaima-issa\/206904\/"},"wordCount":215,"commentCount":0,"publisher":{"@id":"https:\/\/www.webdo.tn\/fr\/#organization"},"image":{"@id":"https:\/\/www.webdo.tn\/fr\/actualite\/national\/tribunal-militaire-report-de-l-affaire-chaima-issa\/206904\/#primaryimage"},"thumbnailUrl":"https:\/\/www.webdo.tn\/fr\/wp-content\/uploads\/2023\/06\/41a0b8a98eab8be9073eb861dfa93828.jpg","keywords":["Affaire","Chaima Issa","Jusitice","Tunisie"],"articleSection":["National"],"inLanguage":"fr-FR"},{"@type":"WebPage","@id":"https:\/\/www.webdo.tn\/fr\/actualite\/national\/tribunal-militaire-report-de-l-affaire-chaima-issa\/206904\/","url":"https:\/\/www.webdo.tn\/fr\/actualite\/national\/tribunal-militaire-report-de-l-affaire-chaima-issa\/206904\/","name":"Tribunal militaire : Report de l'affaire Cha\u00efma Issa","isPartOf":{"@id":"https:\/\/www.webdo.tn\/fr\/#website"},"primaryImageOfPage":{"@id":"https:\/\/www.webdo.tn\/fr\/actualite\/national\/tribunal-militaire-report-de-l-affaire-chaima-issa\/206904\/#primaryimage"},"image":{"@id":"https:\/\/www.webdo.tn\/fr\/actualite\/national\/tribunal-militaire-report-de-l-affaire-chaima-issa\/206904\/#primaryimage"},"thumbnailUrl":"https:\/\/www.webdo.tn\/fr\/wp-content\/uploads\/2023\/06\/41a0b8a98eab8be9073eb861dfa93828.jpg","datePublished":"2023-06-27T14:15:00+00:00","dateModified":"2025-05-20T22:50:47+00:00","description":"La chambre d'accusation aupr\u00e8s du tribunal militaire permanent de premi\u00e8re instance de Tunis a d\u00e9cid\u00e9 de reporter l'affaire de la membre du Front de salut natio...","breadcrumb":{"@id":"https:\/\/www.webdo.tn\/fr\/actualite\/national\/tribunal-militaire-report-de-l-affaire-chaima-issa\/206904\/#breadcrumb"},"inLanguage":"fr-FR","potentialAction":[{"@type":"ReadAction","target":["https:\/\/www.webdo.tn\/fr\/actualite\/national\/tribunal-militaire-report-de-l-affaire-chaima-issa\/206904\/"]}]},{"@type":"ImageObject","inLanguage":"fr-FR","@id":"https:\/\/www.webdo.tn\/fr\/actualite\/national\/tribunal-militaire-report-de-l-affaire-chaima-issa\/206904\/#primaryimage","url":"https:\/\/www.webdo.tn\/fr\/wp-content\/uploads\/2023\/06\/41a0b8a98eab8be9073eb861dfa93828.jpg","contentUrl":"https:\/\/www.webdo.tn\/fr\/wp-content\/uploads\/2023\/06\/41a0b8a98eab8be9073eb861dfa93828.jpg","width":650,"height":347,"caption":"Tribunal militaire : Report de l'affaire Cha\u00efma Issa"},{"@type":"BreadcrumbList","@id":"https:\/\/www.webdo.tn\/fr\/actualite\/national\/tribunal-militaire-report-de-l-affaire-chaima-issa\/206904\/#breadcrumb","itemListElement":[{"@type":"ListItem","position":1,"name":"Accueil","item":"https:\/\/www.webdo.tn\/fr\/"},{"@type":"ListItem","position":2,"name":"Tribunal militaire : Report de l&rsquo;affaire Cha\u00efma Issa"}]},{"@type":"WebSite","@id":"https:\/\/www.webdo.tn\/fr\/#website","url":"https:\/\/www.webdo.tn\/fr\/","name":"webdo","description":"Tunisie - News en Tunisie et \u00e0 l&#039;international sur Webdo.tn","publisher":{"@id":"https:\/\/www.webdo.tn\/fr\/#organization"},"potentialAction":[{"@type":"SearchAction","target":{"@type":"EntryPoint","urlTemplate":"https:\/\/www.webdo.tn\/fr\/?s={search_term_string}"},"query-input":{"@type":"PropertyValueSpecification","valueRequired":true,"valueName":"search_term_string"}}],"inLanguage":"fr-FR"},{"@type":"Organization","@id":"https:\/\/www.webdo.tn\/fr\/#organization","name":"Webdo","alternateName":"Webdo.tn","url":"https:\/\/www.webdo.tn\/fr\/","logo":{"@type":"ImageObject","inLanguage":"fr-FR","@id":"https:\/\/www.webdo.tn\/fr\/#\/schema\/logo\/image\/","url":"https:\/\/www.webdo.tn\/fr\/wp-content\/uploads\/2025\/06\/Webdo-Tunisie_168377.jpg","contentUrl":"https:\/\/www.webdo.tn\/fr\/wp-content\/uploads\/2025\/06\/Webdo-Tunisie_168377.jpg","width":301,"height":301,"caption":"Webdo"},"image":{"@id":"https:\/\/www.webdo.tn\/fr\/#\/schema\/logo\/image\/"},"sameAs":["https:\/\/www.facebook.com\/webdotn","https:\/\/x.com\/webdo_tn"],"description":"Webdo est un m\u00e9dia num\u00e9rique tunisien fond\u00e9 en 2010, sp\u00e9cialis\u00e9 dans l\u2019actualit\u00e9 nationale et internationale, l\u2019\u00e9conomie, la soci\u00e9t\u00e9 et les analyses politiques. Le site s\u2019adresse \u00e0 un large public francophone et couvre l\u2019information tunisienne en temps r\u00e9el.","email":"redac@webdo.tn","legalName":"YNJ SARL","foundingDate":"2010-09-06","numberOfEmployees":{"@type":"QuantitativeValue","minValue":"11","maxValue":"50"}},{"@type":"Person","@id":"https:\/\/www.webdo.tn\/fr\/#\/schema\/person\/f35b42a42c5e2511bbd282959d6385cc","name":"CL","image":{"@type":"ImageObject","inLanguage":"fr-FR","@id":"https:\/\/secure.gravatar.com\/avatar\/1447a49909b67aa657c488aec6512e1dd6143a480c1ecfee9b5b5cd74eb3b59e?s=96&d=mm&r=g","url":"https:\/\/secure.gravatar.com\/avatar\/1447a49909b67aa657c488aec6512e1dd6143a480c1ecfee9b5b5cd74eb3b59e?s=96&d=mm&r=g","contentUrl":"https:\/\/secure.gravatar.com\/avatar\/1447a49909b67aa657c488aec6512e1dd6143a480c1ecfee9b5b5cd74eb3b59e?s=96&d=mm&r=g","caption":"CL"},"url":"https:\/\/www.webdo.tn\/fr\/actualite\/author\/cl\/"}]}},"_links":{"self":[{"href":"https:\/\/www.webdo.tn\/fr\/wp-json\/wp\/v2\/posts\/206904","targetHints":{"allow":["GET"]}}],"collection":[{"href":"https:\/\/www.webdo.tn\/fr\/wp-json\/wp\/v2\/posts"}],"about":[{"href":"https:\/\/www.webdo.tn\/fr\/wp-json\/wp\/v2\/types\/post"}],"author":[{"embeddable":true,"href":"https:\/\/www.webdo.tn\/fr\/wp-json\/wp\/v2\/users\/3175"}],"replies":[{"embeddable":true,"href":"https:\/\/www.webdo.tn\/fr\/wp-json\/wp\/v2\/comments?post=206904"}],"version-history":[{"count":0,"href":"https:\/\/www.webdo.tn\/fr\/wp-json\/wp\/v2\/posts\/206904\/revisions"}],"wp:featuredmedia":[{"embeddable":true,"href":"https:\/\/www.webdo.tn\/fr\/wp-json\/wp\/v2\/media\/278407"}],"wp:attachment":[{"href":"https:\/\/www.webdo.tn\/fr\/wp-json\/wp\/v2\/media?parent=206904"}],"wp:term":[{"taxonomy":"category","embeddable":true,"href":"https:\/\/www.webdo.tn\/fr\/wp-json\/wp\/v2\/categories?post=206904"},{"taxonomy":"post_tag","embeddable":true,"href":"https:\/\/www.webdo.tn\/fr\/wp-json\/wp\/v2\/tags?post=206904"}],"curies":[{"name":"wp","href":"https:\/\/api.w.org\/{rel}","templated":true}]}}