{"id":206894,"date":"2023-06-27T10:50:00","date_gmt":"2023-06-27T10:50:00","guid":{"rendered":"https:\/\/www.webdo.tn\/fr\/blog\/accidents-de-la-route-534-morts-depuis-le-debut-de-l-annee\/206894\/"},"modified":"2025-05-20T22:42:36","modified_gmt":"2025-05-20T22:42:36","slug":"accidents-de-la-route-534-morts-depuis-le-debut-de-l-annee","status":"publish","type":"post","link":"https:\/\/www.webdo.tn\/fr\/actualite\/national\/accidents-de-la-route-534-morts-depuis-le-debut-de-l-annee\/206894\/","title":{"rendered":"Accidents de la route : 534 morts depuis le d\u00e9but de l\u2019ann\u00e9e"},"content":{"rendered":"<p>Depuis le d\u00e9but de l\u2019ann\u00e9e et jusqu\u2019au 25 Juin, 2519 accidents de la route ont \u00e9t\u00e9 enregistr\u00e9s, ayant provoqu\u00e9 543 morts et 3527 bless\u00e9s.<\/p>\n<p>\t\t\t\t\t\t\t\t\tSelon le directeur du service de la communication, au sein de l\u2019observatoire national de s\u00e9curit\u00e9 routi\u00e8re (ONSR), ces chiffres marquent une inqui\u00e9tante hausse des victimes des accidents par rapport \u00e0 la m\u00eame p\u00e9riode de l\u2019ann\u00e9e \u00e9coul\u00e9e.\u00a0<\/p>\n<p>\u00ab Bien qu\u2019une baisse du nombre d\u2019accidents ait \u00e9t\u00e9 enregistr\u00e9e, le nombre des d\u00e9c\u00e8s \u00e9tait, n\u00e9anmoins, en hausse de 128 morts, soit 30 % par rapport \u00e0 l\u2019ann\u00e9e derni\u00e8re \u00bb, a-t-il expliqu\u00e9 sur les ondes de Shems FM.\u00a0<\/p>\n<p>Hier, le pr\u00e9sident de la R\u00e9publique Kais Saied s\u2019est prononc\u00e9 sur les questions de la s\u00e9curit\u00e9 routi\u00e8re, pointant du doigt un manque de respect face au code de la route. Cependant, il a \u00e9galement \u00e9pingl\u00e9 une infrastructure routi\u00e8re d\u00e9faillante.<\/p>\n","protected":false},"excerpt":{"rendered":"<p>Depuis le d\u00e9but de l\u2019ann\u00e9e et jusqu\u2019au 25 Juin, 2519 accidents de la route ont \u00e9t\u00e9 enregistr\u00e9s, ayant provoqu\u00e9 543 morts et 3527 bless\u00e9s.<\/p>\n","protected":false},"author":3175,"featured_media":249876,"comment_status":"open","ping_status":"closed","sticky":false,"template":"","format":"standard","meta":{"footnotes":""},"categories":[44],"tags":[3889,3208,4187,2608],"class_list":["post-206894","post","type-post","status-publish","format-standard","has-post-thumbnail","hentry","category-national","tag-accidents","tag-morts","tag-routes","tag-tunisie"],"yoast_head":"<!-- This site is optimized with the Yoast SEO Premium plugin v27.5 (Yoast SEO v27.5) - https:\/\/yoast.com\/product\/yoast-seo-premium-wordpress\/ -->\n<title>Accidents de la route : 534 morts depuis le d\u00e9but de l\u2019ann\u00e9e<\/title>\n<meta name=\"description\" content=\"Depuis le d\u00e9but de l\u2019ann\u00e9e et jusqu\u2019au 25 Juin, 2519 accidents de la route ont \u00e9t\u00e9 enregistr\u00e9s, ayant provoqu\u00e9 543 morts et 3527 bless\u00e9s.\" \/>\n<link rel=\"canonical\" href=\"https:\/\/www.webdo.tn\/fr\/actualite\/national\/accidents-de-la-route-534-morts-depuis-le-debut-de-l-annee\/206894\/\" \/>\n<meta property=\"og:locale\" content=\"fr_FR\" \/>\n<meta property=\"og:type\" content=\"article\" \/>\n<meta property=\"og:title\" content=\"Accidents de la route : 534 morts depuis le d\u00e9but de l\u2019ann\u00e9e\" \/>\n<meta property=\"og:description\" content=\"Depuis le d\u00e9but de l\u2019ann\u00e9e et jusqu\u2019au 25 Juin, 2519 accidents de la route ont \u00e9t\u00e9 enregistr\u00e9s, ayant provoqu\u00e9 543 morts et 3527 bless\u00e9s.\" \/>\n<meta property=\"og:url\" content=\"https:\/\/www.webdo.tn\/fr\/actualite\/national\/accidents-de-la-route-534-morts-depuis-le-debut-de-l-annee\/206894\/\" \/>\n<meta property=\"og:site_name\" content=\"webdo\" \/>\n<meta property=\"article:publisher\" content=\"https:\/\/www.facebook.com\/webdotn\" \/>\n<meta property=\"article:published_time\" content=\"2023-06-27T10:50:00+00:00\" \/>\n<meta property=\"article:modified_time\" content=\"2025-05-20T22:42:36+00:00\" \/>\n<meta property=\"og:image\" content=\"https:\/\/www.webdo.tn\/fr\/wp-content\/uploads\/2023\/06\/2e8d3958f207905b1b4af1c81133b07a.jpg\" \/>\n\t<meta property=\"og:image:width\" content=\"720\" \/>\n\t<meta property=\"og:image:height\" content=\"384\" \/>\n\t<meta property=\"og:image:type\" content=\"image\/jpeg\" \/>\n<meta name=\"author\" content=\"CL\" \/>\n<meta name=\"twitter:card\" content=\"summary_large_image\" \/>\n<meta name=\"twitter:creator\" content=\"@webdo_tn\" \/>\n<meta name=\"twitter:site\" content=\"@webdo_tn\" \/>\n<meta name=\"twitter:label1\" content=\"\u00c9crit par\" \/>\n\t<meta name=\"twitter:data1\" content=\"CL\" \/>\n\t<meta name=\"twitter:label2\" content=\"Dur\u00e9e de lecture estim\u00e9e\" \/>\n\t<meta name=\"twitter:data2\" content=\"1 minute\" \/>\n<script type=\"application\/ld+json\" class=\"yoast-schema-graph\">{\"@context\":\"https:\\\/\\\/schema.org\",\"@graph\":[{\"@type\":\"NewsArticle\",\"@id\":\"https:\\\/\\\/www.webdo.tn\\\/fr\\\/actualite\\\/national\\\/accidents-de-la-route-534-morts-depuis-le-debut-de-l-annee\\\/206894\\\/#article\",\"isPartOf\":{\"@id\":\"https:\\\/\\\/www.webdo.tn\\\/fr\\\/actualite\\\/national\\\/accidents-de-la-route-534-morts-depuis-le-debut-de-l-annee\\\/206894\\\/\"},\"author\":{\"name\":\"CL\",\"@id\":\"https:\\\/\\\/www.webdo.tn\\\/fr\\\/#\\\/schema\\\/person\\\/f35b42a42c5e2511bbd282959d6385cc\"},\"headline\":\"Accidents de la route : 534 morts depuis le d\u00e9but de l\u2019ann\u00e9e\",\"datePublished\":\"2023-06-27T10:50:00+00:00\",\"dateModified\":\"2025-05-20T22:42:36+00:00\",\"mainEntityOfPage\":{\"@id\":\"https:\\\/\\\/www.webdo.tn\\\/fr\\\/actualite\\\/national\\\/accidents-de-la-route-534-morts-depuis-le-debut-de-l-annee\\\/206894\\\/\"},\"wordCount\":170,\"commentCount\":0,\"publisher\":{\"@id\":\"https:\\\/\\\/www.webdo.tn\\\/fr\\\/#organization\"},\"image\":{\"@id\":\"https:\\\/\\\/www.webdo.tn\\\/fr\\\/actualite\\\/national\\\/accidents-de-la-route-534-morts-depuis-le-debut-de-l-annee\\\/206894\\\/#primaryimage\"},\"thumbnailUrl\":\"https:\\\/\\\/www.webdo.tn\\\/fr\\\/wp-content\\\/uploads\\\/2023\\\/06\\\/2e8d3958f207905b1b4af1c81133b07a.jpg\",\"keywords\":[\"accidents\",\"morts\",\"routes\",\"Tunisie\"],\"articleSection\":[\"National\"],\"inLanguage\":\"fr-FR\"},{\"@type\":\"WebPage\",\"@id\":\"https:\\\/\\\/www.webdo.tn\\\/fr\\\/actualite\\\/national\\\/accidents-de-la-route-534-morts-depuis-le-debut-de-l-annee\\\/206894\\\/\",\"url\":\"https:\\\/\\\/www.webdo.tn\\\/fr\\\/actualite\\\/national\\\/accidents-de-la-route-534-morts-depuis-le-debut-de-l-annee\\\/206894\\\/\",\"name\":\"Accidents de la route : 534 morts depuis le d\u00e9but de l\u2019ann\u00e9e\",\"isPartOf\":{\"@id\":\"https:\\\/\\\/www.webdo.tn\\\/fr\\\/#website\"},\"primaryImageOfPage\":{\"@id\":\"https:\\\/\\\/www.webdo.tn\\\/fr\\\/actualite\\\/national\\\/accidents-de-la-route-534-morts-depuis-le-debut-de-l-annee\\\/206894\\\/#primaryimage\"},\"image\":{\"@id\":\"https:\\\/\\\/www.webdo.tn\\\/fr\\\/actualite\\\/national\\\/accidents-de-la-route-534-morts-depuis-le-debut-de-l-annee\\\/206894\\\/#primaryimage\"},\"thumbnailUrl\":\"https:\\\/\\\/www.webdo.tn\\\/fr\\\/wp-content\\\/uploads\\\/2023\\\/06\\\/2e8d3958f207905b1b4af1c81133b07a.jpg\",\"datePublished\":\"2023-06-27T10:50:00+00:00\",\"dateModified\":\"2025-05-20T22:42:36+00:00\",\"description\":\"Depuis le d\u00e9but de l\u2019ann\u00e9e et jusqu\u2019au 25 Juin, 2519 accidents de la route ont \u00e9t\u00e9 enregistr\u00e9s, ayant provoqu\u00e9 543 morts et 3527 bless\u00e9s.\",\"breadcrumb\":{\"@id\":\"https:\\\/\\\/www.webdo.tn\\\/fr\\\/actualite\\\/national\\\/accidents-de-la-route-534-morts-depuis-le-debut-de-l-annee\\\/206894\\\/#breadcrumb\"},\"inLanguage\":\"fr-FR\",\"potentialAction\":[{\"@type\":\"ReadAction\",\"target\":[\"https:\\\/\\\/www.webdo.tn\\\/fr\\\/actualite\\\/national\\\/accidents-de-la-route-534-morts-depuis-le-debut-de-l-annee\\\/206894\\\/\"]}]},{\"@type\":\"ImageObject\",\"inLanguage\":\"fr-FR\",\"@id\":\"https:\\\/\\\/www.webdo.tn\\\/fr\\\/actualite\\\/national\\\/accidents-de-la-route-534-morts-depuis-le-debut-de-l-annee\\\/206894\\\/#primaryimage\",\"url\":\"https:\\\/\\\/www.webdo.tn\\\/fr\\\/wp-content\\\/uploads\\\/2023\\\/06\\\/2e8d3958f207905b1b4af1c81133b07a.jpg\",\"contentUrl\":\"https:\\\/\\\/www.webdo.tn\\\/fr\\\/wp-content\\\/uploads\\\/2023\\\/06\\\/2e8d3958f207905b1b4af1c81133b07a.jpg\",\"width\":720,\"height\":384,\"caption\":\"Accidents de la route : 534 morts depuis le d\u00e9but de l\u2019ann\u00e9e\"},{\"@type\":\"BreadcrumbList\",\"@id\":\"https:\\\/\\\/www.webdo.tn\\\/fr\\\/actualite\\\/national\\\/accidents-de-la-route-534-morts-depuis-le-debut-de-l-annee\\\/206894\\\/#breadcrumb\",\"itemListElement\":[{\"@type\":\"ListItem\",\"position\":1,\"name\":\"Accueil\",\"item\":\"https:\\\/\\\/www.webdo.tn\\\/fr\\\/\"},{\"@type\":\"ListItem\",\"position\":2,\"name\":\"Accidents de la route : 534 morts depuis le d\u00e9but de l\u2019ann\u00e9e\"}]},{\"@type\":\"WebSite\",\"@id\":\"https:\\\/\\\/www.webdo.tn\\\/fr\\\/#website\",\"url\":\"https:\\\/\\\/www.webdo.tn\\\/fr\\\/\",\"name\":\"webdo\",\"description\":\"Tunisie - News en Tunisie et \u00e0 l&#039;international sur Webdo.tn\",\"publisher\":{\"@id\":\"https:\\\/\\\/www.webdo.tn\\\/fr\\\/#organization\"},\"potentialAction\":[{\"@type\":\"SearchAction\",\"target\":{\"@type\":\"EntryPoint\",\"urlTemplate\":\"https:\\\/\\\/www.webdo.tn\\\/fr\\\/?s={search_term_string}\"},\"query-input\":{\"@type\":\"PropertyValueSpecification\",\"valueRequired\":true,\"valueName\":\"search_term_string\"}}],\"inLanguage\":\"fr-FR\"},{\"@type\":\"Organization\",\"@id\":\"https:\\\/\\\/www.webdo.tn\\\/fr\\\/#organization\",\"name\":\"Webdo\",\"alternateName\":\"Webdo.tn\",\"url\":\"https:\\\/\\\/www.webdo.tn\\\/fr\\\/\",\"logo\":{\"@type\":\"ImageObject\",\"inLanguage\":\"fr-FR\",\"@id\":\"https:\\\/\\\/www.webdo.tn\\\/fr\\\/#\\\/schema\\\/logo\\\/image\\\/\",\"url\":\"https:\\\/\\\/www.webdo.tn\\\/fr\\\/wp-content\\\/uploads\\\/2025\\\/06\\\/Webdo-Tunisie_168377.jpg\",\"contentUrl\":\"https:\\\/\\\/www.webdo.tn\\\/fr\\\/wp-content\\\/uploads\\\/2025\\\/06\\\/Webdo-Tunisie_168377.jpg\",\"width\":301,\"height\":301,\"caption\":\"Webdo\"},\"image\":{\"@id\":\"https:\\\/\\\/www.webdo.tn\\\/fr\\\/#\\\/schema\\\/logo\\\/image\\\/\"},\"sameAs\":[\"https:\\\/\\\/www.facebook.com\\\/webdotn\",\"https:\\\/\\\/x.com\\\/webdo_tn\"],\"description\":\"Webdo est un m\u00e9dia num\u00e9rique tunisien fond\u00e9 en 2010, sp\u00e9cialis\u00e9 dans l\u2019actualit\u00e9 nationale et internationale, l\u2019\u00e9conomie, la soci\u00e9t\u00e9 et les analyses politiques. Le site s\u2019adresse \u00e0 un large public francophone et couvre l\u2019information tunisienne en temps r\u00e9el.\",\"email\":\"redac@webdo.tn\",\"legalName\":\"YNJ SARL\",\"foundingDate\":\"2010-09-06\",\"numberOfEmployees\":{\"@type\":\"QuantitativeValue\",\"minValue\":\"11\",\"maxValue\":\"50\"}},{\"@type\":\"Person\",\"@id\":\"https:\\\/\\\/www.webdo.tn\\\/fr\\\/#\\\/schema\\\/person\\\/f35b42a42c5e2511bbd282959d6385cc\",\"name\":\"CL\",\"image\":{\"@type\":\"ImageObject\",\"inLanguage\":\"fr-FR\",\"@id\":\"https:\\\/\\\/secure.gravatar.com\\\/avatar\\\/1447a49909b67aa657c488aec6512e1dd6143a480c1ecfee9b5b5cd74eb3b59e?s=96&d=mm&r=g\",\"url\":\"https:\\\/\\\/secure.gravatar.com\\\/avatar\\\/1447a49909b67aa657c488aec6512e1dd6143a480c1ecfee9b5b5cd74eb3b59e?s=96&d=mm&r=g\",\"contentUrl\":\"https:\\\/\\\/secure.gravatar.com\\\/avatar\\\/1447a49909b67aa657c488aec6512e1dd6143a480c1ecfee9b5b5cd74eb3b59e?s=96&d=mm&r=g\",\"caption\":\"CL\"},\"url\":\"https:\\\/\\\/www.webdo.tn\\\/fr\\\/actualite\\\/author\\\/cl\\\/\"}]}<\/script>\n<!-- \/ Yoast SEO Premium plugin. -->","yoast_head_json":{"title":"Accidents de la route : 534 morts depuis le d\u00e9but de l\u2019ann\u00e9e","description":"Depuis le d\u00e9but de l\u2019ann\u00e9e et jusqu\u2019au 25 Juin, 2519 accidents de la route ont \u00e9t\u00e9 enregistr\u00e9s, ayant provoqu\u00e9 543 morts et 3527 bless\u00e9s.","canonical":"https:\/\/www.webdo.tn\/fr\/actualite\/national\/accidents-de-la-route-534-morts-depuis-le-debut-de-l-annee\/206894\/","og_locale":"fr_FR","og_type":"article","og_title":"Accidents de la route : 534 morts depuis le d\u00e9but de l\u2019ann\u00e9e","og_description":"Depuis le d\u00e9but de l\u2019ann\u00e9e et jusqu\u2019au 25 Juin, 2519 accidents de la route ont \u00e9t\u00e9 enregistr\u00e9s, ayant provoqu\u00e9 543 morts et 3527 bless\u00e9s.","og_url":"https:\/\/www.webdo.tn\/fr\/actualite\/national\/accidents-de-la-route-534-morts-depuis-le-debut-de-l-annee\/206894\/","og_site_name":"webdo","article_publisher":"https:\/\/www.facebook.com\/webdotn","article_published_time":"2023-06-27T10:50:00+00:00","article_modified_time":"2025-05-20T22:42:36+00:00","og_image":[{"width":720,"height":384,"url":"https:\/\/www.webdo.tn\/fr\/wp-content\/uploads\/2023\/06\/2e8d3958f207905b1b4af1c81133b07a.jpg","type":"image\/jpeg"}],"author":"CL","twitter_card":"summary_large_image","twitter_creator":"@webdo_tn","twitter_site":"@webdo_tn","twitter_misc":{"\u00c9crit par":"CL","Dur\u00e9e de lecture estim\u00e9e":"1 minute"},"schema":{"@context":"https:\/\/schema.org","@graph":[{"@type":"NewsArticle","@id":"https:\/\/www.webdo.tn\/fr\/actualite\/national\/accidents-de-la-route-534-morts-depuis-le-debut-de-l-annee\/206894\/#article","isPartOf":{"@id":"https:\/\/www.webdo.tn\/fr\/actualite\/national\/accidents-de-la-route-534-morts-depuis-le-debut-de-l-annee\/206894\/"},"author":{"name":"CL","@id":"https:\/\/www.webdo.tn\/fr\/#\/schema\/person\/f35b42a42c5e2511bbd282959d6385cc"},"headline":"Accidents de la route : 534 morts depuis le d\u00e9but de l\u2019ann\u00e9e","datePublished":"2023-06-27T10:50:00+00:00","dateModified":"2025-05-20T22:42:36+00:00","mainEntityOfPage":{"@id":"https:\/\/www.webdo.tn\/fr\/actualite\/national\/accidents-de-la-route-534-morts-depuis-le-debut-de-l-annee\/206894\/"},"wordCount":170,"commentCount":0,"publisher":{"@id":"https:\/\/www.webdo.tn\/fr\/#organization"},"image":{"@id":"https:\/\/www.webdo.tn\/fr\/actualite\/national\/accidents-de-la-route-534-morts-depuis-le-debut-de-l-annee\/206894\/#primaryimage"},"thumbnailUrl":"https:\/\/www.webdo.tn\/fr\/wp-content\/uploads\/2023\/06\/2e8d3958f207905b1b4af1c81133b07a.jpg","keywords":["accidents","morts","routes","Tunisie"],"articleSection":["National"],"inLanguage":"fr-FR"},{"@type":"WebPage","@id":"https:\/\/www.webdo.tn\/fr\/actualite\/national\/accidents-de-la-route-534-morts-depuis-le-debut-de-l-annee\/206894\/","url":"https:\/\/www.webdo.tn\/fr\/actualite\/national\/accidents-de-la-route-534-morts-depuis-le-debut-de-l-annee\/206894\/","name":"Accidents de la route : 534 morts depuis le d\u00e9but de l\u2019ann\u00e9e","isPartOf":{"@id":"https:\/\/www.webdo.tn\/fr\/#website"},"primaryImageOfPage":{"@id":"https:\/\/www.webdo.tn\/fr\/actualite\/national\/accidents-de-la-route-534-morts-depuis-le-debut-de-l-annee\/206894\/#primaryimage"},"image":{"@id":"https:\/\/www.webdo.tn\/fr\/actualite\/national\/accidents-de-la-route-534-morts-depuis-le-debut-de-l-annee\/206894\/#primaryimage"},"thumbnailUrl":"https:\/\/www.webdo.tn\/fr\/wp-content\/uploads\/2023\/06\/2e8d3958f207905b1b4af1c81133b07a.jpg","datePublished":"2023-06-27T10:50:00+00:00","dateModified":"2025-05-20T22:42:36+00:00","description":"Depuis le d\u00e9but de l\u2019ann\u00e9e et jusqu\u2019au 25 Juin, 2519 accidents de la route ont \u00e9t\u00e9 enregistr\u00e9s, ayant provoqu\u00e9 543 morts et 3527 bless\u00e9s.","breadcrumb":{"@id":"https:\/\/www.webdo.tn\/fr\/actualite\/national\/accidents-de-la-route-534-morts-depuis-le-debut-de-l-annee\/206894\/#breadcrumb"},"inLanguage":"fr-FR","potentialAction":[{"@type":"ReadAction","target":["https:\/\/www.webdo.tn\/fr\/actualite\/national\/accidents-de-la-route-534-morts-depuis-le-debut-de-l-annee\/206894\/"]}]},{"@type":"ImageObject","inLanguage":"fr-FR","@id":"https:\/\/www.webdo.tn\/fr\/actualite\/national\/accidents-de-la-route-534-morts-depuis-le-debut-de-l-annee\/206894\/#primaryimage","url":"https:\/\/www.webdo.tn\/fr\/wp-content\/uploads\/2023\/06\/2e8d3958f207905b1b4af1c81133b07a.jpg","contentUrl":"https:\/\/www.webdo.tn\/fr\/wp-content\/uploads\/2023\/06\/2e8d3958f207905b1b4af1c81133b07a.jpg","width":720,"height":384,"caption":"Accidents de la route : 534 morts depuis le d\u00e9but de l\u2019ann\u00e9e"},{"@type":"BreadcrumbList","@id":"https:\/\/www.webdo.tn\/fr\/actualite\/national\/accidents-de-la-route-534-morts-depuis-le-debut-de-l-annee\/206894\/#breadcrumb","itemListElement":[{"@type":"ListItem","position":1,"name":"Accueil","item":"https:\/\/www.webdo.tn\/fr\/"},{"@type":"ListItem","position":2,"name":"Accidents de la route : 534 morts depuis le d\u00e9but de l\u2019ann\u00e9e"}]},{"@type":"WebSite","@id":"https:\/\/www.webdo.tn\/fr\/#website","url":"https:\/\/www.webdo.tn\/fr\/","name":"webdo","description":"Tunisie - News en Tunisie et \u00e0 l&#039;international sur Webdo.tn","publisher":{"@id":"https:\/\/www.webdo.tn\/fr\/#organization"},"potentialAction":[{"@type":"SearchAction","target":{"@type":"EntryPoint","urlTemplate":"https:\/\/www.webdo.tn\/fr\/?s={search_term_string}"},"query-input":{"@type":"PropertyValueSpecification","valueRequired":true,"valueName":"search_term_string"}}],"inLanguage":"fr-FR"},{"@type":"Organization","@id":"https:\/\/www.webdo.tn\/fr\/#organization","name":"Webdo","alternateName":"Webdo.tn","url":"https:\/\/www.webdo.tn\/fr\/","logo":{"@type":"ImageObject","inLanguage":"fr-FR","@id":"https:\/\/www.webdo.tn\/fr\/#\/schema\/logo\/image\/","url":"https:\/\/www.webdo.tn\/fr\/wp-content\/uploads\/2025\/06\/Webdo-Tunisie_168377.jpg","contentUrl":"https:\/\/www.webdo.tn\/fr\/wp-content\/uploads\/2025\/06\/Webdo-Tunisie_168377.jpg","width":301,"height":301,"caption":"Webdo"},"image":{"@id":"https:\/\/www.webdo.tn\/fr\/#\/schema\/logo\/image\/"},"sameAs":["https:\/\/www.facebook.com\/webdotn","https:\/\/x.com\/webdo_tn"],"description":"Webdo est un m\u00e9dia num\u00e9rique tunisien fond\u00e9 en 2010, sp\u00e9cialis\u00e9 dans l\u2019actualit\u00e9 nationale et internationale, l\u2019\u00e9conomie, la soci\u00e9t\u00e9 et les analyses politiques. Le site s\u2019adresse \u00e0 un large public francophone et couvre l\u2019information tunisienne en temps r\u00e9el.","email":"redac@webdo.tn","legalName":"YNJ SARL","foundingDate":"2010-09-06","numberOfEmployees":{"@type":"QuantitativeValue","minValue":"11","maxValue":"50"}},{"@type":"Person","@id":"https:\/\/www.webdo.tn\/fr\/#\/schema\/person\/f35b42a42c5e2511bbd282959d6385cc","name":"CL","image":{"@type":"ImageObject","inLanguage":"fr-FR","@id":"https:\/\/secure.gravatar.com\/avatar\/1447a49909b67aa657c488aec6512e1dd6143a480c1ecfee9b5b5cd74eb3b59e?s=96&d=mm&r=g","url":"https:\/\/secure.gravatar.com\/avatar\/1447a49909b67aa657c488aec6512e1dd6143a480c1ecfee9b5b5cd74eb3b59e?s=96&d=mm&r=g","contentUrl":"https:\/\/secure.gravatar.com\/avatar\/1447a49909b67aa657c488aec6512e1dd6143a480c1ecfee9b5b5cd74eb3b59e?s=96&d=mm&r=g","caption":"CL"},"url":"https:\/\/www.webdo.tn\/fr\/actualite\/author\/cl\/"}]}},"_links":{"self":[{"href":"https:\/\/www.webdo.tn\/fr\/wp-json\/wp\/v2\/posts\/206894","targetHints":{"allow":["GET"]}}],"collection":[{"href":"https:\/\/www.webdo.tn\/fr\/wp-json\/wp\/v2\/posts"}],"about":[{"href":"https:\/\/www.webdo.tn\/fr\/wp-json\/wp\/v2\/types\/post"}],"author":[{"embeddable":true,"href":"https:\/\/www.webdo.tn\/fr\/wp-json\/wp\/v2\/users\/3175"}],"replies":[{"embeddable":true,"href":"https:\/\/www.webdo.tn\/fr\/wp-json\/wp\/v2\/comments?post=206894"}],"version-history":[{"count":0,"href":"https:\/\/www.webdo.tn\/fr\/wp-json\/wp\/v2\/posts\/206894\/revisions"}],"wp:featuredmedia":[{"embeddable":true,"href":"https:\/\/www.webdo.tn\/fr\/wp-json\/wp\/v2\/media\/249876"}],"wp:attachment":[{"href":"https:\/\/www.webdo.tn\/fr\/wp-json\/wp\/v2\/media?parent=206894"}],"wp:term":[{"taxonomy":"category","embeddable":true,"href":"https:\/\/www.webdo.tn\/fr\/wp-json\/wp\/v2\/categories?post=206894"},{"taxonomy":"post_tag","embeddable":true,"href":"https:\/\/www.webdo.tn\/fr\/wp-json\/wp\/v2\/tags?post=206894"}],"curies":[{"name":"wp","href":"https:\/\/api.w.org\/{rel}","templated":true}]}}