{"id":206886,"date":"2023-06-27T09:09:00","date_gmt":"2023-06-27T09:09:00","guid":{"rendered":"https:\/\/www.webdo.tn\/fr\/blog\/tresor-de-la-cathedrale-de-tunis-le-reliquaire-de-saint-louis-de-carthage-et-versailles\/206886\/"},"modified":"2023-06-27T09:09:00","modified_gmt":"2023-06-27T09:09:00","slug":"tresor-de-la-cathedrale-de-tunis-le-reliquaire-de-saint-louis-de-carthage-et-versailles","status":"publish","type":"post","link":"https:\/\/www.webdo.tn\/fr\/actualite\/chroniques\/tresor-de-la-cathedrale-de-tunis-le-reliquaire-de-saint-louis-de-carthage-et-versailles\/206886\/","title":{"rendered":"Tr\u00e9sor de la cath\u00e9drale de Tunis, le reliquaire de Saint-Louis, de Carthage et Versailles"},"content":{"rendered":"<p>En 1886, le cardinal Lavigerie avait demand\u00e9 \u00e0 un orf\u00e8vre lyonnais de ciseler un reliquaire d\u00e9di\u00e9 \u00e0 Saint-Louis dont on sait qu&rsquo;il est mort de la peste \u00e0 Tunis.<\/p>\n<p>\t\t\t\t\t\t\t\t\tCette \u0153uvre en bronze \u00e9tait destin\u00e9e \u00e0 recueillir une partie des visc\u00e8res de Saint-Louis. L&rsquo;histoire de ces reliques emprunte plusieurs chemins avant d&rsquo;aboutir \u00e0 Carthage. En effet, les visc\u00e8res du roi d\u00e9funt avaient \u00e9t\u00e9 rapport\u00e9s en Sicile par son fr\u00e8re cadet Charles d&rsquo;Anjou en 1270.<\/p>\n<p>Ces reliques seront conserv\u00e9es en l&rsquo;abbaye de Monreale, pr\u00e8s de Palerme jusqu&rsquo;\u00e0 ce que Fran\u00e7ois II, le souverain du royaume des Deux-Siciles, les offre au cardinal Lavigerie.<\/p>\n<p>Ces reliques seront alors d\u00e9pos\u00e9es \u00e0 la Primatiale de Carthage, la basilique Saint-Louis qui a \u00e9t\u00e9 d\u00e9saffect\u00e9e apr\u00e8s le Modus vivendi de 1964. Elles y seront conserv\u00e9es jusqu&rsquo;en 1985.<\/p>\n<p>C&rsquo;est \u00e0 cette date que Monseigneur Michel Callens, archev\u00eaque de Tunisie \u00e0 l&rsquo;\u00e9poque, les donnera \u00e0 l&rsquo;\u00c9v\u00each\u00e9 de Saint-Denis \u00e0 Paris.<\/p>\n<p>Plus tard, le 16 octobre 2011, les reliques seront transf\u00e9r\u00e9es \u00e0 la cath\u00e9drale Saint-Louis de Versailles o\u00f9 elles sont d\u00e9sormais conserv\u00e9es. C&rsquo;est par ailleurs, depuis 1996, que le Reliquaire a rejoint le tr\u00e9sor de la cath\u00e9drale de Tunis et en constitue l&rsquo;une des pi\u00e8ces ma\u00eetresses.<\/p>\n<p>Ce reliquaire en bronze dor\u00e9 et partiellement \u00e9maill\u00e9, se pr\u00e9sente en trois registres distincts. Deux anges-chevaliers en costume du treizi\u00e8me si\u00e8cle et encadr\u00e9s par leurs ailes, portent \u00e0 bout de bras, un plateau sur lequel repose une chapelle.<\/p>\n<p>L&rsquo;ange de droite symbolise la France chr\u00e9tienne et tient une couronne d&rsquo;\u00e9pines. Celui de gauche tient un sceptre royal (aujourd&rsquo;hui disparu).<\/p>\n<p>Sur les grands cot\u00e9s du reliquaire, au milieu de motifs floraux, sont repr\u00e9sent\u00e9s deux \u00e9pisodes de la vie de Saint-Louis. Dans le premier, mourant \u00e0 Carthage, il re\u00e7oit sa derni\u00e8re communion devant son fils Philippe. Dans le second, il fait ses adieux \u00e0 son \u00e9pouse Marguerite, devant les remparts d&rsquo;Aigues-Mortes.<\/p>\n<p>Sur les petits c\u00f4t\u00e9s figurent les noms des donateurs cisel\u00e9s d&rsquo;or sur fond noir.<\/p>\n<p>Le Reliquaire de Saint-Louis est aujourd&rsquo;hui vide et reste visible aux visiteurs de la cath\u00e9drale de Tunis.<\/p>\n","protected":false},"excerpt":{"rendered":"<p>En 1886, le cardinal Lavigerie avait demand\u00e9 \u00e0 un orf\u00e8vre lyonnais de ciseler un reliquaire d\u00e9di\u00e9 \u00e0 Saint-Louis dont on sait qu&rsquo;il est mort de la peste \u00e0 Tunis.<\/p>\n","protected":false},"author":3229,"featured_media":249871,"comment_status":"open","ping_status":"closed","sticky":false,"template":"","format":"standard","meta":{"footnotes":""},"categories":[2596],"tags":[3223,6337,8253,2640,8254],"class_list":["post-206886","post","type-post","status-publish","format-standard","has-post-thumbnail","hentry","category-chroniques","tag-carthage","tag-cathedrale","tag-saint-louis","tag-tunis","tag-versailles"],"yoast_head":"<!-- This site is optimized with the Yoast SEO Premium plugin v27.5 (Yoast SEO v27.5) - https:\/\/yoast.com\/product\/yoast-seo-premium-wordpress\/ -->\n<title>Tr\u00e9sor de la cath\u00e9drale de Tunis, le reliquaire de Saint-Louis, de Carthage et Versailles<\/title>\n<meta name=\"description\" content=\"En 1886, le cardinal Lavigerie avait demand\u00e9 \u00e0 un orf\u00e8vre lyonnais de ciseler un reliquaire d\u00e9di\u00e9 \u00e0 Saint-Louis dont on sait qu&#039;il est mort de la peste \u00e0 Tunis.\" \/>\n<link rel=\"canonical\" href=\"https:\/\/www.webdo.tn\/fr\/actualite\/chroniques\/tresor-de-la-cathedrale-de-tunis-le-reliquaire-de-saint-louis-de-carthage-et-versailles\/206886\/\" \/>\n<meta property=\"og:locale\" content=\"fr_FR\" \/>\n<meta property=\"og:type\" content=\"article\" \/>\n<meta property=\"og:title\" content=\"Tr\u00e9sor de la cath\u00e9drale de Tunis, le reliquaire de Saint-Louis, de Carthage et Versailles\" \/>\n<meta property=\"og:description\" content=\"En 1886, le cardinal Lavigerie avait demand\u00e9 \u00e0 un orf\u00e8vre lyonnais de ciseler un reliquaire d\u00e9di\u00e9 \u00e0 Saint-Louis dont on sait qu&#039;il est mort de la peste \u00e0 Tunis.\" \/>\n<meta property=\"og:url\" content=\"https:\/\/www.webdo.tn\/fr\/actualite\/chroniques\/tresor-de-la-cathedrale-de-tunis-le-reliquaire-de-saint-louis-de-carthage-et-versailles\/206886\/\" \/>\n<meta property=\"og:site_name\" content=\"webdo\" \/>\n<meta property=\"article:publisher\" content=\"https:\/\/www.facebook.com\/webdotn\" \/>\n<meta property=\"article:author\" content=\"https:\/\/www.facebook.com\/hatem.bourial.2025\" \/>\n<meta property=\"article:published_time\" content=\"2023-06-27T09:09:00+00:00\" \/>\n<meta property=\"og:image\" content=\"https:\/\/www.webdo.tn\/fr\/wp-content\/uploads\/2023\/06\/beb45d932cb74f84bb94da372e272564.jpg\" \/>\n\t<meta property=\"og:image:width\" content=\"750\" \/>\n\t<meta property=\"og:image:height\" content=\"400\" \/>\n\t<meta property=\"og:image:type\" content=\"image\/jpeg\" \/>\n<meta name=\"author\" content=\"Hatem Bourial\" \/>\n<meta name=\"twitter:card\" content=\"summary_large_image\" \/>\n<meta name=\"twitter:creator\" content=\"@webdo_tn\" \/>\n<meta name=\"twitter:site\" content=\"@webdo_tn\" \/>\n<meta name=\"twitter:label1\" content=\"\u00c9crit par\" \/>\n\t<meta name=\"twitter:data1\" content=\"Hatem Bourial\" \/>\n\t<meta name=\"twitter:label2\" content=\"Dur\u00e9e de lecture estim\u00e9e\" \/>\n\t<meta name=\"twitter:data2\" content=\"2 minutes\" \/>\n<script type=\"application\/ld+json\" class=\"yoast-schema-graph\">{\"@context\":\"https:\\\/\\\/schema.org\",\"@graph\":[{\"@type\":\"NewsArticle\",\"@id\":\"https:\\\/\\\/www.webdo.tn\\\/fr\\\/actualite\\\/chroniques\\\/tresor-de-la-cathedrale-de-tunis-le-reliquaire-de-saint-louis-de-carthage-et-versailles\\\/206886\\\/#article\",\"isPartOf\":{\"@id\":\"https:\\\/\\\/www.webdo.tn\\\/fr\\\/actualite\\\/chroniques\\\/tresor-de-la-cathedrale-de-tunis-le-reliquaire-de-saint-louis-de-carthage-et-versailles\\\/206886\\\/\"},\"author\":{\"name\":\"Hatem Bourial\",\"@id\":\"https:\\\/\\\/www.webdo.tn\\\/fr\\\/#\\\/schema\\\/person\\\/6bc0beba2cd23aec27cb5df85ca2554f\"},\"headline\":\"Tr\u00e9sor de la cath\u00e9drale de Tunis, le reliquaire de Saint-Louis, de Carthage et Versailles\",\"datePublished\":\"2023-06-27T09:09:00+00:00\",\"mainEntityOfPage\":{\"@id\":\"https:\\\/\\\/www.webdo.tn\\\/fr\\\/actualite\\\/chroniques\\\/tresor-de-la-cathedrale-de-tunis-le-reliquaire-de-saint-louis-de-carthage-et-versailles\\\/206886\\\/\"},\"wordCount\":390,\"commentCount\":0,\"publisher\":{\"@id\":\"https:\\\/\\\/www.webdo.tn\\\/fr\\\/#organization\"},\"image\":{\"@id\":\"https:\\\/\\\/www.webdo.tn\\\/fr\\\/actualite\\\/chroniques\\\/tresor-de-la-cathedrale-de-tunis-le-reliquaire-de-saint-louis-de-carthage-et-versailles\\\/206886\\\/#primaryimage\"},\"thumbnailUrl\":\"https:\\\/\\\/www.webdo.tn\\\/fr\\\/wp-content\\\/uploads\\\/2023\\\/06\\\/beb45d932cb74f84bb94da372e272564.jpg\",\"keywords\":[\"Carthage\",\"cath\u00e9drale\",\"Saint-Louis\",\"Tunis\",\"versailles\"],\"articleSection\":[\"Chroniques\"],\"inLanguage\":\"fr-FR\"},{\"@type\":\"WebPage\",\"@id\":\"https:\\\/\\\/www.webdo.tn\\\/fr\\\/actualite\\\/chroniques\\\/tresor-de-la-cathedrale-de-tunis-le-reliquaire-de-saint-louis-de-carthage-et-versailles\\\/206886\\\/\",\"url\":\"https:\\\/\\\/www.webdo.tn\\\/fr\\\/actualite\\\/chroniques\\\/tresor-de-la-cathedrale-de-tunis-le-reliquaire-de-saint-louis-de-carthage-et-versailles\\\/206886\\\/\",\"name\":\"Tr\u00e9sor de la cath\u00e9drale de Tunis, le reliquaire de Saint-Louis, de Carthage et Versailles\",\"isPartOf\":{\"@id\":\"https:\\\/\\\/www.webdo.tn\\\/fr\\\/#website\"},\"primaryImageOfPage\":{\"@id\":\"https:\\\/\\\/www.webdo.tn\\\/fr\\\/actualite\\\/chroniques\\\/tresor-de-la-cathedrale-de-tunis-le-reliquaire-de-saint-louis-de-carthage-et-versailles\\\/206886\\\/#primaryimage\"},\"image\":{\"@id\":\"https:\\\/\\\/www.webdo.tn\\\/fr\\\/actualite\\\/chroniques\\\/tresor-de-la-cathedrale-de-tunis-le-reliquaire-de-saint-louis-de-carthage-et-versailles\\\/206886\\\/#primaryimage\"},\"thumbnailUrl\":\"https:\\\/\\\/www.webdo.tn\\\/fr\\\/wp-content\\\/uploads\\\/2023\\\/06\\\/beb45d932cb74f84bb94da372e272564.jpg\",\"datePublished\":\"2023-06-27T09:09:00+00:00\",\"description\":\"En 1886, le cardinal Lavigerie avait demand\u00e9 \u00e0 un orf\u00e8vre lyonnais de ciseler un reliquaire d\u00e9di\u00e9 \u00e0 Saint-Louis dont on sait qu'il est mort de la peste \u00e0 Tunis.\",\"breadcrumb\":{\"@id\":\"https:\\\/\\\/www.webdo.tn\\\/fr\\\/actualite\\\/chroniques\\\/tresor-de-la-cathedrale-de-tunis-le-reliquaire-de-saint-louis-de-carthage-et-versailles\\\/206886\\\/#breadcrumb\"},\"inLanguage\":\"fr-FR\",\"potentialAction\":[{\"@type\":\"ReadAction\",\"target\":[\"https:\\\/\\\/www.webdo.tn\\\/fr\\\/actualite\\\/chroniques\\\/tresor-de-la-cathedrale-de-tunis-le-reliquaire-de-saint-louis-de-carthage-et-versailles\\\/206886\\\/\"]}]},{\"@type\":\"ImageObject\",\"inLanguage\":\"fr-FR\",\"@id\":\"https:\\\/\\\/www.webdo.tn\\\/fr\\\/actualite\\\/chroniques\\\/tresor-de-la-cathedrale-de-tunis-le-reliquaire-de-saint-louis-de-carthage-et-versailles\\\/206886\\\/#primaryimage\",\"url\":\"https:\\\/\\\/www.webdo.tn\\\/fr\\\/wp-content\\\/uploads\\\/2023\\\/06\\\/beb45d932cb74f84bb94da372e272564.jpg\",\"contentUrl\":\"https:\\\/\\\/www.webdo.tn\\\/fr\\\/wp-content\\\/uploads\\\/2023\\\/06\\\/beb45d932cb74f84bb94da372e272564.jpg\",\"width\":750,\"height\":400,\"caption\":\"Tr\u00e9sor de la cath\u00e9drale de Tunis, le reliquaire de Saint-Louis, de Carthage et Versailles\"},{\"@type\":\"BreadcrumbList\",\"@id\":\"https:\\\/\\\/www.webdo.tn\\\/fr\\\/actualite\\\/chroniques\\\/tresor-de-la-cathedrale-de-tunis-le-reliquaire-de-saint-louis-de-carthage-et-versailles\\\/206886\\\/#breadcrumb\",\"itemListElement\":[{\"@type\":\"ListItem\",\"position\":1,\"name\":\"Accueil\",\"item\":\"https:\\\/\\\/www.webdo.tn\\\/fr\\\/\"},{\"@type\":\"ListItem\",\"position\":2,\"name\":\"Tr\u00e9sor de la cath\u00e9drale de Tunis, le reliquaire de Saint-Louis, de Carthage et Versailles\"}]},{\"@type\":\"WebSite\",\"@id\":\"https:\\\/\\\/www.webdo.tn\\\/fr\\\/#website\",\"url\":\"https:\\\/\\\/www.webdo.tn\\\/fr\\\/\",\"name\":\"webdo\",\"description\":\"Tunisie - News en Tunisie et \u00e0 l&#039;international sur Webdo.tn\",\"publisher\":{\"@id\":\"https:\\\/\\\/www.webdo.tn\\\/fr\\\/#organization\"},\"potentialAction\":[{\"@type\":\"SearchAction\",\"target\":{\"@type\":\"EntryPoint\",\"urlTemplate\":\"https:\\\/\\\/www.webdo.tn\\\/fr\\\/?s={search_term_string}\"},\"query-input\":{\"@type\":\"PropertyValueSpecification\",\"valueRequired\":true,\"valueName\":\"search_term_string\"}}],\"inLanguage\":\"fr-FR\"},{\"@type\":\"Organization\",\"@id\":\"https:\\\/\\\/www.webdo.tn\\\/fr\\\/#organization\",\"name\":\"Webdo\",\"alternateName\":\"Webdo.tn\",\"url\":\"https:\\\/\\\/www.webdo.tn\\\/fr\\\/\",\"logo\":{\"@type\":\"ImageObject\",\"inLanguage\":\"fr-FR\",\"@id\":\"https:\\\/\\\/www.webdo.tn\\\/fr\\\/#\\\/schema\\\/logo\\\/image\\\/\",\"url\":\"https:\\\/\\\/www.webdo.tn\\\/fr\\\/wp-content\\\/uploads\\\/2025\\\/06\\\/Webdo-Tunisie_168377.jpg\",\"contentUrl\":\"https:\\\/\\\/www.webdo.tn\\\/fr\\\/wp-content\\\/uploads\\\/2025\\\/06\\\/Webdo-Tunisie_168377.jpg\",\"width\":301,\"height\":301,\"caption\":\"Webdo\"},\"image\":{\"@id\":\"https:\\\/\\\/www.webdo.tn\\\/fr\\\/#\\\/schema\\\/logo\\\/image\\\/\"},\"sameAs\":[\"https:\\\/\\\/www.facebook.com\\\/webdotn\",\"https:\\\/\\\/x.com\\\/webdo_tn\"],\"description\":\"Webdo est un m\u00e9dia num\u00e9rique tunisien fond\u00e9 en 2010, sp\u00e9cialis\u00e9 dans l\u2019actualit\u00e9 nationale et internationale, l\u2019\u00e9conomie, la soci\u00e9t\u00e9 et les analyses politiques. Le site s\u2019adresse \u00e0 un large public francophone et couvre l\u2019information tunisienne en temps r\u00e9el.\",\"email\":\"redac@webdo.tn\",\"legalName\":\"YNJ SARL\",\"foundingDate\":\"2010-09-06\",\"numberOfEmployees\":{\"@type\":\"QuantitativeValue\",\"minValue\":\"11\",\"maxValue\":\"50\"}},{\"@type\":\"Person\",\"@id\":\"https:\\\/\\\/www.webdo.tn\\\/fr\\\/#\\\/schema\\\/person\\\/6bc0beba2cd23aec27cb5df85ca2554f\",\"name\":\"Hatem Bourial\",\"image\":{\"@type\":\"ImageObject\",\"inLanguage\":\"fr-FR\",\"@id\":\"https:\\\/\\\/www.webdo.tn\\\/fr\\\/wp-content\\\/uploads\\\/2026\\\/04\\\/hatem-bourial_avatar-96x96.jpg\",\"url\":\"https:\\\/\\\/www.webdo.tn\\\/fr\\\/wp-content\\\/uploads\\\/2026\\\/04\\\/hatem-bourial_avatar-96x96.jpg\",\"contentUrl\":\"https:\\\/\\\/www.webdo.tn\\\/fr\\\/wp-content\\\/uploads\\\/2026\\\/04\\\/hatem-bourial_avatar-96x96.jpg\",\"caption\":\"Hatem Bourial\"},\"description\":\"Hatem Bourial est journaliste, \u00e9crivain et chroniqueur tunisien. Actif depuis plusieurs d\u00e9cennies, il s\u2019est impos\u00e9 comme un observateur attentif de la soci\u00e9t\u00e9 tunisienne, m\u00ealant dans ses \u00e9crits m\u00e9moire, culture et analyse du quotidien. Auteur de nombreux ouvrages, il d\u00e9veloppe une \u0153uvre \u00e0 la crois\u00e9e du r\u00e9cit, de la po\u00e9sie et de l\u2019observation sociologique. Parall\u00e8lement \u00e0 ses contributions dans la presse, il intervient r\u00e9guli\u00e8rement \u00e0 la radio et dans des espaces culturels, o\u00f9 il explore les enjeux li\u00e9s au patrimoine, \u00e0 l\u2019identit\u00e9 et aux transformations du monde contemporain. \u00c0 travers ses chroniques, Hatem Bourial propose une lecture sensible et approfondie de l\u2019actualit\u00e9, nourrie par une exp\u00e9rience journalistique et litt\u00e9raire reconnue. \ud83d\udd17 Facebook : https:\\\/\\\/www.facebook.com\\\/hatem.bourial.2025\",\"sameAs\":[\"https:\\\/\\\/www.facebook.com\\\/hatem.bourial.2025\",\"https:\\\/\\\/fr.wikipedia.org\\\/wiki\\\/Fichier:Hatem_Bourial.jpg\"],\"knowsAbout\":[\"Culture & patrimoine tunisien\",\"Chronique soci\u00e9tale\",\"Litt\u00e9rature & m\u00e9moire\",\"Cin\u00e9ma & critique culturelle\",\"Identit\u00e9 & mutations sociales\"],\"knowsLanguage\":[\"Arabe\",\"Fran\u00e7ais\",\"Anglais\",\"Italien\",\"Polonais\"],\"jobTitle\":\"Journaliste, \u00e9crivain et chroniqueur culturel\",\"worksFor\":\"Webdo\",\"url\":\"https:\\\/\\\/www.webdo.tn\\\/fr\\\/actualite\\\/author\\\/hatem-bourial-2\\\/\"}]}<\/script>\n<!-- \/ Yoast SEO Premium plugin. -->","yoast_head_json":{"title":"Tr\u00e9sor de la cath\u00e9drale de Tunis, le reliquaire de Saint-Louis, de Carthage et Versailles","description":"En 1886, le cardinal Lavigerie avait demand\u00e9 \u00e0 un orf\u00e8vre lyonnais de ciseler un reliquaire d\u00e9di\u00e9 \u00e0 Saint-Louis dont on sait qu'il est mort de la peste \u00e0 Tunis.","canonical":"https:\/\/www.webdo.tn\/fr\/actualite\/chroniques\/tresor-de-la-cathedrale-de-tunis-le-reliquaire-de-saint-louis-de-carthage-et-versailles\/206886\/","og_locale":"fr_FR","og_type":"article","og_title":"Tr\u00e9sor de la cath\u00e9drale de Tunis, le reliquaire de Saint-Louis, de Carthage et Versailles","og_description":"En 1886, le cardinal Lavigerie avait demand\u00e9 \u00e0 un orf\u00e8vre lyonnais de ciseler un reliquaire d\u00e9di\u00e9 \u00e0 Saint-Louis dont on sait qu'il est mort de la peste \u00e0 Tunis.","og_url":"https:\/\/www.webdo.tn\/fr\/actualite\/chroniques\/tresor-de-la-cathedrale-de-tunis-le-reliquaire-de-saint-louis-de-carthage-et-versailles\/206886\/","og_site_name":"webdo","article_publisher":"https:\/\/www.facebook.com\/webdotn","article_author":"https:\/\/www.facebook.com\/hatem.bourial.2025","article_published_time":"2023-06-27T09:09:00+00:00","og_image":[{"width":750,"height":400,"url":"https:\/\/www.webdo.tn\/fr\/wp-content\/uploads\/2023\/06\/beb45d932cb74f84bb94da372e272564.jpg","type":"image\/jpeg"}],"author":"Hatem Bourial","twitter_card":"summary_large_image","twitter_creator":"@webdo_tn","twitter_site":"@webdo_tn","twitter_misc":{"\u00c9crit par":"Hatem Bourial","Dur\u00e9e de lecture estim\u00e9e":"2 minutes"},"schema":{"@context":"https:\/\/schema.org","@graph":[{"@type":"NewsArticle","@id":"https:\/\/www.webdo.tn\/fr\/actualite\/chroniques\/tresor-de-la-cathedrale-de-tunis-le-reliquaire-de-saint-louis-de-carthage-et-versailles\/206886\/#article","isPartOf":{"@id":"https:\/\/www.webdo.tn\/fr\/actualite\/chroniques\/tresor-de-la-cathedrale-de-tunis-le-reliquaire-de-saint-louis-de-carthage-et-versailles\/206886\/"},"author":{"name":"Hatem Bourial","@id":"https:\/\/www.webdo.tn\/fr\/#\/schema\/person\/6bc0beba2cd23aec27cb5df85ca2554f"},"headline":"Tr\u00e9sor de la cath\u00e9drale de Tunis, le reliquaire de Saint-Louis, de Carthage et Versailles","datePublished":"2023-06-27T09:09:00+00:00","mainEntityOfPage":{"@id":"https:\/\/www.webdo.tn\/fr\/actualite\/chroniques\/tresor-de-la-cathedrale-de-tunis-le-reliquaire-de-saint-louis-de-carthage-et-versailles\/206886\/"},"wordCount":390,"commentCount":0,"publisher":{"@id":"https:\/\/www.webdo.tn\/fr\/#organization"},"image":{"@id":"https:\/\/www.webdo.tn\/fr\/actualite\/chroniques\/tresor-de-la-cathedrale-de-tunis-le-reliquaire-de-saint-louis-de-carthage-et-versailles\/206886\/#primaryimage"},"thumbnailUrl":"https:\/\/www.webdo.tn\/fr\/wp-content\/uploads\/2023\/06\/beb45d932cb74f84bb94da372e272564.jpg","keywords":["Carthage","cath\u00e9drale","Saint-Louis","Tunis","versailles"],"articleSection":["Chroniques"],"inLanguage":"fr-FR"},{"@type":"WebPage","@id":"https:\/\/www.webdo.tn\/fr\/actualite\/chroniques\/tresor-de-la-cathedrale-de-tunis-le-reliquaire-de-saint-louis-de-carthage-et-versailles\/206886\/","url":"https:\/\/www.webdo.tn\/fr\/actualite\/chroniques\/tresor-de-la-cathedrale-de-tunis-le-reliquaire-de-saint-louis-de-carthage-et-versailles\/206886\/","name":"Tr\u00e9sor de la cath\u00e9drale de Tunis, le reliquaire de Saint-Louis, de Carthage et Versailles","isPartOf":{"@id":"https:\/\/www.webdo.tn\/fr\/#website"},"primaryImageOfPage":{"@id":"https:\/\/www.webdo.tn\/fr\/actualite\/chroniques\/tresor-de-la-cathedrale-de-tunis-le-reliquaire-de-saint-louis-de-carthage-et-versailles\/206886\/#primaryimage"},"image":{"@id":"https:\/\/www.webdo.tn\/fr\/actualite\/chroniques\/tresor-de-la-cathedrale-de-tunis-le-reliquaire-de-saint-louis-de-carthage-et-versailles\/206886\/#primaryimage"},"thumbnailUrl":"https:\/\/www.webdo.tn\/fr\/wp-content\/uploads\/2023\/06\/beb45d932cb74f84bb94da372e272564.jpg","datePublished":"2023-06-27T09:09:00+00:00","description":"En 1886, le cardinal Lavigerie avait demand\u00e9 \u00e0 un orf\u00e8vre lyonnais de ciseler un reliquaire d\u00e9di\u00e9 \u00e0 Saint-Louis dont on sait qu'il est mort de la peste \u00e0 Tunis.","breadcrumb":{"@id":"https:\/\/www.webdo.tn\/fr\/actualite\/chroniques\/tresor-de-la-cathedrale-de-tunis-le-reliquaire-de-saint-louis-de-carthage-et-versailles\/206886\/#breadcrumb"},"inLanguage":"fr-FR","potentialAction":[{"@type":"ReadAction","target":["https:\/\/www.webdo.tn\/fr\/actualite\/chroniques\/tresor-de-la-cathedrale-de-tunis-le-reliquaire-de-saint-louis-de-carthage-et-versailles\/206886\/"]}]},{"@type":"ImageObject","inLanguage":"fr-FR","@id":"https:\/\/www.webdo.tn\/fr\/actualite\/chroniques\/tresor-de-la-cathedrale-de-tunis-le-reliquaire-de-saint-louis-de-carthage-et-versailles\/206886\/#primaryimage","url":"https:\/\/www.webdo.tn\/fr\/wp-content\/uploads\/2023\/06\/beb45d932cb74f84bb94da372e272564.jpg","contentUrl":"https:\/\/www.webdo.tn\/fr\/wp-content\/uploads\/2023\/06\/beb45d932cb74f84bb94da372e272564.jpg","width":750,"height":400,"caption":"Tr\u00e9sor de la cath\u00e9drale de Tunis, le reliquaire de Saint-Louis, de Carthage et Versailles"},{"@type":"BreadcrumbList","@id":"https:\/\/www.webdo.tn\/fr\/actualite\/chroniques\/tresor-de-la-cathedrale-de-tunis-le-reliquaire-de-saint-louis-de-carthage-et-versailles\/206886\/#breadcrumb","itemListElement":[{"@type":"ListItem","position":1,"name":"Accueil","item":"https:\/\/www.webdo.tn\/fr\/"},{"@type":"ListItem","position":2,"name":"Tr\u00e9sor de la cath\u00e9drale de Tunis, le reliquaire de Saint-Louis, de Carthage et Versailles"}]},{"@type":"WebSite","@id":"https:\/\/www.webdo.tn\/fr\/#website","url":"https:\/\/www.webdo.tn\/fr\/","name":"webdo","description":"Tunisie - News en Tunisie et \u00e0 l&#039;international sur Webdo.tn","publisher":{"@id":"https:\/\/www.webdo.tn\/fr\/#organization"},"potentialAction":[{"@type":"SearchAction","target":{"@type":"EntryPoint","urlTemplate":"https:\/\/www.webdo.tn\/fr\/?s={search_term_string}"},"query-input":{"@type":"PropertyValueSpecification","valueRequired":true,"valueName":"search_term_string"}}],"inLanguage":"fr-FR"},{"@type":"Organization","@id":"https:\/\/www.webdo.tn\/fr\/#organization","name":"Webdo","alternateName":"Webdo.tn","url":"https:\/\/www.webdo.tn\/fr\/","logo":{"@type":"ImageObject","inLanguage":"fr-FR","@id":"https:\/\/www.webdo.tn\/fr\/#\/schema\/logo\/image\/","url":"https:\/\/www.webdo.tn\/fr\/wp-content\/uploads\/2025\/06\/Webdo-Tunisie_168377.jpg","contentUrl":"https:\/\/www.webdo.tn\/fr\/wp-content\/uploads\/2025\/06\/Webdo-Tunisie_168377.jpg","width":301,"height":301,"caption":"Webdo"},"image":{"@id":"https:\/\/www.webdo.tn\/fr\/#\/schema\/logo\/image\/"},"sameAs":["https:\/\/www.facebook.com\/webdotn","https:\/\/x.com\/webdo_tn"],"description":"Webdo est un m\u00e9dia num\u00e9rique tunisien fond\u00e9 en 2010, sp\u00e9cialis\u00e9 dans l\u2019actualit\u00e9 nationale et internationale, l\u2019\u00e9conomie, la soci\u00e9t\u00e9 et les analyses politiques. Le site s\u2019adresse \u00e0 un large public francophone et couvre l\u2019information tunisienne en temps r\u00e9el.","email":"redac@webdo.tn","legalName":"YNJ SARL","foundingDate":"2010-09-06","numberOfEmployees":{"@type":"QuantitativeValue","minValue":"11","maxValue":"50"}},{"@type":"Person","@id":"https:\/\/www.webdo.tn\/fr\/#\/schema\/person\/6bc0beba2cd23aec27cb5df85ca2554f","name":"Hatem Bourial","image":{"@type":"ImageObject","inLanguage":"fr-FR","@id":"https:\/\/www.webdo.tn\/fr\/wp-content\/uploads\/2026\/04\/hatem-bourial_avatar-96x96.jpg","url":"https:\/\/www.webdo.tn\/fr\/wp-content\/uploads\/2026\/04\/hatem-bourial_avatar-96x96.jpg","contentUrl":"https:\/\/www.webdo.tn\/fr\/wp-content\/uploads\/2026\/04\/hatem-bourial_avatar-96x96.jpg","caption":"Hatem Bourial"},"description":"Hatem Bourial est journaliste, \u00e9crivain et chroniqueur tunisien. Actif depuis plusieurs d\u00e9cennies, il s\u2019est impos\u00e9 comme un observateur attentif de la soci\u00e9t\u00e9 tunisienne, m\u00ealant dans ses \u00e9crits m\u00e9moire, culture et analyse du quotidien. Auteur de nombreux ouvrages, il d\u00e9veloppe une \u0153uvre \u00e0 la crois\u00e9e du r\u00e9cit, de la po\u00e9sie et de l\u2019observation sociologique. Parall\u00e8lement \u00e0 ses contributions dans la presse, il intervient r\u00e9guli\u00e8rement \u00e0 la radio et dans des espaces culturels, o\u00f9 il explore les enjeux li\u00e9s au patrimoine, \u00e0 l\u2019identit\u00e9 et aux transformations du monde contemporain. \u00c0 travers ses chroniques, Hatem Bourial propose une lecture sensible et approfondie de l\u2019actualit\u00e9, nourrie par une exp\u00e9rience journalistique et litt\u00e9raire reconnue. \ud83d\udd17 Facebook : https:\/\/www.facebook.com\/hatem.bourial.2025","sameAs":["https:\/\/www.facebook.com\/hatem.bourial.2025","https:\/\/fr.wikipedia.org\/wiki\/Fichier:Hatem_Bourial.jpg"],"knowsAbout":["Culture & patrimoine tunisien","Chronique soci\u00e9tale","Litt\u00e9rature & m\u00e9moire","Cin\u00e9ma & critique culturelle","Identit\u00e9 & mutations sociales"],"knowsLanguage":["Arabe","Fran\u00e7ais","Anglais","Italien","Polonais"],"jobTitle":"Journaliste, \u00e9crivain et chroniqueur culturel","worksFor":"Webdo","url":"https:\/\/www.webdo.tn\/fr\/actualite\/author\/hatem-bourial-2\/"}]}},"_links":{"self":[{"href":"https:\/\/www.webdo.tn\/fr\/wp-json\/wp\/v2\/posts\/206886","targetHints":{"allow":["GET"]}}],"collection":[{"href":"https:\/\/www.webdo.tn\/fr\/wp-json\/wp\/v2\/posts"}],"about":[{"href":"https:\/\/www.webdo.tn\/fr\/wp-json\/wp\/v2\/types\/post"}],"author":[{"embeddable":true,"href":"https:\/\/www.webdo.tn\/fr\/wp-json\/wp\/v2\/users\/3229"}],"replies":[{"embeddable":true,"href":"https:\/\/www.webdo.tn\/fr\/wp-json\/wp\/v2\/comments?post=206886"}],"version-history":[{"count":0,"href":"https:\/\/www.webdo.tn\/fr\/wp-json\/wp\/v2\/posts\/206886\/revisions"}],"wp:featuredmedia":[{"embeddable":true,"href":"https:\/\/www.webdo.tn\/fr\/wp-json\/wp\/v2\/media\/249871"}],"wp:attachment":[{"href":"https:\/\/www.webdo.tn\/fr\/wp-json\/wp\/v2\/media?parent=206886"}],"wp:term":[{"taxonomy":"category","embeddable":true,"href":"https:\/\/www.webdo.tn\/fr\/wp-json\/wp\/v2\/categories?post=206886"},{"taxonomy":"post_tag","embeddable":true,"href":"https:\/\/www.webdo.tn\/fr\/wp-json\/wp\/v2\/tags?post=206886"}],"curies":[{"name":"wp","href":"https:\/\/api.w.org\/{rel}","templated":true}]}}