{"id":206884,"date":"2023-06-27T08:44:00","date_gmt":"2023-06-27T08:44:00","guid":{"rendered":"https:\/\/www.webdo.tn\/fr\/blog\/ligue-1-13eme-j-play-off-est-ca-un-derby-pour-l-afrique\/206884\/"},"modified":"2025-05-20T22:59:49","modified_gmt":"2025-05-20T22:59:49","slug":"ligue-1-13eme-j-play-off-est-ca-un-derby-pour-l-afrique","status":"publish","type":"post","link":"https:\/\/www.webdo.tn\/fr\/actualite\/sport\/ligue-1-13eme-j-play-off-est-ca-un-derby-pour-l-afrique\/206884\/","title":{"rendered":"Ligue 1 &#8211; 13\u00e8me J. play-off : EST-CA, un derby pour l\u2019Afrique !"},"content":{"rendered":"<p>La Ligue n\u2019a pas encore livr\u00e9 tous ses verdicts. Si l\u2019Etoile du Sahel est quasiment assur\u00e9e de remporter le titre, les Etoil\u00e9s n\u2019ayant besoin que d\u2019un petit point pour d\u00e9crocher officiellement le troph\u00e9e, l\u2019attention se portera sur la deuxi\u00e8me place qualificative \u00e0 la Ligue des Champions africaine.<\/p>\n<p>\t\t\t\t\t\t\t\t\tQuatre \u00e9quipes sont encore en lice pour cette deuxi\u00e8me place qualificative,\u00a0l\u2019US Monastirienne,\u00a0actuellement dauphin avec 25 points suite \u00e0 son succ\u00e8s d&rsquo;hier face \u00e0 l&rsquo;OB (3-1), l\u2019Esp\u00e9rance, troisi\u00e8me avec 24 points, et le Club Africain, quatri\u00e8me avec 23 points au compteur. L\u2019US Ben Guerdane est encore math\u00e9matiquement concern\u00e9e, mais ses chances restes infimes de coiffer tout le monde sur le poteau.<\/p>\n<p>Un derby d\u00e9cisif !<\/p>\n<p>A ce titre, le derby de la capitale tombe \u00e0 pic. Esp\u00e9rantistes et Clubistes se retrouvent, aujourd&rsquo;hui au stade Hamadi Agrebi pour une grande explication d\u00e9terminante et d\u00e9cisive. Celui qui remportera ce derby aura mis un pied en Ligue des Champions en attendant de finaliser sa qualification lors de la derni\u00e8re journ\u00e9e.<\/p>\n<p>Dans ce match particulier, aucun favori ne sort du lot. Les \u00ab\u00a0Sang et or\u00a0\u00bb ont refait leur retard au classement apr\u00e8s les d\u00e9convenues des derni\u00e8res semaines mais leur victoire face au CSS, samedi n\u2019est pas pour rassurer ses fans. Les poulains de Mouine Chaabani n\u2019ont, en effet, pas sorti un grand match et \u00e9prouvent encore quelque difficult\u00e9s dans le jeu.<\/p>\n<p>Les Clubistes ne sont pas mieux lotis ! Malgr\u00e9 un fond de jeu devenu plus consistant par rapport \u00e0 la premi\u00e8re phase du Championnat, le CA reste sur trois accrocs, deux matches nuls face \u00e0 l\u2019US Tataouine et l\u2019US Monastirienne et une d\u00e9faite, samedi \u00e0 Sousse face \u00e0 l\u2019Etoile, soit beaucoup de points g\u00e2ch\u00e9s lors de leurs trois derni\u00e8res sorties.<\/p>\n<p>L\u2019USMo en observateur !<\/p>\n<p>La pression sera sur le CA dans la mesure o\u00f9 seule la victoire sera synonyme de salut alors qu\u2019un match nul n\u2019arrangera ni les affaires de l\u2019EST ni celles des Clubistes.<\/p>\n<p>En effet, l\u2019US Monastirienne reste \u00e0 l\u2019aff\u00fbt apr\u00e8s sa victoire, hier face \u00e0 l\u2019Olympique de B\u00e9ja. En cas de parit\u00e9 lors du derby, ce sont les Monastiriens qui se retrouveraient bien plac\u00e9s avant un dernier match \u00e0 n\u00e9gocier \u00e0 domicile.<\/p>\n<p>Et l\u2019Etoile dans tout \u00e7a ! Elle se d\u00e9place \u00e0 Ben Guerdane pour aller y chercher le dernier point qui lui manque pour \u00eatre sacr\u00e9e Championne. Et m\u00eame en cas de d\u00e9faite, l\u2019ESS aura encore un joker avec un dernier match \u00e0 Sousse face \u00e0 l\u2019OB.<\/p>\n<p>PROGRAMME<\/p>\n<p>13\u00e8me journ\u00e9e<\/p>\n<p>\tOB-USMo 1-3<\/p>\n<p>Mardi 27 juin<\/p>\n<p>\tHamadi Agrebi \u00e0 16h30 : EST-CA<br \/>\n\t7 Mars \u00e0 16h30 : USBG-ESS<br \/>\n\tTaieb Mhiri \u00e0 16h30 : CSS-UST<\/p>\n<p>14\u00e8me journ\u00e9e<\/p>\n<p>Vendredi 30 juin<\/p>\n<p>\tHamdi Agrebi \u00e016h30 : CA-USBG<br \/>\n\tOlympique de Sousse \u00e016h30 : ESS-OB<br \/>\n\tMustapha Ben Jannet \u00e016h30 : USMo-CSS<br \/>\n\tNejib Khattab \u00e016h30 : UST-EST<\/p>\n","protected":false},"excerpt":{"rendered":"<p>La Ligue n\u2019a pas encore livr\u00e9 tous ses verdicts. Le derby est d\u00e9cisif pour une place en Ligue des Champions africaine.<\/p>\n","protected":false},"author":3189,"featured_media":249872,"comment_status":"open","ping_status":"closed","sticky":false,"template":"","format":"standard","meta":{"footnotes":""},"categories":[2593],"tags":[2778,3101,3077,3437,2777],"class_list":["post-206884","post","type-post","status-publish","format-standard","has-post-thumbnail","hentry","category-sport","tag-championnat","tag-club-africain","tag-derby","tag-esperance","tag-ligue-1"],"yoast_head":"<!-- This site is optimized with the Yoast SEO Premium plugin v27.4 (Yoast SEO v27.5) - https:\/\/yoast.com\/product\/yoast-seo-premium-wordpress\/ -->\n<title>Ligue 1 - 13\u00e8me J. play-off : EST-CA, un derby pour l\u2019Afrique !<\/title>\n<meta name=\"description\" content=\"La Ligue n\u2019a pas encore livr\u00e9 tous ses verdicts. Le derby est d\u00e9cisif pour une place en Ligue des Champions africaine.\" \/>\n<link rel=\"canonical\" href=\"https:\/\/www.webdo.tn\/fr\/actualite\/sport\/ligue-1-13eme-j-play-off-est-ca-un-derby-pour-l-afrique\/206884\/\" \/>\n<meta property=\"og:locale\" content=\"fr_FR\" \/>\n<meta property=\"og:type\" content=\"article\" \/>\n<meta property=\"og:title\" content=\"Ligue 1 - 13\u00e8me J. play-off : EST-CA, un derby pour l\u2019Afrique !\" \/>\n<meta property=\"og:description\" content=\"La Ligue n\u2019a pas encore livr\u00e9 tous ses verdicts. Le derby est d\u00e9cisif pour une place en Ligue des Champions africaine.\" \/>\n<meta property=\"og:url\" content=\"https:\/\/www.webdo.tn\/fr\/actualite\/sport\/ligue-1-13eme-j-play-off-est-ca-un-derby-pour-l-afrique\/206884\/\" \/>\n<meta property=\"og:site_name\" content=\"webdo\" \/>\n<meta property=\"article:publisher\" content=\"https:\/\/www.facebook.com\/webdotn\" \/>\n<meta property=\"article:author\" content=\"https:\/\/www.facebook.com\/youssef.rc.92\" \/>\n<meta property=\"article:published_time\" content=\"2023-06-27T08:44:00+00:00\" \/>\n<meta property=\"article:modified_time\" content=\"2025-05-20T22:59:49+00:00\" \/>\n<meta property=\"og:image\" content=\"https:\/\/www.webdo.tn\/fr\/wp-content\/uploads\/2023\/06\/7bc2d732bf4df2e7ebb42291db36e7c9.jpg\" \/>\n\t<meta property=\"og:image:width\" content=\"750\" \/>\n\t<meta property=\"og:image:height\" content=\"400\" \/>\n\t<meta property=\"og:image:type\" content=\"image\/jpeg\" \/>\n<meta name=\"author\" content=\"Maher Chaabane\" \/>\n<meta name=\"twitter:card\" content=\"summary_large_image\" \/>\n<meta name=\"twitter:creator\" content=\"@webdo_tn\" \/>\n<meta name=\"twitter:site\" content=\"@webdo_tn\" \/>\n<meta name=\"twitter:label1\" content=\"\u00c9crit par\" \/>\n\t<meta name=\"twitter:data1\" content=\"Maher Chaabane\" \/>\n\t<meta name=\"twitter:label2\" content=\"Dur\u00e9e de lecture estim\u00e9e\" \/>\n\t<meta name=\"twitter:data2\" content=\"2 minutes\" \/>\n<script type=\"application\/ld+json\" class=\"yoast-schema-graph\">{\"@context\":\"https:\\\/\\\/schema.org\",\"@graph\":[{\"@type\":\"NewsArticle\",\"@id\":\"https:\\\/\\\/www.webdo.tn\\\/fr\\\/actualite\\\/sport\\\/ligue-1-13eme-j-play-off-est-ca-un-derby-pour-l-afrique\\\/206884\\\/#article\",\"isPartOf\":{\"@id\":\"https:\\\/\\\/www.webdo.tn\\\/fr\\\/actualite\\\/sport\\\/ligue-1-13eme-j-play-off-est-ca-un-derby-pour-l-afrique\\\/206884\\\/\"},\"author\":{\"name\":\"Maher Chaabane\",\"@id\":\"https:\\\/\\\/www.webdo.tn\\\/fr\\\/#\\\/schema\\\/person\\\/57c261717927697fcf719ab1058a8003\"},\"headline\":\"Ligue 1 &#8211; 13\u00e8me J. play-off : EST-CA, un derby pour l\u2019Afrique !\",\"datePublished\":\"2023-06-27T08:44:00+00:00\",\"dateModified\":\"2025-05-20T22:59:49+00:00\",\"mainEntityOfPage\":{\"@id\":\"https:\\\/\\\/www.webdo.tn\\\/fr\\\/actualite\\\/sport\\\/ligue-1-13eme-j-play-off-est-ca-un-derby-pour-l-afrique\\\/206884\\\/\"},\"wordCount\":499,\"commentCount\":0,\"publisher\":{\"@id\":\"https:\\\/\\\/www.webdo.tn\\\/fr\\\/#organization\"},\"image\":{\"@id\":\"https:\\\/\\\/www.webdo.tn\\\/fr\\\/actualite\\\/sport\\\/ligue-1-13eme-j-play-off-est-ca-un-derby-pour-l-afrique\\\/206884\\\/#primaryimage\"},\"thumbnailUrl\":\"https:\\\/\\\/www.webdo.tn\\\/fr\\\/wp-content\\\/uploads\\\/2023\\\/06\\\/7bc2d732bf4df2e7ebb42291db36e7c9.jpg\",\"keywords\":[\"championnat\",\"Club Africain\",\"Derby\",\"esp\u00e9rance\",\"Ligue 1\"],\"articleSection\":[\"Sport\"],\"inLanguage\":\"fr-FR\"},{\"@type\":\"WebPage\",\"@id\":\"https:\\\/\\\/www.webdo.tn\\\/fr\\\/actualite\\\/sport\\\/ligue-1-13eme-j-play-off-est-ca-un-derby-pour-l-afrique\\\/206884\\\/\",\"url\":\"https:\\\/\\\/www.webdo.tn\\\/fr\\\/actualite\\\/sport\\\/ligue-1-13eme-j-play-off-est-ca-un-derby-pour-l-afrique\\\/206884\\\/\",\"name\":\"Ligue 1 - 13\u00e8me J. play-off : EST-CA, un derby pour l\u2019Afrique !\",\"isPartOf\":{\"@id\":\"https:\\\/\\\/www.webdo.tn\\\/fr\\\/#website\"},\"primaryImageOfPage\":{\"@id\":\"https:\\\/\\\/www.webdo.tn\\\/fr\\\/actualite\\\/sport\\\/ligue-1-13eme-j-play-off-est-ca-un-derby-pour-l-afrique\\\/206884\\\/#primaryimage\"},\"image\":{\"@id\":\"https:\\\/\\\/www.webdo.tn\\\/fr\\\/actualite\\\/sport\\\/ligue-1-13eme-j-play-off-est-ca-un-derby-pour-l-afrique\\\/206884\\\/#primaryimage\"},\"thumbnailUrl\":\"https:\\\/\\\/www.webdo.tn\\\/fr\\\/wp-content\\\/uploads\\\/2023\\\/06\\\/7bc2d732bf4df2e7ebb42291db36e7c9.jpg\",\"datePublished\":\"2023-06-27T08:44:00+00:00\",\"dateModified\":\"2025-05-20T22:59:49+00:00\",\"description\":\"La Ligue n\u2019a pas encore livr\u00e9 tous ses verdicts. Le derby est d\u00e9cisif pour une place en Ligue des Champions africaine.\",\"breadcrumb\":{\"@id\":\"https:\\\/\\\/www.webdo.tn\\\/fr\\\/actualite\\\/sport\\\/ligue-1-13eme-j-play-off-est-ca-un-derby-pour-l-afrique\\\/206884\\\/#breadcrumb\"},\"inLanguage\":\"fr-FR\",\"potentialAction\":[{\"@type\":\"ReadAction\",\"target\":[\"https:\\\/\\\/www.webdo.tn\\\/fr\\\/actualite\\\/sport\\\/ligue-1-13eme-j-play-off-est-ca-un-derby-pour-l-afrique\\\/206884\\\/\"]}]},{\"@type\":\"ImageObject\",\"inLanguage\":\"fr-FR\",\"@id\":\"https:\\\/\\\/www.webdo.tn\\\/fr\\\/actualite\\\/sport\\\/ligue-1-13eme-j-play-off-est-ca-un-derby-pour-l-afrique\\\/206884\\\/#primaryimage\",\"url\":\"https:\\\/\\\/www.webdo.tn\\\/fr\\\/wp-content\\\/uploads\\\/2023\\\/06\\\/7bc2d732bf4df2e7ebb42291db36e7c9.jpg\",\"contentUrl\":\"https:\\\/\\\/www.webdo.tn\\\/fr\\\/wp-content\\\/uploads\\\/2023\\\/06\\\/7bc2d732bf4df2e7ebb42291db36e7c9.jpg\",\"width\":750,\"height\":400,\"caption\":\"Ligue 1 - 13\u00e8me J. play-off : EST-CA, un derby pour l\u2019Afrique !\"},{\"@type\":\"BreadcrumbList\",\"@id\":\"https:\\\/\\\/www.webdo.tn\\\/fr\\\/actualite\\\/sport\\\/ligue-1-13eme-j-play-off-est-ca-un-derby-pour-l-afrique\\\/206884\\\/#breadcrumb\",\"itemListElement\":[{\"@type\":\"ListItem\",\"position\":1,\"name\":\"Accueil\",\"item\":\"https:\\\/\\\/www.webdo.tn\\\/fr\\\/\"},{\"@type\":\"ListItem\",\"position\":2,\"name\":\"Ligue 1 &#8211; 13\u00e8me J. play-off : EST-CA, un derby pour l\u2019Afrique !\"}]},{\"@type\":\"WebSite\",\"@id\":\"https:\\\/\\\/www.webdo.tn\\\/fr\\\/#website\",\"url\":\"https:\\\/\\\/www.webdo.tn\\\/fr\\\/\",\"name\":\"webdo\",\"description\":\"Tunisie - News en Tunisie et \u00e0 l&#039;international sur Webdo.tn\",\"publisher\":{\"@id\":\"https:\\\/\\\/www.webdo.tn\\\/fr\\\/#organization\"},\"potentialAction\":[{\"@type\":\"SearchAction\",\"target\":{\"@type\":\"EntryPoint\",\"urlTemplate\":\"https:\\\/\\\/www.webdo.tn\\\/fr\\\/?s={search_term_string}\"},\"query-input\":{\"@type\":\"PropertyValueSpecification\",\"valueRequired\":true,\"valueName\":\"search_term_string\"}}],\"inLanguage\":\"fr-FR\"},{\"@type\":\"Organization\",\"@id\":\"https:\\\/\\\/www.webdo.tn\\\/fr\\\/#organization\",\"name\":\"Webdo\",\"alternateName\":\"Webdo.tn\",\"url\":\"https:\\\/\\\/www.webdo.tn\\\/fr\\\/\",\"logo\":{\"@type\":\"ImageObject\",\"inLanguage\":\"fr-FR\",\"@id\":\"https:\\\/\\\/www.webdo.tn\\\/fr\\\/#\\\/schema\\\/logo\\\/image\\\/\",\"url\":\"https:\\\/\\\/www.webdo.tn\\\/fr\\\/wp-content\\\/uploads\\\/2025\\\/06\\\/Webdo-Tunisie_168377.jpg\",\"contentUrl\":\"https:\\\/\\\/www.webdo.tn\\\/fr\\\/wp-content\\\/uploads\\\/2025\\\/06\\\/Webdo-Tunisie_168377.jpg\",\"width\":301,\"height\":301,\"caption\":\"Webdo\"},\"image\":{\"@id\":\"https:\\\/\\\/www.webdo.tn\\\/fr\\\/#\\\/schema\\\/logo\\\/image\\\/\"},\"sameAs\":[\"https:\\\/\\\/www.facebook.com\\\/webdotn\",\"https:\\\/\\\/x.com\\\/webdo_tn\"],\"description\":\"Webdo est un m\u00e9dia num\u00e9rique tunisien fond\u00e9 en 2010, sp\u00e9cialis\u00e9 dans l\u2019actualit\u00e9 nationale et internationale, l\u2019\u00e9conomie, la soci\u00e9t\u00e9 et les analyses politiques. Le site s\u2019adresse \u00e0 un large public francophone et couvre l\u2019information tunisienne en temps r\u00e9el.\",\"email\":\"redac@webdo.tn\",\"legalName\":\"YNJ SARL\",\"foundingDate\":\"2010-09-06\",\"numberOfEmployees\":{\"@type\":\"QuantitativeValue\",\"minValue\":\"11\",\"maxValue\":\"50\"}},{\"@type\":\"Person\",\"@id\":\"https:\\\/\\\/www.webdo.tn\\\/fr\\\/#\\\/schema\\\/person\\\/57c261717927697fcf719ab1058a8003\",\"name\":\"Maher Chaabane\",\"image\":{\"@type\":\"ImageObject\",\"inLanguage\":\"fr-FR\",\"@id\":\"https:\\\/\\\/www.webdo.tn\\\/fr\\\/wp-content\\\/uploads\\\/2026\\\/04\\\/maher-chaabane_avatar_2-96x96.jpg\",\"url\":\"https:\\\/\\\/www.webdo.tn\\\/fr\\\/wp-content\\\/uploads\\\/2026\\\/04\\\/maher-chaabane_avatar_2-96x96.jpg\",\"contentUrl\":\"https:\\\/\\\/www.webdo.tn\\\/fr\\\/wp-content\\\/uploads\\\/2026\\\/04\\\/maher-chaabane_avatar_2-96x96.jpg\",\"caption\":\"Maher Chaabane\"},\"description\":\"Maher Chaabane est journaliste et r\u00e9dacteur en chef de Webdo.tn depuis 2012. Il d\u00e9bute sa carri\u00e8re au sein du groupe Tunis Hebdo en 2000, o\u00f9 il couvre pendant plusieurs ann\u00e9es l\u2019actualit\u00e9 sportive et internationale, avant d\u2019occuper les fonctions de r\u00e9dacteur en chef adjoint. Fort de plus de deux d\u00e9cennies d\u2019exp\u00e9rience dans le journalisme, il supervise aujourd\u2019hui la production \u00e9ditoriale de Webdo et contribue activement \u00e0 la ligne du m\u00e9dia, en particulier sur les sujets d\u2019actualit\u00e9 nationale et internationale. https:\\\/\\\/www.facebook.com\\\/youssef.rc.92\",\"sameAs\":[\"https:\\\/\\\/www.facebook.com\\\/youssef.rc.92\"],\"knowsAbout\":[\"journalisme\",\"actualit\u00e9 internationale\",\"sport\",\"r\u00e9daction\",\"m\u00e9dias\",\"information\"],\"knowsLanguage\":[\"Fran\u00e7ais\",\"Arabe\"],\"jobTitle\":\"R\u00e9dacteur en chef\",\"worksFor\":\"Webdo.tn\",\"url\":\"https:\\\/\\\/www.webdo.tn\\\/fr\\\/actualite\\\/author\\\/maher-chaabane\\\/\"}]}<\/script>\n<!-- \/ Yoast SEO Premium plugin. -->","yoast_head_json":{"title":"Ligue 1 - 13\u00e8me J. play-off : EST-CA, un derby pour l\u2019Afrique !","description":"La Ligue n\u2019a pas encore livr\u00e9 tous ses verdicts. Le derby est d\u00e9cisif pour une place en Ligue des Champions africaine.","canonical":"https:\/\/www.webdo.tn\/fr\/actualite\/sport\/ligue-1-13eme-j-play-off-est-ca-un-derby-pour-l-afrique\/206884\/","og_locale":"fr_FR","og_type":"article","og_title":"Ligue 1 - 13\u00e8me J. play-off : EST-CA, un derby pour l\u2019Afrique !","og_description":"La Ligue n\u2019a pas encore livr\u00e9 tous ses verdicts. Le derby est d\u00e9cisif pour une place en Ligue des Champions africaine.","og_url":"https:\/\/www.webdo.tn\/fr\/actualite\/sport\/ligue-1-13eme-j-play-off-est-ca-un-derby-pour-l-afrique\/206884\/","og_site_name":"webdo","article_publisher":"https:\/\/www.facebook.com\/webdotn","article_author":"https:\/\/www.facebook.com\/youssef.rc.92","article_published_time":"2023-06-27T08:44:00+00:00","article_modified_time":"2025-05-20T22:59:49+00:00","og_image":[{"width":750,"height":400,"url":"https:\/\/www.webdo.tn\/fr\/wp-content\/uploads\/2023\/06\/7bc2d732bf4df2e7ebb42291db36e7c9.jpg","type":"image\/jpeg"}],"author":"Maher Chaabane","twitter_card":"summary_large_image","twitter_creator":"@webdo_tn","twitter_site":"@webdo_tn","twitter_misc":{"\u00c9crit par":"Maher Chaabane","Dur\u00e9e de lecture estim\u00e9e":"2 minutes"},"schema":{"@context":"https:\/\/schema.org","@graph":[{"@type":"NewsArticle","@id":"https:\/\/www.webdo.tn\/fr\/actualite\/sport\/ligue-1-13eme-j-play-off-est-ca-un-derby-pour-l-afrique\/206884\/#article","isPartOf":{"@id":"https:\/\/www.webdo.tn\/fr\/actualite\/sport\/ligue-1-13eme-j-play-off-est-ca-un-derby-pour-l-afrique\/206884\/"},"author":{"name":"Maher Chaabane","@id":"https:\/\/www.webdo.tn\/fr\/#\/schema\/person\/57c261717927697fcf719ab1058a8003"},"headline":"Ligue 1 &#8211; 13\u00e8me J. play-off : EST-CA, un derby pour l\u2019Afrique !","datePublished":"2023-06-27T08:44:00+00:00","dateModified":"2025-05-20T22:59:49+00:00","mainEntityOfPage":{"@id":"https:\/\/www.webdo.tn\/fr\/actualite\/sport\/ligue-1-13eme-j-play-off-est-ca-un-derby-pour-l-afrique\/206884\/"},"wordCount":499,"commentCount":0,"publisher":{"@id":"https:\/\/www.webdo.tn\/fr\/#organization"},"image":{"@id":"https:\/\/www.webdo.tn\/fr\/actualite\/sport\/ligue-1-13eme-j-play-off-est-ca-un-derby-pour-l-afrique\/206884\/#primaryimage"},"thumbnailUrl":"https:\/\/www.webdo.tn\/fr\/wp-content\/uploads\/2023\/06\/7bc2d732bf4df2e7ebb42291db36e7c9.jpg","keywords":["championnat","Club Africain","Derby","esp\u00e9rance","Ligue 1"],"articleSection":["Sport"],"inLanguage":"fr-FR"},{"@type":"WebPage","@id":"https:\/\/www.webdo.tn\/fr\/actualite\/sport\/ligue-1-13eme-j-play-off-est-ca-un-derby-pour-l-afrique\/206884\/","url":"https:\/\/www.webdo.tn\/fr\/actualite\/sport\/ligue-1-13eme-j-play-off-est-ca-un-derby-pour-l-afrique\/206884\/","name":"Ligue 1 - 13\u00e8me J. play-off : EST-CA, un derby pour l\u2019Afrique !","isPartOf":{"@id":"https:\/\/www.webdo.tn\/fr\/#website"},"primaryImageOfPage":{"@id":"https:\/\/www.webdo.tn\/fr\/actualite\/sport\/ligue-1-13eme-j-play-off-est-ca-un-derby-pour-l-afrique\/206884\/#primaryimage"},"image":{"@id":"https:\/\/www.webdo.tn\/fr\/actualite\/sport\/ligue-1-13eme-j-play-off-est-ca-un-derby-pour-l-afrique\/206884\/#primaryimage"},"thumbnailUrl":"https:\/\/www.webdo.tn\/fr\/wp-content\/uploads\/2023\/06\/7bc2d732bf4df2e7ebb42291db36e7c9.jpg","datePublished":"2023-06-27T08:44:00+00:00","dateModified":"2025-05-20T22:59:49+00:00","description":"La Ligue n\u2019a pas encore livr\u00e9 tous ses verdicts. Le derby est d\u00e9cisif pour une place en Ligue des Champions africaine.","breadcrumb":{"@id":"https:\/\/www.webdo.tn\/fr\/actualite\/sport\/ligue-1-13eme-j-play-off-est-ca-un-derby-pour-l-afrique\/206884\/#breadcrumb"},"inLanguage":"fr-FR","potentialAction":[{"@type":"ReadAction","target":["https:\/\/www.webdo.tn\/fr\/actualite\/sport\/ligue-1-13eme-j-play-off-est-ca-un-derby-pour-l-afrique\/206884\/"]}]},{"@type":"ImageObject","inLanguage":"fr-FR","@id":"https:\/\/www.webdo.tn\/fr\/actualite\/sport\/ligue-1-13eme-j-play-off-est-ca-un-derby-pour-l-afrique\/206884\/#primaryimage","url":"https:\/\/www.webdo.tn\/fr\/wp-content\/uploads\/2023\/06\/7bc2d732bf4df2e7ebb42291db36e7c9.jpg","contentUrl":"https:\/\/www.webdo.tn\/fr\/wp-content\/uploads\/2023\/06\/7bc2d732bf4df2e7ebb42291db36e7c9.jpg","width":750,"height":400,"caption":"Ligue 1 - 13\u00e8me J. play-off : EST-CA, un derby pour l\u2019Afrique !"},{"@type":"BreadcrumbList","@id":"https:\/\/www.webdo.tn\/fr\/actualite\/sport\/ligue-1-13eme-j-play-off-est-ca-un-derby-pour-l-afrique\/206884\/#breadcrumb","itemListElement":[{"@type":"ListItem","position":1,"name":"Accueil","item":"https:\/\/www.webdo.tn\/fr\/"},{"@type":"ListItem","position":2,"name":"Ligue 1 &#8211; 13\u00e8me J. play-off : EST-CA, un derby pour l\u2019Afrique !"}]},{"@type":"WebSite","@id":"https:\/\/www.webdo.tn\/fr\/#website","url":"https:\/\/www.webdo.tn\/fr\/","name":"webdo","description":"Tunisie - News en Tunisie et \u00e0 l&#039;international sur Webdo.tn","publisher":{"@id":"https:\/\/www.webdo.tn\/fr\/#organization"},"potentialAction":[{"@type":"SearchAction","target":{"@type":"EntryPoint","urlTemplate":"https:\/\/www.webdo.tn\/fr\/?s={search_term_string}"},"query-input":{"@type":"PropertyValueSpecification","valueRequired":true,"valueName":"search_term_string"}}],"inLanguage":"fr-FR"},{"@type":"Organization","@id":"https:\/\/www.webdo.tn\/fr\/#organization","name":"Webdo","alternateName":"Webdo.tn","url":"https:\/\/www.webdo.tn\/fr\/","logo":{"@type":"ImageObject","inLanguage":"fr-FR","@id":"https:\/\/www.webdo.tn\/fr\/#\/schema\/logo\/image\/","url":"https:\/\/www.webdo.tn\/fr\/wp-content\/uploads\/2025\/06\/Webdo-Tunisie_168377.jpg","contentUrl":"https:\/\/www.webdo.tn\/fr\/wp-content\/uploads\/2025\/06\/Webdo-Tunisie_168377.jpg","width":301,"height":301,"caption":"Webdo"},"image":{"@id":"https:\/\/www.webdo.tn\/fr\/#\/schema\/logo\/image\/"},"sameAs":["https:\/\/www.facebook.com\/webdotn","https:\/\/x.com\/webdo_tn"],"description":"Webdo est un m\u00e9dia num\u00e9rique tunisien fond\u00e9 en 2010, sp\u00e9cialis\u00e9 dans l\u2019actualit\u00e9 nationale et internationale, l\u2019\u00e9conomie, la soci\u00e9t\u00e9 et les analyses politiques. Le site s\u2019adresse \u00e0 un large public francophone et couvre l\u2019information tunisienne en temps r\u00e9el.","email":"redac@webdo.tn","legalName":"YNJ SARL","foundingDate":"2010-09-06","numberOfEmployees":{"@type":"QuantitativeValue","minValue":"11","maxValue":"50"}},{"@type":"Person","@id":"https:\/\/www.webdo.tn\/fr\/#\/schema\/person\/57c261717927697fcf719ab1058a8003","name":"Maher Chaabane","image":{"@type":"ImageObject","inLanguage":"fr-FR","@id":"https:\/\/www.webdo.tn\/fr\/wp-content\/uploads\/2026\/04\/maher-chaabane_avatar_2-96x96.jpg","url":"https:\/\/www.webdo.tn\/fr\/wp-content\/uploads\/2026\/04\/maher-chaabane_avatar_2-96x96.jpg","contentUrl":"https:\/\/www.webdo.tn\/fr\/wp-content\/uploads\/2026\/04\/maher-chaabane_avatar_2-96x96.jpg","caption":"Maher Chaabane"},"description":"Maher Chaabane est journaliste et r\u00e9dacteur en chef de Webdo.tn depuis 2012. Il d\u00e9bute sa carri\u00e8re au sein du groupe Tunis Hebdo en 2000, o\u00f9 il couvre pendant plusieurs ann\u00e9es l\u2019actualit\u00e9 sportive et internationale, avant d\u2019occuper les fonctions de r\u00e9dacteur en chef adjoint. Fort de plus de deux d\u00e9cennies d\u2019exp\u00e9rience dans le journalisme, il supervise aujourd\u2019hui la production \u00e9ditoriale de Webdo et contribue activement \u00e0 la ligne du m\u00e9dia, en particulier sur les sujets d\u2019actualit\u00e9 nationale et internationale. https:\/\/www.facebook.com\/youssef.rc.92","sameAs":["https:\/\/www.facebook.com\/youssef.rc.92"],"knowsAbout":["journalisme","actualit\u00e9 internationale","sport","r\u00e9daction","m\u00e9dias","information"],"knowsLanguage":["Fran\u00e7ais","Arabe"],"jobTitle":"R\u00e9dacteur en chef","worksFor":"Webdo.tn","url":"https:\/\/www.webdo.tn\/fr\/actualite\/author\/maher-chaabane\/"}]}},"_links":{"self":[{"href":"https:\/\/www.webdo.tn\/fr\/wp-json\/wp\/v2\/posts\/206884","targetHints":{"allow":["GET"]}}],"collection":[{"href":"https:\/\/www.webdo.tn\/fr\/wp-json\/wp\/v2\/posts"}],"about":[{"href":"https:\/\/www.webdo.tn\/fr\/wp-json\/wp\/v2\/types\/post"}],"author":[{"embeddable":true,"href":"https:\/\/www.webdo.tn\/fr\/wp-json\/wp\/v2\/users\/3189"}],"replies":[{"embeddable":true,"href":"https:\/\/www.webdo.tn\/fr\/wp-json\/wp\/v2\/comments?post=206884"}],"version-history":[{"count":0,"href":"https:\/\/www.webdo.tn\/fr\/wp-json\/wp\/v2\/posts\/206884\/revisions"}],"wp:featuredmedia":[{"embeddable":true,"href":"https:\/\/www.webdo.tn\/fr\/wp-json\/wp\/v2\/media\/249872"}],"wp:attachment":[{"href":"https:\/\/www.webdo.tn\/fr\/wp-json\/wp\/v2\/media?parent=206884"}],"wp:term":[{"taxonomy":"category","embeddable":true,"href":"https:\/\/www.webdo.tn\/fr\/wp-json\/wp\/v2\/categories?post=206884"},{"taxonomy":"post_tag","embeddable":true,"href":"https:\/\/www.webdo.tn\/fr\/wp-json\/wp\/v2\/tags?post=206884"}],"curies":[{"name":"wp","href":"https:\/\/api.w.org\/{rel}","templated":true}]}}