{"id":206869,"date":"2023-06-26T15:40:00","date_gmt":"2023-06-26T15:40:00","guid":{"rendered":"https:\/\/www.webdo.tn\/fr\/blog\/les-deux-bachelieres-les-plus-agees-mises-a-l-honneur\/206869\/"},"modified":"2025-05-20T22:09:27","modified_gmt":"2025-05-20T22:09:27","slug":"les-deux-bachelieres-les-plus-agees-mises-a-l-honneur","status":"publish","type":"post","link":"https:\/\/www.webdo.tn\/fr\/actualite\/national\/les-deux-bachelieres-les-plus-agees-mises-a-l-honneur\/206869\/","title":{"rendered":"Les deux bacheli\u00e8res les plus \u00e2g\u00e9es mises \u00e0 l&rsquo;honneur"},"content":{"rendered":"<p>La ministre de la famille, de la femme, de l&rsquo;enfance et des personnes \u00e2g\u00e9es, Amal Belhaj Moussa, a honor\u00e9, ce lundi 26 juin 2023, Donia Zarrouk et Houda Mohamed, les deux bacheli\u00e8res les plus \u00e2g\u00e9es admises \u00e0 la session principale du baccalaur\u00e9at 2023.<\/p>\n<p>\t\t\t\t\t\t\t\t\tDonia Zarrouk, 53 ans, mari\u00e9e et m\u00e8re de quatre enfants dont 3 dipl\u00f4m\u00e9s de l&rsquo;enseignement sup\u00e9rieur est originaire du gouvernorat de l&rsquo;Ariana, Elle a interrompu ses \u00e9tudes depuis 32 ans et a r\u00e9ussi son baccalaur\u00e9at (section Lettres) d\u00e8s la premi\u00e8re tentative.<\/p>\n<p>La deuxi\u00e8me \u00ab\u00a0laur\u00e9ate\u00a0\u00bb est originaire de Sousse. Elle est \u00e2g\u00e9e de 43 ans, elle a interrompu ses \u00e9tudes secondaires pour les reprendre il y a 4 ans et a r\u00e9ussi son bac Lettres d\u00e8s la premi\u00e8re tentative.<\/p>\n<p>La ministre a, \u00e0 cette occasion, salu\u00e9 la volont\u00e9 et l&rsquo;endurance des deux femmes qui constituent un exemple de d\u00e9termination, de courage et d&rsquo;attachement \u00e0 l&rsquo;excellence, affirmant qu&rsquo;il n&rsquo;y a pas de limite d&rsquo;\u00e2ge pour apprendre et exceller.<\/p>\n","protected":false},"excerpt":{"rendered":"<p>La ministre de la famille, de la femme, de l&rsquo;enfance et des personnes \u00e2g\u00e9es, Amal Belhaj Moussa, a honor\u00e9, ce lundi 26 juin 2023, Donia Zarrouk et Houda Mohamed&#8230;<\/p>\n","protected":false},"author":3162,"featured_media":278397,"comment_status":"open","ping_status":"closed","sticky":false,"template":"","format":"standard","meta":{"footnotes":""},"categories":[44],"tags":[8197,2785,2608],"class_list":["post-206869","post","type-post","status-publish","format-standard","has-post-thumbnail","hentry","category-national","tag-bac-2023","tag-baccalaureat","tag-tunisie"],"yoast_head":"<!-- This site is optimized with the Yoast SEO Premium plugin v27.4 (Yoast SEO v27.5) - https:\/\/yoast.com\/product\/yoast-seo-premium-wordpress\/ -->\n<title>Les deux bacheli\u00e8res les plus \u00e2g\u00e9es mises \u00e0 l&#039;honneur<\/title>\n<meta name=\"description\" content=\"La ministre de la famille, de la femme, de l&#039;enfance et des personnes \u00e2g\u00e9es, Amal Belhaj Moussa, a honor\u00e9, ce lundi 26 juin 2023, Donia Zarrouk et Houda Mohamed...\" \/>\n<link rel=\"canonical\" href=\"https:\/\/www.webdo.tn\/fr\/actualite\/national\/les-deux-bachelieres-les-plus-agees-mises-a-l-honneur\/206869\/\" \/>\n<meta property=\"og:locale\" content=\"fr_FR\" \/>\n<meta property=\"og:type\" content=\"article\" \/>\n<meta property=\"og:title\" content=\"Les deux bacheli\u00e8res les plus \u00e2g\u00e9es mises \u00e0 l&#039;honneur\" \/>\n<meta property=\"og:description\" content=\"La ministre de la famille, de la femme, de l&#039;enfance et des personnes \u00e2g\u00e9es, Amal Belhaj Moussa, a honor\u00e9, ce lundi 26 juin 2023, Donia Zarrouk et Houda Mohamed...\" \/>\n<meta property=\"og:url\" content=\"https:\/\/www.webdo.tn\/fr\/actualite\/national\/les-deux-bachelieres-les-plus-agees-mises-a-l-honneur\/206869\/\" \/>\n<meta property=\"og:site_name\" content=\"webdo\" \/>\n<meta property=\"article:publisher\" content=\"https:\/\/www.facebook.com\/webdotn\" \/>\n<meta property=\"article:published_time\" content=\"2023-06-26T15:40:00+00:00\" \/>\n<meta property=\"article:modified_time\" content=\"2025-05-20T22:09:27+00:00\" \/>\n<meta property=\"og:image\" content=\"https:\/\/www.webdo.tn\/fr\/wp-content\/uploads\/2023\/06\/ca257fdac9fdced85e627a23b3fac91d.jpg\" \/>\n\t<meta property=\"og:image:width\" content=\"650\" \/>\n\t<meta property=\"og:image:height\" content=\"347\" \/>\n\t<meta property=\"og:image:type\" content=\"image\/jpeg\" \/>\n<meta name=\"author\" content=\"MC\" \/>\n<meta name=\"twitter:card\" content=\"summary_large_image\" \/>\n<meta name=\"twitter:creator\" content=\"@webdo_tn\" \/>\n<meta name=\"twitter:site\" content=\"@webdo_tn\" \/>\n<meta name=\"twitter:label1\" content=\"\u00c9crit par\" \/>\n\t<meta name=\"twitter:data1\" content=\"MC\" \/>\n\t<meta name=\"twitter:label2\" content=\"Dur\u00e9e de lecture estim\u00e9e\" \/>\n\t<meta name=\"twitter:data2\" content=\"1 minute\" \/>\n<script type=\"application\/ld+json\" class=\"yoast-schema-graph\">{\"@context\":\"https:\\\/\\\/schema.org\",\"@graph\":[{\"@type\":\"NewsArticle\",\"@id\":\"https:\\\/\\\/www.webdo.tn\\\/fr\\\/actualite\\\/national\\\/les-deux-bachelieres-les-plus-agees-mises-a-l-honneur\\\/206869\\\/#article\",\"isPartOf\":{\"@id\":\"https:\\\/\\\/www.webdo.tn\\\/fr\\\/actualite\\\/national\\\/les-deux-bachelieres-les-plus-agees-mises-a-l-honneur\\\/206869\\\/\"},\"author\":{\"name\":\"MC\",\"@id\":\"https:\\\/\\\/www.webdo.tn\\\/fr\\\/#\\\/schema\\\/person\\\/2c4929cbf5a809e3bd38617c6ce150f6\"},\"headline\":\"Les deux bacheli\u00e8res les plus \u00e2g\u00e9es mises \u00e0 l&rsquo;honneur\",\"datePublished\":\"2023-06-26T15:40:00+00:00\",\"dateModified\":\"2025-05-20T22:09:27+00:00\",\"mainEntityOfPage\":{\"@id\":\"https:\\\/\\\/www.webdo.tn\\\/fr\\\/actualite\\\/national\\\/les-deux-bachelieres-les-plus-agees-mises-a-l-honneur\\\/206869\\\/\"},\"wordCount\":188,\"commentCount\":0,\"publisher\":{\"@id\":\"https:\\\/\\\/www.webdo.tn\\\/fr\\\/#organization\"},\"image\":{\"@id\":\"https:\\\/\\\/www.webdo.tn\\\/fr\\\/actualite\\\/national\\\/les-deux-bachelieres-les-plus-agees-mises-a-l-honneur\\\/206869\\\/#primaryimage\"},\"thumbnailUrl\":\"https:\\\/\\\/www.webdo.tn\\\/fr\\\/wp-content\\\/uploads\\\/2023\\\/06\\\/ca257fdac9fdced85e627a23b3fac91d.jpg\",\"keywords\":[\"Bac 2023\",\"baccalaur\u00e9at\",\"Tunisie\"],\"articleSection\":[\"National\"],\"inLanguage\":\"fr-FR\"},{\"@type\":\"WebPage\",\"@id\":\"https:\\\/\\\/www.webdo.tn\\\/fr\\\/actualite\\\/national\\\/les-deux-bachelieres-les-plus-agees-mises-a-l-honneur\\\/206869\\\/\",\"url\":\"https:\\\/\\\/www.webdo.tn\\\/fr\\\/actualite\\\/national\\\/les-deux-bachelieres-les-plus-agees-mises-a-l-honneur\\\/206869\\\/\",\"name\":\"Les deux bacheli\u00e8res les plus \u00e2g\u00e9es mises \u00e0 l'honneur\",\"isPartOf\":{\"@id\":\"https:\\\/\\\/www.webdo.tn\\\/fr\\\/#website\"},\"primaryImageOfPage\":{\"@id\":\"https:\\\/\\\/www.webdo.tn\\\/fr\\\/actualite\\\/national\\\/les-deux-bachelieres-les-plus-agees-mises-a-l-honneur\\\/206869\\\/#primaryimage\"},\"image\":{\"@id\":\"https:\\\/\\\/www.webdo.tn\\\/fr\\\/actualite\\\/national\\\/les-deux-bachelieres-les-plus-agees-mises-a-l-honneur\\\/206869\\\/#primaryimage\"},\"thumbnailUrl\":\"https:\\\/\\\/www.webdo.tn\\\/fr\\\/wp-content\\\/uploads\\\/2023\\\/06\\\/ca257fdac9fdced85e627a23b3fac91d.jpg\",\"datePublished\":\"2023-06-26T15:40:00+00:00\",\"dateModified\":\"2025-05-20T22:09:27+00:00\",\"description\":\"La ministre de la famille, de la femme, de l'enfance et des personnes \u00e2g\u00e9es, Amal Belhaj Moussa, a honor\u00e9, ce lundi 26 juin 2023, Donia Zarrouk et Houda Mohamed...\",\"breadcrumb\":{\"@id\":\"https:\\\/\\\/www.webdo.tn\\\/fr\\\/actualite\\\/national\\\/les-deux-bachelieres-les-plus-agees-mises-a-l-honneur\\\/206869\\\/#breadcrumb\"},\"inLanguage\":\"fr-FR\",\"potentialAction\":[{\"@type\":\"ReadAction\",\"target\":[\"https:\\\/\\\/www.webdo.tn\\\/fr\\\/actualite\\\/national\\\/les-deux-bachelieres-les-plus-agees-mises-a-l-honneur\\\/206869\\\/\"]}]},{\"@type\":\"ImageObject\",\"inLanguage\":\"fr-FR\",\"@id\":\"https:\\\/\\\/www.webdo.tn\\\/fr\\\/actualite\\\/national\\\/les-deux-bachelieres-les-plus-agees-mises-a-l-honneur\\\/206869\\\/#primaryimage\",\"url\":\"https:\\\/\\\/www.webdo.tn\\\/fr\\\/wp-content\\\/uploads\\\/2023\\\/06\\\/ca257fdac9fdced85e627a23b3fac91d.jpg\",\"contentUrl\":\"https:\\\/\\\/www.webdo.tn\\\/fr\\\/wp-content\\\/uploads\\\/2023\\\/06\\\/ca257fdac9fdced85e627a23b3fac91d.jpg\",\"width\":650,\"height\":347,\"caption\":\"Les deux bacheli\u00e8res les plus \u00e2g\u00e9es mises \u00e0 l'honneur\"},{\"@type\":\"BreadcrumbList\",\"@id\":\"https:\\\/\\\/www.webdo.tn\\\/fr\\\/actualite\\\/national\\\/les-deux-bachelieres-les-plus-agees-mises-a-l-honneur\\\/206869\\\/#breadcrumb\",\"itemListElement\":[{\"@type\":\"ListItem\",\"position\":1,\"name\":\"Accueil\",\"item\":\"https:\\\/\\\/www.webdo.tn\\\/fr\\\/\"},{\"@type\":\"ListItem\",\"position\":2,\"name\":\"Les deux bacheli\u00e8res les plus \u00e2g\u00e9es mises \u00e0 l&rsquo;honneur\"}]},{\"@type\":\"WebSite\",\"@id\":\"https:\\\/\\\/www.webdo.tn\\\/fr\\\/#website\",\"url\":\"https:\\\/\\\/www.webdo.tn\\\/fr\\\/\",\"name\":\"webdo\",\"description\":\"Tunisie - News en Tunisie et \u00e0 l&#039;international sur Webdo.tn\",\"publisher\":{\"@id\":\"https:\\\/\\\/www.webdo.tn\\\/fr\\\/#organization\"},\"potentialAction\":[{\"@type\":\"SearchAction\",\"target\":{\"@type\":\"EntryPoint\",\"urlTemplate\":\"https:\\\/\\\/www.webdo.tn\\\/fr\\\/?s={search_term_string}\"},\"query-input\":{\"@type\":\"PropertyValueSpecification\",\"valueRequired\":true,\"valueName\":\"search_term_string\"}}],\"inLanguage\":\"fr-FR\"},{\"@type\":\"Organization\",\"@id\":\"https:\\\/\\\/www.webdo.tn\\\/fr\\\/#organization\",\"name\":\"Webdo\",\"alternateName\":\"Webdo.tn\",\"url\":\"https:\\\/\\\/www.webdo.tn\\\/fr\\\/\",\"logo\":{\"@type\":\"ImageObject\",\"inLanguage\":\"fr-FR\",\"@id\":\"https:\\\/\\\/www.webdo.tn\\\/fr\\\/#\\\/schema\\\/logo\\\/image\\\/\",\"url\":\"https:\\\/\\\/www.webdo.tn\\\/fr\\\/wp-content\\\/uploads\\\/2025\\\/06\\\/Webdo-Tunisie_168377.jpg\",\"contentUrl\":\"https:\\\/\\\/www.webdo.tn\\\/fr\\\/wp-content\\\/uploads\\\/2025\\\/06\\\/Webdo-Tunisie_168377.jpg\",\"width\":301,\"height\":301,\"caption\":\"Webdo\"},\"image\":{\"@id\":\"https:\\\/\\\/www.webdo.tn\\\/fr\\\/#\\\/schema\\\/logo\\\/image\\\/\"},\"sameAs\":[\"https:\\\/\\\/www.facebook.com\\\/webdotn\",\"https:\\\/\\\/x.com\\\/webdo_tn\"],\"description\":\"Webdo est un m\u00e9dia num\u00e9rique tunisien fond\u00e9 en 2010, sp\u00e9cialis\u00e9 dans l\u2019actualit\u00e9 nationale et internationale, l\u2019\u00e9conomie, la soci\u00e9t\u00e9 et les analyses politiques. Le site s\u2019adresse \u00e0 un large public francophone et couvre l\u2019information tunisienne en temps r\u00e9el.\",\"email\":\"redac@webdo.tn\",\"legalName\":\"YNJ SARL\",\"foundingDate\":\"2010-09-06\",\"numberOfEmployees\":{\"@type\":\"QuantitativeValue\",\"minValue\":\"11\",\"maxValue\":\"50\"}},{\"@type\":\"Person\",\"@id\":\"https:\\\/\\\/www.webdo.tn\\\/fr\\\/#\\\/schema\\\/person\\\/2c4929cbf5a809e3bd38617c6ce150f6\",\"name\":\"MC\",\"image\":{\"@type\":\"ImageObject\",\"inLanguage\":\"fr-FR\",\"@id\":\"https:\\\/\\\/secure.gravatar.com\\\/avatar\\\/a545bbb6f84efdd5553dbbc2895e3ca8f1d12c5215e00a041c9670b54aa9b18a?s=96&d=mm&r=g\",\"url\":\"https:\\\/\\\/secure.gravatar.com\\\/avatar\\\/a545bbb6f84efdd5553dbbc2895e3ca8f1d12c5215e00a041c9670b54aa9b18a?s=96&d=mm&r=g\",\"contentUrl\":\"https:\\\/\\\/secure.gravatar.com\\\/avatar\\\/a545bbb6f84efdd5553dbbc2895e3ca8f1d12c5215e00a041c9670b54aa9b18a?s=96&d=mm&r=g\",\"caption\":\"MC\"},\"url\":\"https:\\\/\\\/www.webdo.tn\\\/fr\\\/actualite\\\/author\\\/mc\\\/\"}]}<\/script>\n<!-- \/ Yoast SEO Premium plugin. -->","yoast_head_json":{"title":"Les deux bacheli\u00e8res les plus \u00e2g\u00e9es mises \u00e0 l'honneur","description":"La ministre de la famille, de la femme, de l'enfance et des personnes \u00e2g\u00e9es, Amal Belhaj Moussa, a honor\u00e9, ce lundi 26 juin 2023, Donia Zarrouk et Houda Mohamed...","canonical":"https:\/\/www.webdo.tn\/fr\/actualite\/national\/les-deux-bachelieres-les-plus-agees-mises-a-l-honneur\/206869\/","og_locale":"fr_FR","og_type":"article","og_title":"Les deux bacheli\u00e8res les plus \u00e2g\u00e9es mises \u00e0 l'honneur","og_description":"La ministre de la famille, de la femme, de l'enfance et des personnes \u00e2g\u00e9es, Amal Belhaj Moussa, a honor\u00e9, ce lundi 26 juin 2023, Donia Zarrouk et Houda Mohamed...","og_url":"https:\/\/www.webdo.tn\/fr\/actualite\/national\/les-deux-bachelieres-les-plus-agees-mises-a-l-honneur\/206869\/","og_site_name":"webdo","article_publisher":"https:\/\/www.facebook.com\/webdotn","article_published_time":"2023-06-26T15:40:00+00:00","article_modified_time":"2025-05-20T22:09:27+00:00","og_image":[{"width":650,"height":347,"url":"https:\/\/www.webdo.tn\/fr\/wp-content\/uploads\/2023\/06\/ca257fdac9fdced85e627a23b3fac91d.jpg","type":"image\/jpeg"}],"author":"MC","twitter_card":"summary_large_image","twitter_creator":"@webdo_tn","twitter_site":"@webdo_tn","twitter_misc":{"\u00c9crit par":"MC","Dur\u00e9e de lecture estim\u00e9e":"1 minute"},"schema":{"@context":"https:\/\/schema.org","@graph":[{"@type":"NewsArticle","@id":"https:\/\/www.webdo.tn\/fr\/actualite\/national\/les-deux-bachelieres-les-plus-agees-mises-a-l-honneur\/206869\/#article","isPartOf":{"@id":"https:\/\/www.webdo.tn\/fr\/actualite\/national\/les-deux-bachelieres-les-plus-agees-mises-a-l-honneur\/206869\/"},"author":{"name":"MC","@id":"https:\/\/www.webdo.tn\/fr\/#\/schema\/person\/2c4929cbf5a809e3bd38617c6ce150f6"},"headline":"Les deux bacheli\u00e8res les plus \u00e2g\u00e9es mises \u00e0 l&rsquo;honneur","datePublished":"2023-06-26T15:40:00+00:00","dateModified":"2025-05-20T22:09:27+00:00","mainEntityOfPage":{"@id":"https:\/\/www.webdo.tn\/fr\/actualite\/national\/les-deux-bachelieres-les-plus-agees-mises-a-l-honneur\/206869\/"},"wordCount":188,"commentCount":0,"publisher":{"@id":"https:\/\/www.webdo.tn\/fr\/#organization"},"image":{"@id":"https:\/\/www.webdo.tn\/fr\/actualite\/national\/les-deux-bachelieres-les-plus-agees-mises-a-l-honneur\/206869\/#primaryimage"},"thumbnailUrl":"https:\/\/www.webdo.tn\/fr\/wp-content\/uploads\/2023\/06\/ca257fdac9fdced85e627a23b3fac91d.jpg","keywords":["Bac 2023","baccalaur\u00e9at","Tunisie"],"articleSection":["National"],"inLanguage":"fr-FR"},{"@type":"WebPage","@id":"https:\/\/www.webdo.tn\/fr\/actualite\/national\/les-deux-bachelieres-les-plus-agees-mises-a-l-honneur\/206869\/","url":"https:\/\/www.webdo.tn\/fr\/actualite\/national\/les-deux-bachelieres-les-plus-agees-mises-a-l-honneur\/206869\/","name":"Les deux bacheli\u00e8res les plus \u00e2g\u00e9es mises \u00e0 l'honneur","isPartOf":{"@id":"https:\/\/www.webdo.tn\/fr\/#website"},"primaryImageOfPage":{"@id":"https:\/\/www.webdo.tn\/fr\/actualite\/national\/les-deux-bachelieres-les-plus-agees-mises-a-l-honneur\/206869\/#primaryimage"},"image":{"@id":"https:\/\/www.webdo.tn\/fr\/actualite\/national\/les-deux-bachelieres-les-plus-agees-mises-a-l-honneur\/206869\/#primaryimage"},"thumbnailUrl":"https:\/\/www.webdo.tn\/fr\/wp-content\/uploads\/2023\/06\/ca257fdac9fdced85e627a23b3fac91d.jpg","datePublished":"2023-06-26T15:40:00+00:00","dateModified":"2025-05-20T22:09:27+00:00","description":"La ministre de la famille, de la femme, de l'enfance et des personnes \u00e2g\u00e9es, Amal Belhaj Moussa, a honor\u00e9, ce lundi 26 juin 2023, Donia Zarrouk et Houda Mohamed...","breadcrumb":{"@id":"https:\/\/www.webdo.tn\/fr\/actualite\/national\/les-deux-bachelieres-les-plus-agees-mises-a-l-honneur\/206869\/#breadcrumb"},"inLanguage":"fr-FR","potentialAction":[{"@type":"ReadAction","target":["https:\/\/www.webdo.tn\/fr\/actualite\/national\/les-deux-bachelieres-les-plus-agees-mises-a-l-honneur\/206869\/"]}]},{"@type":"ImageObject","inLanguage":"fr-FR","@id":"https:\/\/www.webdo.tn\/fr\/actualite\/national\/les-deux-bachelieres-les-plus-agees-mises-a-l-honneur\/206869\/#primaryimage","url":"https:\/\/www.webdo.tn\/fr\/wp-content\/uploads\/2023\/06\/ca257fdac9fdced85e627a23b3fac91d.jpg","contentUrl":"https:\/\/www.webdo.tn\/fr\/wp-content\/uploads\/2023\/06\/ca257fdac9fdced85e627a23b3fac91d.jpg","width":650,"height":347,"caption":"Les deux bacheli\u00e8res les plus \u00e2g\u00e9es mises \u00e0 l'honneur"},{"@type":"BreadcrumbList","@id":"https:\/\/www.webdo.tn\/fr\/actualite\/national\/les-deux-bachelieres-les-plus-agees-mises-a-l-honneur\/206869\/#breadcrumb","itemListElement":[{"@type":"ListItem","position":1,"name":"Accueil","item":"https:\/\/www.webdo.tn\/fr\/"},{"@type":"ListItem","position":2,"name":"Les deux bacheli\u00e8res les plus \u00e2g\u00e9es mises \u00e0 l&rsquo;honneur"}]},{"@type":"WebSite","@id":"https:\/\/www.webdo.tn\/fr\/#website","url":"https:\/\/www.webdo.tn\/fr\/","name":"webdo","description":"Tunisie - News en Tunisie et \u00e0 l&#039;international sur Webdo.tn","publisher":{"@id":"https:\/\/www.webdo.tn\/fr\/#organization"},"potentialAction":[{"@type":"SearchAction","target":{"@type":"EntryPoint","urlTemplate":"https:\/\/www.webdo.tn\/fr\/?s={search_term_string}"},"query-input":{"@type":"PropertyValueSpecification","valueRequired":true,"valueName":"search_term_string"}}],"inLanguage":"fr-FR"},{"@type":"Organization","@id":"https:\/\/www.webdo.tn\/fr\/#organization","name":"Webdo","alternateName":"Webdo.tn","url":"https:\/\/www.webdo.tn\/fr\/","logo":{"@type":"ImageObject","inLanguage":"fr-FR","@id":"https:\/\/www.webdo.tn\/fr\/#\/schema\/logo\/image\/","url":"https:\/\/www.webdo.tn\/fr\/wp-content\/uploads\/2025\/06\/Webdo-Tunisie_168377.jpg","contentUrl":"https:\/\/www.webdo.tn\/fr\/wp-content\/uploads\/2025\/06\/Webdo-Tunisie_168377.jpg","width":301,"height":301,"caption":"Webdo"},"image":{"@id":"https:\/\/www.webdo.tn\/fr\/#\/schema\/logo\/image\/"},"sameAs":["https:\/\/www.facebook.com\/webdotn","https:\/\/x.com\/webdo_tn"],"description":"Webdo est un m\u00e9dia num\u00e9rique tunisien fond\u00e9 en 2010, sp\u00e9cialis\u00e9 dans l\u2019actualit\u00e9 nationale et internationale, l\u2019\u00e9conomie, la soci\u00e9t\u00e9 et les analyses politiques. Le site s\u2019adresse \u00e0 un large public francophone et couvre l\u2019information tunisienne en temps r\u00e9el.","email":"redac@webdo.tn","legalName":"YNJ SARL","foundingDate":"2010-09-06","numberOfEmployees":{"@type":"QuantitativeValue","minValue":"11","maxValue":"50"}},{"@type":"Person","@id":"https:\/\/www.webdo.tn\/fr\/#\/schema\/person\/2c4929cbf5a809e3bd38617c6ce150f6","name":"MC","image":{"@type":"ImageObject","inLanguage":"fr-FR","@id":"https:\/\/secure.gravatar.com\/avatar\/a545bbb6f84efdd5553dbbc2895e3ca8f1d12c5215e00a041c9670b54aa9b18a?s=96&d=mm&r=g","url":"https:\/\/secure.gravatar.com\/avatar\/a545bbb6f84efdd5553dbbc2895e3ca8f1d12c5215e00a041c9670b54aa9b18a?s=96&d=mm&r=g","contentUrl":"https:\/\/secure.gravatar.com\/avatar\/a545bbb6f84efdd5553dbbc2895e3ca8f1d12c5215e00a041c9670b54aa9b18a?s=96&d=mm&r=g","caption":"MC"},"url":"https:\/\/www.webdo.tn\/fr\/actualite\/author\/mc\/"}]}},"_links":{"self":[{"href":"https:\/\/www.webdo.tn\/fr\/wp-json\/wp\/v2\/posts\/206869","targetHints":{"allow":["GET"]}}],"collection":[{"href":"https:\/\/www.webdo.tn\/fr\/wp-json\/wp\/v2\/posts"}],"about":[{"href":"https:\/\/www.webdo.tn\/fr\/wp-json\/wp\/v2\/types\/post"}],"author":[{"embeddable":true,"href":"https:\/\/www.webdo.tn\/fr\/wp-json\/wp\/v2\/users\/3162"}],"replies":[{"embeddable":true,"href":"https:\/\/www.webdo.tn\/fr\/wp-json\/wp\/v2\/comments?post=206869"}],"version-history":[{"count":0,"href":"https:\/\/www.webdo.tn\/fr\/wp-json\/wp\/v2\/posts\/206869\/revisions"}],"wp:featuredmedia":[{"embeddable":true,"href":"https:\/\/www.webdo.tn\/fr\/wp-json\/wp\/v2\/media\/278397"}],"wp:attachment":[{"href":"https:\/\/www.webdo.tn\/fr\/wp-json\/wp\/v2\/media?parent=206869"}],"wp:term":[{"taxonomy":"category","embeddable":true,"href":"https:\/\/www.webdo.tn\/fr\/wp-json\/wp\/v2\/categories?post=206869"},{"taxonomy":"post_tag","embeddable":true,"href":"https:\/\/www.webdo.tn\/fr\/wp-json\/wp\/v2\/tags?post=206869"}],"curies":[{"name":"wp","href":"https:\/\/api.w.org\/{rel}","templated":true}]}}