{"id":206857,"date":"2023-06-25T16:33:00","date_gmt":"2023-06-25T16:33:00","guid":{"rendered":"https:\/\/www.webdo.tn\/fr\/blog\/le-ras-le-bol-des-sfaxiens-face-a-la-recrudescence-de-la-migration-irreguliere\/206857\/"},"modified":"2025-05-20T22:42:37","modified_gmt":"2025-05-20T22:42:37","slug":"le-ras-le-bol-des-sfaxiens-face-a-la-recrudescence-de-la-migration-irreguliere","status":"publish","type":"post","link":"https:\/\/www.webdo.tn\/fr\/actualite\/national\/le-ras-le-bol-des-sfaxiens-face-a-la-recrudescence-de-la-migration-irreguliere\/206857\/","title":{"rendered":"Le ras-le-bol des Sfaxiens face \u00e0 la recrudescence de la migration irr\u00e9guli\u00e8re"},"content":{"rendered":"<p>Des activistes de la soci\u00e9t\u00e9 civile \u00e0 Sfax, ont appel\u00e9, dimanche, les autorit\u00e9s \u00e0 lutter contre la recrudescence de la migration irr\u00e9guli\u00e8re dans la r\u00e9gion et \u00e0 prendre toutes les mesures permettant de venir \u00e0 bout de ce ph\u00e9nom\u00e8ne et ses r\u00e9percussions n\u00e9gatives, aux plans social et \u00e9conomique.<\/p>\n<p>\t\t\t\t\t\t\t\t\tCes protestataires qui ont observ\u00e9 un sit-in devant le si\u00e8ge du gouvernorat de Sfax, ont scand\u00e9 des slogans hostiles \u00e0 l&rsquo;afflux des migrants irr\u00e9guliers \u00e0 Sfax et l&rsquo;augmentation du taux de violence et de criminalit\u00e9 dans la r\u00e9gion, soulignant l&rsquo;importance de la gestion du ph\u00e9nom\u00e8ne migratoire selon des normes l\u00e9gales et humaines.<\/p>\n<p>Ils ont \u00e9galement appel\u00e9 \u00e0 la n\u00e9cessit\u00e9 de nommer un gouverneur \u00e0 Sfax, poste vacant depuis le limogeage du gouverneur pr\u00e9c\u00e9dent, le mois de janvier dernier.<\/p>\n<p>Un grand nombre de protestataires ont d\u00e9nonc\u00e9, lors de ce sit-in, l&rsquo;\u00e9mergence de nouveaux ph\u00e9nom\u00e8nes socio-\u00e9conomiques tels que les circuits de vente parall\u00e8le des produits subventionn\u00e9s, les installations anarchiques devant les march\u00e9s (Bab El Jebli) et l&rsquo;entassement des ordures m\u00e9nag\u00e8res dans la ville de Sfax, outre l&rsquo;exploitation des jardins publics comme espaces d&rsquo;habitation, ainsi que l&rsquo;augmentation du taux de criminalit\u00e9 et de violence dans certains quartiers fr\u00e9quent\u00e9s par les migrants irr\u00e9guliers \u00e0 l&rsquo;instar de \u00ab\u00a0menzel chaker\u00a0\u00bb, \u00ab\u00a0el haffara\u00a0\u00bb, \u00ab\u00a0enassria\u00a0\u00bb, \u00ab\u00a0essoltania\u00a0\u00bb, \u00ab\u00a0hay lahbib\u00a0\u00bb et Hay El Bahri.<\/p>\n","protected":false},"excerpt":{"rendered":"<p>Des activistes de la soci\u00e9t\u00e9 civile \u00e0 Sfax, ont appel\u00e9, dimanche, les autorit\u00e9s \u00e0 lutter contre la recrudescence de la migration irr\u00e9guli\u00e8re dans la r\u00e9gion et \u00e0&#8230;<\/p>\n","protected":false},"author":3175,"featured_media":249887,"comment_status":"open","ping_status":"closed","sticky":false,"template":"","format":"standard","meta":{"footnotes":""},"categories":[44],"tags":[2615,2796,2675,2608],"class_list":["post-206857","post","type-post","status-publish","format-standard","has-post-thumbnail","hentry","category-national","tag-migration","tag-protestation","tag-sfax","tag-tunisie"],"yoast_head":"<!-- This site is optimized with the Yoast SEO Premium plugin v27.4 (Yoast SEO v27.5) - https:\/\/yoast.com\/product\/yoast-seo-premium-wordpress\/ -->\n<title>Le ras-le-bol des Sfaxiens face \u00e0 la recrudescence de la migration irr\u00e9guli\u00e8re<\/title>\n<meta name=\"description\" content=\"Des activistes de la soci\u00e9t\u00e9 civile \u00e0 Sfax, ont appel\u00e9, dimanche, les autorit\u00e9s \u00e0 lutter contre la recrudescence de la migration irr\u00e9guli\u00e8re dans la r\u00e9gion et \u00e0...\" \/>\n<link rel=\"canonical\" href=\"https:\/\/www.webdo.tn\/fr\/actualite\/national\/le-ras-le-bol-des-sfaxiens-face-a-la-recrudescence-de-la-migration-irreguliere\/206857\/\" \/>\n<meta property=\"og:locale\" content=\"fr_FR\" \/>\n<meta property=\"og:type\" content=\"article\" \/>\n<meta property=\"og:title\" content=\"Le ras-le-bol des Sfaxiens face \u00e0 la recrudescence de la migration irr\u00e9guli\u00e8re\" \/>\n<meta property=\"og:description\" content=\"Des activistes de la soci\u00e9t\u00e9 civile \u00e0 Sfax, ont appel\u00e9, dimanche, les autorit\u00e9s \u00e0 lutter contre la recrudescence de la migration irr\u00e9guli\u00e8re dans la r\u00e9gion et \u00e0...\" \/>\n<meta property=\"og:url\" content=\"https:\/\/www.webdo.tn\/fr\/actualite\/national\/le-ras-le-bol-des-sfaxiens-face-a-la-recrudescence-de-la-migration-irreguliere\/206857\/\" \/>\n<meta property=\"og:site_name\" content=\"webdo\" \/>\n<meta property=\"article:publisher\" content=\"https:\/\/www.facebook.com\/webdotn\" \/>\n<meta property=\"article:published_time\" content=\"2023-06-25T16:33:00+00:00\" \/>\n<meta property=\"article:modified_time\" content=\"2025-05-20T22:42:37+00:00\" \/>\n<meta property=\"og:image\" content=\"https:\/\/www.webdo.tn\/fr\/wp-content\/uploads\/2023\/06\/689d46a7d22ef2f13c4fc361d0dc4fc0.jpg\" \/>\n\t<meta property=\"og:image:width\" content=\"750\" \/>\n\t<meta property=\"og:image:height\" content=\"400\" \/>\n\t<meta property=\"og:image:type\" content=\"image\/jpeg\" \/>\n<meta name=\"author\" content=\"CL\" \/>\n<meta name=\"twitter:card\" content=\"summary_large_image\" \/>\n<meta name=\"twitter:creator\" content=\"@webdo_tn\" \/>\n<meta name=\"twitter:site\" content=\"@webdo_tn\" \/>\n<meta name=\"twitter:label1\" content=\"\u00c9crit par\" \/>\n\t<meta name=\"twitter:data1\" content=\"CL\" \/>\n\t<meta name=\"twitter:label2\" content=\"Dur\u00e9e de lecture estim\u00e9e\" \/>\n\t<meta name=\"twitter:data2\" content=\"1 minute\" \/>\n<script type=\"application\/ld+json\" class=\"yoast-schema-graph\">{\"@context\":\"https:\\\/\\\/schema.org\",\"@graph\":[{\"@type\":\"NewsArticle\",\"@id\":\"https:\\\/\\\/www.webdo.tn\\\/fr\\\/actualite\\\/national\\\/le-ras-le-bol-des-sfaxiens-face-a-la-recrudescence-de-la-migration-irreguliere\\\/206857\\\/#article\",\"isPartOf\":{\"@id\":\"https:\\\/\\\/www.webdo.tn\\\/fr\\\/actualite\\\/national\\\/le-ras-le-bol-des-sfaxiens-face-a-la-recrudescence-de-la-migration-irreguliere\\\/206857\\\/\"},\"author\":{\"name\":\"CL\",\"@id\":\"https:\\\/\\\/www.webdo.tn\\\/fr\\\/#\\\/schema\\\/person\\\/f35b42a42c5e2511bbd282959d6385cc\"},\"headline\":\"Le ras-le-bol des Sfaxiens face \u00e0 la recrudescence de la migration irr\u00e9guli\u00e8re\",\"datePublished\":\"2023-06-25T16:33:00+00:00\",\"dateModified\":\"2025-05-20T22:42:37+00:00\",\"mainEntityOfPage\":{\"@id\":\"https:\\\/\\\/www.webdo.tn\\\/fr\\\/actualite\\\/national\\\/le-ras-le-bol-des-sfaxiens-face-a-la-recrudescence-de-la-migration-irreguliere\\\/206857\\\/\"},\"wordCount\":255,\"commentCount\":0,\"publisher\":{\"@id\":\"https:\\\/\\\/www.webdo.tn\\\/fr\\\/#organization\"},\"image\":{\"@id\":\"https:\\\/\\\/www.webdo.tn\\\/fr\\\/actualite\\\/national\\\/le-ras-le-bol-des-sfaxiens-face-a-la-recrudescence-de-la-migration-irreguliere\\\/206857\\\/#primaryimage\"},\"thumbnailUrl\":\"https:\\\/\\\/www.webdo.tn\\\/fr\\\/wp-content\\\/uploads\\\/2023\\\/06\\\/689d46a7d22ef2f13c4fc361d0dc4fc0.jpg\",\"keywords\":[\"Migration\",\"protestation\",\"Sfax\",\"Tunisie\"],\"articleSection\":[\"National\"],\"inLanguage\":\"fr-FR\"},{\"@type\":\"WebPage\",\"@id\":\"https:\\\/\\\/www.webdo.tn\\\/fr\\\/actualite\\\/national\\\/le-ras-le-bol-des-sfaxiens-face-a-la-recrudescence-de-la-migration-irreguliere\\\/206857\\\/\",\"url\":\"https:\\\/\\\/www.webdo.tn\\\/fr\\\/actualite\\\/national\\\/le-ras-le-bol-des-sfaxiens-face-a-la-recrudescence-de-la-migration-irreguliere\\\/206857\\\/\",\"name\":\"Le ras-le-bol des Sfaxiens face \u00e0 la recrudescence de la migration irr\u00e9guli\u00e8re\",\"isPartOf\":{\"@id\":\"https:\\\/\\\/www.webdo.tn\\\/fr\\\/#website\"},\"primaryImageOfPage\":{\"@id\":\"https:\\\/\\\/www.webdo.tn\\\/fr\\\/actualite\\\/national\\\/le-ras-le-bol-des-sfaxiens-face-a-la-recrudescence-de-la-migration-irreguliere\\\/206857\\\/#primaryimage\"},\"image\":{\"@id\":\"https:\\\/\\\/www.webdo.tn\\\/fr\\\/actualite\\\/national\\\/le-ras-le-bol-des-sfaxiens-face-a-la-recrudescence-de-la-migration-irreguliere\\\/206857\\\/#primaryimage\"},\"thumbnailUrl\":\"https:\\\/\\\/www.webdo.tn\\\/fr\\\/wp-content\\\/uploads\\\/2023\\\/06\\\/689d46a7d22ef2f13c4fc361d0dc4fc0.jpg\",\"datePublished\":\"2023-06-25T16:33:00+00:00\",\"dateModified\":\"2025-05-20T22:42:37+00:00\",\"description\":\"Des activistes de la soci\u00e9t\u00e9 civile \u00e0 Sfax, ont appel\u00e9, dimanche, les autorit\u00e9s \u00e0 lutter contre la recrudescence de la migration irr\u00e9guli\u00e8re dans la r\u00e9gion et \u00e0...\",\"breadcrumb\":{\"@id\":\"https:\\\/\\\/www.webdo.tn\\\/fr\\\/actualite\\\/national\\\/le-ras-le-bol-des-sfaxiens-face-a-la-recrudescence-de-la-migration-irreguliere\\\/206857\\\/#breadcrumb\"},\"inLanguage\":\"fr-FR\",\"potentialAction\":[{\"@type\":\"ReadAction\",\"target\":[\"https:\\\/\\\/www.webdo.tn\\\/fr\\\/actualite\\\/national\\\/le-ras-le-bol-des-sfaxiens-face-a-la-recrudescence-de-la-migration-irreguliere\\\/206857\\\/\"]}]},{\"@type\":\"ImageObject\",\"inLanguage\":\"fr-FR\",\"@id\":\"https:\\\/\\\/www.webdo.tn\\\/fr\\\/actualite\\\/national\\\/le-ras-le-bol-des-sfaxiens-face-a-la-recrudescence-de-la-migration-irreguliere\\\/206857\\\/#primaryimage\",\"url\":\"https:\\\/\\\/www.webdo.tn\\\/fr\\\/wp-content\\\/uploads\\\/2023\\\/06\\\/689d46a7d22ef2f13c4fc361d0dc4fc0.jpg\",\"contentUrl\":\"https:\\\/\\\/www.webdo.tn\\\/fr\\\/wp-content\\\/uploads\\\/2023\\\/06\\\/689d46a7d22ef2f13c4fc361d0dc4fc0.jpg\",\"width\":750,\"height\":400,\"caption\":\"Le ras-le-bol des Sfaxiens face \u00e0 la recrudescence de la migration irr\u00e9guli\u00e8re\"},{\"@type\":\"BreadcrumbList\",\"@id\":\"https:\\\/\\\/www.webdo.tn\\\/fr\\\/actualite\\\/national\\\/le-ras-le-bol-des-sfaxiens-face-a-la-recrudescence-de-la-migration-irreguliere\\\/206857\\\/#breadcrumb\",\"itemListElement\":[{\"@type\":\"ListItem\",\"position\":1,\"name\":\"Accueil\",\"item\":\"https:\\\/\\\/www.webdo.tn\\\/fr\\\/\"},{\"@type\":\"ListItem\",\"position\":2,\"name\":\"Le ras-le-bol des Sfaxiens face \u00e0 la recrudescence de la migration irr\u00e9guli\u00e8re\"}]},{\"@type\":\"WebSite\",\"@id\":\"https:\\\/\\\/www.webdo.tn\\\/fr\\\/#website\",\"url\":\"https:\\\/\\\/www.webdo.tn\\\/fr\\\/\",\"name\":\"webdo\",\"description\":\"Tunisie - News en Tunisie et \u00e0 l&#039;international sur Webdo.tn\",\"publisher\":{\"@id\":\"https:\\\/\\\/www.webdo.tn\\\/fr\\\/#organization\"},\"potentialAction\":[{\"@type\":\"SearchAction\",\"target\":{\"@type\":\"EntryPoint\",\"urlTemplate\":\"https:\\\/\\\/www.webdo.tn\\\/fr\\\/?s={search_term_string}\"},\"query-input\":{\"@type\":\"PropertyValueSpecification\",\"valueRequired\":true,\"valueName\":\"search_term_string\"}}],\"inLanguage\":\"fr-FR\"},{\"@type\":\"Organization\",\"@id\":\"https:\\\/\\\/www.webdo.tn\\\/fr\\\/#organization\",\"name\":\"Webdo\",\"alternateName\":\"Webdo.tn\",\"url\":\"https:\\\/\\\/www.webdo.tn\\\/fr\\\/\",\"logo\":{\"@type\":\"ImageObject\",\"inLanguage\":\"fr-FR\",\"@id\":\"https:\\\/\\\/www.webdo.tn\\\/fr\\\/#\\\/schema\\\/logo\\\/image\\\/\",\"url\":\"https:\\\/\\\/www.webdo.tn\\\/fr\\\/wp-content\\\/uploads\\\/2025\\\/06\\\/Webdo-Tunisie_168377.jpg\",\"contentUrl\":\"https:\\\/\\\/www.webdo.tn\\\/fr\\\/wp-content\\\/uploads\\\/2025\\\/06\\\/Webdo-Tunisie_168377.jpg\",\"width\":301,\"height\":301,\"caption\":\"Webdo\"},\"image\":{\"@id\":\"https:\\\/\\\/www.webdo.tn\\\/fr\\\/#\\\/schema\\\/logo\\\/image\\\/\"},\"sameAs\":[\"https:\\\/\\\/www.facebook.com\\\/webdotn\",\"https:\\\/\\\/x.com\\\/webdo_tn\"],\"description\":\"Webdo est un m\u00e9dia num\u00e9rique tunisien fond\u00e9 en 2010, sp\u00e9cialis\u00e9 dans l\u2019actualit\u00e9 nationale et internationale, l\u2019\u00e9conomie, la soci\u00e9t\u00e9 et les analyses politiques. Le site s\u2019adresse \u00e0 un large public francophone et couvre l\u2019information tunisienne en temps r\u00e9el.\",\"email\":\"redac@webdo.tn\",\"legalName\":\"YNJ SARL\",\"foundingDate\":\"2010-09-06\",\"numberOfEmployees\":{\"@type\":\"QuantitativeValue\",\"minValue\":\"11\",\"maxValue\":\"50\"}},{\"@type\":\"Person\",\"@id\":\"https:\\\/\\\/www.webdo.tn\\\/fr\\\/#\\\/schema\\\/person\\\/f35b42a42c5e2511bbd282959d6385cc\",\"name\":\"CL\",\"image\":{\"@type\":\"ImageObject\",\"inLanguage\":\"fr-FR\",\"@id\":\"https:\\\/\\\/secure.gravatar.com\\\/avatar\\\/1447a49909b67aa657c488aec6512e1dd6143a480c1ecfee9b5b5cd74eb3b59e?s=96&d=mm&r=g\",\"url\":\"https:\\\/\\\/secure.gravatar.com\\\/avatar\\\/1447a49909b67aa657c488aec6512e1dd6143a480c1ecfee9b5b5cd74eb3b59e?s=96&d=mm&r=g\",\"contentUrl\":\"https:\\\/\\\/secure.gravatar.com\\\/avatar\\\/1447a49909b67aa657c488aec6512e1dd6143a480c1ecfee9b5b5cd74eb3b59e?s=96&d=mm&r=g\",\"caption\":\"CL\"},\"url\":\"https:\\\/\\\/www.webdo.tn\\\/fr\\\/actualite\\\/author\\\/cl\\\/\"}]}<\/script>\n<!-- \/ Yoast SEO Premium plugin. -->","yoast_head_json":{"title":"Le ras-le-bol des Sfaxiens face \u00e0 la recrudescence de la migration irr\u00e9guli\u00e8re","description":"Des activistes de la soci\u00e9t\u00e9 civile \u00e0 Sfax, ont appel\u00e9, dimanche, les autorit\u00e9s \u00e0 lutter contre la recrudescence de la migration irr\u00e9guli\u00e8re dans la r\u00e9gion et \u00e0...","canonical":"https:\/\/www.webdo.tn\/fr\/actualite\/national\/le-ras-le-bol-des-sfaxiens-face-a-la-recrudescence-de-la-migration-irreguliere\/206857\/","og_locale":"fr_FR","og_type":"article","og_title":"Le ras-le-bol des Sfaxiens face \u00e0 la recrudescence de la migration irr\u00e9guli\u00e8re","og_description":"Des activistes de la soci\u00e9t\u00e9 civile \u00e0 Sfax, ont appel\u00e9, dimanche, les autorit\u00e9s \u00e0 lutter contre la recrudescence de la migration irr\u00e9guli\u00e8re dans la r\u00e9gion et \u00e0...","og_url":"https:\/\/www.webdo.tn\/fr\/actualite\/national\/le-ras-le-bol-des-sfaxiens-face-a-la-recrudescence-de-la-migration-irreguliere\/206857\/","og_site_name":"webdo","article_publisher":"https:\/\/www.facebook.com\/webdotn","article_published_time":"2023-06-25T16:33:00+00:00","article_modified_time":"2025-05-20T22:42:37+00:00","og_image":[{"width":750,"height":400,"url":"https:\/\/www.webdo.tn\/fr\/wp-content\/uploads\/2023\/06\/689d46a7d22ef2f13c4fc361d0dc4fc0.jpg","type":"image\/jpeg"}],"author":"CL","twitter_card":"summary_large_image","twitter_creator":"@webdo_tn","twitter_site":"@webdo_tn","twitter_misc":{"\u00c9crit par":"CL","Dur\u00e9e de lecture estim\u00e9e":"1 minute"},"schema":{"@context":"https:\/\/schema.org","@graph":[{"@type":"NewsArticle","@id":"https:\/\/www.webdo.tn\/fr\/actualite\/national\/le-ras-le-bol-des-sfaxiens-face-a-la-recrudescence-de-la-migration-irreguliere\/206857\/#article","isPartOf":{"@id":"https:\/\/www.webdo.tn\/fr\/actualite\/national\/le-ras-le-bol-des-sfaxiens-face-a-la-recrudescence-de-la-migration-irreguliere\/206857\/"},"author":{"name":"CL","@id":"https:\/\/www.webdo.tn\/fr\/#\/schema\/person\/f35b42a42c5e2511bbd282959d6385cc"},"headline":"Le ras-le-bol des Sfaxiens face \u00e0 la recrudescence de la migration irr\u00e9guli\u00e8re","datePublished":"2023-06-25T16:33:00+00:00","dateModified":"2025-05-20T22:42:37+00:00","mainEntityOfPage":{"@id":"https:\/\/www.webdo.tn\/fr\/actualite\/national\/le-ras-le-bol-des-sfaxiens-face-a-la-recrudescence-de-la-migration-irreguliere\/206857\/"},"wordCount":255,"commentCount":0,"publisher":{"@id":"https:\/\/www.webdo.tn\/fr\/#organization"},"image":{"@id":"https:\/\/www.webdo.tn\/fr\/actualite\/national\/le-ras-le-bol-des-sfaxiens-face-a-la-recrudescence-de-la-migration-irreguliere\/206857\/#primaryimage"},"thumbnailUrl":"https:\/\/www.webdo.tn\/fr\/wp-content\/uploads\/2023\/06\/689d46a7d22ef2f13c4fc361d0dc4fc0.jpg","keywords":["Migration","protestation","Sfax","Tunisie"],"articleSection":["National"],"inLanguage":"fr-FR"},{"@type":"WebPage","@id":"https:\/\/www.webdo.tn\/fr\/actualite\/national\/le-ras-le-bol-des-sfaxiens-face-a-la-recrudescence-de-la-migration-irreguliere\/206857\/","url":"https:\/\/www.webdo.tn\/fr\/actualite\/national\/le-ras-le-bol-des-sfaxiens-face-a-la-recrudescence-de-la-migration-irreguliere\/206857\/","name":"Le ras-le-bol des Sfaxiens face \u00e0 la recrudescence de la migration irr\u00e9guli\u00e8re","isPartOf":{"@id":"https:\/\/www.webdo.tn\/fr\/#website"},"primaryImageOfPage":{"@id":"https:\/\/www.webdo.tn\/fr\/actualite\/national\/le-ras-le-bol-des-sfaxiens-face-a-la-recrudescence-de-la-migration-irreguliere\/206857\/#primaryimage"},"image":{"@id":"https:\/\/www.webdo.tn\/fr\/actualite\/national\/le-ras-le-bol-des-sfaxiens-face-a-la-recrudescence-de-la-migration-irreguliere\/206857\/#primaryimage"},"thumbnailUrl":"https:\/\/www.webdo.tn\/fr\/wp-content\/uploads\/2023\/06\/689d46a7d22ef2f13c4fc361d0dc4fc0.jpg","datePublished":"2023-06-25T16:33:00+00:00","dateModified":"2025-05-20T22:42:37+00:00","description":"Des activistes de la soci\u00e9t\u00e9 civile \u00e0 Sfax, ont appel\u00e9, dimanche, les autorit\u00e9s \u00e0 lutter contre la recrudescence de la migration irr\u00e9guli\u00e8re dans la r\u00e9gion et \u00e0...","breadcrumb":{"@id":"https:\/\/www.webdo.tn\/fr\/actualite\/national\/le-ras-le-bol-des-sfaxiens-face-a-la-recrudescence-de-la-migration-irreguliere\/206857\/#breadcrumb"},"inLanguage":"fr-FR","potentialAction":[{"@type":"ReadAction","target":["https:\/\/www.webdo.tn\/fr\/actualite\/national\/le-ras-le-bol-des-sfaxiens-face-a-la-recrudescence-de-la-migration-irreguliere\/206857\/"]}]},{"@type":"ImageObject","inLanguage":"fr-FR","@id":"https:\/\/www.webdo.tn\/fr\/actualite\/national\/le-ras-le-bol-des-sfaxiens-face-a-la-recrudescence-de-la-migration-irreguliere\/206857\/#primaryimage","url":"https:\/\/www.webdo.tn\/fr\/wp-content\/uploads\/2023\/06\/689d46a7d22ef2f13c4fc361d0dc4fc0.jpg","contentUrl":"https:\/\/www.webdo.tn\/fr\/wp-content\/uploads\/2023\/06\/689d46a7d22ef2f13c4fc361d0dc4fc0.jpg","width":750,"height":400,"caption":"Le ras-le-bol des Sfaxiens face \u00e0 la recrudescence de la migration irr\u00e9guli\u00e8re"},{"@type":"BreadcrumbList","@id":"https:\/\/www.webdo.tn\/fr\/actualite\/national\/le-ras-le-bol-des-sfaxiens-face-a-la-recrudescence-de-la-migration-irreguliere\/206857\/#breadcrumb","itemListElement":[{"@type":"ListItem","position":1,"name":"Accueil","item":"https:\/\/www.webdo.tn\/fr\/"},{"@type":"ListItem","position":2,"name":"Le ras-le-bol des Sfaxiens face \u00e0 la recrudescence de la migration irr\u00e9guli\u00e8re"}]},{"@type":"WebSite","@id":"https:\/\/www.webdo.tn\/fr\/#website","url":"https:\/\/www.webdo.tn\/fr\/","name":"webdo","description":"Tunisie - News en Tunisie et \u00e0 l&#039;international sur Webdo.tn","publisher":{"@id":"https:\/\/www.webdo.tn\/fr\/#organization"},"potentialAction":[{"@type":"SearchAction","target":{"@type":"EntryPoint","urlTemplate":"https:\/\/www.webdo.tn\/fr\/?s={search_term_string}"},"query-input":{"@type":"PropertyValueSpecification","valueRequired":true,"valueName":"search_term_string"}}],"inLanguage":"fr-FR"},{"@type":"Organization","@id":"https:\/\/www.webdo.tn\/fr\/#organization","name":"Webdo","alternateName":"Webdo.tn","url":"https:\/\/www.webdo.tn\/fr\/","logo":{"@type":"ImageObject","inLanguage":"fr-FR","@id":"https:\/\/www.webdo.tn\/fr\/#\/schema\/logo\/image\/","url":"https:\/\/www.webdo.tn\/fr\/wp-content\/uploads\/2025\/06\/Webdo-Tunisie_168377.jpg","contentUrl":"https:\/\/www.webdo.tn\/fr\/wp-content\/uploads\/2025\/06\/Webdo-Tunisie_168377.jpg","width":301,"height":301,"caption":"Webdo"},"image":{"@id":"https:\/\/www.webdo.tn\/fr\/#\/schema\/logo\/image\/"},"sameAs":["https:\/\/www.facebook.com\/webdotn","https:\/\/x.com\/webdo_tn"],"description":"Webdo est un m\u00e9dia num\u00e9rique tunisien fond\u00e9 en 2010, sp\u00e9cialis\u00e9 dans l\u2019actualit\u00e9 nationale et internationale, l\u2019\u00e9conomie, la soci\u00e9t\u00e9 et les analyses politiques. Le site s\u2019adresse \u00e0 un large public francophone et couvre l\u2019information tunisienne en temps r\u00e9el.","email":"redac@webdo.tn","legalName":"YNJ SARL","foundingDate":"2010-09-06","numberOfEmployees":{"@type":"QuantitativeValue","minValue":"11","maxValue":"50"}},{"@type":"Person","@id":"https:\/\/www.webdo.tn\/fr\/#\/schema\/person\/f35b42a42c5e2511bbd282959d6385cc","name":"CL","image":{"@type":"ImageObject","inLanguage":"fr-FR","@id":"https:\/\/secure.gravatar.com\/avatar\/1447a49909b67aa657c488aec6512e1dd6143a480c1ecfee9b5b5cd74eb3b59e?s=96&d=mm&r=g","url":"https:\/\/secure.gravatar.com\/avatar\/1447a49909b67aa657c488aec6512e1dd6143a480c1ecfee9b5b5cd74eb3b59e?s=96&d=mm&r=g","contentUrl":"https:\/\/secure.gravatar.com\/avatar\/1447a49909b67aa657c488aec6512e1dd6143a480c1ecfee9b5b5cd74eb3b59e?s=96&d=mm&r=g","caption":"CL"},"url":"https:\/\/www.webdo.tn\/fr\/actualite\/author\/cl\/"}]}},"_links":{"self":[{"href":"https:\/\/www.webdo.tn\/fr\/wp-json\/wp\/v2\/posts\/206857","targetHints":{"allow":["GET"]}}],"collection":[{"href":"https:\/\/www.webdo.tn\/fr\/wp-json\/wp\/v2\/posts"}],"about":[{"href":"https:\/\/www.webdo.tn\/fr\/wp-json\/wp\/v2\/types\/post"}],"author":[{"embeddable":true,"href":"https:\/\/www.webdo.tn\/fr\/wp-json\/wp\/v2\/users\/3175"}],"replies":[{"embeddable":true,"href":"https:\/\/www.webdo.tn\/fr\/wp-json\/wp\/v2\/comments?post=206857"}],"version-history":[{"count":0,"href":"https:\/\/www.webdo.tn\/fr\/wp-json\/wp\/v2\/posts\/206857\/revisions"}],"wp:featuredmedia":[{"embeddable":true,"href":"https:\/\/www.webdo.tn\/fr\/wp-json\/wp\/v2\/media\/249887"}],"wp:attachment":[{"href":"https:\/\/www.webdo.tn\/fr\/wp-json\/wp\/v2\/media?parent=206857"}],"wp:term":[{"taxonomy":"category","embeddable":true,"href":"https:\/\/www.webdo.tn\/fr\/wp-json\/wp\/v2\/categories?post=206857"},{"taxonomy":"post_tag","embeddable":true,"href":"https:\/\/www.webdo.tn\/fr\/wp-json\/wp\/v2\/tags?post=206857"}],"curies":[{"name":"wp","href":"https:\/\/api.w.org\/{rel}","templated":true}]}}