{"id":206843,"date":"2023-06-24T10:10:00","date_gmt":"2023-06-24T10:10:00","guid":{"rendered":"https:\/\/www.webdo.tn\/fr\/blog\/deux-jours-de-conge-a-l-occasion-de-l-aid-el-idha-2\/206843\/"},"modified":"2025-05-20T21:58:41","modified_gmt":"2025-05-20T21:58:41","slug":"deux-jours-de-conge-a-l-occasion-de-l-aid-el-idha-2","status":"publish","type":"post","link":"https:\/\/www.webdo.tn\/fr\/actualite\/national\/deux-jours-de-conge-a-l-occasion-de-l-aid-el-idha-2\/206843\/","title":{"rendered":"Deux jours de cong\u00e9 \u00e0 l\u2019occasion de l\u2019A\u00efd El Idha"},"content":{"rendered":"<p>Deux jours de cong\u00e9, mercredi 28 et jeudi 29 juin 2023, \u00e0 l&rsquo;occasion de l\u2019A\u00efd El Idha.<\/p>\n<p>\t\t\t\t\t\t\t\t\tL&rsquo;A\u00efd El Idha est \u00e0 nos portes. A cette occasion deux jours de cong\u00e9 seront accord\u00e9s aux agents de l&rsquo;Etat, des collectivit\u00e9s locales et des \u00e9tablissements publics \u00e0 caract\u00e8re administratif, indique un communiqu\u00e9 de la pr\u00e9sidence du Gouvernement.<\/p>\n<p>L&rsquo;A\u00efd, c\u00e9l\u00e9br\u00e9 mercredi 28 et jeudi 29 juin sera \u00e9galement f\u00e9ri\u00e9 pour une tr\u00e8s grand majorit\u00e9 des Tunisiens employ\u00e9s dans le secteur priv\u00e9.<\/p>\n","protected":false},"excerpt":{"rendered":"<p>Deux jours de cong\u00e9, mercredi 28 et jeudi 29 juin 2023, \u00e0 l&rsquo;occasion de l\u2019A\u00efd El Idha.<\/p>\n","protected":false},"author":3162,"featured_media":249877,"comment_status":"open","ping_status":"closed","sticky":false,"template":"","format":"standard","meta":{"footnotes":""},"categories":[44],"tags":[6317,5924,6327],"class_list":["post-206843","post","type-post","status-publish","format-standard","has-post-thumbnail","hentry","category-national","tag-aid-el-idha","tag-conge","tag-ferie"],"yoast_head":"<!-- This site is optimized with the Yoast SEO Premium plugin v27.5 (Yoast SEO v27.5) - https:\/\/yoast.com\/product\/yoast-seo-premium-wordpress\/ -->\n<title>Deux jours de cong\u00e9 \u00e0 l\u2019occasion de l\u2019A\u00efd El Idha<\/title>\n<meta name=\"description\" content=\"Deux jours de cong\u00e9, mercredi 28 et jeudi 29 juin 2023, \u00e0 l&#039;occasion de l\u2019A\u00efd El Idha.\" \/>\n<link rel=\"canonical\" href=\"https:\/\/www.webdo.tn\/fr\/actualite\/national\/deux-jours-de-conge-a-l-occasion-de-l-aid-el-idha-2\/206843\/\" \/>\n<meta property=\"og:locale\" content=\"fr_FR\" \/>\n<meta property=\"og:type\" content=\"article\" \/>\n<meta property=\"og:title\" content=\"Deux jours de cong\u00e9 \u00e0 l\u2019occasion de l\u2019A\u00efd El Idha\" \/>\n<meta property=\"og:description\" content=\"Deux jours de cong\u00e9, mercredi 28 et jeudi 29 juin 2023, \u00e0 l&#039;occasion de l\u2019A\u00efd El Idha.\" \/>\n<meta property=\"og:url\" content=\"https:\/\/www.webdo.tn\/fr\/actualite\/national\/deux-jours-de-conge-a-l-occasion-de-l-aid-el-idha-2\/206843\/\" \/>\n<meta property=\"og:site_name\" content=\"webdo\" \/>\n<meta property=\"article:publisher\" content=\"https:\/\/www.facebook.com\/webdotn\" \/>\n<meta property=\"article:published_time\" content=\"2023-06-24T10:10:00+00:00\" \/>\n<meta property=\"article:modified_time\" content=\"2025-05-20T21:58:41+00:00\" \/>\n<meta property=\"og:image\" content=\"https:\/\/www.webdo.tn\/fr\/wp-content\/uploads\/2023\/06\/724ec1cc19bd7077710a220b1ec55b19.jpg\" \/>\n\t<meta property=\"og:image:width\" content=\"700\" \/>\n\t<meta property=\"og:image:height\" content=\"373\" \/>\n\t<meta property=\"og:image:type\" content=\"image\/jpeg\" \/>\n<meta name=\"author\" content=\"MC\" \/>\n<meta name=\"twitter:card\" content=\"summary_large_image\" \/>\n<meta name=\"twitter:creator\" content=\"@webdo_tn\" \/>\n<meta name=\"twitter:site\" content=\"@webdo_tn\" \/>\n<meta name=\"twitter:label1\" content=\"\u00c9crit par\" \/>\n\t<meta name=\"twitter:data1\" content=\"MC\" \/>\n<script type=\"application\/ld+json\" class=\"yoast-schema-graph\">{\"@context\":\"https:\\\/\\\/schema.org\",\"@graph\":[{\"@type\":\"NewsArticle\",\"@id\":\"https:\\\/\\\/www.webdo.tn\\\/fr\\\/actualite\\\/national\\\/deux-jours-de-conge-a-l-occasion-de-l-aid-el-idha-2\\\/206843\\\/#article\",\"isPartOf\":{\"@id\":\"https:\\\/\\\/www.webdo.tn\\\/fr\\\/actualite\\\/national\\\/deux-jours-de-conge-a-l-occasion-de-l-aid-el-idha-2\\\/206843\\\/\"},\"author\":{\"name\":\"MC\",\"@id\":\"https:\\\/\\\/www.webdo.tn\\\/fr\\\/#\\\/schema\\\/person\\\/2c4929cbf5a809e3bd38617c6ce150f6\"},\"headline\":\"Deux jours de cong\u00e9 \u00e0 l\u2019occasion de l\u2019A\u00efd El Idha\",\"datePublished\":\"2023-06-24T10:10:00+00:00\",\"dateModified\":\"2025-05-20T21:58:41+00:00\",\"mainEntityOfPage\":{\"@id\":\"https:\\\/\\\/www.webdo.tn\\\/fr\\\/actualite\\\/national\\\/deux-jours-de-conge-a-l-occasion-de-l-aid-el-idha-2\\\/206843\\\/\"},\"wordCount\":99,\"commentCount\":0,\"publisher\":{\"@id\":\"https:\\\/\\\/www.webdo.tn\\\/fr\\\/#organization\"},\"image\":{\"@id\":\"https:\\\/\\\/www.webdo.tn\\\/fr\\\/actualite\\\/national\\\/deux-jours-de-conge-a-l-occasion-de-l-aid-el-idha-2\\\/206843\\\/#primaryimage\"},\"thumbnailUrl\":\"https:\\\/\\\/www.webdo.tn\\\/fr\\\/wp-content\\\/uploads\\\/2023\\\/06\\\/724ec1cc19bd7077710a220b1ec55b19.jpg\",\"keywords\":[\"aid el idha\",\"cong\u00e9\",\"f\u00e9ri\u00e9\"],\"articleSection\":[\"National\"],\"inLanguage\":\"fr-FR\"},{\"@type\":\"WebPage\",\"@id\":\"https:\\\/\\\/www.webdo.tn\\\/fr\\\/actualite\\\/national\\\/deux-jours-de-conge-a-l-occasion-de-l-aid-el-idha-2\\\/206843\\\/\",\"url\":\"https:\\\/\\\/www.webdo.tn\\\/fr\\\/actualite\\\/national\\\/deux-jours-de-conge-a-l-occasion-de-l-aid-el-idha-2\\\/206843\\\/\",\"name\":\"Deux jours de cong\u00e9 \u00e0 l\u2019occasion de l\u2019A\u00efd El Idha\",\"isPartOf\":{\"@id\":\"https:\\\/\\\/www.webdo.tn\\\/fr\\\/#website\"},\"primaryImageOfPage\":{\"@id\":\"https:\\\/\\\/www.webdo.tn\\\/fr\\\/actualite\\\/national\\\/deux-jours-de-conge-a-l-occasion-de-l-aid-el-idha-2\\\/206843\\\/#primaryimage\"},\"image\":{\"@id\":\"https:\\\/\\\/www.webdo.tn\\\/fr\\\/actualite\\\/national\\\/deux-jours-de-conge-a-l-occasion-de-l-aid-el-idha-2\\\/206843\\\/#primaryimage\"},\"thumbnailUrl\":\"https:\\\/\\\/www.webdo.tn\\\/fr\\\/wp-content\\\/uploads\\\/2023\\\/06\\\/724ec1cc19bd7077710a220b1ec55b19.jpg\",\"datePublished\":\"2023-06-24T10:10:00+00:00\",\"dateModified\":\"2025-05-20T21:58:41+00:00\",\"description\":\"Deux jours de cong\u00e9, mercredi 28 et jeudi 29 juin 2023, \u00e0 l'occasion de l\u2019A\u00efd El Idha.\",\"breadcrumb\":{\"@id\":\"https:\\\/\\\/www.webdo.tn\\\/fr\\\/actualite\\\/national\\\/deux-jours-de-conge-a-l-occasion-de-l-aid-el-idha-2\\\/206843\\\/#breadcrumb\"},\"inLanguage\":\"fr-FR\",\"potentialAction\":[{\"@type\":\"ReadAction\",\"target\":[\"https:\\\/\\\/www.webdo.tn\\\/fr\\\/actualite\\\/national\\\/deux-jours-de-conge-a-l-occasion-de-l-aid-el-idha-2\\\/206843\\\/\"]}]},{\"@type\":\"ImageObject\",\"inLanguage\":\"fr-FR\",\"@id\":\"https:\\\/\\\/www.webdo.tn\\\/fr\\\/actualite\\\/national\\\/deux-jours-de-conge-a-l-occasion-de-l-aid-el-idha-2\\\/206843\\\/#primaryimage\",\"url\":\"https:\\\/\\\/www.webdo.tn\\\/fr\\\/wp-content\\\/uploads\\\/2023\\\/06\\\/724ec1cc19bd7077710a220b1ec55b19.jpg\",\"contentUrl\":\"https:\\\/\\\/www.webdo.tn\\\/fr\\\/wp-content\\\/uploads\\\/2023\\\/06\\\/724ec1cc19bd7077710a220b1ec55b19.jpg\",\"width\":700,\"height\":373,\"caption\":\"Deux jours de cong\u00e9 \u00e0 l\u2019occasion de l\u2019A\u00efd El Idha\"},{\"@type\":\"BreadcrumbList\",\"@id\":\"https:\\\/\\\/www.webdo.tn\\\/fr\\\/actualite\\\/national\\\/deux-jours-de-conge-a-l-occasion-de-l-aid-el-idha-2\\\/206843\\\/#breadcrumb\",\"itemListElement\":[{\"@type\":\"ListItem\",\"position\":1,\"name\":\"Accueil\",\"item\":\"https:\\\/\\\/www.webdo.tn\\\/fr\\\/\"},{\"@type\":\"ListItem\",\"position\":2,\"name\":\"Deux jours de cong\u00e9 \u00e0 l\u2019occasion de l\u2019A\u00efd El Idha\"}]},{\"@type\":\"WebSite\",\"@id\":\"https:\\\/\\\/www.webdo.tn\\\/fr\\\/#website\",\"url\":\"https:\\\/\\\/www.webdo.tn\\\/fr\\\/\",\"name\":\"webdo\",\"description\":\"Tunisie - News en Tunisie et \u00e0 l&#039;international sur Webdo.tn\",\"publisher\":{\"@id\":\"https:\\\/\\\/www.webdo.tn\\\/fr\\\/#organization\"},\"potentialAction\":[{\"@type\":\"SearchAction\",\"target\":{\"@type\":\"EntryPoint\",\"urlTemplate\":\"https:\\\/\\\/www.webdo.tn\\\/fr\\\/?s={search_term_string}\"},\"query-input\":{\"@type\":\"PropertyValueSpecification\",\"valueRequired\":true,\"valueName\":\"search_term_string\"}}],\"inLanguage\":\"fr-FR\"},{\"@type\":\"Organization\",\"@id\":\"https:\\\/\\\/www.webdo.tn\\\/fr\\\/#organization\",\"name\":\"Webdo\",\"alternateName\":\"Webdo.tn\",\"url\":\"https:\\\/\\\/www.webdo.tn\\\/fr\\\/\",\"logo\":{\"@type\":\"ImageObject\",\"inLanguage\":\"fr-FR\",\"@id\":\"https:\\\/\\\/www.webdo.tn\\\/fr\\\/#\\\/schema\\\/logo\\\/image\\\/\",\"url\":\"https:\\\/\\\/www.webdo.tn\\\/fr\\\/wp-content\\\/uploads\\\/2025\\\/06\\\/Webdo-Tunisie_168377.jpg\",\"contentUrl\":\"https:\\\/\\\/www.webdo.tn\\\/fr\\\/wp-content\\\/uploads\\\/2025\\\/06\\\/Webdo-Tunisie_168377.jpg\",\"width\":301,\"height\":301,\"caption\":\"Webdo\"},\"image\":{\"@id\":\"https:\\\/\\\/www.webdo.tn\\\/fr\\\/#\\\/schema\\\/logo\\\/image\\\/\"},\"sameAs\":[\"https:\\\/\\\/www.facebook.com\\\/webdotn\",\"https:\\\/\\\/x.com\\\/webdo_tn\"],\"description\":\"Webdo est un m\u00e9dia num\u00e9rique tunisien fond\u00e9 en 2010, sp\u00e9cialis\u00e9 dans l\u2019actualit\u00e9 nationale et internationale, l\u2019\u00e9conomie, la soci\u00e9t\u00e9 et les analyses politiques. Le site s\u2019adresse \u00e0 un large public francophone et couvre l\u2019information tunisienne en temps r\u00e9el.\",\"email\":\"redac@webdo.tn\",\"legalName\":\"YNJ SARL\",\"foundingDate\":\"2010-09-06\",\"numberOfEmployees\":{\"@type\":\"QuantitativeValue\",\"minValue\":\"11\",\"maxValue\":\"50\"}},{\"@type\":\"Person\",\"@id\":\"https:\\\/\\\/www.webdo.tn\\\/fr\\\/#\\\/schema\\\/person\\\/2c4929cbf5a809e3bd38617c6ce150f6\",\"name\":\"MC\",\"image\":{\"@type\":\"ImageObject\",\"inLanguage\":\"fr-FR\",\"@id\":\"https:\\\/\\\/secure.gravatar.com\\\/avatar\\\/a545bbb6f84efdd5553dbbc2895e3ca8f1d12c5215e00a041c9670b54aa9b18a?s=96&d=mm&r=g\",\"url\":\"https:\\\/\\\/secure.gravatar.com\\\/avatar\\\/a545bbb6f84efdd5553dbbc2895e3ca8f1d12c5215e00a041c9670b54aa9b18a?s=96&d=mm&r=g\",\"contentUrl\":\"https:\\\/\\\/secure.gravatar.com\\\/avatar\\\/a545bbb6f84efdd5553dbbc2895e3ca8f1d12c5215e00a041c9670b54aa9b18a?s=96&d=mm&r=g\",\"caption\":\"MC\"},\"url\":\"https:\\\/\\\/www.webdo.tn\\\/fr\\\/actualite\\\/author\\\/mc\\\/\"}]}<\/script>\n<!-- \/ Yoast SEO Premium plugin. -->","yoast_head_json":{"title":"Deux jours de cong\u00e9 \u00e0 l\u2019occasion de l\u2019A\u00efd El Idha","description":"Deux jours de cong\u00e9, mercredi 28 et jeudi 29 juin 2023, \u00e0 l'occasion de l\u2019A\u00efd El Idha.","canonical":"https:\/\/www.webdo.tn\/fr\/actualite\/national\/deux-jours-de-conge-a-l-occasion-de-l-aid-el-idha-2\/206843\/","og_locale":"fr_FR","og_type":"article","og_title":"Deux jours de cong\u00e9 \u00e0 l\u2019occasion de l\u2019A\u00efd El Idha","og_description":"Deux jours de cong\u00e9, mercredi 28 et jeudi 29 juin 2023, \u00e0 l'occasion de l\u2019A\u00efd El Idha.","og_url":"https:\/\/www.webdo.tn\/fr\/actualite\/national\/deux-jours-de-conge-a-l-occasion-de-l-aid-el-idha-2\/206843\/","og_site_name":"webdo","article_publisher":"https:\/\/www.facebook.com\/webdotn","article_published_time":"2023-06-24T10:10:00+00:00","article_modified_time":"2025-05-20T21:58:41+00:00","og_image":[{"width":700,"height":373,"url":"https:\/\/www.webdo.tn\/fr\/wp-content\/uploads\/2023\/06\/724ec1cc19bd7077710a220b1ec55b19.jpg","type":"image\/jpeg"}],"author":"MC","twitter_card":"summary_large_image","twitter_creator":"@webdo_tn","twitter_site":"@webdo_tn","twitter_misc":{"\u00c9crit par":"MC"},"schema":{"@context":"https:\/\/schema.org","@graph":[{"@type":"NewsArticle","@id":"https:\/\/www.webdo.tn\/fr\/actualite\/national\/deux-jours-de-conge-a-l-occasion-de-l-aid-el-idha-2\/206843\/#article","isPartOf":{"@id":"https:\/\/www.webdo.tn\/fr\/actualite\/national\/deux-jours-de-conge-a-l-occasion-de-l-aid-el-idha-2\/206843\/"},"author":{"name":"MC","@id":"https:\/\/www.webdo.tn\/fr\/#\/schema\/person\/2c4929cbf5a809e3bd38617c6ce150f6"},"headline":"Deux jours de cong\u00e9 \u00e0 l\u2019occasion de l\u2019A\u00efd El Idha","datePublished":"2023-06-24T10:10:00+00:00","dateModified":"2025-05-20T21:58:41+00:00","mainEntityOfPage":{"@id":"https:\/\/www.webdo.tn\/fr\/actualite\/national\/deux-jours-de-conge-a-l-occasion-de-l-aid-el-idha-2\/206843\/"},"wordCount":99,"commentCount":0,"publisher":{"@id":"https:\/\/www.webdo.tn\/fr\/#organization"},"image":{"@id":"https:\/\/www.webdo.tn\/fr\/actualite\/national\/deux-jours-de-conge-a-l-occasion-de-l-aid-el-idha-2\/206843\/#primaryimage"},"thumbnailUrl":"https:\/\/www.webdo.tn\/fr\/wp-content\/uploads\/2023\/06\/724ec1cc19bd7077710a220b1ec55b19.jpg","keywords":["aid el idha","cong\u00e9","f\u00e9ri\u00e9"],"articleSection":["National"],"inLanguage":"fr-FR"},{"@type":"WebPage","@id":"https:\/\/www.webdo.tn\/fr\/actualite\/national\/deux-jours-de-conge-a-l-occasion-de-l-aid-el-idha-2\/206843\/","url":"https:\/\/www.webdo.tn\/fr\/actualite\/national\/deux-jours-de-conge-a-l-occasion-de-l-aid-el-idha-2\/206843\/","name":"Deux jours de cong\u00e9 \u00e0 l\u2019occasion de l\u2019A\u00efd El Idha","isPartOf":{"@id":"https:\/\/www.webdo.tn\/fr\/#website"},"primaryImageOfPage":{"@id":"https:\/\/www.webdo.tn\/fr\/actualite\/national\/deux-jours-de-conge-a-l-occasion-de-l-aid-el-idha-2\/206843\/#primaryimage"},"image":{"@id":"https:\/\/www.webdo.tn\/fr\/actualite\/national\/deux-jours-de-conge-a-l-occasion-de-l-aid-el-idha-2\/206843\/#primaryimage"},"thumbnailUrl":"https:\/\/www.webdo.tn\/fr\/wp-content\/uploads\/2023\/06\/724ec1cc19bd7077710a220b1ec55b19.jpg","datePublished":"2023-06-24T10:10:00+00:00","dateModified":"2025-05-20T21:58:41+00:00","description":"Deux jours de cong\u00e9, mercredi 28 et jeudi 29 juin 2023, \u00e0 l'occasion de l\u2019A\u00efd El Idha.","breadcrumb":{"@id":"https:\/\/www.webdo.tn\/fr\/actualite\/national\/deux-jours-de-conge-a-l-occasion-de-l-aid-el-idha-2\/206843\/#breadcrumb"},"inLanguage":"fr-FR","potentialAction":[{"@type":"ReadAction","target":["https:\/\/www.webdo.tn\/fr\/actualite\/national\/deux-jours-de-conge-a-l-occasion-de-l-aid-el-idha-2\/206843\/"]}]},{"@type":"ImageObject","inLanguage":"fr-FR","@id":"https:\/\/www.webdo.tn\/fr\/actualite\/national\/deux-jours-de-conge-a-l-occasion-de-l-aid-el-idha-2\/206843\/#primaryimage","url":"https:\/\/www.webdo.tn\/fr\/wp-content\/uploads\/2023\/06\/724ec1cc19bd7077710a220b1ec55b19.jpg","contentUrl":"https:\/\/www.webdo.tn\/fr\/wp-content\/uploads\/2023\/06\/724ec1cc19bd7077710a220b1ec55b19.jpg","width":700,"height":373,"caption":"Deux jours de cong\u00e9 \u00e0 l\u2019occasion de l\u2019A\u00efd El Idha"},{"@type":"BreadcrumbList","@id":"https:\/\/www.webdo.tn\/fr\/actualite\/national\/deux-jours-de-conge-a-l-occasion-de-l-aid-el-idha-2\/206843\/#breadcrumb","itemListElement":[{"@type":"ListItem","position":1,"name":"Accueil","item":"https:\/\/www.webdo.tn\/fr\/"},{"@type":"ListItem","position":2,"name":"Deux jours de cong\u00e9 \u00e0 l\u2019occasion de l\u2019A\u00efd El Idha"}]},{"@type":"WebSite","@id":"https:\/\/www.webdo.tn\/fr\/#website","url":"https:\/\/www.webdo.tn\/fr\/","name":"webdo","description":"Tunisie - News en Tunisie et \u00e0 l&#039;international sur Webdo.tn","publisher":{"@id":"https:\/\/www.webdo.tn\/fr\/#organization"},"potentialAction":[{"@type":"SearchAction","target":{"@type":"EntryPoint","urlTemplate":"https:\/\/www.webdo.tn\/fr\/?s={search_term_string}"},"query-input":{"@type":"PropertyValueSpecification","valueRequired":true,"valueName":"search_term_string"}}],"inLanguage":"fr-FR"},{"@type":"Organization","@id":"https:\/\/www.webdo.tn\/fr\/#organization","name":"Webdo","alternateName":"Webdo.tn","url":"https:\/\/www.webdo.tn\/fr\/","logo":{"@type":"ImageObject","inLanguage":"fr-FR","@id":"https:\/\/www.webdo.tn\/fr\/#\/schema\/logo\/image\/","url":"https:\/\/www.webdo.tn\/fr\/wp-content\/uploads\/2025\/06\/Webdo-Tunisie_168377.jpg","contentUrl":"https:\/\/www.webdo.tn\/fr\/wp-content\/uploads\/2025\/06\/Webdo-Tunisie_168377.jpg","width":301,"height":301,"caption":"Webdo"},"image":{"@id":"https:\/\/www.webdo.tn\/fr\/#\/schema\/logo\/image\/"},"sameAs":["https:\/\/www.facebook.com\/webdotn","https:\/\/x.com\/webdo_tn"],"description":"Webdo est un m\u00e9dia num\u00e9rique tunisien fond\u00e9 en 2010, sp\u00e9cialis\u00e9 dans l\u2019actualit\u00e9 nationale et internationale, l\u2019\u00e9conomie, la soci\u00e9t\u00e9 et les analyses politiques. Le site s\u2019adresse \u00e0 un large public francophone et couvre l\u2019information tunisienne en temps r\u00e9el.","email":"redac@webdo.tn","legalName":"YNJ SARL","foundingDate":"2010-09-06","numberOfEmployees":{"@type":"QuantitativeValue","minValue":"11","maxValue":"50"}},{"@type":"Person","@id":"https:\/\/www.webdo.tn\/fr\/#\/schema\/person\/2c4929cbf5a809e3bd38617c6ce150f6","name":"MC","image":{"@type":"ImageObject","inLanguage":"fr-FR","@id":"https:\/\/secure.gravatar.com\/avatar\/a545bbb6f84efdd5553dbbc2895e3ca8f1d12c5215e00a041c9670b54aa9b18a?s=96&d=mm&r=g","url":"https:\/\/secure.gravatar.com\/avatar\/a545bbb6f84efdd5553dbbc2895e3ca8f1d12c5215e00a041c9670b54aa9b18a?s=96&d=mm&r=g","contentUrl":"https:\/\/secure.gravatar.com\/avatar\/a545bbb6f84efdd5553dbbc2895e3ca8f1d12c5215e00a041c9670b54aa9b18a?s=96&d=mm&r=g","caption":"MC"},"url":"https:\/\/www.webdo.tn\/fr\/actualite\/author\/mc\/"}]}},"_links":{"self":[{"href":"https:\/\/www.webdo.tn\/fr\/wp-json\/wp\/v2\/posts\/206843","targetHints":{"allow":["GET"]}}],"collection":[{"href":"https:\/\/www.webdo.tn\/fr\/wp-json\/wp\/v2\/posts"}],"about":[{"href":"https:\/\/www.webdo.tn\/fr\/wp-json\/wp\/v2\/types\/post"}],"author":[{"embeddable":true,"href":"https:\/\/www.webdo.tn\/fr\/wp-json\/wp\/v2\/users\/3162"}],"replies":[{"embeddable":true,"href":"https:\/\/www.webdo.tn\/fr\/wp-json\/wp\/v2\/comments?post=206843"}],"version-history":[{"count":0,"href":"https:\/\/www.webdo.tn\/fr\/wp-json\/wp\/v2\/posts\/206843\/revisions"}],"wp:featuredmedia":[{"embeddable":true,"href":"https:\/\/www.webdo.tn\/fr\/wp-json\/wp\/v2\/media\/249877"}],"wp:attachment":[{"href":"https:\/\/www.webdo.tn\/fr\/wp-json\/wp\/v2\/media?parent=206843"}],"wp:term":[{"taxonomy":"category","embeddable":true,"href":"https:\/\/www.webdo.tn\/fr\/wp-json\/wp\/v2\/categories?post=206843"},{"taxonomy":"post_tag","embeddable":true,"href":"https:\/\/www.webdo.tn\/fr\/wp-json\/wp\/v2\/tags?post=206843"}],"curies":[{"name":"wp","href":"https:\/\/api.w.org\/{rel}","templated":true}]}}