{"id":206841,"date":"2023-06-24T09:49:00","date_gmt":"2023-06-24T09:49:00","guid":{"rendered":"https:\/\/www.webdo.tn\/fr\/blog\/la-tunisie-rejette-les-declarations-du-haut-commissaire-de-l-onu\/206841\/"},"modified":"2025-05-20T22:09:26","modified_gmt":"2025-05-20T22:09:26","slug":"la-tunisie-rejette-les-declarations-du-haut-commissaire-de-l-onu","status":"publish","type":"post","link":"https:\/\/www.webdo.tn\/fr\/actualite\/national\/la-tunisie-rejette-les-declarations-du-haut-commissaire-de-l-onu\/206841\/","title":{"rendered":"La Tunisie rejette les d\u00e9clarations du Haut-Commissaire de l\u2019Onu"},"content":{"rendered":"<p>Le minist\u00e8re des Affaires \u00e9trang\u00e8res a r\u00e9pondu, dans la soir\u00e9e de ce vendredi 23 juin 2033 au communiqu\u00e9 du Haut-Commissaire des Nations Unies aux droits de l\u2019Homme.<\/p>\n<p>\t\t\t\t\t\t\t\t\tEstimant que le Haut-Commissariat, en tant qu\u2019organisation onusienne \u00ab\u00a0est soumis au devoir de neutralit\u00e9 et aurait d\u00fb faire preuve d\u2019exactitude et d\u2019objectivit\u00e9 avant d\u2019\u00e9mettre des positions qui contredisent la r\u00e9alit\u00e9\u00a0\u00bb, indique le communiqu\u00e9 du minist\u00e8re des Affaires \u00e9trang\u00e8res.<\/p>\n<p>\u00ab\u00a0La Tunisie souligne que la libert\u00e9 d\u2019opinion et d\u2019expression est garantie par le texte de la constitution et consacr\u00e9e dans la r\u00e9alit\u00e9, et que les poursuites et les arrestations \u00e9voqu\u00e9es dans le communiqu\u00e9 de l\u2019Onu sont fond\u00e9es sur des actes incrimin\u00e9s par la loi tunisienne et n\u2019ont rien \u00e0 voir avec la libert\u00e9 d\u2019opinion et d\u2019expression\u00bb, ajoute encore la m\u00eame source en affirmant que les arrestations ont \u00e9t\u00e9 men\u00e9es \u00abdans le cadre du plein respect des proc\u00e9dures en vigueur en Tunisie\u00a0\u00bb.<\/p>\n<p>Le MAE rappelle que \u00ab\u00a0la Tunisie souligne que les Tunisiens n\u2019attendent d\u2019aucune partie une \u00e9valuation de sa situation int\u00e9rieure et sur la mani\u00e8re d\u2019appliquer sa propre l\u00e9gislation, tout en appelant ses partenaires \u00e0 respecter la volont\u00e9 et les choix du peuple et \u00e0 s\u2019abstenir de toute tentative d\u2019ing\u00e9rence dans ses affaires internes ou d\u2019influence de la justice\u00a0\u00bb.<\/p>\n<p>Rappelons que le Haut-Commissaire des Nations Unies aux droits de l&rsquo;Homme, Volker T\u00fcrk, a fait part, dans un communiqu\u00e9 publi\u00e9 ce vendredi 23 juin, de sa pr\u00e9occupation face aux restrictions croissantes du droit \u00e0 la libert\u00e9 d&rsquo;expression et \u00e0 la libert\u00e9 de la presse en Tunisie.<\/p>\n<p>Volker T\u00fcrk a exprim\u00e9 ses inqui\u00e9tudes qu&rsquo;une l\u00e9gislation vague est utilis\u00e9e pour criminaliser le journalisme ind\u00e9pendant et \u00e9touffer critique des autorit\u00e9s. En ce sens, il appelle la Tunisie \u00e0 changer de cap alors qu&rsquo;elle \u00e9tait autrefois porteur de tant d&rsquo;espoir et avoir assurer pas mal de r\u00e9alisations en mati\u00e8re de droits humains, au cours des dix derni\u00e8res ann\u00e9es.<\/p>\n<p>Volker T\u00fcrk expliqu\u00e9, dans ledit communiqu\u00e9, que le Bureau des droits de l&rsquo;Homme des Nations Unies en Tunisie a document\u00e9 21 cas de violations pr\u00e9sum\u00e9es des droits de l&rsquo;Homme contre des journalistes, y compris des poursuites devant des tribunaux civils et militaires.<\/p>\n","protected":false},"excerpt":{"rendered":"<p>Le minist\u00e8re des Affaires \u00e9trang\u00e8res a r\u00e9pondu, dans la soir\u00e9e de ce vendredi 23 juin 2033 au communiqu\u00e9 du Haut-Commissaire des Nations Unies aux droits de l\u2019H&#8230;<\/p>\n","protected":false},"author":3162,"featured_media":278384,"comment_status":"open","ping_status":"closed","sticky":false,"template":"","format":"standard","meta":{"footnotes":""},"categories":[44],"tags":[9566,3296],"class_list":["post-206841","post","type-post","status-publish","format-standard","has-post-thumbnail","hentry","category-national","tag-commissaire-des-nations-unies-aux-droits-de-lhomme","tag-onu"],"yoast_head":"<!-- This site is optimized with the Yoast SEO Premium plugin v27.5 (Yoast SEO v27.5) - https:\/\/yoast.com\/product\/yoast-seo-premium-wordpress\/ -->\n<title>La Tunisie rejette les d\u00e9clarations du Haut-Commissaire de l\u2019Onu<\/title>\n<meta name=\"description\" content=\"Le minist\u00e8re des Affaires \u00e9trang\u00e8res a r\u00e9pondu, dans la soir\u00e9e de ce vendredi 23 juin 2033 au communiqu\u00e9 du Haut-Commissaire des Nations Unies aux droits de l\u2019H...\" \/>\n<link rel=\"canonical\" href=\"https:\/\/www.webdo.tn\/fr\/actualite\/national\/la-tunisie-rejette-les-declarations-du-haut-commissaire-de-l-onu\/206841\/\" \/>\n<meta property=\"og:locale\" content=\"fr_FR\" \/>\n<meta property=\"og:type\" content=\"article\" \/>\n<meta property=\"og:title\" content=\"La Tunisie rejette les d\u00e9clarations du Haut-Commissaire de l\u2019Onu\" \/>\n<meta property=\"og:description\" content=\"Le minist\u00e8re des Affaires \u00e9trang\u00e8res a r\u00e9pondu, dans la soir\u00e9e de ce vendredi 23 juin 2033 au communiqu\u00e9 du Haut-Commissaire des Nations Unies aux droits de l\u2019H...\" \/>\n<meta property=\"og:url\" content=\"https:\/\/www.webdo.tn\/fr\/actualite\/national\/la-tunisie-rejette-les-declarations-du-haut-commissaire-de-l-onu\/206841\/\" \/>\n<meta property=\"og:site_name\" content=\"webdo\" \/>\n<meta property=\"article:publisher\" content=\"https:\/\/www.facebook.com\/webdotn\" \/>\n<meta property=\"article:published_time\" content=\"2023-06-24T09:49:00+00:00\" \/>\n<meta property=\"article:modified_time\" content=\"2025-05-20T22:09:26+00:00\" \/>\n<meta property=\"og:image\" content=\"https:\/\/www.webdo.tn\/fr\/wp-content\/uploads\/2023\/06\/d6f53665f9bcc58cebb9ba40f5d21161.jpg\" \/>\n\t<meta property=\"og:image:width\" content=\"750\" \/>\n\t<meta property=\"og:image:height\" content=\"400\" \/>\n\t<meta property=\"og:image:type\" content=\"image\/jpeg\" \/>\n<meta name=\"author\" content=\"MC\" \/>\n<meta name=\"twitter:card\" content=\"summary_large_image\" \/>\n<meta name=\"twitter:creator\" content=\"@webdo_tn\" \/>\n<meta name=\"twitter:site\" content=\"@webdo_tn\" \/>\n<meta name=\"twitter:label1\" content=\"\u00c9crit par\" \/>\n\t<meta name=\"twitter:data1\" content=\"MC\" \/>\n\t<meta name=\"twitter:label2\" content=\"Dur\u00e9e de lecture estim\u00e9e\" \/>\n\t<meta name=\"twitter:data2\" content=\"2 minutes\" \/>\n<script type=\"application\/ld+json\" class=\"yoast-schema-graph\">{\"@context\":\"https:\\\/\\\/schema.org\",\"@graph\":[{\"@type\":\"NewsArticle\",\"@id\":\"https:\\\/\\\/www.webdo.tn\\\/fr\\\/actualite\\\/national\\\/la-tunisie-rejette-les-declarations-du-haut-commissaire-de-l-onu\\\/206841\\\/#article\",\"isPartOf\":{\"@id\":\"https:\\\/\\\/www.webdo.tn\\\/fr\\\/actualite\\\/national\\\/la-tunisie-rejette-les-declarations-du-haut-commissaire-de-l-onu\\\/206841\\\/\"},\"author\":{\"name\":\"MC\",\"@id\":\"https:\\\/\\\/www.webdo.tn\\\/fr\\\/#\\\/schema\\\/person\\\/2c4929cbf5a809e3bd38617c6ce150f6\"},\"headline\":\"La Tunisie rejette les d\u00e9clarations du Haut-Commissaire de l\u2019Onu\",\"datePublished\":\"2023-06-24T09:49:00+00:00\",\"dateModified\":\"2025-05-20T22:09:26+00:00\",\"mainEntityOfPage\":{\"@id\":\"https:\\\/\\\/www.webdo.tn\\\/fr\\\/actualite\\\/national\\\/la-tunisie-rejette-les-declarations-du-haut-commissaire-de-l-onu\\\/206841\\\/\"},\"wordCount\":408,\"commentCount\":0,\"publisher\":{\"@id\":\"https:\\\/\\\/www.webdo.tn\\\/fr\\\/#organization\"},\"image\":{\"@id\":\"https:\\\/\\\/www.webdo.tn\\\/fr\\\/actualite\\\/national\\\/la-tunisie-rejette-les-declarations-du-haut-commissaire-de-l-onu\\\/206841\\\/#primaryimage\"},\"thumbnailUrl\":\"https:\\\/\\\/www.webdo.tn\\\/fr\\\/wp-content\\\/uploads\\\/2023\\\/06\\\/d6f53665f9bcc58cebb9ba40f5d21161.jpg\",\"keywords\":[\"Commissaire des Nations Unies aux droits de l\u2019Homme\",\"ONU\"],\"articleSection\":[\"National\"],\"inLanguage\":\"fr-FR\"},{\"@type\":\"WebPage\",\"@id\":\"https:\\\/\\\/www.webdo.tn\\\/fr\\\/actualite\\\/national\\\/la-tunisie-rejette-les-declarations-du-haut-commissaire-de-l-onu\\\/206841\\\/\",\"url\":\"https:\\\/\\\/www.webdo.tn\\\/fr\\\/actualite\\\/national\\\/la-tunisie-rejette-les-declarations-du-haut-commissaire-de-l-onu\\\/206841\\\/\",\"name\":\"La Tunisie rejette les d\u00e9clarations du Haut-Commissaire de l\u2019Onu\",\"isPartOf\":{\"@id\":\"https:\\\/\\\/www.webdo.tn\\\/fr\\\/#website\"},\"primaryImageOfPage\":{\"@id\":\"https:\\\/\\\/www.webdo.tn\\\/fr\\\/actualite\\\/national\\\/la-tunisie-rejette-les-declarations-du-haut-commissaire-de-l-onu\\\/206841\\\/#primaryimage\"},\"image\":{\"@id\":\"https:\\\/\\\/www.webdo.tn\\\/fr\\\/actualite\\\/national\\\/la-tunisie-rejette-les-declarations-du-haut-commissaire-de-l-onu\\\/206841\\\/#primaryimage\"},\"thumbnailUrl\":\"https:\\\/\\\/www.webdo.tn\\\/fr\\\/wp-content\\\/uploads\\\/2023\\\/06\\\/d6f53665f9bcc58cebb9ba40f5d21161.jpg\",\"datePublished\":\"2023-06-24T09:49:00+00:00\",\"dateModified\":\"2025-05-20T22:09:26+00:00\",\"description\":\"Le minist\u00e8re des Affaires \u00e9trang\u00e8res a r\u00e9pondu, dans la soir\u00e9e de ce vendredi 23 juin 2033 au communiqu\u00e9 du Haut-Commissaire des Nations Unies aux droits de l\u2019H...\",\"breadcrumb\":{\"@id\":\"https:\\\/\\\/www.webdo.tn\\\/fr\\\/actualite\\\/national\\\/la-tunisie-rejette-les-declarations-du-haut-commissaire-de-l-onu\\\/206841\\\/#breadcrumb\"},\"inLanguage\":\"fr-FR\",\"potentialAction\":[{\"@type\":\"ReadAction\",\"target\":[\"https:\\\/\\\/www.webdo.tn\\\/fr\\\/actualite\\\/national\\\/la-tunisie-rejette-les-declarations-du-haut-commissaire-de-l-onu\\\/206841\\\/\"]}]},{\"@type\":\"ImageObject\",\"inLanguage\":\"fr-FR\",\"@id\":\"https:\\\/\\\/www.webdo.tn\\\/fr\\\/actualite\\\/national\\\/la-tunisie-rejette-les-declarations-du-haut-commissaire-de-l-onu\\\/206841\\\/#primaryimage\",\"url\":\"https:\\\/\\\/www.webdo.tn\\\/fr\\\/wp-content\\\/uploads\\\/2023\\\/06\\\/d6f53665f9bcc58cebb9ba40f5d21161.jpg\",\"contentUrl\":\"https:\\\/\\\/www.webdo.tn\\\/fr\\\/wp-content\\\/uploads\\\/2023\\\/06\\\/d6f53665f9bcc58cebb9ba40f5d21161.jpg\",\"width\":750,\"height\":400,\"caption\":\"La Tunisie rejette les d\u00e9clarations du Haut-Commissaire de l\u2019Onu\"},{\"@type\":\"BreadcrumbList\",\"@id\":\"https:\\\/\\\/www.webdo.tn\\\/fr\\\/actualite\\\/national\\\/la-tunisie-rejette-les-declarations-du-haut-commissaire-de-l-onu\\\/206841\\\/#breadcrumb\",\"itemListElement\":[{\"@type\":\"ListItem\",\"position\":1,\"name\":\"Accueil\",\"item\":\"https:\\\/\\\/www.webdo.tn\\\/fr\\\/\"},{\"@type\":\"ListItem\",\"position\":2,\"name\":\"La Tunisie rejette les d\u00e9clarations du Haut-Commissaire de l\u2019Onu\"}]},{\"@type\":\"WebSite\",\"@id\":\"https:\\\/\\\/www.webdo.tn\\\/fr\\\/#website\",\"url\":\"https:\\\/\\\/www.webdo.tn\\\/fr\\\/\",\"name\":\"webdo\",\"description\":\"Tunisie - News en Tunisie et \u00e0 l&#039;international sur Webdo.tn\",\"publisher\":{\"@id\":\"https:\\\/\\\/www.webdo.tn\\\/fr\\\/#organization\"},\"potentialAction\":[{\"@type\":\"SearchAction\",\"target\":{\"@type\":\"EntryPoint\",\"urlTemplate\":\"https:\\\/\\\/www.webdo.tn\\\/fr\\\/?s={search_term_string}\"},\"query-input\":{\"@type\":\"PropertyValueSpecification\",\"valueRequired\":true,\"valueName\":\"search_term_string\"}}],\"inLanguage\":\"fr-FR\"},{\"@type\":\"Organization\",\"@id\":\"https:\\\/\\\/www.webdo.tn\\\/fr\\\/#organization\",\"name\":\"Webdo\",\"alternateName\":\"Webdo.tn\",\"url\":\"https:\\\/\\\/www.webdo.tn\\\/fr\\\/\",\"logo\":{\"@type\":\"ImageObject\",\"inLanguage\":\"fr-FR\",\"@id\":\"https:\\\/\\\/www.webdo.tn\\\/fr\\\/#\\\/schema\\\/logo\\\/image\\\/\",\"url\":\"https:\\\/\\\/www.webdo.tn\\\/fr\\\/wp-content\\\/uploads\\\/2025\\\/06\\\/Webdo-Tunisie_168377.jpg\",\"contentUrl\":\"https:\\\/\\\/www.webdo.tn\\\/fr\\\/wp-content\\\/uploads\\\/2025\\\/06\\\/Webdo-Tunisie_168377.jpg\",\"width\":301,\"height\":301,\"caption\":\"Webdo\"},\"image\":{\"@id\":\"https:\\\/\\\/www.webdo.tn\\\/fr\\\/#\\\/schema\\\/logo\\\/image\\\/\"},\"sameAs\":[\"https:\\\/\\\/www.facebook.com\\\/webdotn\",\"https:\\\/\\\/x.com\\\/webdo_tn\"],\"description\":\"Webdo est un m\u00e9dia num\u00e9rique tunisien fond\u00e9 en 2010, sp\u00e9cialis\u00e9 dans l\u2019actualit\u00e9 nationale et internationale, l\u2019\u00e9conomie, la soci\u00e9t\u00e9 et les analyses politiques. Le site s\u2019adresse \u00e0 un large public francophone et couvre l\u2019information tunisienne en temps r\u00e9el.\",\"email\":\"redac@webdo.tn\",\"legalName\":\"YNJ SARL\",\"foundingDate\":\"2010-09-06\",\"numberOfEmployees\":{\"@type\":\"QuantitativeValue\",\"minValue\":\"11\",\"maxValue\":\"50\"}},{\"@type\":\"Person\",\"@id\":\"https:\\\/\\\/www.webdo.tn\\\/fr\\\/#\\\/schema\\\/person\\\/2c4929cbf5a809e3bd38617c6ce150f6\",\"name\":\"MC\",\"image\":{\"@type\":\"ImageObject\",\"inLanguage\":\"fr-FR\",\"@id\":\"https:\\\/\\\/secure.gravatar.com\\\/avatar\\\/a545bbb6f84efdd5553dbbc2895e3ca8f1d12c5215e00a041c9670b54aa9b18a?s=96&d=mm&r=g\",\"url\":\"https:\\\/\\\/secure.gravatar.com\\\/avatar\\\/a545bbb6f84efdd5553dbbc2895e3ca8f1d12c5215e00a041c9670b54aa9b18a?s=96&d=mm&r=g\",\"contentUrl\":\"https:\\\/\\\/secure.gravatar.com\\\/avatar\\\/a545bbb6f84efdd5553dbbc2895e3ca8f1d12c5215e00a041c9670b54aa9b18a?s=96&d=mm&r=g\",\"caption\":\"MC\"},\"url\":\"https:\\\/\\\/www.webdo.tn\\\/fr\\\/actualite\\\/author\\\/mc\\\/\"}]}<\/script>\n<!-- \/ Yoast SEO Premium plugin. -->","yoast_head_json":{"title":"La Tunisie rejette les d\u00e9clarations du Haut-Commissaire de l\u2019Onu","description":"Le minist\u00e8re des Affaires \u00e9trang\u00e8res a r\u00e9pondu, dans la soir\u00e9e de ce vendredi 23 juin 2033 au communiqu\u00e9 du Haut-Commissaire des Nations Unies aux droits de l\u2019H...","canonical":"https:\/\/www.webdo.tn\/fr\/actualite\/national\/la-tunisie-rejette-les-declarations-du-haut-commissaire-de-l-onu\/206841\/","og_locale":"fr_FR","og_type":"article","og_title":"La Tunisie rejette les d\u00e9clarations du Haut-Commissaire de l\u2019Onu","og_description":"Le minist\u00e8re des Affaires \u00e9trang\u00e8res a r\u00e9pondu, dans la soir\u00e9e de ce vendredi 23 juin 2033 au communiqu\u00e9 du Haut-Commissaire des Nations Unies aux droits de l\u2019H...","og_url":"https:\/\/www.webdo.tn\/fr\/actualite\/national\/la-tunisie-rejette-les-declarations-du-haut-commissaire-de-l-onu\/206841\/","og_site_name":"webdo","article_publisher":"https:\/\/www.facebook.com\/webdotn","article_published_time":"2023-06-24T09:49:00+00:00","article_modified_time":"2025-05-20T22:09:26+00:00","og_image":[{"width":750,"height":400,"url":"https:\/\/www.webdo.tn\/fr\/wp-content\/uploads\/2023\/06\/d6f53665f9bcc58cebb9ba40f5d21161.jpg","type":"image\/jpeg"}],"author":"MC","twitter_card":"summary_large_image","twitter_creator":"@webdo_tn","twitter_site":"@webdo_tn","twitter_misc":{"\u00c9crit par":"MC","Dur\u00e9e de lecture estim\u00e9e":"2 minutes"},"schema":{"@context":"https:\/\/schema.org","@graph":[{"@type":"NewsArticle","@id":"https:\/\/www.webdo.tn\/fr\/actualite\/national\/la-tunisie-rejette-les-declarations-du-haut-commissaire-de-l-onu\/206841\/#article","isPartOf":{"@id":"https:\/\/www.webdo.tn\/fr\/actualite\/national\/la-tunisie-rejette-les-declarations-du-haut-commissaire-de-l-onu\/206841\/"},"author":{"name":"MC","@id":"https:\/\/www.webdo.tn\/fr\/#\/schema\/person\/2c4929cbf5a809e3bd38617c6ce150f6"},"headline":"La Tunisie rejette les d\u00e9clarations du Haut-Commissaire de l\u2019Onu","datePublished":"2023-06-24T09:49:00+00:00","dateModified":"2025-05-20T22:09:26+00:00","mainEntityOfPage":{"@id":"https:\/\/www.webdo.tn\/fr\/actualite\/national\/la-tunisie-rejette-les-declarations-du-haut-commissaire-de-l-onu\/206841\/"},"wordCount":408,"commentCount":0,"publisher":{"@id":"https:\/\/www.webdo.tn\/fr\/#organization"},"image":{"@id":"https:\/\/www.webdo.tn\/fr\/actualite\/national\/la-tunisie-rejette-les-declarations-du-haut-commissaire-de-l-onu\/206841\/#primaryimage"},"thumbnailUrl":"https:\/\/www.webdo.tn\/fr\/wp-content\/uploads\/2023\/06\/d6f53665f9bcc58cebb9ba40f5d21161.jpg","keywords":["Commissaire des Nations Unies aux droits de l\u2019Homme","ONU"],"articleSection":["National"],"inLanguage":"fr-FR"},{"@type":"WebPage","@id":"https:\/\/www.webdo.tn\/fr\/actualite\/national\/la-tunisie-rejette-les-declarations-du-haut-commissaire-de-l-onu\/206841\/","url":"https:\/\/www.webdo.tn\/fr\/actualite\/national\/la-tunisie-rejette-les-declarations-du-haut-commissaire-de-l-onu\/206841\/","name":"La Tunisie rejette les d\u00e9clarations du Haut-Commissaire de l\u2019Onu","isPartOf":{"@id":"https:\/\/www.webdo.tn\/fr\/#website"},"primaryImageOfPage":{"@id":"https:\/\/www.webdo.tn\/fr\/actualite\/national\/la-tunisie-rejette-les-declarations-du-haut-commissaire-de-l-onu\/206841\/#primaryimage"},"image":{"@id":"https:\/\/www.webdo.tn\/fr\/actualite\/national\/la-tunisie-rejette-les-declarations-du-haut-commissaire-de-l-onu\/206841\/#primaryimage"},"thumbnailUrl":"https:\/\/www.webdo.tn\/fr\/wp-content\/uploads\/2023\/06\/d6f53665f9bcc58cebb9ba40f5d21161.jpg","datePublished":"2023-06-24T09:49:00+00:00","dateModified":"2025-05-20T22:09:26+00:00","description":"Le minist\u00e8re des Affaires \u00e9trang\u00e8res a r\u00e9pondu, dans la soir\u00e9e de ce vendredi 23 juin 2033 au communiqu\u00e9 du Haut-Commissaire des Nations Unies aux droits de l\u2019H...","breadcrumb":{"@id":"https:\/\/www.webdo.tn\/fr\/actualite\/national\/la-tunisie-rejette-les-declarations-du-haut-commissaire-de-l-onu\/206841\/#breadcrumb"},"inLanguage":"fr-FR","potentialAction":[{"@type":"ReadAction","target":["https:\/\/www.webdo.tn\/fr\/actualite\/national\/la-tunisie-rejette-les-declarations-du-haut-commissaire-de-l-onu\/206841\/"]}]},{"@type":"ImageObject","inLanguage":"fr-FR","@id":"https:\/\/www.webdo.tn\/fr\/actualite\/national\/la-tunisie-rejette-les-declarations-du-haut-commissaire-de-l-onu\/206841\/#primaryimage","url":"https:\/\/www.webdo.tn\/fr\/wp-content\/uploads\/2023\/06\/d6f53665f9bcc58cebb9ba40f5d21161.jpg","contentUrl":"https:\/\/www.webdo.tn\/fr\/wp-content\/uploads\/2023\/06\/d6f53665f9bcc58cebb9ba40f5d21161.jpg","width":750,"height":400,"caption":"La Tunisie rejette les d\u00e9clarations du Haut-Commissaire de l\u2019Onu"},{"@type":"BreadcrumbList","@id":"https:\/\/www.webdo.tn\/fr\/actualite\/national\/la-tunisie-rejette-les-declarations-du-haut-commissaire-de-l-onu\/206841\/#breadcrumb","itemListElement":[{"@type":"ListItem","position":1,"name":"Accueil","item":"https:\/\/www.webdo.tn\/fr\/"},{"@type":"ListItem","position":2,"name":"La Tunisie rejette les d\u00e9clarations du Haut-Commissaire de l\u2019Onu"}]},{"@type":"WebSite","@id":"https:\/\/www.webdo.tn\/fr\/#website","url":"https:\/\/www.webdo.tn\/fr\/","name":"webdo","description":"Tunisie - News en Tunisie et \u00e0 l&#039;international sur Webdo.tn","publisher":{"@id":"https:\/\/www.webdo.tn\/fr\/#organization"},"potentialAction":[{"@type":"SearchAction","target":{"@type":"EntryPoint","urlTemplate":"https:\/\/www.webdo.tn\/fr\/?s={search_term_string}"},"query-input":{"@type":"PropertyValueSpecification","valueRequired":true,"valueName":"search_term_string"}}],"inLanguage":"fr-FR"},{"@type":"Organization","@id":"https:\/\/www.webdo.tn\/fr\/#organization","name":"Webdo","alternateName":"Webdo.tn","url":"https:\/\/www.webdo.tn\/fr\/","logo":{"@type":"ImageObject","inLanguage":"fr-FR","@id":"https:\/\/www.webdo.tn\/fr\/#\/schema\/logo\/image\/","url":"https:\/\/www.webdo.tn\/fr\/wp-content\/uploads\/2025\/06\/Webdo-Tunisie_168377.jpg","contentUrl":"https:\/\/www.webdo.tn\/fr\/wp-content\/uploads\/2025\/06\/Webdo-Tunisie_168377.jpg","width":301,"height":301,"caption":"Webdo"},"image":{"@id":"https:\/\/www.webdo.tn\/fr\/#\/schema\/logo\/image\/"},"sameAs":["https:\/\/www.facebook.com\/webdotn","https:\/\/x.com\/webdo_tn"],"description":"Webdo est un m\u00e9dia num\u00e9rique tunisien fond\u00e9 en 2010, sp\u00e9cialis\u00e9 dans l\u2019actualit\u00e9 nationale et internationale, l\u2019\u00e9conomie, la soci\u00e9t\u00e9 et les analyses politiques. Le site s\u2019adresse \u00e0 un large public francophone et couvre l\u2019information tunisienne en temps r\u00e9el.","email":"redac@webdo.tn","legalName":"YNJ SARL","foundingDate":"2010-09-06","numberOfEmployees":{"@type":"QuantitativeValue","minValue":"11","maxValue":"50"}},{"@type":"Person","@id":"https:\/\/www.webdo.tn\/fr\/#\/schema\/person\/2c4929cbf5a809e3bd38617c6ce150f6","name":"MC","image":{"@type":"ImageObject","inLanguage":"fr-FR","@id":"https:\/\/secure.gravatar.com\/avatar\/a545bbb6f84efdd5553dbbc2895e3ca8f1d12c5215e00a041c9670b54aa9b18a?s=96&d=mm&r=g","url":"https:\/\/secure.gravatar.com\/avatar\/a545bbb6f84efdd5553dbbc2895e3ca8f1d12c5215e00a041c9670b54aa9b18a?s=96&d=mm&r=g","contentUrl":"https:\/\/secure.gravatar.com\/avatar\/a545bbb6f84efdd5553dbbc2895e3ca8f1d12c5215e00a041c9670b54aa9b18a?s=96&d=mm&r=g","caption":"MC"},"url":"https:\/\/www.webdo.tn\/fr\/actualite\/author\/mc\/"}]}},"_links":{"self":[{"href":"https:\/\/www.webdo.tn\/fr\/wp-json\/wp\/v2\/posts\/206841","targetHints":{"allow":["GET"]}}],"collection":[{"href":"https:\/\/www.webdo.tn\/fr\/wp-json\/wp\/v2\/posts"}],"about":[{"href":"https:\/\/www.webdo.tn\/fr\/wp-json\/wp\/v2\/types\/post"}],"author":[{"embeddable":true,"href":"https:\/\/www.webdo.tn\/fr\/wp-json\/wp\/v2\/users\/3162"}],"replies":[{"embeddable":true,"href":"https:\/\/www.webdo.tn\/fr\/wp-json\/wp\/v2\/comments?post=206841"}],"version-history":[{"count":0,"href":"https:\/\/www.webdo.tn\/fr\/wp-json\/wp\/v2\/posts\/206841\/revisions"}],"wp:featuredmedia":[{"embeddable":true,"href":"https:\/\/www.webdo.tn\/fr\/wp-json\/wp\/v2\/media\/278384"}],"wp:attachment":[{"href":"https:\/\/www.webdo.tn\/fr\/wp-json\/wp\/v2\/media?parent=206841"}],"wp:term":[{"taxonomy":"category","embeddable":true,"href":"https:\/\/www.webdo.tn\/fr\/wp-json\/wp\/v2\/categories?post=206841"},{"taxonomy":"post_tag","embeddable":true,"href":"https:\/\/www.webdo.tn\/fr\/wp-json\/wp\/v2\/tags?post=206841"}],"curies":[{"name":"wp","href":"https:\/\/api.w.org\/{rel}","templated":true}]}}